{"id":1002,"date":"2012-04-04T14:17:00","date_gmt":"2012-04-04T14:17:00","guid":{"rendered":"http:\/\/pachamamitaecu-org-720647.hostingersite.com\/2012\/04\/04\/nuevamente-la-asamblea-se-niega-a-debatir-sobre-el-bloque-31-dentro-del-yasuni\/"},"modified":"2024-04-13T11:48:52","modified_gmt":"2024-04-13T11:48:52","slug":"nuevamente-la-asamblea-se-niega-a-debatir-sobre-el-bloque-31-dentro-del-yasuni","status":"publish","type":"post","link":"https:\/\/pachamamitaecu.org\/en\/2012\/04\/04\/once-again-the-assembly-refuses-to-debate-block-31-within-the-yasuni\/","title":{"rendered":"Once again the Assembly refuses to debate Block 31 within the Yasun\u00ed."},"content":{"rendered":"<div style=\"clear: both; text-align: center;\"><a href=\"http:\/\/4.bp.blogspot.com\/-xjlY7strLxk\/T3xXRcLSDvI\/AAAAAAAAB4Q\/heuoChSeHzs\/s1600\/mapa_bloques_pozos_yasuni_l.jpg\" style=\"clear: left; float: left; margin-bottom: 1em; margin-right: 1em;\"><img decoding=\"async\" border=\"0\" height=\"628\" data-src=\"http:\/\/4.bp.blogspot.com\/-xjlY7strLxk\/T3xXRcLSDvI\/AAAAAAAAB4Q\/heuoChSeHzs\/s640\/mapa_bloques_pozos_yasuni_l.jpg\" width=\"640\" src=\"data:image\/svg+xml;base64,PHN2ZyB3aWR0aD0iMSIgaGVpZ2h0PSIxIiB4bWxucz0iaHR0cDovL3d3dy53My5vcmcvMjAwMC9zdmciPjwvc3ZnPg==\" class=\"lazyload\" style=\"--smush-placeholder-width: 640px; --smush-placeholder-aspect-ratio: 640\/628;\" \/><\/a><\/div><div style=\"text-align: justify;\"><span style=\"font-family: Times, 'Times New Roman', serif; font-size: large;\">On the morning of Tuesday, April 3, during the Plenary Session of the National Assembly, an attempt was made again to include in the agenda a proposal to strengthen the Yasun\u00ed-ITT Initiative and the inclusion of Block 31 (which is located in the heart of the Yasun\u00ed National Park, right next to the ITT block).<\/span><\/div><span style=\"font-family: Times, 'Times New Roman', serif; font-size: large;\"><\/span><br \/><div style=\"text-align: justify;\"><span style=\"font-family: Times, 'Times New Roman', serif; font-size: large;\"><br \/><\/span><\/div><span style=\"font-family: Times, 'Times New Roman', serif; font-size: large;\"><\/span><br \/><div style=\"text-align: justify;\"><span style=\"font-family: Times, 'Times New Roman', serif; font-size: large;\">This is the second time this year that an attempt has been made to place the debate within the Assembly, and it is the second time that the assembly members have refused to debate the issue. The first attempt was a month ago (on February 2) with a result of 59 votes in favor, 2 blank votes and 39 abstentions; 63 were needed to include the proposal in the discussion (find out who the assembly members who refused to debate this issue are). <a href=\"https:\/\/docs.google.com\/file\/d\/0B5aLN9sPC20PNTkyNTA5ZWQtMDRiNi00NDU3LTlmNDItY2I5Yjc2MjRlOGFh\/edit?hl=en_US&amp;pli=1\">from here<\/a>).<\/span><\/div><span style=\"font-family: Times, 'Times New Roman', serif; font-size: large;\"><div style=\"text-align: justify;\"><br \/><\/div><div style=\"text-align: justify;\">This time, the proposal was again presented, but the vote did not allow the issue to be discussed; 44 assembly members abstained on this occasion and 4 voted against. Therefore, the proposal did not go to the plenary session of the Assembly. The 4 votes against were from: Blanca Ort\u00edz, Beti Carrillo, Beethoven Chica, and Rolando Panchana* (President of the Biodiversity Commission), all (like the majority of abstentions) were from assembly members of the ruling PAIS party bloc. This vote, like the last time, has been described by environmental groups as a &quot;tremendous incongruity&quot; between the official discourse and the concrete actions.<\/div><div style=\"text-align: justify;\"><br \/><\/div><div style=\"text-align: justify;\">According to Assemblywoman Romo (who presented the proposal to her fellow Assembly members), the issue of oil exploitation in Block 31 should be considered and approved by the Assembly. To do so, she relies on Article 407 of the Constitution, which &quot;prohibits the extraction of non-renewable resources in protected areas and in zones declared as intangible, including forestry exploitation. Exceptionally, said resources may be exploited at the reasoned request of the Presidency of the Republic and after a declaration of national interest by the National Assembly, which, if it deems it appropriate, may call for a popular consultation.&quot;&nbsp;<\/div><div style=\"text-align: justify;\"><br \/><\/div><div style=\"text-align: justify;\">After the initial denial by the assembly, President Cordero responded that they would ask the Minister of Non-Renewable Natural Resources and the Minister of the Environment for the necessary information on the location of Block 31 before making a decision.&nbsp;<\/div><div style=\"text-align: justify;\"><br \/><\/div><div style=\"text-align: justify;\">As a result, the Amazon Campaign for Life delivered maps showing the location of the aforementioned block.&nbsp;<\/div><div style=\"text-align: justify;\"><br \/><\/div><div style=\"text-align: justify;\">Why does the Assembly not want to discuss a resolution to strengthen the Yasun\u00ed-ITT Initiative (considered the most important environmental initiative and event of recent years)? (see statistical table of surveys)&nbsp;<\/div><\/span><br \/><div style=\"clear: both; text-align: center;\"><a href=\"http:\/\/1.bp.blogspot.com\/-vd5dhviO6go\/T3xVTHhJgdI\/AAAAAAAAB4I\/l_eGyvJolJE\/s1600\/Encuesta-Perfiles-de-Opinion-21-23-enero-2012_Pagina_2.png\" style=\"margin-left: 1em; margin-right: 1em;\"><img decoding=\"async\" border=\"0\" height=\"640\" data-src=\"http:\/\/1.bp.blogspot.com\/-vd5dhviO6go\/T3xVTHhJgdI\/AAAAAAAAB4I\/l_eGyvJolJE\/s640\/Encuesta-Perfiles-de-Opinion-21-23-enero-2012_Pagina_2.png\" width=\"580\" src=\"data:image\/svg+xml;base64,PHN2ZyB3aWR0aD0iMSIgaGVpZ2h0PSIxIiB4bWxucz0iaHR0cDovL3d3dy53My5vcmcvMjAwMC9zdmciPjwvc3ZnPg==\" class=\"lazyload\" style=\"--smush-placeholder-width: 580px; --smush-placeholder-aspect-ratio: 580\/640;\" \/><\/a><\/div><span style=\"font-family: Times, 'Times New Roman', serif; font-size: large;\"><\/span><br \/><div style=\"text-align: justify;\"><span style=\"font-family: Times, 'Times New Roman', serif; font-size: large;\">Why do the PAIS (governing party) assembly members refuse to assume their obligation to debate the future of Block 31, which is to debate the future of the Yasun\u00ed-ITT Initiative and the Yasun\u00ed National Park itself?<\/span><\/div><span style=\"font-family: Times, 'Times New Roman', serif; font-size: large;\"><\/span><br \/><div style=\"text-align: justify;\"><span style=\"font-family: Times, 'Times New Roman', serif; font-size: large;\"><br \/><\/span><\/div><span style=\"font-family: Times, 'Times New Roman', serif; font-size: large;\"><div style=\"text-align: justify;\">Why do they continue to claim that this is a priority project for the government and pass up opportunities like these to demonstrate consistency with their discourse?<\/div><div style=\"text-align: justify;\"><br \/><\/div><div style=\"text-align: justify;\">We demand clear and immediate answers regarding their actions.<\/div><\/span><div class=\"pvc_clear\"><\/div><p id=\"pvc_stats_1002\" class=\"pvc_stats total_only\" data-element-id=\"1002\" style=\"\"><i class=\"pvc-stats-icon medium\" aria-hidden=\"true\"><svg aria-hidden=\"true\" focusable=\"false\" data-prefix=\"far\" data-icon=\"chart-bar\" role=\"img\" xmlns=\"http:\/\/www.w3.org\/2000\/svg\" viewbox=\"0 0 512 512\" class=\"svg-inline--fa fa-chart-bar fa-w-16 fa-2x\"><path fill=\"currentColor\" d=\"M396.8 352h22.4c6.4 0 12.8-6.4 12.8-12.8V108.8c0-6.4-6.4-12.8-12.8-12.8h-22.4c-6.4 0-12.8 6.4-12.8 12.8v230.4c0 6.4 6.4 12.8 12.8 12.8zm-192 0h22.4c6.4 0 12.8-6.4 12.8-12.8V140.8c0-6.4-6.4-12.8-12.8-12.8h-22.4c-6.4 0-12.8 6.4-12.8 12.8v198.4c0 6.4 6.4 12.8 12.8 12.8zm96 0h22.4c6.4 0 12.8-6.4 12.8-12.8V204.8c0-6.4-6.4-12.8-12.8-12.8h-22.4c-6.4 0-12.8 6.4-12.8 12.8v134.4c0 6.4 6.4 12.8 12.8 12.8zM496 400H48V80c0-8.84-7.16-16-16-16H16C7.16 64 0 71.16 0 80v336c0 17.67 14.33 32 32 32h464c8.84 0 16-7.16 16-16v-16c0-8.84-7.16-16-16-16zm-387.2-48h22.4c6.4 0 12.8-6.4 12.8-12.8v-70.4c0-6.4-6.4-12.8-12.8-12.8h-22.4c-6.4 0-12.8 6.4-12.8 12.8v70.4c0 6.4 6.4 12.8 12.8 12.8z\" class=\"\"><\/path><\/svg><\/i> <img decoding=\"async\" width=\"16\" height=\"16\" alt=\"Loading\" data-src=\"https:\/\/pachamamitaecu.org\/wp-content\/plugins\/page-views-count\/ajax-loader-2x.gif\" border=\"0\" src=\"data:image\/svg+xml;base64,PHN2ZyB3aWR0aD0iMSIgaGVpZ2h0PSIxIiB4bWxucz0iaHR0cDovL3d3dy53My5vcmcvMjAwMC9zdmciPjwvc3ZnPg==\" class=\"lazyload\" style=\"--smush-placeholder-width: 16px; --smush-placeholder-aspect-ratio: 16\/16;\" \/><\/p><div class=\"pvc_clear\"><\/div>","protected":false},"excerpt":{"rendered":"<p>La ma\u00f1ana del pasado martes 3 de abril, durante la Sesi\u00f3n del Pleno de la Asamblea Nacional, se intent\u00f3 nuevamente incluir en la agenda una propuesta de fortalecimiento a la Iniciativa Yasun\u00ed-ITT y de la inclusi\u00f3n del bloque 31 (que se encuentra en el coraz\u00f3n del Parque Nacional Yasun\u00ed, justo a un lado del bloque [&#8230;]\n","protected":false},"author":3,"featured_media":0,"comment_status":"closed","ping_status":"closed","sticky":false,"template":"","format":"standard","meta":{"footnotes":""},"categories":[344,348,188,264,187,206],"tags":[],"class_list":["post-1002","post","type-post","status-publish","format-standard","hentry","category-bloque-31","category-itt","category-madera-petroleo-y-resistencia","category-noticias","category-ronda-petrolera","category-yasuni"],"a3_pvc":{"activated":true,"total_views":77,"today_views":0},"yoast_head":"<!-- This site is optimized with the Yoast SEO Premium plugin v24.2 (Yoast SEO v27.4) - https:\/\/yoast.com\/product\/yoast-seo-premium-wordpress\/ -->\n<title>Nuevamente la Asamblea se niega a debatir sobre el bloque 31 dentro del Yasun\u00ed. - PachaMamita Ecuador<\/title>\n<meta name=\"robots\" content=\"index, follow, max-snippet:-1, max-image-preview:large, max-video-preview:-1\" \/>\n<link rel=\"canonical\" href=\"https:\/\/pachamamitaecu.org\/en\/2012\/04\/04\/once-again-the-assembly-refuses-to-debate-block-31-within-the-yasuni\/\" \/>\n<meta property=\"og:locale\" content=\"en_US\" \/>\n<meta property=\"og:type\" content=\"article\" \/>\n<meta property=\"og:title\" content=\"Nuevamente la Asamblea se niega a debatir sobre el bloque 31 dentro del Yasun\u00ed.\" \/>\n<meta property=\"og:description\" content=\"La ma\u00f1ana del pasado martes 3 de abril, durante la Sesi\u00f3n del Pleno de la Asamblea Nacional, se intent\u00f3 nuevamente incluir en la agenda una propuesta de fortalecimiento a la Iniciativa Yasun\u00ed-ITT y de la inclusi\u00f3n del bloque 31 (que se encuentra en el coraz\u00f3n del Parque Nacional Yasun\u00ed, justo a un lado del bloque [...]\" \/>\n<meta property=\"og:url\" content=\"https:\/\/pachamamitaecu.org\/en\/2012\/04\/04\/once-again-the-assembly-refuses-to-debate-block-31-within-the-yasuni\/\" \/>\n<meta property=\"og:site_name\" content=\"PachaMamita Ecuador\" \/>\n<meta property=\"article:publisher\" content=\"https:\/\/www.facebook.com\/pachamamitaecu\" \/>\n<meta property=\"article:published_time\" content=\"2012-04-04T14:17:00+00:00\" \/>\n<meta property=\"article:modified_time\" content=\"2024-04-13T11:48:52+00:00\" \/>\n<meta property=\"og:image\" content=\"http:\/\/4.bp.blogspot.com\/-xjlY7strLxk\/T3xXRcLSDvI\/AAAAAAAAB4Q\/heuoChSeHzs\/s640\/mapa_bloques_pozos_yasuni_l.jpg\" \/>\n<meta name=\"author\" content=\"PachaMamita EC\" \/>\n<meta name=\"twitter:card\" content=\"summary_large_image\" \/>\n<meta name=\"twitter:label1\" content=\"Written by\" \/>\n\t<meta name=\"twitter:data1\" content=\"PachaMamita EC\" \/>\n\t<meta name=\"twitter:label2\" content=\"Est. reading time\" \/>\n\t<meta name=\"twitter:data2\" content=\"3 minutes\" \/>\n<script type=\"application\/ld+json\" class=\"yoast-schema-graph\">{\"@context\":\"https:\\\/\\\/schema.org\",\"@graph\":[{\"@type\":\"Article\",\"@id\":\"https:\\\/\\\/pachamamitaecu.org\\\/es_es\\\/2012\\\/04\\\/04\\\/nuevamente-la-asamblea-se-niega-a-debatir-sobre-el-bloque-31-dentro-del-yasuni\\\/#article\",\"isPartOf\":{\"@id\":\"https:\\\/\\\/pachamamitaecu.org\\\/es_es\\\/2012\\\/04\\\/04\\\/nuevamente-la-asamblea-se-niega-a-debatir-sobre-el-bloque-31-dentro-del-yasuni\\\/\"},\"author\":{\"name\":\"PachaMamita EC\",\"@id\":\"https:\\\/\\\/pachamamitaecu.org\\\/es_es\\\/#\\\/schema\\\/person\\\/e8b42afae2451fadab5e0295f02c4593\"},\"headline\":\"Nuevamente la Asamblea se niega a debatir sobre el bloque 31 dentro del Yasun\u00ed.\",\"datePublished\":\"2012-04-04T14:17:00+00:00\",\"dateModified\":\"2024-04-13T11:48:52+00:00\",\"mainEntityOfPage\":{\"@id\":\"https:\\\/\\\/pachamamitaecu.org\\\/es_es\\\/2012\\\/04\\\/04\\\/nuevamente-la-asamblea-se-niega-a-debatir-sobre-el-bloque-31-dentro-del-yasuni\\\/\"},\"wordCount\":568,\"publisher\":{\"@id\":\"https:\\\/\\\/pachamamitaecu.org\\\/es_es\\\/#organization\"},\"image\":{\"@id\":\"https:\\\/\\\/pachamamitaecu.org\\\/es_es\\\/2012\\\/04\\\/04\\\/nuevamente-la-asamblea-se-niega-a-debatir-sobre-el-bloque-31-dentro-del-yasuni\\\/#primaryimage\"},\"thumbnailUrl\":\"http:\\\/\\\/4.bp.blogspot.com\\\/-xjlY7strLxk\\\/T3xXRcLSDvI\\\/AAAAAAAAB4Q\\\/heuoChSeHzs\\\/s640\\\/mapa_bloques_pozos_yasuni_l.jpg\",\"articleSection\":[\"bloque 31\",\"itt\",\"MADERA PETROLEO Y RESISTENCIA\",\"noticias\",\"ronda petrolera\",\"yasuni\"],\"inLanguage\":\"en-US\"},{\"@type\":\"WebPage\",\"@id\":\"https:\\\/\\\/pachamamitaecu.org\\\/es_es\\\/2012\\\/04\\\/04\\\/nuevamente-la-asamblea-se-niega-a-debatir-sobre-el-bloque-31-dentro-del-yasuni\\\/\",\"url\":\"https:\\\/\\\/pachamamitaecu.org\\\/es_es\\\/2012\\\/04\\\/04\\\/nuevamente-la-asamblea-se-niega-a-debatir-sobre-el-bloque-31-dentro-del-yasuni\\\/\",\"name\":\"Nuevamente la Asamblea se niega a debatir sobre el bloque 31 dentro del Yasun\u00ed. - PachaMamita Ecuador\",\"isPartOf\":{\"@id\":\"https:\\\/\\\/pachamamitaecu.org\\\/es_es\\\/#website\"},\"primaryImageOfPage\":{\"@id\":\"https:\\\/\\\/pachamamitaecu.org\\\/es_es\\\/2012\\\/04\\\/04\\\/nuevamente-la-asamblea-se-niega-a-debatir-sobre-el-bloque-31-dentro-del-yasuni\\\/#primaryimage\"},\"image\":{\"@id\":\"https:\\\/\\\/pachamamitaecu.org\\\/es_es\\\/2012\\\/04\\\/04\\\/nuevamente-la-asamblea-se-niega-a-debatir-sobre-el-bloque-31-dentro-del-yasuni\\\/#primaryimage\"},\"thumbnailUrl\":\"http:\\\/\\\/4.bp.blogspot.com\\\/-xjlY7strLxk\\\/T3xXRcLSDvI\\\/AAAAAAAAB4Q\\\/heuoChSeHzs\\\/s640\\\/mapa_bloques_pozos_yasuni_l.jpg\",\"datePublished\":\"2012-04-04T14:17:00+00:00\",\"dateModified\":\"2024-04-13T11:48:52+00:00\",\"breadcrumb\":{\"@id\":\"https:\\\/\\\/pachamamitaecu.org\\\/es_es\\\/2012\\\/04\\\/04\\\/nuevamente-la-asamblea-se-niega-a-debatir-sobre-el-bloque-31-dentro-del-yasuni\\\/#breadcrumb\"},\"inLanguage\":\"en-US\",\"potentialAction\":[{\"@type\":\"ReadAction\",\"target\":[\"https:\\\/\\\/pachamamitaecu.org\\\/es_es\\\/2012\\\/04\\\/04\\\/nuevamente-la-asamblea-se-niega-a-debatir-sobre-el-bloque-31-dentro-del-yasuni\\\/\"]}]},{\"@type\":\"ImageObject\",\"inLanguage\":\"en-US\",\"@id\":\"https:\\\/\\\/pachamamitaecu.org\\\/es_es\\\/2012\\\/04\\\/04\\\/nuevamente-la-asamblea-se-niega-a-debatir-sobre-el-bloque-31-dentro-del-yasuni\\\/#primaryimage\",\"url\":\"http:\\\/\\\/4.bp.blogspot.com\\\/-xjlY7strLxk\\\/T3xXRcLSDvI\\\/AAAAAAAAB4Q\\\/heuoChSeHzs\\\/s640\\\/mapa_bloques_pozos_yasuni_l.jpg\",\"contentUrl\":\"http:\\\/\\\/4.bp.blogspot.com\\\/-xjlY7strLxk\\\/T3xXRcLSDvI\\\/AAAAAAAAB4Q\\\/heuoChSeHzs\\\/s640\\\/mapa_bloques_pozos_yasuni_l.jpg\"},{\"@type\":\"BreadcrumbList\",\"@id\":\"https:\\\/\\\/pachamamitaecu.org\\\/es_es\\\/2012\\\/04\\\/04\\\/nuevamente-la-asamblea-se-niega-a-debatir-sobre-el-bloque-31-dentro-del-yasuni\\\/#breadcrumb\",\"itemListElement\":[{\"@type\":\"ListItem\",\"position\":1,\"name\":\"Portada\",\"item\":\"https:\\\/\\\/pachamamitaecu.org\\\/es_es\\\/\"},{\"@type\":\"ListItem\",\"position\":2,\"name\":\"Nuevamente la Asamblea se niega a debatir sobre el bloque 31 dentro del Yasun\u00ed.\"}]},{\"@type\":\"WebSite\",\"@id\":\"https:\\\/\\\/pachamamitaecu.org\\\/es_es\\\/#website\",\"url\":\"https:\\\/\\\/pachamamitaecu.org\\\/es_es\\\/\",\"name\":\"PachaMamita Ecuador\",\"description\":\"CULTURA. AGROECOLOG\u00cdA. TURISMO Y CONSUMO RESPONSABLE-ECUADOR.\",\"publisher\":{\"@id\":\"https:\\\/\\\/pachamamitaecu.org\\\/es_es\\\/#organization\"},\"potentialAction\":[{\"@type\":\"SearchAction\",\"target\":{\"@type\":\"EntryPoint\",\"urlTemplate\":\"https:\\\/\\\/pachamamitaecu.org\\\/es_es\\\/?s={search_term_string}\"},\"query-input\":{\"@type\":\"PropertyValueSpecification\",\"valueRequired\":true,\"valueName\":\"search_term_string\"}}],\"inLanguage\":\"en-US\"},{\"@type\":\"Organization\",\"@id\":\"https:\\\/\\\/pachamamitaecu.org\\\/es_es\\\/#organization\",\"name\":\"PachaMamita Ecuador\",\"url\":\"https:\\\/\\\/pachamamitaecu.org\\\/es_es\\\/\",\"logo\":{\"@type\":\"ImageObject\",\"inLanguage\":\"en-US\",\"@id\":\"https:\\\/\\\/pachamamitaecu.org\\\/es_es\\\/#\\\/schema\\\/logo\\\/image\\\/\",\"url\":\"https:\\\/\\\/pachamamitaecu.org\\\/wp-content\\\/uploads\\\/2024\\\/04\\\/cropped-Diseno-sin-titulo-13.png\",\"contentUrl\":\"https:\\\/\\\/pachamamitaecu.org\\\/wp-content\\\/uploads\\\/2024\\\/04\\\/cropped-Diseno-sin-titulo-13.png\",\"width\":512,\"height\":512,\"caption\":\"PachaMamita Ecuador\"},\"image\":{\"@id\":\"https:\\\/\\\/pachamamitaecu.org\\\/es_es\\\/#\\\/schema\\\/logo\\\/image\\\/\"},\"sameAs\":[\"https:\\\/\\\/www.facebook.com\\\/pachamamitaecu\"]},{\"@type\":\"Person\",\"@id\":\"https:\\\/\\\/pachamamitaecu.org\\\/es_es\\\/#\\\/schema\\\/person\\\/e8b42afae2451fadab5e0295f02c4593\",\"name\":\"PachaMamita EC\",\"image\":{\"@type\":\"ImageObject\",\"inLanguage\":\"en-US\",\"@id\":\"https:\\\/\\\/pachamamitaecu.org\\\/wp-content\\\/litespeed\\\/avatar\\\/23494c9101089ad44ae88ce9d2f56aac.jpg?ver=1777350952\",\"url\":\"https:\\\/\\\/pachamamitaecu.org\\\/wp-content\\\/litespeed\\\/avatar\\\/23494c9101089ad44ae88ce9d2f56aac.jpg?ver=1777350952\",\"contentUrl\":\"https:\\\/\\\/pachamamitaecu.org\\\/wp-content\\\/litespeed\\\/avatar\\\/23494c9101089ad44ae88ce9d2f56aac.jpg?ver=1777350952\",\"caption\":\"PachaMamita EC\"},\"url\":\"https:\\\/\\\/pachamamitaecu.org\\\/en\\\/author\\\/pachamamita-ec\\\/\"}]}<\/script>\n<!-- \/ Yoast SEO Premium plugin. -->","yoast_head_json":{"title":"Once again the Assembly refuses to debate block 31 within the Yasun\u00ed. - PachaMamita Ecuador","robots":{"index":"index","follow":"follow","max-snippet":"max-snippet:-1","max-image-preview":"max-image-preview:large","max-video-preview":"max-video-preview:-1"},"canonical":"https:\/\/pachamamitaecu.org\/en\/2012\/04\/04\/once-again-the-assembly-refuses-to-debate-block-31-within-the-yasuni\/","og_locale":"en_US","og_type":"article","og_title":"Nuevamente la Asamblea se niega a debatir sobre el bloque 31 dentro del Yasun\u00ed.","og_description":"La ma\u00f1ana del pasado martes 3 de abril, durante la Sesi\u00f3n del Pleno de la Asamblea Nacional, se intent\u00f3 nuevamente incluir en la agenda una propuesta de fortalecimiento a la Iniciativa Yasun\u00ed-ITT y de la inclusi\u00f3n del bloque 31 (que se encuentra en el coraz\u00f3n del Parque Nacional Yasun\u00ed, justo a un lado del bloque [...]","og_url":"https:\/\/pachamamitaecu.org\/en\/2012\/04\/04\/once-again-the-assembly-refuses-to-debate-block-31-within-the-yasuni\/","og_site_name":"PachaMamita Ecuador","article_publisher":"https:\/\/www.facebook.com\/pachamamitaecu","article_published_time":"2012-04-04T14:17:00+00:00","article_modified_time":"2024-04-13T11:48:52+00:00","og_image":[{"url":"http:\/\/4.bp.blogspot.com\/-xjlY7strLxk\/T3xXRcLSDvI\/AAAAAAAAB4Q\/heuoChSeHzs\/s640\/mapa_bloques_pozos_yasuni_l.jpg","type":"","width":"","height":""}],"author":"PachaMamita EC","twitter_card":"summary_large_image","twitter_misc":{"Written by":"PachaMamita EC","Est. reading time":"3 minutes"},"schema":{"@context":"https:\/\/schema.org","@graph":[{"@type":"Article","@id":"https:\/\/pachamamitaecu.org\/es_es\/2012\/04\/04\/nuevamente-la-asamblea-se-niega-a-debatir-sobre-el-bloque-31-dentro-del-yasuni\/#article","isPartOf":{"@id":"https:\/\/pachamamitaecu.org\/es_es\/2012\/04\/04\/nuevamente-la-asamblea-se-niega-a-debatir-sobre-el-bloque-31-dentro-del-yasuni\/"},"author":{"name":"PachaMamita EC","@id":"https:\/\/pachamamitaecu.org\/es_es\/#\/schema\/person\/e8b42afae2451fadab5e0295f02c4593"},"headline":"Nuevamente la Asamblea se niega a debatir sobre el bloque 31 dentro del Yasun\u00ed.","datePublished":"2012-04-04T14:17:00+00:00","dateModified":"2024-04-13T11:48:52+00:00","mainEntityOfPage":{"@id":"https:\/\/pachamamitaecu.org\/es_es\/2012\/04\/04\/nuevamente-la-asamblea-se-niega-a-debatir-sobre-el-bloque-31-dentro-del-yasuni\/"},"wordCount":568,"publisher":{"@id":"https:\/\/pachamamitaecu.org\/es_es\/#organization"},"image":{"@id":"https:\/\/pachamamitaecu.org\/es_es\/2012\/04\/04\/nuevamente-la-asamblea-se-niega-a-debatir-sobre-el-bloque-31-dentro-del-yasuni\/#primaryimage"},"thumbnailUrl":"http:\/\/4.bp.blogspot.com\/-xjlY7strLxk\/T3xXRcLSDvI\/AAAAAAAAB4Q\/heuoChSeHzs\/s640\/mapa_bloques_pozos_yasuni_l.jpg","articleSection":["bloque 31","itt","MADERA PETROLEO Y RESISTENCIA","noticias","ronda petrolera","yasuni"],"inLanguage":"en-US"},{"@type":"WebPage","@id":"https:\/\/pachamamitaecu.org\/es_es\/2012\/04\/04\/nuevamente-la-asamblea-se-niega-a-debatir-sobre-el-bloque-31-dentro-del-yasuni\/","url":"https:\/\/pachamamitaecu.org\/es_es\/2012\/04\/04\/nuevamente-la-asamblea-se-niega-a-debatir-sobre-el-bloque-31-dentro-del-yasuni\/","name":"Once again the Assembly refuses to debate block 31 within the Yasun\u00ed. - PachaMamita Ecuador","isPartOf":{"@id":"https:\/\/pachamamitaecu.org\/es_es\/#website"},"primaryImageOfPage":{"@id":"https:\/\/pachamamitaecu.org\/es_es\/2012\/04\/04\/nuevamente-la-asamblea-se-niega-a-debatir-sobre-el-bloque-31-dentro-del-yasuni\/#primaryimage"},"image":{"@id":"https:\/\/pachamamitaecu.org\/es_es\/2012\/04\/04\/nuevamente-la-asamblea-se-niega-a-debatir-sobre-el-bloque-31-dentro-del-yasuni\/#primaryimage"},"thumbnailUrl":"http:\/\/4.bp.blogspot.com\/-xjlY7strLxk\/T3xXRcLSDvI\/AAAAAAAAB4Q\/heuoChSeHzs\/s640\/mapa_bloques_pozos_yasuni_l.jpg","datePublished":"2012-04-04T14:17:00+00:00","dateModified":"2024-04-13T11:48:52+00:00","breadcrumb":{"@id":"https:\/\/pachamamitaecu.org\/es_es\/2012\/04\/04\/nuevamente-la-asamblea-se-niega-a-debatir-sobre-el-bloque-31-dentro-del-yasuni\/#breadcrumb"},"inLanguage":"en-US","potentialAction":[{"@type":"ReadAction","target":["https:\/\/pachamamitaecu.org\/es_es\/2012\/04\/04\/nuevamente-la-asamblea-se-niega-a-debatir-sobre-el-bloque-31-dentro-del-yasuni\/"]}]},{"@type":"ImageObject","inLanguage":"en-US","@id":"https:\/\/pachamamitaecu.org\/es_es\/2012\/04\/04\/nuevamente-la-asamblea-se-niega-a-debatir-sobre-el-bloque-31-dentro-del-yasuni\/#primaryimage","url":"http:\/\/4.bp.blogspot.com\/-xjlY7strLxk\/T3xXRcLSDvI\/AAAAAAAAB4Q\/heuoChSeHzs\/s640\/mapa_bloques_pozos_yasuni_l.jpg","contentUrl":"http:\/\/4.bp.blogspot.com\/-xjlY7strLxk\/T3xXRcLSDvI\/AAAAAAAAB4Q\/heuoChSeHzs\/s640\/mapa_bloques_pozos_yasuni_l.jpg"},{"@type":"BreadcrumbList","@id":"https:\/\/pachamamitaecu.org\/es_es\/2012\/04\/04\/nuevamente-la-asamblea-se-niega-a-debatir-sobre-el-bloque-31-dentro-del-yasuni\/#breadcrumb","itemListElement":[{"@type":"ListItem","position":1,"name":"Portada","item":"https:\/\/pachamamitaecu.org\/es_es\/"},{"@type":"ListItem","position":2,"name":"Nuevamente la Asamblea se niega a debatir sobre el bloque 31 dentro del Yasun\u00ed."}]},{"@type":"WebSite","@id":"https:\/\/pachamamitaecu.org\/es_es\/#website","url":"https:\/\/pachamamitaecu.org\/es_es\/","name":"PachaMamita Ecuador","description":"CULTURE. AGROECOLOGY. TOURISM AND RESPONSIBLE CONSUMPTION-ECUADOR.","publisher":{"@id":"https:\/\/pachamamitaecu.org\/es_es\/#organization"},"potentialAction":[{"@type":"SearchAction","target":{"@type":"EntryPoint","urlTemplate":"https:\/\/pachamamitaecu.org\/es_es\/?s={search_term_string}"},"query-input":{"@type":"PropertyValueSpecification","valueRequired":true,"valueName":"search_term_string"}}],"inLanguage":"en-US"},{"@type":"Organization","@id":"https:\/\/pachamamitaecu.org\/es_es\/#organization","name":"PachaMamita Ecuador","url":"https:\/\/pachamamitaecu.org\/es_es\/","logo":{"@type":"ImageObject","inLanguage":"en-US","@id":"https:\/\/pachamamitaecu.org\/es_es\/#\/schema\/logo\/image\/","url":"https:\/\/pachamamitaecu.org\/wp-content\/uploads\/2024\/04\/cropped-Diseno-sin-titulo-13.png","contentUrl":"https:\/\/pachamamitaecu.org\/wp-content\/uploads\/2024\/04\/cropped-Diseno-sin-titulo-13.png","width":512,"height":512,"caption":"PachaMamita Ecuador"},"image":{"@id":"https:\/\/pachamamitaecu.org\/es_es\/#\/schema\/logo\/image\/"},"sameAs":["https:\/\/www.facebook.com\/pachamamitaecu"]},{"@type":"Person","@id":"https:\/\/pachamamitaecu.org\/es_es\/#\/schema\/person\/e8b42afae2451fadab5e0295f02c4593","name":"PachaMamita EC","image":{"@type":"ImageObject","inLanguage":"en-US","@id":"https:\/\/pachamamitaecu.org\/wp-content\/litespeed\/avatar\/23494c9101089ad44ae88ce9d2f56aac.jpg?ver=1777350952","url":"https:\/\/pachamamitaecu.org\/wp-content\/litespeed\/avatar\/23494c9101089ad44ae88ce9d2f56aac.jpg?ver=1777350952","contentUrl":"https:\/\/pachamamitaecu.org\/wp-content\/litespeed\/avatar\/23494c9101089ad44ae88ce9d2f56aac.jpg?ver=1777350952","caption":"PachaMamita EC"},"url":"https:\/\/pachamamitaecu.org\/en\/author\/pachamamita-ec\/"}]}},"_links":{"self":[{"href":"https:\/\/pachamamitaecu.org\/en\/wp-json\/wp\/v2\/posts\/1002","targetHints":{"allow":["GET"]}}],"collection":[{"href":"https:\/\/pachamamitaecu.org\/en\/wp-json\/wp\/v2\/posts"}],"about":[{"href":"https:\/\/pachamamitaecu.org\/en\/wp-json\/wp\/v2\/types\/post"}],"author":[{"embeddable":true,"href":"https:\/\/pachamamitaecu.org\/en\/wp-json\/wp\/v2\/users\/3"}],"replies":[{"embeddable":true,"href":"https:\/\/pachamamitaecu.org\/en\/wp-json\/wp\/v2\/comments?post=1002"}],"version-history":[{"count":0,"href":"https:\/\/pachamamitaecu.org\/en\/wp-json\/wp\/v2\/posts\/1002\/revisions"}],"wp:attachment":[{"href":"https:\/\/pachamamitaecu.org\/en\/wp-json\/wp\/v2\/media?parent=1002"}],"wp:term":[{"taxonomy":"category","embeddable":true,"href":"https:\/\/pachamamitaecu.org\/en\/wp-json\/wp\/v2\/categories?post=1002"},{"taxonomy":"post_tag","embeddable":true,"href":"https:\/\/pachamamitaecu.org\/en\/wp-json\/wp\/v2\/tags?post=1002"}],"curies":[{"name":"wp","href":"https:\/\/api.w.org\/{rel}","templated":true}]}}