{"id":1046,"date":"2012-02-01T16:07:00","date_gmt":"2012-02-01T16:07:00","guid":{"rendered":"http:\/\/pachamamitaecu-org-720647.hostingersite.com\/2012\/02\/01\/cumbre-latinoamericana-de-reciclaje\/"},"modified":"2024-02-29T00:49:56","modified_gmt":"2024-02-29T00:49:56","slug":"cumbre-latinoamericana-de-reciclaje","status":"publish","type":"post","link":"https:\/\/pachamamitaecu.org\/en\/2012\/02\/01\/latin-american-recycling-summit\/","title":{"rendered":"Latin American Recycling Summit"},"content":{"rendered":"<div style=\"clear: both; text-align: center;\"><a href=\"http:\/\/3.bp.blogspot.com\/-Fa4IcusnnFc\/Tyli2Etv4oI\/AAAAAAAABwA\/p3vYO908w4Q\/s1600\/recicladores1.jpg\" style=\"clear: left; float: left; margin-bottom: 1em; margin-right: 1em;\"><img decoding=\"async\" border=\"0\" height=\"212\" data-src=\"http:\/\/3.bp.blogspot.com\/-Fa4IcusnnFc\/Tyli2Etv4oI\/AAAAAAAABwA\/p3vYO908w4Q\/s320\/recicladores1.jpg\" width=\"320\" src=\"data:image\/svg+xml;base64,PHN2ZyB3aWR0aD0iMSIgaGVpZ2h0PSIxIiB4bWxucz0iaHR0cDovL3d3dy53My5vcmcvMjAwMC9zdmciPjwvc3ZnPg==\" class=\"lazyload\" style=\"--smush-placeholder-width: 320px; --smush-placeholder-aspect-ratio: 320\/212;\" \/><\/a><\/div>\n<p><span style=\"font-family: Georgia, 'Times New Roman', serif;\"><\/p>\n<div><span style=\"font-family: Georgia, 'Times New Roman', serif;\">PAST EVENT: This event took place in February 2012. For more information on the LATIN AMERICAN RECYCLER NETWORK, please follow the links below:<\/span><\/div>\n<div><span style=\"font-family: Georgia, 'Times New Roman', serif;\"><br \/><\/span><\/div>\n<p>For more information and contacts:<\/span><br style=\"font-family: Georgia, 'Times New Roman', serif;\" \/><a href=\"http:\/\/www.redrecicladores.net\/\" style=\"font-family: Georgia, 'Times New Roman', serif;\">www.redrecicladores.net<\/a><br \/><span style=\"font-family: Georgia, 'Times New Roman', serif;\">Mail: comunicacion@redrecicladores.net<\/span><br \/><span style=\"font-family: Georgia, 'Times New Roman', serif;\">Twitter:<\/span><a href=\"https:\/\/twitter.com\/#!\/RedLacre\" style=\"font-family: Georgia, 'Times New Roman', serif;\">&nbsp;@RedLacre<\/a><br \/><span style=\"font-family: Georgia, 'Times New Roman', serif;\">Facebook:&nbsp;<\/span><a href=\"http:\/\/es-la.facebook.com\/people\/Red-Latinoamericana-Recicladores\/100002555186075\" style=\"font-family: Georgia, 'Times New Roman', serif;\">www.facebook.com\/Red-Latinoamericana-Recicladores<\/a><br \/><span style=\"font-family: Georgia, Times New Roman, serif;\"><br \/>The city of Managua, capital of Nicaragua, will host the annual Latin American Recycling Summit during the month of February, an event promoted by the Latin American and Caribbean Network of Recyclers (Red LACRE).<\/p>\n<p>From February 20 to 25, nearly 200 representatives from 21 countries will meet to define policies for this year and promote the exchange of experiences that will strengthen local initiatives.<\/p>\n<p>The appointment will consist of two elements:<\/p>\n<p>1. First Central American Meeting of Recyclers (February 20 and 21)<\/p>\n<p>2. The installation of two assemblies, one that will include only the recycling leaders (22 and 23 February) and a plenary session (on 24 and 25 February) that will be open and intended to be a space for collective exchange.<\/span><span style=\"font-family: Georgia, 'Times New Roman', serif;\"><br \/><\/span><\/p>\n<div><span style=\"font-family: Georgia, 'Times New Roman', serif;\">The countries participating in the recycler meeting will be from Argentina, Bolivia, Brazil, Chile, Colombia, Costa Rica, Cuba, Ecuador, El Salvador, Guatemala, Honduras, Mexico, Nicaragua, Panama, Paraguay, Peru, Dominican Republic, Uruguay and Venezuela.<\/span><span style=\"font-family: Georgia, Times New Roman, serif;\"><\/p>\n<p>Recyclers are workers who collect, select, recover, transform, market and reuse solid waste, as part of the first link in the marketing and material recovery chain. <\/p>\n<p>The recycler makes a living from this trade, generating income by selling the material he recovers by walking the streets in search of solid waste that citizens discard or by collecting it in landfills in different cities. <br \/><\/span><\/div>\n<div class=\"pvc_clear\"><\/div>\n<p id=\"pvc_stats_1046\" class=\"pvc_stats total_only\" data-element-id=\"1046\" style=\"\"><i class=\"pvc-stats-icon medium\" aria-hidden=\"true\"><svg aria-hidden=\"true\" focusable=\"false\" data-prefix=\"far\" data-icon=\"chart-bar\" role=\"img\" xmlns=\"http:\/\/www.w3.org\/2000\/svg\" viewbox=\"0 0 512 512\" class=\"svg-inline--fa fa-chart-bar fa-w-16 fa-2x\"><path fill=\"currentColor\" d=\"M396.8 352h22.4c6.4 0 12.8-6.4 12.8-12.8V108.8c0-6.4-6.4-12.8-12.8-12.8h-22.4c-6.4 0-12.8 6.4-12.8 12.8v230.4c0 6.4 6.4 12.8 12.8 12.8zm-192 0h22.4c6.4 0 12.8-6.4 12.8-12.8V140.8c0-6.4-6.4-12.8-12.8-12.8h-22.4c-6.4 0-12.8 6.4-12.8 12.8v198.4c0 6.4 6.4 12.8 12.8 12.8zm96 0h22.4c6.4 0 12.8-6.4 12.8-12.8V204.8c0-6.4-6.4-12.8-12.8-12.8h-22.4c-6.4 0-12.8 6.4-12.8 12.8v134.4c0 6.4 6.4 12.8 12.8 12.8zM496 400H48V80c0-8.84-7.16-16-16-16H16C7.16 64 0 71.16 0 80v336c0 17.67 14.33 32 32 32h464c8.84 0 16-7.16 16-16v-16c0-8.84-7.16-16-16-16zm-387.2-48h22.4c6.4 0 12.8-6.4 12.8-12.8v-70.4c0-6.4-6.4-12.8-12.8-12.8h-22.4c-6.4 0-12.8 6.4-12.8 12.8v70.4c0 6.4 6.4 12.8 12.8 12.8z\" class=\"\"><\/path><\/svg><\/i> <img decoding=\"async\" width=\"16\" height=\"16\" alt=\"Loading\" data-src=\"https:\/\/pachamamitaecu.org\/wp-content\/plugins\/page-views-count\/ajax-loader-2x.gif\" border=\"0\" src=\"data:image\/svg+xml;base64,PHN2ZyB3aWR0aD0iMSIgaGVpZ2h0PSIxIiB4bWxucz0iaHR0cDovL3d3dy53My5vcmcvMjAwMC9zdmciPjwvc3ZnPg==\" class=\"lazyload\" style=\"--smush-placeholder-width: 16px; --smush-placeholder-aspect-ratio: 16\/16;\" \/><\/p>\n<div class=\"pvc_clear\"><\/div>","protected":false},"excerpt":{"rendered":"<p>EVENTO PASADO: Este evento ocurri\u00f3 en el mes de Febrero del 2012. Para mayor informaci\u00f3n de la RED LATINOAMERICANA DE RECICLADORES, favor seguir los siguientes enlaces: Para mayor informaci\u00f3n y contactos:www.redrecicladores.netMail: comunicacion@redrecicladores.netTwitter:&nbsp;@RedLacreFacebook:&nbsp;www.facebook.com\/Red-Latinoamericana-RecicladoresLa ciudad de Managua, capital de Nicaragua ser\u00e1 la sede durante el mes de febrero de la Cumbre Anual Latinoamericana de Reciclaje, evento promovido [&#8230;]\n","protected":false},"author":3,"featured_media":0,"comment_status":"closed","ping_status":"closed","sticky":false,"template":"","format":"standard","meta":{"footnotes":""},"categories":[159,264,149],"tags":[],"class_list":["post-1046","post","type-post","status-publish","format-standard","hentry","category-consumo-responsable","category-noticias","category-reciclaje"],"a3_pvc":{"activated":true,"total_views":26,"today_views":0},"yoast_head":"<!-- This site is optimized with the Yoast SEO Premium plugin v24.2 (Yoast SEO v27.4) - https:\/\/yoast.com\/product\/yoast-seo-premium-wordpress\/ -->\n<title>Cumbre Latinoamericana de Reciclaje - PachaMamita Ecuador<\/title>\n<meta name=\"robots\" content=\"index, follow, max-snippet:-1, max-image-preview:large, max-video-preview:-1\" \/>\n<link rel=\"canonical\" href=\"https:\/\/pachamamitaecu.org\/en\/2012\/02\/01\/latin-american-recycling-summit\/\" \/>\n<meta property=\"og:locale\" content=\"en_US\" \/>\n<meta property=\"og:type\" content=\"article\" \/>\n<meta property=\"og:title\" content=\"Cumbre Latinoamericana de Reciclaje\" \/>\n<meta property=\"og:description\" content=\"EVENTO PASADO: Este evento ocurri\u00f3 en el mes de Febrero del 2012. Para mayor informaci\u00f3n de la RED LATINOAMERICANA DE RECICLADORES, favor seguir los siguientes enlaces: Para mayor informaci\u00f3n y contactos:www.redrecicladores.netMail: comunicacion@redrecicladores.netTwitter:&nbsp;@RedLacreFacebook:&nbsp;www.facebook.com\/Red-Latinoamericana-RecicladoresLa ciudad de Managua, capital de Nicaragua ser\u00e1 la sede durante el mes de febrero de la Cumbre Anual Latinoamericana de Reciclaje, evento promovido [...]\" \/>\n<meta property=\"og:url\" content=\"https:\/\/pachamamitaecu.org\/en\/2012\/02\/01\/latin-american-recycling-summit\/\" \/>\n<meta property=\"og:site_name\" content=\"PachaMamita Ecuador\" \/>\n<meta property=\"article:publisher\" content=\"https:\/\/www.facebook.com\/pachamamitaecu\" \/>\n<meta property=\"article:published_time\" content=\"2012-02-01T16:07:00+00:00\" \/>\n<meta property=\"article:modified_time\" content=\"2024-02-29T00:49:56+00:00\" \/>\n<meta property=\"og:image\" content=\"http:\/\/3.bp.blogspot.com\/-Fa4IcusnnFc\/Tyli2Etv4oI\/AAAAAAAABwA\/p3vYO908w4Q\/s320\/recicladores1.jpg\" \/>\n<meta name=\"author\" content=\"PachaMamita EC\" \/>\n<meta name=\"twitter:card\" content=\"summary_large_image\" \/>\n<meta name=\"twitter:label1\" content=\"Written by\" \/>\n\t<meta name=\"twitter:data1\" content=\"PachaMamita EC\" \/>\n\t<meta name=\"twitter:label2\" content=\"Est. reading time\" \/>\n\t<meta name=\"twitter:data2\" content=\"1 minute\" \/>\n<script type=\"application\/ld+json\" class=\"yoast-schema-graph\">{\"@context\":\"https:\\\/\\\/schema.org\",\"@graph\":[{\"@type\":\"Article\",\"@id\":\"https:\\\/\\\/pachamamitaecu.org\\\/es_es\\\/2012\\\/02\\\/01\\\/cumbre-latinoamericana-de-reciclaje\\\/#article\",\"isPartOf\":{\"@id\":\"https:\\\/\\\/pachamamitaecu.org\\\/es_es\\\/2012\\\/02\\\/01\\\/cumbre-latinoamericana-de-reciclaje\\\/\"},\"author\":{\"name\":\"PachaMamita EC\",\"@id\":\"https:\\\/\\\/pachamamitaecu.org\\\/es_es\\\/#\\\/schema\\\/person\\\/e8b42afae2451fadab5e0295f02c4593\"},\"headline\":\"Cumbre Latinoamericana de Reciclaje\",\"datePublished\":\"2012-02-01T16:07:00+00:00\",\"dateModified\":\"2024-02-29T00:49:56+00:00\",\"mainEntityOfPage\":{\"@id\":\"https:\\\/\\\/pachamamitaecu.org\\\/es_es\\\/2012\\\/02\\\/01\\\/cumbre-latinoamericana-de-reciclaje\\\/\"},\"wordCount\":289,\"publisher\":{\"@id\":\"https:\\\/\\\/pachamamitaecu.org\\\/es_es\\\/#organization\"},\"image\":{\"@id\":\"https:\\\/\\\/pachamamitaecu.org\\\/es_es\\\/2012\\\/02\\\/01\\\/cumbre-latinoamericana-de-reciclaje\\\/#primaryimage\"},\"thumbnailUrl\":\"http:\\\/\\\/3.bp.blogspot.com\\\/-Fa4IcusnnFc\\\/Tyli2Etv4oI\\\/AAAAAAAABwA\\\/p3vYO908w4Q\\\/s320\\\/recicladores1.jpg\",\"articleSection\":[\"CONSUMO RESPONSABLE\",\"noticias\",\"reciclaje\"],\"inLanguage\":\"en-US\"},{\"@type\":\"WebPage\",\"@id\":\"https:\\\/\\\/pachamamitaecu.org\\\/es_es\\\/2012\\\/02\\\/01\\\/cumbre-latinoamericana-de-reciclaje\\\/\",\"url\":\"https:\\\/\\\/pachamamitaecu.org\\\/es_es\\\/2012\\\/02\\\/01\\\/cumbre-latinoamericana-de-reciclaje\\\/\",\"name\":\"Cumbre Latinoamericana de Reciclaje - PachaMamita Ecuador\",\"isPartOf\":{\"@id\":\"https:\\\/\\\/pachamamitaecu.org\\\/es_es\\\/#website\"},\"primaryImageOfPage\":{\"@id\":\"https:\\\/\\\/pachamamitaecu.org\\\/es_es\\\/2012\\\/02\\\/01\\\/cumbre-latinoamericana-de-reciclaje\\\/#primaryimage\"},\"image\":{\"@id\":\"https:\\\/\\\/pachamamitaecu.org\\\/es_es\\\/2012\\\/02\\\/01\\\/cumbre-latinoamericana-de-reciclaje\\\/#primaryimage\"},\"thumbnailUrl\":\"http:\\\/\\\/3.bp.blogspot.com\\\/-Fa4IcusnnFc\\\/Tyli2Etv4oI\\\/AAAAAAAABwA\\\/p3vYO908w4Q\\\/s320\\\/recicladores1.jpg\",\"datePublished\":\"2012-02-01T16:07:00+00:00\",\"dateModified\":\"2024-02-29T00:49:56+00:00\",\"breadcrumb\":{\"@id\":\"https:\\\/\\\/pachamamitaecu.org\\\/es_es\\\/2012\\\/02\\\/01\\\/cumbre-latinoamericana-de-reciclaje\\\/#breadcrumb\"},\"inLanguage\":\"en-US\",\"potentialAction\":[{\"@type\":\"ReadAction\",\"target\":[\"https:\\\/\\\/pachamamitaecu.org\\\/es_es\\\/2012\\\/02\\\/01\\\/cumbre-latinoamericana-de-reciclaje\\\/\"]}]},{\"@type\":\"ImageObject\",\"inLanguage\":\"en-US\",\"@id\":\"https:\\\/\\\/pachamamitaecu.org\\\/es_es\\\/2012\\\/02\\\/01\\\/cumbre-latinoamericana-de-reciclaje\\\/#primaryimage\",\"url\":\"http:\\\/\\\/3.bp.blogspot.com\\\/-Fa4IcusnnFc\\\/Tyli2Etv4oI\\\/AAAAAAAABwA\\\/p3vYO908w4Q\\\/s320\\\/recicladores1.jpg\",\"contentUrl\":\"http:\\\/\\\/3.bp.blogspot.com\\\/-Fa4IcusnnFc\\\/Tyli2Etv4oI\\\/AAAAAAAABwA\\\/p3vYO908w4Q\\\/s320\\\/recicladores1.jpg\"},{\"@type\":\"BreadcrumbList\",\"@id\":\"https:\\\/\\\/pachamamitaecu.org\\\/es_es\\\/2012\\\/02\\\/01\\\/cumbre-latinoamericana-de-reciclaje\\\/#breadcrumb\",\"itemListElement\":[{\"@type\":\"ListItem\",\"position\":1,\"name\":\"Portada\",\"item\":\"https:\\\/\\\/pachamamitaecu.org\\\/es_es\\\/\"},{\"@type\":\"ListItem\",\"position\":2,\"name\":\"Cumbre Latinoamericana de Reciclaje\"}]},{\"@type\":\"WebSite\",\"@id\":\"https:\\\/\\\/pachamamitaecu.org\\\/es_es\\\/#website\",\"url\":\"https:\\\/\\\/pachamamitaecu.org\\\/es_es\\\/\",\"name\":\"PachaMamita Ecuador\",\"description\":\"CULTURA. AGROECOLOG\u00cdA. TURISMO Y CONSUMO RESPONSABLE-ECUADOR.\",\"publisher\":{\"@id\":\"https:\\\/\\\/pachamamitaecu.org\\\/es_es\\\/#organization\"},\"potentialAction\":[{\"@type\":\"SearchAction\",\"target\":{\"@type\":\"EntryPoint\",\"urlTemplate\":\"https:\\\/\\\/pachamamitaecu.org\\\/es_es\\\/?s={search_term_string}\"},\"query-input\":{\"@type\":\"PropertyValueSpecification\",\"valueRequired\":true,\"valueName\":\"search_term_string\"}}],\"inLanguage\":\"en-US\"},{\"@type\":\"Organization\",\"@id\":\"https:\\\/\\\/pachamamitaecu.org\\\/es_es\\\/#organization\",\"name\":\"PachaMamita Ecuador\",\"url\":\"https:\\\/\\\/pachamamitaecu.org\\\/es_es\\\/\",\"logo\":{\"@type\":\"ImageObject\",\"inLanguage\":\"en-US\",\"@id\":\"https:\\\/\\\/pachamamitaecu.org\\\/es_es\\\/#\\\/schema\\\/logo\\\/image\\\/\",\"url\":\"https:\\\/\\\/pachamamitaecu.org\\\/wp-content\\\/uploads\\\/2024\\\/04\\\/cropped-Diseno-sin-titulo-13.png\",\"contentUrl\":\"https:\\\/\\\/pachamamitaecu.org\\\/wp-content\\\/uploads\\\/2024\\\/04\\\/cropped-Diseno-sin-titulo-13.png\",\"width\":512,\"height\":512,\"caption\":\"PachaMamita Ecuador\"},\"image\":{\"@id\":\"https:\\\/\\\/pachamamitaecu.org\\\/es_es\\\/#\\\/schema\\\/logo\\\/image\\\/\"},\"sameAs\":[\"https:\\\/\\\/www.facebook.com\\\/pachamamitaecu\"]},{\"@type\":\"Person\",\"@id\":\"https:\\\/\\\/pachamamitaecu.org\\\/es_es\\\/#\\\/schema\\\/person\\\/e8b42afae2451fadab5e0295f02c4593\",\"name\":\"PachaMamita EC\",\"image\":{\"@type\":\"ImageObject\",\"inLanguage\":\"en-US\",\"@id\":\"https:\\\/\\\/pachamamitaecu.org\\\/wp-content\\\/litespeed\\\/avatar\\\/23494c9101089ad44ae88ce9d2f56aac.jpg?ver=1777350952\",\"url\":\"https:\\\/\\\/pachamamitaecu.org\\\/wp-content\\\/litespeed\\\/avatar\\\/23494c9101089ad44ae88ce9d2f56aac.jpg?ver=1777350952\",\"contentUrl\":\"https:\\\/\\\/pachamamitaecu.org\\\/wp-content\\\/litespeed\\\/avatar\\\/23494c9101089ad44ae88ce9d2f56aac.jpg?ver=1777350952\",\"caption\":\"PachaMamita EC\"},\"url\":\"https:\\\/\\\/pachamamitaecu.org\\\/en\\\/author\\\/pachamamita-ec\\\/\"}]}<\/script>\n<!-- \/ Yoast SEO Premium plugin. -->","yoast_head_json":{"title":"Latin American Recycling Summit - PachaMamita Ecuador","robots":{"index":"index","follow":"follow","max-snippet":"max-snippet:-1","max-image-preview":"max-image-preview:large","max-video-preview":"max-video-preview:-1"},"canonical":"https:\/\/pachamamitaecu.org\/en\/2012\/02\/01\/latin-american-recycling-summit\/","og_locale":"en_US","og_type":"article","og_title":"Cumbre Latinoamericana de Reciclaje","og_description":"EVENTO PASADO: Este evento ocurri\u00f3 en el mes de Febrero del 2012. Para mayor informaci\u00f3n de la RED LATINOAMERICANA DE RECICLADORES, favor seguir los siguientes enlaces: Para mayor informaci\u00f3n y contactos:www.redrecicladores.netMail: comunicacion@redrecicladores.netTwitter:&nbsp;@RedLacreFacebook:&nbsp;www.facebook.com\/Red-Latinoamericana-RecicladoresLa ciudad de Managua, capital de Nicaragua ser\u00e1 la sede durante el mes de febrero de la Cumbre Anual Latinoamericana de Reciclaje, evento promovido [...]","og_url":"https:\/\/pachamamitaecu.org\/en\/2012\/02\/01\/latin-american-recycling-summit\/","og_site_name":"PachaMamita Ecuador","article_publisher":"https:\/\/www.facebook.com\/pachamamitaecu","article_published_time":"2012-02-01T16:07:00+00:00","article_modified_time":"2024-02-29T00:49:56+00:00","og_image":[{"url":"http:\/\/3.bp.blogspot.com\/-Fa4IcusnnFc\/Tyli2Etv4oI\/AAAAAAAABwA\/p3vYO908w4Q\/s320\/recicladores1.jpg","type":"","width":"","height":""}],"author":"PachaMamita EC","twitter_card":"summary_large_image","twitter_misc":{"Written by":"PachaMamita EC","Est. reading time":"1 minute"},"schema":{"@context":"https:\/\/schema.org","@graph":[{"@type":"Article","@id":"https:\/\/pachamamitaecu.org\/es_es\/2012\/02\/01\/cumbre-latinoamericana-de-reciclaje\/#article","isPartOf":{"@id":"https:\/\/pachamamitaecu.org\/es_es\/2012\/02\/01\/cumbre-latinoamericana-de-reciclaje\/"},"author":{"name":"PachaMamita EC","@id":"https:\/\/pachamamitaecu.org\/es_es\/#\/schema\/person\/e8b42afae2451fadab5e0295f02c4593"},"headline":"Cumbre Latinoamericana de Reciclaje","datePublished":"2012-02-01T16:07:00+00:00","dateModified":"2024-02-29T00:49:56+00:00","mainEntityOfPage":{"@id":"https:\/\/pachamamitaecu.org\/es_es\/2012\/02\/01\/cumbre-latinoamericana-de-reciclaje\/"},"wordCount":289,"publisher":{"@id":"https:\/\/pachamamitaecu.org\/es_es\/#organization"},"image":{"@id":"https:\/\/pachamamitaecu.org\/es_es\/2012\/02\/01\/cumbre-latinoamericana-de-reciclaje\/#primaryimage"},"thumbnailUrl":"http:\/\/3.bp.blogspot.com\/-Fa4IcusnnFc\/Tyli2Etv4oI\/AAAAAAAABwA\/p3vYO908w4Q\/s320\/recicladores1.jpg","articleSection":["CONSUMO RESPONSABLE","noticias","reciclaje"],"inLanguage":"en-US"},{"@type":"WebPage","@id":"https:\/\/pachamamitaecu.org\/es_es\/2012\/02\/01\/cumbre-latinoamericana-de-reciclaje\/","url":"https:\/\/pachamamitaecu.org\/es_es\/2012\/02\/01\/cumbre-latinoamericana-de-reciclaje\/","name":"Latin American Recycling Summit - PachaMamita Ecuador","isPartOf":{"@id":"https:\/\/pachamamitaecu.org\/es_es\/#website"},"primaryImageOfPage":{"@id":"https:\/\/pachamamitaecu.org\/es_es\/2012\/02\/01\/cumbre-latinoamericana-de-reciclaje\/#primaryimage"},"image":{"@id":"https:\/\/pachamamitaecu.org\/es_es\/2012\/02\/01\/cumbre-latinoamericana-de-reciclaje\/#primaryimage"},"thumbnailUrl":"http:\/\/3.bp.blogspot.com\/-Fa4IcusnnFc\/Tyli2Etv4oI\/AAAAAAAABwA\/p3vYO908w4Q\/s320\/recicladores1.jpg","datePublished":"2012-02-01T16:07:00+00:00","dateModified":"2024-02-29T00:49:56+00:00","breadcrumb":{"@id":"https:\/\/pachamamitaecu.org\/es_es\/2012\/02\/01\/cumbre-latinoamericana-de-reciclaje\/#breadcrumb"},"inLanguage":"en-US","potentialAction":[{"@type":"ReadAction","target":["https:\/\/pachamamitaecu.org\/es_es\/2012\/02\/01\/cumbre-latinoamericana-de-reciclaje\/"]}]},{"@type":"ImageObject","inLanguage":"en-US","@id":"https:\/\/pachamamitaecu.org\/es_es\/2012\/02\/01\/cumbre-latinoamericana-de-reciclaje\/#primaryimage","url":"http:\/\/3.bp.blogspot.com\/-Fa4IcusnnFc\/Tyli2Etv4oI\/AAAAAAAABwA\/p3vYO908w4Q\/s320\/recicladores1.jpg","contentUrl":"http:\/\/3.bp.blogspot.com\/-Fa4IcusnnFc\/Tyli2Etv4oI\/AAAAAAAABwA\/p3vYO908w4Q\/s320\/recicladores1.jpg"},{"@type":"BreadcrumbList","@id":"https:\/\/pachamamitaecu.org\/es_es\/2012\/02\/01\/cumbre-latinoamericana-de-reciclaje\/#breadcrumb","itemListElement":[{"@type":"ListItem","position":1,"name":"Portada","item":"https:\/\/pachamamitaecu.org\/es_es\/"},{"@type":"ListItem","position":2,"name":"Cumbre Latinoamericana de Reciclaje"}]},{"@type":"WebSite","@id":"https:\/\/pachamamitaecu.org\/es_es\/#website","url":"https:\/\/pachamamitaecu.org\/es_es\/","name":"PachaMamita Ecuador","description":"CULTURE. AGROECOLOGY. TOURISM AND RESPONSIBLE CONSUMPTION-ECUADOR.","publisher":{"@id":"https:\/\/pachamamitaecu.org\/es_es\/#organization"},"potentialAction":[{"@type":"SearchAction","target":{"@type":"EntryPoint","urlTemplate":"https:\/\/pachamamitaecu.org\/es_es\/?s={search_term_string}"},"query-input":{"@type":"PropertyValueSpecification","valueRequired":true,"valueName":"search_term_string"}}],"inLanguage":"en-US"},{"@type":"Organization","@id":"https:\/\/pachamamitaecu.org\/es_es\/#organization","name":"PachaMamita Ecuador","url":"https:\/\/pachamamitaecu.org\/es_es\/","logo":{"@type":"ImageObject","inLanguage":"en-US","@id":"https:\/\/pachamamitaecu.org\/es_es\/#\/schema\/logo\/image\/","url":"https:\/\/pachamamitaecu.org\/wp-content\/uploads\/2024\/04\/cropped-Diseno-sin-titulo-13.png","contentUrl":"https:\/\/pachamamitaecu.org\/wp-content\/uploads\/2024\/04\/cropped-Diseno-sin-titulo-13.png","width":512,"height":512,"caption":"PachaMamita Ecuador"},"image":{"@id":"https:\/\/pachamamitaecu.org\/es_es\/#\/schema\/logo\/image\/"},"sameAs":["https:\/\/www.facebook.com\/pachamamitaecu"]},{"@type":"Person","@id":"https:\/\/pachamamitaecu.org\/es_es\/#\/schema\/person\/e8b42afae2451fadab5e0295f02c4593","name":"PachaMamita EC","image":{"@type":"ImageObject","inLanguage":"en-US","@id":"https:\/\/pachamamitaecu.org\/wp-content\/litespeed\/avatar\/23494c9101089ad44ae88ce9d2f56aac.jpg?ver=1777350952","url":"https:\/\/pachamamitaecu.org\/wp-content\/litespeed\/avatar\/23494c9101089ad44ae88ce9d2f56aac.jpg?ver=1777350952","contentUrl":"https:\/\/pachamamitaecu.org\/wp-content\/litespeed\/avatar\/23494c9101089ad44ae88ce9d2f56aac.jpg?ver=1777350952","caption":"PachaMamita EC"},"url":"https:\/\/pachamamitaecu.org\/en\/author\/pachamamita-ec\/"}]}},"_links":{"self":[{"href":"https:\/\/pachamamitaecu.org\/en\/wp-json\/wp\/v2\/posts\/1046","targetHints":{"allow":["GET"]}}],"collection":[{"href":"https:\/\/pachamamitaecu.org\/en\/wp-json\/wp\/v2\/posts"}],"about":[{"href":"https:\/\/pachamamitaecu.org\/en\/wp-json\/wp\/v2\/types\/post"}],"author":[{"embeddable":true,"href":"https:\/\/pachamamitaecu.org\/en\/wp-json\/wp\/v2\/users\/3"}],"replies":[{"embeddable":true,"href":"https:\/\/pachamamitaecu.org\/en\/wp-json\/wp\/v2\/comments?post=1046"}],"version-history":[{"count":0,"href":"https:\/\/pachamamitaecu.org\/en\/wp-json\/wp\/v2\/posts\/1046\/revisions"}],"wp:attachment":[{"href":"https:\/\/pachamamitaecu.org\/en\/wp-json\/wp\/v2\/media?parent=1046"}],"wp:term":[{"taxonomy":"category","embeddable":true,"href":"https:\/\/pachamamitaecu.org\/en\/wp-json\/wp\/v2\/categories?post=1046"},{"taxonomy":"post_tag","embeddable":true,"href":"https:\/\/pachamamitaecu.org\/en\/wp-json\/wp\/v2\/tags?post=1046"}],"curies":[{"name":"wp","href":"https:\/\/api.w.org\/{rel}","templated":true}]}}