{"id":1299,"date":"2011-05-03T12:48:00","date_gmt":"2011-05-03T12:48:00","guid":{"rendered":"http:\/\/pachamamitaecu-org-720647.hostingersite.com\/2011\/05\/03\/ruta-del-spondylus-dentro-del-nuevo-macro-plan-de-turismo-del-ecuador\/"},"modified":"2011-05-03T12:48:00","modified_gmt":"2011-05-03T12:48:00","slug":"ruta-del-spondylus-dentro-del-nuevo-macro-plan-de-turismo-del-ecuador","status":"publish","type":"post","link":"https:\/\/pachamamitaecu.org\/en\/2011\/05\/03\/spondylus-route-within-the-new-macro-tourism-plan-of-ecuador\/","title":{"rendered":"Spondylus route within Ecuador&#039;s new macro-tourism plan"},"content":{"rendered":"<div style=\"clear: both; text-align: center;\"><a href=\"http:\/\/4.bp.blogspot.com\/-pad3raCVRxQ\/Tb_5X2_c3lI\/AAAAAAAABEs\/JkYDsEMXC4c\/s1600\/Ruta+del+Spondylus.gif\" style=\"clear: left; float: left; margin-bottom: 1em; margin-right: 1em;\"><img decoding=\"async\" border=\"0\" height=\"320\" data-src=\"http:\/\/4.bp.blogspot.com\/-pad3raCVRxQ\/Tb_5X2_c3lI\/AAAAAAAABEs\/JkYDsEMXC4c\/s320\/Ruta+del+Spondylus.gif\" width=\"180\" src=\"data:image\/svg+xml;base64,PHN2ZyB3aWR0aD0iMSIgaGVpZ2h0PSIxIiB4bWxucz0iaHR0cDovL3d3dy53My5vcmcvMjAwMC9zdmciPjwvc3ZnPg==\" class=\"lazyload\" style=\"--smush-placeholder-width: 180px; --smush-placeholder-aspect-ratio: 180\/320;\" \/><\/a><\/div>\n<p><span style=\"font-family: Times, 'Times New Roman', serif; font-size: large;\">The Spondylus route, along with the Iron Route \u201cIn the Center of the World\u201d, the Liberator of South America, the Volcanoes Route, the Flowers Route and the Yaku \u00d1amby Route (Water Route) are part of the new macro-tourism plan launched by the Ministry of Tourism of Ecuador headed by Freddy Ehlers.<\/p>\n<p>The minister stressed the preponderant role of nature in this new strategy, in which these new 6 thematic routes &quot;aim to show the diversity of the country in a context of sustainability and development of national tourism in line with efforts to conserve the country&#039;s natural and cultural heritage.&quot;<\/p>\n<p>With this global tourism promotion campaign, the objective is to position itself in the short term (five years) among the 20 most desired tourist destinations in the world. <\/p>\n<p>This new tourism promotion campaign is aimed especially at individual visitors, and invites travelers from all over the world to experience Ecuador&#039;s diversity, nature and life first-hand under the motto \u201cLove Life.\u201d Ehlers is convinced that \u201conly conscious tourism, which recognizes the value of nature, makes it possible for travelers to discover why Ecuador is a country worthy of admiration.\u201d<\/span><\/p>\n<div class=\"pvc_clear\"><\/div>\n<p id=\"pvc_stats_1299\" class=\"pvc_stats total_only\" data-element-id=\"1299\" style=\"\"><i class=\"pvc-stats-icon medium\" aria-hidden=\"true\"><svg aria-hidden=\"true\" focusable=\"false\" data-prefix=\"far\" data-icon=\"chart-bar\" role=\"img\" xmlns=\"http:\/\/www.w3.org\/2000\/svg\" viewbox=\"0 0 512 512\" class=\"svg-inline--fa fa-chart-bar fa-w-16 fa-2x\"><path fill=\"currentColor\" d=\"M396.8 352h22.4c6.4 0 12.8-6.4 12.8-12.8V108.8c0-6.4-6.4-12.8-12.8-12.8h-22.4c-6.4 0-12.8 6.4-12.8 12.8v230.4c0 6.4 6.4 12.8 12.8 12.8zm-192 0h22.4c6.4 0 12.8-6.4 12.8-12.8V140.8c0-6.4-6.4-12.8-12.8-12.8h-22.4c-6.4 0-12.8 6.4-12.8 12.8v198.4c0 6.4 6.4 12.8 12.8 12.8zm96 0h22.4c6.4 0 12.8-6.4 12.8-12.8V204.8c0-6.4-6.4-12.8-12.8-12.8h-22.4c-6.4 0-12.8 6.4-12.8 12.8v134.4c0 6.4 6.4 12.8 12.8 12.8zM496 400H48V80c0-8.84-7.16-16-16-16H16C7.16 64 0 71.16 0 80v336c0 17.67 14.33 32 32 32h464c8.84 0 16-7.16 16-16v-16c0-8.84-7.16-16-16-16zm-387.2-48h22.4c6.4 0 12.8-6.4 12.8-12.8v-70.4c0-6.4-6.4-12.8-12.8-12.8h-22.4c-6.4 0-12.8 6.4-12.8 12.8v70.4c0 6.4 6.4 12.8 12.8 12.8z\" class=\"\"><\/path><\/svg><\/i> <img decoding=\"async\" width=\"16\" height=\"16\" alt=\"Loading\" data-src=\"https:\/\/pachamamitaecu.org\/wp-content\/plugins\/page-views-count\/ajax-loader-2x.gif\" border=\"0\" src=\"data:image\/svg+xml;base64,PHN2ZyB3aWR0aD0iMSIgaGVpZ2h0PSIxIiB4bWxucz0iaHR0cDovL3d3dy53My5vcmcvMjAwMC9zdmciPjwvc3ZnPg==\" class=\"lazyload\" style=\"--smush-placeholder-width: 16px; --smush-placeholder-aspect-ratio: 16\/16;\" \/><\/p>\n<div class=\"pvc_clear\"><\/div>","protected":false},"excerpt":{"rendered":"<p>La ruta del Spondylus, junto a la del Hierro \u201cEn el Centro del Mundo\u201d, la del Libertador de Sudam\u00e9rica, la ruta de los Volcanes, la ruta de las Flores y la ruta Yaku \u00d1amby (Ruta del Agua) forman parte del nuevo macro-plan tur\u00edsitico lanzado por el Ministerio de Turismo del Ecuador encabezado por Freddy Ehlers. [&#8230;]\n","protected":false},"author":3,"featured_media":0,"comment_status":"open","ping_status":"closed","sticky":false,"template":"","format":"standard","meta":{"footnotes":""},"categories":[177,264],"tags":[],"class_list":["post-1299","post","type-post","status-publish","format-standard","hentry","category-destinos-ecoturismo","category-noticias"],"a3_pvc":{"activated":true,"total_views":76,"today_views":0},"yoast_head":"<!-- This site is optimized with the Yoast SEO Premium plugin v24.2 (Yoast SEO v27.4) - https:\/\/yoast.com\/product\/yoast-seo-premium-wordpress\/ -->\n<title>Ruta del Spondylus dentro del nuevo macro-plan de turismo del Ecuador - PachaMamita Ecuador<\/title>\n<meta name=\"robots\" content=\"index, follow, max-snippet:-1, max-image-preview:large, max-video-preview:-1\" \/>\n<link rel=\"canonical\" href=\"https:\/\/pachamamitaecu.org\/en\/2011\/05\/03\/spondylus-route-within-the-new-macro-tourism-plan-of-ecuador\/\" \/>\n<meta property=\"og:locale\" content=\"en_US\" \/>\n<meta property=\"og:type\" content=\"article\" \/>\n<meta property=\"og:title\" content=\"Ruta del Spondylus dentro del nuevo macro-plan de turismo del Ecuador\" \/>\n<meta property=\"og:description\" content=\"La ruta del Spondylus, junto a la del Hierro \u201cEn el Centro del Mundo\u201d, la del Libertador de Sudam\u00e9rica, la ruta de los Volcanes, la ruta de las Flores y la ruta Yaku \u00d1amby (Ruta del Agua) forman parte del nuevo macro-plan tur\u00edsitico lanzado por el Ministerio de Turismo del Ecuador encabezado por Freddy Ehlers. [...]\" \/>\n<meta property=\"og:url\" content=\"https:\/\/pachamamitaecu.org\/en\/2011\/05\/03\/spondylus-route-within-the-new-macro-tourism-plan-of-ecuador\/\" \/>\n<meta property=\"og:site_name\" content=\"PachaMamita Ecuador\" \/>\n<meta property=\"article:publisher\" content=\"https:\/\/www.facebook.com\/pachamamitaecu\" \/>\n<meta property=\"article:published_time\" content=\"2011-05-03T12:48:00+00:00\" \/>\n<meta property=\"og:image\" content=\"http:\/\/4.bp.blogspot.com\/-pad3raCVRxQ\/Tb_5X2_c3lI\/AAAAAAAABEs\/JkYDsEMXC4c\/s320\/Ruta+del+Spondylus.gif\" \/>\n<meta name=\"author\" content=\"PachaMamita EC\" \/>\n<meta name=\"twitter:card\" content=\"summary_large_image\" \/>\n<meta name=\"twitter:label1\" content=\"Written by\" \/>\n\t<meta name=\"twitter:data1\" content=\"PachaMamita EC\" \/>\n\t<meta name=\"twitter:label2\" content=\"Est. reading time\" \/>\n\t<meta name=\"twitter:data2\" content=\"1 minute\" \/>\n<script type=\"application\/ld+json\" class=\"yoast-schema-graph\">{\"@context\":\"https:\\\/\\\/schema.org\",\"@graph\":[{\"@type\":\"Article\",\"@id\":\"https:\\\/\\\/pachamamitaecu.org\\\/en\\\/2011\\\/05\\\/03\\\/spondylus-route-within-the-new-macro-tourism-plan-of-ecuador\\\/#article\",\"isPartOf\":{\"@id\":\"https:\\\/\\\/pachamamitaecu.org\\\/en\\\/2011\\\/05\\\/03\\\/spondylus-route-within-the-new-macro-tourism-plan-of-ecuador\\\/\"},\"author\":{\"name\":\"PachaMamita EC\",\"@id\":\"https:\\\/\\\/pachamamitaecu.org\\\/es_es\\\/#\\\/schema\\\/person\\\/e8b42afae2451fadab5e0295f02c4593\"},\"headline\":\"Ruta del Spondylus dentro del nuevo macro-plan de turismo del Ecuador\",\"datePublished\":\"2011-05-03T12:48:00+00:00\",\"mainEntityOfPage\":{\"@id\":\"https:\\\/\\\/pachamamitaecu.org\\\/en\\\/2011\\\/05\\\/03\\\/spondylus-route-within-the-new-macro-tourism-plan-of-ecuador\\\/\"},\"wordCount\":230,\"commentCount\":0,\"publisher\":{\"@id\":\"https:\\\/\\\/pachamamitaecu.org\\\/es_es\\\/#organization\"},\"image\":{\"@id\":\"https:\\\/\\\/pachamamitaecu.org\\\/en\\\/2011\\\/05\\\/03\\\/spondylus-route-within-the-new-macro-tourism-plan-of-ecuador\\\/#primaryimage\"},\"thumbnailUrl\":\"http:\\\/\\\/4.bp.blogspot.com\\\/-pad3raCVRxQ\\\/Tb_5X2_c3lI\\\/AAAAAAAABEs\\\/JkYDsEMXC4c\\\/s320\\\/Ruta+del+Spondylus.gif\",\"articleSection\":[\"DESTINOS. ECOTURISMO\",\"noticias\"],\"inLanguage\":\"en-US\",\"potentialAction\":[{\"@type\":\"CommentAction\",\"name\":\"Comment\",\"target\":[\"https:\\\/\\\/pachamamitaecu.org\\\/en\\\/2011\\\/05\\\/03\\\/spondylus-route-within-the-new-macro-tourism-plan-of-ecuador\\\/#respond\"]}]},{\"@type\":\"WebPage\",\"@id\":\"https:\\\/\\\/pachamamitaecu.org\\\/en\\\/2011\\\/05\\\/03\\\/spondylus-route-within-the-new-macro-tourism-plan-of-ecuador\\\/\",\"url\":\"https:\\\/\\\/pachamamitaecu.org\\\/en\\\/2011\\\/05\\\/03\\\/spondylus-route-within-the-new-macro-tourism-plan-of-ecuador\\\/\",\"name\":\"Ruta del Spondylus dentro del nuevo macro-plan de turismo del Ecuador - PachaMamita Ecuador\",\"isPartOf\":{\"@id\":\"https:\\\/\\\/pachamamitaecu.org\\\/es_es\\\/#website\"},\"primaryImageOfPage\":{\"@id\":\"https:\\\/\\\/pachamamitaecu.org\\\/en\\\/2011\\\/05\\\/03\\\/spondylus-route-within-the-new-macro-tourism-plan-of-ecuador\\\/#primaryimage\"},\"image\":{\"@id\":\"https:\\\/\\\/pachamamitaecu.org\\\/en\\\/2011\\\/05\\\/03\\\/spondylus-route-within-the-new-macro-tourism-plan-of-ecuador\\\/#primaryimage\"},\"thumbnailUrl\":\"http:\\\/\\\/4.bp.blogspot.com\\\/-pad3raCVRxQ\\\/Tb_5X2_c3lI\\\/AAAAAAAABEs\\\/JkYDsEMXC4c\\\/s320\\\/Ruta+del+Spondylus.gif\",\"datePublished\":\"2011-05-03T12:48:00+00:00\",\"breadcrumb\":{\"@id\":\"https:\\\/\\\/pachamamitaecu.org\\\/en\\\/2011\\\/05\\\/03\\\/spondylus-route-within-the-new-macro-tourism-plan-of-ecuador\\\/#breadcrumb\"},\"inLanguage\":\"en-US\",\"potentialAction\":[{\"@type\":\"ReadAction\",\"target\":[\"https:\\\/\\\/pachamamitaecu.org\\\/en\\\/2011\\\/05\\\/03\\\/spondylus-route-within-the-new-macro-tourism-plan-of-ecuador\\\/\"]}]},{\"@type\":\"ImageObject\",\"inLanguage\":\"en-US\",\"@id\":\"https:\\\/\\\/pachamamitaecu.org\\\/en\\\/2011\\\/05\\\/03\\\/spondylus-route-within-the-new-macro-tourism-plan-of-ecuador\\\/#primaryimage\",\"url\":\"http:\\\/\\\/4.bp.blogspot.com\\\/-pad3raCVRxQ\\\/Tb_5X2_c3lI\\\/AAAAAAAABEs\\\/JkYDsEMXC4c\\\/s320\\\/Ruta+del+Spondylus.gif\",\"contentUrl\":\"http:\\\/\\\/4.bp.blogspot.com\\\/-pad3raCVRxQ\\\/Tb_5X2_c3lI\\\/AAAAAAAABEs\\\/JkYDsEMXC4c\\\/s320\\\/Ruta+del+Spondylus.gif\"},{\"@type\":\"BreadcrumbList\",\"@id\":\"https:\\\/\\\/pachamamitaecu.org\\\/en\\\/2011\\\/05\\\/03\\\/spondylus-route-within-the-new-macro-tourism-plan-of-ecuador\\\/#breadcrumb\",\"itemListElement\":[{\"@type\":\"ListItem\",\"position\":1,\"name\":\"Portada\",\"item\":\"https:\\\/\\\/pachamamitaecu.org\\\/es_es\\\/\"},{\"@type\":\"ListItem\",\"position\":2,\"name\":\"Ruta del Spondylus dentro del nuevo macro-plan de turismo del Ecuador\"}]},{\"@type\":\"WebSite\",\"@id\":\"https:\\\/\\\/pachamamitaecu.org\\\/es_es\\\/#website\",\"url\":\"https:\\\/\\\/pachamamitaecu.org\\\/es_es\\\/\",\"name\":\"PachaMamita Ecuador\",\"description\":\"CULTURA. AGROECOLOG\u00cdA. TURISMO Y CONSUMO RESPONSABLE-ECUADOR.\",\"publisher\":{\"@id\":\"https:\\\/\\\/pachamamitaecu.org\\\/es_es\\\/#organization\"},\"potentialAction\":[{\"@type\":\"SearchAction\",\"target\":{\"@type\":\"EntryPoint\",\"urlTemplate\":\"https:\\\/\\\/pachamamitaecu.org\\\/es_es\\\/?s={search_term_string}\"},\"query-input\":{\"@type\":\"PropertyValueSpecification\",\"valueRequired\":true,\"valueName\":\"search_term_string\"}}],\"inLanguage\":\"en-US\"},{\"@type\":\"Organization\",\"@id\":\"https:\\\/\\\/pachamamitaecu.org\\\/es_es\\\/#organization\",\"name\":\"PachaMamita Ecuador\",\"url\":\"https:\\\/\\\/pachamamitaecu.org\\\/es_es\\\/\",\"logo\":{\"@type\":\"ImageObject\",\"inLanguage\":\"en-US\",\"@id\":\"https:\\\/\\\/pachamamitaecu.org\\\/es_es\\\/#\\\/schema\\\/logo\\\/image\\\/\",\"url\":\"https:\\\/\\\/pachamamitaecu.org\\\/wp-content\\\/uploads\\\/2024\\\/04\\\/cropped-Diseno-sin-titulo-13.png\",\"contentUrl\":\"https:\\\/\\\/pachamamitaecu.org\\\/wp-content\\\/uploads\\\/2024\\\/04\\\/cropped-Diseno-sin-titulo-13.png\",\"width\":512,\"height\":512,\"caption\":\"PachaMamita Ecuador\"},\"image\":{\"@id\":\"https:\\\/\\\/pachamamitaecu.org\\\/es_es\\\/#\\\/schema\\\/logo\\\/image\\\/\"},\"sameAs\":[\"https:\\\/\\\/www.facebook.com\\\/pachamamitaecu\"]},{\"@type\":\"Person\",\"@id\":\"https:\\\/\\\/pachamamitaecu.org\\\/es_es\\\/#\\\/schema\\\/person\\\/e8b42afae2451fadab5e0295f02c4593\",\"name\":\"PachaMamita EC\",\"image\":{\"@type\":\"ImageObject\",\"inLanguage\":\"en-US\",\"@id\":\"https:\\\/\\\/pachamamitaecu.org\\\/wp-content\\\/litespeed\\\/avatar\\\/23494c9101089ad44ae88ce9d2f56aac.jpg?ver=1777350952\",\"url\":\"https:\\\/\\\/pachamamitaecu.org\\\/wp-content\\\/litespeed\\\/avatar\\\/23494c9101089ad44ae88ce9d2f56aac.jpg?ver=1777350952\",\"contentUrl\":\"https:\\\/\\\/pachamamitaecu.org\\\/wp-content\\\/litespeed\\\/avatar\\\/23494c9101089ad44ae88ce9d2f56aac.jpg?ver=1777350952\",\"caption\":\"PachaMamita EC\"},\"url\":\"https:\\\/\\\/pachamamitaecu.org\\\/en\\\/author\\\/pachamamita-ec\\\/\"}]}<\/script>\n<!-- \/ Yoast SEO Premium plugin. -->","yoast_head_json":{"title":"Spondylus route within the new macro-plan of tourism in Ecuador - PachaMamita Ecuador","robots":{"index":"index","follow":"follow","max-snippet":"max-snippet:-1","max-image-preview":"max-image-preview:large","max-video-preview":"max-video-preview:-1"},"canonical":"https:\/\/pachamamitaecu.org\/en\/2011\/05\/03\/spondylus-route-within-the-new-macro-tourism-plan-of-ecuador\/","og_locale":"en_US","og_type":"article","og_title":"Ruta del Spondylus dentro del nuevo macro-plan de turismo del Ecuador","og_description":"La ruta del Spondylus, junto a la del Hierro \u201cEn el Centro del Mundo\u201d, la del Libertador de Sudam\u00e9rica, la ruta de los Volcanes, la ruta de las Flores y la ruta Yaku \u00d1amby (Ruta del Agua) forman parte del nuevo macro-plan tur\u00edsitico lanzado por el Ministerio de Turismo del Ecuador encabezado por Freddy Ehlers. [...]","og_url":"https:\/\/pachamamitaecu.org\/en\/2011\/05\/03\/spondylus-route-within-the-new-macro-tourism-plan-of-ecuador\/","og_site_name":"PachaMamita Ecuador","article_publisher":"https:\/\/www.facebook.com\/pachamamitaecu","article_published_time":"2011-05-03T12:48:00+00:00","og_image":[{"url":"http:\/\/4.bp.blogspot.com\/-pad3raCVRxQ\/Tb_5X2_c3lI\/AAAAAAAABEs\/JkYDsEMXC4c\/s320\/Ruta+del+Spondylus.gif","type":"","width":"","height":""}],"author":"PachaMamita EC","twitter_card":"summary_large_image","twitter_misc":{"Written by":"PachaMamita EC","Est. reading time":"1 minute"},"schema":{"@context":"https:\/\/schema.org","@graph":[{"@type":"Article","@id":"https:\/\/pachamamitaecu.org\/en\/2011\/05\/03\/spondylus-route-within-the-new-macro-tourism-plan-of-ecuador\/#article","isPartOf":{"@id":"https:\/\/pachamamitaecu.org\/en\/2011\/05\/03\/spondylus-route-within-the-new-macro-tourism-plan-of-ecuador\/"},"author":{"name":"PachaMamita EC","@id":"https:\/\/pachamamitaecu.org\/es_es\/#\/schema\/person\/e8b42afae2451fadab5e0295f02c4593"},"headline":"Ruta del Spondylus dentro del nuevo macro-plan de turismo del Ecuador","datePublished":"2011-05-03T12:48:00+00:00","mainEntityOfPage":{"@id":"https:\/\/pachamamitaecu.org\/en\/2011\/05\/03\/spondylus-route-within-the-new-macro-tourism-plan-of-ecuador\/"},"wordCount":230,"commentCount":0,"publisher":{"@id":"https:\/\/pachamamitaecu.org\/es_es\/#organization"},"image":{"@id":"https:\/\/pachamamitaecu.org\/en\/2011\/05\/03\/spondylus-route-within-the-new-macro-tourism-plan-of-ecuador\/#primaryimage"},"thumbnailUrl":"http:\/\/4.bp.blogspot.com\/-pad3raCVRxQ\/Tb_5X2_c3lI\/AAAAAAAABEs\/JkYDsEMXC4c\/s320\/Ruta+del+Spondylus.gif","articleSection":["DESTINOS. ECOTURISMO","noticias"],"inLanguage":"en-US","potentialAction":[{"@type":"CommentAction","name":"Comment","target":["https:\/\/pachamamitaecu.org\/en\/2011\/05\/03\/spondylus-route-within-the-new-macro-tourism-plan-of-ecuador\/#respond"]}]},{"@type":"WebPage","@id":"https:\/\/pachamamitaecu.org\/en\/2011\/05\/03\/spondylus-route-within-the-new-macro-tourism-plan-of-ecuador\/","url":"https:\/\/pachamamitaecu.org\/en\/2011\/05\/03\/spondylus-route-within-the-new-macro-tourism-plan-of-ecuador\/","name":"Spondylus route within the new macro-plan of tourism in Ecuador - PachaMamita Ecuador","isPartOf":{"@id":"https:\/\/pachamamitaecu.org\/es_es\/#website"},"primaryImageOfPage":{"@id":"https:\/\/pachamamitaecu.org\/en\/2011\/05\/03\/spondylus-route-within-the-new-macro-tourism-plan-of-ecuador\/#primaryimage"},"image":{"@id":"https:\/\/pachamamitaecu.org\/en\/2011\/05\/03\/spondylus-route-within-the-new-macro-tourism-plan-of-ecuador\/#primaryimage"},"thumbnailUrl":"http:\/\/4.bp.blogspot.com\/-pad3raCVRxQ\/Tb_5X2_c3lI\/AAAAAAAABEs\/JkYDsEMXC4c\/s320\/Ruta+del+Spondylus.gif","datePublished":"2011-05-03T12:48:00+00:00","breadcrumb":{"@id":"https:\/\/pachamamitaecu.org\/en\/2011\/05\/03\/spondylus-route-within-the-new-macro-tourism-plan-of-ecuador\/#breadcrumb"},"inLanguage":"en-US","potentialAction":[{"@type":"ReadAction","target":["https:\/\/pachamamitaecu.org\/en\/2011\/05\/03\/spondylus-route-within-the-new-macro-tourism-plan-of-ecuador\/"]}]},{"@type":"ImageObject","inLanguage":"en-US","@id":"https:\/\/pachamamitaecu.org\/en\/2011\/05\/03\/spondylus-route-within-the-new-macro-tourism-plan-of-ecuador\/#primaryimage","url":"http:\/\/4.bp.blogspot.com\/-pad3raCVRxQ\/Tb_5X2_c3lI\/AAAAAAAABEs\/JkYDsEMXC4c\/s320\/Ruta+del+Spondylus.gif","contentUrl":"http:\/\/4.bp.blogspot.com\/-pad3raCVRxQ\/Tb_5X2_c3lI\/AAAAAAAABEs\/JkYDsEMXC4c\/s320\/Ruta+del+Spondylus.gif"},{"@type":"BreadcrumbList","@id":"https:\/\/pachamamitaecu.org\/en\/2011\/05\/03\/spondylus-route-within-the-new-macro-tourism-plan-of-ecuador\/#breadcrumb","itemListElement":[{"@type":"ListItem","position":1,"name":"Portada","item":"https:\/\/pachamamitaecu.org\/es_es\/"},{"@type":"ListItem","position":2,"name":"Ruta del Spondylus dentro del nuevo macro-plan de turismo del Ecuador"}]},{"@type":"WebSite","@id":"https:\/\/pachamamitaecu.org\/es_es\/#website","url":"https:\/\/pachamamitaecu.org\/es_es\/","name":"PachaMamita Ecuador","description":"CULTURE. AGROECOLOGY. TOURISM AND RESPONSIBLE CONSUMPTION-ECUADOR.","publisher":{"@id":"https:\/\/pachamamitaecu.org\/es_es\/#organization"},"potentialAction":[{"@type":"SearchAction","target":{"@type":"EntryPoint","urlTemplate":"https:\/\/pachamamitaecu.org\/es_es\/?s={search_term_string}"},"query-input":{"@type":"PropertyValueSpecification","valueRequired":true,"valueName":"search_term_string"}}],"inLanguage":"en-US"},{"@type":"Organization","@id":"https:\/\/pachamamitaecu.org\/es_es\/#organization","name":"PachaMamita Ecuador","url":"https:\/\/pachamamitaecu.org\/es_es\/","logo":{"@type":"ImageObject","inLanguage":"en-US","@id":"https:\/\/pachamamitaecu.org\/es_es\/#\/schema\/logo\/image\/","url":"https:\/\/pachamamitaecu.org\/wp-content\/uploads\/2024\/04\/cropped-Diseno-sin-titulo-13.png","contentUrl":"https:\/\/pachamamitaecu.org\/wp-content\/uploads\/2024\/04\/cropped-Diseno-sin-titulo-13.png","width":512,"height":512,"caption":"PachaMamita Ecuador"},"image":{"@id":"https:\/\/pachamamitaecu.org\/es_es\/#\/schema\/logo\/image\/"},"sameAs":["https:\/\/www.facebook.com\/pachamamitaecu"]},{"@type":"Person","@id":"https:\/\/pachamamitaecu.org\/es_es\/#\/schema\/person\/e8b42afae2451fadab5e0295f02c4593","name":"PachaMamita EC","image":{"@type":"ImageObject","inLanguage":"en-US","@id":"https:\/\/pachamamitaecu.org\/wp-content\/litespeed\/avatar\/23494c9101089ad44ae88ce9d2f56aac.jpg?ver=1777350952","url":"https:\/\/pachamamitaecu.org\/wp-content\/litespeed\/avatar\/23494c9101089ad44ae88ce9d2f56aac.jpg?ver=1777350952","contentUrl":"https:\/\/pachamamitaecu.org\/wp-content\/litespeed\/avatar\/23494c9101089ad44ae88ce9d2f56aac.jpg?ver=1777350952","caption":"PachaMamita EC"},"url":"https:\/\/pachamamitaecu.org\/en\/author\/pachamamita-ec\/"}]}},"_links":{"self":[{"href":"https:\/\/pachamamitaecu.org\/en\/wp-json\/wp\/v2\/posts\/1299","targetHints":{"allow":["GET"]}}],"collection":[{"href":"https:\/\/pachamamitaecu.org\/en\/wp-json\/wp\/v2\/posts"}],"about":[{"href":"https:\/\/pachamamitaecu.org\/en\/wp-json\/wp\/v2\/types\/post"}],"author":[{"embeddable":true,"href":"https:\/\/pachamamitaecu.org\/en\/wp-json\/wp\/v2\/users\/3"}],"replies":[{"embeddable":true,"href":"https:\/\/pachamamitaecu.org\/en\/wp-json\/wp\/v2\/comments?post=1299"}],"version-history":[{"count":0,"href":"https:\/\/pachamamitaecu.org\/en\/wp-json\/wp\/v2\/posts\/1299\/revisions"}],"wp:attachment":[{"href":"https:\/\/pachamamitaecu.org\/en\/wp-json\/wp\/v2\/media?parent=1299"}],"wp:term":[{"taxonomy":"category","embeddable":true,"href":"https:\/\/pachamamitaecu.org\/en\/wp-json\/wp\/v2\/categories?post=1299"},{"taxonomy":"post_tag","embeddable":true,"href":"https:\/\/pachamamitaecu.org\/en\/wp-json\/wp\/v2\/tags?post=1299"}],"curies":[{"name":"wp","href":"https:\/\/api.w.org\/{rel}","templated":true}]}}