{"id":1365,"date":"2011-02-15T02:51:00","date_gmt":"2011-02-15T02:51:00","guid":{"rendered":"http:\/\/pachamamitaecu-org-720647.hostingersite.com\/2011\/02\/15\/chevron-texaco-condenada-a-pagar-por-contaminacion-y-crimenes-causados-en-ecuador\/"},"modified":"2011-02-15T02:51:00","modified_gmt":"2011-02-15T02:51:00","slug":"chevron-texaco-condenada-a-pagar-por-contaminacion-y-crimenes-causados-en-ecuador","status":"publish","type":"post","link":"https:\/\/pachamamitaecu.org\/en\/2011\/02\/15\/chevron-texaco-ordered-to-pay-for-pollution-and-crimes-committed-in-ecuador\/","title":{"rendered":"CHEVRON-TEXACO ORDERED TO PAY FOR POLLUTION AND CRIMES CAUSED IN ECUADOR"},"content":{"rendered":"<div style=\"clear: both; text-align: center;\"><\/div>\n<p><\/p>\n<table cellpadding=\"0\" cellspacing=\"0\" style=\"float: left; margin-right: 1em; text-align: left;\">\n<tbody>\n<tr>\n<td style=\"text-align: center;\"><a href=\"http:\/\/4.bp.blogspot.com\/-u3xhwXQmaWs\/TVnpjnKWukI\/AAAAAAAAA7I\/ZTT96z078GU\/s1600\/181529_189382354416428_180730165281647_533752_3026770_n.jpg\" style=\"clear: left; margin-bottom: 1em; margin-left: auto; margin-right: auto;\"><img decoding=\"async\" border=\"0\" height=\"214\" data-src=\"http:\/\/4.bp.blogspot.com\/-u3xhwXQmaWs\/TVnpjnKWukI\/AAAAAAAAA7I\/ZTT96z078GU\/s320\/181529_189382354416428_180730165281647_533752_3026770_n.jpg\" width=\"320\" src=\"data:image\/svg+xml;base64,PHN2ZyB3aWR0aD0iMSIgaGVpZ2h0PSIxIiB4bWxucz0iaHR0cDovL3d3dy53My5vcmcvMjAwMC9zdmciPjwvc3ZnPg==\" class=\"lazyload\" style=\"--smush-placeholder-width: 320px; --smush-placeholder-aspect-ratio: 320\/214;\" \/><\/a><\/td>\n<\/tr>\n<tr>\n<td style=\"text-align: center;\"><span style=\"font-size: small;\">Delirio M\u00ecstico (vocalist of the group 7 de brillo) shined<\/span><br \/><span style=\"font-size: small;\">during his presentation in Chulluype for a sea without stains<\/span><br \/><span style=\"font-size: small;\">of oil, a counter-advertising creation of Texaco.<\/span><\/td>\n<\/tr>\n<\/tbody>\n<\/table>\n<p><span style=\"font-family: Times, 'Times New Roman', serif; font-size: large;\">February 14, 2011.- The most anticipated verdict of the last 17 years has just been made public. Nicol\u00e1s Zambrano, judge of the Court of Nueva Loja, recognized that the North American company Chevron-Texaco is guilty of the contamination it left in the Ecuadorian Amazon during its 26 years of operation. <\/p>\n<p>\u201cThe judge has done justice and has seen the reality. We know that this is only one part of our struggle and we will continue until justice is done and the damage is remedied. The world must know what happened in the Amazon and that our struggle is for life, for justice,\u201d said Humberto Piaguaje, leader of the Secoyas. <\/p>\n<p>The damage caused by ChevronTexaco is the largest in history related to oil pollution, not even surpassed by the Gulf of Mexico oil spill caused by BP. The damage caused by Chevron is 10 times greater.<\/p>\n<p>\u201cWe can tell our neighbors and those affected that justice exists. They can dream of being able to drink clean water, without oil residues like we have had to drink until now, we can dream that the land will begin to clean up and improve, we can dream of a better life,\u201d said Guillermo Grefa, leader of the Kichwa community.<\/p>\n<p>The Judge ruled that Chevron must pay 8 billion dollars for the damages caused and must also pay the 10% imposed by the Environmental Management Law\u2026. \u201cNo amount in the world can restore the lives, the damage caused by this contamination, but this amount is not enough to remedy all that was affected. Let us remember that water, life, and the Earth were damaged; that many people died, that is why we believe that the amount should be revised,\u201d said Luis Yanza, coordinator of the Assembly of People Affected by Texaco.<\/p>\n<p>In the ruling, Judge Zambrano also states that the North American multinational must publicly apologize to the victims of the Ecuadorian Amazon for the crime committed. If Chevron refuses, it must pay 100% more than the established economic amount; that is, the economic figure could rise to more than 16 billion dollars.<\/p>\n<p>In determining the total amount that Chevron-Texaco must pay, the judge did not take into account the much-mentioned report of the expert Richard Cabrera, who according to the oil company conspired with the plaintiffs to extort the company. The judge based his ruling on the nearly 100 reports of other experts, many of them paid by Chevron-Texaco itself, who also indicated that there was contamination.<\/p>\n<p>Those affected see this ruling as the beginning of justice, although they know well that the fight will continue and that, above all, Chevron will begin a series of campaigns to discredit reality and try to change the sentence in its favor. For this reason, those affected say that they will be attentive and will continue with the fight until final justice arrives.<\/span><br \/><span style=\"font-family: Times, 'Times New Roman', serif; font-size: large;\"><br \/><\/span><br \/><span style=\"font-family: Times, 'Times New Roman', serif; font-size: large;\">To explain and analyze the scope of this decision, the assembly of those affected by Texaco will hold a press conference this month.<\/span><span style=\"font-size: 12px;\"><span lang=\"ES\" style=\"font-size: 18pt;\">arts May 15, 2011, from the<\/span><\/span><span style=\"font-size: 12px;\"><b><span lang=\"ES\" style=\"font-size: 18pt;\">&nbsp;<\/span><\/b><span lang=\"ES\" style=\"font-size: 18pt;\">10:00 hours in the city of Quito, in<\/span><\/span><span style=\"font-size: 12px;\"><span lang=\"ES\" style=\"font-size: 18pt;\">&nbsp;CIESPAL, Calicuchima Hall.&nbsp;<\/span><\/span><span style=\"font-size: 24px;\">Diego de Almagro Avenue N32-133 and Andrade Marin<\/span><\/p>\n<div style=\"border-bottom-color: initial; border-bottom-style: none; border-bottom-width: medium; border-left-color: initial; border-left-style: none; border-left-width: medium; border-right-color: initial; border-right-style: none; border-right-width: medium; border-top-color: initial; border-top-style: none; border-top-width: medium; font-family: arial, verdana, helvetica, sans-serif; font-size: 12px; margin-bottom: 0pt; margin-left: 0cm; margin-right: 0cm; margin-top: 0cm; padding-bottom: 0cm; padding-left: 0cm; padding-right: 0cm; padding-top: 0cm; position: relative;\"><span lang=\"ES\" style=\"font-size: 18pt;\"><span style=\"font-family: 'Times New Roman';\"><br \/><\/span><\/span><\/div>\n<p><span style=\"font-family: Times, 'Times New Roman', serif; font-size: large;\"> Assembly of People Affected by Texaco<\/span><br \/><span style=\"font-family: Times, 'Times New Roman', serif; font-size: large;\"> e-mail: casotexaco@gmail.com<\/span><br \/><span style=\"font-family: Times, 'Times New Roman', serif; font-size: large;\"> 2273533-2454844<\/span><br \/><span style=\"font-family: Times, 'Times New Roman', serif; font-size: large;\"><br \/><\/span><\/p>\n<div class=\"pvc_clear\"><\/div>\n<p id=\"pvc_stats_1365\" class=\"pvc_stats total_only\" data-element-id=\"1365\" style=\"\"><i class=\"pvc-stats-icon medium\" aria-hidden=\"true\"><svg aria-hidden=\"true\" focusable=\"false\" data-prefix=\"far\" data-icon=\"chart-bar\" role=\"img\" xmlns=\"http:\/\/www.w3.org\/2000\/svg\" viewbox=\"0 0 512 512\" class=\"svg-inline--fa fa-chart-bar fa-w-16 fa-2x\"><path fill=\"currentColor\" d=\"M396.8 352h22.4c6.4 0 12.8-6.4 12.8-12.8V108.8c0-6.4-6.4-12.8-12.8-12.8h-22.4c-6.4 0-12.8 6.4-12.8 12.8v230.4c0 6.4 6.4 12.8 12.8 12.8zm-192 0h22.4c6.4 0 12.8-6.4 12.8-12.8V140.8c0-6.4-6.4-12.8-12.8-12.8h-22.4c-6.4 0-12.8 6.4-12.8 12.8v198.4c0 6.4 6.4 12.8 12.8 12.8zm96 0h22.4c6.4 0 12.8-6.4 12.8-12.8V204.8c0-6.4-6.4-12.8-12.8-12.8h-22.4c-6.4 0-12.8 6.4-12.8 12.8v134.4c0 6.4 6.4 12.8 12.8 12.8zM496 400H48V80c0-8.84-7.16-16-16-16H16C7.16 64 0 71.16 0 80v336c0 17.67 14.33 32 32 32h464c8.84 0 16-7.16 16-16v-16c0-8.84-7.16-16-16-16zm-387.2-48h22.4c6.4 0 12.8-6.4 12.8-12.8v-70.4c0-6.4-6.4-12.8-12.8-12.8h-22.4c-6.4 0-12.8 6.4-12.8 12.8v70.4c0 6.4 6.4 12.8 12.8 12.8z\" class=\"\"><\/path><\/svg><\/i> <img decoding=\"async\" width=\"16\" height=\"16\" alt=\"Loading\" data-src=\"https:\/\/pachamamitaecu.org\/wp-content\/plugins\/page-views-count\/ajax-loader-2x.gif\" border=\"0\" src=\"data:image\/svg+xml;base64,PHN2ZyB3aWR0aD0iMSIgaGVpZ2h0PSIxIiB4bWxucz0iaHR0cDovL3d3dy53My5vcmcvMjAwMC9zdmciPjwvc3ZnPg==\" class=\"lazyload\" style=\"--smush-placeholder-width: 16px; --smush-placeholder-aspect-ratio: 16\/16;\" \/><\/p>\n<div class=\"pvc_clear\"><\/div>","protected":false},"excerpt":{"rendered":"<p>Delirio M\u00ecstico (vocalista de la agrupaci\u00f2n 7 de brillo) luci\u00f2durante su presentaci\u00f2n en Chulluype por un mar sin manchasde petr\u00f2leo una creaci\u00f2n contrapublicitaria de la Texaco. 14 de febrero del 2011.- La sentencia m\u00e1s esperada de los \u00faltimos 17 a\u00f1os acaba de hacerse p\u00fablica. Nicol\u00e1s Zambrano, juez de la Corte de Nueva Loja, reconoci\u00f3 que [&#8230;]\n","protected":false},"author":3,"featured_media":0,"comment_status":"open","ping_status":"closed","sticky":false,"template":"","format":"standard","meta":{"footnotes":""},"categories":[264],"tags":[],"class_list":["post-1365","post","type-post","status-publish","format-standard","hentry","category-noticias"],"a3_pvc":{"activated":true,"total_views":27,"today_views":0},"yoast_head":"<!-- This site is optimized with the Yoast SEO Premium plugin v24.2 (Yoast SEO v27.4) - https:\/\/yoast.com\/product\/yoast-seo-premium-wordpress\/ -->\n<title>CHEVRON-TEXACO CONDENADA A PAGAR POR CONTAMINACI\u00d3N Y CRIMENES CAUSADOS EN ECUADOR - PachaMamita Ecuador<\/title>\n<meta name=\"robots\" content=\"index, follow, max-snippet:-1, max-image-preview:large, max-video-preview:-1\" \/>\n<link rel=\"canonical\" href=\"https:\/\/pachamamitaecu.org\/en\/2011\/02\/15\/chevron-texaco-ordered-to-pay-for-pollution-and-crimes-committed-in-ecuador\/\" \/>\n<meta property=\"og:locale\" content=\"en_US\" \/>\n<meta property=\"og:type\" content=\"article\" \/>\n<meta property=\"og:title\" content=\"CHEVRON-TEXACO CONDENADA A PAGAR POR CONTAMINACI\u00d3N Y CRIMENES CAUSADOS EN ECUADOR\" \/>\n<meta property=\"og:description\" content=\"Delirio M\u00ecstico (vocalista de la agrupaci\u00f2n 7 de brillo) luci\u00f2durante su presentaci\u00f2n en Chulluype por un mar sin manchasde petr\u00f2leo una creaci\u00f2n contrapublicitaria de la Texaco. 14 de febrero del 2011.- La sentencia m\u00e1s esperada de los \u00faltimos 17 a\u00f1os acaba de hacerse p\u00fablica. Nicol\u00e1s Zambrano, juez de la Corte de Nueva Loja, reconoci\u00f3 que [...]\" \/>\n<meta property=\"og:url\" content=\"https:\/\/pachamamitaecu.org\/en\/2011\/02\/15\/chevron-texaco-ordered-to-pay-for-pollution-and-crimes-committed-in-ecuador\/\" \/>\n<meta property=\"og:site_name\" content=\"PachaMamita Ecuador\" \/>\n<meta property=\"article:publisher\" content=\"https:\/\/www.facebook.com\/pachamamitaecu\" \/>\n<meta property=\"article:published_time\" content=\"2011-02-15T02:51:00+00:00\" \/>\n<meta property=\"og:image\" content=\"http:\/\/4.bp.blogspot.com\/-u3xhwXQmaWs\/TVnpjnKWukI\/AAAAAAAAA7I\/ZTT96z078GU\/s320\/181529_189382354416428_180730165281647_533752_3026770_n.jpg\" \/>\n<meta name=\"author\" content=\"PachaMamita EC\" \/>\n<meta name=\"twitter:card\" content=\"summary_large_image\" \/>\n<meta name=\"twitter:label1\" content=\"Written by\" \/>\n\t<meta name=\"twitter:data1\" content=\"PachaMamita EC\" \/>\n\t<meta name=\"twitter:label2\" content=\"Est. reading time\" \/>\n\t<meta name=\"twitter:data2\" content=\"3 minutes\" \/>\n<script type=\"application\/ld+json\" class=\"yoast-schema-graph\">{\"@context\":\"https:\\\/\\\/schema.org\",\"@graph\":[{\"@type\":\"Article\",\"@id\":\"https:\\\/\\\/pachamamitaecu.org\\\/es_es\\\/2011\\\/02\\\/15\\\/chevron-texaco-condenada-a-pagar-por-contaminacion-y-crimenes-causados-en-ecuador\\\/#article\",\"isPartOf\":{\"@id\":\"https:\\\/\\\/pachamamitaecu.org\\\/es_es\\\/2011\\\/02\\\/15\\\/chevron-texaco-condenada-a-pagar-por-contaminacion-y-crimenes-causados-en-ecuador\\\/\"},\"author\":{\"name\":\"PachaMamita EC\",\"@id\":\"https:\\\/\\\/pachamamitaecu.org\\\/es_es\\\/#\\\/schema\\\/person\\\/e8b42afae2451fadab5e0295f02c4593\"},\"headline\":\"CHEVRON-TEXACO CONDENADA A PAGAR POR CONTAMINACI\u00d3N Y CRIMENES CAUSADOS EN ECUADOR\",\"datePublished\":\"2011-02-15T02:51:00+00:00\",\"mainEntityOfPage\":{\"@id\":\"https:\\\/\\\/pachamamitaecu.org\\\/es_es\\\/2011\\\/02\\\/15\\\/chevron-texaco-condenada-a-pagar-por-contaminacion-y-crimenes-causados-en-ecuador\\\/\"},\"wordCount\":642,\"commentCount\":0,\"publisher\":{\"@id\":\"https:\\\/\\\/pachamamitaecu.org\\\/es_es\\\/#organization\"},\"image\":{\"@id\":\"https:\\\/\\\/pachamamitaecu.org\\\/es_es\\\/2011\\\/02\\\/15\\\/chevron-texaco-condenada-a-pagar-por-contaminacion-y-crimenes-causados-en-ecuador\\\/#primaryimage\"},\"thumbnailUrl\":\"http:\\\/\\\/4.bp.blogspot.com\\\/-u3xhwXQmaWs\\\/TVnpjnKWukI\\\/AAAAAAAAA7I\\\/ZTT96z078GU\\\/s320\\\/181529_189382354416428_180730165281647_533752_3026770_n.jpg\",\"articleSection\":[\"noticias\"],\"inLanguage\":\"en-US\",\"potentialAction\":[{\"@type\":\"CommentAction\",\"name\":\"Comment\",\"target\":[\"https:\\\/\\\/pachamamitaecu.org\\\/es_es\\\/2011\\\/02\\\/15\\\/chevron-texaco-condenada-a-pagar-por-contaminacion-y-crimenes-causados-en-ecuador\\\/#respond\"]}]},{\"@type\":\"WebPage\",\"@id\":\"https:\\\/\\\/pachamamitaecu.org\\\/es_es\\\/2011\\\/02\\\/15\\\/chevron-texaco-condenada-a-pagar-por-contaminacion-y-crimenes-causados-en-ecuador\\\/\",\"url\":\"https:\\\/\\\/pachamamitaecu.org\\\/es_es\\\/2011\\\/02\\\/15\\\/chevron-texaco-condenada-a-pagar-por-contaminacion-y-crimenes-causados-en-ecuador\\\/\",\"name\":\"CHEVRON-TEXACO CONDENADA A PAGAR POR CONTAMINACI\u00d3N Y CRIMENES CAUSADOS EN ECUADOR - PachaMamita Ecuador\",\"isPartOf\":{\"@id\":\"https:\\\/\\\/pachamamitaecu.org\\\/es_es\\\/#website\"},\"primaryImageOfPage\":{\"@id\":\"https:\\\/\\\/pachamamitaecu.org\\\/es_es\\\/2011\\\/02\\\/15\\\/chevron-texaco-condenada-a-pagar-por-contaminacion-y-crimenes-causados-en-ecuador\\\/#primaryimage\"},\"image\":{\"@id\":\"https:\\\/\\\/pachamamitaecu.org\\\/es_es\\\/2011\\\/02\\\/15\\\/chevron-texaco-condenada-a-pagar-por-contaminacion-y-crimenes-causados-en-ecuador\\\/#primaryimage\"},\"thumbnailUrl\":\"http:\\\/\\\/4.bp.blogspot.com\\\/-u3xhwXQmaWs\\\/TVnpjnKWukI\\\/AAAAAAAAA7I\\\/ZTT96z078GU\\\/s320\\\/181529_189382354416428_180730165281647_533752_3026770_n.jpg\",\"datePublished\":\"2011-02-15T02:51:00+00:00\",\"breadcrumb\":{\"@id\":\"https:\\\/\\\/pachamamitaecu.org\\\/es_es\\\/2011\\\/02\\\/15\\\/chevron-texaco-condenada-a-pagar-por-contaminacion-y-crimenes-causados-en-ecuador\\\/#breadcrumb\"},\"inLanguage\":\"en-US\",\"potentialAction\":[{\"@type\":\"ReadAction\",\"target\":[\"https:\\\/\\\/pachamamitaecu.org\\\/es_es\\\/2011\\\/02\\\/15\\\/chevron-texaco-condenada-a-pagar-por-contaminacion-y-crimenes-causados-en-ecuador\\\/\"]}]},{\"@type\":\"ImageObject\",\"inLanguage\":\"en-US\",\"@id\":\"https:\\\/\\\/pachamamitaecu.org\\\/es_es\\\/2011\\\/02\\\/15\\\/chevron-texaco-condenada-a-pagar-por-contaminacion-y-crimenes-causados-en-ecuador\\\/#primaryimage\",\"url\":\"http:\\\/\\\/4.bp.blogspot.com\\\/-u3xhwXQmaWs\\\/TVnpjnKWukI\\\/AAAAAAAAA7I\\\/ZTT96z078GU\\\/s320\\\/181529_189382354416428_180730165281647_533752_3026770_n.jpg\",\"contentUrl\":\"http:\\\/\\\/4.bp.blogspot.com\\\/-u3xhwXQmaWs\\\/TVnpjnKWukI\\\/AAAAAAAAA7I\\\/ZTT96z078GU\\\/s320\\\/181529_189382354416428_180730165281647_533752_3026770_n.jpg\"},{\"@type\":\"BreadcrumbList\",\"@id\":\"https:\\\/\\\/pachamamitaecu.org\\\/es_es\\\/2011\\\/02\\\/15\\\/chevron-texaco-condenada-a-pagar-por-contaminacion-y-crimenes-causados-en-ecuador\\\/#breadcrumb\",\"itemListElement\":[{\"@type\":\"ListItem\",\"position\":1,\"name\":\"Portada\",\"item\":\"https:\\\/\\\/pachamamitaecu.org\\\/es_es\\\/\"},{\"@type\":\"ListItem\",\"position\":2,\"name\":\"CHEVRON-TEXACO CONDENADA A PAGAR POR CONTAMINACI\u00d3N Y CRIMENES CAUSADOS EN ECUADOR\"}]},{\"@type\":\"WebSite\",\"@id\":\"https:\\\/\\\/pachamamitaecu.org\\\/es_es\\\/#website\",\"url\":\"https:\\\/\\\/pachamamitaecu.org\\\/es_es\\\/\",\"name\":\"PachaMamita Ecuador\",\"description\":\"CULTURA. AGROECOLOG\u00cdA. TURISMO Y CONSUMO RESPONSABLE-ECUADOR.\",\"publisher\":{\"@id\":\"https:\\\/\\\/pachamamitaecu.org\\\/es_es\\\/#organization\"},\"potentialAction\":[{\"@type\":\"SearchAction\",\"target\":{\"@type\":\"EntryPoint\",\"urlTemplate\":\"https:\\\/\\\/pachamamitaecu.org\\\/es_es\\\/?s={search_term_string}\"},\"query-input\":{\"@type\":\"PropertyValueSpecification\",\"valueRequired\":true,\"valueName\":\"search_term_string\"}}],\"inLanguage\":\"en-US\"},{\"@type\":\"Organization\",\"@id\":\"https:\\\/\\\/pachamamitaecu.org\\\/es_es\\\/#organization\",\"name\":\"PachaMamita Ecuador\",\"url\":\"https:\\\/\\\/pachamamitaecu.org\\\/es_es\\\/\",\"logo\":{\"@type\":\"ImageObject\",\"inLanguage\":\"en-US\",\"@id\":\"https:\\\/\\\/pachamamitaecu.org\\\/es_es\\\/#\\\/schema\\\/logo\\\/image\\\/\",\"url\":\"https:\\\/\\\/pachamamitaecu.org\\\/wp-content\\\/uploads\\\/2024\\\/04\\\/cropped-Diseno-sin-titulo-13.png\",\"contentUrl\":\"https:\\\/\\\/pachamamitaecu.org\\\/wp-content\\\/uploads\\\/2024\\\/04\\\/cropped-Diseno-sin-titulo-13.png\",\"width\":512,\"height\":512,\"caption\":\"PachaMamita Ecuador\"},\"image\":{\"@id\":\"https:\\\/\\\/pachamamitaecu.org\\\/es_es\\\/#\\\/schema\\\/logo\\\/image\\\/\"},\"sameAs\":[\"https:\\\/\\\/www.facebook.com\\\/pachamamitaecu\"]},{\"@type\":\"Person\",\"@id\":\"https:\\\/\\\/pachamamitaecu.org\\\/es_es\\\/#\\\/schema\\\/person\\\/e8b42afae2451fadab5e0295f02c4593\",\"name\":\"PachaMamita EC\",\"image\":{\"@type\":\"ImageObject\",\"inLanguage\":\"en-US\",\"@id\":\"https:\\\/\\\/pachamamitaecu.org\\\/wp-content\\\/litespeed\\\/avatar\\\/23494c9101089ad44ae88ce9d2f56aac.jpg?ver=1777350952\",\"url\":\"https:\\\/\\\/pachamamitaecu.org\\\/wp-content\\\/litespeed\\\/avatar\\\/23494c9101089ad44ae88ce9d2f56aac.jpg?ver=1777350952\",\"contentUrl\":\"https:\\\/\\\/pachamamitaecu.org\\\/wp-content\\\/litespeed\\\/avatar\\\/23494c9101089ad44ae88ce9d2f56aac.jpg?ver=1777350952\",\"caption\":\"PachaMamita EC\"},\"url\":\"https:\\\/\\\/pachamamitaecu.org\\\/en\\\/author\\\/pachamamita-ec\\\/\"}]}<\/script>\n<!-- \/ Yoast SEO Premium plugin. -->","yoast_head_json":{"title":"CHEVRON-TEXACO ORDERED TO PAY FOR POLLUTION AND CRIMES CAUSED IN ECUADOR - PachaMamita Ecuador","robots":{"index":"index","follow":"follow","max-snippet":"max-snippet:-1","max-image-preview":"max-image-preview:large","max-video-preview":"max-video-preview:-1"},"canonical":"https:\/\/pachamamitaecu.org\/en\/2011\/02\/15\/chevron-texaco-ordered-to-pay-for-pollution-and-crimes-committed-in-ecuador\/","og_locale":"en_US","og_type":"article","og_title":"CHEVRON-TEXACO CONDENADA A PAGAR POR CONTAMINACI\u00d3N Y CRIMENES CAUSADOS EN ECUADOR","og_description":"Delirio M\u00ecstico (vocalista de la agrupaci\u00f2n 7 de brillo) luci\u00f2durante su presentaci\u00f2n en Chulluype por un mar sin manchasde petr\u00f2leo una creaci\u00f2n contrapublicitaria de la Texaco. 14 de febrero del 2011.- La sentencia m\u00e1s esperada de los \u00faltimos 17 a\u00f1os acaba de hacerse p\u00fablica. Nicol\u00e1s Zambrano, juez de la Corte de Nueva Loja, reconoci\u00f3 que [...]","og_url":"https:\/\/pachamamitaecu.org\/en\/2011\/02\/15\/chevron-texaco-ordered-to-pay-for-pollution-and-crimes-committed-in-ecuador\/","og_site_name":"PachaMamita Ecuador","article_publisher":"https:\/\/www.facebook.com\/pachamamitaecu","article_published_time":"2011-02-15T02:51:00+00:00","og_image":[{"url":"http:\/\/4.bp.blogspot.com\/-u3xhwXQmaWs\/TVnpjnKWukI\/AAAAAAAAA7I\/ZTT96z078GU\/s320\/181529_189382354416428_180730165281647_533752_3026770_n.jpg","type":"","width":"","height":""}],"author":"PachaMamita EC","twitter_card":"summary_large_image","twitter_misc":{"Written by":"PachaMamita EC","Est. reading time":"3 minutes"},"schema":{"@context":"https:\/\/schema.org","@graph":[{"@type":"Article","@id":"https:\/\/pachamamitaecu.org\/es_es\/2011\/02\/15\/chevron-texaco-condenada-a-pagar-por-contaminacion-y-crimenes-causados-en-ecuador\/#article","isPartOf":{"@id":"https:\/\/pachamamitaecu.org\/es_es\/2011\/02\/15\/chevron-texaco-condenada-a-pagar-por-contaminacion-y-crimenes-causados-en-ecuador\/"},"author":{"name":"PachaMamita EC","@id":"https:\/\/pachamamitaecu.org\/es_es\/#\/schema\/person\/e8b42afae2451fadab5e0295f02c4593"},"headline":"CHEVRON-TEXACO CONDENADA A PAGAR POR CONTAMINACI\u00d3N Y CRIMENES CAUSADOS EN ECUADOR","datePublished":"2011-02-15T02:51:00+00:00","mainEntityOfPage":{"@id":"https:\/\/pachamamitaecu.org\/es_es\/2011\/02\/15\/chevron-texaco-condenada-a-pagar-por-contaminacion-y-crimenes-causados-en-ecuador\/"},"wordCount":642,"commentCount":0,"publisher":{"@id":"https:\/\/pachamamitaecu.org\/es_es\/#organization"},"image":{"@id":"https:\/\/pachamamitaecu.org\/es_es\/2011\/02\/15\/chevron-texaco-condenada-a-pagar-por-contaminacion-y-crimenes-causados-en-ecuador\/#primaryimage"},"thumbnailUrl":"http:\/\/4.bp.blogspot.com\/-u3xhwXQmaWs\/TVnpjnKWukI\/AAAAAAAAA7I\/ZTT96z078GU\/s320\/181529_189382354416428_180730165281647_533752_3026770_n.jpg","articleSection":["noticias"],"inLanguage":"en-US","potentialAction":[{"@type":"CommentAction","name":"Comment","target":["https:\/\/pachamamitaecu.org\/es_es\/2011\/02\/15\/chevron-texaco-condenada-a-pagar-por-contaminacion-y-crimenes-causados-en-ecuador\/#respond"]}]},{"@type":"WebPage","@id":"https:\/\/pachamamitaecu.org\/es_es\/2011\/02\/15\/chevron-texaco-condenada-a-pagar-por-contaminacion-y-crimenes-causados-en-ecuador\/","url":"https:\/\/pachamamitaecu.org\/es_es\/2011\/02\/15\/chevron-texaco-condenada-a-pagar-por-contaminacion-y-crimenes-causados-en-ecuador\/","name":"CHEVRON-TEXACO ORDERED TO PAY FOR POLLUTION AND CRIMES CAUSED IN ECUADOR - PachaMamita Ecuador","isPartOf":{"@id":"https:\/\/pachamamitaecu.org\/es_es\/#website"},"primaryImageOfPage":{"@id":"https:\/\/pachamamitaecu.org\/es_es\/2011\/02\/15\/chevron-texaco-condenada-a-pagar-por-contaminacion-y-crimenes-causados-en-ecuador\/#primaryimage"},"image":{"@id":"https:\/\/pachamamitaecu.org\/es_es\/2011\/02\/15\/chevron-texaco-condenada-a-pagar-por-contaminacion-y-crimenes-causados-en-ecuador\/#primaryimage"},"thumbnailUrl":"http:\/\/4.bp.blogspot.com\/-u3xhwXQmaWs\/TVnpjnKWukI\/AAAAAAAAA7I\/ZTT96z078GU\/s320\/181529_189382354416428_180730165281647_533752_3026770_n.jpg","datePublished":"2011-02-15T02:51:00+00:00","breadcrumb":{"@id":"https:\/\/pachamamitaecu.org\/es_es\/2011\/02\/15\/chevron-texaco-condenada-a-pagar-por-contaminacion-y-crimenes-causados-en-ecuador\/#breadcrumb"},"inLanguage":"en-US","potentialAction":[{"@type":"ReadAction","target":["https:\/\/pachamamitaecu.org\/es_es\/2011\/02\/15\/chevron-texaco-condenada-a-pagar-por-contaminacion-y-crimenes-causados-en-ecuador\/"]}]},{"@type":"ImageObject","inLanguage":"en-US","@id":"https:\/\/pachamamitaecu.org\/es_es\/2011\/02\/15\/chevron-texaco-condenada-a-pagar-por-contaminacion-y-crimenes-causados-en-ecuador\/#primaryimage","url":"http:\/\/4.bp.blogspot.com\/-u3xhwXQmaWs\/TVnpjnKWukI\/AAAAAAAAA7I\/ZTT96z078GU\/s320\/181529_189382354416428_180730165281647_533752_3026770_n.jpg","contentUrl":"http:\/\/4.bp.blogspot.com\/-u3xhwXQmaWs\/TVnpjnKWukI\/AAAAAAAAA7I\/ZTT96z078GU\/s320\/181529_189382354416428_180730165281647_533752_3026770_n.jpg"},{"@type":"BreadcrumbList","@id":"https:\/\/pachamamitaecu.org\/es_es\/2011\/02\/15\/chevron-texaco-condenada-a-pagar-por-contaminacion-y-crimenes-causados-en-ecuador\/#breadcrumb","itemListElement":[{"@type":"ListItem","position":1,"name":"Portada","item":"https:\/\/pachamamitaecu.org\/es_es\/"},{"@type":"ListItem","position":2,"name":"CHEVRON-TEXACO CONDENADA A PAGAR POR CONTAMINACI\u00d3N Y CRIMENES CAUSADOS EN ECUADOR"}]},{"@type":"WebSite","@id":"https:\/\/pachamamitaecu.org\/es_es\/#website","url":"https:\/\/pachamamitaecu.org\/es_es\/","name":"PachaMamita Ecuador","description":"CULTURE. AGROECOLOGY. TOURISM AND RESPONSIBLE CONSUMPTION-ECUADOR.","publisher":{"@id":"https:\/\/pachamamitaecu.org\/es_es\/#organization"},"potentialAction":[{"@type":"SearchAction","target":{"@type":"EntryPoint","urlTemplate":"https:\/\/pachamamitaecu.org\/es_es\/?s={search_term_string}"},"query-input":{"@type":"PropertyValueSpecification","valueRequired":true,"valueName":"search_term_string"}}],"inLanguage":"en-US"},{"@type":"Organization","@id":"https:\/\/pachamamitaecu.org\/es_es\/#organization","name":"PachaMamita Ecuador","url":"https:\/\/pachamamitaecu.org\/es_es\/","logo":{"@type":"ImageObject","inLanguage":"en-US","@id":"https:\/\/pachamamitaecu.org\/es_es\/#\/schema\/logo\/image\/","url":"https:\/\/pachamamitaecu.org\/wp-content\/uploads\/2024\/04\/cropped-Diseno-sin-titulo-13.png","contentUrl":"https:\/\/pachamamitaecu.org\/wp-content\/uploads\/2024\/04\/cropped-Diseno-sin-titulo-13.png","width":512,"height":512,"caption":"PachaMamita Ecuador"},"image":{"@id":"https:\/\/pachamamitaecu.org\/es_es\/#\/schema\/logo\/image\/"},"sameAs":["https:\/\/www.facebook.com\/pachamamitaecu"]},{"@type":"Person","@id":"https:\/\/pachamamitaecu.org\/es_es\/#\/schema\/person\/e8b42afae2451fadab5e0295f02c4593","name":"PachaMamita EC","image":{"@type":"ImageObject","inLanguage":"en-US","@id":"https:\/\/pachamamitaecu.org\/wp-content\/litespeed\/avatar\/23494c9101089ad44ae88ce9d2f56aac.jpg?ver=1777350952","url":"https:\/\/pachamamitaecu.org\/wp-content\/litespeed\/avatar\/23494c9101089ad44ae88ce9d2f56aac.jpg?ver=1777350952","contentUrl":"https:\/\/pachamamitaecu.org\/wp-content\/litespeed\/avatar\/23494c9101089ad44ae88ce9d2f56aac.jpg?ver=1777350952","caption":"PachaMamita EC"},"url":"https:\/\/pachamamitaecu.org\/en\/author\/pachamamita-ec\/"}]}},"_links":{"self":[{"href":"https:\/\/pachamamitaecu.org\/en\/wp-json\/wp\/v2\/posts\/1365","targetHints":{"allow":["GET"]}}],"collection":[{"href":"https:\/\/pachamamitaecu.org\/en\/wp-json\/wp\/v2\/posts"}],"about":[{"href":"https:\/\/pachamamitaecu.org\/en\/wp-json\/wp\/v2\/types\/post"}],"author":[{"embeddable":true,"href":"https:\/\/pachamamitaecu.org\/en\/wp-json\/wp\/v2\/users\/3"}],"replies":[{"embeddable":true,"href":"https:\/\/pachamamitaecu.org\/en\/wp-json\/wp\/v2\/comments?post=1365"}],"version-history":[{"count":0,"href":"https:\/\/pachamamitaecu.org\/en\/wp-json\/wp\/v2\/posts\/1365\/revisions"}],"wp:attachment":[{"href":"https:\/\/pachamamitaecu.org\/en\/wp-json\/wp\/v2\/media?parent=1365"}],"wp:term":[{"taxonomy":"category","embeddable":true,"href":"https:\/\/pachamamitaecu.org\/en\/wp-json\/wp\/v2\/categories?post=1365"},{"taxonomy":"post_tag","embeddable":true,"href":"https:\/\/pachamamitaecu.org\/en\/wp-json\/wp\/v2\/tags?post=1365"}],"curies":[{"name":"wp","href":"https:\/\/api.w.org\/{rel}","templated":true}]}}