{"id":1378,"date":"2011-01-15T20:54:00","date_gmt":"2011-01-15T20:54:00","guid":{"rendered":"http:\/\/pachamamitaecu-org-720647.hostingersite.com\/2011\/01\/15\/una-alternativa-para-no-usar-fundas-plasticas\/"},"modified":"2011-01-15T20:54:00","modified_gmt":"2011-01-15T20:54:00","slug":"una-alternativa-para-no-usar-fundas-plasticas","status":"publish","type":"post","link":"https:\/\/pachamamitaecu.org\/en\/2011\/01\/15\/an-alternative-to-not-using-plastic-bags\/","title":{"rendered":"An alternative to not using plastic bags"},"content":{"rendered":"<p><span style=\"color: #333333; font-size: 14px;\"><\/span><\/p>\n<div style=\"clear: both; text-align: center;\"><a href=\"http:\/\/3.bp.blogspot.com\/_ZWuzfyCxKMs\/TTII-fDnmTI\/AAAAAAAAA30\/Q4M3g6_jukU\/s1600\/italia-prohibe-uso-de-fundas-plasticas-2011013053810-0f0b2f50b351eacc87b1cf82f8ef697b.jpg\" style=\"clear: left; float: left; margin-bottom: 1em; margin-right: 1em;\"><img decoding=\"async\" border=\"0\" data-src=\"http:\/\/3.bp.blogspot.com\/_ZWuzfyCxKMs\/TTII-fDnmTI\/AAAAAAAAA30\/Q4M3g6_jukU\/s1600\/italia-prohibe-uso-de-fundas-plasticas-2011013053810-0f0b2f50b351eacc87b1cf82f8ef697b.jpg\" src=\"data:image\/svg+xml;base64,PHN2ZyB3aWR0aD0iMSIgaGVpZ2h0PSIxIiB4bWxucz0iaHR0cDovL3d3dy53My5vcmcvMjAwMC9zdmciPjwvc3ZnPg==\" class=\"lazyload\" \/><\/a><\/div>\n<h1 style=\"border-bottom-width: 0px; border-color: initial; border-left-width: 0px; border-right-width: 0px; border-style: initial; border-top-width: 0px; color: #003366; font-family: inherit; font-size: 28px; font-style: inherit; font-weight: bold; line-height: 30px; margin-bottom: 16px; margin-left: 0px; margin-right: 0px; margin-top: 0px; outline-color: initial; outline-style: initial; outline-width: 0px; padding-bottom: 0px; padding-left: 0px; padding-right: 0px; padding-top: 0px; vertical-align: baseline;\">An alternative to not using plastic bags<\/h1>\n<p><span style=\"font-size: large;\">Plastic bags, made from oil and gas, have an estimated lifespan of 1,000 years before breaking down into tiny toxic particles. The resulting pollution is extremely dangerous, with the Blue Ocean Society for Ocean Conservation estimating, for example, that there are 46,000 pieces of plastic trash in every square mile of ocean.<\/p>\n<p>An initiative to reduce this impact has already been implemented in Ecuador since November of last year and consists of replacing the plastic bags used in bakeries with environmentally friendly ones.<\/p>\n<p>\u201cThey are 100% ecological and degrade between 60 and 90 days under natural conditions,\u201d explains Freddy J\u00e1come, general manager of Publipan (the franchise that created the alternative).<\/span><\/p>\n<div><span style=\"font-size: large;\"><br \/>One of the places where the most plastic bags are distributed are bakeries, so this initiative seeks to remove nearly 10 million bags from the market in these establishments in one year nationwide.<\/p>\n<p>&quot;We have been selling bread in these types of bags for about three months,&quot; said Mar\u00eda Basurto, an employee at one of the distributors located in Cumbay\u00e1 (Quito).<\/p>\n<p>These eco-friendly bags are made from degradable paper, water-based inks and chemical-free glue, so they can even be used as fertilizer for plants, according to J\u00e1come.<\/p>\n<p>So far, they have distributed 120,000 copies, which are free of charge, since they are financed by the advertising printed on their paper.<\/p>\n<p>The initiative was launched in Spain in 2005 and since then it has prevented 70 million plastic bags from polluting the planet, as the franchise is located in 10 countries.<\/p>\n<p>Prohibition policy<\/p>\n<p>Many governments have banned the distribution of plastic bags because of the danger they represent. Among the countries where the use of these items is not permitted by law are: France, Denmark, Ireland, China, Switzerland and Italy.<\/p>\n<p>\u201cThis should be a government policy worldwide, because there are many alternatives to avoid its use,\u201d says Carlos Beltr\u00e1n, an expert on environmental issues.<\/p>\n<p>Ecuador is the first country in South America to implement the initiative. At the moment, these bags are already being distributed in Quito and Guayaquil.<\/span><\/div>\n<div><span style=\"font-size: large;\"><br \/>Another option is reusable bags to avoid the long decomposition and environmental contamination caused by plastic bags.<\/p>\n<p>At a global level there are 10 countries: Spain, Portugal, Romania, Germany, Costa Rica, Brazil, Colombia.<br \/>Panama, Republic of Moldova, Ecuador.<\/span><\/p>\n<div style=\"border-bottom-width: 0px; border-color: initial; border-left-width: 0px; border-right-width: 0px; border-style: initial; border-top-width: 0px; font-family: inherit; font-style: inherit; font-weight: inherit; line-height: 20px; margin-bottom: 0px; margin-left: 0px; margin-right: 0px; margin-top: 0px; outline-color: initial; outline-style: initial; outline-width: 0px; padding-bottom: 0px; padding-left: 0px; padding-right: 0px; padding-top: 0px; text-align: left !important; vertical-align: baseline;\"><\/div>\n<div style=\"border-bottom-width: 0px; border-color: initial; border-left-width: 0px; border-right-width: 0px; border-style: initial; border-top-width: 0px; font-family: inherit; font-size: 14px; font-style: inherit; font-weight: inherit; line-height: 20px; margin-bottom: 0px; margin-left: 0px; margin-right: 0px; margin-top: 0px; outline-color: initial; outline-style: initial; outline-width: 0px; padding-bottom: 0px; padding-left: 0px; padding-right: 0px; padding-top: 0px; text-align: left !important; vertical-align: baseline;\"><a href=\"http:\/\/www.franquiciashoy.es\/notas-de-prensa\/290706\/una-alternativa-para-no-usar-fundas-plasticas.html\">http:\/\/www.franquiciashoy.es\/notas-de-prensa\/290706\/una-alternativa-para-no-usar-fundas-plasticas.html<\/a><\/div>\n<\/div>\n<div class=\"pvc_clear\"><\/div>\n<p id=\"pvc_stats_1378\" class=\"pvc_stats total_only\" data-element-id=\"1378\" style=\"\"><i class=\"pvc-stats-icon medium\" aria-hidden=\"true\"><svg aria-hidden=\"true\" focusable=\"false\" data-prefix=\"far\" data-icon=\"chart-bar\" role=\"img\" xmlns=\"http:\/\/www.w3.org\/2000\/svg\" viewbox=\"0 0 512 512\" class=\"svg-inline--fa fa-chart-bar fa-w-16 fa-2x\"><path fill=\"currentColor\" d=\"M396.8 352h22.4c6.4 0 12.8-6.4 12.8-12.8V108.8c0-6.4-6.4-12.8-12.8-12.8h-22.4c-6.4 0-12.8 6.4-12.8 12.8v230.4c0 6.4 6.4 12.8 12.8 12.8zm-192 0h22.4c6.4 0 12.8-6.4 12.8-12.8V140.8c0-6.4-6.4-12.8-12.8-12.8h-22.4c-6.4 0-12.8 6.4-12.8 12.8v198.4c0 6.4 6.4 12.8 12.8 12.8zm96 0h22.4c6.4 0 12.8-6.4 12.8-12.8V204.8c0-6.4-6.4-12.8-12.8-12.8h-22.4c-6.4 0-12.8 6.4-12.8 12.8v134.4c0 6.4 6.4 12.8 12.8 12.8zM496 400H48V80c0-8.84-7.16-16-16-16H16C7.16 64 0 71.16 0 80v336c0 17.67 14.33 32 32 32h464c8.84 0 16-7.16 16-16v-16c0-8.84-7.16-16-16-16zm-387.2-48h22.4c6.4 0 12.8-6.4 12.8-12.8v-70.4c0-6.4-6.4-12.8-12.8-12.8h-22.4c-6.4 0-12.8 6.4-12.8 12.8v70.4c0 6.4 6.4 12.8 12.8 12.8z\" class=\"\"><\/path><\/svg><\/i> <img decoding=\"async\" width=\"16\" height=\"16\" alt=\"Loading\" data-src=\"https:\/\/pachamamitaecu.org\/wp-content\/plugins\/page-views-count\/ajax-loader-2x.gif\" border=\"0\" src=\"data:image\/svg+xml;base64,PHN2ZyB3aWR0aD0iMSIgaGVpZ2h0PSIxIiB4bWxucz0iaHR0cDovL3d3dy53My5vcmcvMjAwMC9zdmciPjwvc3ZnPg==\" class=\"lazyload\" style=\"--smush-placeholder-width: 16px; --smush-placeholder-aspect-ratio: 16\/16;\" \/><\/p>\n<div class=\"pvc_clear\"><\/div>","protected":false},"excerpt":{"rendered":"<p>Una alternativa para no usar fundas pl\u00e1sticas Las bolsas pl\u00e1sticas, fabricadas de petr\u00f3leo y gas, tienen un estimado de 1.000 a\u00f1os de vida antes de romperse en peque\u00f1as part\u00edculas t\u00f3xicas. La contaminaci\u00f3n que se genera es extremadamente peligrosa, ya que, por citar un ejemplo, la Sociedad Oc\u00e9ano Azul para la Conservaci\u00f3n del Mar estima que [&#8230;]\n","protected":false},"author":3,"featured_media":0,"comment_status":"open","ping_status":"closed","sticky":false,"template":"","format":"standard","meta":{"footnotes":""},"categories":[264],"tags":[],"class_list":["post-1378","post","type-post","status-publish","format-standard","hentry","category-noticias"],"a3_pvc":{"activated":true,"total_views":43,"today_views":0},"yoast_head":"<!-- This site is optimized with the Yoast SEO Premium plugin v24.2 (Yoast SEO v27.4) - https:\/\/yoast.com\/product\/yoast-seo-premium-wordpress\/ -->\n<title>Una alternativa para no usar fundas pl\u00e1sticas - PachaMamita Ecuador<\/title>\n<meta name=\"robots\" content=\"index, follow, max-snippet:-1, max-image-preview:large, max-video-preview:-1\" \/>\n<link rel=\"canonical\" href=\"https:\/\/pachamamitaecu.org\/en\/2011\/01\/15\/an-alternative-to-not-using-plastic-bags\/\" \/>\n<meta property=\"og:locale\" content=\"en_US\" \/>\n<meta property=\"og:type\" content=\"article\" \/>\n<meta property=\"og:title\" content=\"Una alternativa para no usar fundas pl\u00e1sticas\" \/>\n<meta property=\"og:description\" content=\"Una alternativa para no usar fundas pl\u00e1sticas Las bolsas pl\u00e1sticas, fabricadas de petr\u00f3leo y gas, tienen un estimado de 1.000 a\u00f1os de vida antes de romperse en peque\u00f1as part\u00edculas t\u00f3xicas. La contaminaci\u00f3n que se genera es extremadamente peligrosa, ya que, por citar un ejemplo, la Sociedad Oc\u00e9ano Azul para la Conservaci\u00f3n del Mar estima que [...]\" \/>\n<meta property=\"og:url\" content=\"https:\/\/pachamamitaecu.org\/en\/2011\/01\/15\/an-alternative-to-not-using-plastic-bags\/\" \/>\n<meta property=\"og:site_name\" content=\"PachaMamita Ecuador\" \/>\n<meta property=\"article:publisher\" content=\"https:\/\/www.facebook.com\/pachamamitaecu\" \/>\n<meta property=\"article:published_time\" content=\"2011-01-15T20:54:00+00:00\" \/>\n<meta property=\"og:image\" content=\"http:\/\/3.bp.blogspot.com\/_ZWuzfyCxKMs\/TTII-fDnmTI\/AAAAAAAAA30\/Q4M3g6_jukU\/s1600\/italia-prohibe-uso-de-fundas-plasticas-2011013053810-0f0b2f50b351eacc87b1cf82f8ef697b.jpg\" \/>\n<meta name=\"author\" content=\"PachaMamita EC\" \/>\n<meta name=\"twitter:card\" content=\"summary_large_image\" \/>\n<meta name=\"twitter:label1\" content=\"Written by\" \/>\n\t<meta name=\"twitter:data1\" content=\"PachaMamita EC\" \/>\n\t<meta name=\"twitter:label2\" content=\"Est. reading time\" \/>\n\t<meta name=\"twitter:data2\" content=\"2 minutes\" \/>\n<script type=\"application\/ld+json\" class=\"yoast-schema-graph\">{\"@context\":\"https:\\\/\\\/schema.org\",\"@graph\":[{\"@type\":\"Article\",\"@id\":\"https:\\\/\\\/pachamamitaecu.org\\\/es_es\\\/2011\\\/01\\\/15\\\/una-alternativa-para-no-usar-fundas-plasticas\\\/#article\",\"isPartOf\":{\"@id\":\"https:\\\/\\\/pachamamitaecu.org\\\/es_es\\\/2011\\\/01\\\/15\\\/una-alternativa-para-no-usar-fundas-plasticas\\\/\"},\"author\":{\"name\":\"PachaMamita EC\",\"@id\":\"https:\\\/\\\/pachamamitaecu.org\\\/es_es\\\/#\\\/schema\\\/person\\\/e8b42afae2451fadab5e0295f02c4593\"},\"headline\":\"Una alternativa para no usar fundas pl\u00e1sticas\",\"datePublished\":\"2011-01-15T20:54:00+00:00\",\"mainEntityOfPage\":{\"@id\":\"https:\\\/\\\/pachamamitaecu.org\\\/es_es\\\/2011\\\/01\\\/15\\\/una-alternativa-para-no-usar-fundas-plasticas\\\/\"},\"wordCount\":474,\"commentCount\":0,\"publisher\":{\"@id\":\"https:\\\/\\\/pachamamitaecu.org\\\/es_es\\\/#organization\"},\"image\":{\"@id\":\"https:\\\/\\\/pachamamitaecu.org\\\/es_es\\\/2011\\\/01\\\/15\\\/una-alternativa-para-no-usar-fundas-plasticas\\\/#primaryimage\"},\"thumbnailUrl\":\"http:\\\/\\\/3.bp.blogspot.com\\\/_ZWuzfyCxKMs\\\/TTII-fDnmTI\\\/AAAAAAAAA30\\\/Q4M3g6_jukU\\\/s1600\\\/italia-prohibe-uso-de-fundas-plasticas-2011013053810-0f0b2f50b351eacc87b1cf82f8ef697b.jpg\",\"articleSection\":[\"noticias\"],\"inLanguage\":\"en-US\",\"potentialAction\":[{\"@type\":\"CommentAction\",\"name\":\"Comment\",\"target\":[\"https:\\\/\\\/pachamamitaecu.org\\\/es_es\\\/2011\\\/01\\\/15\\\/una-alternativa-para-no-usar-fundas-plasticas\\\/#respond\"]}]},{\"@type\":\"WebPage\",\"@id\":\"https:\\\/\\\/pachamamitaecu.org\\\/es_es\\\/2011\\\/01\\\/15\\\/una-alternativa-para-no-usar-fundas-plasticas\\\/\",\"url\":\"https:\\\/\\\/pachamamitaecu.org\\\/es_es\\\/2011\\\/01\\\/15\\\/una-alternativa-para-no-usar-fundas-plasticas\\\/\",\"name\":\"Una alternativa para no usar fundas pl\u00e1sticas - PachaMamita Ecuador\",\"isPartOf\":{\"@id\":\"https:\\\/\\\/pachamamitaecu.org\\\/es_es\\\/#website\"},\"primaryImageOfPage\":{\"@id\":\"https:\\\/\\\/pachamamitaecu.org\\\/es_es\\\/2011\\\/01\\\/15\\\/una-alternativa-para-no-usar-fundas-plasticas\\\/#primaryimage\"},\"image\":{\"@id\":\"https:\\\/\\\/pachamamitaecu.org\\\/es_es\\\/2011\\\/01\\\/15\\\/una-alternativa-para-no-usar-fundas-plasticas\\\/#primaryimage\"},\"thumbnailUrl\":\"http:\\\/\\\/3.bp.blogspot.com\\\/_ZWuzfyCxKMs\\\/TTII-fDnmTI\\\/AAAAAAAAA30\\\/Q4M3g6_jukU\\\/s1600\\\/italia-prohibe-uso-de-fundas-plasticas-2011013053810-0f0b2f50b351eacc87b1cf82f8ef697b.jpg\",\"datePublished\":\"2011-01-15T20:54:00+00:00\",\"breadcrumb\":{\"@id\":\"https:\\\/\\\/pachamamitaecu.org\\\/es_es\\\/2011\\\/01\\\/15\\\/una-alternativa-para-no-usar-fundas-plasticas\\\/#breadcrumb\"},\"inLanguage\":\"en-US\",\"potentialAction\":[{\"@type\":\"ReadAction\",\"target\":[\"https:\\\/\\\/pachamamitaecu.org\\\/es_es\\\/2011\\\/01\\\/15\\\/una-alternativa-para-no-usar-fundas-plasticas\\\/\"]}]},{\"@type\":\"ImageObject\",\"inLanguage\":\"en-US\",\"@id\":\"https:\\\/\\\/pachamamitaecu.org\\\/es_es\\\/2011\\\/01\\\/15\\\/una-alternativa-para-no-usar-fundas-plasticas\\\/#primaryimage\",\"url\":\"http:\\\/\\\/3.bp.blogspot.com\\\/_ZWuzfyCxKMs\\\/TTII-fDnmTI\\\/AAAAAAAAA30\\\/Q4M3g6_jukU\\\/s1600\\\/italia-prohibe-uso-de-fundas-plasticas-2011013053810-0f0b2f50b351eacc87b1cf82f8ef697b.jpg\",\"contentUrl\":\"http:\\\/\\\/3.bp.blogspot.com\\\/_ZWuzfyCxKMs\\\/TTII-fDnmTI\\\/AAAAAAAAA30\\\/Q4M3g6_jukU\\\/s1600\\\/italia-prohibe-uso-de-fundas-plasticas-2011013053810-0f0b2f50b351eacc87b1cf82f8ef697b.jpg\"},{\"@type\":\"BreadcrumbList\",\"@id\":\"https:\\\/\\\/pachamamitaecu.org\\\/es_es\\\/2011\\\/01\\\/15\\\/una-alternativa-para-no-usar-fundas-plasticas\\\/#breadcrumb\",\"itemListElement\":[{\"@type\":\"ListItem\",\"position\":1,\"name\":\"Portada\",\"item\":\"https:\\\/\\\/pachamamitaecu.org\\\/es_es\\\/\"},{\"@type\":\"ListItem\",\"position\":2,\"name\":\"Una alternativa para no usar fundas pl\u00e1sticas\"}]},{\"@type\":\"WebSite\",\"@id\":\"https:\\\/\\\/pachamamitaecu.org\\\/es_es\\\/#website\",\"url\":\"https:\\\/\\\/pachamamitaecu.org\\\/es_es\\\/\",\"name\":\"PachaMamita Ecuador\",\"description\":\"CULTURA. AGROECOLOG\u00cdA. TURISMO Y CONSUMO RESPONSABLE-ECUADOR.\",\"publisher\":{\"@id\":\"https:\\\/\\\/pachamamitaecu.org\\\/es_es\\\/#organization\"},\"potentialAction\":[{\"@type\":\"SearchAction\",\"target\":{\"@type\":\"EntryPoint\",\"urlTemplate\":\"https:\\\/\\\/pachamamitaecu.org\\\/es_es\\\/?s={search_term_string}\"},\"query-input\":{\"@type\":\"PropertyValueSpecification\",\"valueRequired\":true,\"valueName\":\"search_term_string\"}}],\"inLanguage\":\"en-US\"},{\"@type\":\"Organization\",\"@id\":\"https:\\\/\\\/pachamamitaecu.org\\\/es_es\\\/#organization\",\"name\":\"PachaMamita Ecuador\",\"url\":\"https:\\\/\\\/pachamamitaecu.org\\\/es_es\\\/\",\"logo\":{\"@type\":\"ImageObject\",\"inLanguage\":\"en-US\",\"@id\":\"https:\\\/\\\/pachamamitaecu.org\\\/es_es\\\/#\\\/schema\\\/logo\\\/image\\\/\",\"url\":\"https:\\\/\\\/pachamamitaecu.org\\\/wp-content\\\/uploads\\\/2024\\\/04\\\/cropped-Diseno-sin-titulo-13.png\",\"contentUrl\":\"https:\\\/\\\/pachamamitaecu.org\\\/wp-content\\\/uploads\\\/2024\\\/04\\\/cropped-Diseno-sin-titulo-13.png\",\"width\":512,\"height\":512,\"caption\":\"PachaMamita Ecuador\"},\"image\":{\"@id\":\"https:\\\/\\\/pachamamitaecu.org\\\/es_es\\\/#\\\/schema\\\/logo\\\/image\\\/\"},\"sameAs\":[\"https:\\\/\\\/www.facebook.com\\\/pachamamitaecu\"]},{\"@type\":\"Person\",\"@id\":\"https:\\\/\\\/pachamamitaecu.org\\\/es_es\\\/#\\\/schema\\\/person\\\/e8b42afae2451fadab5e0295f02c4593\",\"name\":\"PachaMamita EC\",\"image\":{\"@type\":\"ImageObject\",\"inLanguage\":\"en-US\",\"@id\":\"https:\\\/\\\/pachamamitaecu.org\\\/wp-content\\\/litespeed\\\/avatar\\\/23494c9101089ad44ae88ce9d2f56aac.jpg?ver=1777350952\",\"url\":\"https:\\\/\\\/pachamamitaecu.org\\\/wp-content\\\/litespeed\\\/avatar\\\/23494c9101089ad44ae88ce9d2f56aac.jpg?ver=1777350952\",\"contentUrl\":\"https:\\\/\\\/pachamamitaecu.org\\\/wp-content\\\/litespeed\\\/avatar\\\/23494c9101089ad44ae88ce9d2f56aac.jpg?ver=1777350952\",\"caption\":\"PachaMamita EC\"},\"url\":\"https:\\\/\\\/pachamamitaecu.org\\\/en\\\/author\\\/pachamamita-ec\\\/\"}]}<\/script>\n<!-- \/ Yoast SEO Premium plugin. -->","yoast_head_json":{"title":"An alternative to not using plastic bags - PachaMamita Ecuador","robots":{"index":"index","follow":"follow","max-snippet":"max-snippet:-1","max-image-preview":"max-image-preview:large","max-video-preview":"max-video-preview:-1"},"canonical":"https:\/\/pachamamitaecu.org\/en\/2011\/01\/15\/an-alternative-to-not-using-plastic-bags\/","og_locale":"en_US","og_type":"article","og_title":"Una alternativa para no usar fundas pl\u00e1sticas","og_description":"Una alternativa para no usar fundas pl\u00e1sticas Las bolsas pl\u00e1sticas, fabricadas de petr\u00f3leo y gas, tienen un estimado de 1.000 a\u00f1os de vida antes de romperse en peque\u00f1as part\u00edculas t\u00f3xicas. La contaminaci\u00f3n que se genera es extremadamente peligrosa, ya que, por citar un ejemplo, la Sociedad Oc\u00e9ano Azul para la Conservaci\u00f3n del Mar estima que [...]","og_url":"https:\/\/pachamamitaecu.org\/en\/2011\/01\/15\/an-alternative-to-not-using-plastic-bags\/","og_site_name":"PachaMamita Ecuador","article_publisher":"https:\/\/www.facebook.com\/pachamamitaecu","article_published_time":"2011-01-15T20:54:00+00:00","og_image":[{"url":"http:\/\/3.bp.blogspot.com\/_ZWuzfyCxKMs\/TTII-fDnmTI\/AAAAAAAAA30\/Q4M3g6_jukU\/s1600\/italia-prohibe-uso-de-fundas-plasticas-2011013053810-0f0b2f50b351eacc87b1cf82f8ef697b.jpg","type":"","width":"","height":""}],"author":"PachaMamita EC","twitter_card":"summary_large_image","twitter_misc":{"Written by":"PachaMamita EC","Est. reading time":"2 minutes"},"schema":{"@context":"https:\/\/schema.org","@graph":[{"@type":"Article","@id":"https:\/\/pachamamitaecu.org\/es_es\/2011\/01\/15\/una-alternativa-para-no-usar-fundas-plasticas\/#article","isPartOf":{"@id":"https:\/\/pachamamitaecu.org\/es_es\/2011\/01\/15\/una-alternativa-para-no-usar-fundas-plasticas\/"},"author":{"name":"PachaMamita EC","@id":"https:\/\/pachamamitaecu.org\/es_es\/#\/schema\/person\/e8b42afae2451fadab5e0295f02c4593"},"headline":"Una alternativa para no usar fundas pl\u00e1sticas","datePublished":"2011-01-15T20:54:00+00:00","mainEntityOfPage":{"@id":"https:\/\/pachamamitaecu.org\/es_es\/2011\/01\/15\/una-alternativa-para-no-usar-fundas-plasticas\/"},"wordCount":474,"commentCount":0,"publisher":{"@id":"https:\/\/pachamamitaecu.org\/es_es\/#organization"},"image":{"@id":"https:\/\/pachamamitaecu.org\/es_es\/2011\/01\/15\/una-alternativa-para-no-usar-fundas-plasticas\/#primaryimage"},"thumbnailUrl":"http:\/\/3.bp.blogspot.com\/_ZWuzfyCxKMs\/TTII-fDnmTI\/AAAAAAAAA30\/Q4M3g6_jukU\/s1600\/italia-prohibe-uso-de-fundas-plasticas-2011013053810-0f0b2f50b351eacc87b1cf82f8ef697b.jpg","articleSection":["noticias"],"inLanguage":"en-US","potentialAction":[{"@type":"CommentAction","name":"Comment","target":["https:\/\/pachamamitaecu.org\/es_es\/2011\/01\/15\/una-alternativa-para-no-usar-fundas-plasticas\/#respond"]}]},{"@type":"WebPage","@id":"https:\/\/pachamamitaecu.org\/es_es\/2011\/01\/15\/una-alternativa-para-no-usar-fundas-plasticas\/","url":"https:\/\/pachamamitaecu.org\/es_es\/2011\/01\/15\/una-alternativa-para-no-usar-fundas-plasticas\/","name":"An alternative to not using plastic bags - PachaMamita Ecuador","isPartOf":{"@id":"https:\/\/pachamamitaecu.org\/es_es\/#website"},"primaryImageOfPage":{"@id":"https:\/\/pachamamitaecu.org\/es_es\/2011\/01\/15\/una-alternativa-para-no-usar-fundas-plasticas\/#primaryimage"},"image":{"@id":"https:\/\/pachamamitaecu.org\/es_es\/2011\/01\/15\/una-alternativa-para-no-usar-fundas-plasticas\/#primaryimage"},"thumbnailUrl":"http:\/\/3.bp.blogspot.com\/_ZWuzfyCxKMs\/TTII-fDnmTI\/AAAAAAAAA30\/Q4M3g6_jukU\/s1600\/italia-prohibe-uso-de-fundas-plasticas-2011013053810-0f0b2f50b351eacc87b1cf82f8ef697b.jpg","datePublished":"2011-01-15T20:54:00+00:00","breadcrumb":{"@id":"https:\/\/pachamamitaecu.org\/es_es\/2011\/01\/15\/una-alternativa-para-no-usar-fundas-plasticas\/#breadcrumb"},"inLanguage":"en-US","potentialAction":[{"@type":"ReadAction","target":["https:\/\/pachamamitaecu.org\/es_es\/2011\/01\/15\/una-alternativa-para-no-usar-fundas-plasticas\/"]}]},{"@type":"ImageObject","inLanguage":"en-US","@id":"https:\/\/pachamamitaecu.org\/es_es\/2011\/01\/15\/una-alternativa-para-no-usar-fundas-plasticas\/#primaryimage","url":"http:\/\/3.bp.blogspot.com\/_ZWuzfyCxKMs\/TTII-fDnmTI\/AAAAAAAAA30\/Q4M3g6_jukU\/s1600\/italia-prohibe-uso-de-fundas-plasticas-2011013053810-0f0b2f50b351eacc87b1cf82f8ef697b.jpg","contentUrl":"http:\/\/3.bp.blogspot.com\/_ZWuzfyCxKMs\/TTII-fDnmTI\/AAAAAAAAA30\/Q4M3g6_jukU\/s1600\/italia-prohibe-uso-de-fundas-plasticas-2011013053810-0f0b2f50b351eacc87b1cf82f8ef697b.jpg"},{"@type":"BreadcrumbList","@id":"https:\/\/pachamamitaecu.org\/es_es\/2011\/01\/15\/una-alternativa-para-no-usar-fundas-plasticas\/#breadcrumb","itemListElement":[{"@type":"ListItem","position":1,"name":"Portada","item":"https:\/\/pachamamitaecu.org\/es_es\/"},{"@type":"ListItem","position":2,"name":"Una alternativa para no usar fundas pl\u00e1sticas"}]},{"@type":"WebSite","@id":"https:\/\/pachamamitaecu.org\/es_es\/#website","url":"https:\/\/pachamamitaecu.org\/es_es\/","name":"PachaMamita Ecuador","description":"CULTURE. AGROECOLOGY. TOURISM AND RESPONSIBLE CONSUMPTION-ECUADOR.","publisher":{"@id":"https:\/\/pachamamitaecu.org\/es_es\/#organization"},"potentialAction":[{"@type":"SearchAction","target":{"@type":"EntryPoint","urlTemplate":"https:\/\/pachamamitaecu.org\/es_es\/?s={search_term_string}"},"query-input":{"@type":"PropertyValueSpecification","valueRequired":true,"valueName":"search_term_string"}}],"inLanguage":"en-US"},{"@type":"Organization","@id":"https:\/\/pachamamitaecu.org\/es_es\/#organization","name":"PachaMamita Ecuador","url":"https:\/\/pachamamitaecu.org\/es_es\/","logo":{"@type":"ImageObject","inLanguage":"en-US","@id":"https:\/\/pachamamitaecu.org\/es_es\/#\/schema\/logo\/image\/","url":"https:\/\/pachamamitaecu.org\/wp-content\/uploads\/2024\/04\/cropped-Diseno-sin-titulo-13.png","contentUrl":"https:\/\/pachamamitaecu.org\/wp-content\/uploads\/2024\/04\/cropped-Diseno-sin-titulo-13.png","width":512,"height":512,"caption":"PachaMamita Ecuador"},"image":{"@id":"https:\/\/pachamamitaecu.org\/es_es\/#\/schema\/logo\/image\/"},"sameAs":["https:\/\/www.facebook.com\/pachamamitaecu"]},{"@type":"Person","@id":"https:\/\/pachamamitaecu.org\/es_es\/#\/schema\/person\/e8b42afae2451fadab5e0295f02c4593","name":"PachaMamita EC","image":{"@type":"ImageObject","inLanguage":"en-US","@id":"https:\/\/pachamamitaecu.org\/wp-content\/litespeed\/avatar\/23494c9101089ad44ae88ce9d2f56aac.jpg?ver=1777350952","url":"https:\/\/pachamamitaecu.org\/wp-content\/litespeed\/avatar\/23494c9101089ad44ae88ce9d2f56aac.jpg?ver=1777350952","contentUrl":"https:\/\/pachamamitaecu.org\/wp-content\/litespeed\/avatar\/23494c9101089ad44ae88ce9d2f56aac.jpg?ver=1777350952","caption":"PachaMamita EC"},"url":"https:\/\/pachamamitaecu.org\/en\/author\/pachamamita-ec\/"}]}},"_links":{"self":[{"href":"https:\/\/pachamamitaecu.org\/en\/wp-json\/wp\/v2\/posts\/1378","targetHints":{"allow":["GET"]}}],"collection":[{"href":"https:\/\/pachamamitaecu.org\/en\/wp-json\/wp\/v2\/posts"}],"about":[{"href":"https:\/\/pachamamitaecu.org\/en\/wp-json\/wp\/v2\/types\/post"}],"author":[{"embeddable":true,"href":"https:\/\/pachamamitaecu.org\/en\/wp-json\/wp\/v2\/users\/3"}],"replies":[{"embeddable":true,"href":"https:\/\/pachamamitaecu.org\/en\/wp-json\/wp\/v2\/comments?post=1378"}],"version-history":[{"count":0,"href":"https:\/\/pachamamitaecu.org\/en\/wp-json\/wp\/v2\/posts\/1378\/revisions"}],"wp:attachment":[{"href":"https:\/\/pachamamitaecu.org\/en\/wp-json\/wp\/v2\/media?parent=1378"}],"wp:term":[{"taxonomy":"category","embeddable":true,"href":"https:\/\/pachamamitaecu.org\/en\/wp-json\/wp\/v2\/categories?post=1378"},{"taxonomy":"post_tag","embeddable":true,"href":"https:\/\/pachamamitaecu.org\/en\/wp-json\/wp\/v2\/tags?post=1378"}],"curies":[{"name":"wp","href":"https:\/\/api.w.org\/{rel}","templated":true}]}}