{"id":1388,"date":"2011-01-02T04:45:00","date_gmt":"2011-01-02T04:45:00","guid":{"rendered":"http:\/\/pachamamitaecu-org-720647.hostingersite.com\/2011\/01\/02\/se-avanzo-durante-el-ano-de-la-biodiversidad-analisis\/"},"modified":"2011-01-02T04:45:00","modified_gmt":"2011-01-02T04:45:00","slug":"se-avanzo-durante-el-ano-de-la-biodiversidad-analisis","status":"publish","type":"post","link":"https:\/\/pachamamitaecu.org\/en\/2011\/01\/02\/progress-was-made-during-the-year-of-biodiversity-analysis\/","title":{"rendered":"Was there any progress during the Year of Biodiversity? (Analysis)"},"content":{"rendered":"<p><span style=\"font-size: large;\">2010 was named internationally as the International Year for Combating Biodiversity Loss, but it seems that neither globally nor locally there was significant progress on this issue that should have culminated in a major agreement at the Nagoya Biodiversity Summit. This did not happen and from Nagoya there is not even a date to stop the rampant loss of biodiversity, nor funding to achieve it, so that the Summit became another missed opportunity to safeguard the future of biodiversity on Earth.<\/p>\n<p>In Ecuador, the Yasun\u00ed case deserves special attention; the oil spills in the coastal area of the Santa Elena Peninsula, the cases of non-compliance in the reforestation of shrimp farms, and other cases that we will analyze that occurred this year in our country, home to one of the greatest genetic varieties of animals and plants on the planet.<\/p>\n<p>In the case of Yasun\u00ec, with nearly one million hectares of virgin tropical forest, and with the highest number of tree species per hectare in the world; (one hectare of Yasun\u00ed has the same number of native tree species as all of North America); and which is home to almost half of all the birds in the Amazon basin and many similar examples in terms of different varieties of bats, amphibians, reptiles or bees.<\/p>\n<p>Repsol&#039;s oil activity in the Yasun\u00ed involves periodic oil spills, as Ecologistas en Acci\u00f3n and Acci\u00f3n Ecol\u00f3gica have already denounced. But not only that, an oil field involves the construction of infrastructure (pipelines, roads, heliports), seismic surveys, burning gas in the air, toxic waste pools... in short, the destruction of life. According to the environmental organization, what Repsol is doing in the Ecuadorian reserve is more serious than having an oil field in Spanish national parks, where it would also be unthinkable.<\/p>\n<p>Paradoxically, REPSOL received an award from the EIA (Environmental Investment Organization) for its greenhouse gas emissions reports. Additionally, the company has managed to be included in global and European sustainability indexes for its sustainability performance.<\/p>\n<p>This is why we believe that we should continue to insist on the ITT project, which aims to ensure that part of the oil reserves present in the Yasun\u00ed are not exploited in exchange for payment, by the countries and companies of the North, of half of the money that would enter Ecuador if these hydrocarbons were sold. The payment would be in the form of restitution of the ecological debt contracted with Ecuador due to the overuse of hydrocarbons by these countries and the impacts that this entails on life.&nbsp;<\/span><br \/><span style=\"font-size: large;\"><br \/>2. Oil spills in the coastal strip of the Province of Santa Elena; affecting several communities and hundreds of species of fish and dozens of species of mollusks that are part of the more than a thousand species of vertebrates and invertebrates; commercial and non-commercial identified in this area; occur with relative frequency; without demonstrating effective prevention techniques or contingency plans as demonstrated by the<span style=\"color: red;\"> <a href=\"http:\/\/www.ballenitasi.com\/2010\/12\/triste-navidad-ambiental-nuevo-derrame.html\"><span style=\"color: red;\">Last spill occurred at Christmas 2010<\/span><\/a><\/span>; despite the fact that this year the International Symposium on marine-coastal biodiversity was held in Manta.&nbsp;<\/span><br \/><span style=\"font-size: large;\"><br \/>2. Mangroves - At the beginning of the year, and after several complaints from mangrove communities and visits made by teams of <a href=\"http:\/\/www.biodiversidadla.org\/Principal\/Contenido\/Noticias\/Ecuador_mas_ilegalidad_en_la_destruccion_del_manglar\"><span style=\"color: red;\">C-CONDEM<\/span><\/a>&nbsp;(<\/span><span style=\"-webkit-border-horizontal-spacing: 10px; -webkit-border-vertical-spacing: 10px; color: white; font-family: Helvetica, Arial, sans-serif; font-size: 12px;\">&nbsp;<\/span><span style=\"-webkit-border-horizontal-spacing: 10px; -webkit-border-vertical-spacing: 10px;\"><span style=\"font-family: Times, 'Times New Roman', serif; font-size: large;\">National Coordinator for the Defense of the Mangrove Ecosystem)<\/span><\/span><span style=\"font-size: large;\">, it was found that several shrimp farming companies that accepted the regularization proposed by the National Government, reforested areas outside their pools, violating the Decree that explicitly states: in case of felling of mangroves in illegally occupied areas, these must be reforested at their own expense. According to the community members, the argument of the businessmen is that they cannot affect their investments. This situation confronted communities mainly in El Oro, where the associations of shrimp aquaculture companies gave funds to the organizations of shellfish collectors, crab collectors and fishermen to carry out reforestation in places that the organizations determine but outside the pools.&nbsp;<\/span><br \/><span style=\"font-size: large;\"><br \/><\/span><br \/><span style=\"font-size: large;\">4. Species trafficking: Turtles, monkeys, bears and birds are the most trafficked species in our country. The crime of trafficking of animal and plant species ranks third in Ecuador, after drugs and weapons, according to the Ministry of Natural and Cultural Heritage. However, according to Bella Abata, a fiscal agent of Napo, in the Ecuadorian Amazon, there is &quot;no operational capacity&quot; to detect more and it seems that the resources allocated do not bear the same relationship with the importance of the trafficked species, many of them endangered species.<\/span><br \/><span style=\"font-size: large;\"><br \/><\/span><br \/><span style=\"font-size: large;\"><br \/><\/span><\/p>\n<div class=\"pvc_clear\"><\/div>\n<p id=\"pvc_stats_1388\" class=\"pvc_stats total_only\" data-element-id=\"1388\" style=\"\"><i class=\"pvc-stats-icon medium\" aria-hidden=\"true\"><svg aria-hidden=\"true\" focusable=\"false\" data-prefix=\"far\" data-icon=\"chart-bar\" role=\"img\" xmlns=\"http:\/\/www.w3.org\/2000\/svg\" viewbox=\"0 0 512 512\" class=\"svg-inline--fa fa-chart-bar fa-w-16 fa-2x\"><path fill=\"currentColor\" d=\"M396.8 352h22.4c6.4 0 12.8-6.4 12.8-12.8V108.8c0-6.4-6.4-12.8-12.8-12.8h-22.4c-6.4 0-12.8 6.4-12.8 12.8v230.4c0 6.4 6.4 12.8 12.8 12.8zm-192 0h22.4c6.4 0 12.8-6.4 12.8-12.8V140.8c0-6.4-6.4-12.8-12.8-12.8h-22.4c-6.4 0-12.8 6.4-12.8 12.8v198.4c0 6.4 6.4 12.8 12.8 12.8zm96 0h22.4c6.4 0 12.8-6.4 12.8-12.8V204.8c0-6.4-6.4-12.8-12.8-12.8h-22.4c-6.4 0-12.8 6.4-12.8 12.8v134.4c0 6.4 6.4 12.8 12.8 12.8zM496 400H48V80c0-8.84-7.16-16-16-16H16C7.16 64 0 71.16 0 80v336c0 17.67 14.33 32 32 32h464c8.84 0 16-7.16 16-16v-16c0-8.84-7.16-16-16-16zm-387.2-48h22.4c6.4 0 12.8-6.4 12.8-12.8v-70.4c0-6.4-6.4-12.8-12.8-12.8h-22.4c-6.4 0-12.8 6.4-12.8 12.8v70.4c0 6.4 6.4 12.8 12.8 12.8z\" class=\"\"><\/path><\/svg><\/i> <img decoding=\"async\" width=\"16\" height=\"16\" alt=\"Loading\" data-src=\"https:\/\/pachamamitaecu.org\/wp-content\/plugins\/page-views-count\/ajax-loader-2x.gif\" border=\"0\" src=\"data:image\/svg+xml;base64,PHN2ZyB3aWR0aD0iMSIgaGVpZ2h0PSIxIiB4bWxucz0iaHR0cDovL3d3dy53My5vcmcvMjAwMC9zdmciPjwvc3ZnPg==\" class=\"lazyload\" style=\"--smush-placeholder-width: 16px; --smush-placeholder-aspect-ratio: 16\/16;\" \/><\/p>\n<div class=\"pvc_clear\"><\/div>","protected":false},"excerpt":{"rendered":"<p>El 2010 fue nombrado a nivel internacional como el A\u00f1o Internacional de lucha contra la p\u00e9rdida de Biodiversidad, pero pareciera que ni global ni localmente se avanz\u00f2 significativamente en este tema que a nivel mundial deber\u00eda haber culminado con un gran acuerdo en la cumbre sobre Biodiversidad de Nagoya. Esto no ocurri\u00f2 y de Nagoya [&#8230;]\n","protected":false},"author":3,"featured_media":0,"comment_status":"open","ping_status":"closed","sticky":false,"template":"","format":"standard","meta":{"footnotes":""},"categories":[264],"tags":[],"class_list":["post-1388","post","type-post","status-publish","format-standard","hentry","category-noticias"],"a3_pvc":{"activated":true,"total_views":39,"today_views":0},"yoast_head":"<!-- This site is optimized with the Yoast SEO Premium plugin v24.2 (Yoast SEO v27.4) - https:\/\/yoast.com\/product\/yoast-seo-premium-wordpress\/ -->\n<title>Se avanz\u00f2 durante el A\u00f1o de la biodiversidad ? (An\u00e0lisis) - PachaMamita Ecuador<\/title>\n<meta name=\"robots\" content=\"index, follow, max-snippet:-1, max-image-preview:large, max-video-preview:-1\" \/>\n<link rel=\"canonical\" href=\"https:\/\/pachamamitaecu.org\/en\/2011\/01\/02\/progress-was-made-during-the-year-of-biodiversity-analysis\/\" \/>\n<meta property=\"og:locale\" content=\"en_US\" \/>\n<meta property=\"og:type\" content=\"article\" \/>\n<meta property=\"og:title\" content=\"Se avanz\u00f2 durante el A\u00f1o de la biodiversidad ? (An\u00e0lisis)\" \/>\n<meta property=\"og:description\" content=\"El 2010 fue nombrado a nivel internacional como el A\u00f1o Internacional de lucha contra la p\u00e9rdida de Biodiversidad, pero pareciera que ni global ni localmente se avanz\u00f2 significativamente en este tema que a nivel mundial deber\u00eda haber culminado con un gran acuerdo en la cumbre sobre Biodiversidad de Nagoya. Esto no ocurri\u00f2 y de Nagoya [...]\" \/>\n<meta property=\"og:url\" content=\"https:\/\/pachamamitaecu.org\/en\/2011\/01\/02\/progress-was-made-during-the-year-of-biodiversity-analysis\/\" \/>\n<meta property=\"og:site_name\" content=\"PachaMamita Ecuador\" \/>\n<meta property=\"article:publisher\" content=\"https:\/\/www.facebook.com\/pachamamitaecu\" \/>\n<meta property=\"article:published_time\" content=\"2011-01-02T04:45:00+00:00\" \/>\n<meta name=\"author\" content=\"PachaMamita EC\" \/>\n<meta name=\"twitter:card\" content=\"summary_large_image\" \/>\n<meta name=\"twitter:label1\" content=\"Written by\" \/>\n\t<meta name=\"twitter:data1\" content=\"PachaMamita EC\" \/>\n\t<meta name=\"twitter:label2\" content=\"Est. reading time\" \/>\n\t<meta name=\"twitter:data2\" content=\"4 minutes\" \/>\n<script type=\"application\/ld+json\" class=\"yoast-schema-graph\">{\"@context\":\"https:\\\/\\\/schema.org\",\"@graph\":[{\"@type\":\"Article\",\"@id\":\"https:\\\/\\\/pachamamitaecu.org\\\/es_es\\\/2011\\\/01\\\/02\\\/se-avanzo-durante-el-ano-de-la-biodiversidad-analisis\\\/#article\",\"isPartOf\":{\"@id\":\"https:\\\/\\\/pachamamitaecu.org\\\/es_es\\\/2011\\\/01\\\/02\\\/se-avanzo-durante-el-ano-de-la-biodiversidad-analisis\\\/\"},\"author\":{\"name\":\"PachaMamita EC\",\"@id\":\"https:\\\/\\\/pachamamitaecu.org\\\/es_es\\\/#\\\/schema\\\/person\\\/e8b42afae2451fadab5e0295f02c4593\"},\"headline\":\"Se avanz\u00f2 durante el A\u00f1o de la biodiversidad ? (An\u00e0lisis)\",\"datePublished\":\"2011-01-02T04:45:00+00:00\",\"mainEntityOfPage\":{\"@id\":\"https:\\\/\\\/pachamamitaecu.org\\\/es_es\\\/2011\\\/01\\\/02\\\/se-avanzo-durante-el-ano-de-la-biodiversidad-analisis\\\/\"},\"wordCount\":845,\"commentCount\":0,\"publisher\":{\"@id\":\"https:\\\/\\\/pachamamitaecu.org\\\/es_es\\\/#organization\"},\"articleSection\":[\"noticias\"],\"inLanguage\":\"en-US\",\"potentialAction\":[{\"@type\":\"CommentAction\",\"name\":\"Comment\",\"target\":[\"https:\\\/\\\/pachamamitaecu.org\\\/es_es\\\/2011\\\/01\\\/02\\\/se-avanzo-durante-el-ano-de-la-biodiversidad-analisis\\\/#respond\"]}]},{\"@type\":\"WebPage\",\"@id\":\"https:\\\/\\\/pachamamitaecu.org\\\/es_es\\\/2011\\\/01\\\/02\\\/se-avanzo-durante-el-ano-de-la-biodiversidad-analisis\\\/\",\"url\":\"https:\\\/\\\/pachamamitaecu.org\\\/es_es\\\/2011\\\/01\\\/02\\\/se-avanzo-durante-el-ano-de-la-biodiversidad-analisis\\\/\",\"name\":\"Se avanz\u00f2 durante el A\u00f1o de la biodiversidad ? (An\u00e0lisis) - PachaMamita Ecuador\",\"isPartOf\":{\"@id\":\"https:\\\/\\\/pachamamitaecu.org\\\/es_es\\\/#website\"},\"datePublished\":\"2011-01-02T04:45:00+00:00\",\"breadcrumb\":{\"@id\":\"https:\\\/\\\/pachamamitaecu.org\\\/es_es\\\/2011\\\/01\\\/02\\\/se-avanzo-durante-el-ano-de-la-biodiversidad-analisis\\\/#breadcrumb\"},\"inLanguage\":\"en-US\",\"potentialAction\":[{\"@type\":\"ReadAction\",\"target\":[\"https:\\\/\\\/pachamamitaecu.org\\\/es_es\\\/2011\\\/01\\\/02\\\/se-avanzo-durante-el-ano-de-la-biodiversidad-analisis\\\/\"]}]},{\"@type\":\"BreadcrumbList\",\"@id\":\"https:\\\/\\\/pachamamitaecu.org\\\/es_es\\\/2011\\\/01\\\/02\\\/se-avanzo-durante-el-ano-de-la-biodiversidad-analisis\\\/#breadcrumb\",\"itemListElement\":[{\"@type\":\"ListItem\",\"position\":1,\"name\":\"Portada\",\"item\":\"https:\\\/\\\/pachamamitaecu.org\\\/es_es\\\/\"},{\"@type\":\"ListItem\",\"position\":2,\"name\":\"Se avanz\u00f2 durante el A\u00f1o de la biodiversidad ? (An\u00e0lisis)\"}]},{\"@type\":\"WebSite\",\"@id\":\"https:\\\/\\\/pachamamitaecu.org\\\/es_es\\\/#website\",\"url\":\"https:\\\/\\\/pachamamitaecu.org\\\/es_es\\\/\",\"name\":\"PachaMamita Ecuador\",\"description\":\"CULTURA. AGROECOLOG\u00cdA. TURISMO Y CONSUMO RESPONSABLE-ECUADOR.\",\"publisher\":{\"@id\":\"https:\\\/\\\/pachamamitaecu.org\\\/es_es\\\/#organization\"},\"potentialAction\":[{\"@type\":\"SearchAction\",\"target\":{\"@type\":\"EntryPoint\",\"urlTemplate\":\"https:\\\/\\\/pachamamitaecu.org\\\/es_es\\\/?s={search_term_string}\"},\"query-input\":{\"@type\":\"PropertyValueSpecification\",\"valueRequired\":true,\"valueName\":\"search_term_string\"}}],\"inLanguage\":\"en-US\"},{\"@type\":\"Organization\",\"@id\":\"https:\\\/\\\/pachamamitaecu.org\\\/es_es\\\/#organization\",\"name\":\"PachaMamita Ecuador\",\"url\":\"https:\\\/\\\/pachamamitaecu.org\\\/es_es\\\/\",\"logo\":{\"@type\":\"ImageObject\",\"inLanguage\":\"en-US\",\"@id\":\"https:\\\/\\\/pachamamitaecu.org\\\/es_es\\\/#\\\/schema\\\/logo\\\/image\\\/\",\"url\":\"https:\\\/\\\/pachamamitaecu.org\\\/wp-content\\\/uploads\\\/2024\\\/04\\\/cropped-Diseno-sin-titulo-13.png\",\"contentUrl\":\"https:\\\/\\\/pachamamitaecu.org\\\/wp-content\\\/uploads\\\/2024\\\/04\\\/cropped-Diseno-sin-titulo-13.png\",\"width\":512,\"height\":512,\"caption\":\"PachaMamita Ecuador\"},\"image\":{\"@id\":\"https:\\\/\\\/pachamamitaecu.org\\\/es_es\\\/#\\\/schema\\\/logo\\\/image\\\/\"},\"sameAs\":[\"https:\\\/\\\/www.facebook.com\\\/pachamamitaecu\"]},{\"@type\":\"Person\",\"@id\":\"https:\\\/\\\/pachamamitaecu.org\\\/es_es\\\/#\\\/schema\\\/person\\\/e8b42afae2451fadab5e0295f02c4593\",\"name\":\"PachaMamita EC\",\"image\":{\"@type\":\"ImageObject\",\"inLanguage\":\"en-US\",\"@id\":\"https:\\\/\\\/pachamamitaecu.org\\\/wp-content\\\/litespeed\\\/avatar\\\/23494c9101089ad44ae88ce9d2f56aac.jpg?ver=1777350952\",\"url\":\"https:\\\/\\\/pachamamitaecu.org\\\/wp-content\\\/litespeed\\\/avatar\\\/23494c9101089ad44ae88ce9d2f56aac.jpg?ver=1777350952\",\"contentUrl\":\"https:\\\/\\\/pachamamitaecu.org\\\/wp-content\\\/litespeed\\\/avatar\\\/23494c9101089ad44ae88ce9d2f56aac.jpg?ver=1777350952\",\"caption\":\"PachaMamita EC\"},\"url\":\"https:\\\/\\\/pachamamitaecu.org\\\/en\\\/author\\\/pachamamita-ec\\\/\"}]}<\/script>\n<!-- \/ Yoast SEO Premium plugin. -->","yoast_head_json":{"title":"Was there any progress during the Year of Biodiversity? (Analysis) - PachaMamita Ecuador","robots":{"index":"index","follow":"follow","max-snippet":"max-snippet:-1","max-image-preview":"max-image-preview:large","max-video-preview":"max-video-preview:-1"},"canonical":"https:\/\/pachamamitaecu.org\/en\/2011\/01\/02\/progress-was-made-during-the-year-of-biodiversity-analysis\/","og_locale":"en_US","og_type":"article","og_title":"Se avanz\u00f2 durante el A\u00f1o de la biodiversidad ? (An\u00e0lisis)","og_description":"El 2010 fue nombrado a nivel internacional como el A\u00f1o Internacional de lucha contra la p\u00e9rdida de Biodiversidad, pero pareciera que ni global ni localmente se avanz\u00f2 significativamente en este tema que a nivel mundial deber\u00eda haber culminado con un gran acuerdo en la cumbre sobre Biodiversidad de Nagoya. Esto no ocurri\u00f2 y de Nagoya [...]","og_url":"https:\/\/pachamamitaecu.org\/en\/2011\/01\/02\/progress-was-made-during-the-year-of-biodiversity-analysis\/","og_site_name":"PachaMamita Ecuador","article_publisher":"https:\/\/www.facebook.com\/pachamamitaecu","article_published_time":"2011-01-02T04:45:00+00:00","author":"PachaMamita EC","twitter_card":"summary_large_image","twitter_misc":{"Written by":"PachaMamita EC","Est. reading time":"4 minutes"},"schema":{"@context":"https:\/\/schema.org","@graph":[{"@type":"Article","@id":"https:\/\/pachamamitaecu.org\/es_es\/2011\/01\/02\/se-avanzo-durante-el-ano-de-la-biodiversidad-analisis\/#article","isPartOf":{"@id":"https:\/\/pachamamitaecu.org\/es_es\/2011\/01\/02\/se-avanzo-durante-el-ano-de-la-biodiversidad-analisis\/"},"author":{"name":"PachaMamita EC","@id":"https:\/\/pachamamitaecu.org\/es_es\/#\/schema\/person\/e8b42afae2451fadab5e0295f02c4593"},"headline":"Se avanz\u00f2 durante el A\u00f1o de la biodiversidad ? (An\u00e0lisis)","datePublished":"2011-01-02T04:45:00+00:00","mainEntityOfPage":{"@id":"https:\/\/pachamamitaecu.org\/es_es\/2011\/01\/02\/se-avanzo-durante-el-ano-de-la-biodiversidad-analisis\/"},"wordCount":845,"commentCount":0,"publisher":{"@id":"https:\/\/pachamamitaecu.org\/es_es\/#organization"},"articleSection":["noticias"],"inLanguage":"en-US","potentialAction":[{"@type":"CommentAction","name":"Comment","target":["https:\/\/pachamamitaecu.org\/es_es\/2011\/01\/02\/se-avanzo-durante-el-ano-de-la-biodiversidad-analisis\/#respond"]}]},{"@type":"WebPage","@id":"https:\/\/pachamamitaecu.org\/es_es\/2011\/01\/02\/se-avanzo-durante-el-ano-de-la-biodiversidad-analisis\/","url":"https:\/\/pachamamitaecu.org\/es_es\/2011\/01\/02\/se-avanzo-durante-el-ano-de-la-biodiversidad-analisis\/","name":"Was there any progress during the Year of Biodiversity? (Analysis) - PachaMamita Ecuador","isPartOf":{"@id":"https:\/\/pachamamitaecu.org\/es_es\/#website"},"datePublished":"2011-01-02T04:45:00+00:00","breadcrumb":{"@id":"https:\/\/pachamamitaecu.org\/es_es\/2011\/01\/02\/se-avanzo-durante-el-ano-de-la-biodiversidad-analisis\/#breadcrumb"},"inLanguage":"en-US","potentialAction":[{"@type":"ReadAction","target":["https:\/\/pachamamitaecu.org\/es_es\/2011\/01\/02\/se-avanzo-durante-el-ano-de-la-biodiversidad-analisis\/"]}]},{"@type":"BreadcrumbList","@id":"https:\/\/pachamamitaecu.org\/es_es\/2011\/01\/02\/se-avanzo-durante-el-ano-de-la-biodiversidad-analisis\/#breadcrumb","itemListElement":[{"@type":"ListItem","position":1,"name":"Portada","item":"https:\/\/pachamamitaecu.org\/es_es\/"},{"@type":"ListItem","position":2,"name":"Se avanz\u00f2 durante el A\u00f1o de la biodiversidad ? (An\u00e0lisis)"}]},{"@type":"WebSite","@id":"https:\/\/pachamamitaecu.org\/es_es\/#website","url":"https:\/\/pachamamitaecu.org\/es_es\/","name":"PachaMamita Ecuador","description":"CULTURE. AGROECOLOGY. TOURISM AND RESPONSIBLE CONSUMPTION-ECUADOR.","publisher":{"@id":"https:\/\/pachamamitaecu.org\/es_es\/#organization"},"potentialAction":[{"@type":"SearchAction","target":{"@type":"EntryPoint","urlTemplate":"https:\/\/pachamamitaecu.org\/es_es\/?s={search_term_string}"},"query-input":{"@type":"PropertyValueSpecification","valueRequired":true,"valueName":"search_term_string"}}],"inLanguage":"en-US"},{"@type":"Organization","@id":"https:\/\/pachamamitaecu.org\/es_es\/#organization","name":"PachaMamita Ecuador","url":"https:\/\/pachamamitaecu.org\/es_es\/","logo":{"@type":"ImageObject","inLanguage":"en-US","@id":"https:\/\/pachamamitaecu.org\/es_es\/#\/schema\/logo\/image\/","url":"https:\/\/pachamamitaecu.org\/wp-content\/uploads\/2024\/04\/cropped-Diseno-sin-titulo-13.png","contentUrl":"https:\/\/pachamamitaecu.org\/wp-content\/uploads\/2024\/04\/cropped-Diseno-sin-titulo-13.png","width":512,"height":512,"caption":"PachaMamita Ecuador"},"image":{"@id":"https:\/\/pachamamitaecu.org\/es_es\/#\/schema\/logo\/image\/"},"sameAs":["https:\/\/www.facebook.com\/pachamamitaecu"]},{"@type":"Person","@id":"https:\/\/pachamamitaecu.org\/es_es\/#\/schema\/person\/e8b42afae2451fadab5e0295f02c4593","name":"PachaMamita EC","image":{"@type":"ImageObject","inLanguage":"en-US","@id":"https:\/\/pachamamitaecu.org\/wp-content\/litespeed\/avatar\/23494c9101089ad44ae88ce9d2f56aac.jpg?ver=1777350952","url":"https:\/\/pachamamitaecu.org\/wp-content\/litespeed\/avatar\/23494c9101089ad44ae88ce9d2f56aac.jpg?ver=1777350952","contentUrl":"https:\/\/pachamamitaecu.org\/wp-content\/litespeed\/avatar\/23494c9101089ad44ae88ce9d2f56aac.jpg?ver=1777350952","caption":"PachaMamita EC"},"url":"https:\/\/pachamamitaecu.org\/en\/author\/pachamamita-ec\/"}]}},"_links":{"self":[{"href":"https:\/\/pachamamitaecu.org\/en\/wp-json\/wp\/v2\/posts\/1388","targetHints":{"allow":["GET"]}}],"collection":[{"href":"https:\/\/pachamamitaecu.org\/en\/wp-json\/wp\/v2\/posts"}],"about":[{"href":"https:\/\/pachamamitaecu.org\/en\/wp-json\/wp\/v2\/types\/post"}],"author":[{"embeddable":true,"href":"https:\/\/pachamamitaecu.org\/en\/wp-json\/wp\/v2\/users\/3"}],"replies":[{"embeddable":true,"href":"https:\/\/pachamamitaecu.org\/en\/wp-json\/wp\/v2\/comments?post=1388"}],"version-history":[{"count":0,"href":"https:\/\/pachamamitaecu.org\/en\/wp-json\/wp\/v2\/posts\/1388\/revisions"}],"wp:attachment":[{"href":"https:\/\/pachamamitaecu.org\/en\/wp-json\/wp\/v2\/media?parent=1388"}],"wp:term":[{"taxonomy":"category","embeddable":true,"href":"https:\/\/pachamamitaecu.org\/en\/wp-json\/wp\/v2\/categories?post=1388"},{"taxonomy":"post_tag","embeddable":true,"href":"https:\/\/pachamamitaecu.org\/en\/wp-json\/wp\/v2\/tags?post=1388"}],"curies":[{"name":"wp","href":"https:\/\/api.w.org\/{rel}","templated":true}]}}