{"id":1395,"date":"2010-12-25T15:53:00","date_gmt":"2010-12-25T15:53:00","guid":{"rendered":"http:\/\/pachamamitaecu-org-720647.hostingersite.com\/2010\/12\/25\/bitacora-del-1-conteo-navideno-de-aves-en-el-bosque-protector-la-prosperina\/"},"modified":"2023-03-01T15:59:15","modified_gmt":"2023-03-01T15:59:15","slug":"bitacora-del-1-conteo-navideno-de-aves-en-el-bosque-protector-la-prosperina","status":"publish","type":"post","link":"https:\/\/pachamamitaecu.org\/en\/2010\/12\/25\/logbook-of-the-1st-christmas-bird-count-in-the-la-prosperina-protective-forest\/","title":{"rendered":"Logbook of the 1st Christmas Bird Count in the La Prosperina Protective Forest"},"content":{"rendered":"<div style=\"clear: both; text-align: center;\"><\/div>\n<div style=\"clear: both; text-align: center;\"><\/div>\n<div style=\"clear: both; text-align: center;\"><\/div>\n<div style=\"clear: both; text-align: center;\"><\/div>\n<p><\/p>\n<div style=\"clear: both; text-align: center;\"><a href=\"http:\/\/1.bp.blogspot.com\/_ZWuzfyCxKMs\/TRYWvIF_I3I\/AAAAAAAAA1c\/C6tcpt7bOis\/s1600\/03112010_014352.jpg\" style=\"clear: left; float: left; margin-bottom: 1em; margin-right: 1em;\"><img decoding=\"async\" border=\"0\" data-src=\"http:\/\/1.bp.blogspot.com\/_ZWuzfyCxKMs\/TRYWvIF_I3I\/AAAAAAAAA1c\/C6tcpt7bOis\/s1600\/03112010_014352.jpg\" src=\"data:image\/svg+xml;base64,PHN2ZyB3aWR0aD0iMSIgaGVpZ2h0PSIxIiB4bWxucz0iaHR0cDovL3d3dy53My5vcmcvMjAwMC9zdmciPjwvc3ZnPg==\" class=\"lazyload\" \/><\/a><\/div>\n<div style=\"text-align: justify;\"><span style=\"color: red; font-family: Times, 'Times New Roman', serif; font-size: large;\">By Pier Luiggi Maquil\u00f3n Lipari<\/span><\/div>\n<div style=\"text-align: justify;\"><span style=\"font-family: Times, 'Times New Roman', serif; font-size: large;\"><br \/><\/span><\/div>\n<div style=\"text-align: justify;\"><span style=\"font-family: Times, 'Times New Roman', serif; font-size: large;\">On December 17 and 18, the 1st Christmas Bird Count was held in the La Prosperina Protective Forest, an event promoted by the Probosque Foundation that sought to determine the populations of bird species in the Forest and surrounding areas (Puerto Hondo Mangroves and El Lago Park).<\/span><\/div>\n<p><span style=\"font-family: Times, 'Times New Roman', serif; font-size: large;\"><\/span><\/p>\n<div style=\"text-align: justify;\"><span style=\"font-family: Times, 'Times New Roman', serif; font-size: large;\"><br \/><\/span><\/div>\n<div style=\"text-align: justify;\"><span style=\"font-family: Times, 'Times New Roman', serif; font-size: large;\">Polytechnic students who are members of the EcoClub, along with other Biology students from the University of Guayaquil, led the nearly 9-hour walk through various sections of the forest.<\/span><\/div>\n<div style=\"text-align: justify;\"><span style=\"font-family: Times, 'Times New Roman', serif; font-size: large;\"><br \/><\/span><\/div>\n<div style=\"text-align: justify;\"><span style=\"font-family: Times, 'Times New Roman', serif; font-size: large;\">The Count began on Friday 17th at 6:00 pm, with the removal of camp and a talk about the methodology to be carried out (counting nocturnal birds). A persistent rain and the noise caused by the end of year festivities delayed the start.<\/span><\/div>\n<div style=\"text-align: justify;\"><span style=\"font-family: Times, 'Times New Roman', serif; font-size: large;\"><br \/><\/span><\/div>\n<div style=\"text-align: justify;\"><span style=\"font-family: Times, 'Times New Roman', serif; font-size: large;\">The count is done by identifying the sounds of the birds. The unrecognized songs were recorded for later identification; and the nightjars, unfortunately, were not included in the results because although we saw them flying close to our heads, we were not able to photograph them to later recognize their gender and species.<\/span><\/div>\n<div style=\"text-align: justify;\"><span style=\"font-family: Times, 'Times New Roman', serif; font-size: large;\"><br \/><\/span><\/div>\n<div style=\"text-align: justify;\"><span style=\"font-family: Times, 'Times New Roman', serif; font-size: large;\">The night count revealed environmental problems, the main one being poaching, both in protected areas of the Cerro Blanco and La Prosperina BPs. The night count ended around 02:00.<\/span><\/div>\n<div style=\"text-align: justify;\"><span style=\"font-family: Times, 'Times New Roman', serif; font-size: large;\"><br \/><\/span><\/div>\n<div style=\"text-align: justify;\"><span style=\"font-family: Times, 'Times New Roman', serif; font-size: large;\">The next day the daytime count began at 05h30 with a light drizzle and 8\/8 cloud cover. We were amazed to see a flock of about 250 swifts flying over the lake feeding. The appearance of a snake-necked swift was something exceptional, it is difficult to see this aquatic bird.<\/span><\/div>\n<div style=\"text-align: justify;\"><span style=\"font-family: Times, 'Times New Roman', serif; font-size: large;\"><br \/><\/span><\/div>\n<div style=\"text-align: justify;\"><span style=\"font-family: Times, 'Times New Roman', serif; font-size: large;\">Then, from the lake we advanced to the &quot;antenna edge&quot; sector, along the way we found Pacific owls, savannah finches, colembas, striped wrens, ovenbirds and vermilion flycatchers. This journey was difficult, because due to the rain, the ground was muddy and accumulated on our shoes, putting more weight on our efforts to climb the steep slope. Woodpeckers, euphonias and bluebirds made their appearance.<\/span><\/div>\n<div style=\"text-align: justify;\"><span style=\"font-family: Times, 'Times New Roman', serif; font-size: large;\"><br \/><\/span><\/div>\n<div style=\"text-align: justify;\"><span style=\"font-family: Times, 'Times New Roman', serif; font-size: large;\">It was a pleasure to see a Baron&#039;s Hermit feeding on the nectar of flowers while we were climbing. This species of long-tailed hummingbird was not included in the bird inventory of the BP La Prosperina kept by the EcoClub. There are areas where herbaceous and grassy areas predominate, which favours the presence of seedbeds.<\/span><\/div>\n<div style=\"text-align: justify;\"><span style=\"font-family: Times, 'Times New Roman', serif; font-size: large;\"><br \/><\/span><\/div>\n<div style=\"text-align: justify;\"><span style=\"font-family: Times, 'Times New Roman', serif; font-size: large;\">At 08:47 we observed two rufous-headed chachalacas resting in a tree. This is good news because there was concern that since the area was affected by a forest fire, the noisy song of the chachalacas could no longer be heard.<\/span><\/div>\n<div style=\"text-align: justify;\"><span style=\"font-family: Times, 'Times New Roman', serif; font-size: large;\"><br \/><\/span><\/div>\n<div style=\"text-align: justify;\"><span style=\"font-family: Times, 'Times New Roman', serif; font-size: large;\">We continued walking. At 08h56, we reached the Monkey Wall, one of the best preserved parts of the Forest. The influence of the wall, which provides humidity to the place, creating a semi-deciduous forest, provides ideal conditions for the presence of birds of prey. A few minutes later, a sparrowhawk sang\u2026 then it showed itself. It was a grey-backed sparrowhawk (a species threatened with extinction). As we continued, we observed an event that very few can see in person. Sparrowhawks are solitary species, they are only seen in pairs during courtship, and that was what we saw.<\/span><\/div>\n<div style=\"text-align: justify;\"><span style=\"font-family: Times, 'Times New Roman', serif; font-size: large;\"><br \/><\/span><\/div>\n<div style=\"text-align: justify;\"><span style=\"font-family: Times, 'Times New Roman', serif; font-size: large;\">High above was the female Grey-backed Warbler circling, rising and falling. Nearby, the male was being closely evaluated, testing his flying skills, trying to imitate the female&#039;s flight in order to be accepted and be allowed to mate with her. If the female accepts him, they will mate and she will lay an egg... she usually does this every year, sometimes two or even three, it all depends on how quickly the last chick she had fledges.<\/span><\/div>\n<div style=\"text-align: justify;\"><span style=\"font-family: Times, 'Times New Roman', serif; font-size: large;\"><br \/><\/span><\/div>\n<div style=\"text-align: justify;\"><span style=\"font-family: Times, 'Times New Roman', serif; font-size: large;\">A few metres further on, we could see another endangered species. It was about 10 individuals of the Saffron Goldfinch. Females, males and juveniles were feeding on a nettle plant. And overhead, a Snail-eating Kite was flying over, heading to a place unknown to us, probably heading to look for food in the lake or in the streams and water channels.<\/span><\/div>\n<div style=\"text-align: justify;\"><span style=\"font-family: Times, 'Times New Roman', serif; font-size: large;\"><br \/><\/span><\/div>\n<div style=\"text-align: justify;\"><span style=\"font-family: Times, 'Times New Roman', serif; font-size: large;\">We arrived at a viewing point at 10:00. We took a short break to regain our strength and then returned to camp. At 11:00 we arrived at the lake dock, got into the boat and went out to sea. Gabriel and Leonardo rowed. Gabriel gave direction, Leonardo gave impetus. An osprey appeared trying to find food, although a green kingfisher was luckier when it dived in and caught a small fish. Ruddy wigeons, black-bellied wigeons, jacanas and white-faced ducks predominate in this area.<\/span><\/div>\n<div style=\"text-align: justify;\"><span style=\"font-family: Times, 'Times New Roman', serif; font-size: large;\"><br \/><\/span><\/div>\n<div style=\"text-align: justify;\"><span style=\"font-family: Times, 'Times New Roman', serif; font-size: large;\">Almost at noon, close to finishing the count, a White-tailed Magpie announced itself. I missed it because despite being a common species that I had seen many times in the places we visited, it had not shown up for the count.<\/span><\/div>\n<div style=\"text-align: justify;\"><span style=\"font-family: Times, 'Times New Roman', serif; font-size: large;\"><br \/><\/span><\/div>\n<div style=\"text-align: justify;\"><span style=\"font-family: Times, 'Times New Roman', serif; font-size: large;\">We landed and finished the count. More than 40 species, a few still to be identified. We await with great anticipation the official report and the results of the counts carried out in the other places. Surely, due to the results of this first bird count within the La Prosperina BP, the forest will capture the attention of the country&#039;s scientific community.<\/span><\/div>\n<div class=\"pvc_clear\"><\/div>\n<p id=\"pvc_stats_1395\" class=\"pvc_stats total_only\" data-element-id=\"1395\" style=\"\"><i class=\"pvc-stats-icon medium\" aria-hidden=\"true\"><svg aria-hidden=\"true\" focusable=\"false\" data-prefix=\"far\" data-icon=\"chart-bar\" role=\"img\" xmlns=\"http:\/\/www.w3.org\/2000\/svg\" viewbox=\"0 0 512 512\" class=\"svg-inline--fa fa-chart-bar fa-w-16 fa-2x\"><path fill=\"currentColor\" d=\"M396.8 352h22.4c6.4 0 12.8-6.4 12.8-12.8V108.8c0-6.4-6.4-12.8-12.8-12.8h-22.4c-6.4 0-12.8 6.4-12.8 12.8v230.4c0 6.4 6.4 12.8 12.8 12.8zm-192 0h22.4c6.4 0 12.8-6.4 12.8-12.8V140.8c0-6.4-6.4-12.8-12.8-12.8h-22.4c-6.4 0-12.8 6.4-12.8 12.8v198.4c0 6.4 6.4 12.8 12.8 12.8zm96 0h22.4c6.4 0 12.8-6.4 12.8-12.8V204.8c0-6.4-6.4-12.8-12.8-12.8h-22.4c-6.4 0-12.8 6.4-12.8 12.8v134.4c0 6.4 6.4 12.8 12.8 12.8zM496 400H48V80c0-8.84-7.16-16-16-16H16C7.16 64 0 71.16 0 80v336c0 17.67 14.33 32 32 32h464c8.84 0 16-7.16 16-16v-16c0-8.84-7.16-16-16-16zm-387.2-48h22.4c6.4 0 12.8-6.4 12.8-12.8v-70.4c0-6.4-6.4-12.8-12.8-12.8h-22.4c-6.4 0-12.8 6.4-12.8 12.8v70.4c0 6.4 6.4 12.8 12.8 12.8z\" class=\"\"><\/path><\/svg><\/i> <img decoding=\"async\" width=\"16\" height=\"16\" alt=\"Loading\" data-src=\"https:\/\/pachamamitaecu.org\/wp-content\/plugins\/page-views-count\/ajax-loader-2x.gif\" border=\"0\" src=\"data:image\/svg+xml;base64,PHN2ZyB3aWR0aD0iMSIgaGVpZ2h0PSIxIiB4bWxucz0iaHR0cDovL3d3dy53My5vcmcvMjAwMC9zdmciPjwvc3ZnPg==\" class=\"lazyload\" style=\"--smush-placeholder-width: 16px; --smush-placeholder-aspect-ratio: 16\/16;\" \/><\/p>\n<div class=\"pvc_clear\"><\/div>","protected":false},"excerpt":{"rendered":"<p>Por Pier Luiggi Maquil\u00f3n Lipari El pasado 17 y 18 de Diciembre se realiz\u00f3 el 1\u00b0 Conteo Navide\u00f1o de Aves en el Bosque Protector La Prosperina, evento promovido por la Fundaci\u00f3n Probosque que buscaba determinar las poblaciones de especies de aves del Bosque y zonas aleda\u00f1as a este ( Manglares de Puerto Hondo y Parque [&#8230;]\n","protected":false},"author":3,"featured_media":0,"comment_status":"open","ping_status":"closed","sticky":false,"template":"","format":"standard","meta":{"footnotes":""},"categories":[159,177,264],"tags":[],"class_list":["post-1395","post","type-post","status-publish","format-standard","hentry","category-consumo-responsable","category-destinos-ecoturismo","category-noticias"],"a3_pvc":{"activated":true,"total_views":29,"today_views":0},"yoast_head":"<!-- This site is optimized with the Yoast SEO Premium plugin v24.2 (Yoast SEO v27.4) - https:\/\/yoast.com\/product\/yoast-seo-premium-wordpress\/ -->\n<title>Bit\u00e1cora del 1\u00b0 Conteo Navide\u00f1o de Aves en el Bosque Protector La Prosperina - PachaMamita Ecuador<\/title>\n<meta name=\"robots\" content=\"index, follow, max-snippet:-1, max-image-preview:large, max-video-preview:-1\" \/>\n<link rel=\"canonical\" href=\"https:\/\/pachamamitaecu.org\/en\/2010\/12\/25\/logbook-of-the-1st-christmas-bird-count-in-the-la-prosperina-protective-forest\/\" \/>\n<meta property=\"og:locale\" content=\"en_US\" \/>\n<meta property=\"og:type\" content=\"article\" \/>\n<meta property=\"og:title\" content=\"Bit\u00e1cora del 1\u00b0 Conteo Navide\u00f1o de Aves en el Bosque Protector La Prosperina\" \/>\n<meta property=\"og:description\" content=\"Por Pier Luiggi Maquil\u00f3n Lipari El pasado 17 y 18 de Diciembre se realiz\u00f3 el 1\u00b0 Conteo Navide\u00f1o de Aves en el Bosque Protector La Prosperina, evento promovido por la Fundaci\u00f3n Probosque que buscaba determinar las poblaciones de especies de aves del Bosque y zonas aleda\u00f1as a este ( Manglares de Puerto Hondo y Parque [...]\" \/>\n<meta property=\"og:url\" content=\"https:\/\/pachamamitaecu.org\/en\/2010\/12\/25\/logbook-of-the-1st-christmas-bird-count-in-the-la-prosperina-protective-forest\/\" \/>\n<meta property=\"og:site_name\" content=\"PachaMamita Ecuador\" \/>\n<meta property=\"article:publisher\" content=\"https:\/\/www.facebook.com\/pachamamitaecu\" \/>\n<meta property=\"article:published_time\" content=\"2010-12-25T15:53:00+00:00\" \/>\n<meta property=\"article:modified_time\" content=\"2023-03-01T15:59:15+00:00\" \/>\n<meta property=\"og:image\" content=\"http:\/\/1.bp.blogspot.com\/_ZWuzfyCxKMs\/TRYWvIF_I3I\/AAAAAAAAA1c\/C6tcpt7bOis\/s1600\/03112010_014352.jpg\" \/>\n<meta name=\"author\" content=\"PachaMamita EC\" \/>\n<meta name=\"twitter:card\" content=\"summary_large_image\" \/>\n<meta name=\"twitter:label1\" content=\"Written by\" \/>\n\t<meta name=\"twitter:data1\" content=\"PachaMamita EC\" \/>\n\t<meta name=\"twitter:label2\" content=\"Est. reading time\" \/>\n\t<meta name=\"twitter:data2\" content=\"4 minutes\" \/>\n<script type=\"application\/ld+json\" class=\"yoast-schema-graph\">{\"@context\":\"https:\\\/\\\/schema.org\",\"@graph\":[{\"@type\":\"Article\",\"@id\":\"https:\\\/\\\/pachamamitaecu.org\\\/es_es\\\/2010\\\/12\\\/25\\\/bitacora-del-1-conteo-navideno-de-aves-en-el-bosque-protector-la-prosperina\\\/#article\",\"isPartOf\":{\"@id\":\"https:\\\/\\\/pachamamitaecu.org\\\/es_es\\\/2010\\\/12\\\/25\\\/bitacora-del-1-conteo-navideno-de-aves-en-el-bosque-protector-la-prosperina\\\/\"},\"author\":{\"name\":\"PachaMamita EC\",\"@id\":\"https:\\\/\\\/pachamamitaecu.org\\\/es_es\\\/#\\\/schema\\\/person\\\/e8b42afae2451fadab5e0295f02c4593\"},\"headline\":\"Bit\u00e1cora del 1\u00b0 Conteo Navide\u00f1o de Aves en el Bosque Protector La Prosperina\",\"datePublished\":\"2010-12-25T15:53:00+00:00\",\"dateModified\":\"2023-03-01T15:59:15+00:00\",\"mainEntityOfPage\":{\"@id\":\"https:\\\/\\\/pachamamitaecu.org\\\/es_es\\\/2010\\\/12\\\/25\\\/bitacora-del-1-conteo-navideno-de-aves-en-el-bosque-protector-la-prosperina\\\/\"},\"wordCount\":909,\"commentCount\":0,\"publisher\":{\"@id\":\"https:\\\/\\\/pachamamitaecu.org\\\/es_es\\\/#organization\"},\"image\":{\"@id\":\"https:\\\/\\\/pachamamitaecu.org\\\/es_es\\\/2010\\\/12\\\/25\\\/bitacora-del-1-conteo-navideno-de-aves-en-el-bosque-protector-la-prosperina\\\/#primaryimage\"},\"thumbnailUrl\":\"http:\\\/\\\/1.bp.blogspot.com\\\/_ZWuzfyCxKMs\\\/TRYWvIF_I3I\\\/AAAAAAAAA1c\\\/C6tcpt7bOis\\\/s1600\\\/03112010_014352.jpg\",\"articleSection\":[\"CONSUMO RESPONSABLE\",\"DESTINOS. ECOTURISMO\",\"noticias\"],\"inLanguage\":\"en-US\",\"potentialAction\":[{\"@type\":\"CommentAction\",\"name\":\"Comment\",\"target\":[\"https:\\\/\\\/pachamamitaecu.org\\\/es_es\\\/2010\\\/12\\\/25\\\/bitacora-del-1-conteo-navideno-de-aves-en-el-bosque-protector-la-prosperina\\\/#respond\"]}]},{\"@type\":\"WebPage\",\"@id\":\"https:\\\/\\\/pachamamitaecu.org\\\/es_es\\\/2010\\\/12\\\/25\\\/bitacora-del-1-conteo-navideno-de-aves-en-el-bosque-protector-la-prosperina\\\/\",\"url\":\"https:\\\/\\\/pachamamitaecu.org\\\/es_es\\\/2010\\\/12\\\/25\\\/bitacora-del-1-conteo-navideno-de-aves-en-el-bosque-protector-la-prosperina\\\/\",\"name\":\"Bit\u00e1cora del 1\u00b0 Conteo Navide\u00f1o de Aves en el Bosque Protector La Prosperina - PachaMamita Ecuador\",\"isPartOf\":{\"@id\":\"https:\\\/\\\/pachamamitaecu.org\\\/es_es\\\/#website\"},\"primaryImageOfPage\":{\"@id\":\"https:\\\/\\\/pachamamitaecu.org\\\/es_es\\\/2010\\\/12\\\/25\\\/bitacora-del-1-conteo-navideno-de-aves-en-el-bosque-protector-la-prosperina\\\/#primaryimage\"},\"image\":{\"@id\":\"https:\\\/\\\/pachamamitaecu.org\\\/es_es\\\/2010\\\/12\\\/25\\\/bitacora-del-1-conteo-navideno-de-aves-en-el-bosque-protector-la-prosperina\\\/#primaryimage\"},\"thumbnailUrl\":\"http:\\\/\\\/1.bp.blogspot.com\\\/_ZWuzfyCxKMs\\\/TRYWvIF_I3I\\\/AAAAAAAAA1c\\\/C6tcpt7bOis\\\/s1600\\\/03112010_014352.jpg\",\"datePublished\":\"2010-12-25T15:53:00+00:00\",\"dateModified\":\"2023-03-01T15:59:15+00:00\",\"breadcrumb\":{\"@id\":\"https:\\\/\\\/pachamamitaecu.org\\\/es_es\\\/2010\\\/12\\\/25\\\/bitacora-del-1-conteo-navideno-de-aves-en-el-bosque-protector-la-prosperina\\\/#breadcrumb\"},\"inLanguage\":\"en-US\",\"potentialAction\":[{\"@type\":\"ReadAction\",\"target\":[\"https:\\\/\\\/pachamamitaecu.org\\\/es_es\\\/2010\\\/12\\\/25\\\/bitacora-del-1-conteo-navideno-de-aves-en-el-bosque-protector-la-prosperina\\\/\"]}]},{\"@type\":\"ImageObject\",\"inLanguage\":\"en-US\",\"@id\":\"https:\\\/\\\/pachamamitaecu.org\\\/es_es\\\/2010\\\/12\\\/25\\\/bitacora-del-1-conteo-navideno-de-aves-en-el-bosque-protector-la-prosperina\\\/#primaryimage\",\"url\":\"http:\\\/\\\/1.bp.blogspot.com\\\/_ZWuzfyCxKMs\\\/TRYWvIF_I3I\\\/AAAAAAAAA1c\\\/C6tcpt7bOis\\\/s1600\\\/03112010_014352.jpg\",\"contentUrl\":\"http:\\\/\\\/1.bp.blogspot.com\\\/_ZWuzfyCxKMs\\\/TRYWvIF_I3I\\\/AAAAAAAAA1c\\\/C6tcpt7bOis\\\/s1600\\\/03112010_014352.jpg\"},{\"@type\":\"BreadcrumbList\",\"@id\":\"https:\\\/\\\/pachamamitaecu.org\\\/es_es\\\/2010\\\/12\\\/25\\\/bitacora-del-1-conteo-navideno-de-aves-en-el-bosque-protector-la-prosperina\\\/#breadcrumb\",\"itemListElement\":[{\"@type\":\"ListItem\",\"position\":1,\"name\":\"Portada\",\"item\":\"https:\\\/\\\/pachamamitaecu.org\\\/es_es\\\/\"},{\"@type\":\"ListItem\",\"position\":2,\"name\":\"Bit\u00e1cora del 1\u00b0 Conteo Navide\u00f1o de Aves en el Bosque Protector La Prosperina\"}]},{\"@type\":\"WebSite\",\"@id\":\"https:\\\/\\\/pachamamitaecu.org\\\/es_es\\\/#website\",\"url\":\"https:\\\/\\\/pachamamitaecu.org\\\/es_es\\\/\",\"name\":\"PachaMamita Ecuador\",\"description\":\"CULTURA. AGROECOLOG\u00cdA. TURISMO Y CONSUMO RESPONSABLE-ECUADOR.\",\"publisher\":{\"@id\":\"https:\\\/\\\/pachamamitaecu.org\\\/es_es\\\/#organization\"},\"potentialAction\":[{\"@type\":\"SearchAction\",\"target\":{\"@type\":\"EntryPoint\",\"urlTemplate\":\"https:\\\/\\\/pachamamitaecu.org\\\/es_es\\\/?s={search_term_string}\"},\"query-input\":{\"@type\":\"PropertyValueSpecification\",\"valueRequired\":true,\"valueName\":\"search_term_string\"}}],\"inLanguage\":\"en-US\"},{\"@type\":\"Organization\",\"@id\":\"https:\\\/\\\/pachamamitaecu.org\\\/es_es\\\/#organization\",\"name\":\"PachaMamita Ecuador\",\"url\":\"https:\\\/\\\/pachamamitaecu.org\\\/es_es\\\/\",\"logo\":{\"@type\":\"ImageObject\",\"inLanguage\":\"en-US\",\"@id\":\"https:\\\/\\\/pachamamitaecu.org\\\/es_es\\\/#\\\/schema\\\/logo\\\/image\\\/\",\"url\":\"https:\\\/\\\/pachamamitaecu.org\\\/wp-content\\\/uploads\\\/2024\\\/04\\\/cropped-Diseno-sin-titulo-13.png\",\"contentUrl\":\"https:\\\/\\\/pachamamitaecu.org\\\/wp-content\\\/uploads\\\/2024\\\/04\\\/cropped-Diseno-sin-titulo-13.png\",\"width\":512,\"height\":512,\"caption\":\"PachaMamita Ecuador\"},\"image\":{\"@id\":\"https:\\\/\\\/pachamamitaecu.org\\\/es_es\\\/#\\\/schema\\\/logo\\\/image\\\/\"},\"sameAs\":[\"https:\\\/\\\/www.facebook.com\\\/pachamamitaecu\"]},{\"@type\":\"Person\",\"@id\":\"https:\\\/\\\/pachamamitaecu.org\\\/es_es\\\/#\\\/schema\\\/person\\\/e8b42afae2451fadab5e0295f02c4593\",\"name\":\"PachaMamita EC\",\"image\":{\"@type\":\"ImageObject\",\"inLanguage\":\"en-US\",\"@id\":\"https:\\\/\\\/pachamamitaecu.org\\\/wp-content\\\/litespeed\\\/avatar\\\/23494c9101089ad44ae88ce9d2f56aac.jpg?ver=1777350952\",\"url\":\"https:\\\/\\\/pachamamitaecu.org\\\/wp-content\\\/litespeed\\\/avatar\\\/23494c9101089ad44ae88ce9d2f56aac.jpg?ver=1777350952\",\"contentUrl\":\"https:\\\/\\\/pachamamitaecu.org\\\/wp-content\\\/litespeed\\\/avatar\\\/23494c9101089ad44ae88ce9d2f56aac.jpg?ver=1777350952\",\"caption\":\"PachaMamita EC\"},\"url\":\"https:\\\/\\\/pachamamitaecu.org\\\/en\\\/author\\\/pachamamita-ec\\\/\"}]}<\/script>\n<!-- \/ Yoast SEO Premium plugin. -->","yoast_head_json":{"title":"Logbook of the 1st Christmas Bird Count in the La Prosperina Protective Forest - PachaMamita Ecuador","robots":{"index":"index","follow":"follow","max-snippet":"max-snippet:-1","max-image-preview":"max-image-preview:large","max-video-preview":"max-video-preview:-1"},"canonical":"https:\/\/pachamamitaecu.org\/en\/2010\/12\/25\/logbook-of-the-1st-christmas-bird-count-in-the-la-prosperina-protective-forest\/","og_locale":"en_US","og_type":"article","og_title":"Bit\u00e1cora del 1\u00b0 Conteo Navide\u00f1o de Aves en el Bosque Protector La Prosperina","og_description":"Por Pier Luiggi Maquil\u00f3n Lipari El pasado 17 y 18 de Diciembre se realiz\u00f3 el 1\u00b0 Conteo Navide\u00f1o de Aves en el Bosque Protector La Prosperina, evento promovido por la Fundaci\u00f3n Probosque que buscaba determinar las poblaciones de especies de aves del Bosque y zonas aleda\u00f1as a este ( Manglares de Puerto Hondo y Parque [...]","og_url":"https:\/\/pachamamitaecu.org\/en\/2010\/12\/25\/logbook-of-the-1st-christmas-bird-count-in-the-la-prosperina-protective-forest\/","og_site_name":"PachaMamita Ecuador","article_publisher":"https:\/\/www.facebook.com\/pachamamitaecu","article_published_time":"2010-12-25T15:53:00+00:00","article_modified_time":"2023-03-01T15:59:15+00:00","og_image":[{"url":"http:\/\/1.bp.blogspot.com\/_ZWuzfyCxKMs\/TRYWvIF_I3I\/AAAAAAAAA1c\/C6tcpt7bOis\/s1600\/03112010_014352.jpg","type":"","width":"","height":""}],"author":"PachaMamita EC","twitter_card":"summary_large_image","twitter_misc":{"Written by":"PachaMamita EC","Est. reading time":"4 minutes"},"schema":{"@context":"https:\/\/schema.org","@graph":[{"@type":"Article","@id":"https:\/\/pachamamitaecu.org\/es_es\/2010\/12\/25\/bitacora-del-1-conteo-navideno-de-aves-en-el-bosque-protector-la-prosperina\/#article","isPartOf":{"@id":"https:\/\/pachamamitaecu.org\/es_es\/2010\/12\/25\/bitacora-del-1-conteo-navideno-de-aves-en-el-bosque-protector-la-prosperina\/"},"author":{"name":"PachaMamita EC","@id":"https:\/\/pachamamitaecu.org\/es_es\/#\/schema\/person\/e8b42afae2451fadab5e0295f02c4593"},"headline":"Bit\u00e1cora del 1\u00b0 Conteo Navide\u00f1o de Aves en el Bosque Protector La Prosperina","datePublished":"2010-12-25T15:53:00+00:00","dateModified":"2023-03-01T15:59:15+00:00","mainEntityOfPage":{"@id":"https:\/\/pachamamitaecu.org\/es_es\/2010\/12\/25\/bitacora-del-1-conteo-navideno-de-aves-en-el-bosque-protector-la-prosperina\/"},"wordCount":909,"commentCount":0,"publisher":{"@id":"https:\/\/pachamamitaecu.org\/es_es\/#organization"},"image":{"@id":"https:\/\/pachamamitaecu.org\/es_es\/2010\/12\/25\/bitacora-del-1-conteo-navideno-de-aves-en-el-bosque-protector-la-prosperina\/#primaryimage"},"thumbnailUrl":"http:\/\/1.bp.blogspot.com\/_ZWuzfyCxKMs\/TRYWvIF_I3I\/AAAAAAAAA1c\/C6tcpt7bOis\/s1600\/03112010_014352.jpg","articleSection":["CONSUMO RESPONSABLE","DESTINOS. ECOTURISMO","noticias"],"inLanguage":"en-US","potentialAction":[{"@type":"CommentAction","name":"Comment","target":["https:\/\/pachamamitaecu.org\/es_es\/2010\/12\/25\/bitacora-del-1-conteo-navideno-de-aves-en-el-bosque-protector-la-prosperina\/#respond"]}]},{"@type":"WebPage","@id":"https:\/\/pachamamitaecu.org\/es_es\/2010\/12\/25\/bitacora-del-1-conteo-navideno-de-aves-en-el-bosque-protector-la-prosperina\/","url":"https:\/\/pachamamitaecu.org\/es_es\/2010\/12\/25\/bitacora-del-1-conteo-navideno-de-aves-en-el-bosque-protector-la-prosperina\/","name":"Logbook of the 1st Christmas Bird Count in the La Prosperina Protective Forest - PachaMamita Ecuador","isPartOf":{"@id":"https:\/\/pachamamitaecu.org\/es_es\/#website"},"primaryImageOfPage":{"@id":"https:\/\/pachamamitaecu.org\/es_es\/2010\/12\/25\/bitacora-del-1-conteo-navideno-de-aves-en-el-bosque-protector-la-prosperina\/#primaryimage"},"image":{"@id":"https:\/\/pachamamitaecu.org\/es_es\/2010\/12\/25\/bitacora-del-1-conteo-navideno-de-aves-en-el-bosque-protector-la-prosperina\/#primaryimage"},"thumbnailUrl":"http:\/\/1.bp.blogspot.com\/_ZWuzfyCxKMs\/TRYWvIF_I3I\/AAAAAAAAA1c\/C6tcpt7bOis\/s1600\/03112010_014352.jpg","datePublished":"2010-12-25T15:53:00+00:00","dateModified":"2023-03-01T15:59:15+00:00","breadcrumb":{"@id":"https:\/\/pachamamitaecu.org\/es_es\/2010\/12\/25\/bitacora-del-1-conteo-navideno-de-aves-en-el-bosque-protector-la-prosperina\/#breadcrumb"},"inLanguage":"en-US","potentialAction":[{"@type":"ReadAction","target":["https:\/\/pachamamitaecu.org\/es_es\/2010\/12\/25\/bitacora-del-1-conteo-navideno-de-aves-en-el-bosque-protector-la-prosperina\/"]}]},{"@type":"ImageObject","inLanguage":"en-US","@id":"https:\/\/pachamamitaecu.org\/es_es\/2010\/12\/25\/bitacora-del-1-conteo-navideno-de-aves-en-el-bosque-protector-la-prosperina\/#primaryimage","url":"http:\/\/1.bp.blogspot.com\/_ZWuzfyCxKMs\/TRYWvIF_I3I\/AAAAAAAAA1c\/C6tcpt7bOis\/s1600\/03112010_014352.jpg","contentUrl":"http:\/\/1.bp.blogspot.com\/_ZWuzfyCxKMs\/TRYWvIF_I3I\/AAAAAAAAA1c\/C6tcpt7bOis\/s1600\/03112010_014352.jpg"},{"@type":"BreadcrumbList","@id":"https:\/\/pachamamitaecu.org\/es_es\/2010\/12\/25\/bitacora-del-1-conteo-navideno-de-aves-en-el-bosque-protector-la-prosperina\/#breadcrumb","itemListElement":[{"@type":"ListItem","position":1,"name":"Portada","item":"https:\/\/pachamamitaecu.org\/es_es\/"},{"@type":"ListItem","position":2,"name":"Bit\u00e1cora del 1\u00b0 Conteo Navide\u00f1o de Aves en el Bosque Protector La Prosperina"}]},{"@type":"WebSite","@id":"https:\/\/pachamamitaecu.org\/es_es\/#website","url":"https:\/\/pachamamitaecu.org\/es_es\/","name":"PachaMamita Ecuador","description":"CULTURE. AGROECOLOGY. TOURISM AND RESPONSIBLE CONSUMPTION-ECUADOR.","publisher":{"@id":"https:\/\/pachamamitaecu.org\/es_es\/#organization"},"potentialAction":[{"@type":"SearchAction","target":{"@type":"EntryPoint","urlTemplate":"https:\/\/pachamamitaecu.org\/es_es\/?s={search_term_string}"},"query-input":{"@type":"PropertyValueSpecification","valueRequired":true,"valueName":"search_term_string"}}],"inLanguage":"en-US"},{"@type":"Organization","@id":"https:\/\/pachamamitaecu.org\/es_es\/#organization","name":"PachaMamita Ecuador","url":"https:\/\/pachamamitaecu.org\/es_es\/","logo":{"@type":"ImageObject","inLanguage":"en-US","@id":"https:\/\/pachamamitaecu.org\/es_es\/#\/schema\/logo\/image\/","url":"https:\/\/pachamamitaecu.org\/wp-content\/uploads\/2024\/04\/cropped-Diseno-sin-titulo-13.png","contentUrl":"https:\/\/pachamamitaecu.org\/wp-content\/uploads\/2024\/04\/cropped-Diseno-sin-titulo-13.png","width":512,"height":512,"caption":"PachaMamita Ecuador"},"image":{"@id":"https:\/\/pachamamitaecu.org\/es_es\/#\/schema\/logo\/image\/"},"sameAs":["https:\/\/www.facebook.com\/pachamamitaecu"]},{"@type":"Person","@id":"https:\/\/pachamamitaecu.org\/es_es\/#\/schema\/person\/e8b42afae2451fadab5e0295f02c4593","name":"PachaMamita EC","image":{"@type":"ImageObject","inLanguage":"en-US","@id":"https:\/\/pachamamitaecu.org\/wp-content\/litespeed\/avatar\/23494c9101089ad44ae88ce9d2f56aac.jpg?ver=1777350952","url":"https:\/\/pachamamitaecu.org\/wp-content\/litespeed\/avatar\/23494c9101089ad44ae88ce9d2f56aac.jpg?ver=1777350952","contentUrl":"https:\/\/pachamamitaecu.org\/wp-content\/litespeed\/avatar\/23494c9101089ad44ae88ce9d2f56aac.jpg?ver=1777350952","caption":"PachaMamita EC"},"url":"https:\/\/pachamamitaecu.org\/en\/author\/pachamamita-ec\/"}]}},"_links":{"self":[{"href":"https:\/\/pachamamitaecu.org\/en\/wp-json\/wp\/v2\/posts\/1395","targetHints":{"allow":["GET"]}}],"collection":[{"href":"https:\/\/pachamamitaecu.org\/en\/wp-json\/wp\/v2\/posts"}],"about":[{"href":"https:\/\/pachamamitaecu.org\/en\/wp-json\/wp\/v2\/types\/post"}],"author":[{"embeddable":true,"href":"https:\/\/pachamamitaecu.org\/en\/wp-json\/wp\/v2\/users\/3"}],"replies":[{"embeddable":true,"href":"https:\/\/pachamamitaecu.org\/en\/wp-json\/wp\/v2\/comments?post=1395"}],"version-history":[{"count":0,"href":"https:\/\/pachamamitaecu.org\/en\/wp-json\/wp\/v2\/posts\/1395\/revisions"}],"wp:attachment":[{"href":"https:\/\/pachamamitaecu.org\/en\/wp-json\/wp\/v2\/media?parent=1395"}],"wp:term":[{"taxonomy":"category","embeddable":true,"href":"https:\/\/pachamamitaecu.org\/en\/wp-json\/wp\/v2\/categories?post=1395"},{"taxonomy":"post_tag","embeddable":true,"href":"https:\/\/pachamamitaecu.org\/en\/wp-json\/wp\/v2\/tags?post=1395"}],"curies":[{"name":"wp","href":"https:\/\/api.w.org\/{rel}","templated":true}]}}