{"id":1532,"date":"2010-03-11T19:59:00","date_gmt":"2010-03-11T19:59:00","guid":{"rendered":"http:\/\/pachamamitaecu-org-720647.hostingersite.com\/2010\/03\/11\/defensores-de-los-bosques-de-esmeraldas-asesinados\/"},"modified":"2010-03-11T19:59:00","modified_gmt":"2010-03-11T19:59:00","slug":"defensores-de-los-bosques-de-esmeraldas-asesinados","status":"publish","type":"post","link":"https:\/\/pachamamitaecu.org\/en\/2010\/03\/11\/defenders-of-emerald-forests-murdered\/","title":{"rendered":"Defenders of the Emerald Forests Killed"},"content":{"rendered":"<p><span style=\"font-family: arial, helvetica, clean, sans-serif; font-size: 13px; line-height: 15px;\"><\/span><\/p>\n<div style=\"text-align: center;\"><span style=\"color: red;\"><span style=\"font-size: x-large;\">IN THE PUREST PARAMILITARY STYLE<\/span><\/span><\/div>\n<p><span style=\"color: red;\">Mr. Jos\u00e9 Aguilar T., defender of the last remnants of Esmeralda&#039;s tropical forests, and his wife were found dead in violent conditions on Thursday, February 25, 2010.<\/span><br \/><span style=\"color: red;\"><br \/><\/span><\/p>\n<div>\n<div style=\"clear: both; text-align: center;\"><a href=\"http:\/\/1.bp.blogspot.com\/_ZWuzfyCxKMs\/TBhZ-GbaplI\/AAAAAAAAAQc\/amIYkmoE80o\/s1600\/20070417klpgeogra_26_Ies_SCO.jpg\" style=\"clear: left; float: left; margin-bottom: 1em; margin-right: 1em;\"><img decoding=\"async\" border=\"0\" height=\"208\" data-src=\"http:\/\/1.bp.blogspot.com\/_ZWuzfyCxKMs\/TBhZ-GbaplI\/AAAAAAAAAQc\/amIYkmoE80o\/s320\/20070417klpgeogra_26_Ies_SCO.jpg\" width=\"320\" src=\"data:image\/svg+xml;base64,PHN2ZyB3aWR0aD0iMSIgaGVpZ2h0PSIxIiB4bWxucz0iaHR0cDovL3d3dy53My5vcmcvMjAwMC9zdmciPjwvc3ZnPg==\" class=\"lazyload\" style=\"--smush-placeholder-width: 320px; --smush-placeholder-aspect-ratio: 320\/208;\" \/><\/a><\/div>\n<p><span style=\"font-family: Georgia, Times New Roman, serif;\"><span style=\"color: purple;\"><span>The property where they lived in Hoja Blanca, Malimpia parish, in Esmeraldas, bordered the &quot;El Pambilar&quot; Protective Forest, which according to the Constitutional Court (2002), was illegally awarded to the logging company <\/span><\/span><span style=\"color: red;\">Tropical Forests SA, BOTROSA<\/span><span style=\"color: purple;\">, property of the business group <span style=\"color: red;\">DURINI ROCK.<\/span><\/span><\/span><\/div>\n<div><span style=\"font-family: Georgia, Times New Roman, serif;\"><span style=\"color: purple;\"><br \/>For more than 10 years, Jos\u00e9 Aguilar was a defender of the rights of nature in his locality and denounced the abuses of which many peasants were victims, for not wanting to sell their settlement rights to BOTROSA.<\/p>\n<p>Jos\u00e9 Aguilar was tried for <\/span><span style=\"color: red;\">BOTROSA (DURINI PE\u00d1A)<\/span><span style=\"color: purple;\"> accused of organizing pseudo-cooperatives and invading private property. This legal action was filed through an amnesty by the National Constituent Assembly (June 2008), in favor of people and social leaders criminalized for defending their rights.<\/p>\n<p>The deaths coincide with Judge Victoria Chang-Huang&#039;s historic decision to return the El Pambilar protected forest to the State (Jan. 2010). For all these years, the property had been illegally in the hands of the company. <\/span><span style=\"color: red;\">BOTROSA (DURINI PE\u00d1A)<\/span><span style=\"color: purple;\">, however, the company refuses to abandon El Pambilar, (El Comercio, 12 Feb. 2010). and replicated in a testimony by Aguilar regarding this situation on La Luna radio, a few days before his murder.<\/span><\/span><\/div>\n<div><span style=\"color: purple; font-family: Georgia, Times New Roman, serif;\"><br \/>Currently, El Pambilar is an area of permanent confrontation, which is why the signatory organizations urgently call for compliance with the Constitutional Court&#039;s resolution, that is, for El Pambilar to be effectively returned to the State.<\/p>\n<p>However, what is happening in Pambilar is not exceptional in relation to the situation of violence in Esmeraldas, which can be seen in daily media reports and which represents a scenario of vulnerability for social organizations and communities involved in socio-environmental conflicts.<\/p>\n<p>We demand that the Undersecretary of Human Rights of the Ministry of Justice urgently activate its surveillance authority in Esmeraldas and issue recommendations to the competent authorities that can help contain the risk factors for the inhabitants of the province.<\/p>\n<p>Likewise, the Attorney General&#039;s Office should undertake an exhaustive investigation into the motives, perpetrators and circumstances of the death of leader Jos\u00e9 Aguilar and his wife, so that these crimes do not go unpunished and attacks against other community leaders and their families are prevented, as we have already seen unfortunately happen in the sister country of Colombia.<\/p>\n<p>Finally, we invite the media to monitor and report on the situation of human rights violations in the province of Esmeraldas, the situation of nature defenders throughout the country, as well as the process of restitution of the Pambilar Property to the State.<\/span><br \/><span style=\"color: purple; font-family: Georgia, Times New Roman, serif;\"><br \/><span style=\"color: red;\">OUT BOTROSA, YOU&#039;RE DESTROYING<\/span><br \/>Sincerely,<\/p>\n<p>Elsie Monge CEDHU Cecilia Ch\u00e9rrez ECOLOGICAL ACTION<br \/>Sandra Naula INREDH Nora Fernandez CDES<\/span><\/div>\n<div><span style=\"color: purple; font-family: Georgia, Times New Roman, serif;\"><br \/><span style=\"color: red;\">TODAY, AS BEFORE, THEY CAN KILL PEOPLE, BUT THEY CANNOT KILL IDEAS.&nbsp;<\/span><\/span><br \/><span style=\"font-family: Georgia, Times New Roman, serif;\"><span style=\"color: red;\"><br \/><\/span><span style=\"color: purple;\">Thank you for helping us spread the word.<\/span><br \/><span style=\"color: purple;\">In the following issues we will provide you with more information on the entire history of damage that BOTROSA (Pe\u00f1a Durini) has been causing and continues to cause in the most remote areas of our country.<\/span><\/span><\/div>\n<div><span style=\"color: purple;\"><span style=\"font-family: Georgia, Times New Roman, serif;\"><br \/><\/span><\/span><\/div>\n<div><span style=\"font-family: Georgia, Times New Roman, serif;\"><a href=\"http:\/\/ballenitasi.blogspot.com\/2010\/03\/1-taller-de-uso-profesional-de-redes.html\"><span style=\"color: red;\">WORKSHOP ON PROFESSIONAL USE OF SOCIAL NETWORKS<\/span><\/a><span style=\"color: red;\"><br \/><\/span><\/span><\/div>\n<div><span style=\"color: red; font-family: Georgia, Times New Roman, serif;\"><a href=\"http:\/\/ballenitasi.blogspot.com\/2010\/03\/tips-para-ahorrar-energia-en-nuestros.html\">TIPS FOR SAVING ENERGY IN OUR HOMES<\/a><\/span><\/div>\n<div class=\"pvc_clear\"><\/div>\n<p id=\"pvc_stats_1532\" class=\"pvc_stats total_only\" data-element-id=\"1532\" style=\"\"><i class=\"pvc-stats-icon medium\" aria-hidden=\"true\"><svg aria-hidden=\"true\" focusable=\"false\" data-prefix=\"far\" data-icon=\"chart-bar\" role=\"img\" xmlns=\"http:\/\/www.w3.org\/2000\/svg\" viewbox=\"0 0 512 512\" class=\"svg-inline--fa fa-chart-bar fa-w-16 fa-2x\"><path fill=\"currentColor\" d=\"M396.8 352h22.4c6.4 0 12.8-6.4 12.8-12.8V108.8c0-6.4-6.4-12.8-12.8-12.8h-22.4c-6.4 0-12.8 6.4-12.8 12.8v230.4c0 6.4 6.4 12.8 12.8 12.8zm-192 0h22.4c6.4 0 12.8-6.4 12.8-12.8V140.8c0-6.4-6.4-12.8-12.8-12.8h-22.4c-6.4 0-12.8 6.4-12.8 12.8v198.4c0 6.4 6.4 12.8 12.8 12.8zm96 0h22.4c6.4 0 12.8-6.4 12.8-12.8V204.8c0-6.4-6.4-12.8-12.8-12.8h-22.4c-6.4 0-12.8 6.4-12.8 12.8v134.4c0 6.4 6.4 12.8 12.8 12.8zM496 400H48V80c0-8.84-7.16-16-16-16H16C7.16 64 0 71.16 0 80v336c0 17.67 14.33 32 32 32h464c8.84 0 16-7.16 16-16v-16c0-8.84-7.16-16-16-16zm-387.2-48h22.4c6.4 0 12.8-6.4 12.8-12.8v-70.4c0-6.4-6.4-12.8-12.8-12.8h-22.4c-6.4 0-12.8 6.4-12.8 12.8v70.4c0 6.4 6.4 12.8 12.8 12.8z\" class=\"\"><\/path><\/svg><\/i> <img decoding=\"async\" width=\"16\" height=\"16\" alt=\"Loading\" data-src=\"https:\/\/pachamamitaecu.org\/wp-content\/plugins\/page-views-count\/ajax-loader-2x.gif\" border=\"0\" src=\"data:image\/svg+xml;base64,PHN2ZyB3aWR0aD0iMSIgaGVpZ2h0PSIxIiB4bWxucz0iaHR0cDovL3d3dy53My5vcmcvMjAwMC9zdmciPjwvc3ZnPg==\" class=\"lazyload\" style=\"--smush-placeholder-width: 16px; --smush-placeholder-aspect-ratio: 16\/16;\" \/><\/p>\n<div class=\"pvc_clear\"><\/div>","protected":false},"excerpt":{"rendered":"<p>AL MAS PURO ESTILO PARAMILITAR El Sr. Jos\u00e9 Aguilar T., defensor de los \u00faltimos remanentes de bosques tropicales esmeralde\u00f1os y su esposa fueron encontrados muertos en condiciones violentas, el jueves 25 de febrero de 2010. El predio donde resid\u00edan en Hoja Blanca, parroquia Malimpia, en Esmeraldas, colindaba con el Bosque Protector \u00abEl Pambilar\u00bb, el cual [&#8230;]\n","protected":false},"author":3,"featured_media":0,"comment_status":"open","ping_status":"closed","sticky":false,"template":"","format":"standard","meta":{"footnotes":""},"categories":[188],"tags":[],"class_list":["post-1532","post","type-post","status-publish","format-standard","hentry","category-madera-petroleo-y-resistencia"],"a3_pvc":{"activated":true,"total_views":18,"today_views":0},"yoast_head":"<!-- This site is optimized with the Yoast SEO Premium plugin v24.2 (Yoast SEO v27.4) - https:\/\/yoast.com\/product\/yoast-seo-premium-wordpress\/ -->\n<title>DEFENSORES DE LOS BOSQUES DE ESMERALDAS ASESINADOS - PachaMamita Ecuador<\/title>\n<meta name=\"robots\" content=\"index, follow, max-snippet:-1, max-image-preview:large, max-video-preview:-1\" \/>\n<link rel=\"canonical\" href=\"https:\/\/pachamamitaecu.org\/en\/2010\/03\/11\/defenders-of-emerald-forests-murdered\/\" \/>\n<meta property=\"og:locale\" content=\"en_US\" \/>\n<meta property=\"og:type\" content=\"article\" \/>\n<meta property=\"og:title\" content=\"DEFENSORES DE LOS BOSQUES DE ESMERALDAS ASESINADOS\" \/>\n<meta property=\"og:description\" content=\"AL MAS PURO ESTILO PARAMILITAR El Sr. Jos\u00e9 Aguilar T., defensor de los \u00faltimos remanentes de bosques tropicales esmeralde\u00f1os y su esposa fueron encontrados muertos en condiciones violentas, el jueves 25 de febrero de 2010. El predio donde resid\u00edan en Hoja Blanca, parroquia Malimpia, en Esmeraldas, colindaba con el Bosque Protector \u00abEl Pambilar\u00bb, el cual [...]\" \/>\n<meta property=\"og:url\" content=\"https:\/\/pachamamitaecu.org\/en\/2010\/03\/11\/defenders-of-emerald-forests-murdered\/\" \/>\n<meta property=\"og:site_name\" content=\"PachaMamita Ecuador\" \/>\n<meta property=\"article:publisher\" content=\"https:\/\/www.facebook.com\/pachamamitaecu\" \/>\n<meta property=\"article:published_time\" content=\"2010-03-11T19:59:00+00:00\" \/>\n<meta property=\"og:image\" content=\"http:\/\/1.bp.blogspot.com\/_ZWuzfyCxKMs\/TBhZ-GbaplI\/AAAAAAAAAQc\/amIYkmoE80o\/s320\/20070417klpgeogra_26_Ies_SCO.jpg\" \/>\n<meta name=\"author\" content=\"PachaMamita EC\" \/>\n<meta name=\"twitter:card\" content=\"summary_large_image\" \/>\n<meta name=\"twitter:label1\" content=\"Written by\" \/>\n\t<meta name=\"twitter:data1\" content=\"PachaMamita EC\" \/>\n\t<meta name=\"twitter:label2\" content=\"Est. reading time\" \/>\n\t<meta name=\"twitter:data2\" content=\"3 minutes\" \/>\n<script type=\"application\/ld+json\" class=\"yoast-schema-graph\">{\"@context\":\"https:\\\/\\\/schema.org\",\"@graph\":[{\"@type\":\"Article\",\"@id\":\"https:\\\/\\\/pachamamitaecu.org\\\/es_es\\\/2010\\\/03\\\/11\\\/defensores-de-los-bosques-de-esmeraldas-asesinados\\\/#article\",\"isPartOf\":{\"@id\":\"https:\\\/\\\/pachamamitaecu.org\\\/es_es\\\/2010\\\/03\\\/11\\\/defensores-de-los-bosques-de-esmeraldas-asesinados\\\/\"},\"author\":{\"name\":\"PachaMamita EC\",\"@id\":\"https:\\\/\\\/pachamamitaecu.org\\\/es_es\\\/#\\\/schema\\\/person\\\/e8b42afae2451fadab5e0295f02c4593\"},\"headline\":\"DEFENSORES DE LOS BOSQUES DE ESMERALDAS ASESINADOS\",\"datePublished\":\"2010-03-11T19:59:00+00:00\",\"mainEntityOfPage\":{\"@id\":\"https:\\\/\\\/pachamamitaecu.org\\\/es_es\\\/2010\\\/03\\\/11\\\/defensores-de-los-bosques-de-esmeraldas-asesinados\\\/\"},\"wordCount\":618,\"commentCount\":0,\"publisher\":{\"@id\":\"https:\\\/\\\/pachamamitaecu.org\\\/es_es\\\/#organization\"},\"image\":{\"@id\":\"https:\\\/\\\/pachamamitaecu.org\\\/es_es\\\/2010\\\/03\\\/11\\\/defensores-de-los-bosques-de-esmeraldas-asesinados\\\/#primaryimage\"},\"thumbnailUrl\":\"http:\\\/\\\/1.bp.blogspot.com\\\/_ZWuzfyCxKMs\\\/TBhZ-GbaplI\\\/AAAAAAAAAQc\\\/amIYkmoE80o\\\/s320\\\/20070417klpgeogra_26_Ies_SCO.jpg\",\"articleSection\":[\"MADERA PETROLEO Y RESISTENCIA\"],\"inLanguage\":\"en-US\",\"potentialAction\":[{\"@type\":\"CommentAction\",\"name\":\"Comment\",\"target\":[\"https:\\\/\\\/pachamamitaecu.org\\\/es_es\\\/2010\\\/03\\\/11\\\/defensores-de-los-bosques-de-esmeraldas-asesinados\\\/#respond\"]}]},{\"@type\":\"WebPage\",\"@id\":\"https:\\\/\\\/pachamamitaecu.org\\\/es_es\\\/2010\\\/03\\\/11\\\/defensores-de-los-bosques-de-esmeraldas-asesinados\\\/\",\"url\":\"https:\\\/\\\/pachamamitaecu.org\\\/es_es\\\/2010\\\/03\\\/11\\\/defensores-de-los-bosques-de-esmeraldas-asesinados\\\/\",\"name\":\"DEFENSORES DE LOS BOSQUES DE ESMERALDAS ASESINADOS - PachaMamita Ecuador\",\"isPartOf\":{\"@id\":\"https:\\\/\\\/pachamamitaecu.org\\\/es_es\\\/#website\"},\"primaryImageOfPage\":{\"@id\":\"https:\\\/\\\/pachamamitaecu.org\\\/es_es\\\/2010\\\/03\\\/11\\\/defensores-de-los-bosques-de-esmeraldas-asesinados\\\/#primaryimage\"},\"image\":{\"@id\":\"https:\\\/\\\/pachamamitaecu.org\\\/es_es\\\/2010\\\/03\\\/11\\\/defensores-de-los-bosques-de-esmeraldas-asesinados\\\/#primaryimage\"},\"thumbnailUrl\":\"http:\\\/\\\/1.bp.blogspot.com\\\/_ZWuzfyCxKMs\\\/TBhZ-GbaplI\\\/AAAAAAAAAQc\\\/amIYkmoE80o\\\/s320\\\/20070417klpgeogra_26_Ies_SCO.jpg\",\"datePublished\":\"2010-03-11T19:59:00+00:00\",\"breadcrumb\":{\"@id\":\"https:\\\/\\\/pachamamitaecu.org\\\/es_es\\\/2010\\\/03\\\/11\\\/defensores-de-los-bosques-de-esmeraldas-asesinados\\\/#breadcrumb\"},\"inLanguage\":\"en-US\",\"potentialAction\":[{\"@type\":\"ReadAction\",\"target\":[\"https:\\\/\\\/pachamamitaecu.org\\\/es_es\\\/2010\\\/03\\\/11\\\/defensores-de-los-bosques-de-esmeraldas-asesinados\\\/\"]}]},{\"@type\":\"ImageObject\",\"inLanguage\":\"en-US\",\"@id\":\"https:\\\/\\\/pachamamitaecu.org\\\/es_es\\\/2010\\\/03\\\/11\\\/defensores-de-los-bosques-de-esmeraldas-asesinados\\\/#primaryimage\",\"url\":\"http:\\\/\\\/1.bp.blogspot.com\\\/_ZWuzfyCxKMs\\\/TBhZ-GbaplI\\\/AAAAAAAAAQc\\\/amIYkmoE80o\\\/s320\\\/20070417klpgeogra_26_Ies_SCO.jpg\",\"contentUrl\":\"http:\\\/\\\/1.bp.blogspot.com\\\/_ZWuzfyCxKMs\\\/TBhZ-GbaplI\\\/AAAAAAAAAQc\\\/amIYkmoE80o\\\/s320\\\/20070417klpgeogra_26_Ies_SCO.jpg\"},{\"@type\":\"BreadcrumbList\",\"@id\":\"https:\\\/\\\/pachamamitaecu.org\\\/es_es\\\/2010\\\/03\\\/11\\\/defensores-de-los-bosques-de-esmeraldas-asesinados\\\/#breadcrumb\",\"itemListElement\":[{\"@type\":\"ListItem\",\"position\":1,\"name\":\"Portada\",\"item\":\"https:\\\/\\\/pachamamitaecu.org\\\/es_es\\\/\"},{\"@type\":\"ListItem\",\"position\":2,\"name\":\"DEFENSORES DE LOS BOSQUES DE ESMERALDAS ASESINADOS\"}]},{\"@type\":\"WebSite\",\"@id\":\"https:\\\/\\\/pachamamitaecu.org\\\/es_es\\\/#website\",\"url\":\"https:\\\/\\\/pachamamitaecu.org\\\/es_es\\\/\",\"name\":\"PachaMamita Ecuador\",\"description\":\"CULTURA. AGROECOLOG\u00cdA. TURISMO Y CONSUMO RESPONSABLE-ECUADOR.\",\"publisher\":{\"@id\":\"https:\\\/\\\/pachamamitaecu.org\\\/es_es\\\/#organization\"},\"potentialAction\":[{\"@type\":\"SearchAction\",\"target\":{\"@type\":\"EntryPoint\",\"urlTemplate\":\"https:\\\/\\\/pachamamitaecu.org\\\/es_es\\\/?s={search_term_string}\"},\"query-input\":{\"@type\":\"PropertyValueSpecification\",\"valueRequired\":true,\"valueName\":\"search_term_string\"}}],\"inLanguage\":\"en-US\"},{\"@type\":\"Organization\",\"@id\":\"https:\\\/\\\/pachamamitaecu.org\\\/es_es\\\/#organization\",\"name\":\"PachaMamita Ecuador\",\"url\":\"https:\\\/\\\/pachamamitaecu.org\\\/es_es\\\/\",\"logo\":{\"@type\":\"ImageObject\",\"inLanguage\":\"en-US\",\"@id\":\"https:\\\/\\\/pachamamitaecu.org\\\/es_es\\\/#\\\/schema\\\/logo\\\/image\\\/\",\"url\":\"https:\\\/\\\/pachamamitaecu.org\\\/wp-content\\\/uploads\\\/2024\\\/04\\\/cropped-Diseno-sin-titulo-13.png\",\"contentUrl\":\"https:\\\/\\\/pachamamitaecu.org\\\/wp-content\\\/uploads\\\/2024\\\/04\\\/cropped-Diseno-sin-titulo-13.png\",\"width\":512,\"height\":512,\"caption\":\"PachaMamita Ecuador\"},\"image\":{\"@id\":\"https:\\\/\\\/pachamamitaecu.org\\\/es_es\\\/#\\\/schema\\\/logo\\\/image\\\/\"},\"sameAs\":[\"https:\\\/\\\/www.facebook.com\\\/pachamamitaecu\"]},{\"@type\":\"Person\",\"@id\":\"https:\\\/\\\/pachamamitaecu.org\\\/es_es\\\/#\\\/schema\\\/person\\\/e8b42afae2451fadab5e0295f02c4593\",\"name\":\"PachaMamita EC\",\"image\":{\"@type\":\"ImageObject\",\"inLanguage\":\"en-US\",\"@id\":\"https:\\\/\\\/pachamamitaecu.org\\\/wp-content\\\/litespeed\\\/avatar\\\/23494c9101089ad44ae88ce9d2f56aac.jpg?ver=1777350952\",\"url\":\"https:\\\/\\\/pachamamitaecu.org\\\/wp-content\\\/litespeed\\\/avatar\\\/23494c9101089ad44ae88ce9d2f56aac.jpg?ver=1777350952\",\"contentUrl\":\"https:\\\/\\\/pachamamitaecu.org\\\/wp-content\\\/litespeed\\\/avatar\\\/23494c9101089ad44ae88ce9d2f56aac.jpg?ver=1777350952\",\"caption\":\"PachaMamita EC\"},\"url\":\"https:\\\/\\\/pachamamitaecu.org\\\/en\\\/author\\\/pachamamita-ec\\\/\"}]}<\/script>\n<!-- \/ Yoast SEO Premium plugin. -->","yoast_head_json":{"title":"Defenders of the Emerald Forests Murdered - PachaMamita Ecuador","robots":{"index":"index","follow":"follow","max-snippet":"max-snippet:-1","max-image-preview":"max-image-preview:large","max-video-preview":"max-video-preview:-1"},"canonical":"https:\/\/pachamamitaecu.org\/en\/2010\/03\/11\/defenders-of-emerald-forests-murdered\/","og_locale":"en_US","og_type":"article","og_title":"DEFENSORES DE LOS BOSQUES DE ESMERALDAS ASESINADOS","og_description":"AL MAS PURO ESTILO PARAMILITAR El Sr. Jos\u00e9 Aguilar T., defensor de los \u00faltimos remanentes de bosques tropicales esmeralde\u00f1os y su esposa fueron encontrados muertos en condiciones violentas, el jueves 25 de febrero de 2010. El predio donde resid\u00edan en Hoja Blanca, parroquia Malimpia, en Esmeraldas, colindaba con el Bosque Protector \u00abEl Pambilar\u00bb, el cual [...]","og_url":"https:\/\/pachamamitaecu.org\/en\/2010\/03\/11\/defenders-of-emerald-forests-murdered\/","og_site_name":"PachaMamita Ecuador","article_publisher":"https:\/\/www.facebook.com\/pachamamitaecu","article_published_time":"2010-03-11T19:59:00+00:00","og_image":[{"url":"http:\/\/1.bp.blogspot.com\/_ZWuzfyCxKMs\/TBhZ-GbaplI\/AAAAAAAAAQc\/amIYkmoE80o\/s320\/20070417klpgeogra_26_Ies_SCO.jpg","type":"","width":"","height":""}],"author":"PachaMamita EC","twitter_card":"summary_large_image","twitter_misc":{"Written by":"PachaMamita EC","Est. reading time":"3 minutes"},"schema":{"@context":"https:\/\/schema.org","@graph":[{"@type":"Article","@id":"https:\/\/pachamamitaecu.org\/es_es\/2010\/03\/11\/defensores-de-los-bosques-de-esmeraldas-asesinados\/#article","isPartOf":{"@id":"https:\/\/pachamamitaecu.org\/es_es\/2010\/03\/11\/defensores-de-los-bosques-de-esmeraldas-asesinados\/"},"author":{"name":"PachaMamita EC","@id":"https:\/\/pachamamitaecu.org\/es_es\/#\/schema\/person\/e8b42afae2451fadab5e0295f02c4593"},"headline":"DEFENSORES DE LOS BOSQUES DE ESMERALDAS ASESINADOS","datePublished":"2010-03-11T19:59:00+00:00","mainEntityOfPage":{"@id":"https:\/\/pachamamitaecu.org\/es_es\/2010\/03\/11\/defensores-de-los-bosques-de-esmeraldas-asesinados\/"},"wordCount":618,"commentCount":0,"publisher":{"@id":"https:\/\/pachamamitaecu.org\/es_es\/#organization"},"image":{"@id":"https:\/\/pachamamitaecu.org\/es_es\/2010\/03\/11\/defensores-de-los-bosques-de-esmeraldas-asesinados\/#primaryimage"},"thumbnailUrl":"http:\/\/1.bp.blogspot.com\/_ZWuzfyCxKMs\/TBhZ-GbaplI\/AAAAAAAAAQc\/amIYkmoE80o\/s320\/20070417klpgeogra_26_Ies_SCO.jpg","articleSection":["MADERA PETROLEO Y RESISTENCIA"],"inLanguage":"en-US","potentialAction":[{"@type":"CommentAction","name":"Comment","target":["https:\/\/pachamamitaecu.org\/es_es\/2010\/03\/11\/defensores-de-los-bosques-de-esmeraldas-asesinados\/#respond"]}]},{"@type":"WebPage","@id":"https:\/\/pachamamitaecu.org\/es_es\/2010\/03\/11\/defensores-de-los-bosques-de-esmeraldas-asesinados\/","url":"https:\/\/pachamamitaecu.org\/es_es\/2010\/03\/11\/defensores-de-los-bosques-de-esmeraldas-asesinados\/","name":"Defenders of the Emerald Forests Murdered - PachaMamita Ecuador","isPartOf":{"@id":"https:\/\/pachamamitaecu.org\/es_es\/#website"},"primaryImageOfPage":{"@id":"https:\/\/pachamamitaecu.org\/es_es\/2010\/03\/11\/defensores-de-los-bosques-de-esmeraldas-asesinados\/#primaryimage"},"image":{"@id":"https:\/\/pachamamitaecu.org\/es_es\/2010\/03\/11\/defensores-de-los-bosques-de-esmeraldas-asesinados\/#primaryimage"},"thumbnailUrl":"http:\/\/1.bp.blogspot.com\/_ZWuzfyCxKMs\/TBhZ-GbaplI\/AAAAAAAAAQc\/amIYkmoE80o\/s320\/20070417klpgeogra_26_Ies_SCO.jpg","datePublished":"2010-03-11T19:59:00+00:00","breadcrumb":{"@id":"https:\/\/pachamamitaecu.org\/es_es\/2010\/03\/11\/defensores-de-los-bosques-de-esmeraldas-asesinados\/#breadcrumb"},"inLanguage":"en-US","potentialAction":[{"@type":"ReadAction","target":["https:\/\/pachamamitaecu.org\/es_es\/2010\/03\/11\/defensores-de-los-bosques-de-esmeraldas-asesinados\/"]}]},{"@type":"ImageObject","inLanguage":"en-US","@id":"https:\/\/pachamamitaecu.org\/es_es\/2010\/03\/11\/defensores-de-los-bosques-de-esmeraldas-asesinados\/#primaryimage","url":"http:\/\/1.bp.blogspot.com\/_ZWuzfyCxKMs\/TBhZ-GbaplI\/AAAAAAAAAQc\/amIYkmoE80o\/s320\/20070417klpgeogra_26_Ies_SCO.jpg","contentUrl":"http:\/\/1.bp.blogspot.com\/_ZWuzfyCxKMs\/TBhZ-GbaplI\/AAAAAAAAAQc\/amIYkmoE80o\/s320\/20070417klpgeogra_26_Ies_SCO.jpg"},{"@type":"BreadcrumbList","@id":"https:\/\/pachamamitaecu.org\/es_es\/2010\/03\/11\/defensores-de-los-bosques-de-esmeraldas-asesinados\/#breadcrumb","itemListElement":[{"@type":"ListItem","position":1,"name":"Portada","item":"https:\/\/pachamamitaecu.org\/es_es\/"},{"@type":"ListItem","position":2,"name":"DEFENSORES DE LOS BOSQUES DE ESMERALDAS ASESINADOS"}]},{"@type":"WebSite","@id":"https:\/\/pachamamitaecu.org\/es_es\/#website","url":"https:\/\/pachamamitaecu.org\/es_es\/","name":"PachaMamita Ecuador","description":"CULTURE. AGROECOLOGY. TOURISM AND RESPONSIBLE CONSUMPTION-ECUADOR.","publisher":{"@id":"https:\/\/pachamamitaecu.org\/es_es\/#organization"},"potentialAction":[{"@type":"SearchAction","target":{"@type":"EntryPoint","urlTemplate":"https:\/\/pachamamitaecu.org\/es_es\/?s={search_term_string}"},"query-input":{"@type":"PropertyValueSpecification","valueRequired":true,"valueName":"search_term_string"}}],"inLanguage":"en-US"},{"@type":"Organization","@id":"https:\/\/pachamamitaecu.org\/es_es\/#organization","name":"PachaMamita Ecuador","url":"https:\/\/pachamamitaecu.org\/es_es\/","logo":{"@type":"ImageObject","inLanguage":"en-US","@id":"https:\/\/pachamamitaecu.org\/es_es\/#\/schema\/logo\/image\/","url":"https:\/\/pachamamitaecu.org\/wp-content\/uploads\/2024\/04\/cropped-Diseno-sin-titulo-13.png","contentUrl":"https:\/\/pachamamitaecu.org\/wp-content\/uploads\/2024\/04\/cropped-Diseno-sin-titulo-13.png","width":512,"height":512,"caption":"PachaMamita Ecuador"},"image":{"@id":"https:\/\/pachamamitaecu.org\/es_es\/#\/schema\/logo\/image\/"},"sameAs":["https:\/\/www.facebook.com\/pachamamitaecu"]},{"@type":"Person","@id":"https:\/\/pachamamitaecu.org\/es_es\/#\/schema\/person\/e8b42afae2451fadab5e0295f02c4593","name":"PachaMamita EC","image":{"@type":"ImageObject","inLanguage":"en-US","@id":"https:\/\/pachamamitaecu.org\/wp-content\/litespeed\/avatar\/23494c9101089ad44ae88ce9d2f56aac.jpg?ver=1777350952","url":"https:\/\/pachamamitaecu.org\/wp-content\/litespeed\/avatar\/23494c9101089ad44ae88ce9d2f56aac.jpg?ver=1777350952","contentUrl":"https:\/\/pachamamitaecu.org\/wp-content\/litespeed\/avatar\/23494c9101089ad44ae88ce9d2f56aac.jpg?ver=1777350952","caption":"PachaMamita EC"},"url":"https:\/\/pachamamitaecu.org\/en\/author\/pachamamita-ec\/"}]}},"_links":{"self":[{"href":"https:\/\/pachamamitaecu.org\/en\/wp-json\/wp\/v2\/posts\/1532","targetHints":{"allow":["GET"]}}],"collection":[{"href":"https:\/\/pachamamitaecu.org\/en\/wp-json\/wp\/v2\/posts"}],"about":[{"href":"https:\/\/pachamamitaecu.org\/en\/wp-json\/wp\/v2\/types\/post"}],"author":[{"embeddable":true,"href":"https:\/\/pachamamitaecu.org\/en\/wp-json\/wp\/v2\/users\/3"}],"replies":[{"embeddable":true,"href":"https:\/\/pachamamitaecu.org\/en\/wp-json\/wp\/v2\/comments?post=1532"}],"version-history":[{"count":0,"href":"https:\/\/pachamamitaecu.org\/en\/wp-json\/wp\/v2\/posts\/1532\/revisions"}],"wp:attachment":[{"href":"https:\/\/pachamamitaecu.org\/en\/wp-json\/wp\/v2\/media?parent=1532"}],"wp:term":[{"taxonomy":"category","embeddable":true,"href":"https:\/\/pachamamitaecu.org\/en\/wp-json\/wp\/v2\/categories?post=1532"},{"taxonomy":"post_tag","embeddable":true,"href":"https:\/\/pachamamitaecu.org\/en\/wp-json\/wp\/v2\/tags?post=1532"}],"curies":[{"name":"wp","href":"https:\/\/api.w.org\/{rel}","templated":true}]}}