{"id":1556,"date":"2009-12-14T19:26:00","date_gmt":"2009-12-14T19:26:00","guid":{"rendered":"http:\/\/pachamamitaecu-org-720647.hostingersite.com\/2009\/12\/14\/resultados-de-encuesta-de-percepcion-ciudadana-sobre-la-situacion-de-la-upse\/"},"modified":"2009-12-14T19:26:00","modified_gmt":"2009-12-14T19:26:00","slug":"resultados-de-encuesta-de-percepcion-ciudadana-sobre-la-situacion-de-la-upse","status":"publish","type":"post","link":"https:\/\/pachamamitaecu.org\/en\/2009\/12\/14\/results-of-a-survey-of-citizen-perception-on-the-situation-of-the-upse\/","title":{"rendered":"Results of the survey of citizen perception on the situation of UPSE"},"content":{"rendered":"<div><span style=\"color: purple;\"><\/span><br \/><span style=\"color: purple;\"><\/span><br \/><span style=\"color: purple;\"><\/span><br \/><span style=\"color: purple;\"><\/span><\/p>\n<div><span style=\"color: purple;\"><span style=\"font-family: Times, 'Times New Roman', serif;\"><span style=\"font-size: x-large;\">A few days ago we conducted a virtual survey of citizen perception regarding the UPSE issue. The results presented below represent a total population of 490 people who collaborated with us in the conduct of this survey. The population considered includes people native to the peninsula as well as foreigners, UPSE students or not.<\/span><\/span><\/span><\/div>\n<div><span style=\"color: purple;\"><span style=\"font-family: Times, 'Times New Roman', serif;\"><span style=\"font-size: x-large;\">The results are not intended to be a statistical analysis, but rather a study based on the data obtained, where we will only analyze the % obtained from the answers to each of the questions. We will try to get these results to the authorities of this institution for study and hopefully help to correct any problems that may exist.<\/span><\/span><\/span><\/div>\n<div><span style=\"color: purple;\"><span style=\"font-family: Times, 'Times New Roman', serif;\"><span style=\"font-size: x-large;\">We hope that the situation of UPSE improves in the short and medium term, so that it represents the aspirations that the peninsular community has placed in it on more than one occasion.<\/span><\/span><\/span><\/div>\n<div><span style=\"color: purple;\"><span style=\"font-family: Times, 'Times New Roman', serif;\"><span style=\"font-size: x-large;\"><br \/><\/span><\/span><\/span><\/div>\n<div style=\"mso-list: l0 level1 lfo1; text-indent: -18.0pt;\"><span style=\"font-family: Times, 'Times New Roman', serif;\"><span style=\"font-size: x-large;\"><span style=\"color: purple;\">1.<\/span><span style=\"color: purple; font: normal normal normal 7pt\/normal 'Times New Roman';\">&nbsp;&nbsp; &nbsp; &nbsp;&nbsp;<\/span><span style=\"color: red;\">Do you know what the situation of UPSE is?<\/span><\/span><\/span><br \/><span style=\"font-family: Times, 'Times New Roman', serif;\"><span style=\"font-size: x-large;\"><span style=\"color: red;\"><br \/><\/span><\/span><\/span><\/div>\n<table border=\"0\" cellpadding=\"0\" cellspacing=\"0\" style=\"mso-cellspacing: 0cm; mso-padding-alt: 0cm 0cm 0cm 0cm; mso-yfti-tbllook: 1184; width: 100.0%;\">\n<tbody>\n<tr>\n<td style=\"padding: 0cm 0cm 0cm 0cm;\">\n<div style=\"line-height: 16.8pt; margin-bottom: .0001pt; margin-bottom: 0cm;\"><span style=\"color: purple;\"><span style=\"font-family: Times, 'Times New Roman', serif;\"><span style=\"font-size: x-large;\">&nbsp;&nbsp;&nbsp;&nbsp;&nbsp;&nbsp;&nbsp;&nbsp; <\/span><\/span><\/span><span style=\"color: purple;\"><span style=\"font-family: Times, 'Times New Roman', serif;\"><span style=\"font-size: x-large;\">80% chose, Yes yes I am aware and I have even read the CONEA report <\/span><\/span><\/span><span style=\"color: purple;\"><span style=\"font-family: Times, 'Times New Roman', serif;\"><span style=\"font-size: x-large;\"><o:p><\/o:p><\/span><\/span><\/span><\/div>\n<div style=\"line-height: 16.8pt; margin-bottom: .0001pt; margin-bottom: 0cm;\"><span style=\"color: purple;\"><span style=\"font-family: Times, 'Times New Roman', serif;\"><span style=\"font-size: x-large;\">&nbsp;&nbsp;&nbsp;&nbsp;&nbsp;&nbsp;&nbsp;&nbsp;&nbsp;&nbsp;&nbsp;&nbsp;&nbsp;&nbsp;&nbsp;&nbsp;&nbsp;&nbsp;&nbsp;&nbsp;&nbsp;&nbsp;&nbsp;&nbsp;&nbsp;&nbsp;&nbsp;&nbsp;&nbsp;&nbsp; If I am aware of it through the media<\/span><\/span><\/span><span style=\"color: purple;\"><span style=\"font-family: Times, 'Times New Roman', serif;\"><span style=\"font-size: x-large;\"><o:p><\/o:p><\/span><\/span><\/span><\/div>\n<div style=\"line-height: 16.8pt; margin-bottom: .0001pt; margin-bottom: 0cm;\"><span style=\"color: purple;\"><span style=\"font-family: Times, 'Times New Roman', serif;\"><span style=\"font-size: x-large;\">&nbsp;&nbsp;&nbsp;&nbsp;&nbsp;&nbsp;&nbsp;&nbsp;&nbsp;&nbsp;&nbsp;&nbsp;&nbsp;&nbsp;&nbsp;&nbsp;&nbsp;&nbsp;&nbsp;&nbsp;&nbsp;&nbsp;&nbsp;&nbsp;&nbsp;&nbsp;&nbsp;&nbsp;&nbsp;&nbsp; <br \/>&nbsp;&nbsp;&nbsp;&nbsp;&nbsp;&nbsp;&nbsp;&nbsp; 2.26% chose No, I&#039;m not interested<\/span><\/span><\/span><span style=\"font-family: Times, 'Times New Roman', serif;\"><span style=\"font-size: x-large;\">   <span style=\"color: purple;\"><o:p><\/o:p><\/span><\/span><\/span><\/div>\n<div style=\"line-height: 16.8pt; margin-bottom: .0001pt; margin-bottom: 0cm;\"><span style=\"font-family: Times, 'Times New Roman', serif;\"><span style=\"font-size: x-large;\"><br \/><\/span><\/span><\/div>\n<div style=\"line-height: 16.8pt; margin-bottom: .0001pt; margin-bottom: 0cm; mso-add-space: auto; mso-list: l0 level1 lfo1; text-indent: -18.0pt;\"><span style=\"color: purple;\"><span style=\"font-family: Times, 'Times New Roman', serif;\"><span style=\"font-size: x-large;\">2.<\/span><\/span><\/span><span style=\"font: normal normal normal 7pt\/normal 'Times New Roman';\"><span style=\"color: purple;\"><span style=\"font-family: Times, 'Times New Roman', serif;\"><span style=\"font-size: x-large;\">&nbsp;&nbsp;&nbsp;   <\/span><\/span><\/span><\/span><span style=\"font-family: Times, 'Times New Roman', serif;\"><span style=\"font-size: x-large;\"><span style=\"color: red;\">Do you think there are errors or omissions in the report?<\/span><\/span><\/span><span style=\"color: purple;\"><span style=\"font-family: Times, 'Times New Roman', serif;\"><span style=\"font-size: x-large;\"><o:p><\/o:p><\/span><\/span><\/span><\/div>\n<div style=\"line-height: 16.8pt; margin-bottom: .0001pt; margin-bottom: 0cm; mso-add-space: auto;\"><span style=\"font-family: Times, 'Times New Roman', serif;\"><span style=\"font-size: x-large;\"><br \/><\/span><\/span><\/div>\n<div style=\"line-height: 16.8pt; margin-bottom: .0001pt; margin-bottom: 0cm; mso-add-space: auto;\"><span style=\"color: purple;\"><span style=\"font-family: Times, 'Times New Roman', serif;\"><span style=\"font-size: x-large;\">82,96% chose Yes, since this is a public institution until third level degrees are admissible among the teachers&#039; college.<\/span><\/span><\/span><span style=\"color: purple;\"><span style=\"font-family: Times, 'Times New Roman', serif;\"><span style=\"font-size: x-large;\"><o:p><\/o:p><\/span><\/span><\/span><\/div>\n<div style=\"line-height: 16.8pt; margin-bottom: .0001pt; margin-bottom: 0cm; mso-add-space: auto;\"><span style=\"font-family: Times, 'Times New Roman', serif;\"><span style=\"font-size: x-large;\"><br \/><\/span><\/span><\/div>\n<div style=\"line-height: 16.8pt; margin-bottom: .0001pt; margin-bottom: 0cm; mso-add-space: auto; mso-list: l0 level1 lfo1; text-indent: -18.0pt;\"><span style=\"color: purple;\"><span style=\"font-family: Times, 'Times New Roman', serif;\"><span style=\"font-size: x-large;\">3.<\/span><\/span><\/span><span style=\"font: normal normal normal 7pt\/normal 'Times New Roman';\"><span style=\"font-family: Times, 'Times New Roman', serif;\"><span style=\"font-size: x-large;\"><span style=\"color: purple;\">&nbsp;<\/span><span style=\"color: red;\">&nbsp;&nbsp;   <\/span><\/span><\/span><\/span><span style=\"font-family: Times, 'Times New Roman', serif;\"><span style=\"font-size: x-large;\"><span style=\"color: red;\">Did you know that the CONEA report was not approved by the organization&#039;s own members before being presented to the Assembly?<\/span><\/span><\/span><span style=\"color: purple;\"><span style=\"font-family: Times, 'Times New Roman', serif;\"><span style=\"font-size: x-large;\"><o:p><\/o:p><\/span><\/span><\/span><\/div>\n<div style=\"line-height: 16.8pt; margin-bottom: .0001pt; margin-bottom: 0cm; mso-add-space: auto;\"><span style=\"font-family: Times, 'Times New Roman', serif;\"><span style=\"font-size: x-large;\"><br \/><\/span><\/span><\/div>\n<div style=\"line-height: 16.8pt; margin-bottom: .0001pt; margin-bottom: 0cm; mso-add-space: auto;\"><span style=\"color: purple;\"><span style=\"font-family: Times, 'Times New Roman', serif;\"><span style=\"font-size: x-large;\">75,61% chose, No, I didn&#039;t know but when I found out about this it seems incredible to me<\/span><\/span><\/span><span style=\"color: purple;\"><span style=\"font-family: Times, 'Times New Roman', serif;\"><span style=\"font-size: x-large;\"><o:p><\/o:p><\/span><\/span><\/span><\/div>\n<div style=\"line-height: 16.8pt; margin-bottom: .0001pt; margin-bottom: 0cm; mso-add-space: auto;\"><span style=\"color: purple;\"><span style=\"font-family: Times, 'Times New Roman', serif;\"><span style=\"font-size: x-large;\">&nbsp;&nbsp;&nbsp;&nbsp;&nbsp;&nbsp;&nbsp;&nbsp;&nbsp;&nbsp;&nbsp;&nbsp;&nbsp;&nbsp;&nbsp;&nbsp;&nbsp;&nbsp;&nbsp;&nbsp;&nbsp;&nbsp;&nbsp;&nbsp;&nbsp;&nbsp; Yes, I knew and it is another reason why that is unacceptable.&nbsp;&nbsp;&nbsp;&nbsp;&nbsp;&nbsp;&nbsp;&nbsp;&nbsp;&nbsp;&nbsp;&nbsp;&nbsp;&nbsp;&nbsp;&nbsp;&nbsp;&nbsp;&nbsp;&nbsp;&nbsp;&nbsp;&nbsp;&nbsp;&nbsp;&nbsp;&nbsp;&nbsp;&nbsp; <\/span><\/span><\/span><span style=\"color: purple;\"><span style=\"font-family: Times, 'Times New Roman', serif;\"><span style=\"font-size: x-large;\"><o:p><\/o:p><\/span><\/span><\/span><\/div>\n<div style=\"line-height: 16.8pt; margin-bottom: .0001pt; margin-bottom: 0cm; mso-add-space: auto;\"><span style=\"color: purple;\"><span style=\"font-family: Times, 'Times New Roman', serif;\"><span style=\"font-size: x-large;\">Document<\/span><\/span><\/span><span style=\"color: purple;\"><span style=\"font-family: Times, 'Times New Roman', serif;\"><span style=\"font-size: x-large;\"><o:p><\/o:p><\/span><\/span><\/span><\/div>\n<div style=\"line-height: 16.8pt; margin-bottom: .0001pt; margin-bottom: 0cm; mso-add-space: auto;\"><span style=\"color: purple;\"><span style=\"font-family: Times, 'Times New Roman', serif;\"><span style=\"font-size: x-large;\">4,88% chose Yes, I knew but it is not of major relevance<\/span><\/span><\/span><span style=\"color: purple;\"><span style=\"font-family: Times, 'Times New Roman', serif;\"><span style=\"font-size: x-large;\"><o:p><\/o:p><\/span><\/span><\/span><\/div>\n<div style=\"line-height: 16.8pt; margin-bottom: .0001pt; margin-bottom: 0cm; mso-add-space: auto;\"><span style=\"font-family: Times, 'Times New Roman', serif;\"><span style=\"font-size: x-large;\"><br \/><\/span><\/span><\/div>\n<div style=\"line-height: 16.8pt; margin-bottom: .0001pt; margin-bottom: 0cm; mso-add-space: auto;\"><span style=\"font-family: Times, 'Times New Roman', serif;\"><span style=\"font-size: x-large;\"><br \/><\/span><\/span><\/div>\n<div style=\"line-height: 16.8pt; margin-bottom: .0001pt; margin-bottom: 0cm; mso-add-space: auto; mso-list: l0 level1 lfo1; text-indent: -18.0pt;\"><span style=\"color: purple;\"><span style=\"font-family: Times, 'Times New Roman', serif;\"><span style=\"font-size: x-large;\">4.<\/span><\/span><\/span><span style=\"font: normal normal normal 7pt\/normal 'Times New Roman';\"><span style=\"color: purple;\"><span style=\"font-family: Times, 'Times New Roman', serif;\"><span style=\"font-size: x-large;\">&nbsp;&nbsp;&nbsp;   <\/span><\/span><\/span><\/span><span style=\"font-family: Times, 'Times New Roman', serif;\"><span style=\"font-size: x-large;\"><span style=\"color: red;\">Do you think there is a possibility of applying pressure to allow a reasonable period of time to correct the deficiencies in the institutions?<\/span><\/span><\/span><span style=\"color: purple;\"><span style=\"font-family: Times, 'Times New Roman', serif;\"><span style=\"font-size: x-large;\"><o:p><\/o:p><\/span><\/span><\/span><\/div>\n<div style=\"line-height: 16.8pt; margin-bottom: .0001pt; margin-bottom: 0cm; mso-add-space: auto;\"><span style=\"font-family: Times, 'Times New Roman', serif;\"><span style=\"font-size: x-large;\"><br \/><\/span><\/span><\/div>\n<div style=\"line-height: 16.8pt; margin-bottom: .0001pt; margin-bottom: 0cm; margin-left: 36.0pt; margin-right: 0cm; margin-top: 0cm;\"><span style=\"color: purple;\"><span style=\"font-family: Times, 'Times New Roman', serif;\"><span style=\"font-size: x-large;\">87,50% chose Yes with the support of many people these institutions can be rescued<\/span><\/span><\/span><span style=\"color: purple;\"><span style=\"font-family: Times, 'Times New Roman', serif;\"><span style=\"font-size: x-large;\"><o:p><\/o:p><\/span><\/span><\/span><\/div>\n<div style=\"line-height: 16.8pt; margin-bottom: .0001pt; margin-bottom: 0cm; margin-left: 36.0pt; margin-right: 0cm; margin-top: 0cm;\"><span style=\"font-family: Times, 'Times New Roman', serif;\"><span style=\"font-size: x-large;\"><br \/><\/span><\/span><\/div>\n<div style=\"line-height: 16.8pt; margin-bottom: .0001pt; margin-bottom: 0cm; mso-add-space: auto; mso-list: l0 level1 lfo1; text-indent: -18.0pt;\"><span style=\"color: purple;\"><span style=\"font-family: Times, 'Times New Roman', serif;\"><span style=\"font-size: x-large;\">5.<\/span><\/span><\/span><span style=\"font: normal normal normal 7pt\/normal 'Times New Roman';\"><span style=\"color: purple;\"><span style=\"font-family: Times, 'Times New Roman', serif;\"><span style=\"font-size: x-large;\">&nbsp;&nbsp;&nbsp;   <\/span><\/span><\/span><\/span><span style=\"font-family: Times, 'Times New Roman', serif;\"><span style=\"font-size: x-large;\"><span style=\"color: red;\">Would you support any action to prevent the closure of this institution?<\/span><\/span><\/span><span style=\"color: purple;\"><span style=\"font-family: Times, 'Times New Roman', serif;\"><span style=\"font-size: x-large;\"><o:p><\/o:p><\/span><\/span><\/span><\/div>\n<div style=\"line-height: 16.8pt; margin-bottom: .0001pt; margin-bottom: 0cm; margin-left: 36.0pt; margin-right: 0cm; margin-top: 0cm;\"><span style=\"font-family: Times, 'Times New Roman', serif;\"><span style=\"font-size: x-large;\"><br \/><\/span><\/span><\/div>\n<div style=\"line-height: 16.8pt; margin-bottom: .0001pt; margin-bottom: 0cm; margin-left: 36.0pt; margin-right: 0cm; margin-top: 0cm;\"><span style=\"color: purple;\"><span style=\"font-family: Times, 'Times New Roman', serif;\"><span style=\"font-size: x-large;\">64,91% chose Yes, because I consider that UPSE has contributed and I hope it continues to contribute to the development of the peninsula.<\/span><\/span><\/span><span style=\"color: purple;\"><span style=\"font-family: Times, 'Times New Roman', serif;\"><span style=\"font-size: x-large;\"><o:p><\/o:p><\/span><\/span><\/span><\/div>\n<div style=\"line-height: 16.8pt; margin-bottom: .0001pt; margin-bottom: 0cm;\"><span style=\"color: purple;\"><span style=\"font-family: Times, 'Times New Roman', serif;\"><span style=\"font-size: x-large;\">&nbsp;&nbsp;&nbsp;&nbsp;&nbsp;&nbsp;&nbsp;&nbsp;&nbsp;&nbsp;&nbsp;&nbsp;&nbsp;&nbsp;&nbsp;&nbsp;&nbsp;&nbsp;&nbsp;&nbsp;&nbsp;&nbsp;&nbsp;&nbsp;&nbsp;&nbsp;&nbsp;&nbsp;&nbsp;&nbsp;&nbsp;&nbsp;&nbsp;&nbsp;&nbsp; Yes, because I consider that the report is not objective in some aspects.<\/span><\/span><\/span><span style=\"color: purple;\"><span style=\"font-family: Times, 'Times New Roman', serif;\"><span style=\"font-size: x-large;\"><o:p><\/o:p><\/span><\/span><\/span><\/div>\n<div style=\"line-height: 16.8pt; margin-bottom: .0001pt; margin-bottom: 0cm;\"><span style=\"color: purple;\"><span style=\"font-family: Times, 'Times New Roman', serif;\"><span style=\"font-size: x-large;\">&nbsp;&nbsp;&nbsp;&nbsp;&nbsp;&nbsp;&nbsp;&nbsp;&nbsp;&nbsp;   5,26% No, because I believe that these actions must be respected and supported to improve institutions.<\/span><\/span><\/span><span style=\"color: purple;\"><span style=\"font-family: Times, 'Times New Roman', serif;\"><span style=\"font-size: x-large;\"><o:p><\/o:p><\/span><\/span><\/span><\/div>\n<div style=\"line-height: 16.8pt; margin-bottom: .0001pt; margin-bottom: 0cm;\"><span style=\"font-family: Times, 'Times New Roman', serif;\"><span style=\"font-size: x-large;\"><br \/><\/span><\/span><\/div>\n<div style=\"line-height: 16.8pt; margin-bottom: .0001pt; margin-bottom: 0cm; mso-add-space: auto; mso-list: l0 level1 lfo1; text-indent: -18.0pt;\"><span style=\"color: purple;\"><span style=\"font-family: Times, 'Times New Roman', serif;\"><span style=\"font-size: x-large;\">6.<\/span><\/span><\/span><span style=\"font: normal normal normal 7pt\/normal 'Times New Roman';\"><span style=\"color: purple;\"><span style=\"font-family: Times, 'Times New Roman', serif;\"><span style=\"font-size: x-large;\">&nbsp;&nbsp;&nbsp;   <\/span><\/span><\/span><\/span><span style=\"font-family: Times, 'Times New Roman', serif;\"><span style=\"font-size: x-large;\"><span style=\"color: red;\">Do you think that as the days go by, more omissions from the report will be discovered?<\/span><\/span><\/span><span style=\"color: purple;\"><span style=\"font-family: Times, 'Times New Roman', serif;\"><span style=\"font-size: x-large;\"><o:p><\/o:p><\/span><\/span><\/span><\/div>\n<div style=\"line-height: 16.8pt; margin-bottom: .0001pt; margin-bottom: 0cm; mso-add-space: auto;\"><span style=\"font-family: Times, 'Times New Roman', serif;\"><span style=\"font-size: x-large;\"><br \/><\/span><\/span><\/div>\n<div style=\"line-height: 16.8pt; margin-bottom: .0001pt; margin-bottom: 0cm; mso-add-space: auto;\"><span style=\"color: purple;\"><span style=\"font-family: Times, 'Times New Roman', serif;\"><span style=\"font-size: x-large;\">73,91% chose Yes, the report will fall with its omissions by its own weight.<\/span><\/span><\/span><\/div>\n<\/td>\n<\/tr>\n<\/tbody>\n<\/table>\n<\/div>\n<div class=\"pvc_clear\"><\/div>\n<p id=\"pvc_stats_1556\" class=\"pvc_stats total_only\" data-element-id=\"1556\" style=\"\"><i class=\"pvc-stats-icon medium\" aria-hidden=\"true\"><svg aria-hidden=\"true\" focusable=\"false\" data-prefix=\"far\" data-icon=\"chart-bar\" role=\"img\" xmlns=\"http:\/\/www.w3.org\/2000\/svg\" viewbox=\"0 0 512 512\" class=\"svg-inline--fa fa-chart-bar fa-w-16 fa-2x\"><path fill=\"currentColor\" d=\"M396.8 352h22.4c6.4 0 12.8-6.4 12.8-12.8V108.8c0-6.4-6.4-12.8-12.8-12.8h-22.4c-6.4 0-12.8 6.4-12.8 12.8v230.4c0 6.4 6.4 12.8 12.8 12.8zm-192 0h22.4c6.4 0 12.8-6.4 12.8-12.8V140.8c0-6.4-6.4-12.8-12.8-12.8h-22.4c-6.4 0-12.8 6.4-12.8 12.8v198.4c0 6.4 6.4 12.8 12.8 12.8zm96 0h22.4c6.4 0 12.8-6.4 12.8-12.8V204.8c0-6.4-6.4-12.8-12.8-12.8h-22.4c-6.4 0-12.8 6.4-12.8 12.8v134.4c0 6.4 6.4 12.8 12.8 12.8zM496 400H48V80c0-8.84-7.16-16-16-16H16C7.16 64 0 71.16 0 80v336c0 17.67 14.33 32 32 32h464c8.84 0 16-7.16 16-16v-16c0-8.84-7.16-16-16-16zm-387.2-48h22.4c6.4 0 12.8-6.4 12.8-12.8v-70.4c0-6.4-6.4-12.8-12.8-12.8h-22.4c-6.4 0-12.8 6.4-12.8 12.8v70.4c0 6.4 6.4 12.8 12.8 12.8z\" class=\"\"><\/path><\/svg><\/i> <img decoding=\"async\" width=\"16\" height=\"16\" alt=\"Loading\" data-src=\"https:\/\/pachamamitaecu.org\/wp-content\/plugins\/page-views-count\/ajax-loader-2x.gif\" border=\"0\" src=\"data:image\/svg+xml;base64,PHN2ZyB3aWR0aD0iMSIgaGVpZ2h0PSIxIiB4bWxucz0iaHR0cDovL3d3dy53My5vcmcvMjAwMC9zdmciPjwvc3ZnPg==\" class=\"lazyload\" style=\"--smush-placeholder-width: 16px; --smush-placeholder-aspect-ratio: 16\/16;\" \/><\/p>\n<div class=\"pvc_clear\"><\/div>","protected":false},"excerpt":{"rendered":"<p>Hace algunos d\u00edas tomamos la encuesta virtual de percepci\u00f3n ciudadana con respecto al tema de la UPSE. Los resultados que a continuaci\u00f3n presentamos representan a una poblaci\u00f3n total de 490 personas que nos colaboraron con la toma de esta encuesta. La poblaci\u00f3n considerada incluye a personas nativas de la pen\u00ednsula asi como for\u00e1neos, estudiantes de [&#8230;]\n","protected":false},"author":3,"featured_media":0,"comment_status":"open","ping_status":"closed","sticky":false,"template":"","format":"standard","meta":{"footnotes":""},"categories":[242],"tags":[],"class_list":["post-1556","post","type-post","status-publish","format-standard","hentry","category-convocatorias"],"a3_pvc":{"activated":true,"total_views":35,"today_views":0},"yoast_head":"<!-- This site is optimized with the Yoast SEO Premium plugin v24.2 (Yoast SEO v27.4) - https:\/\/yoast.com\/product\/yoast-seo-premium-wordpress\/ -->\n<title>Resultados de Encuesta de percepcion ciudadana sobre la situacion de la UPSE - PachaMamita Ecuador<\/title>\n<meta name=\"robots\" content=\"index, follow, max-snippet:-1, max-image-preview:large, max-video-preview:-1\" \/>\n<link rel=\"canonical\" href=\"https:\/\/pachamamitaecu.org\/en\/2009\/12\/14\/results-of-a-survey-of-citizen-perception-on-the-situation-of-the-upse\/\" \/>\n<meta property=\"og:locale\" content=\"en_US\" \/>\n<meta property=\"og:type\" content=\"article\" \/>\n<meta property=\"og:title\" content=\"Resultados de Encuesta de percepcion ciudadana sobre la situacion de la UPSE\" \/>\n<meta property=\"og:description\" content=\"Hace algunos d\u00edas tomamos la encuesta virtual de percepci\u00f3n ciudadana con respecto al tema de la UPSE. Los resultados que a continuaci\u00f3n presentamos representan a una poblaci\u00f3n total de 490 personas que nos colaboraron con la toma de esta encuesta. La poblaci\u00f3n considerada incluye a personas nativas de la pen\u00ednsula asi como for\u00e1neos, estudiantes de [...]\" \/>\n<meta property=\"og:url\" content=\"https:\/\/pachamamitaecu.org\/en\/2009\/12\/14\/results-of-a-survey-of-citizen-perception-on-the-situation-of-the-upse\/\" \/>\n<meta property=\"og:site_name\" content=\"PachaMamita Ecuador\" \/>\n<meta property=\"article:publisher\" content=\"https:\/\/www.facebook.com\/pachamamitaecu\" \/>\n<meta property=\"article:published_time\" content=\"2009-12-14T19:26:00+00:00\" \/>\n<meta name=\"author\" content=\"PachaMamita EC\" \/>\n<meta name=\"twitter:card\" content=\"summary_large_image\" \/>\n<meta name=\"twitter:label1\" content=\"Written by\" \/>\n\t<meta name=\"twitter:data1\" content=\"PachaMamita EC\" \/>\n\t<meta name=\"twitter:label2\" content=\"Est. reading time\" \/>\n\t<meta name=\"twitter:data2\" content=\"3 minutes\" \/>\n<script type=\"application\/ld+json\" class=\"yoast-schema-graph\">{\"@context\":\"https:\\\/\\\/schema.org\",\"@graph\":[{\"@type\":\"Article\",\"@id\":\"https:\\\/\\\/pachamamitaecu.org\\\/en\\\/2009\\\/12\\\/14\\\/results-of-a-survey-of-citizen-perception-on-the-situation-of-the-upse\\\/#article\",\"isPartOf\":{\"@id\":\"https:\\\/\\\/pachamamitaecu.org\\\/en\\\/2009\\\/12\\\/14\\\/results-of-a-survey-of-citizen-perception-on-the-situation-of-the-upse\\\/\"},\"author\":{\"name\":\"PachaMamita EC\",\"@id\":\"https:\\\/\\\/pachamamitaecu.org\\\/es_es\\\/#\\\/schema\\\/person\\\/e8b42afae2451fadab5e0295f02c4593\"},\"headline\":\"Resultados de Encuesta de percepcion ciudadana sobre la situacion de la UPSE\",\"datePublished\":\"2009-12-14T19:26:00+00:00\",\"mainEntityOfPage\":{\"@id\":\"https:\\\/\\\/pachamamitaecu.org\\\/en\\\/2009\\\/12\\\/14\\\/results-of-a-survey-of-citizen-perception-on-the-situation-of-the-upse\\\/\"},\"wordCount\":669,\"commentCount\":0,\"publisher\":{\"@id\":\"https:\\\/\\\/pachamamitaecu.org\\\/es_es\\\/#organization\"},\"articleSection\":[\"CONVOCATORIAS.\"],\"inLanguage\":\"en-US\",\"potentialAction\":[{\"@type\":\"CommentAction\",\"name\":\"Comment\",\"target\":[\"https:\\\/\\\/pachamamitaecu.org\\\/en\\\/2009\\\/12\\\/14\\\/results-of-a-survey-of-citizen-perception-on-the-situation-of-the-upse\\\/#respond\"]}]},{\"@type\":\"WebPage\",\"@id\":\"https:\\\/\\\/pachamamitaecu.org\\\/en\\\/2009\\\/12\\\/14\\\/results-of-a-survey-of-citizen-perception-on-the-situation-of-the-upse\\\/\",\"url\":\"https:\\\/\\\/pachamamitaecu.org\\\/en\\\/2009\\\/12\\\/14\\\/results-of-a-survey-of-citizen-perception-on-the-situation-of-the-upse\\\/\",\"name\":\"Resultados de Encuesta de percepcion ciudadana sobre la situacion de la UPSE - PachaMamita Ecuador\",\"isPartOf\":{\"@id\":\"https:\\\/\\\/pachamamitaecu.org\\\/es_es\\\/#website\"},\"datePublished\":\"2009-12-14T19:26:00+00:00\",\"breadcrumb\":{\"@id\":\"https:\\\/\\\/pachamamitaecu.org\\\/en\\\/2009\\\/12\\\/14\\\/results-of-a-survey-of-citizen-perception-on-the-situation-of-the-upse\\\/#breadcrumb\"},\"inLanguage\":\"en-US\",\"potentialAction\":[{\"@type\":\"ReadAction\",\"target\":[\"https:\\\/\\\/pachamamitaecu.org\\\/en\\\/2009\\\/12\\\/14\\\/results-of-a-survey-of-citizen-perception-on-the-situation-of-the-upse\\\/\"]}]},{\"@type\":\"BreadcrumbList\",\"@id\":\"https:\\\/\\\/pachamamitaecu.org\\\/en\\\/2009\\\/12\\\/14\\\/results-of-a-survey-of-citizen-perception-on-the-situation-of-the-upse\\\/#breadcrumb\",\"itemListElement\":[{\"@type\":\"ListItem\",\"position\":1,\"name\":\"Portada\",\"item\":\"https:\\\/\\\/pachamamitaecu.org\\\/es_es\\\/\"},{\"@type\":\"ListItem\",\"position\":2,\"name\":\"Resultados de Encuesta de percepcion ciudadana sobre la situacion de la UPSE\"}]},{\"@type\":\"WebSite\",\"@id\":\"https:\\\/\\\/pachamamitaecu.org\\\/es_es\\\/#website\",\"url\":\"https:\\\/\\\/pachamamitaecu.org\\\/es_es\\\/\",\"name\":\"PachaMamita Ecuador\",\"description\":\"CULTURA. AGROECOLOG\u00cdA. TURISMO Y CONSUMO RESPONSABLE-ECUADOR.\",\"publisher\":{\"@id\":\"https:\\\/\\\/pachamamitaecu.org\\\/es_es\\\/#organization\"},\"potentialAction\":[{\"@type\":\"SearchAction\",\"target\":{\"@type\":\"EntryPoint\",\"urlTemplate\":\"https:\\\/\\\/pachamamitaecu.org\\\/es_es\\\/?s={search_term_string}\"},\"query-input\":{\"@type\":\"PropertyValueSpecification\",\"valueRequired\":true,\"valueName\":\"search_term_string\"}}],\"inLanguage\":\"en-US\"},{\"@type\":\"Organization\",\"@id\":\"https:\\\/\\\/pachamamitaecu.org\\\/es_es\\\/#organization\",\"name\":\"PachaMamita Ecuador\",\"url\":\"https:\\\/\\\/pachamamitaecu.org\\\/es_es\\\/\",\"logo\":{\"@type\":\"ImageObject\",\"inLanguage\":\"en-US\",\"@id\":\"https:\\\/\\\/pachamamitaecu.org\\\/es_es\\\/#\\\/schema\\\/logo\\\/image\\\/\",\"url\":\"https:\\\/\\\/pachamamitaecu.org\\\/wp-content\\\/uploads\\\/2024\\\/04\\\/cropped-Diseno-sin-titulo-13.png\",\"contentUrl\":\"https:\\\/\\\/pachamamitaecu.org\\\/wp-content\\\/uploads\\\/2024\\\/04\\\/cropped-Diseno-sin-titulo-13.png\",\"width\":512,\"height\":512,\"caption\":\"PachaMamita Ecuador\"},\"image\":{\"@id\":\"https:\\\/\\\/pachamamitaecu.org\\\/es_es\\\/#\\\/schema\\\/logo\\\/image\\\/\"},\"sameAs\":[\"https:\\\/\\\/www.facebook.com\\\/pachamamitaecu\"]},{\"@type\":\"Person\",\"@id\":\"https:\\\/\\\/pachamamitaecu.org\\\/es_es\\\/#\\\/schema\\\/person\\\/e8b42afae2451fadab5e0295f02c4593\",\"name\":\"PachaMamita EC\",\"image\":{\"@type\":\"ImageObject\",\"inLanguage\":\"en-US\",\"@id\":\"https:\\\/\\\/pachamamitaecu.org\\\/wp-content\\\/litespeed\\\/avatar\\\/23494c9101089ad44ae88ce9d2f56aac.jpg?ver=1777350952\",\"url\":\"https:\\\/\\\/pachamamitaecu.org\\\/wp-content\\\/litespeed\\\/avatar\\\/23494c9101089ad44ae88ce9d2f56aac.jpg?ver=1777350952\",\"contentUrl\":\"https:\\\/\\\/pachamamitaecu.org\\\/wp-content\\\/litespeed\\\/avatar\\\/23494c9101089ad44ae88ce9d2f56aac.jpg?ver=1777350952\",\"caption\":\"PachaMamita EC\"},\"url\":\"https:\\\/\\\/pachamamitaecu.org\\\/en\\\/author\\\/pachamamita-ec\\\/\"}]}<\/script>\n<!-- \/ Yoast SEO Premium plugin. -->","yoast_head_json":{"title":"Results of the Citizen Perception Survey on the Situation of UPSE - PachaMamita Ecuador","robots":{"index":"index","follow":"follow","max-snippet":"max-snippet:-1","max-image-preview":"max-image-preview:large","max-video-preview":"max-video-preview:-1"},"canonical":"https:\/\/pachamamitaecu.org\/en\/2009\/12\/14\/results-of-a-survey-of-citizen-perception-on-the-situation-of-the-upse\/","og_locale":"en_US","og_type":"article","og_title":"Resultados de Encuesta de percepcion ciudadana sobre la situacion de la UPSE","og_description":"Hace algunos d\u00edas tomamos la encuesta virtual de percepci\u00f3n ciudadana con respecto al tema de la UPSE. Los resultados que a continuaci\u00f3n presentamos representan a una poblaci\u00f3n total de 490 personas que nos colaboraron con la toma de esta encuesta. La poblaci\u00f3n considerada incluye a personas nativas de la pen\u00ednsula asi como for\u00e1neos, estudiantes de [...]","og_url":"https:\/\/pachamamitaecu.org\/en\/2009\/12\/14\/results-of-a-survey-of-citizen-perception-on-the-situation-of-the-upse\/","og_site_name":"PachaMamita Ecuador","article_publisher":"https:\/\/www.facebook.com\/pachamamitaecu","article_published_time":"2009-12-14T19:26:00+00:00","author":"PachaMamita EC","twitter_card":"summary_large_image","twitter_misc":{"Written by":"PachaMamita EC","Est. reading time":"3 minutes"},"schema":{"@context":"https:\/\/schema.org","@graph":[{"@type":"Article","@id":"https:\/\/pachamamitaecu.org\/en\/2009\/12\/14\/results-of-a-survey-of-citizen-perception-on-the-situation-of-the-upse\/#article","isPartOf":{"@id":"https:\/\/pachamamitaecu.org\/en\/2009\/12\/14\/results-of-a-survey-of-citizen-perception-on-the-situation-of-the-upse\/"},"author":{"name":"PachaMamita EC","@id":"https:\/\/pachamamitaecu.org\/es_es\/#\/schema\/person\/e8b42afae2451fadab5e0295f02c4593"},"headline":"Resultados de Encuesta de percepcion ciudadana sobre la situacion de la UPSE","datePublished":"2009-12-14T19:26:00+00:00","mainEntityOfPage":{"@id":"https:\/\/pachamamitaecu.org\/en\/2009\/12\/14\/results-of-a-survey-of-citizen-perception-on-the-situation-of-the-upse\/"},"wordCount":669,"commentCount":0,"publisher":{"@id":"https:\/\/pachamamitaecu.org\/es_es\/#organization"},"articleSection":["CONVOCATORIAS."],"inLanguage":"en-US","potentialAction":[{"@type":"CommentAction","name":"Comment","target":["https:\/\/pachamamitaecu.org\/en\/2009\/12\/14\/results-of-a-survey-of-citizen-perception-on-the-situation-of-the-upse\/#respond"]}]},{"@type":"WebPage","@id":"https:\/\/pachamamitaecu.org\/en\/2009\/12\/14\/results-of-a-survey-of-citizen-perception-on-the-situation-of-the-upse\/","url":"https:\/\/pachamamitaecu.org\/en\/2009\/12\/14\/results-of-a-survey-of-citizen-perception-on-the-situation-of-the-upse\/","name":"Results of the Citizen Perception Survey on the Situation of UPSE - PachaMamita Ecuador","isPartOf":{"@id":"https:\/\/pachamamitaecu.org\/es_es\/#website"},"datePublished":"2009-12-14T19:26:00+00:00","breadcrumb":{"@id":"https:\/\/pachamamitaecu.org\/en\/2009\/12\/14\/results-of-a-survey-of-citizen-perception-on-the-situation-of-the-upse\/#breadcrumb"},"inLanguage":"en-US","potentialAction":[{"@type":"ReadAction","target":["https:\/\/pachamamitaecu.org\/en\/2009\/12\/14\/results-of-a-survey-of-citizen-perception-on-the-situation-of-the-upse\/"]}]},{"@type":"BreadcrumbList","@id":"https:\/\/pachamamitaecu.org\/en\/2009\/12\/14\/results-of-a-survey-of-citizen-perception-on-the-situation-of-the-upse\/#breadcrumb","itemListElement":[{"@type":"ListItem","position":1,"name":"Portada","item":"https:\/\/pachamamitaecu.org\/es_es\/"},{"@type":"ListItem","position":2,"name":"Resultados de Encuesta de percepcion ciudadana sobre la situacion de la UPSE"}]},{"@type":"WebSite","@id":"https:\/\/pachamamitaecu.org\/es_es\/#website","url":"https:\/\/pachamamitaecu.org\/es_es\/","name":"PachaMamita Ecuador","description":"CULTURE. AGROECOLOGY. TOURISM AND RESPONSIBLE CONSUMPTION-ECUADOR.","publisher":{"@id":"https:\/\/pachamamitaecu.org\/es_es\/#organization"},"potentialAction":[{"@type":"SearchAction","target":{"@type":"EntryPoint","urlTemplate":"https:\/\/pachamamitaecu.org\/es_es\/?s={search_term_string}"},"query-input":{"@type":"PropertyValueSpecification","valueRequired":true,"valueName":"search_term_string"}}],"inLanguage":"en-US"},{"@type":"Organization","@id":"https:\/\/pachamamitaecu.org\/es_es\/#organization","name":"PachaMamita Ecuador","url":"https:\/\/pachamamitaecu.org\/es_es\/","logo":{"@type":"ImageObject","inLanguage":"en-US","@id":"https:\/\/pachamamitaecu.org\/es_es\/#\/schema\/logo\/image\/","url":"https:\/\/pachamamitaecu.org\/wp-content\/uploads\/2024\/04\/cropped-Diseno-sin-titulo-13.png","contentUrl":"https:\/\/pachamamitaecu.org\/wp-content\/uploads\/2024\/04\/cropped-Diseno-sin-titulo-13.png","width":512,"height":512,"caption":"PachaMamita Ecuador"},"image":{"@id":"https:\/\/pachamamitaecu.org\/es_es\/#\/schema\/logo\/image\/"},"sameAs":["https:\/\/www.facebook.com\/pachamamitaecu"]},{"@type":"Person","@id":"https:\/\/pachamamitaecu.org\/es_es\/#\/schema\/person\/e8b42afae2451fadab5e0295f02c4593","name":"PachaMamita EC","image":{"@type":"ImageObject","inLanguage":"en-US","@id":"https:\/\/pachamamitaecu.org\/wp-content\/litespeed\/avatar\/23494c9101089ad44ae88ce9d2f56aac.jpg?ver=1777350952","url":"https:\/\/pachamamitaecu.org\/wp-content\/litespeed\/avatar\/23494c9101089ad44ae88ce9d2f56aac.jpg?ver=1777350952","contentUrl":"https:\/\/pachamamitaecu.org\/wp-content\/litespeed\/avatar\/23494c9101089ad44ae88ce9d2f56aac.jpg?ver=1777350952","caption":"PachaMamita EC"},"url":"https:\/\/pachamamitaecu.org\/en\/author\/pachamamita-ec\/"}]}},"_links":{"self":[{"href":"https:\/\/pachamamitaecu.org\/en\/wp-json\/wp\/v2\/posts\/1556","targetHints":{"allow":["GET"]}}],"collection":[{"href":"https:\/\/pachamamitaecu.org\/en\/wp-json\/wp\/v2\/posts"}],"about":[{"href":"https:\/\/pachamamitaecu.org\/en\/wp-json\/wp\/v2\/types\/post"}],"author":[{"embeddable":true,"href":"https:\/\/pachamamitaecu.org\/en\/wp-json\/wp\/v2\/users\/3"}],"replies":[{"embeddable":true,"href":"https:\/\/pachamamitaecu.org\/en\/wp-json\/wp\/v2\/comments?post=1556"}],"version-history":[{"count":0,"href":"https:\/\/pachamamitaecu.org\/en\/wp-json\/wp\/v2\/posts\/1556\/revisions"}],"wp:attachment":[{"href":"https:\/\/pachamamitaecu.org\/en\/wp-json\/wp\/v2\/media?parent=1556"}],"wp:term":[{"taxonomy":"category","embeddable":true,"href":"https:\/\/pachamamitaecu.org\/en\/wp-json\/wp\/v2\/categories?post=1556"},{"taxonomy":"post_tag","embeddable":true,"href":"https:\/\/pachamamitaecu.org\/en\/wp-json\/wp\/v2\/tags?post=1556"}],"curies":[{"name":"wp","href":"https:\/\/api.w.org\/{rel}","templated":true}]}}