{"id":444,"date":"2017-06-17T18:30:00","date_gmt":"2017-06-17T18:30:00","guid":{"rendered":"http:\/\/pachamamitaecu-org-720647.hostingersite.com\/2017\/06\/17\/el-campo-y-la-ciudad-se-unen-en-contra-de-los-transgenicos\/"},"modified":"2023-03-02T06:20:44","modified_gmt":"2023-03-02T06:20:44","slug":"el-campo-y-la-ciudad-se-unen-en-contra-de-los-transgenicos","status":"publish","type":"post","link":"https:\/\/pachamamitaecu.org\/en\/2017\/06\/17\/the-countryside-and-the-city-unite-against-transgenics\/","title":{"rendered":"The countryside and the city unite against GMOs."},"content":{"rendered":"<div dir=\"ltr\" style=\"text-align: left;\">\n<div style=\"clear: both; text-align: center;\"><a href=\"https:\/\/4.bp.blogspot.com\/-XNDTQ7wOPLo\/WUV0-Fi_ePI\/AAAAAAAAHd8\/VfvZXkHt1zU85ruk4x2zSssXBpqEmeNjwCLcBGAs\/s1600\/18952964_1386904734709457_6362343150229792608_n.jpg\" style=\"clear: right; float: right; margin-bottom: 1em; margin-left: 1em;\"><img decoding=\"async\" border=\"0\" data-original-height=\"600\" data-original-width=\"600\" height=\"320\" data-src=\"https:\/\/4.bp.blogspot.com\/-XNDTQ7wOPLo\/WUV0-Fi_ePI\/AAAAAAAAHd8\/VfvZXkHt1zU85ruk4x2zSssXBpqEmeNjwCLcBGAs\/s320\/18952964_1386904734709457_6362343150229792608_n.jpg\" width=\"320\" src=\"data:image\/svg+xml;base64,PHN2ZyB3aWR0aD0iMSIgaGVpZ2h0PSIxIiB4bWxucz0iaHR0cDovL3d3dy53My5vcmcvMjAwMC9zdmciPjwvc3ZnPg==\" class=\"lazyload\" style=\"--smush-placeholder-width: 320px; --smush-placeholder-aspect-ratio: 320\/320;\" \/><\/a><\/div>\n<div style=\"text-align: justify;\"><span style=\"font-family: Georgia, Times New Roman, serif;\">National protests against the entry of genetically modified crops into Ecuador<\/span><\/div>\n<div style=\"text-align: justify;\"><span style=\"font-family: Georgia, Times New Roman, serif;\"><br \/><\/span><\/div>\n<p><\/p>\n<div style=\"text-align: justify;\"><span style=\"font-family: Georgia, &quot;Times New Roman&quot;, serif;\">Former Ecuadorian President Rafael Correa vetoed the Law on Seeds, Agrobiodiversity and Promotion of Sustainable Agriculture 5 days before the end of his term, with the aim of allowing the entry of genetically modified seeds and crops for research purposes, which directly violates the Constitution of Ecuador, and yet the National Assembly approved the veto and the law has been entered into the official registry.&nbsp;<\/span><\/div>\n<p><span style=\"font-family: Georgia, Times New Roman, serif;\"><\/p>\n<div style=\"text-align: justify;\"><\/div>\n<div style=\"text-align: justify;\">Very few countries in Latin America have allowed the entry of this type of seeds for research purposes, which has opened the door to genetic contamination of local crops and the subsequent legalization of GMOs, while in Europe 19 countries have banned the entry of GMOs due to their serious environmental, agricultural and health effects.&nbsp;<\/div>\n<div style=\"text-align: justify;\"><\/div>\n<div style=\"text-align: justify;\">For this reason, FECAOL \u2013 National Peasant Movement filed a claim of unconstitutionality in the Constitutional Court (the same one that is expected to be reapplied by other organizations at the national level) and now we are calling for a National Platoon in the governorships or offices of the National Assembly in the main cities of the country to reject the entry of GMOs into Ecuador, expecting an immediate response from the current government of Lenin Moreno who has supposedly mentioned an interest in national dialogue with social organizations, peasants, montubios, and peoples of the coast.<\/div>\n<p><\/span><\/p>\n<div style=\"text-align: justify;\"><span style=\"font-family: Georgia, Times New Roman, serif;\"><br \/><\/span><\/div>\n<div style=\"text-align: justify;\"><span style=\"font-family: Georgia, Times New Roman, serif;\">The general public is invited to participate in the NATIONAL SIT-IN that will take place on Wednesday, June 21, 2017 at 3:00 p.m. in front of the Governor&#039;s Offices of each province to join the peasant and social organizations of Ecuador to reject the Law of Agrobiodiversity, Seeds and Promotion of Sustainable Agriculture that allows the entry of transgenic crops and seeds into the country, with the consequent effects on the environment, farmers and the health of consumers.<\/span><\/div>\n<div style=\"text-align: justify;\"><span style=\"font-family: Georgia, Times New Roman, serif;\"><br \/><\/span><\/div>\n<div style=\"text-align: justify;\"><span style=\"font-family: Georgia, Times New Roman, serif;\">Spokesperson: Richard Intriago, President FECAOL 0994675989<\/span><\/div>\n<\/div>\n<div class=\"pvc_clear\"><\/div>\n<p id=\"pvc_stats_444\" class=\"pvc_stats total_only\" data-element-id=\"444\" style=\"\"><i class=\"pvc-stats-icon medium\" aria-hidden=\"true\"><svg aria-hidden=\"true\" focusable=\"false\" data-prefix=\"far\" data-icon=\"chart-bar\" role=\"img\" xmlns=\"http:\/\/www.w3.org\/2000\/svg\" viewbox=\"0 0 512 512\" class=\"svg-inline--fa fa-chart-bar fa-w-16 fa-2x\"><path fill=\"currentColor\" d=\"M396.8 352h22.4c6.4 0 12.8-6.4 12.8-12.8V108.8c0-6.4-6.4-12.8-12.8-12.8h-22.4c-6.4 0-12.8 6.4-12.8 12.8v230.4c0 6.4 6.4 12.8 12.8 12.8zm-192 0h22.4c6.4 0 12.8-6.4 12.8-12.8V140.8c0-6.4-6.4-12.8-12.8-12.8h-22.4c-6.4 0-12.8 6.4-12.8 12.8v198.4c0 6.4 6.4 12.8 12.8 12.8zm96 0h22.4c6.4 0 12.8-6.4 12.8-12.8V204.8c0-6.4-6.4-12.8-12.8-12.8h-22.4c-6.4 0-12.8 6.4-12.8 12.8v134.4c0 6.4 6.4 12.8 12.8 12.8zM496 400H48V80c0-8.84-7.16-16-16-16H16C7.16 64 0 71.16 0 80v336c0 17.67 14.33 32 32 32h464c8.84 0 16-7.16 16-16v-16c0-8.84-7.16-16-16-16zm-387.2-48h22.4c6.4 0 12.8-6.4 12.8-12.8v-70.4c0-6.4-6.4-12.8-12.8-12.8h-22.4c-6.4 0-12.8 6.4-12.8 12.8v70.4c0 6.4 6.4 12.8 12.8 12.8z\" class=\"\"><\/path><\/svg><\/i> <img decoding=\"async\" width=\"16\" height=\"16\" alt=\"Loading\" data-src=\"https:\/\/pachamamitaecu.org\/wp-content\/plugins\/page-views-count\/ajax-loader-2x.gif\" border=\"0\" src=\"data:image\/svg+xml;base64,PHN2ZyB3aWR0aD0iMSIgaGVpZ2h0PSIxIiB4bWxucz0iaHR0cDovL3d3dy53My5vcmcvMjAwMC9zdmciPjwvc3ZnPg==\" class=\"lazyload\" style=\"--smush-placeholder-width: 16px; --smush-placeholder-aspect-ratio: 16\/16;\" \/><\/p>\n<div class=\"pvc_clear\"><\/div>","protected":false},"excerpt":{"rendered":"<p>PLANTONES NACIONALES EN RECHAZO AL INGRESO DE TRANSG\u00c9NICOS AL ECUADOR El ex-presidente del Ecuador Rafael Correa, 5 d\u00edas antes de culminar su mandato realiz\u00f3 un veto a la Ley de Semillas, Agro-biodiversidad y fomento a la Agricultura Sustentable, con la finalidad de que se permita el ingreso de semillas y cultivos transg\u00e9nicos para usos investigativos, [&#8230;]\n","protected":false},"author":3,"featured_media":0,"comment_status":"closed","ping_status":"closed","sticky":false,"template":"","format":"standard","meta":{"footnotes":""},"categories":[213,223,185,218],"tags":[],"class_list":["post-444","post","type-post","status-publish","format-standard","hentry","category-fecaol","category-organismos-geneticamente-modificados","category-pueblos-indigenas","category-transgenicos"],"a3_pvc":{"activated":true,"total_views":35,"today_views":0},"yoast_head":"<!-- This site is optimized with the Yoast SEO Premium plugin v24.2 (Yoast SEO v27.4) - https:\/\/yoast.com\/product\/yoast-seo-premium-wordpress\/ -->\n<title>El campo y la ciudad se unen en contra de los transg\u00e9nicos. - PachaMamita Ecuador<\/title>\n<meta name=\"robots\" content=\"index, follow, max-snippet:-1, max-image-preview:large, max-video-preview:-1\" \/>\n<link rel=\"canonical\" href=\"https:\/\/pachamamitaecu.org\/en\/2017\/06\/17\/the-countryside-and-the-city-unite-against-transgenics\/\" \/>\n<meta property=\"og:locale\" content=\"en_US\" \/>\n<meta property=\"og:type\" content=\"article\" \/>\n<meta property=\"og:title\" content=\"El campo y la ciudad se unen en contra de los transg\u00e9nicos.\" \/>\n<meta property=\"og:description\" content=\"PLANTONES NACIONALES EN RECHAZO AL INGRESO DE TRANSG\u00c9NICOS AL ECUADOR El ex-presidente del Ecuador Rafael Correa, 5 d\u00edas antes de culminar su mandato realiz\u00f3 un veto a la Ley de Semillas, Agro-biodiversidad y fomento a la Agricultura Sustentable, con la finalidad de que se permita el ingreso de semillas y cultivos transg\u00e9nicos para usos investigativos, [...]\" \/>\n<meta property=\"og:url\" content=\"https:\/\/pachamamitaecu.org\/en\/2017\/06\/17\/the-countryside-and-the-city-unite-against-transgenics\/\" \/>\n<meta property=\"og:site_name\" content=\"PachaMamita Ecuador\" \/>\n<meta property=\"article:publisher\" content=\"https:\/\/www.facebook.com\/pachamamitaecu\" \/>\n<meta property=\"article:published_time\" content=\"2017-06-17T18:30:00+00:00\" \/>\n<meta property=\"article:modified_time\" content=\"2023-03-02T06:20:44+00:00\" \/>\n<meta property=\"og:image\" content=\"https:\/\/4.bp.blogspot.com\/-XNDTQ7wOPLo\/WUV0-Fi_ePI\/AAAAAAAAHd8\/VfvZXkHt1zU85ruk4x2zSssXBpqEmeNjwCLcBGAs\/s320\/18952964_1386904734709457_6362343150229792608_n.jpg\" \/>\n<meta name=\"author\" content=\"PachaMamita EC\" \/>\n<meta name=\"twitter:card\" content=\"summary_large_image\" \/>\n<meta name=\"twitter:label1\" content=\"Written by\" \/>\n\t<meta name=\"twitter:data1\" content=\"PachaMamita EC\" \/>\n\t<meta name=\"twitter:label2\" content=\"Est. reading time\" \/>\n\t<meta name=\"twitter:data2\" content=\"2 minutes\" \/>\n<script type=\"application\/ld+json\" class=\"yoast-schema-graph\">{\"@context\":\"https:\\\/\\\/schema.org\",\"@graph\":[{\"@type\":\"Article\",\"@id\":\"https:\\\/\\\/pachamamitaecu.org\\\/es_es\\\/2017\\\/06\\\/17\\\/el-campo-y-la-ciudad-se-unen-en-contra-de-los-transgenicos\\\/#article\",\"isPartOf\":{\"@id\":\"https:\\\/\\\/pachamamitaecu.org\\\/es_es\\\/2017\\\/06\\\/17\\\/el-campo-y-la-ciudad-se-unen-en-contra-de-los-transgenicos\\\/\"},\"author\":{\"name\":\"PachaMamita EC\",\"@id\":\"https:\\\/\\\/pachamamitaecu.org\\\/es_es\\\/#\\\/schema\\\/person\\\/e8b42afae2451fadab5e0295f02c4593\"},\"headline\":\"El campo y la ciudad se unen en contra de los transg\u00e9nicos.\",\"datePublished\":\"2017-06-17T18:30:00+00:00\",\"dateModified\":\"2023-03-02T06:20:44+00:00\",\"mainEntityOfPage\":{\"@id\":\"https:\\\/\\\/pachamamitaecu.org\\\/es_es\\\/2017\\\/06\\\/17\\\/el-campo-y-la-ciudad-se-unen-en-contra-de-los-transgenicos\\\/\"},\"wordCount\":356,\"publisher\":{\"@id\":\"https:\\\/\\\/pachamamitaecu.org\\\/es_es\\\/#organization\"},\"image\":{\"@id\":\"https:\\\/\\\/pachamamitaecu.org\\\/es_es\\\/2017\\\/06\\\/17\\\/el-campo-y-la-ciudad-se-unen-en-contra-de-los-transgenicos\\\/#primaryimage\"},\"thumbnailUrl\":\"https:\\\/\\\/4.bp.blogspot.com\\\/-XNDTQ7wOPLo\\\/WUV0-Fi_ePI\\\/AAAAAAAAHd8\\\/VfvZXkHt1zU85ruk4x2zSssXBpqEmeNjwCLcBGAs\\\/s320\\\/18952964_1386904734709457_6362343150229792608_n.jpg\",\"articleSection\":[\"fecaol\",\"organismos geneticamente modificados\",\"pueblos indigenas\",\"transgenicos\"],\"inLanguage\":\"en-US\"},{\"@type\":\"WebPage\",\"@id\":\"https:\\\/\\\/pachamamitaecu.org\\\/es_es\\\/2017\\\/06\\\/17\\\/el-campo-y-la-ciudad-se-unen-en-contra-de-los-transgenicos\\\/\",\"url\":\"https:\\\/\\\/pachamamitaecu.org\\\/es_es\\\/2017\\\/06\\\/17\\\/el-campo-y-la-ciudad-se-unen-en-contra-de-los-transgenicos\\\/\",\"name\":\"El campo y la ciudad se unen en contra de los transg\u00e9nicos. - PachaMamita Ecuador\",\"isPartOf\":{\"@id\":\"https:\\\/\\\/pachamamitaecu.org\\\/es_es\\\/#website\"},\"primaryImageOfPage\":{\"@id\":\"https:\\\/\\\/pachamamitaecu.org\\\/es_es\\\/2017\\\/06\\\/17\\\/el-campo-y-la-ciudad-se-unen-en-contra-de-los-transgenicos\\\/#primaryimage\"},\"image\":{\"@id\":\"https:\\\/\\\/pachamamitaecu.org\\\/es_es\\\/2017\\\/06\\\/17\\\/el-campo-y-la-ciudad-se-unen-en-contra-de-los-transgenicos\\\/#primaryimage\"},\"thumbnailUrl\":\"https:\\\/\\\/4.bp.blogspot.com\\\/-XNDTQ7wOPLo\\\/WUV0-Fi_ePI\\\/AAAAAAAAHd8\\\/VfvZXkHt1zU85ruk4x2zSssXBpqEmeNjwCLcBGAs\\\/s320\\\/18952964_1386904734709457_6362343150229792608_n.jpg\",\"datePublished\":\"2017-06-17T18:30:00+00:00\",\"dateModified\":\"2023-03-02T06:20:44+00:00\",\"breadcrumb\":{\"@id\":\"https:\\\/\\\/pachamamitaecu.org\\\/es_es\\\/2017\\\/06\\\/17\\\/el-campo-y-la-ciudad-se-unen-en-contra-de-los-transgenicos\\\/#breadcrumb\"},\"inLanguage\":\"en-US\",\"potentialAction\":[{\"@type\":\"ReadAction\",\"target\":[\"https:\\\/\\\/pachamamitaecu.org\\\/es_es\\\/2017\\\/06\\\/17\\\/el-campo-y-la-ciudad-se-unen-en-contra-de-los-transgenicos\\\/\"]}]},{\"@type\":\"ImageObject\",\"inLanguage\":\"en-US\",\"@id\":\"https:\\\/\\\/pachamamitaecu.org\\\/es_es\\\/2017\\\/06\\\/17\\\/el-campo-y-la-ciudad-se-unen-en-contra-de-los-transgenicos\\\/#primaryimage\",\"url\":\"https:\\\/\\\/4.bp.blogspot.com\\\/-XNDTQ7wOPLo\\\/WUV0-Fi_ePI\\\/AAAAAAAAHd8\\\/VfvZXkHt1zU85ruk4x2zSssXBpqEmeNjwCLcBGAs\\\/s320\\\/18952964_1386904734709457_6362343150229792608_n.jpg\",\"contentUrl\":\"https:\\\/\\\/4.bp.blogspot.com\\\/-XNDTQ7wOPLo\\\/WUV0-Fi_ePI\\\/AAAAAAAAHd8\\\/VfvZXkHt1zU85ruk4x2zSssXBpqEmeNjwCLcBGAs\\\/s320\\\/18952964_1386904734709457_6362343150229792608_n.jpg\"},{\"@type\":\"BreadcrumbList\",\"@id\":\"https:\\\/\\\/pachamamitaecu.org\\\/es_es\\\/2017\\\/06\\\/17\\\/el-campo-y-la-ciudad-se-unen-en-contra-de-los-transgenicos\\\/#breadcrumb\",\"itemListElement\":[{\"@type\":\"ListItem\",\"position\":1,\"name\":\"Portada\",\"item\":\"https:\\\/\\\/pachamamitaecu.org\\\/es_es\\\/\"},{\"@type\":\"ListItem\",\"position\":2,\"name\":\"El campo y la ciudad se unen en contra de los transg\u00e9nicos.\"}]},{\"@type\":\"WebSite\",\"@id\":\"https:\\\/\\\/pachamamitaecu.org\\\/es_es\\\/#website\",\"url\":\"https:\\\/\\\/pachamamitaecu.org\\\/es_es\\\/\",\"name\":\"PachaMamita Ecuador\",\"description\":\"CULTURA. AGROECOLOG\u00cdA. TURISMO Y CONSUMO RESPONSABLE-ECUADOR.\",\"publisher\":{\"@id\":\"https:\\\/\\\/pachamamitaecu.org\\\/es_es\\\/#organization\"},\"potentialAction\":[{\"@type\":\"SearchAction\",\"target\":{\"@type\":\"EntryPoint\",\"urlTemplate\":\"https:\\\/\\\/pachamamitaecu.org\\\/es_es\\\/?s={search_term_string}\"},\"query-input\":{\"@type\":\"PropertyValueSpecification\",\"valueRequired\":true,\"valueName\":\"search_term_string\"}}],\"inLanguage\":\"en-US\"},{\"@type\":\"Organization\",\"@id\":\"https:\\\/\\\/pachamamitaecu.org\\\/es_es\\\/#organization\",\"name\":\"PachaMamita Ecuador\",\"url\":\"https:\\\/\\\/pachamamitaecu.org\\\/es_es\\\/\",\"logo\":{\"@type\":\"ImageObject\",\"inLanguage\":\"en-US\",\"@id\":\"https:\\\/\\\/pachamamitaecu.org\\\/es_es\\\/#\\\/schema\\\/logo\\\/image\\\/\",\"url\":\"https:\\\/\\\/pachamamitaecu.org\\\/wp-content\\\/uploads\\\/2024\\\/04\\\/cropped-Diseno-sin-titulo-13.png\",\"contentUrl\":\"https:\\\/\\\/pachamamitaecu.org\\\/wp-content\\\/uploads\\\/2024\\\/04\\\/cropped-Diseno-sin-titulo-13.png\",\"width\":512,\"height\":512,\"caption\":\"PachaMamita Ecuador\"},\"image\":{\"@id\":\"https:\\\/\\\/pachamamitaecu.org\\\/es_es\\\/#\\\/schema\\\/logo\\\/image\\\/\"},\"sameAs\":[\"https:\\\/\\\/www.facebook.com\\\/pachamamitaecu\"]},{\"@type\":\"Person\",\"@id\":\"https:\\\/\\\/pachamamitaecu.org\\\/es_es\\\/#\\\/schema\\\/person\\\/e8b42afae2451fadab5e0295f02c4593\",\"name\":\"PachaMamita EC\",\"image\":{\"@type\":\"ImageObject\",\"inLanguage\":\"en-US\",\"@id\":\"https:\\\/\\\/pachamamitaecu.org\\\/wp-content\\\/litespeed\\\/avatar\\\/23494c9101089ad44ae88ce9d2f56aac.jpg?ver=1777350952\",\"url\":\"https:\\\/\\\/pachamamitaecu.org\\\/wp-content\\\/litespeed\\\/avatar\\\/23494c9101089ad44ae88ce9d2f56aac.jpg?ver=1777350952\",\"contentUrl\":\"https:\\\/\\\/pachamamitaecu.org\\\/wp-content\\\/litespeed\\\/avatar\\\/23494c9101089ad44ae88ce9d2f56aac.jpg?ver=1777350952\",\"caption\":\"PachaMamita EC\"},\"url\":\"https:\\\/\\\/pachamamitaecu.org\\\/en\\\/author\\\/pachamamita-ec\\\/\"}]}<\/script>\n<!-- \/ Yoast SEO Premium plugin. -->","yoast_head_json":{"title":"The countryside and the city unite against GMOs. - PachaMamita Ecuador","robots":{"index":"index","follow":"follow","max-snippet":"max-snippet:-1","max-image-preview":"max-image-preview:large","max-video-preview":"max-video-preview:-1"},"canonical":"https:\/\/pachamamitaecu.org\/en\/2017\/06\/17\/the-countryside-and-the-city-unite-against-transgenics\/","og_locale":"en_US","og_type":"article","og_title":"El campo y la ciudad se unen en contra de los transg\u00e9nicos.","og_description":"PLANTONES NACIONALES EN RECHAZO AL INGRESO DE TRANSG\u00c9NICOS AL ECUADOR El ex-presidente del Ecuador Rafael Correa, 5 d\u00edas antes de culminar su mandato realiz\u00f3 un veto a la Ley de Semillas, Agro-biodiversidad y fomento a la Agricultura Sustentable, con la finalidad de que se permita el ingreso de semillas y cultivos transg\u00e9nicos para usos investigativos, [...]","og_url":"https:\/\/pachamamitaecu.org\/en\/2017\/06\/17\/the-countryside-and-the-city-unite-against-transgenics\/","og_site_name":"PachaMamita Ecuador","article_publisher":"https:\/\/www.facebook.com\/pachamamitaecu","article_published_time":"2017-06-17T18:30:00+00:00","article_modified_time":"2023-03-02T06:20:44+00:00","og_image":[{"url":"https:\/\/4.bp.blogspot.com\/-XNDTQ7wOPLo\/WUV0-Fi_ePI\/AAAAAAAAHd8\/VfvZXkHt1zU85ruk4x2zSssXBpqEmeNjwCLcBGAs\/s320\/18952964_1386904734709457_6362343150229792608_n.jpg","type":"","width":"","height":""}],"author":"PachaMamita EC","twitter_card":"summary_large_image","twitter_misc":{"Written by":"PachaMamita EC","Est. reading time":"2 minutes"},"schema":{"@context":"https:\/\/schema.org","@graph":[{"@type":"Article","@id":"https:\/\/pachamamitaecu.org\/es_es\/2017\/06\/17\/el-campo-y-la-ciudad-se-unen-en-contra-de-los-transgenicos\/#article","isPartOf":{"@id":"https:\/\/pachamamitaecu.org\/es_es\/2017\/06\/17\/el-campo-y-la-ciudad-se-unen-en-contra-de-los-transgenicos\/"},"author":{"name":"PachaMamita EC","@id":"https:\/\/pachamamitaecu.org\/es_es\/#\/schema\/person\/e8b42afae2451fadab5e0295f02c4593"},"headline":"El campo y la ciudad se unen en contra de los transg\u00e9nicos.","datePublished":"2017-06-17T18:30:00+00:00","dateModified":"2023-03-02T06:20:44+00:00","mainEntityOfPage":{"@id":"https:\/\/pachamamitaecu.org\/es_es\/2017\/06\/17\/el-campo-y-la-ciudad-se-unen-en-contra-de-los-transgenicos\/"},"wordCount":356,"publisher":{"@id":"https:\/\/pachamamitaecu.org\/es_es\/#organization"},"image":{"@id":"https:\/\/pachamamitaecu.org\/es_es\/2017\/06\/17\/el-campo-y-la-ciudad-se-unen-en-contra-de-los-transgenicos\/#primaryimage"},"thumbnailUrl":"https:\/\/4.bp.blogspot.com\/-XNDTQ7wOPLo\/WUV0-Fi_ePI\/AAAAAAAAHd8\/VfvZXkHt1zU85ruk4x2zSssXBpqEmeNjwCLcBGAs\/s320\/18952964_1386904734709457_6362343150229792608_n.jpg","articleSection":["fecaol","organismos geneticamente modificados","pueblos indigenas","transgenicos"],"inLanguage":"en-US"},{"@type":"WebPage","@id":"https:\/\/pachamamitaecu.org\/es_es\/2017\/06\/17\/el-campo-y-la-ciudad-se-unen-en-contra-de-los-transgenicos\/","url":"https:\/\/pachamamitaecu.org\/es_es\/2017\/06\/17\/el-campo-y-la-ciudad-se-unen-en-contra-de-los-transgenicos\/","name":"The countryside and the city unite against GMOs. - PachaMamita Ecuador","isPartOf":{"@id":"https:\/\/pachamamitaecu.org\/es_es\/#website"},"primaryImageOfPage":{"@id":"https:\/\/pachamamitaecu.org\/es_es\/2017\/06\/17\/el-campo-y-la-ciudad-se-unen-en-contra-de-los-transgenicos\/#primaryimage"},"image":{"@id":"https:\/\/pachamamitaecu.org\/es_es\/2017\/06\/17\/el-campo-y-la-ciudad-se-unen-en-contra-de-los-transgenicos\/#primaryimage"},"thumbnailUrl":"https:\/\/4.bp.blogspot.com\/-XNDTQ7wOPLo\/WUV0-Fi_ePI\/AAAAAAAAHd8\/VfvZXkHt1zU85ruk4x2zSssXBpqEmeNjwCLcBGAs\/s320\/18952964_1386904734709457_6362343150229792608_n.jpg","datePublished":"2017-06-17T18:30:00+00:00","dateModified":"2023-03-02T06:20:44+00:00","breadcrumb":{"@id":"https:\/\/pachamamitaecu.org\/es_es\/2017\/06\/17\/el-campo-y-la-ciudad-se-unen-en-contra-de-los-transgenicos\/#breadcrumb"},"inLanguage":"en-US","potentialAction":[{"@type":"ReadAction","target":["https:\/\/pachamamitaecu.org\/es_es\/2017\/06\/17\/el-campo-y-la-ciudad-se-unen-en-contra-de-los-transgenicos\/"]}]},{"@type":"ImageObject","inLanguage":"en-US","@id":"https:\/\/pachamamitaecu.org\/es_es\/2017\/06\/17\/el-campo-y-la-ciudad-se-unen-en-contra-de-los-transgenicos\/#primaryimage","url":"https:\/\/4.bp.blogspot.com\/-XNDTQ7wOPLo\/WUV0-Fi_ePI\/AAAAAAAAHd8\/VfvZXkHt1zU85ruk4x2zSssXBpqEmeNjwCLcBGAs\/s320\/18952964_1386904734709457_6362343150229792608_n.jpg","contentUrl":"https:\/\/4.bp.blogspot.com\/-XNDTQ7wOPLo\/WUV0-Fi_ePI\/AAAAAAAAHd8\/VfvZXkHt1zU85ruk4x2zSssXBpqEmeNjwCLcBGAs\/s320\/18952964_1386904734709457_6362343150229792608_n.jpg"},{"@type":"BreadcrumbList","@id":"https:\/\/pachamamitaecu.org\/es_es\/2017\/06\/17\/el-campo-y-la-ciudad-se-unen-en-contra-de-los-transgenicos\/#breadcrumb","itemListElement":[{"@type":"ListItem","position":1,"name":"Portada","item":"https:\/\/pachamamitaecu.org\/es_es\/"},{"@type":"ListItem","position":2,"name":"El campo y la ciudad se unen en contra de los transg\u00e9nicos."}]},{"@type":"WebSite","@id":"https:\/\/pachamamitaecu.org\/es_es\/#website","url":"https:\/\/pachamamitaecu.org\/es_es\/","name":"PachaMamita Ecuador","description":"CULTURE. AGROECOLOGY. TOURISM AND RESPONSIBLE CONSUMPTION-ECUADOR.","publisher":{"@id":"https:\/\/pachamamitaecu.org\/es_es\/#organization"},"potentialAction":[{"@type":"SearchAction","target":{"@type":"EntryPoint","urlTemplate":"https:\/\/pachamamitaecu.org\/es_es\/?s={search_term_string}"},"query-input":{"@type":"PropertyValueSpecification","valueRequired":true,"valueName":"search_term_string"}}],"inLanguage":"en-US"},{"@type":"Organization","@id":"https:\/\/pachamamitaecu.org\/es_es\/#organization","name":"PachaMamita Ecuador","url":"https:\/\/pachamamitaecu.org\/es_es\/","logo":{"@type":"ImageObject","inLanguage":"en-US","@id":"https:\/\/pachamamitaecu.org\/es_es\/#\/schema\/logo\/image\/","url":"https:\/\/pachamamitaecu.org\/wp-content\/uploads\/2024\/04\/cropped-Diseno-sin-titulo-13.png","contentUrl":"https:\/\/pachamamitaecu.org\/wp-content\/uploads\/2024\/04\/cropped-Diseno-sin-titulo-13.png","width":512,"height":512,"caption":"PachaMamita Ecuador"},"image":{"@id":"https:\/\/pachamamitaecu.org\/es_es\/#\/schema\/logo\/image\/"},"sameAs":["https:\/\/www.facebook.com\/pachamamitaecu"]},{"@type":"Person","@id":"https:\/\/pachamamitaecu.org\/es_es\/#\/schema\/person\/e8b42afae2451fadab5e0295f02c4593","name":"PachaMamita EC","image":{"@type":"ImageObject","inLanguage":"en-US","@id":"https:\/\/pachamamitaecu.org\/wp-content\/litespeed\/avatar\/23494c9101089ad44ae88ce9d2f56aac.jpg?ver=1777350952","url":"https:\/\/pachamamitaecu.org\/wp-content\/litespeed\/avatar\/23494c9101089ad44ae88ce9d2f56aac.jpg?ver=1777350952","contentUrl":"https:\/\/pachamamitaecu.org\/wp-content\/litespeed\/avatar\/23494c9101089ad44ae88ce9d2f56aac.jpg?ver=1777350952","caption":"PachaMamita EC"},"url":"https:\/\/pachamamitaecu.org\/en\/author\/pachamamita-ec\/"}]}},"_links":{"self":[{"href":"https:\/\/pachamamitaecu.org\/en\/wp-json\/wp\/v2\/posts\/444","targetHints":{"allow":["GET"]}}],"collection":[{"href":"https:\/\/pachamamitaecu.org\/en\/wp-json\/wp\/v2\/posts"}],"about":[{"href":"https:\/\/pachamamitaecu.org\/en\/wp-json\/wp\/v2\/types\/post"}],"author":[{"embeddable":true,"href":"https:\/\/pachamamitaecu.org\/en\/wp-json\/wp\/v2\/users\/3"}],"replies":[{"embeddable":true,"href":"https:\/\/pachamamitaecu.org\/en\/wp-json\/wp\/v2\/comments?post=444"}],"version-history":[{"count":0,"href":"https:\/\/pachamamitaecu.org\/en\/wp-json\/wp\/v2\/posts\/444\/revisions"}],"wp:attachment":[{"href":"https:\/\/pachamamitaecu.org\/en\/wp-json\/wp\/v2\/media?parent=444"}],"wp:term":[{"taxonomy":"category","embeddable":true,"href":"https:\/\/pachamamitaecu.org\/en\/wp-json\/wp\/v2\/categories?post=444"},{"taxonomy":"post_tag","embeddable":true,"href":"https:\/\/pachamamitaecu.org\/en\/wp-json\/wp\/v2\/tags?post=444"}],"curies":[{"name":"wp","href":"https:\/\/api.w.org\/{rel}","templated":true}]}}