{"id":487,"date":"2016-03-16T07:53:00","date_gmt":"2016-03-16T07:53:00","guid":{"rendered":"http:\/\/pachamamitaecu-org-720647.hostingersite.com\/2016\/03\/16\/en-la-mira-la-esclavitud-infantil-en-gigantes-del-chocolate\/"},"modified":"2023-03-02T06:21:06","modified_gmt":"2023-03-02T06:21:06","slug":"en-la-mira-la-esclavitud-infantil-en-gigantes-del-chocolate","status":"publish","type":"post","link":"https:\/\/pachamamitaecu.org\/en\/2016\/03\/16\/child-slavery-in-chocolate-giants-under-scrutiny\/","title":{"rendered":"Child slavery in chocolate giants under scrutiny"},"content":{"rendered":"<div dir=\"ltr\" style=\"text-align: left;\">\n<div style=\"clear: both; text-align: center;\"><a href=\"https:\/\/3.bp.blogspot.com\/-WTE2G0gwiJc\/VukNrPSX29I\/AAAAAAAAFUE\/CmgfN14luOwo42kGXeMefI9ZTGt2r4S4A\/s1600\/ninos-esclavos.jpg\" style=\"clear: left; float: left; margin-bottom: 1em; margin-right: 1em;\"><img decoding=\"async\" border=\"0\" height=\"250\" data-src=\"https:\/\/3.bp.blogspot.com\/-WTE2G0gwiJc\/VukNrPSX29I\/AAAAAAAAFUE\/CmgfN14luOwo42kGXeMefI9ZTGt2r4S4A\/s400\/ninos-esclavos.jpg\" width=\"400\" src=\"data:image\/svg+xml;base64,PHN2ZyB3aWR0aD0iMSIgaGVpZ2h0PSIxIiB4bWxucz0iaHR0cDovL3d3dy53My5vcmcvMjAwMC9zdmciPjwvc3ZnPg==\" class=\"lazyload\" style=\"--smush-placeholder-width: 400px; --smush-placeholder-aspect-ratio: 400\/250;\" \/><\/a><\/div>\n<div dir=\"ltr\" style=\"text-align: left;\">\n<div style=\"text-align: justify;\"><span style=\"font-family: &quot;georgia&quot; , &quot;times new roman&quot; , serif;\">Although slavery is prohibited in all countries, in September 2015, a lawsuit was filed against Mars, Nestl\u00e9 and Hershey alleging that they were misleading consumers who were \u201cunwittingly\u201d financing the child slave labor business of chocolate in West Africa.&nbsp;<\/span><\/div>\n<p><span style=\"font-family: &quot;georgia&quot; , &quot;times new roman&quot; , serif;\"><\/span><\/p>\n<div style=\"text-align: justify;\"><span style=\"font-family: &quot;georgia&quot; , &quot;times new roman&quot; , serif;\"><br \/><\/span><\/div>\n<p><span style=\"font-family: &quot;georgia&quot; , &quot;times new roman&quot; , serif;\"><\/span><\/p>\n<div style=\"text-align: justify;\"><span style=\"font-family: &quot;georgia&quot; , &quot;times new roman&quot; , serif;\">Children between the ages of 11 and 16 (sometimes even younger) are locked up in isolated plantations, where they work 80 to 100 hours a week.<\/span><\/div>\n<p><span style=\"font-family: &quot;georgia&quot; , &quot;times new roman&quot; , serif;\"><\/span><span style=\"font-family: &quot;georgia&quot; , &quot;times new roman&quot; , serif;\"><\/span><\/p>\n<div style=\"text-align: justify;\"><span style=\"font-family: &quot;georgia&quot; , &quot;times new roman&quot; , serif;\"><br \/><\/span><\/div>\n<p><span style=\"font-family: &quot;georgia&quot; , &quot;times new roman&quot; , serif;\"><\/p>\n<div style=\"text-align: justify;\">At the beginning of the 21st century, the documentary &nbsp;<a href=\"https:\/\/www.youtube.com\/watch?v=P-mgXSojRuo\">Slavery: A Global Investigation<\/a> (Slavery: A Global Investigation) interviewed children who were freed from cocoa plantations in that region of the world, who described how they were frequently beaten with belts and whips; as part of an investigation into the issue around the world.<\/div>\n<div style=\"text-align: justify;\"><\/div>\n<p><b><\/p>\n<div style=\"text-align: justify;\"><b><i>\u201cBeatings were a part of my life\u201d<\/i><\/b>, said Aly Diabate, one of these freed children. <i><b>\u201cWhenever you were loaded with sacks (of cocoa beans) and you fell while carrying them, no one helped you. Instead, you were beaten and beaten until you got up again.\u201d<\/b><\/i><\/div>\n<p><\/b><\/p>\n<div style=\"text-align: justify;\"><\/div>\n<div style=\"text-align: justify;\"><span style=\"font-family: &quot;georgia&quot; , &quot;times new roman&quot; , serif;\">In 2001, the FDA&nbsp;<\/span><span style=\"background-color: white; color: #222222; font-family: &quot;arial&quot; , sans-serif; font-size: 13px; line-height: 16.12px;\">&nbsp;(<\/span><span style=\"font-family: &quot;georgia&quot; , &quot;times new roman&quot; , serif;\">the United States government agency responsible for food regulation)<\/span><span style=\"background-color: white; color: #222222; font-family: &quot;arial&quot; , sans-serif; font-size: 13px; line-height: 16.12px;\">&nbsp;<\/span>wanted to pass legislation to apply the &quot;slave free&quot; label to packaging labels.<\/div>\n<p><\/span><\/div>\n<div dir=\"ltr\" style=\"text-align: left;\">\n<div style=\"text-align: justify;\"><span style=\"font-family: &quot;georgia&quot; , &quot;times new roman&quot; , serif;\"><br \/><\/span><\/div>\n<p><span style=\"font-family: &quot;georgia&quot; , &quot;times new roman&quot; , serif;\"><\/span><\/p>\n<div style=\"text-align: justify;\"><span style=\"font-family: &quot;georgia&quot; , &quot;times new roman&quot; , serif;\">Before the legislation was voted on, the chocolate industry \u2013 including Nestl\u00e9, Hershey and Mars \u2013 used its money to stop it, promising to end child slave labor in their companies by 2005.<\/span><\/div>\n<p><span style=\"font-family: &quot;georgia&quot; , &quot;times new roman&quot; , serif;\"><\/span><\/p>\n<div style=\"text-align: justify;\"><span style=\"font-family: &quot;georgia&quot; , &quot;times new roman&quot; , serif;\"><br \/><\/span><\/div>\n<p><span style=\"font-family: &quot;georgia&quot; , &quot;times new roman&quot; , serif;\"><\/span><\/p>\n<div style=\"text-align: justify;\"><span style=\"font-family: &quot;georgia&quot; , &quot;times new roman&quot; , serif;\">This deadline has since been repeatedly pushed back, with the current target being 2020. Meanwhile, the number of children working in the cocoa industry increased by 51% between 2009 and 2014, according to a June 2015 report from Tulane University.<\/span><\/div>\n<p><span style=\"font-family: &quot;georgia&quot; , &quot;times new roman&quot; , serif;\"><\/p>\n<div style=\"text-align: justify;\"><\/div>\n<div style=\"text-align: justify;\">As one of the freed children said, <i><b>\u201cYou are enjoying something that was made with my suffering. I worked hard for you, without any benefit. You are eating my flesh.\u201d&nbsp;<\/b><\/i><\/div>\n<p><\/span><\/div>\n<div dir=\"ltr\" style=\"text-align: justify;\"><span style=\"font-family: &quot;georgia&quot; , &quot;times new roman&quot; , serif;\"><br \/><\/span><\/div>\n<div dir=\"ltr\" style=\"text-align: left;\">\n<div><span style=\"font-family: &quot;georgia&quot; , &quot;times new roman&quot; , serif;\">The chocolate brands under investigation for using cocoa derived from child slave labor are:&nbsp;<\/span><\/p>\n<div style=\"text-align: center;\"><span style=\"font-family: &quot;helvetica neue&quot; , &quot;arial&quot; , &quot;helvetica&quot; , sans-serif;\"><b><u>Hershey<\/u><\/b><\/span><\/div>\n<div style=\"text-align: center;\"><span style=\"font-family: &quot;helvetica neue&quot; , &quot;arial&quot; , &quot;helvetica&quot; , sans-serif;\"><b><u>Mars<\/u><\/b><\/span><\/div>\n<div style=\"text-align: center;\"><span style=\"font-family: &quot;helvetica neue&quot; , &quot;arial&quot; , &quot;helvetica&quot; , sans-serif;\"><b><u>Nestl\u00e9<\/u><\/b><\/span><\/div>\n<div style=\"text-align: center;\"><span style=\"font-family: &quot;helvetica neue&quot; , &quot;arial&quot; , &quot;helvetica&quot; , sans-serif;\"><b><u>ADM Cocoa<\/u><\/b><\/span><\/div>\n<div style=\"text-align: center;\"><span style=\"font-family: &quot;helvetica neue&quot; , &quot;arial&quot; , &quot;helvetica&quot; , sans-serif;\"><b><u>Godiva<\/u><\/b><\/span><\/div>\n<div style=\"text-align: center;\"><span style=\"font-family: &quot;helvetica neue&quot; , &quot;arial&quot; , &quot;helvetica&quot; , sans-serif;\"><b><u>Fowler&#039;s Chocolate<\/u><\/b><\/span><\/div>\n<div style=\"text-align: center;\"><span style=\"font-family: &quot;helvetica neue&quot; , &quot;arial&quot; , &quot;helvetica&quot; , sans-serif;\"><b><u>Kraft<\/u><\/b><\/span><\/div>\n<\/div>\n<div><span style=\"font-family: &quot;georgia&quot; , &quot;times new roman&quot; , serif; text-align: left;\"><br \/><\/span><\/div>\n<div><span style=\"font-family: &quot;georgia&quot; , &quot;times new roman&quot; , serif; text-align: left;\">The US Supreme Court recently rejected a joint proposal by Nestl\u00e9,&nbsp;<\/span><span style=\"font-family: &quot;georgia&quot; , &quot;times new roman&quot; , serif;\">Archer Daniels Midland and Cargill who intended<\/span><span style=\"font-family: &quot;georgia&quot; , &quot;times new roman&quot; , serif;\">&nbsp;dismiss the complaint, based on&nbsp;<\/span><span style=\"font-family: &quot;georgia&quot; , &quot;times new roman&quot; , serif;\">a Supreme Court ruling that prevents plaintiffs from filing a claim if the crime was committed outside the country&#039;s borders.<\/span><span style=\"font-family: &quot;georgia&quot; , &quot;times new roman&quot; , serif;\">&nbsp;<\/span><\/div>\n<div><\/div>\n<\/div>\n<p><iframe allowfullscreen=\"\" frameborder=\"0\" height=\"315\" data-src=\"https:\/\/www.youtube.com\/embed\/6BQzpavKmlE\" width=\"665\" src=\"data:image\/svg+xml;base64,PHN2ZyB3aWR0aD0iMSIgaGVpZ2h0PSIxIiB4bWxucz0iaHR0cDovL3d3dy53My5vcmcvMjAwMC9zdmciPjwvc3ZnPg==\" class=\"lazyload\" data-load-mode=\"1\"><\/iframe><\/div>\n<div class=\"pvc_clear\"><\/div>\n<p id=\"pvc_stats_487\" class=\"pvc_stats total_only\" data-element-id=\"487\" style=\"\"><i class=\"pvc-stats-icon medium\" aria-hidden=\"true\"><svg aria-hidden=\"true\" focusable=\"false\" data-prefix=\"far\" data-icon=\"chart-bar\" role=\"img\" xmlns=\"http:\/\/www.w3.org\/2000\/svg\" viewbox=\"0 0 512 512\" class=\"svg-inline--fa fa-chart-bar fa-w-16 fa-2x\"><path fill=\"currentColor\" d=\"M396.8 352h22.4c6.4 0 12.8-6.4 12.8-12.8V108.8c0-6.4-6.4-12.8-12.8-12.8h-22.4c-6.4 0-12.8 6.4-12.8 12.8v230.4c0 6.4 6.4 12.8 12.8 12.8zm-192 0h22.4c6.4 0 12.8-6.4 12.8-12.8V140.8c0-6.4-6.4-12.8-12.8-12.8h-22.4c-6.4 0-12.8 6.4-12.8 12.8v198.4c0 6.4 6.4 12.8 12.8 12.8zm96 0h22.4c6.4 0 12.8-6.4 12.8-12.8V204.8c0-6.4-6.4-12.8-12.8-12.8h-22.4c-6.4 0-12.8 6.4-12.8 12.8v134.4c0 6.4 6.4 12.8 12.8 12.8zM496 400H48V80c0-8.84-7.16-16-16-16H16C7.16 64 0 71.16 0 80v336c0 17.67 14.33 32 32 32h464c8.84 0 16-7.16 16-16v-16c0-8.84-7.16-16-16-16zm-387.2-48h22.4c6.4 0 12.8-6.4 12.8-12.8v-70.4c0-6.4-6.4-12.8-12.8-12.8h-22.4c-6.4 0-12.8 6.4-12.8 12.8v70.4c0 6.4 6.4 12.8 12.8 12.8z\" class=\"\"><\/path><\/svg><\/i> <img decoding=\"async\" width=\"16\" height=\"16\" alt=\"Loading\" data-src=\"https:\/\/pachamamitaecu.org\/wp-content\/plugins\/page-views-count\/ajax-loader-2x.gif\" border=\"0\" src=\"data:image\/svg+xml;base64,PHN2ZyB3aWR0aD0iMSIgaGVpZ2h0PSIxIiB4bWxucz0iaHR0cDovL3d3dy53My5vcmcvMjAwMC9zdmciPjwvc3ZnPg==\" class=\"lazyload\" style=\"--smush-placeholder-width: 16px; --smush-placeholder-aspect-ratio: 16\/16;\" \/><\/p>\n<div class=\"pvc_clear\"><\/div>","protected":false},"excerpt":{"rendered":"<p>Aunque la esclavitud es prohibida en todos los pa\u00edses, en septiembre de 2015, fue presentada una acci\u00f3n judicial contra Mars, Nestl\u00e9 y Hershey alegando que estaban enga\u00f1ando a los consumidores que \u201csin querer\u201destaban financiando el negocio del trabajo esclavo infantil del chocolate en \u00c1frica Occidental.&nbsp; Ni\u00f1os de entre 11 y 16 a\u00f1os (a veces hasta [&#8230;]\n","protected":false},"author":3,"featured_media":0,"comment_status":"closed","ping_status":"closed","sticky":false,"template":"","format":"standard","meta":{"footnotes":""},"categories":[276,159,270,277,275,224,274],"tags":[],"class_list":["post-487","post","type-post","status-publish","format-standard","hentry","category-cacao","category-consumo-responsable","category-documentales-y-videos","category-fda","category-industria-chocolate","category-nestle","category-plantaciones"],"a3_pvc":{"activated":true,"total_views":42,"today_views":0},"yoast_head":"<!-- This site is optimized with the Yoast SEO Premium plugin v24.2 (Yoast SEO v27.4) - https:\/\/yoast.com\/product\/yoast-seo-premium-wordpress\/ -->\n<title>En la mira la esclavitud infantil en gigantes del chocolate - PachaMamita Ecuador<\/title>\n<meta name=\"robots\" content=\"index, follow, max-snippet:-1, max-image-preview:large, max-video-preview:-1\" \/>\n<link rel=\"canonical\" href=\"https:\/\/pachamamitaecu.org\/en\/2016\/03\/16\/child-slavery-in-chocolate-giants-under-scrutiny\/\" \/>\n<meta property=\"og:locale\" content=\"en_US\" \/>\n<meta property=\"og:type\" content=\"article\" \/>\n<meta property=\"og:title\" content=\"En la mira la esclavitud infantil en gigantes del chocolate\" \/>\n<meta property=\"og:description\" content=\"Aunque la esclavitud es prohibida en todos los pa\u00edses, en septiembre de 2015, fue presentada una acci\u00f3n judicial contra Mars, Nestl\u00e9 y Hershey alegando que estaban enga\u00f1ando a los consumidores que \u201csin querer\u201destaban financiando el negocio del trabajo esclavo infantil del chocolate en \u00c1frica Occidental.&nbsp; Ni\u00f1os de entre 11 y 16 a\u00f1os (a veces hasta [...]\" \/>\n<meta property=\"og:url\" content=\"https:\/\/pachamamitaecu.org\/en\/2016\/03\/16\/child-slavery-in-chocolate-giants-under-scrutiny\/\" \/>\n<meta property=\"og:site_name\" content=\"PachaMamita Ecuador\" \/>\n<meta property=\"article:publisher\" content=\"https:\/\/www.facebook.com\/pachamamitaecu\" \/>\n<meta property=\"article:published_time\" content=\"2016-03-16T07:53:00+00:00\" \/>\n<meta property=\"article:modified_time\" content=\"2023-03-02T06:21:06+00:00\" \/>\n<meta property=\"og:image\" content=\"https:\/\/3.bp.blogspot.com\/-WTE2G0gwiJc\/VukNrPSX29I\/AAAAAAAAFUE\/CmgfN14luOwo42kGXeMefI9ZTGt2r4S4A\/s400\/ninos-esclavos.jpg\" \/>\n<meta name=\"author\" content=\"PachaMamita EC\" \/>\n<meta name=\"twitter:card\" content=\"summary_large_image\" \/>\n<meta name=\"twitter:label1\" content=\"Written by\" \/>\n\t<meta name=\"twitter:data1\" content=\"PachaMamita EC\" \/>\n\t<meta name=\"twitter:label2\" content=\"Est. reading time\" \/>\n\t<meta name=\"twitter:data2\" content=\"2 minutes\" \/>\n<script type=\"application\/ld+json\" class=\"yoast-schema-graph\">{\"@context\":\"https:\\\/\\\/schema.org\",\"@graph\":[{\"@type\":\"Article\",\"@id\":\"https:\\\/\\\/pachamamitaecu.org\\\/es_es\\\/2016\\\/03\\\/16\\\/en-la-mira-la-esclavitud-infantil-en-gigantes-del-chocolate\\\/#article\",\"isPartOf\":{\"@id\":\"https:\\\/\\\/pachamamitaecu.org\\\/es_es\\\/2016\\\/03\\\/16\\\/en-la-mira-la-esclavitud-infantil-en-gigantes-del-chocolate\\\/\"},\"author\":{\"name\":\"PachaMamita EC\",\"@id\":\"https:\\\/\\\/pachamamitaecu.org\\\/es_es\\\/#\\\/schema\\\/person\\\/e8b42afae2451fadab5e0295f02c4593\"},\"headline\":\"En la mira la esclavitud infantil en gigantes del chocolate\",\"datePublished\":\"2016-03-16T07:53:00+00:00\",\"dateModified\":\"2023-03-02T06:21:06+00:00\",\"mainEntityOfPage\":{\"@id\":\"https:\\\/\\\/pachamamitaecu.org\\\/es_es\\\/2016\\\/03\\\/16\\\/en-la-mira-la-esclavitud-infantil-en-gigantes-del-chocolate\\\/\"},\"wordCount\":431,\"publisher\":{\"@id\":\"https:\\\/\\\/pachamamitaecu.org\\\/es_es\\\/#organization\"},\"image\":{\"@id\":\"https:\\\/\\\/pachamamitaecu.org\\\/es_es\\\/2016\\\/03\\\/16\\\/en-la-mira-la-esclavitud-infantil-en-gigantes-del-chocolate\\\/#primaryimage\"},\"thumbnailUrl\":\"https:\\\/\\\/3.bp.blogspot.com\\\/-WTE2G0gwiJc\\\/VukNrPSX29I\\\/AAAAAAAAFUE\\\/CmgfN14luOwo42kGXeMefI9ZTGt2r4S4A\\\/s400\\\/ninos-esclavos.jpg\",\"articleSection\":[\"cacao\",\"CONSUMO RESPONSABLE\",\"documentales y videos\",\"fda\",\"industria chocolate\",\"nestle\",\"plantaciones\"],\"inLanguage\":\"en-US\"},{\"@type\":\"WebPage\",\"@id\":\"https:\\\/\\\/pachamamitaecu.org\\\/es_es\\\/2016\\\/03\\\/16\\\/en-la-mira-la-esclavitud-infantil-en-gigantes-del-chocolate\\\/\",\"url\":\"https:\\\/\\\/pachamamitaecu.org\\\/es_es\\\/2016\\\/03\\\/16\\\/en-la-mira-la-esclavitud-infantil-en-gigantes-del-chocolate\\\/\",\"name\":\"En la mira la esclavitud infantil en gigantes del chocolate - PachaMamita Ecuador\",\"isPartOf\":{\"@id\":\"https:\\\/\\\/pachamamitaecu.org\\\/es_es\\\/#website\"},\"primaryImageOfPage\":{\"@id\":\"https:\\\/\\\/pachamamitaecu.org\\\/es_es\\\/2016\\\/03\\\/16\\\/en-la-mira-la-esclavitud-infantil-en-gigantes-del-chocolate\\\/#primaryimage\"},\"image\":{\"@id\":\"https:\\\/\\\/pachamamitaecu.org\\\/es_es\\\/2016\\\/03\\\/16\\\/en-la-mira-la-esclavitud-infantil-en-gigantes-del-chocolate\\\/#primaryimage\"},\"thumbnailUrl\":\"https:\\\/\\\/3.bp.blogspot.com\\\/-WTE2G0gwiJc\\\/VukNrPSX29I\\\/AAAAAAAAFUE\\\/CmgfN14luOwo42kGXeMefI9ZTGt2r4S4A\\\/s400\\\/ninos-esclavos.jpg\",\"datePublished\":\"2016-03-16T07:53:00+00:00\",\"dateModified\":\"2023-03-02T06:21:06+00:00\",\"breadcrumb\":{\"@id\":\"https:\\\/\\\/pachamamitaecu.org\\\/es_es\\\/2016\\\/03\\\/16\\\/en-la-mira-la-esclavitud-infantil-en-gigantes-del-chocolate\\\/#breadcrumb\"},\"inLanguage\":\"en-US\",\"potentialAction\":[{\"@type\":\"ReadAction\",\"target\":[\"https:\\\/\\\/pachamamitaecu.org\\\/es_es\\\/2016\\\/03\\\/16\\\/en-la-mira-la-esclavitud-infantil-en-gigantes-del-chocolate\\\/\"]}]},{\"@type\":\"ImageObject\",\"inLanguage\":\"en-US\",\"@id\":\"https:\\\/\\\/pachamamitaecu.org\\\/es_es\\\/2016\\\/03\\\/16\\\/en-la-mira-la-esclavitud-infantil-en-gigantes-del-chocolate\\\/#primaryimage\",\"url\":\"https:\\\/\\\/3.bp.blogspot.com\\\/-WTE2G0gwiJc\\\/VukNrPSX29I\\\/AAAAAAAAFUE\\\/CmgfN14luOwo42kGXeMefI9ZTGt2r4S4A\\\/s400\\\/ninos-esclavos.jpg\",\"contentUrl\":\"https:\\\/\\\/3.bp.blogspot.com\\\/-WTE2G0gwiJc\\\/VukNrPSX29I\\\/AAAAAAAAFUE\\\/CmgfN14luOwo42kGXeMefI9ZTGt2r4S4A\\\/s400\\\/ninos-esclavos.jpg\"},{\"@type\":\"BreadcrumbList\",\"@id\":\"https:\\\/\\\/pachamamitaecu.org\\\/es_es\\\/2016\\\/03\\\/16\\\/en-la-mira-la-esclavitud-infantil-en-gigantes-del-chocolate\\\/#breadcrumb\",\"itemListElement\":[{\"@type\":\"ListItem\",\"position\":1,\"name\":\"Portada\",\"item\":\"https:\\\/\\\/pachamamitaecu.org\\\/es_es\\\/\"},{\"@type\":\"ListItem\",\"position\":2,\"name\":\"En la mira la esclavitud infantil en gigantes del chocolate\"}]},{\"@type\":\"WebSite\",\"@id\":\"https:\\\/\\\/pachamamitaecu.org\\\/es_es\\\/#website\",\"url\":\"https:\\\/\\\/pachamamitaecu.org\\\/es_es\\\/\",\"name\":\"PachaMamita Ecuador\",\"description\":\"CULTURA. AGROECOLOG\u00cdA. TURISMO Y CONSUMO RESPONSABLE-ECUADOR.\",\"publisher\":{\"@id\":\"https:\\\/\\\/pachamamitaecu.org\\\/es_es\\\/#organization\"},\"potentialAction\":[{\"@type\":\"SearchAction\",\"target\":{\"@type\":\"EntryPoint\",\"urlTemplate\":\"https:\\\/\\\/pachamamitaecu.org\\\/es_es\\\/?s={search_term_string}\"},\"query-input\":{\"@type\":\"PropertyValueSpecification\",\"valueRequired\":true,\"valueName\":\"search_term_string\"}}],\"inLanguage\":\"en-US\"},{\"@type\":\"Organization\",\"@id\":\"https:\\\/\\\/pachamamitaecu.org\\\/es_es\\\/#organization\",\"name\":\"PachaMamita Ecuador\",\"url\":\"https:\\\/\\\/pachamamitaecu.org\\\/es_es\\\/\",\"logo\":{\"@type\":\"ImageObject\",\"inLanguage\":\"en-US\",\"@id\":\"https:\\\/\\\/pachamamitaecu.org\\\/es_es\\\/#\\\/schema\\\/logo\\\/image\\\/\",\"url\":\"https:\\\/\\\/pachamamitaecu.org\\\/wp-content\\\/uploads\\\/2024\\\/04\\\/cropped-Diseno-sin-titulo-13.png\",\"contentUrl\":\"https:\\\/\\\/pachamamitaecu.org\\\/wp-content\\\/uploads\\\/2024\\\/04\\\/cropped-Diseno-sin-titulo-13.png\",\"width\":512,\"height\":512,\"caption\":\"PachaMamita Ecuador\"},\"image\":{\"@id\":\"https:\\\/\\\/pachamamitaecu.org\\\/es_es\\\/#\\\/schema\\\/logo\\\/image\\\/\"},\"sameAs\":[\"https:\\\/\\\/www.facebook.com\\\/pachamamitaecu\"]},{\"@type\":\"Person\",\"@id\":\"https:\\\/\\\/pachamamitaecu.org\\\/es_es\\\/#\\\/schema\\\/person\\\/e8b42afae2451fadab5e0295f02c4593\",\"name\":\"PachaMamita EC\",\"image\":{\"@type\":\"ImageObject\",\"inLanguage\":\"en-US\",\"@id\":\"https:\\\/\\\/pachamamitaecu.org\\\/wp-content\\\/litespeed\\\/avatar\\\/23494c9101089ad44ae88ce9d2f56aac.jpg?ver=1777350952\",\"url\":\"https:\\\/\\\/pachamamitaecu.org\\\/wp-content\\\/litespeed\\\/avatar\\\/23494c9101089ad44ae88ce9d2f56aac.jpg?ver=1777350952\",\"contentUrl\":\"https:\\\/\\\/pachamamitaecu.org\\\/wp-content\\\/litespeed\\\/avatar\\\/23494c9101089ad44ae88ce9d2f56aac.jpg?ver=1777350952\",\"caption\":\"PachaMamita EC\"},\"url\":\"https:\\\/\\\/pachamamitaecu.org\\\/en\\\/author\\\/pachamamita-ec\\\/\"}]}<\/script>\n<!-- \/ Yoast SEO Premium plugin. -->","yoast_head_json":{"title":"Child slavery in chocolate giants in the spotlight - PachaMamita Ecuador","robots":{"index":"index","follow":"follow","max-snippet":"max-snippet:-1","max-image-preview":"max-image-preview:large","max-video-preview":"max-video-preview:-1"},"canonical":"https:\/\/pachamamitaecu.org\/en\/2016\/03\/16\/child-slavery-in-chocolate-giants-under-scrutiny\/","og_locale":"en_US","og_type":"article","og_title":"En la mira la esclavitud infantil en gigantes del chocolate","og_description":"Aunque la esclavitud es prohibida en todos los pa\u00edses, en septiembre de 2015, fue presentada una acci\u00f3n judicial contra Mars, Nestl\u00e9 y Hershey alegando que estaban enga\u00f1ando a los consumidores que \u201csin querer\u201destaban financiando el negocio del trabajo esclavo infantil del chocolate en \u00c1frica Occidental.&nbsp; Ni\u00f1os de entre 11 y 16 a\u00f1os (a veces hasta [...]","og_url":"https:\/\/pachamamitaecu.org\/en\/2016\/03\/16\/child-slavery-in-chocolate-giants-under-scrutiny\/","og_site_name":"PachaMamita Ecuador","article_publisher":"https:\/\/www.facebook.com\/pachamamitaecu","article_published_time":"2016-03-16T07:53:00+00:00","article_modified_time":"2023-03-02T06:21:06+00:00","og_image":[{"url":"https:\/\/3.bp.blogspot.com\/-WTE2G0gwiJc\/VukNrPSX29I\/AAAAAAAAFUE\/CmgfN14luOwo42kGXeMefI9ZTGt2r4S4A\/s400\/ninos-esclavos.jpg","type":"","width":"","height":""}],"author":"PachaMamita EC","twitter_card":"summary_large_image","twitter_misc":{"Written by":"PachaMamita EC","Est. reading time":"2 minutes"},"schema":{"@context":"https:\/\/schema.org","@graph":[{"@type":"Article","@id":"https:\/\/pachamamitaecu.org\/es_es\/2016\/03\/16\/en-la-mira-la-esclavitud-infantil-en-gigantes-del-chocolate\/#article","isPartOf":{"@id":"https:\/\/pachamamitaecu.org\/es_es\/2016\/03\/16\/en-la-mira-la-esclavitud-infantil-en-gigantes-del-chocolate\/"},"author":{"name":"PachaMamita EC","@id":"https:\/\/pachamamitaecu.org\/es_es\/#\/schema\/person\/e8b42afae2451fadab5e0295f02c4593"},"headline":"En la mira la esclavitud infantil en gigantes del chocolate","datePublished":"2016-03-16T07:53:00+00:00","dateModified":"2023-03-02T06:21:06+00:00","mainEntityOfPage":{"@id":"https:\/\/pachamamitaecu.org\/es_es\/2016\/03\/16\/en-la-mira-la-esclavitud-infantil-en-gigantes-del-chocolate\/"},"wordCount":431,"publisher":{"@id":"https:\/\/pachamamitaecu.org\/es_es\/#organization"},"image":{"@id":"https:\/\/pachamamitaecu.org\/es_es\/2016\/03\/16\/en-la-mira-la-esclavitud-infantil-en-gigantes-del-chocolate\/#primaryimage"},"thumbnailUrl":"https:\/\/3.bp.blogspot.com\/-WTE2G0gwiJc\/VukNrPSX29I\/AAAAAAAAFUE\/CmgfN14luOwo42kGXeMefI9ZTGt2r4S4A\/s400\/ninos-esclavos.jpg","articleSection":["cacao","CONSUMO RESPONSABLE","documentales y videos","fda","industria chocolate","nestle","plantaciones"],"inLanguage":"en-US"},{"@type":"WebPage","@id":"https:\/\/pachamamitaecu.org\/es_es\/2016\/03\/16\/en-la-mira-la-esclavitud-infantil-en-gigantes-del-chocolate\/","url":"https:\/\/pachamamitaecu.org\/es_es\/2016\/03\/16\/en-la-mira-la-esclavitud-infantil-en-gigantes-del-chocolate\/","name":"Child slavery in chocolate giants in the spotlight - PachaMamita Ecuador","isPartOf":{"@id":"https:\/\/pachamamitaecu.org\/es_es\/#website"},"primaryImageOfPage":{"@id":"https:\/\/pachamamitaecu.org\/es_es\/2016\/03\/16\/en-la-mira-la-esclavitud-infantil-en-gigantes-del-chocolate\/#primaryimage"},"image":{"@id":"https:\/\/pachamamitaecu.org\/es_es\/2016\/03\/16\/en-la-mira-la-esclavitud-infantil-en-gigantes-del-chocolate\/#primaryimage"},"thumbnailUrl":"https:\/\/3.bp.blogspot.com\/-WTE2G0gwiJc\/VukNrPSX29I\/AAAAAAAAFUE\/CmgfN14luOwo42kGXeMefI9ZTGt2r4S4A\/s400\/ninos-esclavos.jpg","datePublished":"2016-03-16T07:53:00+00:00","dateModified":"2023-03-02T06:21:06+00:00","breadcrumb":{"@id":"https:\/\/pachamamitaecu.org\/es_es\/2016\/03\/16\/en-la-mira-la-esclavitud-infantil-en-gigantes-del-chocolate\/#breadcrumb"},"inLanguage":"en-US","potentialAction":[{"@type":"ReadAction","target":["https:\/\/pachamamitaecu.org\/es_es\/2016\/03\/16\/en-la-mira-la-esclavitud-infantil-en-gigantes-del-chocolate\/"]}]},{"@type":"ImageObject","inLanguage":"en-US","@id":"https:\/\/pachamamitaecu.org\/es_es\/2016\/03\/16\/en-la-mira-la-esclavitud-infantil-en-gigantes-del-chocolate\/#primaryimage","url":"https:\/\/3.bp.blogspot.com\/-WTE2G0gwiJc\/VukNrPSX29I\/AAAAAAAAFUE\/CmgfN14luOwo42kGXeMefI9ZTGt2r4S4A\/s400\/ninos-esclavos.jpg","contentUrl":"https:\/\/3.bp.blogspot.com\/-WTE2G0gwiJc\/VukNrPSX29I\/AAAAAAAAFUE\/CmgfN14luOwo42kGXeMefI9ZTGt2r4S4A\/s400\/ninos-esclavos.jpg"},{"@type":"BreadcrumbList","@id":"https:\/\/pachamamitaecu.org\/es_es\/2016\/03\/16\/en-la-mira-la-esclavitud-infantil-en-gigantes-del-chocolate\/#breadcrumb","itemListElement":[{"@type":"ListItem","position":1,"name":"Portada","item":"https:\/\/pachamamitaecu.org\/es_es\/"},{"@type":"ListItem","position":2,"name":"En la mira la esclavitud infantil en gigantes del chocolate"}]},{"@type":"WebSite","@id":"https:\/\/pachamamitaecu.org\/es_es\/#website","url":"https:\/\/pachamamitaecu.org\/es_es\/","name":"PachaMamita Ecuador","description":"CULTURE. AGROECOLOGY. TOURISM AND RESPONSIBLE CONSUMPTION-ECUADOR.","publisher":{"@id":"https:\/\/pachamamitaecu.org\/es_es\/#organization"},"potentialAction":[{"@type":"SearchAction","target":{"@type":"EntryPoint","urlTemplate":"https:\/\/pachamamitaecu.org\/es_es\/?s={search_term_string}"},"query-input":{"@type":"PropertyValueSpecification","valueRequired":true,"valueName":"search_term_string"}}],"inLanguage":"en-US"},{"@type":"Organization","@id":"https:\/\/pachamamitaecu.org\/es_es\/#organization","name":"PachaMamita Ecuador","url":"https:\/\/pachamamitaecu.org\/es_es\/","logo":{"@type":"ImageObject","inLanguage":"en-US","@id":"https:\/\/pachamamitaecu.org\/es_es\/#\/schema\/logo\/image\/","url":"https:\/\/pachamamitaecu.org\/wp-content\/uploads\/2024\/04\/cropped-Diseno-sin-titulo-13.png","contentUrl":"https:\/\/pachamamitaecu.org\/wp-content\/uploads\/2024\/04\/cropped-Diseno-sin-titulo-13.png","width":512,"height":512,"caption":"PachaMamita Ecuador"},"image":{"@id":"https:\/\/pachamamitaecu.org\/es_es\/#\/schema\/logo\/image\/"},"sameAs":["https:\/\/www.facebook.com\/pachamamitaecu"]},{"@type":"Person","@id":"https:\/\/pachamamitaecu.org\/es_es\/#\/schema\/person\/e8b42afae2451fadab5e0295f02c4593","name":"PachaMamita EC","image":{"@type":"ImageObject","inLanguage":"en-US","@id":"https:\/\/pachamamitaecu.org\/wp-content\/litespeed\/avatar\/23494c9101089ad44ae88ce9d2f56aac.jpg?ver=1777350952","url":"https:\/\/pachamamitaecu.org\/wp-content\/litespeed\/avatar\/23494c9101089ad44ae88ce9d2f56aac.jpg?ver=1777350952","contentUrl":"https:\/\/pachamamitaecu.org\/wp-content\/litespeed\/avatar\/23494c9101089ad44ae88ce9d2f56aac.jpg?ver=1777350952","caption":"PachaMamita EC"},"url":"https:\/\/pachamamitaecu.org\/en\/author\/pachamamita-ec\/"}]}},"_links":{"self":[{"href":"https:\/\/pachamamitaecu.org\/en\/wp-json\/wp\/v2\/posts\/487","targetHints":{"allow":["GET"]}}],"collection":[{"href":"https:\/\/pachamamitaecu.org\/en\/wp-json\/wp\/v2\/posts"}],"about":[{"href":"https:\/\/pachamamitaecu.org\/en\/wp-json\/wp\/v2\/types\/post"}],"author":[{"embeddable":true,"href":"https:\/\/pachamamitaecu.org\/en\/wp-json\/wp\/v2\/users\/3"}],"replies":[{"embeddable":true,"href":"https:\/\/pachamamitaecu.org\/en\/wp-json\/wp\/v2\/comments?post=487"}],"version-history":[{"count":0,"href":"https:\/\/pachamamitaecu.org\/en\/wp-json\/wp\/v2\/posts\/487\/revisions"}],"wp:attachment":[{"href":"https:\/\/pachamamitaecu.org\/en\/wp-json\/wp\/v2\/media?parent=487"}],"wp:term":[{"taxonomy":"category","embeddable":true,"href":"https:\/\/pachamamitaecu.org\/en\/wp-json\/wp\/v2\/categories?post=487"},{"taxonomy":"post_tag","embeddable":true,"href":"https:\/\/pachamamitaecu.org\/en\/wp-json\/wp\/v2\/tags?post=487"}],"curies":[{"name":"wp","href":"https:\/\/api.w.org\/{rel}","templated":true}]}}