{"id":506,"date":"2015-09-17T08:06:00","date_gmt":"2015-09-17T08:06:00","guid":{"rendered":"http:\/\/pachamamitaecu-org-720647.hostingersite.com\/2015\/09\/17\/el-campesinado-de-la-costa-camina-hacia-una-agenda-agraria-propia-por-la-agroecologia-y-la-soberania-alimentaria\/"},"modified":"2023-03-02T06:21:14","modified_gmt":"2023-03-02T06:21:14","slug":"el-campesinado-de-la-costa-camina-hacia-una-agenda-agraria-propia-por-la-agroecologia-y-la-soberania-alimentaria","status":"publish","type":"post","link":"https:\/\/pachamamitaecu.org\/en\/2015\/09\/17\/the-coastal-peasantry-is-moving-towards-its-own-agrarian-agenda-for-agroecology-and-food-sovereignty\/","title":{"rendered":"The coastal peasantry is moving towards its own agrarian agenda, for agroecology and food sovereignty."},"content":{"rendered":"<div dir=\"ltr\" style=\"text-align: left;\"><div style=\"clear: both; text-align: center;\"><a href=\"http:\/\/2.bp.blogspot.com\/-4Y4auaE2eyg\/Vfp0P8JsbEI\/AAAAAAAAFQM\/VhOrq1LCEPc\/s1600\/11014871_912363435496925_8182565910609750339_n.jpg\" style=\"margin-left: 1em; margin-right: 1em;\"><img decoding=\"async\" border=\"0\" height=\"452\" data-src=\"http:\/\/2.bp.blogspot.com\/-4Y4auaE2eyg\/Vfp0P8JsbEI\/AAAAAAAAFQM\/VhOrq1LCEPc\/s640\/11014871_912363435496925_8182565910609750339_n.jpg\" width=\"640\" src=\"data:image\/svg+xml;base64,PHN2ZyB3aWR0aD0iMSIgaGVpZ2h0PSIxIiB4bWxucz0iaHR0cDovL3d3dy53My5vcmcvMjAwMC9zdmciPjwvc3ZnPg==\" class=\"lazyload\" style=\"--smush-placeholder-width: 640px; --smush-placeholder-aspect-ratio: 640\/452;\"><\/a><\/div><div style=\"margin-bottom: 0cm; text-align: center;\"><i><br><\/i><\/div><span style=\"font-family: Georgia, Times New Roman, serif;\"><\/span><br><div style=\"text-align: center;\"><span style=\"font-family: Georgia, Times New Roman, serif;\"><i>Between September 30 and October 3, peasants, fishermen, educators and rural workers will meet at the Peasant Summits for Agroecology and Food Sovereignty in Santa Elena, Manab\u00ed, Los R\u00edos and El Oro, to build their own agenda for the transformation of the Ecuadorian countryside.<\/i><\/span><\/div><span style=\"font-family: Georgia, Times New Roman, serif;\"><br>Although the constitutional framework creates the conditions for the construction of an agrarian model based on agroecology and food sovereignty and with peasant participation, the Peasant Summits arise in the face of the unquestionable agrarian debt and the advance of a set of policies that are detrimental to food sovereignty and the possibility of achieving social justice in the countryside.<br><br>The presence of GMOs in the countryside, the spraying of agro-toxics, the lack of policies to promote agroecology, the concentration of water and land, the impossibility of accessing fair trade, the lack of credit for small farmers... are part of the universe of problems to which the &quot;agrarian revolution&quot; has not provided an answer. On the contrary, agrarian legislation and policies such as the FTA with the European Union strengthen agribusiness and the imposition of a new productive matrix from above, which progressively seeks to destroy peasant production. <br><br>Therefore, the peasants, farmers, fishermen, educators and rural workers, with our own voice, will put forward proposals, without intermediaries, based on our experiences, knowledge and problems, to demand what is due to us by law, but also to work together to build alternative solutions from our organizations.<\/span><br><div><span style=\"font-family: Georgia, Times New Roman, serif;\">The Peasant Summits for Agroecology and Food Sovereignty are part of the construction of the Agrarian Summit where we will come together with rural organizations from all over the country for a true agrarian debate that builds food sovereignty. <br><br><b><a href=\"https:\/\/www.facebook.com\/events\/668461499920856\/\">Provincial Peasant Summits for Agroecology and Food Sovereignty:<\/a><\/b><\/span><br><ul style=\"text-align: left;\"><span style=\"font-family: Georgia, Times New Roman, serif;\"><li>Santa Elena: 09\/30, 08:00 at the Polytechnic University of Santa Elena.&nbsp;<\/li><li>Manab\u00ed: 01\/10, 08:00 in CEDOCAO, Olmedo Canton, El Pajarito Site.<\/li><li>Los R\u00edos: 02\/10, 08:00 at the Lions Club, Urdaneta Canton.<\/li><li>El Oro: 03\/10, 08:00 at the University of Machala, Machala.<\/li><\/span><\/ul><span style=\"font-family: Georgia, Times New Roman, serif;\"><b><a href=\"https:\/\/www.facebook.com\/festivalsoberaniaalimentaria?fref=ts\">Regional Summit for Agroecology and Food Sovereignty:<\/a><\/b><br><br>October 16, international day of struggle for food sovereignty, in Centenario Park, Guayaquil.<br><br><b>More information:<\/b><\/span><\/div><div><span style=\"font-family: Georgia, Times New Roman, serif;\">Richard Intriago: 0994675989<br>Facebook: <a href=\"https:\/\/www.facebook.com\/FECAOL-379282782138329\/timeline\/\">FECAOL<\/a><br>Twitter: <a href=\"https:\/\/twitter.com\/fecaol\">@fecaol<\/a><br>To arrange interviews: 0995062410<\/span><\/div><\/div>\n<div class=\"pvc_clear\"><\/div><p id=\"pvc_stats_506\" class=\"pvc_stats total_only\" data-element-id=\"506\" style=\"\"><i class=\"pvc-stats-icon medium\" aria-hidden=\"true\"><svg aria-hidden=\"true\" focusable=\"false\" data-prefix=\"far\" data-icon=\"chart-bar\" role=\"img\" xmlns=\"http:\/\/www.w3.org\/2000\/svg\" viewbox=\"0 0 512 512\" class=\"svg-inline--fa fa-chart-bar fa-w-16 fa-2x\"><path fill=\"currentColor\" d=\"M396.8 352h22.4c6.4 0 12.8-6.4 12.8-12.8V108.8c0-6.4-6.4-12.8-12.8-12.8h-22.4c-6.4 0-12.8 6.4-12.8 12.8v230.4c0 6.4 6.4 12.8 12.8 12.8zm-192 0h22.4c6.4 0 12.8-6.4 12.8-12.8V140.8c0-6.4-6.4-12.8-12.8-12.8h-22.4c-6.4 0-12.8 6.4-12.8 12.8v198.4c0 6.4 6.4 12.8 12.8 12.8zm96 0h22.4c6.4 0 12.8-6.4 12.8-12.8V204.8c0-6.4-6.4-12.8-12.8-12.8h-22.4c-6.4 0-12.8 6.4-12.8 12.8v134.4c0 6.4 6.4 12.8 12.8 12.8zM496 400H48V80c0-8.84-7.16-16-16-16H16C7.16 64 0 71.16 0 80v336c0 17.67 14.33 32 32 32h464c8.84 0 16-7.16 16-16v-16c0-8.84-7.16-16-16-16zm-387.2-48h22.4c6.4 0 12.8-6.4 12.8-12.8v-70.4c0-6.4-6.4-12.8-12.8-12.8h-22.4c-6.4 0-12.8 6.4-12.8 12.8v70.4c0 6.4 6.4 12.8 12.8 12.8z\" class=\"\"><\/path><\/svg><\/i> <img decoding=\"async\" width=\"16\" height=\"16\" alt=\"Loading\" data-src=\"https:\/\/pachamamitaecu.org\/wp-content\/plugins\/page-views-count\/ajax-loader-2x.gif\" border=\"0\" src=\"data:image\/svg+xml;base64,PHN2ZyB3aWR0aD0iMSIgaGVpZ2h0PSIxIiB4bWxucz0iaHR0cDovL3d3dy53My5vcmcvMjAwMC9zdmciPjwvc3ZnPg==\" class=\"lazyload\" style=\"--smush-placeholder-width: 16px; --smush-placeholder-aspect-ratio: 16\/16;\" \/><\/p><div class=\"pvc_clear\"><\/div>","protected":false},"excerpt":{"rendered":"<p>Entre el 30 de septiembre y el 3 de octubre los montubios, campesinos, pescadores, educadores y trabajadores rurales se reunir\u00e1n en las Cumbres Campesinas por la Agroecolog\u00eda y la Soberan\u00eda Alimentaria en Santa Elena, Manab\u00ed, Los R\u00edos y El Oro, para construir una agenda propia para la transformaci\u00f3n del campo ecuatoriano. Si bien el marco [&#8230;]\n","protected":false},"author":3,"featured_media":0,"comment_status":"closed","ping_status":"closed","sticky":false,"template":"","format":"standard","meta":{"footnotes":""},"categories":[181],"tags":[],"class_list":["post-506","post","type-post","status-publish","format-standard","hentry","category-agroecologia"],"a3_pvc":{"activated":true,"total_views":19,"today_views":0},"yoast_head":"<!-- This site is optimized with the Yoast SEO Premium plugin v24.2 (Yoast SEO v27.4) - https:\/\/yoast.com\/product\/yoast-seo-premium-wordpress\/ -->\n<title>El campesinado de la costa camina hacia una agenda agraria propia, por la agroecolog\u00eda y la soberan\u00eda alimentaria. - PachaMamita Ecuador<\/title>\n<meta name=\"robots\" content=\"index, follow, max-snippet:-1, max-image-preview:large, max-video-preview:-1\" \/>\n<link rel=\"canonical\" href=\"https:\/\/pachamamitaecu.org\/en\/2015\/09\/17\/the-coastal-peasantry-is-moving-towards-its-own-agrarian-agenda-for-agroecology-and-food-sovereignty\/\" \/>\n<meta property=\"og:locale\" content=\"en_US\" \/>\n<meta property=\"og:type\" content=\"article\" \/>\n<meta property=\"og:title\" content=\"El campesinado de la costa camina hacia una agenda agraria propia, por la agroecolog\u00eda y la soberan\u00eda alimentaria.\" \/>\n<meta property=\"og:description\" content=\"Entre el 30 de septiembre y el 3 de octubre los montubios, campesinos, pescadores, educadores y trabajadores rurales se reunir\u00e1n en las Cumbres Campesinas por la Agroecolog\u00eda y la Soberan\u00eda Alimentaria en Santa Elena, Manab\u00ed, Los R\u00edos y El Oro, para construir una agenda propia para la transformaci\u00f3n del campo ecuatoriano. Si bien el marco [...]\" \/>\n<meta property=\"og:url\" content=\"https:\/\/pachamamitaecu.org\/en\/2015\/09\/17\/the-coastal-peasantry-is-moving-towards-its-own-agrarian-agenda-for-agroecology-and-food-sovereignty\/\" \/>\n<meta property=\"og:site_name\" content=\"PachaMamita Ecuador\" \/>\n<meta property=\"article:publisher\" content=\"https:\/\/www.facebook.com\/pachamamitaecu\" \/>\n<meta property=\"article:published_time\" content=\"2015-09-17T08:06:00+00:00\" \/>\n<meta property=\"article:modified_time\" content=\"2023-03-02T06:21:14+00:00\" \/>\n<meta property=\"og:image\" content=\"http:\/\/2.bp.blogspot.com\/-4Y4auaE2eyg\/Vfp0P8JsbEI\/AAAAAAAAFQM\/VhOrq1LCEPc\/s640\/11014871_912363435496925_8182565910609750339_n.jpg\" \/>\n<meta name=\"author\" content=\"PachaMamita EC\" \/>\n<meta name=\"twitter:card\" content=\"summary_large_image\" \/>\n<meta name=\"twitter:label1\" content=\"Written by\" \/>\n\t<meta name=\"twitter:data1\" content=\"PachaMamita EC\" \/>\n\t<meta name=\"twitter:label2\" content=\"Est. reading time\" \/>\n\t<meta name=\"twitter:data2\" content=\"2 minutes\" \/>\n<script type=\"application\/ld+json\" class=\"yoast-schema-graph\">{\"@context\":\"https:\\\/\\\/schema.org\",\"@graph\":[{\"@type\":\"Article\",\"@id\":\"https:\\\/\\\/pachamamitaecu.org\\\/es_es\\\/2015\\\/09\\\/17\\\/el-campesinado-de-la-costa-camina-hacia-una-agenda-agraria-propia-por-la-agroecologia-y-la-soberania-alimentaria\\\/#article\",\"isPartOf\":{\"@id\":\"https:\\\/\\\/pachamamitaecu.org\\\/es_es\\\/2015\\\/09\\\/17\\\/el-campesinado-de-la-costa-camina-hacia-una-agenda-agraria-propia-por-la-agroecologia-y-la-soberania-alimentaria\\\/\"},\"author\":{\"name\":\"PachaMamita EC\",\"@id\":\"https:\\\/\\\/pachamamitaecu.org\\\/es_es\\\/#\\\/schema\\\/person\\\/e8b42afae2451fadab5e0295f02c4593\"},\"headline\":\"El campesinado de la costa camina hacia una agenda agraria propia, por la agroecolog\u00eda y la soberan\u00eda alimentaria.\",\"datePublished\":\"2015-09-17T08:06:00+00:00\",\"dateModified\":\"2023-03-02T06:21:14+00:00\",\"mainEntityOfPage\":{\"@id\":\"https:\\\/\\\/pachamamitaecu.org\\\/es_es\\\/2015\\\/09\\\/17\\\/el-campesinado-de-la-costa-camina-hacia-una-agenda-agraria-propia-por-la-agroecologia-y-la-soberania-alimentaria\\\/\"},\"wordCount\":445,\"publisher\":{\"@id\":\"https:\\\/\\\/pachamamitaecu.org\\\/es_es\\\/#organization\"},\"image\":{\"@id\":\"https:\\\/\\\/pachamamitaecu.org\\\/es_es\\\/2015\\\/09\\\/17\\\/el-campesinado-de-la-costa-camina-hacia-una-agenda-agraria-propia-por-la-agroecologia-y-la-soberania-alimentaria\\\/#primaryimage\"},\"thumbnailUrl\":\"http:\\\/\\\/2.bp.blogspot.com\\\/-4Y4auaE2eyg\\\/Vfp0P8JsbEI\\\/AAAAAAAAFQM\\\/VhOrq1LCEPc\\\/s640\\\/11014871_912363435496925_8182565910609750339_n.jpg\",\"articleSection\":[\"agroecologia\"],\"inLanguage\":\"en-US\"},{\"@type\":\"WebPage\",\"@id\":\"https:\\\/\\\/pachamamitaecu.org\\\/es_es\\\/2015\\\/09\\\/17\\\/el-campesinado-de-la-costa-camina-hacia-una-agenda-agraria-propia-por-la-agroecologia-y-la-soberania-alimentaria\\\/\",\"url\":\"https:\\\/\\\/pachamamitaecu.org\\\/es_es\\\/2015\\\/09\\\/17\\\/el-campesinado-de-la-costa-camina-hacia-una-agenda-agraria-propia-por-la-agroecologia-y-la-soberania-alimentaria\\\/\",\"name\":\"El campesinado de la costa camina hacia una agenda agraria propia, por la agroecolog\u00eda y la soberan\u00eda alimentaria. - PachaMamita Ecuador\",\"isPartOf\":{\"@id\":\"https:\\\/\\\/pachamamitaecu.org\\\/es_es\\\/#website\"},\"primaryImageOfPage\":{\"@id\":\"https:\\\/\\\/pachamamitaecu.org\\\/es_es\\\/2015\\\/09\\\/17\\\/el-campesinado-de-la-costa-camina-hacia-una-agenda-agraria-propia-por-la-agroecologia-y-la-soberania-alimentaria\\\/#primaryimage\"},\"image\":{\"@id\":\"https:\\\/\\\/pachamamitaecu.org\\\/es_es\\\/2015\\\/09\\\/17\\\/el-campesinado-de-la-costa-camina-hacia-una-agenda-agraria-propia-por-la-agroecologia-y-la-soberania-alimentaria\\\/#primaryimage\"},\"thumbnailUrl\":\"http:\\\/\\\/2.bp.blogspot.com\\\/-4Y4auaE2eyg\\\/Vfp0P8JsbEI\\\/AAAAAAAAFQM\\\/VhOrq1LCEPc\\\/s640\\\/11014871_912363435496925_8182565910609750339_n.jpg\",\"datePublished\":\"2015-09-17T08:06:00+00:00\",\"dateModified\":\"2023-03-02T06:21:14+00:00\",\"breadcrumb\":{\"@id\":\"https:\\\/\\\/pachamamitaecu.org\\\/es_es\\\/2015\\\/09\\\/17\\\/el-campesinado-de-la-costa-camina-hacia-una-agenda-agraria-propia-por-la-agroecologia-y-la-soberania-alimentaria\\\/#breadcrumb\"},\"inLanguage\":\"en-US\",\"potentialAction\":[{\"@type\":\"ReadAction\",\"target\":[\"https:\\\/\\\/pachamamitaecu.org\\\/es_es\\\/2015\\\/09\\\/17\\\/el-campesinado-de-la-costa-camina-hacia-una-agenda-agraria-propia-por-la-agroecologia-y-la-soberania-alimentaria\\\/\"]}]},{\"@type\":\"ImageObject\",\"inLanguage\":\"en-US\",\"@id\":\"https:\\\/\\\/pachamamitaecu.org\\\/es_es\\\/2015\\\/09\\\/17\\\/el-campesinado-de-la-costa-camina-hacia-una-agenda-agraria-propia-por-la-agroecologia-y-la-soberania-alimentaria\\\/#primaryimage\",\"url\":\"http:\\\/\\\/2.bp.blogspot.com\\\/-4Y4auaE2eyg\\\/Vfp0P8JsbEI\\\/AAAAAAAAFQM\\\/VhOrq1LCEPc\\\/s640\\\/11014871_912363435496925_8182565910609750339_n.jpg\",\"contentUrl\":\"http:\\\/\\\/2.bp.blogspot.com\\\/-4Y4auaE2eyg\\\/Vfp0P8JsbEI\\\/AAAAAAAAFQM\\\/VhOrq1LCEPc\\\/s640\\\/11014871_912363435496925_8182565910609750339_n.jpg\"},{\"@type\":\"BreadcrumbList\",\"@id\":\"https:\\\/\\\/pachamamitaecu.org\\\/es_es\\\/2015\\\/09\\\/17\\\/el-campesinado-de-la-costa-camina-hacia-una-agenda-agraria-propia-por-la-agroecologia-y-la-soberania-alimentaria\\\/#breadcrumb\",\"itemListElement\":[{\"@type\":\"ListItem\",\"position\":1,\"name\":\"Portada\",\"item\":\"https:\\\/\\\/pachamamitaecu.org\\\/es_es\\\/\"},{\"@type\":\"ListItem\",\"position\":2,\"name\":\"El campesinado de la costa camina hacia una agenda agraria propia, por la agroecolog\u00eda y la soberan\u00eda alimentaria.\"}]},{\"@type\":\"WebSite\",\"@id\":\"https:\\\/\\\/pachamamitaecu.org\\\/es_es\\\/#website\",\"url\":\"https:\\\/\\\/pachamamitaecu.org\\\/es_es\\\/\",\"name\":\"PachaMamita Ecuador\",\"description\":\"CULTURA. AGROECOLOG\u00cdA. TURISMO Y CONSUMO RESPONSABLE-ECUADOR.\",\"publisher\":{\"@id\":\"https:\\\/\\\/pachamamitaecu.org\\\/es_es\\\/#organization\"},\"potentialAction\":[{\"@type\":\"SearchAction\",\"target\":{\"@type\":\"EntryPoint\",\"urlTemplate\":\"https:\\\/\\\/pachamamitaecu.org\\\/es_es\\\/?s={search_term_string}\"},\"query-input\":{\"@type\":\"PropertyValueSpecification\",\"valueRequired\":true,\"valueName\":\"search_term_string\"}}],\"inLanguage\":\"en-US\"},{\"@type\":\"Organization\",\"@id\":\"https:\\\/\\\/pachamamitaecu.org\\\/es_es\\\/#organization\",\"name\":\"PachaMamita Ecuador\",\"url\":\"https:\\\/\\\/pachamamitaecu.org\\\/es_es\\\/\",\"logo\":{\"@type\":\"ImageObject\",\"inLanguage\":\"en-US\",\"@id\":\"https:\\\/\\\/pachamamitaecu.org\\\/es_es\\\/#\\\/schema\\\/logo\\\/image\\\/\",\"url\":\"https:\\\/\\\/pachamamitaecu.org\\\/wp-content\\\/uploads\\\/2024\\\/04\\\/cropped-Diseno-sin-titulo-13.png\",\"contentUrl\":\"https:\\\/\\\/pachamamitaecu.org\\\/wp-content\\\/uploads\\\/2024\\\/04\\\/cropped-Diseno-sin-titulo-13.png\",\"width\":512,\"height\":512,\"caption\":\"PachaMamita Ecuador\"},\"image\":{\"@id\":\"https:\\\/\\\/pachamamitaecu.org\\\/es_es\\\/#\\\/schema\\\/logo\\\/image\\\/\"},\"sameAs\":[\"https:\\\/\\\/www.facebook.com\\\/pachamamitaecu\"]},{\"@type\":\"Person\",\"@id\":\"https:\\\/\\\/pachamamitaecu.org\\\/es_es\\\/#\\\/schema\\\/person\\\/e8b42afae2451fadab5e0295f02c4593\",\"name\":\"PachaMamita EC\",\"image\":{\"@type\":\"ImageObject\",\"inLanguage\":\"en-US\",\"@id\":\"https:\\\/\\\/pachamamitaecu.org\\\/wp-content\\\/litespeed\\\/avatar\\\/23494c9101089ad44ae88ce9d2f56aac.jpg?ver=1776746024\",\"url\":\"https:\\\/\\\/pachamamitaecu.org\\\/wp-content\\\/litespeed\\\/avatar\\\/23494c9101089ad44ae88ce9d2f56aac.jpg?ver=1776746024\",\"contentUrl\":\"https:\\\/\\\/pachamamitaecu.org\\\/wp-content\\\/litespeed\\\/avatar\\\/23494c9101089ad44ae88ce9d2f56aac.jpg?ver=1776746024\",\"caption\":\"PachaMamita EC\"},\"url\":\"https:\\\/\\\/pachamamitaecu.org\\\/en\\\/author\\\/pachamamita-ec\\\/\"}]}<\/script>\n<!-- \/ Yoast SEO Premium plugin. -->","yoast_head_json":{"title":"The peasantry of the coast is moving towards its own agrarian agenda, for agroecology and food sovereignty. - PachaMamita Ecuador","robots":{"index":"index","follow":"follow","max-snippet":"max-snippet:-1","max-image-preview":"max-image-preview:large","max-video-preview":"max-video-preview:-1"},"canonical":"https:\/\/pachamamitaecu.org\/en\/2015\/09\/17\/the-coastal-peasantry-is-moving-towards-its-own-agrarian-agenda-for-agroecology-and-food-sovereignty\/","og_locale":"en_US","og_type":"article","og_title":"El campesinado de la costa camina hacia una agenda agraria propia, por la agroecolog\u00eda y la soberan\u00eda alimentaria.","og_description":"Entre el 30 de septiembre y el 3 de octubre los montubios, campesinos, pescadores, educadores y trabajadores rurales se reunir\u00e1n en las Cumbres Campesinas por la Agroecolog\u00eda y la Soberan\u00eda Alimentaria en Santa Elena, Manab\u00ed, Los R\u00edos y El Oro, para construir una agenda propia para la transformaci\u00f3n del campo ecuatoriano. Si bien el marco [...]","og_url":"https:\/\/pachamamitaecu.org\/en\/2015\/09\/17\/the-coastal-peasantry-is-moving-towards-its-own-agrarian-agenda-for-agroecology-and-food-sovereignty\/","og_site_name":"PachaMamita Ecuador","article_publisher":"https:\/\/www.facebook.com\/pachamamitaecu","article_published_time":"2015-09-17T08:06:00+00:00","article_modified_time":"2023-03-02T06:21:14+00:00","og_image":[{"url":"http:\/\/2.bp.blogspot.com\/-4Y4auaE2eyg\/Vfp0P8JsbEI\/AAAAAAAAFQM\/VhOrq1LCEPc\/s640\/11014871_912363435496925_8182565910609750339_n.jpg","type":"","width":"","height":""}],"author":"PachaMamita EC","twitter_card":"summary_large_image","twitter_misc":{"Written by":"PachaMamita EC","Est. reading time":"2 minutes"},"schema":{"@context":"https:\/\/schema.org","@graph":[{"@type":"Article","@id":"https:\/\/pachamamitaecu.org\/es_es\/2015\/09\/17\/el-campesinado-de-la-costa-camina-hacia-una-agenda-agraria-propia-por-la-agroecologia-y-la-soberania-alimentaria\/#article","isPartOf":{"@id":"https:\/\/pachamamitaecu.org\/es_es\/2015\/09\/17\/el-campesinado-de-la-costa-camina-hacia-una-agenda-agraria-propia-por-la-agroecologia-y-la-soberania-alimentaria\/"},"author":{"name":"PachaMamita EC","@id":"https:\/\/pachamamitaecu.org\/es_es\/#\/schema\/person\/e8b42afae2451fadab5e0295f02c4593"},"headline":"El campesinado de la costa camina hacia una agenda agraria propia, por la agroecolog\u00eda y la soberan\u00eda alimentaria.","datePublished":"2015-09-17T08:06:00+00:00","dateModified":"2023-03-02T06:21:14+00:00","mainEntityOfPage":{"@id":"https:\/\/pachamamitaecu.org\/es_es\/2015\/09\/17\/el-campesinado-de-la-costa-camina-hacia-una-agenda-agraria-propia-por-la-agroecologia-y-la-soberania-alimentaria\/"},"wordCount":445,"publisher":{"@id":"https:\/\/pachamamitaecu.org\/es_es\/#organization"},"image":{"@id":"https:\/\/pachamamitaecu.org\/es_es\/2015\/09\/17\/el-campesinado-de-la-costa-camina-hacia-una-agenda-agraria-propia-por-la-agroecologia-y-la-soberania-alimentaria\/#primaryimage"},"thumbnailUrl":"http:\/\/2.bp.blogspot.com\/-4Y4auaE2eyg\/Vfp0P8JsbEI\/AAAAAAAAFQM\/VhOrq1LCEPc\/s640\/11014871_912363435496925_8182565910609750339_n.jpg","articleSection":["agroecologia"],"inLanguage":"en-US"},{"@type":"WebPage","@id":"https:\/\/pachamamitaecu.org\/es_es\/2015\/09\/17\/el-campesinado-de-la-costa-camina-hacia-una-agenda-agraria-propia-por-la-agroecologia-y-la-soberania-alimentaria\/","url":"https:\/\/pachamamitaecu.org\/es_es\/2015\/09\/17\/el-campesinado-de-la-costa-camina-hacia-una-agenda-agraria-propia-por-la-agroecologia-y-la-soberania-alimentaria\/","name":"The peasantry of the coast is moving towards its own agrarian agenda, for agroecology and food sovereignty. - PachaMamita Ecuador","isPartOf":{"@id":"https:\/\/pachamamitaecu.org\/es_es\/#website"},"primaryImageOfPage":{"@id":"https:\/\/pachamamitaecu.org\/es_es\/2015\/09\/17\/el-campesinado-de-la-costa-camina-hacia-una-agenda-agraria-propia-por-la-agroecologia-y-la-soberania-alimentaria\/#primaryimage"},"image":{"@id":"https:\/\/pachamamitaecu.org\/es_es\/2015\/09\/17\/el-campesinado-de-la-costa-camina-hacia-una-agenda-agraria-propia-por-la-agroecologia-y-la-soberania-alimentaria\/#primaryimage"},"thumbnailUrl":"http:\/\/2.bp.blogspot.com\/-4Y4auaE2eyg\/Vfp0P8JsbEI\/AAAAAAAAFQM\/VhOrq1LCEPc\/s640\/11014871_912363435496925_8182565910609750339_n.jpg","datePublished":"2015-09-17T08:06:00+00:00","dateModified":"2023-03-02T06:21:14+00:00","breadcrumb":{"@id":"https:\/\/pachamamitaecu.org\/es_es\/2015\/09\/17\/el-campesinado-de-la-costa-camina-hacia-una-agenda-agraria-propia-por-la-agroecologia-y-la-soberania-alimentaria\/#breadcrumb"},"inLanguage":"en-US","potentialAction":[{"@type":"ReadAction","target":["https:\/\/pachamamitaecu.org\/es_es\/2015\/09\/17\/el-campesinado-de-la-costa-camina-hacia-una-agenda-agraria-propia-por-la-agroecologia-y-la-soberania-alimentaria\/"]}]},{"@type":"ImageObject","inLanguage":"en-US","@id":"https:\/\/pachamamitaecu.org\/es_es\/2015\/09\/17\/el-campesinado-de-la-costa-camina-hacia-una-agenda-agraria-propia-por-la-agroecologia-y-la-soberania-alimentaria\/#primaryimage","url":"http:\/\/2.bp.blogspot.com\/-4Y4auaE2eyg\/Vfp0P8JsbEI\/AAAAAAAAFQM\/VhOrq1LCEPc\/s640\/11014871_912363435496925_8182565910609750339_n.jpg","contentUrl":"http:\/\/2.bp.blogspot.com\/-4Y4auaE2eyg\/Vfp0P8JsbEI\/AAAAAAAAFQM\/VhOrq1LCEPc\/s640\/11014871_912363435496925_8182565910609750339_n.jpg"},{"@type":"BreadcrumbList","@id":"https:\/\/pachamamitaecu.org\/es_es\/2015\/09\/17\/el-campesinado-de-la-costa-camina-hacia-una-agenda-agraria-propia-por-la-agroecologia-y-la-soberania-alimentaria\/#breadcrumb","itemListElement":[{"@type":"ListItem","position":1,"name":"Portada","item":"https:\/\/pachamamitaecu.org\/es_es\/"},{"@type":"ListItem","position":2,"name":"El campesinado de la costa camina hacia una agenda agraria propia, por la agroecolog\u00eda y la soberan\u00eda alimentaria."}]},{"@type":"WebSite","@id":"https:\/\/pachamamitaecu.org\/es_es\/#website","url":"https:\/\/pachamamitaecu.org\/es_es\/","name":"PachaMamita Ecuador","description":"CULTURE. AGROECOLOGY. TOURISM AND RESPONSIBLE CONSUMPTION-ECUADOR.","publisher":{"@id":"https:\/\/pachamamitaecu.org\/es_es\/#organization"},"potentialAction":[{"@type":"SearchAction","target":{"@type":"EntryPoint","urlTemplate":"https:\/\/pachamamitaecu.org\/es_es\/?s={search_term_string}"},"query-input":{"@type":"PropertyValueSpecification","valueRequired":true,"valueName":"search_term_string"}}],"inLanguage":"en-US"},{"@type":"Organization","@id":"https:\/\/pachamamitaecu.org\/es_es\/#organization","name":"PachaMamita Ecuador","url":"https:\/\/pachamamitaecu.org\/es_es\/","logo":{"@type":"ImageObject","inLanguage":"en-US","@id":"https:\/\/pachamamitaecu.org\/es_es\/#\/schema\/logo\/image\/","url":"https:\/\/pachamamitaecu.org\/wp-content\/uploads\/2024\/04\/cropped-Diseno-sin-titulo-13.png","contentUrl":"https:\/\/pachamamitaecu.org\/wp-content\/uploads\/2024\/04\/cropped-Diseno-sin-titulo-13.png","width":512,"height":512,"caption":"PachaMamita Ecuador"},"image":{"@id":"https:\/\/pachamamitaecu.org\/es_es\/#\/schema\/logo\/image\/"},"sameAs":["https:\/\/www.facebook.com\/pachamamitaecu"]},{"@type":"Person","@id":"https:\/\/pachamamitaecu.org\/es_es\/#\/schema\/person\/e8b42afae2451fadab5e0295f02c4593","name":"PachaMamita EC","image":{"@type":"ImageObject","inLanguage":"en-US","@id":"https:\/\/pachamamitaecu.org\/wp-content\/litespeed\/avatar\/23494c9101089ad44ae88ce9d2f56aac.jpg?ver=1776746024","url":"https:\/\/pachamamitaecu.org\/wp-content\/litespeed\/avatar\/23494c9101089ad44ae88ce9d2f56aac.jpg?ver=1776746024","contentUrl":"https:\/\/pachamamitaecu.org\/wp-content\/litespeed\/avatar\/23494c9101089ad44ae88ce9d2f56aac.jpg?ver=1776746024","caption":"PachaMamita EC"},"url":"https:\/\/pachamamitaecu.org\/en\/author\/pachamamita-ec\/"}]}},"_links":{"self":[{"href":"https:\/\/pachamamitaecu.org\/en\/wp-json\/wp\/v2\/posts\/506","targetHints":{"allow":["GET"]}}],"collection":[{"href":"https:\/\/pachamamitaecu.org\/en\/wp-json\/wp\/v2\/posts"}],"about":[{"href":"https:\/\/pachamamitaecu.org\/en\/wp-json\/wp\/v2\/types\/post"}],"author":[{"embeddable":true,"href":"https:\/\/pachamamitaecu.org\/en\/wp-json\/wp\/v2\/users\/3"}],"replies":[{"embeddable":true,"href":"https:\/\/pachamamitaecu.org\/en\/wp-json\/wp\/v2\/comments?post=506"}],"version-history":[{"count":0,"href":"https:\/\/pachamamitaecu.org\/en\/wp-json\/wp\/v2\/posts\/506\/revisions"}],"wp:attachment":[{"href":"https:\/\/pachamamitaecu.org\/en\/wp-json\/wp\/v2\/media?parent=506"}],"wp:term":[{"taxonomy":"category","embeddable":true,"href":"https:\/\/pachamamitaecu.org\/en\/wp-json\/wp\/v2\/categories?post=506"},{"taxonomy":"post_tag","embeddable":true,"href":"https:\/\/pachamamitaecu.org\/en\/wp-json\/wp\/v2\/tags?post=506"}],"curies":[{"name":"wp","href":"https:\/\/api.w.org\/{rel}","templated":true}]}}