{"id":517,"date":"2015-08-21T09:00:00","date_gmt":"2015-08-21T09:00:00","guid":{"rendered":"http:\/\/pachamamitaecu-org-720647.hostingersite.com\/2015\/08\/21\/yo-vivo-junto-al-mar\/"},"modified":"2023-03-02T06:21:18","modified_gmt":"2023-03-02T06:21:18","slug":"yo-vivo-junto-al-mar","status":"publish","type":"post","link":"https:\/\/pachamamitaecu.org\/en\/2015\/08\/21\/i-live-by-the-sea\/","title":{"rendered":"I live by the sea."},"content":{"rendered":"<div dir=\"ltr\" style=\"text-align: left;\">\n<div style=\"text-align: justify;\">\n<div style=\"clear: both; text-align: center;\"><a href=\"http:\/\/4.bp.blogspot.com\/-8QxqMIzsPck\/T7Cwrx4v-_I\/AAAAAAAACA4\/Z0MUAT-voPE\/s1600\/s1-Yo+vivo+junto+al+mar_001.jpg\" style=\"clear: left; float: left; margin-bottom: 1em; margin-right: 1em;\"><img decoding=\"async\" border=\"0\" height=\"320\" data-src=\"http:\/\/4.bp.blogspot.com\/-8QxqMIzsPck\/T7Cwrx4v-_I\/AAAAAAAACA4\/Z0MUAT-voPE\/s320\/s1-Yo+vivo+junto+al+mar_001.jpg\" width=\"320\" src=\"data:image\/svg+xml;base64,PHN2ZyB3aWR0aD0iMSIgaGVpZ2h0PSIxIiB4bWxucz0iaHR0cDovL3d3dy53My5vcmcvMjAwMC9zdmciPjwvc3ZnPg==\" class=\"lazyload\" style=\"--smush-placeholder-width: 320px; --smush-placeholder-aspect-ratio: 320\/320;\" \/><\/a><\/div>\n<p><span style=\"font-family: Georgia, 'Times New Roman', serif;\">&quot;I live by the sea&quot; is a booklet that highlights the rights and responsibilities of citizens who live in the protected marine and coastal areas of Ecuador.<\/span><\/div>\n<p><span style=\"font-family: Georgia, 'Times New Roman', serif;\"><\/span><\/p>\n<div style=\"text-align: justify;\"><span style=\"font-family: Georgia, 'Times New Roman', serif;\"><br \/><\/span><\/div>\n<p><span style=\"font-family: Georgia, 'Times New Roman', serif;\"><\/span><\/p>\n<div style=\"text-align: justify;\"><span style=\"font-family: Georgia, 'Times New Roman', serif;\">I Live by the Sea was developed and presented last year within the framework of the project \u201cPolicies and Legislation for the Conservation of Coastal Marine Ecosystems and Resources in Continental Ecuador\u201d and was developed by Conservation International Ecuador (CI-Ecuador), DFID, Fauna &amp; Flora International, and the FFLA.<\/span><\/div>\n<p><span style=\"font-family: Georgia, 'Times New Roman', serif;\"><\/span><\/p>\n<div style=\"text-align: justify;\"><span style=\"font-family: Georgia, 'Times New Roman', serif;\"><br \/><\/span><\/div>\n<p><span style=\"font-family: Georgia, 'Times New Roman', serif;\"><\/span><\/p>\n<div style=\"text-align: justify;\"><span style=\"font-family: Georgia, 'Times New Roman', serif;\">This booklet is intended to guide Ecuadorian citizens living in the coastal area of the country on their rights and duties and on the guarantees that the State grants for compliance with national regulations, in relation to the administration of the marine and coastal space of Ecuador.<\/span><\/div>\n<p><span style=\"font-family: Georgia, 'Times New Roman', serif;\"><\/span><\/p>\n<div style=\"text-align: justify;\"><span style=\"font-family: Georgia, 'Times New Roman', serif;\"><br \/><\/span><\/div>\n<p><span style=\"font-family: Georgia, 'Times New Roman', serif;\"><\/p>\n<div style=\"text-align: justify;\">This publication was developed by the Environmental Law and Management Corporation <a href=\"http:\/\/www.google.com.ec\/url?sa=t&amp;rct=j&amp;q=&amp;esrc=s&amp;source=web&amp;cd=1&amp;ved=0CGAQFjAA&amp;url=http%3A%2F%2Fwww.ecolex-ec.org%2F&amp;ei=RKywT47WJork9ATEzq38CA&amp;usg=AFQjCNF0_BrZm2ETDGNZ509ZLe0UsipieQ&amp;sig2=kdEYve07bkVcGLVsrmGurg\">Ecolex<\/a> within the framework of the \u201cMarine Landscape of the Eastern Tropical Pacific\u201d project, implemented by CI-Ecuador in collaboration with a broad network of public institutions, universities and NGOs in Ecuador.<\/div>\n<div style=\"text-align: justify;\"><\/div>\n<div style=\"text-align: justify;\">The development of this educational booklet also received support from the General Directorate of Maritime Interests (DIGEIM), through the Coastal Marine Environmental Education Program (PEAMCO) of the Ecuadorian Navy, in coordination with the Ministries of Education, Health, Environment and National Defense.<\/div>\n<div style=\"text-align: justify;\"><\/div>\n<div style=\"text-align: justify;\">It is now possible to read, download and share or print it from Ballenita S\u00ec Online<\/div>\n<div style=\"font-size: x-large; text-align: justify;\"><\/div>\n<div style=\"text-align: justify;\">Contact: Xavier Chalen, <a href=\"mailto:xchalen@conservation.org\">xchalen@conservation.org<\/a><\/div>\n<p><\/span><a href=\"http:\/\/es.scribd.com\/info2247\/d\/93456436-Yo-Vivo-Junto-Al-Mar-opt\" style=\"-x-system-font: none; display: block; font-family: Helvetica,Arial,Sans-serif; font-size-adjust: none; font-size: 14px; font-stretch: normal; font-style: normal; font-variant: normal; font-weight: normal; line-height: normal; margin: 12px auto 6px auto; text-decoration: underline;\" title=\"View I Live By The Sea_opt on Scribd\">I Live Next To The Sea_opt<\/a><iframe data-aspect-ratio=\"1\" data-auto-height=\"true\" frameborder=\"0\" height=\"600\" scrolling=\"no\" data-src=\"http:\/\/www.scribd.com\/embeds\/93456436\/content?start_page=1&amp;view_mode=list&amp;access_key=key-1dhq34g9kc8b27ernj8q\" width=\"100%\" src=\"data:image\/svg+xml;base64,PHN2ZyB3aWR0aD0iMSIgaGVpZ2h0PSIxIiB4bWxucz0iaHR0cDovL3d3dy53My5vcmcvMjAwMC9zdmciPjwvc3ZnPg==\" class=\"lazyload\" data-load-mode=\"1\"><\/iframe><\/div>\n<div class=\"pvc_clear\"><\/div>\n<p id=\"pvc_stats_517\" class=\"pvc_stats total_only\" data-element-id=\"517\" style=\"\"><i class=\"pvc-stats-icon medium\" aria-hidden=\"true\"><svg aria-hidden=\"true\" focusable=\"false\" data-prefix=\"far\" data-icon=\"chart-bar\" role=\"img\" xmlns=\"http:\/\/www.w3.org\/2000\/svg\" viewbox=\"0 0 512 512\" class=\"svg-inline--fa fa-chart-bar fa-w-16 fa-2x\"><path fill=\"currentColor\" d=\"M396.8 352h22.4c6.4 0 12.8-6.4 12.8-12.8V108.8c0-6.4-6.4-12.8-12.8-12.8h-22.4c-6.4 0-12.8 6.4-12.8 12.8v230.4c0 6.4 6.4 12.8 12.8 12.8zm-192 0h22.4c6.4 0 12.8-6.4 12.8-12.8V140.8c0-6.4-6.4-12.8-12.8-12.8h-22.4c-6.4 0-12.8 6.4-12.8 12.8v198.4c0 6.4 6.4 12.8 12.8 12.8zm96 0h22.4c6.4 0 12.8-6.4 12.8-12.8V204.8c0-6.4-6.4-12.8-12.8-12.8h-22.4c-6.4 0-12.8 6.4-12.8 12.8v134.4c0 6.4 6.4 12.8 12.8 12.8zM496 400H48V80c0-8.84-7.16-16-16-16H16C7.16 64 0 71.16 0 80v336c0 17.67 14.33 32 32 32h464c8.84 0 16-7.16 16-16v-16c0-8.84-7.16-16-16-16zm-387.2-48h22.4c6.4 0 12.8-6.4 12.8-12.8v-70.4c0-6.4-6.4-12.8-12.8-12.8h-22.4c-6.4 0-12.8 6.4-12.8 12.8v70.4c0 6.4 6.4 12.8 12.8 12.8z\" class=\"\"><\/path><\/svg><\/i> <img decoding=\"async\" width=\"16\" height=\"16\" alt=\"Loading\" data-src=\"https:\/\/pachamamitaecu.org\/wp-content\/plugins\/page-views-count\/ajax-loader-2x.gif\" border=\"0\" src=\"data:image\/svg+xml;base64,PHN2ZyB3aWR0aD0iMSIgaGVpZ2h0PSIxIiB4bWxucz0iaHR0cDovL3d3dy53My5vcmcvMjAwMC9zdmciPjwvc3ZnPg==\" class=\"lazyload\" style=\"--smush-placeholder-width: 16px; --smush-placeholder-aspect-ratio: 16\/16;\" \/><\/p>\n<div class=\"pvc_clear\"><\/div>","protected":false},"excerpt":{"rendered":"<p>\u00abYo vivo junto al mar\u00bb es una cartilla que resalta los Derechos y los Deberes Ciudadanos que habitan en las \u00e1reas marinas y costeras protegidas del Ecuador. Yo vivo Junto al Mar fue desarrollado y presentado desde el a\u00f1o anterior en el marco del proyecto \u201cPol\u00edticas y Legislaci\u00f3n para la conservaci\u00f3n de Ecosistemas y Recursos [&#8230;]\n","protected":false},"author":3,"featured_media":0,"comment_status":"closed","ping_status":"closed","sticky":false,"template":"","format":"standard","meta":{"footnotes":""},"categories":[312,159,177,214,136,135,131],"tags":[],"class_list":["post-517","post","type-post","status-publish","format-standard","hentry","category-comunas","category-consumo-responsable","category-destinos-ecoturismo","category-interculturalidad","category-ruta-del-sol","category-ruta-del-spondylus","category-turismo-responsable"],"a3_pvc":{"activated":true,"total_views":18,"today_views":0},"yoast_head":"<!-- This site is optimized with the Yoast SEO Premium plugin v24.2 (Yoast SEO v27.4) - https:\/\/yoast.com\/product\/yoast-seo-premium-wordpress\/ -->\n<title>Yo vivo junto al mar. - PachaMamita Ecuador<\/title>\n<meta name=\"robots\" content=\"index, follow, max-snippet:-1, max-image-preview:large, max-video-preview:-1\" \/>\n<link rel=\"canonical\" href=\"https:\/\/pachamamitaecu.org\/en\/2015\/08\/21\/i-live-by-the-sea\/\" \/>\n<meta property=\"og:locale\" content=\"en_US\" \/>\n<meta property=\"og:type\" content=\"article\" \/>\n<meta property=\"og:title\" content=\"Yo vivo junto al mar.\" \/>\n<meta property=\"og:description\" content=\"\u00abYo vivo junto al mar\u00bb es una cartilla que resalta los Derechos y los Deberes Ciudadanos que habitan en las \u00e1reas marinas y costeras protegidas del Ecuador. Yo vivo Junto al Mar fue desarrollado y presentado desde el a\u00f1o anterior en el marco del proyecto \u201cPol\u00edticas y Legislaci\u00f3n para la conservaci\u00f3n de Ecosistemas y Recursos [...]\" \/>\n<meta property=\"og:url\" content=\"https:\/\/pachamamitaecu.org\/en\/2015\/08\/21\/i-live-by-the-sea\/\" \/>\n<meta property=\"og:site_name\" content=\"PachaMamita Ecuador\" \/>\n<meta property=\"article:publisher\" content=\"https:\/\/www.facebook.com\/pachamamitaecu\" \/>\n<meta property=\"article:published_time\" content=\"2015-08-21T09:00:00+00:00\" \/>\n<meta property=\"article:modified_time\" content=\"2023-03-02T06:21:18+00:00\" \/>\n<meta property=\"og:image\" content=\"http:\/\/4.bp.blogspot.com\/-8QxqMIzsPck\/T7Cwrx4v-_I\/AAAAAAAACA4\/Z0MUAT-voPE\/s320\/s1-Yo+vivo+junto+al+mar_001.jpg\" \/>\n<meta name=\"author\" content=\"PachaMamita EC\" \/>\n<meta name=\"twitter:card\" content=\"summary_large_image\" \/>\n<meta name=\"twitter:label1\" content=\"Written by\" \/>\n\t<meta name=\"twitter:data1\" content=\"PachaMamita EC\" \/>\n\t<meta name=\"twitter:label2\" content=\"Est. reading time\" \/>\n\t<meta name=\"twitter:data2\" content=\"1 minute\" \/>\n<script type=\"application\/ld+json\" class=\"yoast-schema-graph\">{\"@context\":\"https:\\\/\\\/schema.org\",\"@graph\":[{\"@type\":\"Article\",\"@id\":\"https:\\\/\\\/pachamamitaecu.org\\\/en\\\/2015\\\/08\\\/21\\\/i-live-by-the-sea\\\/#article\",\"isPartOf\":{\"@id\":\"https:\\\/\\\/pachamamitaecu.org\\\/en\\\/2015\\\/08\\\/21\\\/i-live-by-the-sea\\\/\"},\"author\":{\"name\":\"PachaMamita EC\",\"@id\":\"https:\\\/\\\/pachamamitaecu.org\\\/es_es\\\/#\\\/schema\\\/person\\\/e8b42afae2451fadab5e0295f02c4593\"},\"headline\":\"Yo vivo junto al mar.\",\"datePublished\":\"2015-08-21T09:00:00+00:00\",\"dateModified\":\"2023-03-02T06:21:18+00:00\",\"mainEntityOfPage\":{\"@id\":\"https:\\\/\\\/pachamamitaecu.org\\\/en\\\/2015\\\/08\\\/21\\\/i-live-by-the-sea\\\/\"},\"wordCount\":271,\"publisher\":{\"@id\":\"https:\\\/\\\/pachamamitaecu.org\\\/es_es\\\/#organization\"},\"image\":{\"@id\":\"https:\\\/\\\/pachamamitaecu.org\\\/en\\\/2015\\\/08\\\/21\\\/i-live-by-the-sea\\\/#primaryimage\"},\"thumbnailUrl\":\"http:\\\/\\\/4.bp.blogspot.com\\\/-8QxqMIzsPck\\\/T7Cwrx4v-_I\\\/AAAAAAAACA4\\\/Z0MUAT-voPE\\\/s320\\\/s1-Yo+vivo+junto+al+mar_001.jpg\",\"articleSection\":[\"comunas\",\"CONSUMO RESPONSABLE\",\"DESTINOS. ECOTURISMO\",\"INTERCULTURALIDAD\",\"ruta del sol\",\"ruta del spondylus\",\"turismo responsable\"],\"inLanguage\":\"en-US\"},{\"@type\":\"WebPage\",\"@id\":\"https:\\\/\\\/pachamamitaecu.org\\\/en\\\/2015\\\/08\\\/21\\\/i-live-by-the-sea\\\/\",\"url\":\"https:\\\/\\\/pachamamitaecu.org\\\/en\\\/2015\\\/08\\\/21\\\/i-live-by-the-sea\\\/\",\"name\":\"Yo vivo junto al mar. - PachaMamita Ecuador\",\"isPartOf\":{\"@id\":\"https:\\\/\\\/pachamamitaecu.org\\\/es_es\\\/#website\"},\"primaryImageOfPage\":{\"@id\":\"https:\\\/\\\/pachamamitaecu.org\\\/en\\\/2015\\\/08\\\/21\\\/i-live-by-the-sea\\\/#primaryimage\"},\"image\":{\"@id\":\"https:\\\/\\\/pachamamitaecu.org\\\/en\\\/2015\\\/08\\\/21\\\/i-live-by-the-sea\\\/#primaryimage\"},\"thumbnailUrl\":\"http:\\\/\\\/4.bp.blogspot.com\\\/-8QxqMIzsPck\\\/T7Cwrx4v-_I\\\/AAAAAAAACA4\\\/Z0MUAT-voPE\\\/s320\\\/s1-Yo+vivo+junto+al+mar_001.jpg\",\"datePublished\":\"2015-08-21T09:00:00+00:00\",\"dateModified\":\"2023-03-02T06:21:18+00:00\",\"breadcrumb\":{\"@id\":\"https:\\\/\\\/pachamamitaecu.org\\\/en\\\/2015\\\/08\\\/21\\\/i-live-by-the-sea\\\/#breadcrumb\"},\"inLanguage\":\"en-US\",\"potentialAction\":[{\"@type\":\"ReadAction\",\"target\":[\"https:\\\/\\\/pachamamitaecu.org\\\/en\\\/2015\\\/08\\\/21\\\/i-live-by-the-sea\\\/\"]}]},{\"@type\":\"ImageObject\",\"inLanguage\":\"en-US\",\"@id\":\"https:\\\/\\\/pachamamitaecu.org\\\/en\\\/2015\\\/08\\\/21\\\/i-live-by-the-sea\\\/#primaryimage\",\"url\":\"http:\\\/\\\/4.bp.blogspot.com\\\/-8QxqMIzsPck\\\/T7Cwrx4v-_I\\\/AAAAAAAACA4\\\/Z0MUAT-voPE\\\/s320\\\/s1-Yo+vivo+junto+al+mar_001.jpg\",\"contentUrl\":\"http:\\\/\\\/4.bp.blogspot.com\\\/-8QxqMIzsPck\\\/T7Cwrx4v-_I\\\/AAAAAAAACA4\\\/Z0MUAT-voPE\\\/s320\\\/s1-Yo+vivo+junto+al+mar_001.jpg\"},{\"@type\":\"BreadcrumbList\",\"@id\":\"https:\\\/\\\/pachamamitaecu.org\\\/en\\\/2015\\\/08\\\/21\\\/i-live-by-the-sea\\\/#breadcrumb\",\"itemListElement\":[{\"@type\":\"ListItem\",\"position\":1,\"name\":\"Portada\",\"item\":\"https:\\\/\\\/pachamamitaecu.org\\\/es_es\\\/\"},{\"@type\":\"ListItem\",\"position\":2,\"name\":\"Yo vivo junto al mar.\"}]},{\"@type\":\"WebSite\",\"@id\":\"https:\\\/\\\/pachamamitaecu.org\\\/es_es\\\/#website\",\"url\":\"https:\\\/\\\/pachamamitaecu.org\\\/es_es\\\/\",\"name\":\"PachaMamita Ecuador\",\"description\":\"CULTURA. AGROECOLOG\u00cdA. TURISMO Y CONSUMO RESPONSABLE-ECUADOR.\",\"publisher\":{\"@id\":\"https:\\\/\\\/pachamamitaecu.org\\\/es_es\\\/#organization\"},\"potentialAction\":[{\"@type\":\"SearchAction\",\"target\":{\"@type\":\"EntryPoint\",\"urlTemplate\":\"https:\\\/\\\/pachamamitaecu.org\\\/es_es\\\/?s={search_term_string}\"},\"query-input\":{\"@type\":\"PropertyValueSpecification\",\"valueRequired\":true,\"valueName\":\"search_term_string\"}}],\"inLanguage\":\"en-US\"},{\"@type\":\"Organization\",\"@id\":\"https:\\\/\\\/pachamamitaecu.org\\\/es_es\\\/#organization\",\"name\":\"PachaMamita Ecuador\",\"url\":\"https:\\\/\\\/pachamamitaecu.org\\\/es_es\\\/\",\"logo\":{\"@type\":\"ImageObject\",\"inLanguage\":\"en-US\",\"@id\":\"https:\\\/\\\/pachamamitaecu.org\\\/es_es\\\/#\\\/schema\\\/logo\\\/image\\\/\",\"url\":\"https:\\\/\\\/pachamamitaecu.org\\\/wp-content\\\/uploads\\\/2024\\\/04\\\/cropped-Diseno-sin-titulo-13.png\",\"contentUrl\":\"https:\\\/\\\/pachamamitaecu.org\\\/wp-content\\\/uploads\\\/2024\\\/04\\\/cropped-Diseno-sin-titulo-13.png\",\"width\":512,\"height\":512,\"caption\":\"PachaMamita Ecuador\"},\"image\":{\"@id\":\"https:\\\/\\\/pachamamitaecu.org\\\/es_es\\\/#\\\/schema\\\/logo\\\/image\\\/\"},\"sameAs\":[\"https:\\\/\\\/www.facebook.com\\\/pachamamitaecu\"]},{\"@type\":\"Person\",\"@id\":\"https:\\\/\\\/pachamamitaecu.org\\\/es_es\\\/#\\\/schema\\\/person\\\/e8b42afae2451fadab5e0295f02c4593\",\"name\":\"PachaMamita EC\",\"image\":{\"@type\":\"ImageObject\",\"inLanguage\":\"en-US\",\"@id\":\"https:\\\/\\\/pachamamitaecu.org\\\/wp-content\\\/litespeed\\\/avatar\\\/23494c9101089ad44ae88ce9d2f56aac.jpg?ver=1777350952\",\"url\":\"https:\\\/\\\/pachamamitaecu.org\\\/wp-content\\\/litespeed\\\/avatar\\\/23494c9101089ad44ae88ce9d2f56aac.jpg?ver=1777350952\",\"contentUrl\":\"https:\\\/\\\/pachamamitaecu.org\\\/wp-content\\\/litespeed\\\/avatar\\\/23494c9101089ad44ae88ce9d2f56aac.jpg?ver=1777350952\",\"caption\":\"PachaMamita EC\"},\"url\":\"https:\\\/\\\/pachamamitaecu.org\\\/en\\\/author\\\/pachamamita-ec\\\/\"}]}<\/script>\n<!-- \/ Yoast SEO Premium plugin. -->","yoast_head_json":{"title":"I live by the sea. - PachaMamita Ecuador","robots":{"index":"index","follow":"follow","max-snippet":"max-snippet:-1","max-image-preview":"max-image-preview:large","max-video-preview":"max-video-preview:-1"},"canonical":"https:\/\/pachamamitaecu.org\/en\/2015\/08\/21\/i-live-by-the-sea\/","og_locale":"en_US","og_type":"article","og_title":"Yo vivo junto al mar.","og_description":"\u00abYo vivo junto al mar\u00bb es una cartilla que resalta los Derechos y los Deberes Ciudadanos que habitan en las \u00e1reas marinas y costeras protegidas del Ecuador. Yo vivo Junto al Mar fue desarrollado y presentado desde el a\u00f1o anterior en el marco del proyecto \u201cPol\u00edticas y Legislaci\u00f3n para la conservaci\u00f3n de Ecosistemas y Recursos [...]","og_url":"https:\/\/pachamamitaecu.org\/en\/2015\/08\/21\/i-live-by-the-sea\/","og_site_name":"PachaMamita Ecuador","article_publisher":"https:\/\/www.facebook.com\/pachamamitaecu","article_published_time":"2015-08-21T09:00:00+00:00","article_modified_time":"2023-03-02T06:21:18+00:00","og_image":[{"url":"http:\/\/4.bp.blogspot.com\/-8QxqMIzsPck\/T7Cwrx4v-_I\/AAAAAAAACA4\/Z0MUAT-voPE\/s320\/s1-Yo+vivo+junto+al+mar_001.jpg","type":"","width":"","height":""}],"author":"PachaMamita EC","twitter_card":"summary_large_image","twitter_misc":{"Written by":"PachaMamita EC","Est. reading time":"1 minute"},"schema":{"@context":"https:\/\/schema.org","@graph":[{"@type":"Article","@id":"https:\/\/pachamamitaecu.org\/en\/2015\/08\/21\/i-live-by-the-sea\/#article","isPartOf":{"@id":"https:\/\/pachamamitaecu.org\/en\/2015\/08\/21\/i-live-by-the-sea\/"},"author":{"name":"PachaMamita EC","@id":"https:\/\/pachamamitaecu.org\/es_es\/#\/schema\/person\/e8b42afae2451fadab5e0295f02c4593"},"headline":"Yo vivo junto al mar.","datePublished":"2015-08-21T09:00:00+00:00","dateModified":"2023-03-02T06:21:18+00:00","mainEntityOfPage":{"@id":"https:\/\/pachamamitaecu.org\/en\/2015\/08\/21\/i-live-by-the-sea\/"},"wordCount":271,"publisher":{"@id":"https:\/\/pachamamitaecu.org\/es_es\/#organization"},"image":{"@id":"https:\/\/pachamamitaecu.org\/en\/2015\/08\/21\/i-live-by-the-sea\/#primaryimage"},"thumbnailUrl":"http:\/\/4.bp.blogspot.com\/-8QxqMIzsPck\/T7Cwrx4v-_I\/AAAAAAAACA4\/Z0MUAT-voPE\/s320\/s1-Yo+vivo+junto+al+mar_001.jpg","articleSection":["comunas","CONSUMO RESPONSABLE","DESTINOS. ECOTURISMO","INTERCULTURALIDAD","ruta del sol","ruta del spondylus","turismo responsable"],"inLanguage":"en-US"},{"@type":"WebPage","@id":"https:\/\/pachamamitaecu.org\/en\/2015\/08\/21\/i-live-by-the-sea\/","url":"https:\/\/pachamamitaecu.org\/en\/2015\/08\/21\/i-live-by-the-sea\/","name":"I live by the sea. - PachaMamita Ecuador","isPartOf":{"@id":"https:\/\/pachamamitaecu.org\/es_es\/#website"},"primaryImageOfPage":{"@id":"https:\/\/pachamamitaecu.org\/en\/2015\/08\/21\/i-live-by-the-sea\/#primaryimage"},"image":{"@id":"https:\/\/pachamamitaecu.org\/en\/2015\/08\/21\/i-live-by-the-sea\/#primaryimage"},"thumbnailUrl":"http:\/\/4.bp.blogspot.com\/-8QxqMIzsPck\/T7Cwrx4v-_I\/AAAAAAAACA4\/Z0MUAT-voPE\/s320\/s1-Yo+vivo+junto+al+mar_001.jpg","datePublished":"2015-08-21T09:00:00+00:00","dateModified":"2023-03-02T06:21:18+00:00","breadcrumb":{"@id":"https:\/\/pachamamitaecu.org\/en\/2015\/08\/21\/i-live-by-the-sea\/#breadcrumb"},"inLanguage":"en-US","potentialAction":[{"@type":"ReadAction","target":["https:\/\/pachamamitaecu.org\/en\/2015\/08\/21\/i-live-by-the-sea\/"]}]},{"@type":"ImageObject","inLanguage":"en-US","@id":"https:\/\/pachamamitaecu.org\/en\/2015\/08\/21\/i-live-by-the-sea\/#primaryimage","url":"http:\/\/4.bp.blogspot.com\/-8QxqMIzsPck\/T7Cwrx4v-_I\/AAAAAAAACA4\/Z0MUAT-voPE\/s320\/s1-Yo+vivo+junto+al+mar_001.jpg","contentUrl":"http:\/\/4.bp.blogspot.com\/-8QxqMIzsPck\/T7Cwrx4v-_I\/AAAAAAAACA4\/Z0MUAT-voPE\/s320\/s1-Yo+vivo+junto+al+mar_001.jpg"},{"@type":"BreadcrumbList","@id":"https:\/\/pachamamitaecu.org\/en\/2015\/08\/21\/i-live-by-the-sea\/#breadcrumb","itemListElement":[{"@type":"ListItem","position":1,"name":"Portada","item":"https:\/\/pachamamitaecu.org\/es_es\/"},{"@type":"ListItem","position":2,"name":"Yo vivo junto al mar."}]},{"@type":"WebSite","@id":"https:\/\/pachamamitaecu.org\/es_es\/#website","url":"https:\/\/pachamamitaecu.org\/es_es\/","name":"PachaMamita Ecuador","description":"CULTURE. AGROECOLOGY. TOURISM AND RESPONSIBLE CONSUMPTION-ECUADOR.","publisher":{"@id":"https:\/\/pachamamitaecu.org\/es_es\/#organization"},"potentialAction":[{"@type":"SearchAction","target":{"@type":"EntryPoint","urlTemplate":"https:\/\/pachamamitaecu.org\/es_es\/?s={search_term_string}"},"query-input":{"@type":"PropertyValueSpecification","valueRequired":true,"valueName":"search_term_string"}}],"inLanguage":"en-US"},{"@type":"Organization","@id":"https:\/\/pachamamitaecu.org\/es_es\/#organization","name":"PachaMamita Ecuador","url":"https:\/\/pachamamitaecu.org\/es_es\/","logo":{"@type":"ImageObject","inLanguage":"en-US","@id":"https:\/\/pachamamitaecu.org\/es_es\/#\/schema\/logo\/image\/","url":"https:\/\/pachamamitaecu.org\/wp-content\/uploads\/2024\/04\/cropped-Diseno-sin-titulo-13.png","contentUrl":"https:\/\/pachamamitaecu.org\/wp-content\/uploads\/2024\/04\/cropped-Diseno-sin-titulo-13.png","width":512,"height":512,"caption":"PachaMamita Ecuador"},"image":{"@id":"https:\/\/pachamamitaecu.org\/es_es\/#\/schema\/logo\/image\/"},"sameAs":["https:\/\/www.facebook.com\/pachamamitaecu"]},{"@type":"Person","@id":"https:\/\/pachamamitaecu.org\/es_es\/#\/schema\/person\/e8b42afae2451fadab5e0295f02c4593","name":"PachaMamita EC","image":{"@type":"ImageObject","inLanguage":"en-US","@id":"https:\/\/pachamamitaecu.org\/wp-content\/litespeed\/avatar\/23494c9101089ad44ae88ce9d2f56aac.jpg?ver=1777350952","url":"https:\/\/pachamamitaecu.org\/wp-content\/litespeed\/avatar\/23494c9101089ad44ae88ce9d2f56aac.jpg?ver=1777350952","contentUrl":"https:\/\/pachamamitaecu.org\/wp-content\/litespeed\/avatar\/23494c9101089ad44ae88ce9d2f56aac.jpg?ver=1777350952","caption":"PachaMamita EC"},"url":"https:\/\/pachamamitaecu.org\/en\/author\/pachamamita-ec\/"}]}},"_links":{"self":[{"href":"https:\/\/pachamamitaecu.org\/en\/wp-json\/wp\/v2\/posts\/517","targetHints":{"allow":["GET"]}}],"collection":[{"href":"https:\/\/pachamamitaecu.org\/en\/wp-json\/wp\/v2\/posts"}],"about":[{"href":"https:\/\/pachamamitaecu.org\/en\/wp-json\/wp\/v2\/types\/post"}],"author":[{"embeddable":true,"href":"https:\/\/pachamamitaecu.org\/en\/wp-json\/wp\/v2\/users\/3"}],"replies":[{"embeddable":true,"href":"https:\/\/pachamamitaecu.org\/en\/wp-json\/wp\/v2\/comments?post=517"}],"version-history":[{"count":0,"href":"https:\/\/pachamamitaecu.org\/en\/wp-json\/wp\/v2\/posts\/517\/revisions"}],"wp:attachment":[{"href":"https:\/\/pachamamitaecu.org\/en\/wp-json\/wp\/v2\/media?parent=517"}],"wp:term":[{"taxonomy":"category","embeddable":true,"href":"https:\/\/pachamamitaecu.org\/en\/wp-json\/wp\/v2\/categories?post=517"},{"taxonomy":"post_tag","embeddable":true,"href":"https:\/\/pachamamitaecu.org\/en\/wp-json\/wp\/v2\/tags?post=517"}],"curies":[{"name":"wp","href":"https:\/\/api.w.org\/{rel}","templated":true}]}}