{"id":566,"date":"2014-09-08T20:17:00","date_gmt":"2014-09-08T20:17:00","guid":{"rendered":"http:\/\/pachamamitaecu-org-720647.hostingersite.com\/2014\/09\/08\/en-guayaquil-se-analizaran-alternativas-a-las-industrias-extractivas\/"},"modified":"2023-03-02T06:21:37","modified_gmt":"2023-03-02T06:21:37","slug":"en-guayaquil-se-analizaran-alternativas-a-las-industrias-extractivas","status":"publish","type":"post","link":"https:\/\/pachamamitaecu.org\/en\/2014\/09\/08\/in-guayaquil-alternatives-to-extractive-industries-will-be-analyzed\/","title":{"rendered":"In Guayaquil, ALTERNATIVES TO EXTRACTIVE INDUSTRIES will be analyzed:"},"content":{"rendered":"<div dir=\"ltr\" style=\"text-align: left;\">\n<div style=\"clear: both; text-align: center;\"><a href=\"http:\/\/4.bp.blogspot.com\/-i3B3JmF4p-I\/VA4OG9UGyCI\/AAAAAAAAE6U\/y5CZfYdRqBo\/s1600\/1912070_802490619772059_8374311048178482989_n.jpg\" style=\"clear: left; float: left; margin-bottom: 1em; margin-right: 1em;\"><img decoding=\"async\" border=\"0\" data-src=\"http:\/\/4.bp.blogspot.com\/-i3B3JmF4p-I\/VA4OG9UGyCI\/AAAAAAAAE6U\/y5CZfYdRqBo\/s1600\/1912070_802490619772059_8374311048178482989_n.jpg\" height=\"320\" width=\"226\" src=\"data:image\/svg+xml;base64,PHN2ZyB3aWR0aD0iMSIgaGVpZ2h0PSIxIiB4bWxucz0iaHR0cDovL3d3dy53My5vcmcvMjAwMC9zdmciPjwvc3ZnPg==\" class=\"lazyload\" style=\"--smush-placeholder-width: 226px; --smush-placeholder-aspect-ratio: 226\/320;\" \/><\/a><\/div>\n<p><span style=\"font-family: Georgia, Times New Roman, serif;\">With the objectives of promoting transition processes and real, socially fair and environmentally sustainable alternatives to extractive industries and promoting the link between the university research sector, non-governmental organizations dedicated to research and social organizations facing extractivism, the event will take place in the city of Guayaquil on September 11 and 12. <b>WORKSHOP ON ALTERNATIVES TO EXTRACTIVE INDUSTRIES.<\/b><\/p>\n<p>The workshop will be held at the Casa Grande University and will include the participation of representatives from academia, social organizations, public officials and NGOs.<\/p>\n<p>The results expected by the organization at the end of the two-day workshop are the following:<\/p>\n<p>1. Define an agenda to deepen knowledge that enables transition processes and alternatives to extractive industries, as well as the possibilities of generating advocacy processes.<\/p>\n<p>2. Obtain a systematization of the debate and proposals obtained from the accumulated experiences expressed in the workshop on alternatives to extractive industries.<\/p>\n<p>3. Using the input from the workshop, create a website on alternatives to extractive industries within the framework of the Collective Rights Observatory.<\/p>\n<p><b>AGENDA<\/b><\/p>\n<p>Over two days of work, public presentations and roundtable discussions will be held around diagnosis, resistance and alternatives. On the second day, the possibility of building an agenda for coordination between social organizations and NGOs that are currently doing research on the accumulation model and on extractive industries will be discussed.<\/p>\n<p><b>Diagnostic Panel<\/b><\/p>\n<p>1. Alejandra Santill\u00e1n. IEE, Perspectives on social conflict and accumulation model.<\/p>\n<p>2. CDES. Pablo Iturralde. Distribution of oil revenues.<\/p>\n<p>3. CDES. Jorge Zanafria. COSIPLAN and extractive industries: a regional perspective.<\/p>\n<p><b>Panel of Experiences of Resistance<\/b><\/p>\n<p>4. David Su\u00e1rez, Balance and perspectives of the Yasunidos movement, lessons for thinking about the environmental movement in the city.<\/p>\n<p>5. C\u00e9sar C\u00e1rdenas, Possibilities of recreation of the ecological movement and the social movement in Guayaquil<\/p>\n<p>6. Abel Arpi. Southern Peoples&#039; Assembly. The state of extractive industries and resistance in the southern region of the country.<\/p>\n<p>7. Carlos P\u00e9rez. ECUARUNARI. Critical assessment of the ecological position in the indigenous movement.<\/p>\n<p>8. CONAIE. Challenges of the indigenous movement to build an urban and worker movement.<br \/>Proposal Panel<\/p>\n<p>9. Rosa Luxemburg, Alternatives to development.<\/p>\n<p>10. SENPLADES, Regional alternatives for the management and governance of strategic resources.<\/p>\n<p>11. Franco Viteri, CONFENAIE. Civilizing change and proposals of the Amazonian indigenous movement<\/p>\n<p>12. Eduardo Pichilingue, The rights of isolated indigenous peoples in the framework of alternatives to extractivism.<\/p>\n<p>13. CDES. Pablo Iturralde. Plan C: redistribution of wealth.<\/span><\/p>\n<div><span style=\"font-family: Georgia, 'Times New Roman', serif;\"><br \/><\/span><\/div>\n<div><span style=\"font-family: Georgia, 'Times New Roman', serif;\">WHERE: Casa Grande University. In front of door 6 of CC Albanborja<\/span><\/div>\n<div><span style=\"font-family: Georgia, Times New Roman, serif;\">WHEN: September 11 and 12. From 8 a.m. to 6 p.m.<\/span><\/div>\n<div><span style=\"font-family: Georgia, Times New Roman, serif;\"><br \/><\/span><\/div>\n<\/div>\n<div class=\"pvc_clear\"><\/div>\n<p id=\"pvc_stats_566\" class=\"pvc_stats total_only\" data-element-id=\"566\" style=\"\"><i class=\"pvc-stats-icon medium\" aria-hidden=\"true\"><svg aria-hidden=\"true\" focusable=\"false\" data-prefix=\"far\" data-icon=\"chart-bar\" role=\"img\" xmlns=\"http:\/\/www.w3.org\/2000\/svg\" viewbox=\"0 0 512 512\" class=\"svg-inline--fa fa-chart-bar fa-w-16 fa-2x\"><path fill=\"currentColor\" d=\"M396.8 352h22.4c6.4 0 12.8-6.4 12.8-12.8V108.8c0-6.4-6.4-12.8-12.8-12.8h-22.4c-6.4 0-12.8 6.4-12.8 12.8v230.4c0 6.4 6.4 12.8 12.8 12.8zm-192 0h22.4c6.4 0 12.8-6.4 12.8-12.8V140.8c0-6.4-6.4-12.8-12.8-12.8h-22.4c-6.4 0-12.8 6.4-12.8 12.8v198.4c0 6.4 6.4 12.8 12.8 12.8zm96 0h22.4c6.4 0 12.8-6.4 12.8-12.8V204.8c0-6.4-6.4-12.8-12.8-12.8h-22.4c-6.4 0-12.8 6.4-12.8 12.8v134.4c0 6.4 6.4 12.8 12.8 12.8zM496 400H48V80c0-8.84-7.16-16-16-16H16C7.16 64 0 71.16 0 80v336c0 17.67 14.33 32 32 32h464c8.84 0 16-7.16 16-16v-16c0-8.84-7.16-16-16-16zm-387.2-48h22.4c6.4 0 12.8-6.4 12.8-12.8v-70.4c0-6.4-6.4-12.8-12.8-12.8h-22.4c-6.4 0-12.8 6.4-12.8 12.8v70.4c0 6.4 6.4 12.8 12.8 12.8z\" class=\"\"><\/path><\/svg><\/i> <img decoding=\"async\" width=\"16\" height=\"16\" alt=\"Loading\" data-src=\"https:\/\/pachamamitaecu.org\/wp-content\/plugins\/page-views-count\/ajax-loader-2x.gif\" border=\"0\" src=\"data:image\/svg+xml;base64,PHN2ZyB3aWR0aD0iMSIgaGVpZ2h0PSIxIiB4bWxucz0iaHR0cDovL3d3dy53My5vcmcvMjAwMC9zdmciPjwvc3ZnPg==\" class=\"lazyload\" style=\"--smush-placeholder-width: 16px; --smush-placeholder-aspect-ratio: 16\/16;\" \/><\/p>\n<div class=\"pvc_clear\"><\/div>","protected":false},"excerpt":{"rendered":"<p>Con los objetivos de promover procesos de transici\u00f3n y alternativas reales, socialmente justas y ambientalmente sostenibles, a las industrias extractivas y de promover la vinculaci\u00f3n entre el sector universitario investigativo, las organizaciones no gubernamentales dedicadas a la investigaci\u00f3n y las organizaciones sociales enfrentadas al extractivismo se desarrollar\u00e1 en la ciudad de Guayaquil este 11 y [&#8230;]\n","protected":false},"author":3,"featured_media":0,"comment_status":"closed","ping_status":"closed","sticky":false,"template":"","format":"standard","meta":{"footnotes":""},"categories":[374,375,377,373,188,376,321,185],"tags":[],"class_list":["post-566","post","type-post","status-publish","format-standard","hentry","category-confenaie","category-ecuarunari","category-extractivismo","category-industrias-extractivas","category-madera-petroleo-y-resistencia","category-plan-c-yasuni","category-pueblos-aislamiento-voluntario","category-pueblos-indigenas"],"a3_pvc":{"activated":true,"total_views":24,"today_views":0},"yoast_head":"<!-- This site is optimized with the Yoast SEO Premium plugin v24.2 (Yoast SEO v27.4) - https:\/\/yoast.com\/product\/yoast-seo-premium-wordpress\/ -->\n<title>En Guayaquil se analizar\u00e1n ALTERNATIVAS A LAS INDUSTRIAS EXTRACTIVAS: - PachaMamita Ecuador<\/title>\n<meta name=\"robots\" content=\"index, follow, max-snippet:-1, max-image-preview:large, max-video-preview:-1\" \/>\n<link rel=\"canonical\" href=\"https:\/\/pachamamitaecu.org\/en\/2014\/09\/08\/in-guayaquil-alternatives-to-extractive-industries-will-be-analyzed\/\" \/>\n<meta property=\"og:locale\" content=\"en_US\" \/>\n<meta property=\"og:type\" content=\"article\" \/>\n<meta property=\"og:title\" content=\"En Guayaquil se analizar\u00e1n ALTERNATIVAS A LAS INDUSTRIAS EXTRACTIVAS:\" \/>\n<meta property=\"og:description\" content=\"Con los objetivos de promover procesos de transici\u00f3n y alternativas reales, socialmente justas y ambientalmente sostenibles, a las industrias extractivas y de promover la vinculaci\u00f3n entre el sector universitario investigativo, las organizaciones no gubernamentales dedicadas a la investigaci\u00f3n y las organizaciones sociales enfrentadas al extractivismo se desarrollar\u00e1 en la ciudad de Guayaquil este 11 y [...]\" \/>\n<meta property=\"og:url\" content=\"https:\/\/pachamamitaecu.org\/en\/2014\/09\/08\/in-guayaquil-alternatives-to-extractive-industries-will-be-analyzed\/\" \/>\n<meta property=\"og:site_name\" content=\"PachaMamita Ecuador\" \/>\n<meta property=\"article:publisher\" content=\"https:\/\/www.facebook.com\/pachamamitaecu\" \/>\n<meta property=\"article:published_time\" content=\"2014-09-08T20:17:00+00:00\" \/>\n<meta property=\"article:modified_time\" content=\"2023-03-02T06:21:37+00:00\" \/>\n<meta property=\"og:image\" content=\"http:\/\/4.bp.blogspot.com\/-i3B3JmF4p-I\/VA4OG9UGyCI\/AAAAAAAAE6U\/y5CZfYdRqBo\/s1600\/1912070_802490619772059_8374311048178482989_n.jpg\" \/>\n<meta name=\"author\" content=\"PachaMamita EC\" \/>\n<meta name=\"twitter:card\" content=\"summary_large_image\" \/>\n<meta name=\"twitter:label1\" content=\"Written by\" \/>\n\t<meta name=\"twitter:data1\" content=\"PachaMamita EC\" \/>\n\t<meta name=\"twitter:label2\" content=\"Est. reading time\" \/>\n\t<meta name=\"twitter:data2\" content=\"2 minutes\" \/>\n<script type=\"application\/ld+json\" class=\"yoast-schema-graph\">{\"@context\":\"https:\\\/\\\/schema.org\",\"@graph\":[{\"@type\":\"Article\",\"@id\":\"https:\\\/\\\/pachamamitaecu.org\\\/es_es\\\/2014\\\/09\\\/08\\\/en-guayaquil-se-analizaran-alternativas-a-las-industrias-extractivas\\\/#article\",\"isPartOf\":{\"@id\":\"https:\\\/\\\/pachamamitaecu.org\\\/es_es\\\/2014\\\/09\\\/08\\\/en-guayaquil-se-analizaran-alternativas-a-las-industrias-extractivas\\\/\"},\"author\":{\"name\":\"PachaMamita EC\",\"@id\":\"https:\\\/\\\/pachamamitaecu.org\\\/es_es\\\/#\\\/schema\\\/person\\\/e8b42afae2451fadab5e0295f02c4593\"},\"headline\":\"En Guayaquil se analizar\u00e1n ALTERNATIVAS A LAS INDUSTRIAS EXTRACTIVAS:\",\"datePublished\":\"2014-09-08T20:17:00+00:00\",\"dateModified\":\"2023-03-02T06:21:37+00:00\",\"mainEntityOfPage\":{\"@id\":\"https:\\\/\\\/pachamamitaecu.org\\\/es_es\\\/2014\\\/09\\\/08\\\/en-guayaquil-se-analizaran-alternativas-a-las-industrias-extractivas\\\/\"},\"wordCount\":473,\"publisher\":{\"@id\":\"https:\\\/\\\/pachamamitaecu.org\\\/es_es\\\/#organization\"},\"image\":{\"@id\":\"https:\\\/\\\/pachamamitaecu.org\\\/es_es\\\/2014\\\/09\\\/08\\\/en-guayaquil-se-analizaran-alternativas-a-las-industrias-extractivas\\\/#primaryimage\"},\"thumbnailUrl\":\"http:\\\/\\\/4.bp.blogspot.com\\\/-i3B3JmF4p-I\\\/VA4OG9UGyCI\\\/AAAAAAAAE6U\\\/y5CZfYdRqBo\\\/s1600\\\/1912070_802490619772059_8374311048178482989_n.jpg\",\"articleSection\":[\"confenaie\",\"ecuarunari\",\"extractivismo\",\"industrias extractivas\",\"MADERA PETROLEO Y RESISTENCIA\",\"plan c yasuni\",\"pueblos aislamiento voluntario\",\"pueblos indigenas\"],\"inLanguage\":\"en-US\"},{\"@type\":\"WebPage\",\"@id\":\"https:\\\/\\\/pachamamitaecu.org\\\/es_es\\\/2014\\\/09\\\/08\\\/en-guayaquil-se-analizaran-alternativas-a-las-industrias-extractivas\\\/\",\"url\":\"https:\\\/\\\/pachamamitaecu.org\\\/es_es\\\/2014\\\/09\\\/08\\\/en-guayaquil-se-analizaran-alternativas-a-las-industrias-extractivas\\\/\",\"name\":\"En Guayaquil se analizar\u00e1n ALTERNATIVAS A LAS INDUSTRIAS EXTRACTIVAS: - PachaMamita Ecuador\",\"isPartOf\":{\"@id\":\"https:\\\/\\\/pachamamitaecu.org\\\/es_es\\\/#website\"},\"primaryImageOfPage\":{\"@id\":\"https:\\\/\\\/pachamamitaecu.org\\\/es_es\\\/2014\\\/09\\\/08\\\/en-guayaquil-se-analizaran-alternativas-a-las-industrias-extractivas\\\/#primaryimage\"},\"image\":{\"@id\":\"https:\\\/\\\/pachamamitaecu.org\\\/es_es\\\/2014\\\/09\\\/08\\\/en-guayaquil-se-analizaran-alternativas-a-las-industrias-extractivas\\\/#primaryimage\"},\"thumbnailUrl\":\"http:\\\/\\\/4.bp.blogspot.com\\\/-i3B3JmF4p-I\\\/VA4OG9UGyCI\\\/AAAAAAAAE6U\\\/y5CZfYdRqBo\\\/s1600\\\/1912070_802490619772059_8374311048178482989_n.jpg\",\"datePublished\":\"2014-09-08T20:17:00+00:00\",\"dateModified\":\"2023-03-02T06:21:37+00:00\",\"breadcrumb\":{\"@id\":\"https:\\\/\\\/pachamamitaecu.org\\\/es_es\\\/2014\\\/09\\\/08\\\/en-guayaquil-se-analizaran-alternativas-a-las-industrias-extractivas\\\/#breadcrumb\"},\"inLanguage\":\"en-US\",\"potentialAction\":[{\"@type\":\"ReadAction\",\"target\":[\"https:\\\/\\\/pachamamitaecu.org\\\/es_es\\\/2014\\\/09\\\/08\\\/en-guayaquil-se-analizaran-alternativas-a-las-industrias-extractivas\\\/\"]}]},{\"@type\":\"ImageObject\",\"inLanguage\":\"en-US\",\"@id\":\"https:\\\/\\\/pachamamitaecu.org\\\/es_es\\\/2014\\\/09\\\/08\\\/en-guayaquil-se-analizaran-alternativas-a-las-industrias-extractivas\\\/#primaryimage\",\"url\":\"http:\\\/\\\/4.bp.blogspot.com\\\/-i3B3JmF4p-I\\\/VA4OG9UGyCI\\\/AAAAAAAAE6U\\\/y5CZfYdRqBo\\\/s1600\\\/1912070_802490619772059_8374311048178482989_n.jpg\",\"contentUrl\":\"http:\\\/\\\/4.bp.blogspot.com\\\/-i3B3JmF4p-I\\\/VA4OG9UGyCI\\\/AAAAAAAAE6U\\\/y5CZfYdRqBo\\\/s1600\\\/1912070_802490619772059_8374311048178482989_n.jpg\"},{\"@type\":\"BreadcrumbList\",\"@id\":\"https:\\\/\\\/pachamamitaecu.org\\\/es_es\\\/2014\\\/09\\\/08\\\/en-guayaquil-se-analizaran-alternativas-a-las-industrias-extractivas\\\/#breadcrumb\",\"itemListElement\":[{\"@type\":\"ListItem\",\"position\":1,\"name\":\"Portada\",\"item\":\"https:\\\/\\\/pachamamitaecu.org\\\/es_es\\\/\"},{\"@type\":\"ListItem\",\"position\":2,\"name\":\"En Guayaquil se analizar\u00e1n ALTERNATIVAS A LAS INDUSTRIAS EXTRACTIVAS:\"}]},{\"@type\":\"WebSite\",\"@id\":\"https:\\\/\\\/pachamamitaecu.org\\\/es_es\\\/#website\",\"url\":\"https:\\\/\\\/pachamamitaecu.org\\\/es_es\\\/\",\"name\":\"PachaMamita Ecuador\",\"description\":\"CULTURA. AGROECOLOG\u00cdA. TURISMO Y CONSUMO RESPONSABLE-ECUADOR.\",\"publisher\":{\"@id\":\"https:\\\/\\\/pachamamitaecu.org\\\/es_es\\\/#organization\"},\"potentialAction\":[{\"@type\":\"SearchAction\",\"target\":{\"@type\":\"EntryPoint\",\"urlTemplate\":\"https:\\\/\\\/pachamamitaecu.org\\\/es_es\\\/?s={search_term_string}\"},\"query-input\":{\"@type\":\"PropertyValueSpecification\",\"valueRequired\":true,\"valueName\":\"search_term_string\"}}],\"inLanguage\":\"en-US\"},{\"@type\":\"Organization\",\"@id\":\"https:\\\/\\\/pachamamitaecu.org\\\/es_es\\\/#organization\",\"name\":\"PachaMamita Ecuador\",\"url\":\"https:\\\/\\\/pachamamitaecu.org\\\/es_es\\\/\",\"logo\":{\"@type\":\"ImageObject\",\"inLanguage\":\"en-US\",\"@id\":\"https:\\\/\\\/pachamamitaecu.org\\\/es_es\\\/#\\\/schema\\\/logo\\\/image\\\/\",\"url\":\"https:\\\/\\\/pachamamitaecu.org\\\/wp-content\\\/uploads\\\/2024\\\/04\\\/cropped-Diseno-sin-titulo-13.png\",\"contentUrl\":\"https:\\\/\\\/pachamamitaecu.org\\\/wp-content\\\/uploads\\\/2024\\\/04\\\/cropped-Diseno-sin-titulo-13.png\",\"width\":512,\"height\":512,\"caption\":\"PachaMamita Ecuador\"},\"image\":{\"@id\":\"https:\\\/\\\/pachamamitaecu.org\\\/es_es\\\/#\\\/schema\\\/logo\\\/image\\\/\"},\"sameAs\":[\"https:\\\/\\\/www.facebook.com\\\/pachamamitaecu\"]},{\"@type\":\"Person\",\"@id\":\"https:\\\/\\\/pachamamitaecu.org\\\/es_es\\\/#\\\/schema\\\/person\\\/e8b42afae2451fadab5e0295f02c4593\",\"name\":\"PachaMamita EC\",\"image\":{\"@type\":\"ImageObject\",\"inLanguage\":\"en-US\",\"@id\":\"https:\\\/\\\/pachamamitaecu.org\\\/wp-content\\\/litespeed\\\/avatar\\\/23494c9101089ad44ae88ce9d2f56aac.jpg?ver=1777350952\",\"url\":\"https:\\\/\\\/pachamamitaecu.org\\\/wp-content\\\/litespeed\\\/avatar\\\/23494c9101089ad44ae88ce9d2f56aac.jpg?ver=1777350952\",\"contentUrl\":\"https:\\\/\\\/pachamamitaecu.org\\\/wp-content\\\/litespeed\\\/avatar\\\/23494c9101089ad44ae88ce9d2f56aac.jpg?ver=1777350952\",\"caption\":\"PachaMamita EC\"},\"url\":\"https:\\\/\\\/pachamamitaecu.org\\\/en\\\/author\\\/pachamamita-ec\\\/\"}]}<\/script>\n<!-- \/ Yoast SEO Premium plugin. -->","yoast_head_json":{"title":"In Guayaquil, ALTERNATIVES TO EXTRACTIVE INDUSTRIES will be analyzed: - PachaMamita Ecuador","robots":{"index":"index","follow":"follow","max-snippet":"max-snippet:-1","max-image-preview":"max-image-preview:large","max-video-preview":"max-video-preview:-1"},"canonical":"https:\/\/pachamamitaecu.org\/en\/2014\/09\/08\/in-guayaquil-alternatives-to-extractive-industries-will-be-analyzed\/","og_locale":"en_US","og_type":"article","og_title":"En Guayaquil se analizar\u00e1n ALTERNATIVAS A LAS INDUSTRIAS EXTRACTIVAS:","og_description":"Con los objetivos de promover procesos de transici\u00f3n y alternativas reales, socialmente justas y ambientalmente sostenibles, a las industrias extractivas y de promover la vinculaci\u00f3n entre el sector universitario investigativo, las organizaciones no gubernamentales dedicadas a la investigaci\u00f3n y las organizaciones sociales enfrentadas al extractivismo se desarrollar\u00e1 en la ciudad de Guayaquil este 11 y [...]","og_url":"https:\/\/pachamamitaecu.org\/en\/2014\/09\/08\/in-guayaquil-alternatives-to-extractive-industries-will-be-analyzed\/","og_site_name":"PachaMamita Ecuador","article_publisher":"https:\/\/www.facebook.com\/pachamamitaecu","article_published_time":"2014-09-08T20:17:00+00:00","article_modified_time":"2023-03-02T06:21:37+00:00","og_image":[{"url":"http:\/\/4.bp.blogspot.com\/-i3B3JmF4p-I\/VA4OG9UGyCI\/AAAAAAAAE6U\/y5CZfYdRqBo\/s1600\/1912070_802490619772059_8374311048178482989_n.jpg","type":"","width":"","height":""}],"author":"PachaMamita EC","twitter_card":"summary_large_image","twitter_misc":{"Written by":"PachaMamita EC","Est. reading time":"2 minutes"},"schema":{"@context":"https:\/\/schema.org","@graph":[{"@type":"Article","@id":"https:\/\/pachamamitaecu.org\/es_es\/2014\/09\/08\/en-guayaquil-se-analizaran-alternativas-a-las-industrias-extractivas\/#article","isPartOf":{"@id":"https:\/\/pachamamitaecu.org\/es_es\/2014\/09\/08\/en-guayaquil-se-analizaran-alternativas-a-las-industrias-extractivas\/"},"author":{"name":"PachaMamita EC","@id":"https:\/\/pachamamitaecu.org\/es_es\/#\/schema\/person\/e8b42afae2451fadab5e0295f02c4593"},"headline":"En Guayaquil se analizar\u00e1n ALTERNATIVAS A LAS INDUSTRIAS EXTRACTIVAS:","datePublished":"2014-09-08T20:17:00+00:00","dateModified":"2023-03-02T06:21:37+00:00","mainEntityOfPage":{"@id":"https:\/\/pachamamitaecu.org\/es_es\/2014\/09\/08\/en-guayaquil-se-analizaran-alternativas-a-las-industrias-extractivas\/"},"wordCount":473,"publisher":{"@id":"https:\/\/pachamamitaecu.org\/es_es\/#organization"},"image":{"@id":"https:\/\/pachamamitaecu.org\/es_es\/2014\/09\/08\/en-guayaquil-se-analizaran-alternativas-a-las-industrias-extractivas\/#primaryimage"},"thumbnailUrl":"http:\/\/4.bp.blogspot.com\/-i3B3JmF4p-I\/VA4OG9UGyCI\/AAAAAAAAE6U\/y5CZfYdRqBo\/s1600\/1912070_802490619772059_8374311048178482989_n.jpg","articleSection":["confenaie","ecuarunari","extractivismo","industrias extractivas","MADERA PETROLEO Y RESISTENCIA","plan c yasuni","pueblos aislamiento voluntario","pueblos indigenas"],"inLanguage":"en-US"},{"@type":"WebPage","@id":"https:\/\/pachamamitaecu.org\/es_es\/2014\/09\/08\/en-guayaquil-se-analizaran-alternativas-a-las-industrias-extractivas\/","url":"https:\/\/pachamamitaecu.org\/es_es\/2014\/09\/08\/en-guayaquil-se-analizaran-alternativas-a-las-industrias-extractivas\/","name":"In Guayaquil, ALTERNATIVES TO EXTRACTIVE INDUSTRIES will be analyzed: - PachaMamita Ecuador","isPartOf":{"@id":"https:\/\/pachamamitaecu.org\/es_es\/#website"},"primaryImageOfPage":{"@id":"https:\/\/pachamamitaecu.org\/es_es\/2014\/09\/08\/en-guayaquil-se-analizaran-alternativas-a-las-industrias-extractivas\/#primaryimage"},"image":{"@id":"https:\/\/pachamamitaecu.org\/es_es\/2014\/09\/08\/en-guayaquil-se-analizaran-alternativas-a-las-industrias-extractivas\/#primaryimage"},"thumbnailUrl":"http:\/\/4.bp.blogspot.com\/-i3B3JmF4p-I\/VA4OG9UGyCI\/AAAAAAAAE6U\/y5CZfYdRqBo\/s1600\/1912070_802490619772059_8374311048178482989_n.jpg","datePublished":"2014-09-08T20:17:00+00:00","dateModified":"2023-03-02T06:21:37+00:00","breadcrumb":{"@id":"https:\/\/pachamamitaecu.org\/es_es\/2014\/09\/08\/en-guayaquil-se-analizaran-alternativas-a-las-industrias-extractivas\/#breadcrumb"},"inLanguage":"en-US","potentialAction":[{"@type":"ReadAction","target":["https:\/\/pachamamitaecu.org\/es_es\/2014\/09\/08\/en-guayaquil-se-analizaran-alternativas-a-las-industrias-extractivas\/"]}]},{"@type":"ImageObject","inLanguage":"en-US","@id":"https:\/\/pachamamitaecu.org\/es_es\/2014\/09\/08\/en-guayaquil-se-analizaran-alternativas-a-las-industrias-extractivas\/#primaryimage","url":"http:\/\/4.bp.blogspot.com\/-i3B3JmF4p-I\/VA4OG9UGyCI\/AAAAAAAAE6U\/y5CZfYdRqBo\/s1600\/1912070_802490619772059_8374311048178482989_n.jpg","contentUrl":"http:\/\/4.bp.blogspot.com\/-i3B3JmF4p-I\/VA4OG9UGyCI\/AAAAAAAAE6U\/y5CZfYdRqBo\/s1600\/1912070_802490619772059_8374311048178482989_n.jpg"},{"@type":"BreadcrumbList","@id":"https:\/\/pachamamitaecu.org\/es_es\/2014\/09\/08\/en-guayaquil-se-analizaran-alternativas-a-las-industrias-extractivas\/#breadcrumb","itemListElement":[{"@type":"ListItem","position":1,"name":"Portada","item":"https:\/\/pachamamitaecu.org\/es_es\/"},{"@type":"ListItem","position":2,"name":"En Guayaquil se analizar\u00e1n ALTERNATIVAS A LAS INDUSTRIAS EXTRACTIVAS:"}]},{"@type":"WebSite","@id":"https:\/\/pachamamitaecu.org\/es_es\/#website","url":"https:\/\/pachamamitaecu.org\/es_es\/","name":"PachaMamita Ecuador","description":"CULTURE. AGROECOLOGY. TOURISM AND RESPONSIBLE CONSUMPTION-ECUADOR.","publisher":{"@id":"https:\/\/pachamamitaecu.org\/es_es\/#organization"},"potentialAction":[{"@type":"SearchAction","target":{"@type":"EntryPoint","urlTemplate":"https:\/\/pachamamitaecu.org\/es_es\/?s={search_term_string}"},"query-input":{"@type":"PropertyValueSpecification","valueRequired":true,"valueName":"search_term_string"}}],"inLanguage":"en-US"},{"@type":"Organization","@id":"https:\/\/pachamamitaecu.org\/es_es\/#organization","name":"PachaMamita Ecuador","url":"https:\/\/pachamamitaecu.org\/es_es\/","logo":{"@type":"ImageObject","inLanguage":"en-US","@id":"https:\/\/pachamamitaecu.org\/es_es\/#\/schema\/logo\/image\/","url":"https:\/\/pachamamitaecu.org\/wp-content\/uploads\/2024\/04\/cropped-Diseno-sin-titulo-13.png","contentUrl":"https:\/\/pachamamitaecu.org\/wp-content\/uploads\/2024\/04\/cropped-Diseno-sin-titulo-13.png","width":512,"height":512,"caption":"PachaMamita Ecuador"},"image":{"@id":"https:\/\/pachamamitaecu.org\/es_es\/#\/schema\/logo\/image\/"},"sameAs":["https:\/\/www.facebook.com\/pachamamitaecu"]},{"@type":"Person","@id":"https:\/\/pachamamitaecu.org\/es_es\/#\/schema\/person\/e8b42afae2451fadab5e0295f02c4593","name":"PachaMamita EC","image":{"@type":"ImageObject","inLanguage":"en-US","@id":"https:\/\/pachamamitaecu.org\/wp-content\/litespeed\/avatar\/23494c9101089ad44ae88ce9d2f56aac.jpg?ver=1777350952","url":"https:\/\/pachamamitaecu.org\/wp-content\/litespeed\/avatar\/23494c9101089ad44ae88ce9d2f56aac.jpg?ver=1777350952","contentUrl":"https:\/\/pachamamitaecu.org\/wp-content\/litespeed\/avatar\/23494c9101089ad44ae88ce9d2f56aac.jpg?ver=1777350952","caption":"PachaMamita EC"},"url":"https:\/\/pachamamitaecu.org\/en\/author\/pachamamita-ec\/"}]}},"_links":{"self":[{"href":"https:\/\/pachamamitaecu.org\/en\/wp-json\/wp\/v2\/posts\/566","targetHints":{"allow":["GET"]}}],"collection":[{"href":"https:\/\/pachamamitaecu.org\/en\/wp-json\/wp\/v2\/posts"}],"about":[{"href":"https:\/\/pachamamitaecu.org\/en\/wp-json\/wp\/v2\/types\/post"}],"author":[{"embeddable":true,"href":"https:\/\/pachamamitaecu.org\/en\/wp-json\/wp\/v2\/users\/3"}],"replies":[{"embeddable":true,"href":"https:\/\/pachamamitaecu.org\/en\/wp-json\/wp\/v2\/comments?post=566"}],"version-history":[{"count":0,"href":"https:\/\/pachamamitaecu.org\/en\/wp-json\/wp\/v2\/posts\/566\/revisions"}],"wp:attachment":[{"href":"https:\/\/pachamamitaecu.org\/en\/wp-json\/wp\/v2\/media?parent=566"}],"wp:term":[{"taxonomy":"category","embeddable":true,"href":"https:\/\/pachamamitaecu.org\/en\/wp-json\/wp\/v2\/categories?post=566"},{"taxonomy":"post_tag","embeddable":true,"href":"https:\/\/pachamamitaecu.org\/en\/wp-json\/wp\/v2\/tags?post=566"}],"curies":[{"name":"wp","href":"https:\/\/api.w.org\/{rel}","templated":true}]}}