{"id":642,"date":"2013-10-11T01:56:00","date_gmt":"2013-10-11T01:56:00","guid":{"rendered":"http:\/\/pachamamitaecu-org-720647.hostingersite.com\/2013\/10\/11\/la-agricultura-ecologica-como-alternativa-a-los-transgenicos\/"},"modified":"2023-03-02T06:22:01","modified_gmt":"2023-03-02T06:22:01","slug":"la-agricultura-ecologica-como-alternativa-a-los-transgenicos","status":"publish","type":"post","link":"https:\/\/pachamamitaecu.org\/en\/2013\/10\/11\/organic-farming-as-an-alternative-to-gmos\/","title":{"rendered":"Organic farming as an alternative to GMOs."},"content":{"rendered":"<div style=\"text-align: justify;\"><span style=\"font-family: Georgia, 'Times New Roman', serif;\"><br \/><\/span><\/div>\n<div style=\"clear: both; text-align: center;\"><a href=\"http:\/\/1.bp.blogspot.com\/-S2NG4k-N7gE\/UIZgI7cSlGI\/AAAAAAAAC8s\/z1Xdx-dRhkw\/s1600\/247676_477417015614154_1103921325_n.jpg\" style=\"clear: left; float: left; margin-bottom: 1em; margin-right: 1em;\"><img decoding=\"async\" border=\"0\" height=\"240\" data-src=\"http:\/\/1.bp.blogspot.com\/-S2NG4k-N7gE\/UIZgI7cSlGI\/AAAAAAAAC8s\/z1Xdx-dRhkw\/s320\/247676_477417015614154_1103921325_n.jpg\" width=\"320\" src=\"data:image\/svg+xml;base64,PHN2ZyB3aWR0aD0iMSIgaGVpZ2h0PSIxIiB4bWxucz0iaHR0cDovL3d3dy53My5vcmcvMjAwMC9zdmciPjwvc3ZnPg==\" class=\"lazyload\" style=\"--smush-placeholder-width: 320px; --smush-placeholder-aspect-ratio: 320\/240;\" \/><\/a><\/div>\n<div style=\"text-align: justify;\"><span style=\"font-family: Georgia, 'Times New Roman', serif;\">Is it possible that organic farming, which proposes not using pesticides and genetically modified seeds, could help overcome the problem of hunger worldwide?<\/span><\/div>\n<p><span style=\"font-family: Georgia, Times New Roman, serif;\"><\/span><\/p>\n<div style=\"text-align: justify;\"><span style=\"font-family: Georgia, Times New Roman, serif;\"><br \/><\/span><\/div>\n<p><span style=\"font-family: Georgia, Times New Roman, serif;\"><\/p>\n<div style=\"text-align: justify;\">That was the question that was attempted to be answered through keynote lectures, discussions and displays of the production of dozens of the best agroecological farms in Ecuador at the 2nd International Forum on Organic and Agroecological Agriculture that took place a few days ago in the city of Guayaquil.<\/div>\n<div style=\"text-align: justify;\"><\/div>\n<div style=\"text-align: justify;\">Pancho Gangotena, an organic producer with more than 30 years of experience in this area, demonstrated with the continuous production of more than 40 items using fertilizers made from rock dust and other types of natural fertilizers on his Chaupi Molino farm that it is physically and economically viable, and made it clear that in his opinion &quot;there is nothing more subversive in the world than an organic farm.&quot;<\/div>\n<div style=\"text-align: justify;\"><\/div>\n<div style=\"text-align: justify;\">Richard Intriago, from the FIAGORA 2012 organization, expressed his satisfaction with the achievements in disseminating the topics discussed at this international event that brought together exhibitors from Ecuador, Brazil, Cuba, Chile and Peru. He also stated that &quot;The use of pesticides or genetically modified seeds does not guarantee high profitability. Consumers are increasingly looking for healthy and environmentally friendly products.&quot;<\/div>\n<div style=\"text-align: justify;\"><\/div>\n<div style=\"text-align: justify;\">Brazilian GMO researcher Rubens Nodari was emphatic that long-term studies on GMOs are indicating that they &quot;could cause physiological failures or generate tumors and alter blood components.&quot;<\/div>\n<div style=\"text-align: justify;\"><\/div>\n<div style=\"text-align: justify;\">In Ecuador, some 10,000 farms are dedicated to organic production, which means that 10% of the agricultural and food production consumed in the country is free of pesticides and insecticides.<\/div>\n<div style=\"text-align: justify;\"><\/div>\n<div style=\"text-align: justify;\">On the second day of FIAGORA, in parallel with the workshops, the fair \u201cQu\u00e9 Rico es Comer Sano y de Mi Tierra\u201d (How Delicious it is to Eat Healthy and from My Land) was held, with the sale of jams, honey, sweets and drinks, as well as fresh food from several of the participating agroecological farms.<\/div>\n<div style=\"text-align: justify;\"><\/div>\n<div style=\"text-align: justify;\">The Mi Cocinita Soberana stand was one of the most eye-catching, raising awareness through active participation of the public about what lies behind each fresh and processed food, and the power that the consumer has when choosing a type of food.<\/div>\n<div style=\"text-align: justify;\"><\/div>\n<div style=\"text-align: justify;\">The fair also saw the active participation of cultural groups such as Narices Rojas and Tham\u00e9 Teatro de Artesanos.<\/div>\n<div style=\"text-align: justify;\"><\/div>\n<div style=\"text-align: justify;\">The Forum was a space to demonstrate the advantages offered by organic production in the country, which strongly includes the agro-export sector of roses, fruits, bananas, cocoa and coffee.<\/div>\n<div style=\"text-align: justify;\"><\/div>\n<div style=\"text-align: justify;\">The current importance of these spaces in our country lies in &quot;the need to demonstrate that agroecology is a viable option to the abundant use of agrotoxins and in the context of the national debate on GMOs&quot; said Intriago. Even more so when both procedures (pesticides and GMOs) are increasingly moving away from the current demands of consumers who prefer nutritious and pro-environmental foods.<\/div>\n<p><\/span><\/p>\n<div class=\"pvc_clear\"><\/div>\n<p id=\"pvc_stats_642\" class=\"pvc_stats total_only\" data-element-id=\"642\" style=\"\"><i class=\"pvc-stats-icon medium\" aria-hidden=\"true\"><svg aria-hidden=\"true\" focusable=\"false\" data-prefix=\"far\" data-icon=\"chart-bar\" role=\"img\" xmlns=\"http:\/\/www.w3.org\/2000\/svg\" viewbox=\"0 0 512 512\" class=\"svg-inline--fa fa-chart-bar fa-w-16 fa-2x\"><path fill=\"currentColor\" d=\"M396.8 352h22.4c6.4 0 12.8-6.4 12.8-12.8V108.8c0-6.4-6.4-12.8-12.8-12.8h-22.4c-6.4 0-12.8 6.4-12.8 12.8v230.4c0 6.4 6.4 12.8 12.8 12.8zm-192 0h22.4c6.4 0 12.8-6.4 12.8-12.8V140.8c0-6.4-6.4-12.8-12.8-12.8h-22.4c-6.4 0-12.8 6.4-12.8 12.8v198.4c0 6.4 6.4 12.8 12.8 12.8zm96 0h22.4c6.4 0 12.8-6.4 12.8-12.8V204.8c0-6.4-6.4-12.8-12.8-12.8h-22.4c-6.4 0-12.8 6.4-12.8 12.8v134.4c0 6.4 6.4 12.8 12.8 12.8zM496 400H48V80c0-8.84-7.16-16-16-16H16C7.16 64 0 71.16 0 80v336c0 17.67 14.33 32 32 32h464c8.84 0 16-7.16 16-16v-16c0-8.84-7.16-16-16-16zm-387.2-48h22.4c6.4 0 12.8-6.4 12.8-12.8v-70.4c0-6.4-6.4-12.8-12.8-12.8h-22.4c-6.4 0-12.8 6.4-12.8 12.8v70.4c0 6.4 6.4 12.8 12.8 12.8z\" class=\"\"><\/path><\/svg><\/i> <img decoding=\"async\" width=\"16\" height=\"16\" alt=\"Loading\" data-src=\"https:\/\/pachamamitaecu.org\/wp-content\/plugins\/page-views-count\/ajax-loader-2x.gif\" border=\"0\" src=\"data:image\/svg+xml;base64,PHN2ZyB3aWR0aD0iMSIgaGVpZ2h0PSIxIiB4bWxucz0iaHR0cDovL3d3dy53My5vcmcvMjAwMC9zdmciPjwvc3ZnPg==\" class=\"lazyload\" style=\"--smush-placeholder-width: 16px; --smush-placeholder-aspect-ratio: 16\/16;\" \/><\/p>\n<div class=\"pvc_clear\"><\/div>","protected":false},"excerpt":{"rendered":"<p>Es posible que la agricultura ecol\u00f3gica, aquella que propone el no uso de agrot\u00f3xicos y de semillas modificadas gen\u00e9ticamente pueda servir para superar el problema del hambre a nivel mundial?. Esa fue la pregunta que a trav\u00e9s de conferencias magistrales, conversatorios y muestras de la producci\u00f3n de decenas de las mejores fincas agroecol\u00f3gicas del Ecuador [&#8230;]\n","protected":false},"author":3,"featured_media":0,"comment_status":"closed","ping_status":"closed","sticky":false,"template":"","format":"standard","meta":{"footnotes":""},"categories":[181,159,264],"tags":[],"class_list":["post-642","post","type-post","status-publish","format-standard","hentry","category-agroecologia","category-consumo-responsable","category-noticias"],"a3_pvc":{"activated":true,"total_views":24,"today_views":0},"yoast_head":"<!-- This site is optimized with the Yoast SEO Premium plugin v24.2 (Yoast SEO v27.4) - https:\/\/yoast.com\/product\/yoast-seo-premium-wordpress\/ -->\n<title>La agricultura ecol\u00f3gica como alternativa a los transg\u00e9nicos. - PachaMamita Ecuador<\/title>\n<meta name=\"robots\" content=\"index, follow, max-snippet:-1, max-image-preview:large, max-video-preview:-1\" \/>\n<link rel=\"canonical\" href=\"https:\/\/pachamamitaecu.org\/en\/2013\/10\/11\/organic-farming-as-an-alternative-to-gmos\/\" \/>\n<meta property=\"og:locale\" content=\"en_US\" \/>\n<meta property=\"og:type\" content=\"article\" \/>\n<meta property=\"og:title\" content=\"La agricultura ecol\u00f3gica como alternativa a los transg\u00e9nicos.\" \/>\n<meta property=\"og:description\" content=\"Es posible que la agricultura ecol\u00f3gica, aquella que propone el no uso de agrot\u00f3xicos y de semillas modificadas gen\u00e9ticamente pueda servir para superar el problema del hambre a nivel mundial?. Esa fue la pregunta que a trav\u00e9s de conferencias magistrales, conversatorios y muestras de la producci\u00f3n de decenas de las mejores fincas agroecol\u00f3gicas del Ecuador [...]\" \/>\n<meta property=\"og:url\" content=\"https:\/\/pachamamitaecu.org\/en\/2013\/10\/11\/organic-farming-as-an-alternative-to-gmos\/\" \/>\n<meta property=\"og:site_name\" content=\"PachaMamita Ecuador\" \/>\n<meta property=\"article:publisher\" content=\"https:\/\/www.facebook.com\/pachamamitaecu\" \/>\n<meta property=\"article:published_time\" content=\"2013-10-11T01:56:00+00:00\" \/>\n<meta property=\"article:modified_time\" content=\"2023-03-02T06:22:01+00:00\" \/>\n<meta property=\"og:image\" content=\"http:\/\/1.bp.blogspot.com\/-S2NG4k-N7gE\/UIZgI7cSlGI\/AAAAAAAAC8s\/z1Xdx-dRhkw\/s320\/247676_477417015614154_1103921325_n.jpg\" \/>\n<meta name=\"author\" content=\"PachaMamita EC\" \/>\n<meta name=\"twitter:card\" content=\"summary_large_image\" \/>\n<meta name=\"twitter:label1\" content=\"Written by\" \/>\n\t<meta name=\"twitter:data1\" content=\"PachaMamita EC\" \/>\n\t<meta name=\"twitter:label2\" content=\"Est. reading time\" \/>\n\t<meta name=\"twitter:data2\" content=\"3 minutes\" \/>\n<script type=\"application\/ld+json\" class=\"yoast-schema-graph\">{\"@context\":\"https:\\\/\\\/schema.org\",\"@graph\":[{\"@type\":\"Article\",\"@id\":\"https:\\\/\\\/pachamamitaecu.org\\\/es_es\\\/2013\\\/10\\\/11\\\/la-agricultura-ecologica-como-alternativa-a-los-transgenicos\\\/#article\",\"isPartOf\":{\"@id\":\"https:\\\/\\\/pachamamitaecu.org\\\/es_es\\\/2013\\\/10\\\/11\\\/la-agricultura-ecologica-como-alternativa-a-los-transgenicos\\\/\"},\"author\":{\"name\":\"PachaMamita EC\",\"@id\":\"https:\\\/\\\/pachamamitaecu.org\\\/es_es\\\/#\\\/schema\\\/person\\\/e8b42afae2451fadab5e0295f02c4593\"},\"headline\":\"La agricultura ecol\u00f3gica como alternativa a los transg\u00e9nicos.\",\"datePublished\":\"2013-10-11T01:56:00+00:00\",\"dateModified\":\"2023-03-02T06:22:01+00:00\",\"mainEntityOfPage\":{\"@id\":\"https:\\\/\\\/pachamamitaecu.org\\\/es_es\\\/2013\\\/10\\\/11\\\/la-agricultura-ecologica-como-alternativa-a-los-transgenicos\\\/\"},\"wordCount\":561,\"publisher\":{\"@id\":\"https:\\\/\\\/pachamamitaecu.org\\\/es_es\\\/#organization\"},\"image\":{\"@id\":\"https:\\\/\\\/pachamamitaecu.org\\\/es_es\\\/2013\\\/10\\\/11\\\/la-agricultura-ecologica-como-alternativa-a-los-transgenicos\\\/#primaryimage\"},\"thumbnailUrl\":\"http:\\\/\\\/1.bp.blogspot.com\\\/-S2NG4k-N7gE\\\/UIZgI7cSlGI\\\/AAAAAAAAC8s\\\/z1Xdx-dRhkw\\\/s320\\\/247676_477417015614154_1103921325_n.jpg\",\"articleSection\":[\"agroecologia\",\"CONSUMO RESPONSABLE\",\"noticias\"],\"inLanguage\":\"en-US\"},{\"@type\":\"WebPage\",\"@id\":\"https:\\\/\\\/pachamamitaecu.org\\\/es_es\\\/2013\\\/10\\\/11\\\/la-agricultura-ecologica-como-alternativa-a-los-transgenicos\\\/\",\"url\":\"https:\\\/\\\/pachamamitaecu.org\\\/es_es\\\/2013\\\/10\\\/11\\\/la-agricultura-ecologica-como-alternativa-a-los-transgenicos\\\/\",\"name\":\"La agricultura ecol\u00f3gica como alternativa a los transg\u00e9nicos. - PachaMamita Ecuador\",\"isPartOf\":{\"@id\":\"https:\\\/\\\/pachamamitaecu.org\\\/es_es\\\/#website\"},\"primaryImageOfPage\":{\"@id\":\"https:\\\/\\\/pachamamitaecu.org\\\/es_es\\\/2013\\\/10\\\/11\\\/la-agricultura-ecologica-como-alternativa-a-los-transgenicos\\\/#primaryimage\"},\"image\":{\"@id\":\"https:\\\/\\\/pachamamitaecu.org\\\/es_es\\\/2013\\\/10\\\/11\\\/la-agricultura-ecologica-como-alternativa-a-los-transgenicos\\\/#primaryimage\"},\"thumbnailUrl\":\"http:\\\/\\\/1.bp.blogspot.com\\\/-S2NG4k-N7gE\\\/UIZgI7cSlGI\\\/AAAAAAAAC8s\\\/z1Xdx-dRhkw\\\/s320\\\/247676_477417015614154_1103921325_n.jpg\",\"datePublished\":\"2013-10-11T01:56:00+00:00\",\"dateModified\":\"2023-03-02T06:22:01+00:00\",\"breadcrumb\":{\"@id\":\"https:\\\/\\\/pachamamitaecu.org\\\/es_es\\\/2013\\\/10\\\/11\\\/la-agricultura-ecologica-como-alternativa-a-los-transgenicos\\\/#breadcrumb\"},\"inLanguage\":\"en-US\",\"potentialAction\":[{\"@type\":\"ReadAction\",\"target\":[\"https:\\\/\\\/pachamamitaecu.org\\\/es_es\\\/2013\\\/10\\\/11\\\/la-agricultura-ecologica-como-alternativa-a-los-transgenicos\\\/\"]}]},{\"@type\":\"ImageObject\",\"inLanguage\":\"en-US\",\"@id\":\"https:\\\/\\\/pachamamitaecu.org\\\/es_es\\\/2013\\\/10\\\/11\\\/la-agricultura-ecologica-como-alternativa-a-los-transgenicos\\\/#primaryimage\",\"url\":\"http:\\\/\\\/1.bp.blogspot.com\\\/-S2NG4k-N7gE\\\/UIZgI7cSlGI\\\/AAAAAAAAC8s\\\/z1Xdx-dRhkw\\\/s320\\\/247676_477417015614154_1103921325_n.jpg\",\"contentUrl\":\"http:\\\/\\\/1.bp.blogspot.com\\\/-S2NG4k-N7gE\\\/UIZgI7cSlGI\\\/AAAAAAAAC8s\\\/z1Xdx-dRhkw\\\/s320\\\/247676_477417015614154_1103921325_n.jpg\"},{\"@type\":\"BreadcrumbList\",\"@id\":\"https:\\\/\\\/pachamamitaecu.org\\\/es_es\\\/2013\\\/10\\\/11\\\/la-agricultura-ecologica-como-alternativa-a-los-transgenicos\\\/#breadcrumb\",\"itemListElement\":[{\"@type\":\"ListItem\",\"position\":1,\"name\":\"Portada\",\"item\":\"https:\\\/\\\/pachamamitaecu.org\\\/es_es\\\/\"},{\"@type\":\"ListItem\",\"position\":2,\"name\":\"La agricultura ecol\u00f3gica como alternativa a los transg\u00e9nicos.\"}]},{\"@type\":\"WebSite\",\"@id\":\"https:\\\/\\\/pachamamitaecu.org\\\/es_es\\\/#website\",\"url\":\"https:\\\/\\\/pachamamitaecu.org\\\/es_es\\\/\",\"name\":\"PachaMamita Ecuador\",\"description\":\"CULTURA. AGROECOLOG\u00cdA. TURISMO Y CONSUMO RESPONSABLE-ECUADOR.\",\"publisher\":{\"@id\":\"https:\\\/\\\/pachamamitaecu.org\\\/es_es\\\/#organization\"},\"potentialAction\":[{\"@type\":\"SearchAction\",\"target\":{\"@type\":\"EntryPoint\",\"urlTemplate\":\"https:\\\/\\\/pachamamitaecu.org\\\/es_es\\\/?s={search_term_string}\"},\"query-input\":{\"@type\":\"PropertyValueSpecification\",\"valueRequired\":true,\"valueName\":\"search_term_string\"}}],\"inLanguage\":\"en-US\"},{\"@type\":\"Organization\",\"@id\":\"https:\\\/\\\/pachamamitaecu.org\\\/es_es\\\/#organization\",\"name\":\"PachaMamita Ecuador\",\"url\":\"https:\\\/\\\/pachamamitaecu.org\\\/es_es\\\/\",\"logo\":{\"@type\":\"ImageObject\",\"inLanguage\":\"en-US\",\"@id\":\"https:\\\/\\\/pachamamitaecu.org\\\/es_es\\\/#\\\/schema\\\/logo\\\/image\\\/\",\"url\":\"https:\\\/\\\/pachamamitaecu.org\\\/wp-content\\\/uploads\\\/2024\\\/04\\\/cropped-Diseno-sin-titulo-13.png\",\"contentUrl\":\"https:\\\/\\\/pachamamitaecu.org\\\/wp-content\\\/uploads\\\/2024\\\/04\\\/cropped-Diseno-sin-titulo-13.png\",\"width\":512,\"height\":512,\"caption\":\"PachaMamita Ecuador\"},\"image\":{\"@id\":\"https:\\\/\\\/pachamamitaecu.org\\\/es_es\\\/#\\\/schema\\\/logo\\\/image\\\/\"},\"sameAs\":[\"https:\\\/\\\/www.facebook.com\\\/pachamamitaecu\"]},{\"@type\":\"Person\",\"@id\":\"https:\\\/\\\/pachamamitaecu.org\\\/es_es\\\/#\\\/schema\\\/person\\\/e8b42afae2451fadab5e0295f02c4593\",\"name\":\"PachaMamita EC\",\"image\":{\"@type\":\"ImageObject\",\"inLanguage\":\"en-US\",\"@id\":\"https:\\\/\\\/pachamamitaecu.org\\\/wp-content\\\/litespeed\\\/avatar\\\/23494c9101089ad44ae88ce9d2f56aac.jpg?ver=1777350952\",\"url\":\"https:\\\/\\\/pachamamitaecu.org\\\/wp-content\\\/litespeed\\\/avatar\\\/23494c9101089ad44ae88ce9d2f56aac.jpg?ver=1777350952\",\"contentUrl\":\"https:\\\/\\\/pachamamitaecu.org\\\/wp-content\\\/litespeed\\\/avatar\\\/23494c9101089ad44ae88ce9d2f56aac.jpg?ver=1777350952\",\"caption\":\"PachaMamita EC\"},\"url\":\"https:\\\/\\\/pachamamitaecu.org\\\/en\\\/author\\\/pachamamita-ec\\\/\"}]}<\/script>\n<!-- \/ Yoast SEO Premium plugin. -->","yoast_head_json":{"title":"Organic farming as an alternative to GMOs - PachaMamita Ecuador","robots":{"index":"index","follow":"follow","max-snippet":"max-snippet:-1","max-image-preview":"max-image-preview:large","max-video-preview":"max-video-preview:-1"},"canonical":"https:\/\/pachamamitaecu.org\/en\/2013\/10\/11\/organic-farming-as-an-alternative-to-gmos\/","og_locale":"en_US","og_type":"article","og_title":"La agricultura ecol\u00f3gica como alternativa a los transg\u00e9nicos.","og_description":"Es posible que la agricultura ecol\u00f3gica, aquella que propone el no uso de agrot\u00f3xicos y de semillas modificadas gen\u00e9ticamente pueda servir para superar el problema del hambre a nivel mundial?. Esa fue la pregunta que a trav\u00e9s de conferencias magistrales, conversatorios y muestras de la producci\u00f3n de decenas de las mejores fincas agroecol\u00f3gicas del Ecuador [...]","og_url":"https:\/\/pachamamitaecu.org\/en\/2013\/10\/11\/organic-farming-as-an-alternative-to-gmos\/","og_site_name":"PachaMamita Ecuador","article_publisher":"https:\/\/www.facebook.com\/pachamamitaecu","article_published_time":"2013-10-11T01:56:00+00:00","article_modified_time":"2023-03-02T06:22:01+00:00","og_image":[{"url":"http:\/\/1.bp.blogspot.com\/-S2NG4k-N7gE\/UIZgI7cSlGI\/AAAAAAAAC8s\/z1Xdx-dRhkw\/s320\/247676_477417015614154_1103921325_n.jpg","type":"","width":"","height":""}],"author":"PachaMamita EC","twitter_card":"summary_large_image","twitter_misc":{"Written by":"PachaMamita EC","Est. reading time":"3 minutes"},"schema":{"@context":"https:\/\/schema.org","@graph":[{"@type":"Article","@id":"https:\/\/pachamamitaecu.org\/es_es\/2013\/10\/11\/la-agricultura-ecologica-como-alternativa-a-los-transgenicos\/#article","isPartOf":{"@id":"https:\/\/pachamamitaecu.org\/es_es\/2013\/10\/11\/la-agricultura-ecologica-como-alternativa-a-los-transgenicos\/"},"author":{"name":"PachaMamita EC","@id":"https:\/\/pachamamitaecu.org\/es_es\/#\/schema\/person\/e8b42afae2451fadab5e0295f02c4593"},"headline":"La agricultura ecol\u00f3gica como alternativa a los transg\u00e9nicos.","datePublished":"2013-10-11T01:56:00+00:00","dateModified":"2023-03-02T06:22:01+00:00","mainEntityOfPage":{"@id":"https:\/\/pachamamitaecu.org\/es_es\/2013\/10\/11\/la-agricultura-ecologica-como-alternativa-a-los-transgenicos\/"},"wordCount":561,"publisher":{"@id":"https:\/\/pachamamitaecu.org\/es_es\/#organization"},"image":{"@id":"https:\/\/pachamamitaecu.org\/es_es\/2013\/10\/11\/la-agricultura-ecologica-como-alternativa-a-los-transgenicos\/#primaryimage"},"thumbnailUrl":"http:\/\/1.bp.blogspot.com\/-S2NG4k-N7gE\/UIZgI7cSlGI\/AAAAAAAAC8s\/z1Xdx-dRhkw\/s320\/247676_477417015614154_1103921325_n.jpg","articleSection":["agroecologia","CONSUMO RESPONSABLE","noticias"],"inLanguage":"en-US"},{"@type":"WebPage","@id":"https:\/\/pachamamitaecu.org\/es_es\/2013\/10\/11\/la-agricultura-ecologica-como-alternativa-a-los-transgenicos\/","url":"https:\/\/pachamamitaecu.org\/es_es\/2013\/10\/11\/la-agricultura-ecologica-como-alternativa-a-los-transgenicos\/","name":"Organic farming as an alternative to GMOs - PachaMamita Ecuador","isPartOf":{"@id":"https:\/\/pachamamitaecu.org\/es_es\/#website"},"primaryImageOfPage":{"@id":"https:\/\/pachamamitaecu.org\/es_es\/2013\/10\/11\/la-agricultura-ecologica-como-alternativa-a-los-transgenicos\/#primaryimage"},"image":{"@id":"https:\/\/pachamamitaecu.org\/es_es\/2013\/10\/11\/la-agricultura-ecologica-como-alternativa-a-los-transgenicos\/#primaryimage"},"thumbnailUrl":"http:\/\/1.bp.blogspot.com\/-S2NG4k-N7gE\/UIZgI7cSlGI\/AAAAAAAAC8s\/z1Xdx-dRhkw\/s320\/247676_477417015614154_1103921325_n.jpg","datePublished":"2013-10-11T01:56:00+00:00","dateModified":"2023-03-02T06:22:01+00:00","breadcrumb":{"@id":"https:\/\/pachamamitaecu.org\/es_es\/2013\/10\/11\/la-agricultura-ecologica-como-alternativa-a-los-transgenicos\/#breadcrumb"},"inLanguage":"en-US","potentialAction":[{"@type":"ReadAction","target":["https:\/\/pachamamitaecu.org\/es_es\/2013\/10\/11\/la-agricultura-ecologica-como-alternativa-a-los-transgenicos\/"]}]},{"@type":"ImageObject","inLanguage":"en-US","@id":"https:\/\/pachamamitaecu.org\/es_es\/2013\/10\/11\/la-agricultura-ecologica-como-alternativa-a-los-transgenicos\/#primaryimage","url":"http:\/\/1.bp.blogspot.com\/-S2NG4k-N7gE\/UIZgI7cSlGI\/AAAAAAAAC8s\/z1Xdx-dRhkw\/s320\/247676_477417015614154_1103921325_n.jpg","contentUrl":"http:\/\/1.bp.blogspot.com\/-S2NG4k-N7gE\/UIZgI7cSlGI\/AAAAAAAAC8s\/z1Xdx-dRhkw\/s320\/247676_477417015614154_1103921325_n.jpg"},{"@type":"BreadcrumbList","@id":"https:\/\/pachamamitaecu.org\/es_es\/2013\/10\/11\/la-agricultura-ecologica-como-alternativa-a-los-transgenicos\/#breadcrumb","itemListElement":[{"@type":"ListItem","position":1,"name":"Portada","item":"https:\/\/pachamamitaecu.org\/es_es\/"},{"@type":"ListItem","position":2,"name":"La agricultura ecol\u00f3gica como alternativa a los transg\u00e9nicos."}]},{"@type":"WebSite","@id":"https:\/\/pachamamitaecu.org\/es_es\/#website","url":"https:\/\/pachamamitaecu.org\/es_es\/","name":"PachaMamita Ecuador","description":"CULTURE. AGROECOLOGY. TOURISM AND RESPONSIBLE CONSUMPTION-ECUADOR.","publisher":{"@id":"https:\/\/pachamamitaecu.org\/es_es\/#organization"},"potentialAction":[{"@type":"SearchAction","target":{"@type":"EntryPoint","urlTemplate":"https:\/\/pachamamitaecu.org\/es_es\/?s={search_term_string}"},"query-input":{"@type":"PropertyValueSpecification","valueRequired":true,"valueName":"search_term_string"}}],"inLanguage":"en-US"},{"@type":"Organization","@id":"https:\/\/pachamamitaecu.org\/es_es\/#organization","name":"PachaMamita Ecuador","url":"https:\/\/pachamamitaecu.org\/es_es\/","logo":{"@type":"ImageObject","inLanguage":"en-US","@id":"https:\/\/pachamamitaecu.org\/es_es\/#\/schema\/logo\/image\/","url":"https:\/\/pachamamitaecu.org\/wp-content\/uploads\/2024\/04\/cropped-Diseno-sin-titulo-13.png","contentUrl":"https:\/\/pachamamitaecu.org\/wp-content\/uploads\/2024\/04\/cropped-Diseno-sin-titulo-13.png","width":512,"height":512,"caption":"PachaMamita Ecuador"},"image":{"@id":"https:\/\/pachamamitaecu.org\/es_es\/#\/schema\/logo\/image\/"},"sameAs":["https:\/\/www.facebook.com\/pachamamitaecu"]},{"@type":"Person","@id":"https:\/\/pachamamitaecu.org\/es_es\/#\/schema\/person\/e8b42afae2451fadab5e0295f02c4593","name":"PachaMamita EC","image":{"@type":"ImageObject","inLanguage":"en-US","@id":"https:\/\/pachamamitaecu.org\/wp-content\/litespeed\/avatar\/23494c9101089ad44ae88ce9d2f56aac.jpg?ver=1777350952","url":"https:\/\/pachamamitaecu.org\/wp-content\/litespeed\/avatar\/23494c9101089ad44ae88ce9d2f56aac.jpg?ver=1777350952","contentUrl":"https:\/\/pachamamitaecu.org\/wp-content\/litespeed\/avatar\/23494c9101089ad44ae88ce9d2f56aac.jpg?ver=1777350952","caption":"PachaMamita EC"},"url":"https:\/\/pachamamitaecu.org\/en\/author\/pachamamita-ec\/"}]}},"_links":{"self":[{"href":"https:\/\/pachamamitaecu.org\/en\/wp-json\/wp\/v2\/posts\/642","targetHints":{"allow":["GET"]}}],"collection":[{"href":"https:\/\/pachamamitaecu.org\/en\/wp-json\/wp\/v2\/posts"}],"about":[{"href":"https:\/\/pachamamitaecu.org\/en\/wp-json\/wp\/v2\/types\/post"}],"author":[{"embeddable":true,"href":"https:\/\/pachamamitaecu.org\/en\/wp-json\/wp\/v2\/users\/3"}],"replies":[{"embeddable":true,"href":"https:\/\/pachamamitaecu.org\/en\/wp-json\/wp\/v2\/comments?post=642"}],"version-history":[{"count":0,"href":"https:\/\/pachamamitaecu.org\/en\/wp-json\/wp\/v2\/posts\/642\/revisions"}],"wp:attachment":[{"href":"https:\/\/pachamamitaecu.org\/en\/wp-json\/wp\/v2\/media?parent=642"}],"wp:term":[{"taxonomy":"category","embeddable":true,"href":"https:\/\/pachamamitaecu.org\/en\/wp-json\/wp\/v2\/categories?post=642"},{"taxonomy":"post_tag","embeddable":true,"href":"https:\/\/pachamamitaecu.org\/en\/wp-json\/wp\/v2\/tags?post=642"}],"curies":[{"name":"wp","href":"https:\/\/api.w.org\/{rel}","templated":true}]}}