{"id":682,"date":"2013-07-25T14:52:00","date_gmt":"2013-07-25T14:52:00","guid":{"rendered":"http:\/\/pachamamitaecu-org-720647.hostingersite.com\/2013\/07\/25\/terrorismo-poetico\/"},"modified":"2023-03-02T06:22:14","modified_gmt":"2023-03-02T06:22:14","slug":"terrorismo-poetico","status":"publish","type":"post","link":"https:\/\/pachamamitaecu.org\/en\/2013\/07\/25\/poetic-terrorism\/","title":{"rendered":"Poetic Terrorism."},"content":{"rendered":"<div style=\"clear: both; text-align: center;\"><a href=\"http:\/\/2.bp.blogspot.com\/-UIf8n3_1eI8\/TyJfEfWxAoI\/AAAAAAAABt0\/SJxx5jhRJDI\/s1600\/Soy+terrorista2-772218.jpg\" style=\"margin-left: 1em; margin-right: 1em;\"><img decoding=\"async\" border=\"0\" height=\"164\" data-src=\"http:\/\/2.bp.blogspot.com\/-UIf8n3_1eI8\/TyJfEfWxAoI\/AAAAAAAABt0\/SJxx5jhRJDI\/s320\/Soy+terrorista2-772218.jpg\" width=\"320\" src=\"data:image\/svg+xml;base64,PHN2ZyB3aWR0aD0iMSIgaGVpZ2h0PSIxIiB4bWxucz0iaHR0cDovL3d3dy53My5vcmcvMjAwMC9zdmciPjwvc3ZnPg==\" class=\"lazyload\" style=\"--smush-placeholder-width: 320px; --smush-placeholder-aspect-ratio: 320\/164;\" \/><\/a><\/div>\n<p><\/p>\n<div style=\"text-align: justify;\"><span style=\"font-family: Georgia, Times New Roman, serif;\">TERRORISM. That &quot;bad word&quot; that usually brings to mind images of dozens or hundreds of dead, large explosions, secret and very destructive attacks and countless other possible actions. Years ago, there was a strong tendency on a global level on the part of the rulers to reject that this diabolical word could have a place in their countries. This was changing as a result of the &quot;always-dubious&quot; events of September 2001 in New York. Little by little, rulers of various countries - in a row - were realizing that it was a good way to silence, for several years, those who had the capacity to mobilize masses in defense of what the ruling caste usually calls &quot;operations in strategic sectors&quot; and prostituting themselves even more to even include any other person who at a given moment could be considered annoying to the governments sponsoring this type of operations.<\/span><\/div>\n<p><span style=\"font-family: Georgia, Times New Roman, serif;\"><br \/><\/span><\/p>\n<div style=\"text-align: justify;\"><span style=\"font-family: Georgia, Times New Roman, serif;\"><br \/><\/span><\/div>\n<div style=\"text-align: justify;\"><span style=\"font-family: Georgia, Times New Roman, serif;\">Thus, Colombia, Argentina and Ecuador are aiming for related legislation; and the last two cases, for example, are the subject of sociological analysis to evaluate whether this figure of terrorism and its defendants are in accordance with the reality of the processes that are experienced in these countries. The fact that in just a few years, for example in Ecuador there are nearly 200 defendants for the cause of terrorism, although only a few -counted on the fingers of one hand- have received a sentence, could mean: 1. That Ecuador has ceased to be that island of peace that made its people so proud and that would include an alert for those who visit it; or 2. That the system is so flawed that it cannot prove these supposed cases of terrorism, which could give greater room for the appreciations of what is the real use that is given to this figure of terrorism.<\/span><\/div>\n<div style=\"text-align: justify;\"><span style=\"font-family: Georgia, Times New Roman, serif;\"><br \/><\/span><\/div>\n<div style=\"text-align: justify;\"><span style=\"font-family: Georgia, Times New Roman, serif;\">Poetry, as well as art in general, is not alien to this reality, which is being expressed in an increasing number of artistic expressions. In this case, there are two poetic works for consideration that come from the south of the continent but that could easily be seen in any of the aforementioned cases:<\/span><\/div>\n<p><span style=\"font-family: Georgia, Times New Roman, serif;\"><br \/><\/span><\/p>\n<ul>\n<li style=\"text-align: justify;\"><span style=\"font-family: Georgia, Times New Roman, serif;\">I am a terrorist<\/span><\/li>\n<\/ul>\n<p><span style=\"font-family: Georgia, Times New Roman, serif; text-align: justify;\">I am a terrorist for the government of my country<\/span><\/p>\n<div><span style=\"font-family: Georgia, Times New Roman, serif;\"><br \/><\/span><\/p>\n<div style=\"text-align: justify;\"><span style=\"font-family: Georgia, Times New Roman, serif;\">Because I believe in the spirit of the tree and the river<\/span><\/div>\n<div style=\"text-align: justify;\"><span style=\"font-family: Georgia, Times New Roman, serif;\">Because I worship the sun and not money<\/span><\/div>\n<div style=\"text-align: justify;\"><span style=\"font-family: Georgia, Times New Roman, serif;\">Because I don&#039;t want dams in the south<\/span><\/div>\n<div style=\"text-align: justify;\"><span style=\"font-family: Georgia, Times New Roman, serif;\">nor dirty blood energy that feeds the monster<\/span><\/div>\n<div style=\"text-align: justify;\"><span style=\"font-family: Georgia, Times New Roman, serif;\">Morbid neoliberal hypermarket (under any name USA, China\u2026it doesn\u2019t matter)<\/span><\/div>\n<div style=\"text-align: justify;\"><span style=\"font-family: Georgia, Times New Roman, serif;\"><br \/><\/span><\/div>\n<div style=\"text-align: justify;\"><span style=\"font-family: Georgia, Times New Roman, serif;\">I am a terrorist because I don&#039;t have a stable job<\/span><\/div>\n<div style=\"text-align: justify;\"><span style=\"font-family: Georgia, Times New Roman, serif;\">No contract<\/span><\/div>\n<div style=\"text-align: justify;\"><span style=\"font-family: Georgia, Times New Roman, serif;\">No checkbook<\/span><\/div>\n<div style=\"text-align: justify;\"><span style=\"font-family: Georgia, Times New Roman, serif;\">No checking account<\/span><\/div>\n<div style=\"text-align: justify;\"><span style=\"font-family: Georgia, Times New Roman, serif;\">No credit cards<\/span><\/div>\n<div style=\"text-align: justify;\"><span style=\"font-family: Georgia, Times New Roman, serif;\">Because years ago I gave up on the idea of having my own house<\/span><\/div>\n<div style=\"text-align: justify;\"><span style=\"font-family: Georgia, Times New Roman, serif;\">Because I don&#039;t pay taxes<\/span><\/div>\n<div style=\"text-align: justify;\"><span style=\"font-family: Georgia, Times New Roman, serif;\">Because I am not a good customer of commercial houses<\/span><\/div>\n<div style=\"text-align: justify;\"><span style=\"font-family: Georgia, Times New Roman, serif;\">Because I ride a bike or walk.<\/span><\/div>\n<div style=\"text-align: justify;\"><span style=\"font-family: Georgia, Times New Roman, serif;\">Because I have a Mapuche friend (Cof\u00e1n or Kichwa) who visits me at home<\/span><\/div>\n<div style=\"text-align: justify;\"><span style=\"font-family: Georgia, Times New Roman, serif;\">And who do I visit?<\/span><\/div>\n<div style=\"text-align: justify;\"><span style=\"font-family: Georgia, Times New Roman, serif;\"><br \/><\/span><\/div>\n<div style=\"text-align: justify;\"><span style=\"font-family: Georgia, Times New Roman, serif;\">I am a terrorist because I am a woman, polyamorous and free<\/span><\/div>\n<div style=\"text-align: justify;\"><span style=\"font-family: Georgia, Times New Roman, serif;\">Because I say what I think<\/span><\/div>\n<div style=\"text-align: justify;\"><span style=\"font-family: Georgia, Times New Roman, serif;\">Because I have no weapons<\/span><\/div>\n<div style=\"text-align: justify;\"><span style=\"font-family: Georgia, Times New Roman, serif;\">Because I believe in love<\/span><\/div>\n<div style=\"text-align: justify;\"><span style=\"font-family: Georgia, Times New Roman, serif;\">And in people<\/span><\/div>\n<div style=\"text-align: justify;\"><span style=\"font-family: Georgia, Times New Roman, serif;\">Because I exercise the power of my true word<\/span><\/div>\n<div style=\"text-align: justify;\"><span style=\"font-family: Georgia, Times New Roman, serif;\">Because I bow to no one<\/span><\/div>\n<div style=\"text-align: justify;\"><span style=\"font-family: Georgia, Times New Roman, serif;\">Because I don&#039;t practice the art of genuflection<\/span><\/div>\n<div style=\"text-align: justify;\"><span style=\"font-family: Georgia, Times New Roman, serif;\">Because I do not covet what does not belong to me by right<\/span><\/div>\n<div style=\"text-align: justify;\"><span style=\"font-family: Georgia, Times New Roman, serif;\">Because poverty doesn&#039;t scare me<\/span><\/div>\n<div style=\"text-align: justify;\"><span style=\"font-family: Georgia, Times New Roman, serif;\">It doesn&#039;t paralyze me either<\/span><\/div>\n<div style=\"text-align: justify;\"><span style=\"font-family: Georgia, Times New Roman, serif;\"><br \/><\/span><\/div>\n<div style=\"text-align: justify;\"><span style=\"font-family: Georgia, Times New Roman, serif;\">I am a terrorist because for one slave the freedom of another<\/span><\/div>\n<div style=\"text-align: justify;\"><span style=\"font-family: Georgia, Times New Roman, serif;\">It is a terrifying threat<\/span><\/div>\n<div style=\"text-align: justify;\"><span style=\"font-family: Georgia, Times New Roman, serif;\"><br \/><\/span><\/div>\n<div style=\"text-align: justify;\"><span style=\"font-family: Georgia, Times New Roman, serif;\">Elizabeth Neira&nbsp;<\/span><\/div>\n<div style=\"text-align: justify;\"><span style=\"font-family: Georgia, Times New Roman, serif;\"><br \/><\/span><\/div>\n<p><span style=\"font-family: Georgia, Times New Roman, serif;\"><br \/><\/span><\/p>\n<ul>\n<li style=\"text-align: justify;\"><span style=\"font-family: Georgia, Times New Roman, serif;\">I AM A TERRORIST, and I am the unemployed person who blocks the road for work, dignity and social change.&nbsp;<\/span><\/li>\n<\/ul>\n<p><span style=\"font-family: Georgia, Times New Roman, serif;\"><br \/><\/span><\/p>\n<div style=\"text-align: justify;\"><span style=\"font-family: Georgia, Times New Roman, serif;\">I AM A TERRORIST, and I am the peasant who resists the bulldozers and fights for her right to the land.&nbsp;<\/span><\/div>\n<div style=\"text-align: justify;\"><span style=\"font-family: Georgia, Times New Roman, serif;\">I AM A TERRORIST, and I am the woman who denounces the government by demanding her right to have a safe and free abortion in the Hospital.&nbsp;<\/span><\/div>\n<div style=\"text-align: justify;\"><span style=\"font-family: Georgia, Times New Roman, serif;\">I AM A TERRORIST, and I am the teacher who extorts and blackmails the government by exercising her right to strike in the fight to make ends meet.&nbsp;<\/span><\/div>\n<div style=\"text-align: justify;\"><span style=\"font-family: Georgia, Times New Roman, serif;\">I AM A TERRORIST, and I am the transvestite who kicks down the door of the Legislature and demands the repeal of police edicts and contravention codes.&nbsp;<\/span><\/div>\n<div style=\"text-align: justify;\"><span style=\"font-family: Georgia, Times New Roman, serif;\">I AM A TERRORIST, and I am a state employee who is on strike because he has been working illegally for years and is fighting to become a permanent employee.&nbsp;<\/span><\/div>\n<div style=\"text-align: justify;\"><span style=\"font-family: Georgia, Times New Roman, serif;\">I AM A TERRORIST, and I am the woman who denounces judges and police officers for being complicit in the trafficking networks that kidnapped her daughter.&nbsp;<\/span><\/div>\n<div style=\"text-align: justify;\"><span style=\"font-family: Georgia, Times New Roman, serif;\">I AM A TERRORIST, and I am the resident who camps against open-pit mining.&nbsp;<\/span><\/div>\n<div style=\"text-align: justify;\"><span style=\"font-family: Georgia, Times New Roman, serif;\">I AM A TERRORIST, and I am the trans man who resists pathologization and fights for his integral right to identity, health, and work.&nbsp;<\/span><\/div>\n<div style=\"text-align: justify;\"><span style=\"font-family: Georgia, Times New Roman, serif;\">I AM A TERRORIST, and I am the precarious worker of the cooperatives, who lights a tire to demand tools and decent wages.&nbsp;<\/span><\/div>\n<div style=\"text-align: justify;\"><span style=\"font-family: Georgia, Times New Roman, serif;\">I AM A TERRORIST, and I am a high school student who takes over the school to demand that they fix the roof that is falling on them.&nbsp;<\/span><\/div>\n<div style=\"text-align: justify;\"><span style=\"font-family: Georgia, Times New Roman, serif;\">I AM A TERRORIST, and I am the QOM who camps on 9 de Julio demanding recognition of their ownership of ancestral lands.&nbsp;<\/span><\/div>\n<div style=\"text-align: justify;\"><span style=\"font-family: Georgia, Times New Roman, serif;\">I AM A TERRORIST, and I am the lesbian who does not want to get married and shows her tits to the Bishop because she does not want to be invisible either.&nbsp;<\/span><\/div>\n<div style=\"text-align: justify;\"><span style=\"font-family: Georgia, Times New Roman, serif;\">I AM A TERRORIST, and I am the mother who sets fire to the kitchen where they make the paco that is killing her children.&nbsp;<\/span><\/div>\n<div style=\"text-align: justify;\"><span style=\"font-family: Georgia, Times New Roman, serif;\">I AM A TERRORIST, and I am one of the 5,000 comrades prosecuted for fighting for human rights in the country.&nbsp;<\/span><\/div>\n<div style=\"text-align: justify;\"><span style=\"font-family: Georgia, Times New Roman, serif;\">I AM A TERRORIST, and I am the picketer who goes up to the Pueyrred\u00f3n Bridge every 26th to shout that Dar\u00edo and Maxi are not alone.<\/span><\/div>\n<div style=\"text-align: justify;\"><span style=\"font-family: Georgia, Times New Roman, serif;\">I AM A TERRORIST, and I am the key witness who disappeared due to state terrorism that is still unpunished.&nbsp;<\/span><\/div>\n<div style=\"text-align: justify;\"><span style=\"font-family: Georgia, Times New Roman, serif;\">I AM A TERRORIST, and I am the kid from Matanzas who was erased for resisting stealing for the police.&nbsp;<\/span><\/div>\n<div style=\"text-align: justify;\"><span style=\"font-family: Georgia, Times New Roman, serif;\">I AM A TERRORIST, and I am the student murdered by the union bureaucracy, friends of the K&#039;s, on the railroad tracks.&nbsp;<\/span><\/div>\n<div style=\"text-align: justify;\"><span style=\"font-family: Georgia, Times New Roman, serif;\">I AM A TERRORIST, and I am the peasant killed at the hands of the mercenaries of the soybean model.&nbsp;<\/span><\/div>\n<div style=\"text-align: justify;\"><span style=\"font-family: Georgia, Times New Roman, serif;\">I AM A TERRORIST, and I am an Argentine (Ecuadorian, Colombian, Peruvian) who believes that a \u201cnational\u201d government should not pass laws at the request of the Empire. (whatever that may be)<\/span><\/div>\n<div style=\"text-align: justify;\"><span style=\"font-family: Georgia, Times New Roman, serif;\">I AM A TERRORIST, and I am an Argentine who believes that a \u201cpopular\u201d government cannot approve gorilla laws that criminalize those who fight.&nbsp;<\/span><\/div>\n<div style=\"text-align: justify;\"><span style=\"font-family: Georgia, Times New Roman, serif;\"><br \/><\/span><\/div>\n<div style=\"text-align: justify;\"><span style=\"font-family: Georgia, Times New Roman, serif;\">I AM A TERRORIST, and I am the people organized from below, who are not afraid of your laws or your bullets, and who will continue to fight so that this terrifying system ends once and for all, until all terrorists are free.<\/span><\/div>\n<\/div>\n<div class=\"pvc_clear\"><\/div>\n<p id=\"pvc_stats_682\" class=\"pvc_stats total_only\" data-element-id=\"682\" style=\"\"><i class=\"pvc-stats-icon medium\" aria-hidden=\"true\"><svg aria-hidden=\"true\" focusable=\"false\" data-prefix=\"far\" data-icon=\"chart-bar\" role=\"img\" xmlns=\"http:\/\/www.w3.org\/2000\/svg\" viewbox=\"0 0 512 512\" class=\"svg-inline--fa fa-chart-bar fa-w-16 fa-2x\"><path fill=\"currentColor\" d=\"M396.8 352h22.4c6.4 0 12.8-6.4 12.8-12.8V108.8c0-6.4-6.4-12.8-12.8-12.8h-22.4c-6.4 0-12.8 6.4-12.8 12.8v230.4c0 6.4 6.4 12.8 12.8 12.8zm-192 0h22.4c6.4 0 12.8-6.4 12.8-12.8V140.8c0-6.4-6.4-12.8-12.8-12.8h-22.4c-6.4 0-12.8 6.4-12.8 12.8v198.4c0 6.4 6.4 12.8 12.8 12.8zm96 0h22.4c6.4 0 12.8-6.4 12.8-12.8V204.8c0-6.4-6.4-12.8-12.8-12.8h-22.4c-6.4 0-12.8 6.4-12.8 12.8v134.4c0 6.4 6.4 12.8 12.8 12.8zM496 400H48V80c0-8.84-7.16-16-16-16H16C7.16 64 0 71.16 0 80v336c0 17.67 14.33 32 32 32h464c8.84 0 16-7.16 16-16v-16c0-8.84-7.16-16-16-16zm-387.2-48h22.4c6.4 0 12.8-6.4 12.8-12.8v-70.4c0-6.4-6.4-12.8-12.8-12.8h-22.4c-6.4 0-12.8 6.4-12.8 12.8v70.4c0 6.4 6.4 12.8 12.8 12.8z\" class=\"\"><\/path><\/svg><\/i> <img decoding=\"async\" width=\"16\" height=\"16\" alt=\"Loading\" data-src=\"https:\/\/pachamamitaecu.org\/wp-content\/plugins\/page-views-count\/ajax-loader-2x.gif\" border=\"0\" src=\"data:image\/svg+xml;base64,PHN2ZyB3aWR0aD0iMSIgaGVpZ2h0PSIxIiB4bWxucz0iaHR0cDovL3d3dy53My5vcmcvMjAwMC9zdmciPjwvc3ZnPg==\" class=\"lazyload\" style=\"--smush-placeholder-width: 16px; --smush-placeholder-aspect-ratio: 16\/16;\" \/><\/p>\n<div class=\"pvc_clear\"><\/div>","protected":false},"excerpt":{"rendered":"<p>El TERRORISMO. Esa \u00abmala palabra\u00bb que suele traer a la mente im\u00e1genes de decenas o cientos de muertos, grandes explosiones, ataques secretos y muy destructivos y otro sinn\u00famero de acciones posibles. A\u00f1os atr\u00e1s, exist\u00eda a nivel global una fuerte tendencia por parte de los gobernantes de rechazar que esa diab\u00f3lica palabra pod\u00eda tener cabida en [&#8230;]\n","protected":false},"author":3,"featured_media":0,"comment_status":"closed","ping_status":"closed","sticky":false,"template":"","format":"standard","meta":{"footnotes":""},"categories":[366,474,140],"tags":[],"class_list":["post-682","post","type-post","status-publish","format-standard","hentry","category-conflicto-social-ecuador","category-lucha-social-ecuador","category-personajes-peninsulares"],"a3_pvc":{"activated":true,"total_views":35,"today_views":0},"yoast_head":"<!-- This site is optimized with the Yoast SEO Premium plugin v24.2 (Yoast SEO v27.4) - https:\/\/yoast.com\/product\/yoast-seo-premium-wordpress\/ -->\n<title>Terrorismo Po\u00e9tico. - PachaMamita Ecuador<\/title>\n<meta name=\"robots\" content=\"index, follow, max-snippet:-1, max-image-preview:large, max-video-preview:-1\" \/>\n<link rel=\"canonical\" href=\"https:\/\/pachamamitaecu.org\/en\/2013\/07\/25\/poetic-terrorism\/\" \/>\n<meta property=\"og:locale\" content=\"en_US\" \/>\n<meta property=\"og:type\" content=\"article\" \/>\n<meta property=\"og:title\" content=\"Terrorismo Po\u00e9tico.\" \/>\n<meta property=\"og:description\" content=\"El TERRORISMO. Esa \u00abmala palabra\u00bb que suele traer a la mente im\u00e1genes de decenas o cientos de muertos, grandes explosiones, ataques secretos y muy destructivos y otro sinn\u00famero de acciones posibles. A\u00f1os atr\u00e1s, exist\u00eda a nivel global una fuerte tendencia por parte de los gobernantes de rechazar que esa diab\u00f3lica palabra pod\u00eda tener cabida en [...]\" \/>\n<meta property=\"og:url\" content=\"https:\/\/pachamamitaecu.org\/en\/2013\/07\/25\/poetic-terrorism\/\" \/>\n<meta property=\"og:site_name\" content=\"PachaMamita Ecuador\" \/>\n<meta property=\"article:publisher\" content=\"https:\/\/www.facebook.com\/pachamamitaecu\" \/>\n<meta property=\"article:published_time\" content=\"2013-07-25T14:52:00+00:00\" \/>\n<meta property=\"article:modified_time\" content=\"2023-03-02T06:22:14+00:00\" \/>\n<meta property=\"og:image\" content=\"http:\/\/2.bp.blogspot.com\/-UIf8n3_1eI8\/TyJfEfWxAoI\/AAAAAAAABt0\/SJxx5jhRJDI\/s320\/Soy+terrorista2-772218.jpg\" \/>\n<meta name=\"author\" content=\"PachaMamita EC\" \/>\n<meta name=\"twitter:card\" content=\"summary_large_image\" \/>\n<meta name=\"twitter:label1\" content=\"Written by\" \/>\n\t<meta name=\"twitter:data1\" content=\"PachaMamita EC\" \/>\n\t<meta name=\"twitter:label2\" content=\"Est. reading time\" \/>\n\t<meta name=\"twitter:data2\" content=\"6 minutes\" \/>\n<script type=\"application\/ld+json\" class=\"yoast-schema-graph\">{\"@context\":\"https:\\\/\\\/schema.org\",\"@graph\":[{\"@type\":\"Article\",\"@id\":\"https:\\\/\\\/pachamamitaecu.org\\\/en\\\/2013\\\/07\\\/25\\\/poetic-terrorism\\\/#article\",\"isPartOf\":{\"@id\":\"https:\\\/\\\/pachamamitaecu.org\\\/en\\\/2013\\\/07\\\/25\\\/poetic-terrorism\\\/\"},\"author\":{\"name\":\"PachaMamita EC\",\"@id\":\"https:\\\/\\\/pachamamitaecu.org\\\/es_es\\\/#\\\/schema\\\/person\\\/e8b42afae2451fadab5e0295f02c4593\"},\"headline\":\"Terrorismo Po\u00e9tico.\",\"datePublished\":\"2013-07-25T14:52:00+00:00\",\"dateModified\":\"2023-03-02T06:22:14+00:00\",\"mainEntityOfPage\":{\"@id\":\"https:\\\/\\\/pachamamitaecu.org\\\/en\\\/2013\\\/07\\\/25\\\/poetic-terrorism\\\/\"},\"wordCount\":1150,\"publisher\":{\"@id\":\"https:\\\/\\\/pachamamitaecu.org\\\/es_es\\\/#organization\"},\"image\":{\"@id\":\"https:\\\/\\\/pachamamitaecu.org\\\/en\\\/2013\\\/07\\\/25\\\/poetic-terrorism\\\/#primaryimage\"},\"thumbnailUrl\":\"http:\\\/\\\/2.bp.blogspot.com\\\/-UIf8n3_1eI8\\\/TyJfEfWxAoI\\\/AAAAAAAABt0\\\/SJxx5jhRJDI\\\/s320\\\/Soy+terrorista2-772218.jpg\",\"articleSection\":[\"conflicto social ecuador\",\"lucha social ecuador\",\"PERSONAJES PENINSULARES\"],\"inLanguage\":\"en-US\"},{\"@type\":\"WebPage\",\"@id\":\"https:\\\/\\\/pachamamitaecu.org\\\/en\\\/2013\\\/07\\\/25\\\/poetic-terrorism\\\/\",\"url\":\"https:\\\/\\\/pachamamitaecu.org\\\/en\\\/2013\\\/07\\\/25\\\/poetic-terrorism\\\/\",\"name\":\"Terrorismo Po\u00e9tico. - PachaMamita Ecuador\",\"isPartOf\":{\"@id\":\"https:\\\/\\\/pachamamitaecu.org\\\/es_es\\\/#website\"},\"primaryImageOfPage\":{\"@id\":\"https:\\\/\\\/pachamamitaecu.org\\\/en\\\/2013\\\/07\\\/25\\\/poetic-terrorism\\\/#primaryimage\"},\"image\":{\"@id\":\"https:\\\/\\\/pachamamitaecu.org\\\/en\\\/2013\\\/07\\\/25\\\/poetic-terrorism\\\/#primaryimage\"},\"thumbnailUrl\":\"http:\\\/\\\/2.bp.blogspot.com\\\/-UIf8n3_1eI8\\\/TyJfEfWxAoI\\\/AAAAAAAABt0\\\/SJxx5jhRJDI\\\/s320\\\/Soy+terrorista2-772218.jpg\",\"datePublished\":\"2013-07-25T14:52:00+00:00\",\"dateModified\":\"2023-03-02T06:22:14+00:00\",\"breadcrumb\":{\"@id\":\"https:\\\/\\\/pachamamitaecu.org\\\/en\\\/2013\\\/07\\\/25\\\/poetic-terrorism\\\/#breadcrumb\"},\"inLanguage\":\"en-US\",\"potentialAction\":[{\"@type\":\"ReadAction\",\"target\":[\"https:\\\/\\\/pachamamitaecu.org\\\/en\\\/2013\\\/07\\\/25\\\/poetic-terrorism\\\/\"]}]},{\"@type\":\"ImageObject\",\"inLanguage\":\"en-US\",\"@id\":\"https:\\\/\\\/pachamamitaecu.org\\\/en\\\/2013\\\/07\\\/25\\\/poetic-terrorism\\\/#primaryimage\",\"url\":\"http:\\\/\\\/2.bp.blogspot.com\\\/-UIf8n3_1eI8\\\/TyJfEfWxAoI\\\/AAAAAAAABt0\\\/SJxx5jhRJDI\\\/s320\\\/Soy+terrorista2-772218.jpg\",\"contentUrl\":\"http:\\\/\\\/2.bp.blogspot.com\\\/-UIf8n3_1eI8\\\/TyJfEfWxAoI\\\/AAAAAAAABt0\\\/SJxx5jhRJDI\\\/s320\\\/Soy+terrorista2-772218.jpg\"},{\"@type\":\"BreadcrumbList\",\"@id\":\"https:\\\/\\\/pachamamitaecu.org\\\/en\\\/2013\\\/07\\\/25\\\/poetic-terrorism\\\/#breadcrumb\",\"itemListElement\":[{\"@type\":\"ListItem\",\"position\":1,\"name\":\"Portada\",\"item\":\"https:\\\/\\\/pachamamitaecu.org\\\/es_es\\\/\"},{\"@type\":\"ListItem\",\"position\":2,\"name\":\"Terrorismo Po\u00e9tico.\"}]},{\"@type\":\"WebSite\",\"@id\":\"https:\\\/\\\/pachamamitaecu.org\\\/es_es\\\/#website\",\"url\":\"https:\\\/\\\/pachamamitaecu.org\\\/es_es\\\/\",\"name\":\"PachaMamita Ecuador\",\"description\":\"CULTURA. AGROECOLOG\u00cdA. TURISMO Y CONSUMO RESPONSABLE-ECUADOR.\",\"publisher\":{\"@id\":\"https:\\\/\\\/pachamamitaecu.org\\\/es_es\\\/#organization\"},\"potentialAction\":[{\"@type\":\"SearchAction\",\"target\":{\"@type\":\"EntryPoint\",\"urlTemplate\":\"https:\\\/\\\/pachamamitaecu.org\\\/es_es\\\/?s={search_term_string}\"},\"query-input\":{\"@type\":\"PropertyValueSpecification\",\"valueRequired\":true,\"valueName\":\"search_term_string\"}}],\"inLanguage\":\"en-US\"},{\"@type\":\"Organization\",\"@id\":\"https:\\\/\\\/pachamamitaecu.org\\\/es_es\\\/#organization\",\"name\":\"PachaMamita Ecuador\",\"url\":\"https:\\\/\\\/pachamamitaecu.org\\\/es_es\\\/\",\"logo\":{\"@type\":\"ImageObject\",\"inLanguage\":\"en-US\",\"@id\":\"https:\\\/\\\/pachamamitaecu.org\\\/es_es\\\/#\\\/schema\\\/logo\\\/image\\\/\",\"url\":\"https:\\\/\\\/pachamamitaecu.org\\\/wp-content\\\/uploads\\\/2024\\\/04\\\/cropped-Diseno-sin-titulo-13.png\",\"contentUrl\":\"https:\\\/\\\/pachamamitaecu.org\\\/wp-content\\\/uploads\\\/2024\\\/04\\\/cropped-Diseno-sin-titulo-13.png\",\"width\":512,\"height\":512,\"caption\":\"PachaMamita Ecuador\"},\"image\":{\"@id\":\"https:\\\/\\\/pachamamitaecu.org\\\/es_es\\\/#\\\/schema\\\/logo\\\/image\\\/\"},\"sameAs\":[\"https:\\\/\\\/www.facebook.com\\\/pachamamitaecu\"]},{\"@type\":\"Person\",\"@id\":\"https:\\\/\\\/pachamamitaecu.org\\\/es_es\\\/#\\\/schema\\\/person\\\/e8b42afae2451fadab5e0295f02c4593\",\"name\":\"PachaMamita EC\",\"image\":{\"@type\":\"ImageObject\",\"inLanguage\":\"en-US\",\"@id\":\"https:\\\/\\\/pachamamitaecu.org\\\/wp-content\\\/litespeed\\\/avatar\\\/23494c9101089ad44ae88ce9d2f56aac.jpg?ver=1777350952\",\"url\":\"https:\\\/\\\/pachamamitaecu.org\\\/wp-content\\\/litespeed\\\/avatar\\\/23494c9101089ad44ae88ce9d2f56aac.jpg?ver=1777350952\",\"contentUrl\":\"https:\\\/\\\/pachamamitaecu.org\\\/wp-content\\\/litespeed\\\/avatar\\\/23494c9101089ad44ae88ce9d2f56aac.jpg?ver=1777350952\",\"caption\":\"PachaMamita EC\"},\"url\":\"https:\\\/\\\/pachamamitaecu.org\\\/en\\\/author\\\/pachamamita-ec\\\/\"}]}<\/script>\n<!-- \/ Yoast SEO Premium plugin. -->","yoast_head_json":{"title":"Poetic Terrorism - PachaMamita Ecuador","robots":{"index":"index","follow":"follow","max-snippet":"max-snippet:-1","max-image-preview":"max-image-preview:large","max-video-preview":"max-video-preview:-1"},"canonical":"https:\/\/pachamamitaecu.org\/en\/2013\/07\/25\/poetic-terrorism\/","og_locale":"en_US","og_type":"article","og_title":"Terrorismo Po\u00e9tico.","og_description":"El TERRORISMO. Esa \u00abmala palabra\u00bb que suele traer a la mente im\u00e1genes de decenas o cientos de muertos, grandes explosiones, ataques secretos y muy destructivos y otro sinn\u00famero de acciones posibles. A\u00f1os atr\u00e1s, exist\u00eda a nivel global una fuerte tendencia por parte de los gobernantes de rechazar que esa diab\u00f3lica palabra pod\u00eda tener cabida en [...]","og_url":"https:\/\/pachamamitaecu.org\/en\/2013\/07\/25\/poetic-terrorism\/","og_site_name":"PachaMamita Ecuador","article_publisher":"https:\/\/www.facebook.com\/pachamamitaecu","article_published_time":"2013-07-25T14:52:00+00:00","article_modified_time":"2023-03-02T06:22:14+00:00","og_image":[{"url":"http:\/\/2.bp.blogspot.com\/-UIf8n3_1eI8\/TyJfEfWxAoI\/AAAAAAAABt0\/SJxx5jhRJDI\/s320\/Soy+terrorista2-772218.jpg","type":"","width":"","height":""}],"author":"PachaMamita EC","twitter_card":"summary_large_image","twitter_misc":{"Written by":"PachaMamita EC","Est. reading time":"6 minutes"},"schema":{"@context":"https:\/\/schema.org","@graph":[{"@type":"Article","@id":"https:\/\/pachamamitaecu.org\/en\/2013\/07\/25\/poetic-terrorism\/#article","isPartOf":{"@id":"https:\/\/pachamamitaecu.org\/en\/2013\/07\/25\/poetic-terrorism\/"},"author":{"name":"PachaMamita EC","@id":"https:\/\/pachamamitaecu.org\/es_es\/#\/schema\/person\/e8b42afae2451fadab5e0295f02c4593"},"headline":"Terrorismo Po\u00e9tico.","datePublished":"2013-07-25T14:52:00+00:00","dateModified":"2023-03-02T06:22:14+00:00","mainEntityOfPage":{"@id":"https:\/\/pachamamitaecu.org\/en\/2013\/07\/25\/poetic-terrorism\/"},"wordCount":1150,"publisher":{"@id":"https:\/\/pachamamitaecu.org\/es_es\/#organization"},"image":{"@id":"https:\/\/pachamamitaecu.org\/en\/2013\/07\/25\/poetic-terrorism\/#primaryimage"},"thumbnailUrl":"http:\/\/2.bp.blogspot.com\/-UIf8n3_1eI8\/TyJfEfWxAoI\/AAAAAAAABt0\/SJxx5jhRJDI\/s320\/Soy+terrorista2-772218.jpg","articleSection":["conflicto social ecuador","lucha social ecuador","PERSONAJES PENINSULARES"],"inLanguage":"en-US"},{"@type":"WebPage","@id":"https:\/\/pachamamitaecu.org\/en\/2013\/07\/25\/poetic-terrorism\/","url":"https:\/\/pachamamitaecu.org\/en\/2013\/07\/25\/poetic-terrorism\/","name":"Poetic Terrorism - PachaMamita Ecuador","isPartOf":{"@id":"https:\/\/pachamamitaecu.org\/es_es\/#website"},"primaryImageOfPage":{"@id":"https:\/\/pachamamitaecu.org\/en\/2013\/07\/25\/poetic-terrorism\/#primaryimage"},"image":{"@id":"https:\/\/pachamamitaecu.org\/en\/2013\/07\/25\/poetic-terrorism\/#primaryimage"},"thumbnailUrl":"http:\/\/2.bp.blogspot.com\/-UIf8n3_1eI8\/TyJfEfWxAoI\/AAAAAAAABt0\/SJxx5jhRJDI\/s320\/Soy+terrorista2-772218.jpg","datePublished":"2013-07-25T14:52:00+00:00","dateModified":"2023-03-02T06:22:14+00:00","breadcrumb":{"@id":"https:\/\/pachamamitaecu.org\/en\/2013\/07\/25\/poetic-terrorism\/#breadcrumb"},"inLanguage":"en-US","potentialAction":[{"@type":"ReadAction","target":["https:\/\/pachamamitaecu.org\/en\/2013\/07\/25\/poetic-terrorism\/"]}]},{"@type":"ImageObject","inLanguage":"en-US","@id":"https:\/\/pachamamitaecu.org\/en\/2013\/07\/25\/poetic-terrorism\/#primaryimage","url":"http:\/\/2.bp.blogspot.com\/-UIf8n3_1eI8\/TyJfEfWxAoI\/AAAAAAAABt0\/SJxx5jhRJDI\/s320\/Soy+terrorista2-772218.jpg","contentUrl":"http:\/\/2.bp.blogspot.com\/-UIf8n3_1eI8\/TyJfEfWxAoI\/AAAAAAAABt0\/SJxx5jhRJDI\/s320\/Soy+terrorista2-772218.jpg"},{"@type":"BreadcrumbList","@id":"https:\/\/pachamamitaecu.org\/en\/2013\/07\/25\/poetic-terrorism\/#breadcrumb","itemListElement":[{"@type":"ListItem","position":1,"name":"Portada","item":"https:\/\/pachamamitaecu.org\/es_es\/"},{"@type":"ListItem","position":2,"name":"Terrorismo Po\u00e9tico."}]},{"@type":"WebSite","@id":"https:\/\/pachamamitaecu.org\/es_es\/#website","url":"https:\/\/pachamamitaecu.org\/es_es\/","name":"PachaMamita Ecuador","description":"CULTURE. AGROECOLOGY. TOURISM AND RESPONSIBLE CONSUMPTION-ECUADOR.","publisher":{"@id":"https:\/\/pachamamitaecu.org\/es_es\/#organization"},"potentialAction":[{"@type":"SearchAction","target":{"@type":"EntryPoint","urlTemplate":"https:\/\/pachamamitaecu.org\/es_es\/?s={search_term_string}"},"query-input":{"@type":"PropertyValueSpecification","valueRequired":true,"valueName":"search_term_string"}}],"inLanguage":"en-US"},{"@type":"Organization","@id":"https:\/\/pachamamitaecu.org\/es_es\/#organization","name":"PachaMamita Ecuador","url":"https:\/\/pachamamitaecu.org\/es_es\/","logo":{"@type":"ImageObject","inLanguage":"en-US","@id":"https:\/\/pachamamitaecu.org\/es_es\/#\/schema\/logo\/image\/","url":"https:\/\/pachamamitaecu.org\/wp-content\/uploads\/2024\/04\/cropped-Diseno-sin-titulo-13.png","contentUrl":"https:\/\/pachamamitaecu.org\/wp-content\/uploads\/2024\/04\/cropped-Diseno-sin-titulo-13.png","width":512,"height":512,"caption":"PachaMamita Ecuador"},"image":{"@id":"https:\/\/pachamamitaecu.org\/es_es\/#\/schema\/logo\/image\/"},"sameAs":["https:\/\/www.facebook.com\/pachamamitaecu"]},{"@type":"Person","@id":"https:\/\/pachamamitaecu.org\/es_es\/#\/schema\/person\/e8b42afae2451fadab5e0295f02c4593","name":"PachaMamita EC","image":{"@type":"ImageObject","inLanguage":"en-US","@id":"https:\/\/pachamamitaecu.org\/wp-content\/litespeed\/avatar\/23494c9101089ad44ae88ce9d2f56aac.jpg?ver=1777350952","url":"https:\/\/pachamamitaecu.org\/wp-content\/litespeed\/avatar\/23494c9101089ad44ae88ce9d2f56aac.jpg?ver=1777350952","contentUrl":"https:\/\/pachamamitaecu.org\/wp-content\/litespeed\/avatar\/23494c9101089ad44ae88ce9d2f56aac.jpg?ver=1777350952","caption":"PachaMamita EC"},"url":"https:\/\/pachamamitaecu.org\/en\/author\/pachamamita-ec\/"}]}},"_links":{"self":[{"href":"https:\/\/pachamamitaecu.org\/en\/wp-json\/wp\/v2\/posts\/682","targetHints":{"allow":["GET"]}}],"collection":[{"href":"https:\/\/pachamamitaecu.org\/en\/wp-json\/wp\/v2\/posts"}],"about":[{"href":"https:\/\/pachamamitaecu.org\/en\/wp-json\/wp\/v2\/types\/post"}],"author":[{"embeddable":true,"href":"https:\/\/pachamamitaecu.org\/en\/wp-json\/wp\/v2\/users\/3"}],"replies":[{"embeddable":true,"href":"https:\/\/pachamamitaecu.org\/en\/wp-json\/wp\/v2\/comments?post=682"}],"version-history":[{"count":0,"href":"https:\/\/pachamamitaecu.org\/en\/wp-json\/wp\/v2\/posts\/682\/revisions"}],"wp:attachment":[{"href":"https:\/\/pachamamitaecu.org\/en\/wp-json\/wp\/v2\/media?parent=682"}],"wp:term":[{"taxonomy":"category","embeddable":true,"href":"https:\/\/pachamamitaecu.org\/en\/wp-json\/wp\/v2\/categories?post=682"},{"taxonomy":"post_tag","embeddable":true,"href":"https:\/\/pachamamitaecu.org\/en\/wp-json\/wp\/v2\/tags?post=682"}],"curies":[{"name":"wp","href":"https:\/\/api.w.org\/{rel}","templated":true}]}}