{"id":721,"date":"2013-05-21T01:31:00","date_gmt":"2013-05-21T01:31:00","guid":{"rendered":"http:\/\/pachamamitaecu-org-720647.hostingersite.com\/2013\/05\/21\/olon-se-esperan-acciones-por-parte-de-min-del-ambiente-para-proteger-nidos-de-tortugas-marinas\/"},"modified":"2023-03-02T06:22:26","modified_gmt":"2023-03-02T06:22:26","slug":"olon-se-esperan-acciones-por-parte-de-min-del-ambiente-para-proteger-nidos-de-tortugas-marinas","status":"publish","type":"post","link":"https:\/\/pachamamitaecu.org\/en\/2013\/05\/21\/olon-is-expected-to-take-action-by-the-ministry-of-the-environment-to-protect-sea-turtle-nests\/","title":{"rendered":"Ol\u00f3n: Actions are expected from the Ministry of the Environment to protect sea turtle nests."},"content":{"rendered":"<div style=\"clear: both; text-align: center;\"><a href=\"http:\/\/1.bp.blogspot.com\/--s9DIWzsmBU\/UPh550T_8KI\/AAAAAAAADUs\/aZLGC7wSBRM\/s1600\/735175_10151183124046046_1300778500_n.jpg\" style=\"clear: left; float: left; margin-bottom: 1em; margin-right: 1em;\"><span style=\"font-family: Georgia, Times New Roman, serif;\"><img decoding=\"async\" border=\"0\" height=\"240\" data-src=\"http:\/\/1.bp.blogspot.com\/--s9DIWzsmBU\/UPh550T_8KI\/AAAAAAAADUs\/aZLGC7wSBRM\/s320\/735175_10151183124046046_1300778500_n.jpg\" width=\"320\" src=\"data:image\/svg+xml;base64,PHN2ZyB3aWR0aD0iMSIgaGVpZ2h0PSIxIiB4bWxucz0iaHR0cDovL3d3dy53My5vcmcvMjAwMC9zdmciPjwvc3ZnPg==\" class=\"lazyload\" style=\"--smush-placeholder-width: 320px; --smush-placeholder-aspect-ratio: 320\/240;\" \/><\/span><\/a><\/div>\n<p><span style=\"font-family: Georgia, Times New Roman, serif;\">When months ago the Provincial Director of Environment of Santa Elena, Lcdo. Daniel Castillo, sent a letter to the Traffic Commission of Ecuador to carry out vehicle control on Ol\u00f3n beach based on Art. 173 of the General Regulations for the Application of the Organic Law of Transportation that specifically prohibits &quot;the circulation of vehicles... on the beaches of the country&quot;, there were many expectations regarding the subject, however, every day on Ol\u00f3n beach it is easy to see dozens of vehicles of all types, sizes and origins that freely transit this beach that aspires to be elevated as a Sea Turtle Spawning Sanctuary.<\/span><\/p>\n<div>\n<div style=\"text-align: justify;\"><span style=\"font-family: Georgia, Times New Roman, serif;\"><br \/><\/span><\/div>\n<div style=\"text-align: justify;\"><span style=\"font-family: Georgia, Times New Roman, serif;\">Although this (notifying the entity responsible for traffic control) is one of the actions of said State portfolio for the protection of sea turtle nests (protected species in Ecuador) whose presence has been recorded with abundant material for some months now on different beaches, including Ol\u00f3n, the truth is that in everyday life the reality is different.<\/span><\/div>\n<div style=\"text-align: justify;\"><span style=\"font-family: Georgia, Times New Roman, serif;\"><br \/><\/span><\/div>\n<div style=\"text-align: justify;\"><span style=\"font-family: Georgia, Times New Roman, serif;\">Even in inspections carried out earlier this year,<em style=\"background-color: white; color: #444444; font-style: normal; font-weight: bold; line-height: 14.545454025268555px; text-align: left;\">No&nbsp;<\/em>This state entity determined the presence of incubation chambers and footprints of newborns in three geo-referenced points within a 1.3 kilometer extension of this beach.<\/span><\/div>\n<div style=\"text-align: justify;\"><span style=\"font-family: Georgia, Times New Roman, serif;\"><br \/><\/span><\/div>\n<div style=\"text-align: justify;\"><span style=\"font-family: Georgia, Times New Roman, serif;\">Several residents of Ol\u00f3n interested in the protection of these species mention that &quot;although these hatchings have only been recorded for a few months, this beach has been a spawning ground for a long time&quot; and they highlight other risk situations for these vulnerable marine species, including: &quot;anti-technical extraction of sand from the beach, traffic of all types of motor vehicles, lack of signage in nesting areas and elimination of coastal vegetation.&quot;&nbsp;<\/span><\/div>\n<div style=\"text-align: justify;\"><span style=\"font-family: Georgia, Times New Roman, serif;\"><br \/><\/span><\/div>\n<div style=\"text-align: justify;\"><span style=\"font-family: Georgia, Times New Roman, serif;\">They applaud this concrete action by the Provincial Environmental Directorate, but announce that they will remain alert because there are other promises that have not yet been fulfilled by the authorities, such as the case of the placement of signage in the turtle nesting area, which should have begun according to official documents in the last days of last December.<\/span><br \/><span style=\"font-family: Georgia, Times New Roman, serif;\"><br \/>Sea turtles are species that despite the importance&nbsp;<span style=\"background-color: white; line-height: 21px;\">&nbsp;<\/span><span style=\"background-color: white; line-height: 21px;\">that they represent in the health of living oceans and in life in general that affects us all, have been practically eliminated from many areas of the world. In Ecuador, of the&nbsp;<\/span><span style=\"background-color: white; line-height: 21px;\">Of the 7 species that exist in the world, the constant presence of 4 species is reported, although there is evidence that this number could rise to 6. Of these, at least 3 nest on our beaches, according to Luis Reyes, former Director of the Valdivia Aquarium and one of the most recognized experts on the subject of sea turtle reintroduction in the country.<\/span><\/span><\/div>\n<div style=\"text-align: justify;\"><span style=\"background-color: white; line-height: 21px;\"><span style=\"font-family: Georgia, Times New Roman, serif;\"><br \/><\/span><\/span><\/div>\n<div style=\"text-align: justify;\"><span style=\"background-color: white; line-height: 21px;\"><span style=\"font-family: Georgia, Times New Roman, serif;\">Reyes adds that during 2012, two nestings were recorded in Olon, and so far in 2013, three nests have been recorded on this beach. The estimate of the number of newborns reintroduced by the Valdivia Aquarium during 2012 amounts to 300. &nbsp;<\/span><\/span><\/div>\n<div style=\"text-align: justify;\"><span style=\"background-color: white; line-height: 21px;\"><span style=\"font-family: Georgia, Times New Roman, serif;\"><br \/><\/span><\/span><\/div>\n<div style=\"text-align: justify;\"><span style=\"font-family: Georgia, Times New Roman, serif;\"><span style=\"background-color: white; line-height: 21px;\">Within the context of protection of sea turtles, it is also necessary that urgently&nbsp;<\/span><span style=\"background-color: white; line-height: 21px;\">finalize, socialize and put into practice the:<\/span><\/span><\/div>\n<div style=\"text-align: justify;\"><span style=\"font-family: Georgia, Times New Roman, serif;\"><br \/><\/span><\/div>\n<div style=\"background-color: white; border: 0px; line-height: 21px; margin: 0px; outline: 0px; padding: 0px; text-align: justify; vertical-align: baseline;\"><span style=\"font-family: Georgia, Times New Roman, serif;\">\u2013 National Strategy for the Conservation of Sea Turtles, and the<\/span><\/div>\n<div style=\"background-color: white; border: 0px; line-height: 21px; margin: 0px; outline: 0px; padding: 0px; text-align: justify; vertical-align: baseline;\"><span style=\"font-family: Georgia, Times New Roman, serif;\">\u2013 Respective Official Record that has been announced for several months on the Ministry of the Environment&#039;s website as documents in preparation.<\/span><\/div>\n<\/div>\n<div class=\"pvc_clear\"><\/div>\n<p id=\"pvc_stats_721\" class=\"pvc_stats total_only\" data-element-id=\"721\" style=\"\"><i class=\"pvc-stats-icon medium\" aria-hidden=\"true\"><svg aria-hidden=\"true\" focusable=\"false\" data-prefix=\"far\" data-icon=\"chart-bar\" role=\"img\" xmlns=\"http:\/\/www.w3.org\/2000\/svg\" viewbox=\"0 0 512 512\" class=\"svg-inline--fa fa-chart-bar fa-w-16 fa-2x\"><path fill=\"currentColor\" d=\"M396.8 352h22.4c6.4 0 12.8-6.4 12.8-12.8V108.8c0-6.4-6.4-12.8-12.8-12.8h-22.4c-6.4 0-12.8 6.4-12.8 12.8v230.4c0 6.4 6.4 12.8 12.8 12.8zm-192 0h22.4c6.4 0 12.8-6.4 12.8-12.8V140.8c0-6.4-6.4-12.8-12.8-12.8h-22.4c-6.4 0-12.8 6.4-12.8 12.8v198.4c0 6.4 6.4 12.8 12.8 12.8zm96 0h22.4c6.4 0 12.8-6.4 12.8-12.8V204.8c0-6.4-6.4-12.8-12.8-12.8h-22.4c-6.4 0-12.8 6.4-12.8 12.8v134.4c0 6.4 6.4 12.8 12.8 12.8zM496 400H48V80c0-8.84-7.16-16-16-16H16C7.16 64 0 71.16 0 80v336c0 17.67 14.33 32 32 32h464c8.84 0 16-7.16 16-16v-16c0-8.84-7.16-16-16-16zm-387.2-48h22.4c6.4 0 12.8-6.4 12.8-12.8v-70.4c0-6.4-6.4-12.8-12.8-12.8h-22.4c-6.4 0-12.8 6.4-12.8 12.8v70.4c0 6.4 6.4 12.8 12.8 12.8z\" class=\"\"><\/path><\/svg><\/i> <img decoding=\"async\" width=\"16\" height=\"16\" alt=\"Loading\" data-src=\"https:\/\/pachamamitaecu.org\/wp-content\/plugins\/page-views-count\/ajax-loader-2x.gif\" border=\"0\" src=\"data:image\/svg+xml;base64,PHN2ZyB3aWR0aD0iMSIgaGVpZ2h0PSIxIiB4bWxucz0iaHR0cDovL3d3dy53My5vcmcvMjAwMC9zdmciPjwvc3ZnPg==\" class=\"lazyload\" style=\"--smush-placeholder-width: 16px; --smush-placeholder-aspect-ratio: 16\/16;\" \/><\/p>\n<div class=\"pvc_clear\"><\/div>","protected":false},"excerpt":{"rendered":"<p>Cuando meses atr\u00e1s el Director Provincial de Ambiente de Santa Elena, Lcdo. Daniel Castillo ofici\u00f3 a la Comisi\u00f3n de Tr\u00e1nsito del Ecuador para que efect\u00fae el control vehicular en la playa de Ol\u00f3n en base al Art. 173 del Reglamento General para la Aplicaci\u00f3n de la Ley Org\u00e1nica de Transporte que proh\u00edbe espec\u00edficamente \u00abla circulaci\u00f3n [&#8230;]\n","protected":false},"author":3,"featured_media":0,"comment_status":"closed","ping_status":"closed","sticky":false,"template":"","format":"standard","meta":{"footnotes":""},"categories":[175,159,263],"tags":[],"class_list":["post-721","post","type-post","status-publish","format-standard","hentry","category-conservacion","category-consumo-responsable","category-tortugas"],"a3_pvc":{"activated":true,"total_views":27,"today_views":0},"yoast_head":"<!-- This site is optimized with the Yoast SEO Premium plugin v24.2 (Yoast SEO v27.4) - https:\/\/yoast.com\/product\/yoast-seo-premium-wordpress\/ -->\n<title>Ol\u00f3n: Se esperan acciones por parte de Min. del Ambiente para proteger nidos de tortugas marinas. - PachaMamita Ecuador<\/title>\n<meta name=\"robots\" content=\"index, follow, max-snippet:-1, max-image-preview:large, max-video-preview:-1\" \/>\n<link rel=\"canonical\" href=\"https:\/\/pachamamitaecu.org\/en\/2013\/05\/21\/olon-is-expected-to-take-action-by-the-ministry-of-the-environment-to-protect-sea-turtle-nests\/\" \/>\n<meta property=\"og:locale\" content=\"en_US\" \/>\n<meta property=\"og:type\" content=\"article\" \/>\n<meta property=\"og:title\" content=\"Ol\u00f3n: Se esperan acciones por parte de Min. del Ambiente para proteger nidos de tortugas marinas.\" \/>\n<meta property=\"og:description\" content=\"Cuando meses atr\u00e1s el Director Provincial de Ambiente de Santa Elena, Lcdo. Daniel Castillo ofici\u00f3 a la Comisi\u00f3n de Tr\u00e1nsito del Ecuador para que efect\u00fae el control vehicular en la playa de Ol\u00f3n en base al Art. 173 del Reglamento General para la Aplicaci\u00f3n de la Ley Org\u00e1nica de Transporte que proh\u00edbe espec\u00edficamente \u00abla circulaci\u00f3n [...]\" \/>\n<meta property=\"og:url\" content=\"https:\/\/pachamamitaecu.org\/en\/2013\/05\/21\/olon-is-expected-to-take-action-by-the-ministry-of-the-environment-to-protect-sea-turtle-nests\/\" \/>\n<meta property=\"og:site_name\" content=\"PachaMamita Ecuador\" \/>\n<meta property=\"article:publisher\" content=\"https:\/\/www.facebook.com\/pachamamitaecu\" \/>\n<meta property=\"article:published_time\" content=\"2013-05-21T01:31:00+00:00\" \/>\n<meta property=\"article:modified_time\" content=\"2023-03-02T06:22:26+00:00\" \/>\n<meta property=\"og:image\" content=\"http:\/\/1.bp.blogspot.com\/--s9DIWzsmBU\/UPh550T_8KI\/AAAAAAAADUs\/aZLGC7wSBRM\/s320\/735175_10151183124046046_1300778500_n.jpg\" \/>\n<meta name=\"author\" content=\"PachaMamita EC\" \/>\n<meta name=\"twitter:card\" content=\"summary_large_image\" \/>\n<meta name=\"twitter:label1\" content=\"Written by\" \/>\n\t<meta name=\"twitter:data1\" content=\"PachaMamita EC\" \/>\n\t<meta name=\"twitter:label2\" content=\"Est. reading time\" \/>\n\t<meta name=\"twitter:data2\" content=\"3 minutes\" \/>\n<script type=\"application\/ld+json\" class=\"yoast-schema-graph\">{\"@context\":\"https:\\\/\\\/schema.org\",\"@graph\":[{\"@type\":\"Article\",\"@id\":\"https:\\\/\\\/pachamamitaecu.org\\\/en\\\/2013\\\/05\\\/21\\\/olon-is-expected-to-take-action-by-the-ministry-of-the-environment-to-protect-sea-turtle-nests\\\/#article\",\"isPartOf\":{\"@id\":\"https:\\\/\\\/pachamamitaecu.org\\\/en\\\/2013\\\/05\\\/21\\\/olon-is-expected-to-take-action-by-the-ministry-of-the-environment-to-protect-sea-turtle-nests\\\/\"},\"author\":{\"name\":\"PachaMamita EC\",\"@id\":\"https:\\\/\\\/pachamamitaecu.org\\\/es_es\\\/#\\\/schema\\\/person\\\/e8b42afae2451fadab5e0295f02c4593\"},\"headline\":\"Ol\u00f3n: Se esperan acciones por parte de Min. del Ambiente para proteger nidos de tortugas marinas.\",\"datePublished\":\"2013-05-21T01:31:00+00:00\",\"dateModified\":\"2023-03-02T06:22:26+00:00\",\"mainEntityOfPage\":{\"@id\":\"https:\\\/\\\/pachamamitaecu.org\\\/en\\\/2013\\\/05\\\/21\\\/olon-is-expected-to-take-action-by-the-ministry-of-the-environment-to-protect-sea-turtle-nests\\\/\"},\"wordCount\":659,\"publisher\":{\"@id\":\"https:\\\/\\\/pachamamitaecu.org\\\/es_es\\\/#organization\"},\"image\":{\"@id\":\"https:\\\/\\\/pachamamitaecu.org\\\/en\\\/2013\\\/05\\\/21\\\/olon-is-expected-to-take-action-by-the-ministry-of-the-environment-to-protect-sea-turtle-nests\\\/#primaryimage\"},\"thumbnailUrl\":\"http:\\\/\\\/1.bp.blogspot.com\\\/--s9DIWzsmBU\\\/UPh550T_8KI\\\/AAAAAAAADUs\\\/aZLGC7wSBRM\\\/s320\\\/735175_10151183124046046_1300778500_n.jpg\",\"articleSection\":[\"CONSERVACI\u00d3N\",\"CONSUMO RESPONSABLE\",\"tortugas\"],\"inLanguage\":\"en-US\"},{\"@type\":\"WebPage\",\"@id\":\"https:\\\/\\\/pachamamitaecu.org\\\/en\\\/2013\\\/05\\\/21\\\/olon-is-expected-to-take-action-by-the-ministry-of-the-environment-to-protect-sea-turtle-nests\\\/\",\"url\":\"https:\\\/\\\/pachamamitaecu.org\\\/en\\\/2013\\\/05\\\/21\\\/olon-is-expected-to-take-action-by-the-ministry-of-the-environment-to-protect-sea-turtle-nests\\\/\",\"name\":\"Ol\u00f3n: Se esperan acciones por parte de Min. del Ambiente para proteger nidos de tortugas marinas. - PachaMamita Ecuador\",\"isPartOf\":{\"@id\":\"https:\\\/\\\/pachamamitaecu.org\\\/es_es\\\/#website\"},\"primaryImageOfPage\":{\"@id\":\"https:\\\/\\\/pachamamitaecu.org\\\/en\\\/2013\\\/05\\\/21\\\/olon-is-expected-to-take-action-by-the-ministry-of-the-environment-to-protect-sea-turtle-nests\\\/#primaryimage\"},\"image\":{\"@id\":\"https:\\\/\\\/pachamamitaecu.org\\\/en\\\/2013\\\/05\\\/21\\\/olon-is-expected-to-take-action-by-the-ministry-of-the-environment-to-protect-sea-turtle-nests\\\/#primaryimage\"},\"thumbnailUrl\":\"http:\\\/\\\/1.bp.blogspot.com\\\/--s9DIWzsmBU\\\/UPh550T_8KI\\\/AAAAAAAADUs\\\/aZLGC7wSBRM\\\/s320\\\/735175_10151183124046046_1300778500_n.jpg\",\"datePublished\":\"2013-05-21T01:31:00+00:00\",\"dateModified\":\"2023-03-02T06:22:26+00:00\",\"breadcrumb\":{\"@id\":\"https:\\\/\\\/pachamamitaecu.org\\\/en\\\/2013\\\/05\\\/21\\\/olon-is-expected-to-take-action-by-the-ministry-of-the-environment-to-protect-sea-turtle-nests\\\/#breadcrumb\"},\"inLanguage\":\"en-US\",\"potentialAction\":[{\"@type\":\"ReadAction\",\"target\":[\"https:\\\/\\\/pachamamitaecu.org\\\/en\\\/2013\\\/05\\\/21\\\/olon-is-expected-to-take-action-by-the-ministry-of-the-environment-to-protect-sea-turtle-nests\\\/\"]}]},{\"@type\":\"ImageObject\",\"inLanguage\":\"en-US\",\"@id\":\"https:\\\/\\\/pachamamitaecu.org\\\/en\\\/2013\\\/05\\\/21\\\/olon-is-expected-to-take-action-by-the-ministry-of-the-environment-to-protect-sea-turtle-nests\\\/#primaryimage\",\"url\":\"http:\\\/\\\/1.bp.blogspot.com\\\/--s9DIWzsmBU\\\/UPh550T_8KI\\\/AAAAAAAADUs\\\/aZLGC7wSBRM\\\/s320\\\/735175_10151183124046046_1300778500_n.jpg\",\"contentUrl\":\"http:\\\/\\\/1.bp.blogspot.com\\\/--s9DIWzsmBU\\\/UPh550T_8KI\\\/AAAAAAAADUs\\\/aZLGC7wSBRM\\\/s320\\\/735175_10151183124046046_1300778500_n.jpg\"},{\"@type\":\"BreadcrumbList\",\"@id\":\"https:\\\/\\\/pachamamitaecu.org\\\/en\\\/2013\\\/05\\\/21\\\/olon-is-expected-to-take-action-by-the-ministry-of-the-environment-to-protect-sea-turtle-nests\\\/#breadcrumb\",\"itemListElement\":[{\"@type\":\"ListItem\",\"position\":1,\"name\":\"Portada\",\"item\":\"https:\\\/\\\/pachamamitaecu.org\\\/es_es\\\/\"},{\"@type\":\"ListItem\",\"position\":2,\"name\":\"Ol\u00f3n: Se esperan acciones por parte de Min. del Ambiente para proteger nidos de tortugas marinas.\"}]},{\"@type\":\"WebSite\",\"@id\":\"https:\\\/\\\/pachamamitaecu.org\\\/es_es\\\/#website\",\"url\":\"https:\\\/\\\/pachamamitaecu.org\\\/es_es\\\/\",\"name\":\"PachaMamita Ecuador\",\"description\":\"CULTURA. AGROECOLOG\u00cdA. TURISMO Y CONSUMO RESPONSABLE-ECUADOR.\",\"publisher\":{\"@id\":\"https:\\\/\\\/pachamamitaecu.org\\\/es_es\\\/#organization\"},\"potentialAction\":[{\"@type\":\"SearchAction\",\"target\":{\"@type\":\"EntryPoint\",\"urlTemplate\":\"https:\\\/\\\/pachamamitaecu.org\\\/es_es\\\/?s={search_term_string}\"},\"query-input\":{\"@type\":\"PropertyValueSpecification\",\"valueRequired\":true,\"valueName\":\"search_term_string\"}}],\"inLanguage\":\"en-US\"},{\"@type\":\"Organization\",\"@id\":\"https:\\\/\\\/pachamamitaecu.org\\\/es_es\\\/#organization\",\"name\":\"PachaMamita Ecuador\",\"url\":\"https:\\\/\\\/pachamamitaecu.org\\\/es_es\\\/\",\"logo\":{\"@type\":\"ImageObject\",\"inLanguage\":\"en-US\",\"@id\":\"https:\\\/\\\/pachamamitaecu.org\\\/es_es\\\/#\\\/schema\\\/logo\\\/image\\\/\",\"url\":\"https:\\\/\\\/pachamamitaecu.org\\\/wp-content\\\/uploads\\\/2024\\\/04\\\/cropped-Diseno-sin-titulo-13.png\",\"contentUrl\":\"https:\\\/\\\/pachamamitaecu.org\\\/wp-content\\\/uploads\\\/2024\\\/04\\\/cropped-Diseno-sin-titulo-13.png\",\"width\":512,\"height\":512,\"caption\":\"PachaMamita Ecuador\"},\"image\":{\"@id\":\"https:\\\/\\\/pachamamitaecu.org\\\/es_es\\\/#\\\/schema\\\/logo\\\/image\\\/\"},\"sameAs\":[\"https:\\\/\\\/www.facebook.com\\\/pachamamitaecu\"]},{\"@type\":\"Person\",\"@id\":\"https:\\\/\\\/pachamamitaecu.org\\\/es_es\\\/#\\\/schema\\\/person\\\/e8b42afae2451fadab5e0295f02c4593\",\"name\":\"PachaMamita EC\",\"image\":{\"@type\":\"ImageObject\",\"inLanguage\":\"en-US\",\"@id\":\"https:\\\/\\\/pachamamitaecu.org\\\/wp-content\\\/litespeed\\\/avatar\\\/23494c9101089ad44ae88ce9d2f56aac.jpg?ver=1777350952\",\"url\":\"https:\\\/\\\/pachamamitaecu.org\\\/wp-content\\\/litespeed\\\/avatar\\\/23494c9101089ad44ae88ce9d2f56aac.jpg?ver=1777350952\",\"contentUrl\":\"https:\\\/\\\/pachamamitaecu.org\\\/wp-content\\\/litespeed\\\/avatar\\\/23494c9101089ad44ae88ce9d2f56aac.jpg?ver=1777350952\",\"caption\":\"PachaMamita EC\"},\"url\":\"https:\\\/\\\/pachamamitaecu.org\\\/en\\\/author\\\/pachamamita-ec\\\/\"}]}<\/script>\n<!-- \/ Yoast SEO Premium plugin. -->","yoast_head_json":{"title":"Ol\u00f3n: Actions are expected from the Ministry of the Environment to protect sea turtle nests. - PachaMamita Ecuador","robots":{"index":"index","follow":"follow","max-snippet":"max-snippet:-1","max-image-preview":"max-image-preview:large","max-video-preview":"max-video-preview:-1"},"canonical":"https:\/\/pachamamitaecu.org\/en\/2013\/05\/21\/olon-is-expected-to-take-action-by-the-ministry-of-the-environment-to-protect-sea-turtle-nests\/","og_locale":"en_US","og_type":"article","og_title":"Ol\u00f3n: Se esperan acciones por parte de Min. del Ambiente para proteger nidos de tortugas marinas.","og_description":"Cuando meses atr\u00e1s el Director Provincial de Ambiente de Santa Elena, Lcdo. Daniel Castillo ofici\u00f3 a la Comisi\u00f3n de Tr\u00e1nsito del Ecuador para que efect\u00fae el control vehicular en la playa de Ol\u00f3n en base al Art. 173 del Reglamento General para la Aplicaci\u00f3n de la Ley Org\u00e1nica de Transporte que proh\u00edbe espec\u00edficamente \u00abla circulaci\u00f3n [...]","og_url":"https:\/\/pachamamitaecu.org\/en\/2013\/05\/21\/olon-is-expected-to-take-action-by-the-ministry-of-the-environment-to-protect-sea-turtle-nests\/","og_site_name":"PachaMamita Ecuador","article_publisher":"https:\/\/www.facebook.com\/pachamamitaecu","article_published_time":"2013-05-21T01:31:00+00:00","article_modified_time":"2023-03-02T06:22:26+00:00","og_image":[{"url":"http:\/\/1.bp.blogspot.com\/--s9DIWzsmBU\/UPh550T_8KI\/AAAAAAAADUs\/aZLGC7wSBRM\/s320\/735175_10151183124046046_1300778500_n.jpg","type":"","width":"","height":""}],"author":"PachaMamita EC","twitter_card":"summary_large_image","twitter_misc":{"Written by":"PachaMamita EC","Est. reading time":"3 minutes"},"schema":{"@context":"https:\/\/schema.org","@graph":[{"@type":"Article","@id":"https:\/\/pachamamitaecu.org\/en\/2013\/05\/21\/olon-is-expected-to-take-action-by-the-ministry-of-the-environment-to-protect-sea-turtle-nests\/#article","isPartOf":{"@id":"https:\/\/pachamamitaecu.org\/en\/2013\/05\/21\/olon-is-expected-to-take-action-by-the-ministry-of-the-environment-to-protect-sea-turtle-nests\/"},"author":{"name":"PachaMamita EC","@id":"https:\/\/pachamamitaecu.org\/es_es\/#\/schema\/person\/e8b42afae2451fadab5e0295f02c4593"},"headline":"Ol\u00f3n: Se esperan acciones por parte de Min. del Ambiente para proteger nidos de tortugas marinas.","datePublished":"2013-05-21T01:31:00+00:00","dateModified":"2023-03-02T06:22:26+00:00","mainEntityOfPage":{"@id":"https:\/\/pachamamitaecu.org\/en\/2013\/05\/21\/olon-is-expected-to-take-action-by-the-ministry-of-the-environment-to-protect-sea-turtle-nests\/"},"wordCount":659,"publisher":{"@id":"https:\/\/pachamamitaecu.org\/es_es\/#organization"},"image":{"@id":"https:\/\/pachamamitaecu.org\/en\/2013\/05\/21\/olon-is-expected-to-take-action-by-the-ministry-of-the-environment-to-protect-sea-turtle-nests\/#primaryimage"},"thumbnailUrl":"http:\/\/1.bp.blogspot.com\/--s9DIWzsmBU\/UPh550T_8KI\/AAAAAAAADUs\/aZLGC7wSBRM\/s320\/735175_10151183124046046_1300778500_n.jpg","articleSection":["CONSERVACI\u00d3N","CONSUMO RESPONSABLE","tortugas"],"inLanguage":"en-US"},{"@type":"WebPage","@id":"https:\/\/pachamamitaecu.org\/en\/2013\/05\/21\/olon-is-expected-to-take-action-by-the-ministry-of-the-environment-to-protect-sea-turtle-nests\/","url":"https:\/\/pachamamitaecu.org\/en\/2013\/05\/21\/olon-is-expected-to-take-action-by-the-ministry-of-the-environment-to-protect-sea-turtle-nests\/","name":"Ol\u00f3n: Actions are expected from the Ministry of the Environment to protect sea turtle nests. - PachaMamita Ecuador","isPartOf":{"@id":"https:\/\/pachamamitaecu.org\/es_es\/#website"},"primaryImageOfPage":{"@id":"https:\/\/pachamamitaecu.org\/en\/2013\/05\/21\/olon-is-expected-to-take-action-by-the-ministry-of-the-environment-to-protect-sea-turtle-nests\/#primaryimage"},"image":{"@id":"https:\/\/pachamamitaecu.org\/en\/2013\/05\/21\/olon-is-expected-to-take-action-by-the-ministry-of-the-environment-to-protect-sea-turtle-nests\/#primaryimage"},"thumbnailUrl":"http:\/\/1.bp.blogspot.com\/--s9DIWzsmBU\/UPh550T_8KI\/AAAAAAAADUs\/aZLGC7wSBRM\/s320\/735175_10151183124046046_1300778500_n.jpg","datePublished":"2013-05-21T01:31:00+00:00","dateModified":"2023-03-02T06:22:26+00:00","breadcrumb":{"@id":"https:\/\/pachamamitaecu.org\/en\/2013\/05\/21\/olon-is-expected-to-take-action-by-the-ministry-of-the-environment-to-protect-sea-turtle-nests\/#breadcrumb"},"inLanguage":"en-US","potentialAction":[{"@type":"ReadAction","target":["https:\/\/pachamamitaecu.org\/en\/2013\/05\/21\/olon-is-expected-to-take-action-by-the-ministry-of-the-environment-to-protect-sea-turtle-nests\/"]}]},{"@type":"ImageObject","inLanguage":"en-US","@id":"https:\/\/pachamamitaecu.org\/en\/2013\/05\/21\/olon-is-expected-to-take-action-by-the-ministry-of-the-environment-to-protect-sea-turtle-nests\/#primaryimage","url":"http:\/\/1.bp.blogspot.com\/--s9DIWzsmBU\/UPh550T_8KI\/AAAAAAAADUs\/aZLGC7wSBRM\/s320\/735175_10151183124046046_1300778500_n.jpg","contentUrl":"http:\/\/1.bp.blogspot.com\/--s9DIWzsmBU\/UPh550T_8KI\/AAAAAAAADUs\/aZLGC7wSBRM\/s320\/735175_10151183124046046_1300778500_n.jpg"},{"@type":"BreadcrumbList","@id":"https:\/\/pachamamitaecu.org\/en\/2013\/05\/21\/olon-is-expected-to-take-action-by-the-ministry-of-the-environment-to-protect-sea-turtle-nests\/#breadcrumb","itemListElement":[{"@type":"ListItem","position":1,"name":"Portada","item":"https:\/\/pachamamitaecu.org\/es_es\/"},{"@type":"ListItem","position":2,"name":"Ol\u00f3n: Se esperan acciones por parte de Min. del Ambiente para proteger nidos de tortugas marinas."}]},{"@type":"WebSite","@id":"https:\/\/pachamamitaecu.org\/es_es\/#website","url":"https:\/\/pachamamitaecu.org\/es_es\/","name":"PachaMamita Ecuador","description":"CULTURE. AGROECOLOGY. TOURISM AND RESPONSIBLE CONSUMPTION-ECUADOR.","publisher":{"@id":"https:\/\/pachamamitaecu.org\/es_es\/#organization"},"potentialAction":[{"@type":"SearchAction","target":{"@type":"EntryPoint","urlTemplate":"https:\/\/pachamamitaecu.org\/es_es\/?s={search_term_string}"},"query-input":{"@type":"PropertyValueSpecification","valueRequired":true,"valueName":"search_term_string"}}],"inLanguage":"en-US"},{"@type":"Organization","@id":"https:\/\/pachamamitaecu.org\/es_es\/#organization","name":"PachaMamita Ecuador","url":"https:\/\/pachamamitaecu.org\/es_es\/","logo":{"@type":"ImageObject","inLanguage":"en-US","@id":"https:\/\/pachamamitaecu.org\/es_es\/#\/schema\/logo\/image\/","url":"https:\/\/pachamamitaecu.org\/wp-content\/uploads\/2024\/04\/cropped-Diseno-sin-titulo-13.png","contentUrl":"https:\/\/pachamamitaecu.org\/wp-content\/uploads\/2024\/04\/cropped-Diseno-sin-titulo-13.png","width":512,"height":512,"caption":"PachaMamita Ecuador"},"image":{"@id":"https:\/\/pachamamitaecu.org\/es_es\/#\/schema\/logo\/image\/"},"sameAs":["https:\/\/www.facebook.com\/pachamamitaecu"]},{"@type":"Person","@id":"https:\/\/pachamamitaecu.org\/es_es\/#\/schema\/person\/e8b42afae2451fadab5e0295f02c4593","name":"PachaMamita EC","image":{"@type":"ImageObject","inLanguage":"en-US","@id":"https:\/\/pachamamitaecu.org\/wp-content\/litespeed\/avatar\/23494c9101089ad44ae88ce9d2f56aac.jpg?ver=1777350952","url":"https:\/\/pachamamitaecu.org\/wp-content\/litespeed\/avatar\/23494c9101089ad44ae88ce9d2f56aac.jpg?ver=1777350952","contentUrl":"https:\/\/pachamamitaecu.org\/wp-content\/litespeed\/avatar\/23494c9101089ad44ae88ce9d2f56aac.jpg?ver=1777350952","caption":"PachaMamita EC"},"url":"https:\/\/pachamamitaecu.org\/en\/author\/pachamamita-ec\/"}]}},"_links":{"self":[{"href":"https:\/\/pachamamitaecu.org\/en\/wp-json\/wp\/v2\/posts\/721","targetHints":{"allow":["GET"]}}],"collection":[{"href":"https:\/\/pachamamitaecu.org\/en\/wp-json\/wp\/v2\/posts"}],"about":[{"href":"https:\/\/pachamamitaecu.org\/en\/wp-json\/wp\/v2\/types\/post"}],"author":[{"embeddable":true,"href":"https:\/\/pachamamitaecu.org\/en\/wp-json\/wp\/v2\/users\/3"}],"replies":[{"embeddable":true,"href":"https:\/\/pachamamitaecu.org\/en\/wp-json\/wp\/v2\/comments?post=721"}],"version-history":[{"count":0,"href":"https:\/\/pachamamitaecu.org\/en\/wp-json\/wp\/v2\/posts\/721\/revisions"}],"wp:attachment":[{"href":"https:\/\/pachamamitaecu.org\/en\/wp-json\/wp\/v2\/media?parent=721"}],"wp:term":[{"taxonomy":"category","embeddable":true,"href":"https:\/\/pachamamitaecu.org\/en\/wp-json\/wp\/v2\/categories?post=721"},{"taxonomy":"post_tag","embeddable":true,"href":"https:\/\/pachamamitaecu.org\/en\/wp-json\/wp\/v2\/tags?post=721"}],"curies":[{"name":"wp","href":"https:\/\/api.w.org\/{rel}","templated":true}]}}