{"id":757,"date":"2013-03-20T14:41:00","date_gmt":"2013-03-20T14:41:00","guid":{"rendered":"http:\/\/pachamamitaecu-org-720647.hostingersite.com\/2013\/03\/20\/pronunciamiento-de-la-confeniae-sobre-la-situacion-de-los-pueblos-indigenas-en-aislamiento-voluntario\/"},"modified":"2023-03-02T06:22:39","modified_gmt":"2023-03-02T06:22:39","slug":"pronunciamiento-de-la-confeniae-sobre-la-situacion-de-los-pueblos-indigenas-en-aislamiento-voluntario","status":"publish","type":"post","link":"https:\/\/pachamamitaecu.org\/en\/2013\/03\/20\/statement-by-the-confeniae-on-the-situation-of-indigenous-peoples-in-voluntary-isolation\/","title":{"rendered":"CONFENIAE STATEMENT ON THE SITUATION OF INDIGENOUS PEOPLES IN VOLUNTARY ISOLATION"},"content":{"rendered":"<div style=\"clear: both; text-align: center;\"><a href=\"http:\/\/2.bp.blogspot.com\/-VltoxFw7ZIQ\/UUnKY7LbjWI\/AAAAAAAADls\/Ai5g0fj9bts\/s1600\/aislamiento+voluntario1-ayi.jpg\" style=\"clear: left; float: left; margin-bottom: 1em; margin-right: 1em;\"><img decoding=\"async\" border=\"0\" data-src=\"http:\/\/2.bp.blogspot.com\/-VltoxFw7ZIQ\/UUnKY7LbjWI\/AAAAAAAADls\/Ai5g0fj9bts\/s1600\/aislamiento+voluntario1-ayi.jpg\" src=\"data:image\/svg+xml;base64,PHN2ZyB3aWR0aD0iMSIgaGVpZ2h0PSIxIiB4bWxucz0iaHR0cDovL3d3dy53My5vcmcvMjAwMC9zdmciPjwvc3ZnPg==\" class=\"lazyload\" \/><\/a><\/div>\n<div style=\"text-align: justify;\">The Confederation of Indigenous Nationalities of the Ecuadorian Amazon (CONFENIAE), in light of the events that have occurred between our brothers of the Waorani Nationality and the Tagaeri and Taromenane Peoples, expresses its concern about the harassment that indigenous peoples suffer in the territory that gives us life and urges the Ecuadorian State to implement the necessary protection measures to protect Indigenous Peoples in Voluntary Isolation (PIAV) from the threat of oil companies and the activities and impacts derived from them.<\/div>\n<div style=\"text-align: justify;\"><\/div>\n<div style=\"text-align: justify;\">&nbsp;The sad event that took place on March 5 and cost the lives of two Waorani in Yarentaro due to an encounter with a Taromenane group, is a result of the pressure to which they are being subjected as a result of the expansion of the oil frontier in this area of the Amazon. Worsening this conflict, indigenous leaders of the communities of Tig\u00fcino and Bataboro, in the province of Orellana, have been facing judicial proceedings since 2011 for protests against the transnational company Petrobell, a situation that requires responsible monitoring so that there is no attempt to intervene in justice - as is already customary - and sentence them for exercising their legitimate right to resist the non-compliance of the oil companies and the state, and the neglect of the local governments.&nbsp;<\/div>\n<div style=\"text-align: justify;\"><\/div>\n<div style=\"text-align: justify;\">We demand that the Ecuadorian State comply with the Plan of Precautionary Measures requested by the IACHR, the National Policy Plan for the Protection of the PIAV, the United Nations Guidelines for the Protection of Isolated Indigenous Peoples and the Ecuadorian Constitution, which establishes in its art. 57, paragraph 21, that oil companies may not operate in territories with indications of Peoples in Voluntary Isolation, and that it is the State&#039;s obligation to protect these peoples from threats that could endanger their survival. We question the welfare policy practiced by the Ministry of the Interior, which reduces a fundamental problem to the simple provision of basic infrastructure and the application of developmental and clientelist measures, minimizing the structural causes that motivated these events and representing an irresponsible management of a problem that requires a profound national debate.<\/div>\n<div style=\"text-align: justify;\"><\/div>\n<div style=\"text-align: justify;\">&nbsp;Measures such as housing offers and social containment policies are outrageous compared to the real dimension of the problem.<\/div>\n<div style=\"text-align: justify;\"><\/div>\n<div style=\"text-align: justify;\">&nbsp;On the other hand, the Ecuadorian government must stop its accelerated oil exploitation policy, which violates the legitimate right of our Tagaeri and Taromenane brothers to self-determination. Furthermore, this aggressive extractive policy has already generated effects of destructuring and weakening of the organization, and a heightened conflict is foreseen in view of the firm position of the nationalities of the central-southern Amazon in rejecting the Eleventh Oil Round.&nbsp;<\/div>\n<div style=\"text-align: justify;\"><\/div>\n<div style=\"text-align: justify;\">Any treatment that does not address this problem at its roots constitutes a peripheral analysis of the situation of peoples in Voluntary Isolation and Indigenous Peoples in general and, therefore, one more of the discourses removed from practice.<\/div>\n<div class=\"pvc_clear\"><\/div>\n<p id=\"pvc_stats_757\" class=\"pvc_stats total_only\" data-element-id=\"757\" style=\"\"><i class=\"pvc-stats-icon medium\" aria-hidden=\"true\"><svg aria-hidden=\"true\" focusable=\"false\" data-prefix=\"far\" data-icon=\"chart-bar\" role=\"img\" xmlns=\"http:\/\/www.w3.org\/2000\/svg\" viewbox=\"0 0 512 512\" class=\"svg-inline--fa fa-chart-bar fa-w-16 fa-2x\"><path fill=\"currentColor\" d=\"M396.8 352h22.4c6.4 0 12.8-6.4 12.8-12.8V108.8c0-6.4-6.4-12.8-12.8-12.8h-22.4c-6.4 0-12.8 6.4-12.8 12.8v230.4c0 6.4 6.4 12.8 12.8 12.8zm-192 0h22.4c6.4 0 12.8-6.4 12.8-12.8V140.8c0-6.4-6.4-12.8-12.8-12.8h-22.4c-6.4 0-12.8 6.4-12.8 12.8v198.4c0 6.4 6.4 12.8 12.8 12.8zm96 0h22.4c6.4 0 12.8-6.4 12.8-12.8V204.8c0-6.4-6.4-12.8-12.8-12.8h-22.4c-6.4 0-12.8 6.4-12.8 12.8v134.4c0 6.4 6.4 12.8 12.8 12.8zM496 400H48V80c0-8.84-7.16-16-16-16H16C7.16 64 0 71.16 0 80v336c0 17.67 14.33 32 32 32h464c8.84 0 16-7.16 16-16v-16c0-8.84-7.16-16-16-16zm-387.2-48h22.4c6.4 0 12.8-6.4 12.8-12.8v-70.4c0-6.4-6.4-12.8-12.8-12.8h-22.4c-6.4 0-12.8 6.4-12.8 12.8v70.4c0 6.4 6.4 12.8 12.8 12.8z\" class=\"\"><\/path><\/svg><\/i> <img decoding=\"async\" width=\"16\" height=\"16\" alt=\"Loading\" data-src=\"https:\/\/pachamamitaecu.org\/wp-content\/plugins\/page-views-count\/ajax-loader-2x.gif\" border=\"0\" src=\"data:image\/svg+xml;base64,PHN2ZyB3aWR0aD0iMSIgaGVpZ2h0PSIxIiB4bWxucz0iaHR0cDovL3d3dy53My5vcmcvMjAwMC9zdmciPjwvc3ZnPg==\" class=\"lazyload\" style=\"--smush-placeholder-width: 16px; --smush-placeholder-aspect-ratio: 16\/16;\" \/><\/p>\n<div class=\"pvc_clear\"><\/div>","protected":false},"excerpt":{"rendered":"<p>La Confederaci\u00f3n de Nacionalidades Ind\u00edgenas de la Amazonia Ecuatoriana CONFENIAE, frente a los sucesos acontecidos entre nuestros hermanos de la Nacionalidad Waorani y los Pueblos Tagaeri y Taromenane, expresa su preocupaci\u00f3n por el acoso que los pueblos ind\u00edgenas sufrimos en el territorio que nos da la vida y exhorta al Estado ecuatoriano a implementar las [&#8230;]\n","protected":false},"author":3,"featured_media":0,"comment_status":"closed","ping_status":"closed","sticky":false,"template":"","format":"standard","meta":{"footnotes":""},"categories":[188,185,187],"tags":[],"class_list":["post-757","post","type-post","status-publish","format-standard","hentry","category-madera-petroleo-y-resistencia","category-pueblos-indigenas","category-ronda-petrolera"],"a3_pvc":{"activated":true,"total_views":28,"today_views":0},"yoast_head":"<!-- This site is optimized with the Yoast SEO Premium plugin v24.2 (Yoast SEO v27.4) - https:\/\/yoast.com\/product\/yoast-seo-premium-wordpress\/ -->\n<title>PRONUNCIAMIENTO DE LA CONFENIAE SOBRE LA SITUACI\u00d3N DE LOS PUEBLOS IND\u00cdGENAS EN AISLAMIENTO VOLUNTARIO - PachaMamita Ecuador<\/title>\n<meta name=\"robots\" content=\"index, follow, max-snippet:-1, max-image-preview:large, max-video-preview:-1\" \/>\n<link rel=\"canonical\" href=\"https:\/\/pachamamitaecu.org\/en\/2013\/03\/20\/statement-by-the-confeniae-on-the-situation-of-indigenous-peoples-in-voluntary-isolation\/\" \/>\n<meta property=\"og:locale\" content=\"en_US\" \/>\n<meta property=\"og:type\" content=\"article\" \/>\n<meta property=\"og:title\" content=\"PRONUNCIAMIENTO DE LA CONFENIAE SOBRE LA SITUACI\u00d3N DE LOS PUEBLOS IND\u00cdGENAS EN AISLAMIENTO VOLUNTARIO\" \/>\n<meta property=\"og:description\" content=\"La Confederaci\u00f3n de Nacionalidades Ind\u00edgenas de la Amazonia Ecuatoriana CONFENIAE, frente a los sucesos acontecidos entre nuestros hermanos de la Nacionalidad Waorani y los Pueblos Tagaeri y Taromenane, expresa su preocupaci\u00f3n por el acoso que los pueblos ind\u00edgenas sufrimos en el territorio que nos da la vida y exhorta al Estado ecuatoriano a implementar las [...]\" \/>\n<meta property=\"og:url\" content=\"https:\/\/pachamamitaecu.org\/en\/2013\/03\/20\/statement-by-the-confeniae-on-the-situation-of-indigenous-peoples-in-voluntary-isolation\/\" \/>\n<meta property=\"og:site_name\" content=\"PachaMamita Ecuador\" \/>\n<meta property=\"article:publisher\" content=\"https:\/\/www.facebook.com\/pachamamitaecu\" \/>\n<meta property=\"article:published_time\" content=\"2013-03-20T14:41:00+00:00\" \/>\n<meta property=\"article:modified_time\" content=\"2023-03-02T06:22:39+00:00\" \/>\n<meta property=\"og:image\" content=\"http:\/\/2.bp.blogspot.com\/-VltoxFw7ZIQ\/UUnKY7LbjWI\/AAAAAAAADls\/Ai5g0fj9bts\/s1600\/aislamiento+voluntario1-ayi.jpg\" \/>\n<meta name=\"author\" content=\"PachaMamita EC\" \/>\n<meta name=\"twitter:card\" content=\"summary_large_image\" \/>\n<meta name=\"twitter:label1\" content=\"Written by\" \/>\n\t<meta name=\"twitter:data1\" content=\"PachaMamita EC\" \/>\n\t<meta name=\"twitter:label2\" content=\"Est. reading time\" \/>\n\t<meta name=\"twitter:data2\" content=\"3 minutes\" \/>\n<script type=\"application\/ld+json\" class=\"yoast-schema-graph\">{\"@context\":\"https:\\\/\\\/schema.org\",\"@graph\":[{\"@type\":\"Article\",\"@id\":\"https:\\\/\\\/pachamamitaecu.org\\\/es_es\\\/2013\\\/03\\\/20\\\/pronunciamiento-de-la-confeniae-sobre-la-situacion-de-los-pueblos-indigenas-en-aislamiento-voluntario\\\/#article\",\"isPartOf\":{\"@id\":\"https:\\\/\\\/pachamamitaecu.org\\\/es_es\\\/2013\\\/03\\\/20\\\/pronunciamiento-de-la-confeniae-sobre-la-situacion-de-los-pueblos-indigenas-en-aislamiento-voluntario\\\/\"},\"author\":{\"name\":\"PachaMamita EC\",\"@id\":\"https:\\\/\\\/pachamamitaecu.org\\\/es_es\\\/#\\\/schema\\\/person\\\/e8b42afae2451fadab5e0295f02c4593\"},\"headline\":\"PRONUNCIAMIENTO DE LA CONFENIAE SOBRE LA SITUACI\u00d3N DE LOS PUEBLOS IND\u00cdGENAS EN AISLAMIENTO VOLUNTARIO\",\"datePublished\":\"2013-03-20T14:41:00+00:00\",\"dateModified\":\"2023-03-02T06:22:39+00:00\",\"mainEntityOfPage\":{\"@id\":\"https:\\\/\\\/pachamamitaecu.org\\\/es_es\\\/2013\\\/03\\\/20\\\/pronunciamiento-de-la-confeniae-sobre-la-situacion-de-los-pueblos-indigenas-en-aislamiento-voluntario\\\/\"},\"wordCount\":560,\"publisher\":{\"@id\":\"https:\\\/\\\/pachamamitaecu.org\\\/es_es\\\/#organization\"},\"image\":{\"@id\":\"https:\\\/\\\/pachamamitaecu.org\\\/es_es\\\/2013\\\/03\\\/20\\\/pronunciamiento-de-la-confeniae-sobre-la-situacion-de-los-pueblos-indigenas-en-aislamiento-voluntario\\\/#primaryimage\"},\"thumbnailUrl\":\"http:\\\/\\\/2.bp.blogspot.com\\\/-VltoxFw7ZIQ\\\/UUnKY7LbjWI\\\/AAAAAAAADls\\\/Ai5g0fj9bts\\\/s1600\\\/aislamiento+voluntario1-ayi.jpg\",\"articleSection\":[\"MADERA PETROLEO Y RESISTENCIA\",\"pueblos indigenas\",\"ronda petrolera\"],\"inLanguage\":\"en-US\"},{\"@type\":\"WebPage\",\"@id\":\"https:\\\/\\\/pachamamitaecu.org\\\/es_es\\\/2013\\\/03\\\/20\\\/pronunciamiento-de-la-confeniae-sobre-la-situacion-de-los-pueblos-indigenas-en-aislamiento-voluntario\\\/\",\"url\":\"https:\\\/\\\/pachamamitaecu.org\\\/es_es\\\/2013\\\/03\\\/20\\\/pronunciamiento-de-la-confeniae-sobre-la-situacion-de-los-pueblos-indigenas-en-aislamiento-voluntario\\\/\",\"name\":\"PRONUNCIAMIENTO DE LA CONFENIAE SOBRE LA SITUACI\u00d3N DE LOS PUEBLOS IND\u00cdGENAS EN AISLAMIENTO VOLUNTARIO - PachaMamita Ecuador\",\"isPartOf\":{\"@id\":\"https:\\\/\\\/pachamamitaecu.org\\\/es_es\\\/#website\"},\"primaryImageOfPage\":{\"@id\":\"https:\\\/\\\/pachamamitaecu.org\\\/es_es\\\/2013\\\/03\\\/20\\\/pronunciamiento-de-la-confeniae-sobre-la-situacion-de-los-pueblos-indigenas-en-aislamiento-voluntario\\\/#primaryimage\"},\"image\":{\"@id\":\"https:\\\/\\\/pachamamitaecu.org\\\/es_es\\\/2013\\\/03\\\/20\\\/pronunciamiento-de-la-confeniae-sobre-la-situacion-de-los-pueblos-indigenas-en-aislamiento-voluntario\\\/#primaryimage\"},\"thumbnailUrl\":\"http:\\\/\\\/2.bp.blogspot.com\\\/-VltoxFw7ZIQ\\\/UUnKY7LbjWI\\\/AAAAAAAADls\\\/Ai5g0fj9bts\\\/s1600\\\/aislamiento+voluntario1-ayi.jpg\",\"datePublished\":\"2013-03-20T14:41:00+00:00\",\"dateModified\":\"2023-03-02T06:22:39+00:00\",\"breadcrumb\":{\"@id\":\"https:\\\/\\\/pachamamitaecu.org\\\/es_es\\\/2013\\\/03\\\/20\\\/pronunciamiento-de-la-confeniae-sobre-la-situacion-de-los-pueblos-indigenas-en-aislamiento-voluntario\\\/#breadcrumb\"},\"inLanguage\":\"en-US\",\"potentialAction\":[{\"@type\":\"ReadAction\",\"target\":[\"https:\\\/\\\/pachamamitaecu.org\\\/es_es\\\/2013\\\/03\\\/20\\\/pronunciamiento-de-la-confeniae-sobre-la-situacion-de-los-pueblos-indigenas-en-aislamiento-voluntario\\\/\"]}]},{\"@type\":\"ImageObject\",\"inLanguage\":\"en-US\",\"@id\":\"https:\\\/\\\/pachamamitaecu.org\\\/es_es\\\/2013\\\/03\\\/20\\\/pronunciamiento-de-la-confeniae-sobre-la-situacion-de-los-pueblos-indigenas-en-aislamiento-voluntario\\\/#primaryimage\",\"url\":\"http:\\\/\\\/2.bp.blogspot.com\\\/-VltoxFw7ZIQ\\\/UUnKY7LbjWI\\\/AAAAAAAADls\\\/Ai5g0fj9bts\\\/s1600\\\/aislamiento+voluntario1-ayi.jpg\",\"contentUrl\":\"http:\\\/\\\/2.bp.blogspot.com\\\/-VltoxFw7ZIQ\\\/UUnKY7LbjWI\\\/AAAAAAAADls\\\/Ai5g0fj9bts\\\/s1600\\\/aislamiento+voluntario1-ayi.jpg\"},{\"@type\":\"BreadcrumbList\",\"@id\":\"https:\\\/\\\/pachamamitaecu.org\\\/es_es\\\/2013\\\/03\\\/20\\\/pronunciamiento-de-la-confeniae-sobre-la-situacion-de-los-pueblos-indigenas-en-aislamiento-voluntario\\\/#breadcrumb\",\"itemListElement\":[{\"@type\":\"ListItem\",\"position\":1,\"name\":\"Portada\",\"item\":\"https:\\\/\\\/pachamamitaecu.org\\\/es_es\\\/\"},{\"@type\":\"ListItem\",\"position\":2,\"name\":\"PRONUNCIAMIENTO DE LA CONFENIAE SOBRE LA SITUACI\u00d3N DE LOS PUEBLOS IND\u00cdGENAS EN AISLAMIENTO VOLUNTARIO\"}]},{\"@type\":\"WebSite\",\"@id\":\"https:\\\/\\\/pachamamitaecu.org\\\/es_es\\\/#website\",\"url\":\"https:\\\/\\\/pachamamitaecu.org\\\/es_es\\\/\",\"name\":\"PachaMamita Ecuador\",\"description\":\"CULTURA. AGROECOLOG\u00cdA. TURISMO Y CONSUMO RESPONSABLE-ECUADOR.\",\"publisher\":{\"@id\":\"https:\\\/\\\/pachamamitaecu.org\\\/es_es\\\/#organization\"},\"potentialAction\":[{\"@type\":\"SearchAction\",\"target\":{\"@type\":\"EntryPoint\",\"urlTemplate\":\"https:\\\/\\\/pachamamitaecu.org\\\/es_es\\\/?s={search_term_string}\"},\"query-input\":{\"@type\":\"PropertyValueSpecification\",\"valueRequired\":true,\"valueName\":\"search_term_string\"}}],\"inLanguage\":\"en-US\"},{\"@type\":\"Organization\",\"@id\":\"https:\\\/\\\/pachamamitaecu.org\\\/es_es\\\/#organization\",\"name\":\"PachaMamita Ecuador\",\"url\":\"https:\\\/\\\/pachamamitaecu.org\\\/es_es\\\/\",\"logo\":{\"@type\":\"ImageObject\",\"inLanguage\":\"en-US\",\"@id\":\"https:\\\/\\\/pachamamitaecu.org\\\/es_es\\\/#\\\/schema\\\/logo\\\/image\\\/\",\"url\":\"https:\\\/\\\/pachamamitaecu.org\\\/wp-content\\\/uploads\\\/2024\\\/04\\\/cropped-Diseno-sin-titulo-13.png\",\"contentUrl\":\"https:\\\/\\\/pachamamitaecu.org\\\/wp-content\\\/uploads\\\/2024\\\/04\\\/cropped-Diseno-sin-titulo-13.png\",\"width\":512,\"height\":512,\"caption\":\"PachaMamita Ecuador\"},\"image\":{\"@id\":\"https:\\\/\\\/pachamamitaecu.org\\\/es_es\\\/#\\\/schema\\\/logo\\\/image\\\/\"},\"sameAs\":[\"https:\\\/\\\/www.facebook.com\\\/pachamamitaecu\"]},{\"@type\":\"Person\",\"@id\":\"https:\\\/\\\/pachamamitaecu.org\\\/es_es\\\/#\\\/schema\\\/person\\\/e8b42afae2451fadab5e0295f02c4593\",\"name\":\"PachaMamita EC\",\"image\":{\"@type\":\"ImageObject\",\"inLanguage\":\"en-US\",\"@id\":\"https:\\\/\\\/pachamamitaecu.org\\\/wp-content\\\/litespeed\\\/avatar\\\/23494c9101089ad44ae88ce9d2f56aac.jpg?ver=1777350952\",\"url\":\"https:\\\/\\\/pachamamitaecu.org\\\/wp-content\\\/litespeed\\\/avatar\\\/23494c9101089ad44ae88ce9d2f56aac.jpg?ver=1777350952\",\"contentUrl\":\"https:\\\/\\\/pachamamitaecu.org\\\/wp-content\\\/litespeed\\\/avatar\\\/23494c9101089ad44ae88ce9d2f56aac.jpg?ver=1777350952\",\"caption\":\"PachaMamita EC\"},\"url\":\"https:\\\/\\\/pachamamitaecu.org\\\/en\\\/author\\\/pachamamita-ec\\\/\"}]}<\/script>\n<!-- \/ Yoast SEO Premium plugin. -->","yoast_head_json":{"title":"CONFENIAE STATEMENT ON THE SITUATION OF INDIGENOUS PEOPLES IN VOLUNTARY ISOLATION - PachaMamita Ecuador","robots":{"index":"index","follow":"follow","max-snippet":"max-snippet:-1","max-image-preview":"max-image-preview:large","max-video-preview":"max-video-preview:-1"},"canonical":"https:\/\/pachamamitaecu.org\/en\/2013\/03\/20\/statement-by-the-confeniae-on-the-situation-of-indigenous-peoples-in-voluntary-isolation\/","og_locale":"en_US","og_type":"article","og_title":"PRONUNCIAMIENTO DE LA CONFENIAE SOBRE LA SITUACI\u00d3N DE LOS PUEBLOS IND\u00cdGENAS EN AISLAMIENTO VOLUNTARIO","og_description":"La Confederaci\u00f3n de Nacionalidades Ind\u00edgenas de la Amazonia Ecuatoriana CONFENIAE, frente a los sucesos acontecidos entre nuestros hermanos de la Nacionalidad Waorani y los Pueblos Tagaeri y Taromenane, expresa su preocupaci\u00f3n por el acoso que los pueblos ind\u00edgenas sufrimos en el territorio que nos da la vida y exhorta al Estado ecuatoriano a implementar las [...]","og_url":"https:\/\/pachamamitaecu.org\/en\/2013\/03\/20\/statement-by-the-confeniae-on-the-situation-of-indigenous-peoples-in-voluntary-isolation\/","og_site_name":"PachaMamita Ecuador","article_publisher":"https:\/\/www.facebook.com\/pachamamitaecu","article_published_time":"2013-03-20T14:41:00+00:00","article_modified_time":"2023-03-02T06:22:39+00:00","og_image":[{"url":"http:\/\/2.bp.blogspot.com\/-VltoxFw7ZIQ\/UUnKY7LbjWI\/AAAAAAAADls\/Ai5g0fj9bts\/s1600\/aislamiento+voluntario1-ayi.jpg","type":"","width":"","height":""}],"author":"PachaMamita EC","twitter_card":"summary_large_image","twitter_misc":{"Written by":"PachaMamita EC","Est. reading time":"3 minutes"},"schema":{"@context":"https:\/\/schema.org","@graph":[{"@type":"Article","@id":"https:\/\/pachamamitaecu.org\/es_es\/2013\/03\/20\/pronunciamiento-de-la-confeniae-sobre-la-situacion-de-los-pueblos-indigenas-en-aislamiento-voluntario\/#article","isPartOf":{"@id":"https:\/\/pachamamitaecu.org\/es_es\/2013\/03\/20\/pronunciamiento-de-la-confeniae-sobre-la-situacion-de-los-pueblos-indigenas-en-aislamiento-voluntario\/"},"author":{"name":"PachaMamita EC","@id":"https:\/\/pachamamitaecu.org\/es_es\/#\/schema\/person\/e8b42afae2451fadab5e0295f02c4593"},"headline":"PRONUNCIAMIENTO DE LA CONFENIAE SOBRE LA SITUACI\u00d3N DE LOS PUEBLOS IND\u00cdGENAS EN AISLAMIENTO VOLUNTARIO","datePublished":"2013-03-20T14:41:00+00:00","dateModified":"2023-03-02T06:22:39+00:00","mainEntityOfPage":{"@id":"https:\/\/pachamamitaecu.org\/es_es\/2013\/03\/20\/pronunciamiento-de-la-confeniae-sobre-la-situacion-de-los-pueblos-indigenas-en-aislamiento-voluntario\/"},"wordCount":560,"publisher":{"@id":"https:\/\/pachamamitaecu.org\/es_es\/#organization"},"image":{"@id":"https:\/\/pachamamitaecu.org\/es_es\/2013\/03\/20\/pronunciamiento-de-la-confeniae-sobre-la-situacion-de-los-pueblos-indigenas-en-aislamiento-voluntario\/#primaryimage"},"thumbnailUrl":"http:\/\/2.bp.blogspot.com\/-VltoxFw7ZIQ\/UUnKY7LbjWI\/AAAAAAAADls\/Ai5g0fj9bts\/s1600\/aislamiento+voluntario1-ayi.jpg","articleSection":["MADERA PETROLEO Y RESISTENCIA","pueblos indigenas","ronda petrolera"],"inLanguage":"en-US"},{"@type":"WebPage","@id":"https:\/\/pachamamitaecu.org\/es_es\/2013\/03\/20\/pronunciamiento-de-la-confeniae-sobre-la-situacion-de-los-pueblos-indigenas-en-aislamiento-voluntario\/","url":"https:\/\/pachamamitaecu.org\/es_es\/2013\/03\/20\/pronunciamiento-de-la-confeniae-sobre-la-situacion-de-los-pueblos-indigenas-en-aislamiento-voluntario\/","name":"CONFENIAE STATEMENT ON THE SITUATION OF INDIGENOUS PEOPLES IN VOLUNTARY ISOLATION - PachaMamita Ecuador","isPartOf":{"@id":"https:\/\/pachamamitaecu.org\/es_es\/#website"},"primaryImageOfPage":{"@id":"https:\/\/pachamamitaecu.org\/es_es\/2013\/03\/20\/pronunciamiento-de-la-confeniae-sobre-la-situacion-de-los-pueblos-indigenas-en-aislamiento-voluntario\/#primaryimage"},"image":{"@id":"https:\/\/pachamamitaecu.org\/es_es\/2013\/03\/20\/pronunciamiento-de-la-confeniae-sobre-la-situacion-de-los-pueblos-indigenas-en-aislamiento-voluntario\/#primaryimage"},"thumbnailUrl":"http:\/\/2.bp.blogspot.com\/-VltoxFw7ZIQ\/UUnKY7LbjWI\/AAAAAAAADls\/Ai5g0fj9bts\/s1600\/aislamiento+voluntario1-ayi.jpg","datePublished":"2013-03-20T14:41:00+00:00","dateModified":"2023-03-02T06:22:39+00:00","breadcrumb":{"@id":"https:\/\/pachamamitaecu.org\/es_es\/2013\/03\/20\/pronunciamiento-de-la-confeniae-sobre-la-situacion-de-los-pueblos-indigenas-en-aislamiento-voluntario\/#breadcrumb"},"inLanguage":"en-US","potentialAction":[{"@type":"ReadAction","target":["https:\/\/pachamamitaecu.org\/es_es\/2013\/03\/20\/pronunciamiento-de-la-confeniae-sobre-la-situacion-de-los-pueblos-indigenas-en-aislamiento-voluntario\/"]}]},{"@type":"ImageObject","inLanguage":"en-US","@id":"https:\/\/pachamamitaecu.org\/es_es\/2013\/03\/20\/pronunciamiento-de-la-confeniae-sobre-la-situacion-de-los-pueblos-indigenas-en-aislamiento-voluntario\/#primaryimage","url":"http:\/\/2.bp.blogspot.com\/-VltoxFw7ZIQ\/UUnKY7LbjWI\/AAAAAAAADls\/Ai5g0fj9bts\/s1600\/aislamiento+voluntario1-ayi.jpg","contentUrl":"http:\/\/2.bp.blogspot.com\/-VltoxFw7ZIQ\/UUnKY7LbjWI\/AAAAAAAADls\/Ai5g0fj9bts\/s1600\/aislamiento+voluntario1-ayi.jpg"},{"@type":"BreadcrumbList","@id":"https:\/\/pachamamitaecu.org\/es_es\/2013\/03\/20\/pronunciamiento-de-la-confeniae-sobre-la-situacion-de-los-pueblos-indigenas-en-aislamiento-voluntario\/#breadcrumb","itemListElement":[{"@type":"ListItem","position":1,"name":"Portada","item":"https:\/\/pachamamitaecu.org\/es_es\/"},{"@type":"ListItem","position":2,"name":"PRONUNCIAMIENTO DE LA CONFENIAE SOBRE LA SITUACI\u00d3N DE LOS PUEBLOS IND\u00cdGENAS EN AISLAMIENTO VOLUNTARIO"}]},{"@type":"WebSite","@id":"https:\/\/pachamamitaecu.org\/es_es\/#website","url":"https:\/\/pachamamitaecu.org\/es_es\/","name":"PachaMamita Ecuador","description":"CULTURE. AGROECOLOGY. TOURISM AND RESPONSIBLE CONSUMPTION-ECUADOR.","publisher":{"@id":"https:\/\/pachamamitaecu.org\/es_es\/#organization"},"potentialAction":[{"@type":"SearchAction","target":{"@type":"EntryPoint","urlTemplate":"https:\/\/pachamamitaecu.org\/es_es\/?s={search_term_string}"},"query-input":{"@type":"PropertyValueSpecification","valueRequired":true,"valueName":"search_term_string"}}],"inLanguage":"en-US"},{"@type":"Organization","@id":"https:\/\/pachamamitaecu.org\/es_es\/#organization","name":"PachaMamita Ecuador","url":"https:\/\/pachamamitaecu.org\/es_es\/","logo":{"@type":"ImageObject","inLanguage":"en-US","@id":"https:\/\/pachamamitaecu.org\/es_es\/#\/schema\/logo\/image\/","url":"https:\/\/pachamamitaecu.org\/wp-content\/uploads\/2024\/04\/cropped-Diseno-sin-titulo-13.png","contentUrl":"https:\/\/pachamamitaecu.org\/wp-content\/uploads\/2024\/04\/cropped-Diseno-sin-titulo-13.png","width":512,"height":512,"caption":"PachaMamita Ecuador"},"image":{"@id":"https:\/\/pachamamitaecu.org\/es_es\/#\/schema\/logo\/image\/"},"sameAs":["https:\/\/www.facebook.com\/pachamamitaecu"]},{"@type":"Person","@id":"https:\/\/pachamamitaecu.org\/es_es\/#\/schema\/person\/e8b42afae2451fadab5e0295f02c4593","name":"PachaMamita EC","image":{"@type":"ImageObject","inLanguage":"en-US","@id":"https:\/\/pachamamitaecu.org\/wp-content\/litespeed\/avatar\/23494c9101089ad44ae88ce9d2f56aac.jpg?ver=1777350952","url":"https:\/\/pachamamitaecu.org\/wp-content\/litespeed\/avatar\/23494c9101089ad44ae88ce9d2f56aac.jpg?ver=1777350952","contentUrl":"https:\/\/pachamamitaecu.org\/wp-content\/litespeed\/avatar\/23494c9101089ad44ae88ce9d2f56aac.jpg?ver=1777350952","caption":"PachaMamita EC"},"url":"https:\/\/pachamamitaecu.org\/en\/author\/pachamamita-ec\/"}]}},"_links":{"self":[{"href":"https:\/\/pachamamitaecu.org\/en\/wp-json\/wp\/v2\/posts\/757","targetHints":{"allow":["GET"]}}],"collection":[{"href":"https:\/\/pachamamitaecu.org\/en\/wp-json\/wp\/v2\/posts"}],"about":[{"href":"https:\/\/pachamamitaecu.org\/en\/wp-json\/wp\/v2\/types\/post"}],"author":[{"embeddable":true,"href":"https:\/\/pachamamitaecu.org\/en\/wp-json\/wp\/v2\/users\/3"}],"replies":[{"embeddable":true,"href":"https:\/\/pachamamitaecu.org\/en\/wp-json\/wp\/v2\/comments?post=757"}],"version-history":[{"count":0,"href":"https:\/\/pachamamitaecu.org\/en\/wp-json\/wp\/v2\/posts\/757\/revisions"}],"wp:attachment":[{"href":"https:\/\/pachamamitaecu.org\/en\/wp-json\/wp\/v2\/media?parent=757"}],"wp:term":[{"taxonomy":"category","embeddable":true,"href":"https:\/\/pachamamitaecu.org\/en\/wp-json\/wp\/v2\/categories?post=757"},{"taxonomy":"post_tag","embeddable":true,"href":"https:\/\/pachamamitaecu.org\/en\/wp-json\/wp\/v2\/tags?post=757"}],"curies":[{"name":"wp","href":"https:\/\/api.w.org\/{rel}","templated":true}]}}