{"id":880,"date":"2012-07-23T07:12:00","date_gmt":"2012-07-23T07:12:00","guid":{"rendered":"http:\/\/pachamamitaecu-org-720647.hostingersite.com\/2012\/07\/23\/lo-primero-es-lo-primero\/"},"modified":"2012-07-23T07:12:00","modified_gmt":"2012-07-23T07:12:00","slug":"lo-primero-es-lo-primero","status":"publish","type":"post","link":"https:\/\/pachamamitaecu.org\/en\/2012\/07\/23\/first-things-first\/","title":{"rendered":"First things first"},"content":{"rendered":"<div style=\"clear: both; text-align: center;\"><a href=\"http:\/\/1.bp.blogspot.com\/_ZWuzfyCxKMs\/TFl7x4YSOsI\/AAAAAAAAAY8\/gjhHc7a5qH4\/s1600\/first+things+first.jpeg\" style=\"clear: left; float: left; margin-bottom: 1em; margin-right: 1em; text-align: justify;\"><img decoding=\"async\" border=\"0\" data-src=\"http:\/\/1.bp.blogspot.com\/_ZWuzfyCxKMs\/TFl7x4YSOsI\/AAAAAAAAAY8\/gjhHc7a5qH4\/s320\/first+things+first.jpeg\" src=\"data:image\/svg+xml;base64,PHN2ZyB3aWR0aD0iMSIgaGVpZ2h0PSIxIiB4bWxucz0iaHR0cDovL3d3dy53My5vcmcvMjAwMC9zdmciPjwvc3ZnPg==\" class=\"lazyload\" \/><\/a><\/div>\n<p><span style=\"font-family: Georgia, 'Times New Roman', serif;\"><\/p>\n<div style=\"text-align: justify;\"><span style=\"background-color: white;\">The First Things First Manifesto was originally written in 1963 and caused quite a stir at the time. It attacked the consumerist culture that was only interested in buying and selling things, and claimed the humanistic dimension of graphic design.<\/span><\/div>\n<div style=\"text-align: justify;\"><\/div>\n<div style=\"text-align: justify;\"><span style=\"background-color: white;\">It was updated by a new group of designers in 2000: and now we put it out there for everyone to see:<\/span><\/div>\n<div style=\"text-align: justify;\"><\/div>\n<div style=\"text-align: justify;\"><span style=\"background-color: white;\">We, the undersigned, are graphic designers, art directors and visual communicators who have been educated in a world in which we have been led to believe that advertising and its techniques represent the most lucrative, effective and desirable way to use our talents. Many designers, professors and teachers promote this belief; the market rewards it; numerous books and publications reinforce it.<\/span><\/div>\n<div style=\"text-align: justify;\"><\/div>\n<div style=\"text-align: justify;\"><span style=\"background-color: white;\">Pushed in this direction, designers apply their skills and imagination to sell dog biscuits, designer coffee, diamonds, detergents, hair gel, cigarettes, credit cards, sneakers, butt-toning creams, light beer, and all-terrain vehicles. Commercial work has always paid the bills, but many graphic designers have allowed it to appear, somehow, that this is what designers do. This, in turn, becomes how the world perceives design. The profession&#039;s time and energy is spent building demand for objects that are at best unnecessary.<\/span><\/div>\n<div style=\"text-align: justify;\"><\/div>\n<div style=\"text-align: justify;\"><span style=\"background-color: white;\">Many of us are uncomfortable with this view of design. Designers who devote their efforts primarily to advertising, marketing, and branding are advocates for, and implicitly condone, a mental environment so saturated with commercial messages that it is affecting the very way consumers speak, think, feel, respond, and interact. In some ways we are all helping to write a code of public discourse that is so damaging that it is impossible to quantify it.<\/span><\/div>\n<div style=\"text-align: justify;\"><\/div>\n<div style=\"text-align: justify;\"><span style=\"background-color: white;\">There are more worthy objectives to which we can apply our problem-solving skills. This unprecedented environmental, social and cultural crisis deserves our attention. Many cultural interventions, social marketing campaigns, books, magazines, exhibitions, educational tools, TV programmes, films, charitable causes and other visual information projects urgently require our expertise and help.<\/span><\/div>\n<div style=\"text-align: justify;\"><\/div>\n<div style=\"text-align: justify;\"><span style=\"background-color: white;\">We propose a shift in priorities in favour of a more useful, lasting and democratic way of communicating \u2013 a mentality that is further removed from marketing and towards the search for and production of a new type of meaning. The margin for debate<\/span><\/div>\n<div style=\"text-align: justify;\"><span style=\"background-color: white;\">is shrinking; it must grow. No one responds to consumerism; it must be challenged by other perspectives expressed, in part, through visual language and design resources.<\/span><\/div>\n<div style=\"text-align: justify;\"><\/div>\n<div style=\"text-align: justify;\"><span style=\"background-color: white;\">In 1964, 22 visual communication professionals signed the original manifesto to make more responsible use of our talent. With the explosion of global communication culture, their message is even more urgent today. Today, we renew&nbsp;<\/span><span style=\"background-color: white;\">his manifesto in the hope that it will not be too many decades before it becomes a reality.<\/span><\/div>\n<p><\/span><\/p>\n<div class=\"pvc_clear\"><\/div>\n<p id=\"pvc_stats_880\" class=\"pvc_stats total_only\" data-element-id=\"880\" style=\"\"><i class=\"pvc-stats-icon medium\" aria-hidden=\"true\"><svg aria-hidden=\"true\" focusable=\"false\" data-prefix=\"far\" data-icon=\"chart-bar\" role=\"img\" xmlns=\"http:\/\/www.w3.org\/2000\/svg\" viewbox=\"0 0 512 512\" class=\"svg-inline--fa fa-chart-bar fa-w-16 fa-2x\"><path fill=\"currentColor\" d=\"M396.8 352h22.4c6.4 0 12.8-6.4 12.8-12.8V108.8c0-6.4-6.4-12.8-12.8-12.8h-22.4c-6.4 0-12.8 6.4-12.8 12.8v230.4c0 6.4 6.4 12.8 12.8 12.8zm-192 0h22.4c6.4 0 12.8-6.4 12.8-12.8V140.8c0-6.4-6.4-12.8-12.8-12.8h-22.4c-6.4 0-12.8 6.4-12.8 12.8v198.4c0 6.4 6.4 12.8 12.8 12.8zm96 0h22.4c6.4 0 12.8-6.4 12.8-12.8V204.8c0-6.4-6.4-12.8-12.8-12.8h-22.4c-6.4 0-12.8 6.4-12.8 12.8v134.4c0 6.4 6.4 12.8 12.8 12.8zM496 400H48V80c0-8.84-7.16-16-16-16H16C7.16 64 0 71.16 0 80v336c0 17.67 14.33 32 32 32h464c8.84 0 16-7.16 16-16v-16c0-8.84-7.16-16-16-16zm-387.2-48h22.4c6.4 0 12.8-6.4 12.8-12.8v-70.4c0-6.4-6.4-12.8-12.8-12.8h-22.4c-6.4 0-12.8 6.4-12.8 12.8v70.4c0 6.4 6.4 12.8 12.8 12.8z\" class=\"\"><\/path><\/svg><\/i> <img decoding=\"async\" width=\"16\" height=\"16\" alt=\"Loading\" data-src=\"https:\/\/pachamamitaecu.org\/wp-content\/plugins\/page-views-count\/ajax-loader-2x.gif\" border=\"0\" src=\"data:image\/svg+xml;base64,PHN2ZyB3aWR0aD0iMSIgaGVpZ2h0PSIxIiB4bWxucz0iaHR0cDovL3d3dy53My5vcmcvMjAwMC9zdmciPjwvc3ZnPg==\" class=\"lazyload\" style=\"--smush-placeholder-width: 16px; --smush-placeholder-aspect-ratio: 16\/16;\" \/><\/p>\n<div class=\"pvc_clear\"><\/div>","protected":false},"excerpt":{"rendered":"<p>The First Things First Manifesto (El Manifiesto Lo primero es lo primero) fue escrito originalmente en 1963 y caus\u00f3 mucho revuelo en su \u00e9poca. Atacaba a la cultura consumista que s\u00f3lo se interesaba por comprar y vender cosas, y reivindicaba la dimensi\u00f3n humanista del dise\u00f1o gr\u00e1fico. Fue puesto al d\u00eda por un nuevo grupo de [&#8230;]\n","protected":false},"author":3,"featured_media":0,"comment_status":"open","ping_status":"closed","sticky":false,"template":"","format":"standard","meta":{"footnotes":""},"categories":[140],"tags":[],"class_list":["post-880","post","type-post","status-publish","format-standard","hentry","category-personajes-peninsulares"],"a3_pvc":{"activated":true,"total_views":47,"today_views":0},"yoast_head":"<!-- This site is optimized with the Yoast SEO Premium plugin v24.2 (Yoast SEO v27.4) - https:\/\/yoast.com\/product\/yoast-seo-premium-wordpress\/ -->\n<title>Lo primero es lo primero - PachaMamita Ecuador<\/title>\n<meta name=\"robots\" content=\"index, follow, max-snippet:-1, max-image-preview:large, max-video-preview:-1\" \/>\n<link rel=\"canonical\" href=\"https:\/\/pachamamitaecu.org\/en\/2012\/07\/23\/first-things-first\/\" \/>\n<meta property=\"og:locale\" content=\"en_US\" \/>\n<meta property=\"og:type\" content=\"article\" \/>\n<meta property=\"og:title\" content=\"Lo primero es lo primero\" \/>\n<meta property=\"og:description\" content=\"The First Things First Manifesto (El Manifiesto Lo primero es lo primero) fue escrito originalmente en 1963 y caus\u00f3 mucho revuelo en su \u00e9poca. Atacaba a la cultura consumista que s\u00f3lo se interesaba por comprar y vender cosas, y reivindicaba la dimensi\u00f3n humanista del dise\u00f1o gr\u00e1fico. Fue puesto al d\u00eda por un nuevo grupo de [...]\" \/>\n<meta property=\"og:url\" content=\"https:\/\/pachamamitaecu.org\/en\/2012\/07\/23\/first-things-first\/\" \/>\n<meta property=\"og:site_name\" content=\"PachaMamita Ecuador\" \/>\n<meta property=\"article:publisher\" content=\"https:\/\/www.facebook.com\/pachamamitaecu\" \/>\n<meta property=\"article:published_time\" content=\"2012-07-23T07:12:00+00:00\" \/>\n<meta property=\"og:image\" content=\"http:\/\/1.bp.blogspot.com\/_ZWuzfyCxKMs\/TFl7x4YSOsI\/AAAAAAAAAY8\/gjhHc7a5qH4\/s320\/first+things+first.jpeg\" \/>\n<meta name=\"author\" content=\"PachaMamita EC\" \/>\n<meta name=\"twitter:card\" content=\"summary_large_image\" \/>\n<meta name=\"twitter:label1\" content=\"Written by\" \/>\n\t<meta name=\"twitter:data1\" content=\"PachaMamita EC\" \/>\n\t<meta name=\"twitter:label2\" content=\"Est. reading time\" \/>\n\t<meta name=\"twitter:data2\" content=\"3 minutes\" \/>\n<script type=\"application\/ld+json\" class=\"yoast-schema-graph\">{\"@context\":\"https:\\\/\\\/schema.org\",\"@graph\":[{\"@type\":\"Article\",\"@id\":\"https:\\\/\\\/pachamamitaecu.org\\\/en\\\/2012\\\/07\\\/23\\\/first-things-first\\\/#article\",\"isPartOf\":{\"@id\":\"https:\\\/\\\/pachamamitaecu.org\\\/en\\\/2012\\\/07\\\/23\\\/first-things-first\\\/\"},\"author\":{\"name\":\"PachaMamita EC\",\"@id\":\"https:\\\/\\\/pachamamitaecu.org\\\/es_es\\\/#\\\/schema\\\/person\\\/e8b42afae2451fadab5e0295f02c4593\"},\"headline\":\"Lo primero es lo primero\",\"datePublished\":\"2012-07-23T07:12:00+00:00\",\"mainEntityOfPage\":{\"@id\":\"https:\\\/\\\/pachamamitaecu.org\\\/en\\\/2012\\\/07\\\/23\\\/first-things-first\\\/\"},\"wordCount\":563,\"commentCount\":0,\"publisher\":{\"@id\":\"https:\\\/\\\/pachamamitaecu.org\\\/es_es\\\/#organization\"},\"image\":{\"@id\":\"https:\\\/\\\/pachamamitaecu.org\\\/en\\\/2012\\\/07\\\/23\\\/first-things-first\\\/#primaryimage\"},\"thumbnailUrl\":\"http:\\\/\\\/1.bp.blogspot.com\\\/_ZWuzfyCxKMs\\\/TFl7x4YSOsI\\\/AAAAAAAAAY8\\\/gjhHc7a5qH4\\\/s320\\\/first+things+first.jpeg\",\"articleSection\":[\"PERSONAJES PENINSULARES\"],\"inLanguage\":\"en-US\",\"potentialAction\":[{\"@type\":\"CommentAction\",\"name\":\"Comment\",\"target\":[\"https:\\\/\\\/pachamamitaecu.org\\\/en\\\/2012\\\/07\\\/23\\\/first-things-first\\\/#respond\"]}]},{\"@type\":\"WebPage\",\"@id\":\"https:\\\/\\\/pachamamitaecu.org\\\/en\\\/2012\\\/07\\\/23\\\/first-things-first\\\/\",\"url\":\"https:\\\/\\\/pachamamitaecu.org\\\/en\\\/2012\\\/07\\\/23\\\/first-things-first\\\/\",\"name\":\"Lo primero es lo primero - PachaMamita Ecuador\",\"isPartOf\":{\"@id\":\"https:\\\/\\\/pachamamitaecu.org\\\/es_es\\\/#website\"},\"primaryImageOfPage\":{\"@id\":\"https:\\\/\\\/pachamamitaecu.org\\\/en\\\/2012\\\/07\\\/23\\\/first-things-first\\\/#primaryimage\"},\"image\":{\"@id\":\"https:\\\/\\\/pachamamitaecu.org\\\/en\\\/2012\\\/07\\\/23\\\/first-things-first\\\/#primaryimage\"},\"thumbnailUrl\":\"http:\\\/\\\/1.bp.blogspot.com\\\/_ZWuzfyCxKMs\\\/TFl7x4YSOsI\\\/AAAAAAAAAY8\\\/gjhHc7a5qH4\\\/s320\\\/first+things+first.jpeg\",\"datePublished\":\"2012-07-23T07:12:00+00:00\",\"breadcrumb\":{\"@id\":\"https:\\\/\\\/pachamamitaecu.org\\\/en\\\/2012\\\/07\\\/23\\\/first-things-first\\\/#breadcrumb\"},\"inLanguage\":\"en-US\",\"potentialAction\":[{\"@type\":\"ReadAction\",\"target\":[\"https:\\\/\\\/pachamamitaecu.org\\\/en\\\/2012\\\/07\\\/23\\\/first-things-first\\\/\"]}]},{\"@type\":\"ImageObject\",\"inLanguage\":\"en-US\",\"@id\":\"https:\\\/\\\/pachamamitaecu.org\\\/en\\\/2012\\\/07\\\/23\\\/first-things-first\\\/#primaryimage\",\"url\":\"http:\\\/\\\/1.bp.blogspot.com\\\/_ZWuzfyCxKMs\\\/TFl7x4YSOsI\\\/AAAAAAAAAY8\\\/gjhHc7a5qH4\\\/s320\\\/first+things+first.jpeg\",\"contentUrl\":\"http:\\\/\\\/1.bp.blogspot.com\\\/_ZWuzfyCxKMs\\\/TFl7x4YSOsI\\\/AAAAAAAAAY8\\\/gjhHc7a5qH4\\\/s320\\\/first+things+first.jpeg\"},{\"@type\":\"BreadcrumbList\",\"@id\":\"https:\\\/\\\/pachamamitaecu.org\\\/en\\\/2012\\\/07\\\/23\\\/first-things-first\\\/#breadcrumb\",\"itemListElement\":[{\"@type\":\"ListItem\",\"position\":1,\"name\":\"Portada\",\"item\":\"https:\\\/\\\/pachamamitaecu.org\\\/es_es\\\/\"},{\"@type\":\"ListItem\",\"position\":2,\"name\":\"Lo primero es lo primero\"}]},{\"@type\":\"WebSite\",\"@id\":\"https:\\\/\\\/pachamamitaecu.org\\\/es_es\\\/#website\",\"url\":\"https:\\\/\\\/pachamamitaecu.org\\\/es_es\\\/\",\"name\":\"PachaMamita Ecuador\",\"description\":\"CULTURA. AGROECOLOG\u00cdA. TURISMO Y CONSUMO RESPONSABLE-ECUADOR.\",\"publisher\":{\"@id\":\"https:\\\/\\\/pachamamitaecu.org\\\/es_es\\\/#organization\"},\"potentialAction\":[{\"@type\":\"SearchAction\",\"target\":{\"@type\":\"EntryPoint\",\"urlTemplate\":\"https:\\\/\\\/pachamamitaecu.org\\\/es_es\\\/?s={search_term_string}\"},\"query-input\":{\"@type\":\"PropertyValueSpecification\",\"valueRequired\":true,\"valueName\":\"search_term_string\"}}],\"inLanguage\":\"en-US\"},{\"@type\":\"Organization\",\"@id\":\"https:\\\/\\\/pachamamitaecu.org\\\/es_es\\\/#organization\",\"name\":\"PachaMamita Ecuador\",\"url\":\"https:\\\/\\\/pachamamitaecu.org\\\/es_es\\\/\",\"logo\":{\"@type\":\"ImageObject\",\"inLanguage\":\"en-US\",\"@id\":\"https:\\\/\\\/pachamamitaecu.org\\\/es_es\\\/#\\\/schema\\\/logo\\\/image\\\/\",\"url\":\"https:\\\/\\\/pachamamitaecu.org\\\/wp-content\\\/uploads\\\/2024\\\/04\\\/cropped-Diseno-sin-titulo-13.png\",\"contentUrl\":\"https:\\\/\\\/pachamamitaecu.org\\\/wp-content\\\/uploads\\\/2024\\\/04\\\/cropped-Diseno-sin-titulo-13.png\",\"width\":512,\"height\":512,\"caption\":\"PachaMamita Ecuador\"},\"image\":{\"@id\":\"https:\\\/\\\/pachamamitaecu.org\\\/es_es\\\/#\\\/schema\\\/logo\\\/image\\\/\"},\"sameAs\":[\"https:\\\/\\\/www.facebook.com\\\/pachamamitaecu\"]},{\"@type\":\"Person\",\"@id\":\"https:\\\/\\\/pachamamitaecu.org\\\/es_es\\\/#\\\/schema\\\/person\\\/e8b42afae2451fadab5e0295f02c4593\",\"name\":\"PachaMamita EC\",\"image\":{\"@type\":\"ImageObject\",\"inLanguage\":\"en-US\",\"@id\":\"https:\\\/\\\/pachamamitaecu.org\\\/wp-content\\\/litespeed\\\/avatar\\\/23494c9101089ad44ae88ce9d2f56aac.jpg?ver=1777350952\",\"url\":\"https:\\\/\\\/pachamamitaecu.org\\\/wp-content\\\/litespeed\\\/avatar\\\/23494c9101089ad44ae88ce9d2f56aac.jpg?ver=1777350952\",\"contentUrl\":\"https:\\\/\\\/pachamamitaecu.org\\\/wp-content\\\/litespeed\\\/avatar\\\/23494c9101089ad44ae88ce9d2f56aac.jpg?ver=1777350952\",\"caption\":\"PachaMamita EC\"},\"url\":\"https:\\\/\\\/pachamamitaecu.org\\\/en\\\/author\\\/pachamamita-ec\\\/\"}]}<\/script>\n<!-- \/ Yoast SEO Premium plugin. -->","yoast_head_json":{"title":"First things first - PachaMamita Ecuador","robots":{"index":"index","follow":"follow","max-snippet":"max-snippet:-1","max-image-preview":"max-image-preview:large","max-video-preview":"max-video-preview:-1"},"canonical":"https:\/\/pachamamitaecu.org\/en\/2012\/07\/23\/first-things-first\/","og_locale":"en_US","og_type":"article","og_title":"Lo primero es lo primero","og_description":"The First Things First Manifesto (El Manifiesto Lo primero es lo primero) fue escrito originalmente en 1963 y caus\u00f3 mucho revuelo en su \u00e9poca. Atacaba a la cultura consumista que s\u00f3lo se interesaba por comprar y vender cosas, y reivindicaba la dimensi\u00f3n humanista del dise\u00f1o gr\u00e1fico. Fue puesto al d\u00eda por un nuevo grupo de [...]","og_url":"https:\/\/pachamamitaecu.org\/en\/2012\/07\/23\/first-things-first\/","og_site_name":"PachaMamita Ecuador","article_publisher":"https:\/\/www.facebook.com\/pachamamitaecu","article_published_time":"2012-07-23T07:12:00+00:00","og_image":[{"url":"http:\/\/1.bp.blogspot.com\/_ZWuzfyCxKMs\/TFl7x4YSOsI\/AAAAAAAAAY8\/gjhHc7a5qH4\/s320\/first+things+first.jpeg","type":"","width":"","height":""}],"author":"PachaMamita EC","twitter_card":"summary_large_image","twitter_misc":{"Written by":"PachaMamita EC","Est. reading time":"3 minutes"},"schema":{"@context":"https:\/\/schema.org","@graph":[{"@type":"Article","@id":"https:\/\/pachamamitaecu.org\/en\/2012\/07\/23\/first-things-first\/#article","isPartOf":{"@id":"https:\/\/pachamamitaecu.org\/en\/2012\/07\/23\/first-things-first\/"},"author":{"name":"PachaMamita EC","@id":"https:\/\/pachamamitaecu.org\/es_es\/#\/schema\/person\/e8b42afae2451fadab5e0295f02c4593"},"headline":"Lo primero es lo primero","datePublished":"2012-07-23T07:12:00+00:00","mainEntityOfPage":{"@id":"https:\/\/pachamamitaecu.org\/en\/2012\/07\/23\/first-things-first\/"},"wordCount":563,"commentCount":0,"publisher":{"@id":"https:\/\/pachamamitaecu.org\/es_es\/#organization"},"image":{"@id":"https:\/\/pachamamitaecu.org\/en\/2012\/07\/23\/first-things-first\/#primaryimage"},"thumbnailUrl":"http:\/\/1.bp.blogspot.com\/_ZWuzfyCxKMs\/TFl7x4YSOsI\/AAAAAAAAAY8\/gjhHc7a5qH4\/s320\/first+things+first.jpeg","articleSection":["PERSONAJES PENINSULARES"],"inLanguage":"en-US","potentialAction":[{"@type":"CommentAction","name":"Comment","target":["https:\/\/pachamamitaecu.org\/en\/2012\/07\/23\/first-things-first\/#respond"]}]},{"@type":"WebPage","@id":"https:\/\/pachamamitaecu.org\/en\/2012\/07\/23\/first-things-first\/","url":"https:\/\/pachamamitaecu.org\/en\/2012\/07\/23\/first-things-first\/","name":"First things first - PachaMamita Ecuador","isPartOf":{"@id":"https:\/\/pachamamitaecu.org\/es_es\/#website"},"primaryImageOfPage":{"@id":"https:\/\/pachamamitaecu.org\/en\/2012\/07\/23\/first-things-first\/#primaryimage"},"image":{"@id":"https:\/\/pachamamitaecu.org\/en\/2012\/07\/23\/first-things-first\/#primaryimage"},"thumbnailUrl":"http:\/\/1.bp.blogspot.com\/_ZWuzfyCxKMs\/TFl7x4YSOsI\/AAAAAAAAAY8\/gjhHc7a5qH4\/s320\/first+things+first.jpeg","datePublished":"2012-07-23T07:12:00+00:00","breadcrumb":{"@id":"https:\/\/pachamamitaecu.org\/en\/2012\/07\/23\/first-things-first\/#breadcrumb"},"inLanguage":"en-US","potentialAction":[{"@type":"ReadAction","target":["https:\/\/pachamamitaecu.org\/en\/2012\/07\/23\/first-things-first\/"]}]},{"@type":"ImageObject","inLanguage":"en-US","@id":"https:\/\/pachamamitaecu.org\/en\/2012\/07\/23\/first-things-first\/#primaryimage","url":"http:\/\/1.bp.blogspot.com\/_ZWuzfyCxKMs\/TFl7x4YSOsI\/AAAAAAAAAY8\/gjhHc7a5qH4\/s320\/first+things+first.jpeg","contentUrl":"http:\/\/1.bp.blogspot.com\/_ZWuzfyCxKMs\/TFl7x4YSOsI\/AAAAAAAAAY8\/gjhHc7a5qH4\/s320\/first+things+first.jpeg"},{"@type":"BreadcrumbList","@id":"https:\/\/pachamamitaecu.org\/en\/2012\/07\/23\/first-things-first\/#breadcrumb","itemListElement":[{"@type":"ListItem","position":1,"name":"Portada","item":"https:\/\/pachamamitaecu.org\/es_es\/"},{"@type":"ListItem","position":2,"name":"Lo primero es lo primero"}]},{"@type":"WebSite","@id":"https:\/\/pachamamitaecu.org\/es_es\/#website","url":"https:\/\/pachamamitaecu.org\/es_es\/","name":"PachaMamita Ecuador","description":"CULTURE. AGROECOLOGY. TOURISM AND RESPONSIBLE CONSUMPTION-ECUADOR.","publisher":{"@id":"https:\/\/pachamamitaecu.org\/es_es\/#organization"},"potentialAction":[{"@type":"SearchAction","target":{"@type":"EntryPoint","urlTemplate":"https:\/\/pachamamitaecu.org\/es_es\/?s={search_term_string}"},"query-input":{"@type":"PropertyValueSpecification","valueRequired":true,"valueName":"search_term_string"}}],"inLanguage":"en-US"},{"@type":"Organization","@id":"https:\/\/pachamamitaecu.org\/es_es\/#organization","name":"PachaMamita Ecuador","url":"https:\/\/pachamamitaecu.org\/es_es\/","logo":{"@type":"ImageObject","inLanguage":"en-US","@id":"https:\/\/pachamamitaecu.org\/es_es\/#\/schema\/logo\/image\/","url":"https:\/\/pachamamitaecu.org\/wp-content\/uploads\/2024\/04\/cropped-Diseno-sin-titulo-13.png","contentUrl":"https:\/\/pachamamitaecu.org\/wp-content\/uploads\/2024\/04\/cropped-Diseno-sin-titulo-13.png","width":512,"height":512,"caption":"PachaMamita Ecuador"},"image":{"@id":"https:\/\/pachamamitaecu.org\/es_es\/#\/schema\/logo\/image\/"},"sameAs":["https:\/\/www.facebook.com\/pachamamitaecu"]},{"@type":"Person","@id":"https:\/\/pachamamitaecu.org\/es_es\/#\/schema\/person\/e8b42afae2451fadab5e0295f02c4593","name":"PachaMamita EC","image":{"@type":"ImageObject","inLanguage":"en-US","@id":"https:\/\/pachamamitaecu.org\/wp-content\/litespeed\/avatar\/23494c9101089ad44ae88ce9d2f56aac.jpg?ver=1777350952","url":"https:\/\/pachamamitaecu.org\/wp-content\/litespeed\/avatar\/23494c9101089ad44ae88ce9d2f56aac.jpg?ver=1777350952","contentUrl":"https:\/\/pachamamitaecu.org\/wp-content\/litespeed\/avatar\/23494c9101089ad44ae88ce9d2f56aac.jpg?ver=1777350952","caption":"PachaMamita EC"},"url":"https:\/\/pachamamitaecu.org\/en\/author\/pachamamita-ec\/"}]}},"_links":{"self":[{"href":"https:\/\/pachamamitaecu.org\/en\/wp-json\/wp\/v2\/posts\/880","targetHints":{"allow":["GET"]}}],"collection":[{"href":"https:\/\/pachamamitaecu.org\/en\/wp-json\/wp\/v2\/posts"}],"about":[{"href":"https:\/\/pachamamitaecu.org\/en\/wp-json\/wp\/v2\/types\/post"}],"author":[{"embeddable":true,"href":"https:\/\/pachamamitaecu.org\/en\/wp-json\/wp\/v2\/users\/3"}],"replies":[{"embeddable":true,"href":"https:\/\/pachamamitaecu.org\/en\/wp-json\/wp\/v2\/comments?post=880"}],"version-history":[{"count":0,"href":"https:\/\/pachamamitaecu.org\/en\/wp-json\/wp\/v2\/posts\/880\/revisions"}],"wp:attachment":[{"href":"https:\/\/pachamamitaecu.org\/en\/wp-json\/wp\/v2\/media?parent=880"}],"wp:term":[{"taxonomy":"category","embeddable":true,"href":"https:\/\/pachamamitaecu.org\/en\/wp-json\/wp\/v2\/categories?post=880"},{"taxonomy":"post_tag","embeddable":true,"href":"https:\/\/pachamamitaecu.org\/en\/wp-json\/wp\/v2\/tags?post=880"}],"curies":[{"name":"wp","href":"https:\/\/api.w.org\/{rel}","templated":true}]}}