{"id":920,"date":"2012-06-24T07:36:00","date_gmt":"2012-06-24T07:36:00","guid":{"rendered":"http:\/\/pachamamitaecu-org-720647.hostingersite.com\/2012\/06\/24\/estan-invadiendo-europa\/"},"modified":"2024-04-16T03:00:00","modified_gmt":"2024-04-16T03:00:00","slug":"estan-invadiendo-europa","status":"publish","type":"post","link":"https:\/\/pachamamitaecu.org\/en\/2012\/06\/24\/they-are-invading-europe\/","title":{"rendered":"THEY ARE INVADING EUROPE"},"content":{"rendered":"<div style=\"clear: both; text-align: center;\"><a href=\"http:\/\/1.bp.blogspot.com\/-3F1_oX79vBw\/T-bDdEqWlNI\/AAAAAAAACLg\/vD0BpNyq6Vw\/s1600\/immigrants-78284325.jpg\" style=\"clear: right; float: right; margin-bottom: 1em; margin-left: 1em;\"><img decoding=\"async\" border=\"0\" height=\"225\" data-src=\"http:\/\/1.bp.blogspot.com\/-3F1_oX79vBw\/T-bDdEqWlNI\/AAAAAAAACLg\/vD0BpNyq6Vw\/s320\/immigrants-78284325.jpg\" width=\"320\" src=\"data:image\/svg+xml;base64,PHN2ZyB3aWR0aD0iMSIgaGVpZ2h0PSIxIiB4bWxucz0iaHR0cDovL3d3dy53My5vcmcvMjAwMC9zdmciPjwvc3ZnPg==\" class=\"lazyload\" style=\"--smush-placeholder-width: 320px; --smush-placeholder-aspect-ratio: 320\/225;\" \/><\/a><\/div><span style=\"font-family: Georgia, 'Times New Roman', serif;\">THEY ARE INVADING EUROPE<br \/><br \/>by JG Cobo Borda<br \/><br \/>They are invading Europe<br \/>Turkish maids, Chilean exiles,<br \/>Japanese tourists<br \/>They waste their air,<br \/>Dirty rags hang on the windows,<br \/>They complain about the lack of German sensuality.<br \/>Will the cathedrals survive?<br \/>despite such vandals?<br \/>The cameras<br \/>They will be able to do even more damage<br \/>to the cracked canvases?<br \/>Pigeon shit<br \/>manages to protect<br \/>the fierce gargoyles<br \/>of Christianity torn to pieces?<br \/><br \/>New waves<br \/>coming from the outskirts of the world<br \/>\u2013Colombia, India, Ghana\u2013<br \/>they launch into the assault.<br \/>And they, the rough Visigoths,<br \/>the stinking Bavarians,<br \/>They see it as the new atrabiliary tribe<br \/>devours museums, consumes landscapes,<br \/>steals the infamous souvenirs.<br \/>They hide then<br \/>in the well-kept forests<br \/>of its residential neighborhoods,<br \/>away from the smog<br \/>but not of its own history<br \/>relentless.<\/span><div><span style=\"font-family: Georgia, 'Times New Roman', serif;\"><br \/><\/span><\/div><div><span style=\"font-family: Georgia, 'Times New Roman', serif;\">Posted in <a href=\"http:\/\/otraezcuela.blogspot.com\/\">The other school<\/a><\/span><\/div><div class=\"pvc_clear\"><\/div><p id=\"pvc_stats_920\" class=\"pvc_stats total_only\" data-element-id=\"920\" style=\"\"><i class=\"pvc-stats-icon medium\" aria-hidden=\"true\"><svg aria-hidden=\"true\" focusable=\"false\" data-prefix=\"far\" data-icon=\"chart-bar\" role=\"img\" xmlns=\"http:\/\/www.w3.org\/2000\/svg\" viewbox=\"0 0 512 512\" class=\"svg-inline--fa fa-chart-bar fa-w-16 fa-2x\"><path fill=\"currentColor\" d=\"M396.8 352h22.4c6.4 0 12.8-6.4 12.8-12.8V108.8c0-6.4-6.4-12.8-12.8-12.8h-22.4c-6.4 0-12.8 6.4-12.8 12.8v230.4c0 6.4 6.4 12.8 12.8 12.8zm-192 0h22.4c6.4 0 12.8-6.4 12.8-12.8V140.8c0-6.4-6.4-12.8-12.8-12.8h-22.4c-6.4 0-12.8 6.4-12.8 12.8v198.4c0 6.4 6.4 12.8 12.8 12.8zm96 0h22.4c6.4 0 12.8-6.4 12.8-12.8V204.8c0-6.4-6.4-12.8-12.8-12.8h-22.4c-6.4 0-12.8 6.4-12.8 12.8v134.4c0 6.4 6.4 12.8 12.8 12.8zM496 400H48V80c0-8.84-7.16-16-16-16H16C7.16 64 0 71.16 0 80v336c0 17.67 14.33 32 32 32h464c8.84 0 16-7.16 16-16v-16c0-8.84-7.16-16-16-16zm-387.2-48h22.4c6.4 0 12.8-6.4 12.8-12.8v-70.4c0-6.4-6.4-12.8-12.8-12.8h-22.4c-6.4 0-12.8 6.4-12.8 12.8v70.4c0 6.4 6.4 12.8 12.8 12.8z\" class=\"\"><\/path><\/svg><\/i> <img decoding=\"async\" width=\"16\" height=\"16\" alt=\"Loading\" data-src=\"https:\/\/pachamamitaecu.org\/wp-content\/plugins\/page-views-count\/ajax-loader-2x.gif\" border=\"0\" src=\"data:image\/svg+xml;base64,PHN2ZyB3aWR0aD0iMSIgaGVpZ2h0PSIxIiB4bWxucz0iaHR0cDovL3d3dy53My5vcmcvMjAwMC9zdmciPjwvc3ZnPg==\" class=\"lazyload\" style=\"--smush-placeholder-width: 16px; --smush-placeholder-aspect-ratio: 16\/16;\" \/><\/p><div class=\"pvc_clear\"><\/div>","protected":false},"excerpt":{"rendered":"<p>ESTAN INVADIENDO EUROPA por J. G. Cobo Borda Est\u00e1n invadiendo Europasirvientas turcas, exiliados chilenos,turistas japonesesgastan su aire,cuelgan trapos sucios en las ventanas,se quejan de la poca sensualidad alemana.\u00bflas catedrales subsistir\u00e1na pesar de tales v\u00e1ndalos?\u00bfLas c\u00e1maras fotogr\u00e1ficaspodr\u00e1n hacer a\u00fan m\u00e1s da\u00f1oa los lienzos craquelados?\u00bfLa mierda de las palomasalcanz\u00e1 a protegerlas feroces g\u00e1rgolasde la cristiandad hecha pedazos? [&#8230;]\n","protected":false},"author":3,"featured_media":0,"comment_status":"closed","ping_status":"closed","sticky":false,"template":"","format":"standard","meta":{"footnotes":""},"categories":[140],"tags":[],"class_list":["post-920","post","type-post","status-publish","format-standard","hentry","category-personajes-peninsulares"],"a3_pvc":{"activated":true,"total_views":18,"today_views":0},"yoast_head":"<!-- This site is optimized with the Yoast SEO Premium plugin v24.2 (Yoast SEO v27.4) - https:\/\/yoast.com\/product\/yoast-seo-premium-wordpress\/ -->\n<title>ESTAN INVADIENDO EUROPA - PachaMamita Ecuador<\/title>\n<meta name=\"robots\" content=\"index, follow, max-snippet:-1, max-image-preview:large, max-video-preview:-1\" \/>\n<link rel=\"canonical\" href=\"https:\/\/pachamamitaecu.org\/en\/2012\/06\/24\/they-are-invading-europe\/\" \/>\n<meta property=\"og:locale\" content=\"en_US\" \/>\n<meta property=\"og:type\" content=\"article\" \/>\n<meta property=\"og:title\" content=\"ESTAN INVADIENDO EUROPA\" \/>\n<meta property=\"og:description\" content=\"ESTAN INVADIENDO EUROPA por J. G. Cobo Borda Est\u00e1n invadiendo Europasirvientas turcas, exiliados chilenos,turistas japonesesgastan su aire,cuelgan trapos sucios en las ventanas,se quejan de la poca sensualidad alemana.\u00bflas catedrales subsistir\u00e1na pesar de tales v\u00e1ndalos?\u00bfLas c\u00e1maras fotogr\u00e1ficaspodr\u00e1n hacer a\u00fan m\u00e1s da\u00f1oa los lienzos craquelados?\u00bfLa mierda de las palomasalcanz\u00e1 a protegerlas feroces g\u00e1rgolasde la cristiandad hecha pedazos? [...]\" \/>\n<meta property=\"og:url\" content=\"https:\/\/pachamamitaecu.org\/en\/2012\/06\/24\/they-are-invading-europe\/\" \/>\n<meta property=\"og:site_name\" content=\"PachaMamita Ecuador\" \/>\n<meta property=\"article:publisher\" content=\"https:\/\/www.facebook.com\/pachamamitaecu\" \/>\n<meta property=\"article:published_time\" content=\"2012-06-24T07:36:00+00:00\" \/>\n<meta property=\"article:modified_time\" content=\"2024-04-16T03:00:00+00:00\" \/>\n<meta property=\"og:image\" content=\"http:\/\/1.bp.blogspot.com\/-3F1_oX79vBw\/T-bDdEqWlNI\/AAAAAAAACLg\/vD0BpNyq6Vw\/s320\/immigrants-78284325.jpg\" \/>\n<meta name=\"author\" content=\"PachaMamita EC\" \/>\n<meta name=\"twitter:card\" content=\"summary_large_image\" \/>\n<meta name=\"twitter:label1\" content=\"Written by\" \/>\n\t<meta name=\"twitter:data1\" content=\"PachaMamita EC\" \/>\n\t<meta name=\"twitter:label2\" content=\"Est. reading time\" \/>\n\t<meta name=\"twitter:data2\" content=\"1 minute\" \/>\n<script type=\"application\/ld+json\" class=\"yoast-schema-graph\">{\"@context\":\"https:\\\/\\\/schema.org\",\"@graph\":[{\"@type\":\"Article\",\"@id\":\"https:\\\/\\\/pachamamitaecu.org\\\/en\\\/2012\\\/06\\\/24\\\/they-are-invading-europe\\\/#article\",\"isPartOf\":{\"@id\":\"https:\\\/\\\/pachamamitaecu.org\\\/en\\\/2012\\\/06\\\/24\\\/they-are-invading-europe\\\/\"},\"author\":{\"name\":\"PachaMamita EC\",\"@id\":\"https:\\\/\\\/pachamamitaecu.org\\\/es_es\\\/#\\\/schema\\\/person\\\/e8b42afae2451fadab5e0295f02c4593\"},\"headline\":\"ESTAN INVADIENDO EUROPA\",\"datePublished\":\"2012-06-24T07:36:00+00:00\",\"dateModified\":\"2024-04-16T03:00:00+00:00\",\"mainEntityOfPage\":{\"@id\":\"https:\\\/\\\/pachamamitaecu.org\\\/en\\\/2012\\\/06\\\/24\\\/they-are-invading-europe\\\/\"},\"wordCount\":133,\"publisher\":{\"@id\":\"https:\\\/\\\/pachamamitaecu.org\\\/es_es\\\/#organization\"},\"image\":{\"@id\":\"https:\\\/\\\/pachamamitaecu.org\\\/en\\\/2012\\\/06\\\/24\\\/they-are-invading-europe\\\/#primaryimage\"},\"thumbnailUrl\":\"http:\\\/\\\/1.bp.blogspot.com\\\/-3F1_oX79vBw\\\/T-bDdEqWlNI\\\/AAAAAAAACLg\\\/vD0BpNyq6Vw\\\/s320\\\/immigrants-78284325.jpg\",\"articleSection\":[\"PERSONAJES PENINSULARES\"],\"inLanguage\":\"en-US\"},{\"@type\":\"WebPage\",\"@id\":\"https:\\\/\\\/pachamamitaecu.org\\\/en\\\/2012\\\/06\\\/24\\\/they-are-invading-europe\\\/\",\"url\":\"https:\\\/\\\/pachamamitaecu.org\\\/en\\\/2012\\\/06\\\/24\\\/they-are-invading-europe\\\/\",\"name\":\"ESTAN INVADIENDO EUROPA - PachaMamita Ecuador\",\"isPartOf\":{\"@id\":\"https:\\\/\\\/pachamamitaecu.org\\\/es_es\\\/#website\"},\"primaryImageOfPage\":{\"@id\":\"https:\\\/\\\/pachamamitaecu.org\\\/en\\\/2012\\\/06\\\/24\\\/they-are-invading-europe\\\/#primaryimage\"},\"image\":{\"@id\":\"https:\\\/\\\/pachamamitaecu.org\\\/en\\\/2012\\\/06\\\/24\\\/they-are-invading-europe\\\/#primaryimage\"},\"thumbnailUrl\":\"http:\\\/\\\/1.bp.blogspot.com\\\/-3F1_oX79vBw\\\/T-bDdEqWlNI\\\/AAAAAAAACLg\\\/vD0BpNyq6Vw\\\/s320\\\/immigrants-78284325.jpg\",\"datePublished\":\"2012-06-24T07:36:00+00:00\",\"dateModified\":\"2024-04-16T03:00:00+00:00\",\"breadcrumb\":{\"@id\":\"https:\\\/\\\/pachamamitaecu.org\\\/en\\\/2012\\\/06\\\/24\\\/they-are-invading-europe\\\/#breadcrumb\"},\"inLanguage\":\"en-US\",\"potentialAction\":[{\"@type\":\"ReadAction\",\"target\":[\"https:\\\/\\\/pachamamitaecu.org\\\/en\\\/2012\\\/06\\\/24\\\/they-are-invading-europe\\\/\"]}]},{\"@type\":\"ImageObject\",\"inLanguage\":\"en-US\",\"@id\":\"https:\\\/\\\/pachamamitaecu.org\\\/en\\\/2012\\\/06\\\/24\\\/they-are-invading-europe\\\/#primaryimage\",\"url\":\"http:\\\/\\\/1.bp.blogspot.com\\\/-3F1_oX79vBw\\\/T-bDdEqWlNI\\\/AAAAAAAACLg\\\/vD0BpNyq6Vw\\\/s320\\\/immigrants-78284325.jpg\",\"contentUrl\":\"http:\\\/\\\/1.bp.blogspot.com\\\/-3F1_oX79vBw\\\/T-bDdEqWlNI\\\/AAAAAAAACLg\\\/vD0BpNyq6Vw\\\/s320\\\/immigrants-78284325.jpg\"},{\"@type\":\"BreadcrumbList\",\"@id\":\"https:\\\/\\\/pachamamitaecu.org\\\/en\\\/2012\\\/06\\\/24\\\/they-are-invading-europe\\\/#breadcrumb\",\"itemListElement\":[{\"@type\":\"ListItem\",\"position\":1,\"name\":\"Portada\",\"item\":\"https:\\\/\\\/pachamamitaecu.org\\\/es_es\\\/\"},{\"@type\":\"ListItem\",\"position\":2,\"name\":\"ESTAN INVADIENDO EUROPA\"}]},{\"@type\":\"WebSite\",\"@id\":\"https:\\\/\\\/pachamamitaecu.org\\\/es_es\\\/#website\",\"url\":\"https:\\\/\\\/pachamamitaecu.org\\\/es_es\\\/\",\"name\":\"PachaMamita Ecuador\",\"description\":\"CULTURA. AGROECOLOG\u00cdA. TURISMO Y CONSUMO RESPONSABLE-ECUADOR.\",\"publisher\":{\"@id\":\"https:\\\/\\\/pachamamitaecu.org\\\/es_es\\\/#organization\"},\"potentialAction\":[{\"@type\":\"SearchAction\",\"target\":{\"@type\":\"EntryPoint\",\"urlTemplate\":\"https:\\\/\\\/pachamamitaecu.org\\\/es_es\\\/?s={search_term_string}\"},\"query-input\":{\"@type\":\"PropertyValueSpecification\",\"valueRequired\":true,\"valueName\":\"search_term_string\"}}],\"inLanguage\":\"en-US\"},{\"@type\":\"Organization\",\"@id\":\"https:\\\/\\\/pachamamitaecu.org\\\/es_es\\\/#organization\",\"name\":\"PachaMamita Ecuador\",\"url\":\"https:\\\/\\\/pachamamitaecu.org\\\/es_es\\\/\",\"logo\":{\"@type\":\"ImageObject\",\"inLanguage\":\"en-US\",\"@id\":\"https:\\\/\\\/pachamamitaecu.org\\\/es_es\\\/#\\\/schema\\\/logo\\\/image\\\/\",\"url\":\"https:\\\/\\\/pachamamitaecu.org\\\/wp-content\\\/uploads\\\/2024\\\/04\\\/cropped-Diseno-sin-titulo-13.png\",\"contentUrl\":\"https:\\\/\\\/pachamamitaecu.org\\\/wp-content\\\/uploads\\\/2024\\\/04\\\/cropped-Diseno-sin-titulo-13.png\",\"width\":512,\"height\":512,\"caption\":\"PachaMamita Ecuador\"},\"image\":{\"@id\":\"https:\\\/\\\/pachamamitaecu.org\\\/es_es\\\/#\\\/schema\\\/logo\\\/image\\\/\"},\"sameAs\":[\"https:\\\/\\\/www.facebook.com\\\/pachamamitaecu\"]},{\"@type\":\"Person\",\"@id\":\"https:\\\/\\\/pachamamitaecu.org\\\/es_es\\\/#\\\/schema\\\/person\\\/e8b42afae2451fadab5e0295f02c4593\",\"name\":\"PachaMamita EC\",\"image\":{\"@type\":\"ImageObject\",\"inLanguage\":\"en-US\",\"@id\":\"https:\\\/\\\/pachamamitaecu.org\\\/wp-content\\\/litespeed\\\/avatar\\\/23494c9101089ad44ae88ce9d2f56aac.jpg?ver=1777350952\",\"url\":\"https:\\\/\\\/pachamamitaecu.org\\\/wp-content\\\/litespeed\\\/avatar\\\/23494c9101089ad44ae88ce9d2f56aac.jpg?ver=1777350952\",\"contentUrl\":\"https:\\\/\\\/pachamamitaecu.org\\\/wp-content\\\/litespeed\\\/avatar\\\/23494c9101089ad44ae88ce9d2f56aac.jpg?ver=1777350952\",\"caption\":\"PachaMamita EC\"},\"url\":\"https:\\\/\\\/pachamamitaecu.org\\\/en\\\/author\\\/pachamamita-ec\\\/\"}]}<\/script>\n<!-- \/ Yoast SEO Premium plugin. -->","yoast_head_json":{"title":"THEY ARE INVADING EUROPE - PachaMamita Ecuador","robots":{"index":"index","follow":"follow","max-snippet":"max-snippet:-1","max-image-preview":"max-image-preview:large","max-video-preview":"max-video-preview:-1"},"canonical":"https:\/\/pachamamitaecu.org\/en\/2012\/06\/24\/they-are-invading-europe\/","og_locale":"en_US","og_type":"article","og_title":"ESTAN INVADIENDO EUROPA","og_description":"ESTAN INVADIENDO EUROPA por J. G. Cobo Borda Est\u00e1n invadiendo Europasirvientas turcas, exiliados chilenos,turistas japonesesgastan su aire,cuelgan trapos sucios en las ventanas,se quejan de la poca sensualidad alemana.\u00bflas catedrales subsistir\u00e1na pesar de tales v\u00e1ndalos?\u00bfLas c\u00e1maras fotogr\u00e1ficaspodr\u00e1n hacer a\u00fan m\u00e1s da\u00f1oa los lienzos craquelados?\u00bfLa mierda de las palomasalcanz\u00e1 a protegerlas feroces g\u00e1rgolasde la cristiandad hecha pedazos? [...]","og_url":"https:\/\/pachamamitaecu.org\/en\/2012\/06\/24\/they-are-invading-europe\/","og_site_name":"PachaMamita Ecuador","article_publisher":"https:\/\/www.facebook.com\/pachamamitaecu","article_published_time":"2012-06-24T07:36:00+00:00","article_modified_time":"2024-04-16T03:00:00+00:00","og_image":[{"url":"http:\/\/1.bp.blogspot.com\/-3F1_oX79vBw\/T-bDdEqWlNI\/AAAAAAAACLg\/vD0BpNyq6Vw\/s320\/immigrants-78284325.jpg","type":"","width":"","height":""}],"author":"PachaMamita EC","twitter_card":"summary_large_image","twitter_misc":{"Written by":"PachaMamita EC","Est. reading time":"1 minute"},"schema":{"@context":"https:\/\/schema.org","@graph":[{"@type":"Article","@id":"https:\/\/pachamamitaecu.org\/en\/2012\/06\/24\/they-are-invading-europe\/#article","isPartOf":{"@id":"https:\/\/pachamamitaecu.org\/en\/2012\/06\/24\/they-are-invading-europe\/"},"author":{"name":"PachaMamita EC","@id":"https:\/\/pachamamitaecu.org\/es_es\/#\/schema\/person\/e8b42afae2451fadab5e0295f02c4593"},"headline":"ESTAN INVADIENDO EUROPA","datePublished":"2012-06-24T07:36:00+00:00","dateModified":"2024-04-16T03:00:00+00:00","mainEntityOfPage":{"@id":"https:\/\/pachamamitaecu.org\/en\/2012\/06\/24\/they-are-invading-europe\/"},"wordCount":133,"publisher":{"@id":"https:\/\/pachamamitaecu.org\/es_es\/#organization"},"image":{"@id":"https:\/\/pachamamitaecu.org\/en\/2012\/06\/24\/they-are-invading-europe\/#primaryimage"},"thumbnailUrl":"http:\/\/1.bp.blogspot.com\/-3F1_oX79vBw\/T-bDdEqWlNI\/AAAAAAAACLg\/vD0BpNyq6Vw\/s320\/immigrants-78284325.jpg","articleSection":["PERSONAJES PENINSULARES"],"inLanguage":"en-US"},{"@type":"WebPage","@id":"https:\/\/pachamamitaecu.org\/en\/2012\/06\/24\/they-are-invading-europe\/","url":"https:\/\/pachamamitaecu.org\/en\/2012\/06\/24\/they-are-invading-europe\/","name":"THEY ARE INVADING EUROPE - PachaMamita Ecuador","isPartOf":{"@id":"https:\/\/pachamamitaecu.org\/es_es\/#website"},"primaryImageOfPage":{"@id":"https:\/\/pachamamitaecu.org\/en\/2012\/06\/24\/they-are-invading-europe\/#primaryimage"},"image":{"@id":"https:\/\/pachamamitaecu.org\/en\/2012\/06\/24\/they-are-invading-europe\/#primaryimage"},"thumbnailUrl":"http:\/\/1.bp.blogspot.com\/-3F1_oX79vBw\/T-bDdEqWlNI\/AAAAAAAACLg\/vD0BpNyq6Vw\/s320\/immigrants-78284325.jpg","datePublished":"2012-06-24T07:36:00+00:00","dateModified":"2024-04-16T03:00:00+00:00","breadcrumb":{"@id":"https:\/\/pachamamitaecu.org\/en\/2012\/06\/24\/they-are-invading-europe\/#breadcrumb"},"inLanguage":"en-US","potentialAction":[{"@type":"ReadAction","target":["https:\/\/pachamamitaecu.org\/en\/2012\/06\/24\/they-are-invading-europe\/"]}]},{"@type":"ImageObject","inLanguage":"en-US","@id":"https:\/\/pachamamitaecu.org\/en\/2012\/06\/24\/they-are-invading-europe\/#primaryimage","url":"http:\/\/1.bp.blogspot.com\/-3F1_oX79vBw\/T-bDdEqWlNI\/AAAAAAAACLg\/vD0BpNyq6Vw\/s320\/immigrants-78284325.jpg","contentUrl":"http:\/\/1.bp.blogspot.com\/-3F1_oX79vBw\/T-bDdEqWlNI\/AAAAAAAACLg\/vD0BpNyq6Vw\/s320\/immigrants-78284325.jpg"},{"@type":"BreadcrumbList","@id":"https:\/\/pachamamitaecu.org\/en\/2012\/06\/24\/they-are-invading-europe\/#breadcrumb","itemListElement":[{"@type":"ListItem","position":1,"name":"Portada","item":"https:\/\/pachamamitaecu.org\/es_es\/"},{"@type":"ListItem","position":2,"name":"ESTAN INVADIENDO EUROPA"}]},{"@type":"WebSite","@id":"https:\/\/pachamamitaecu.org\/es_es\/#website","url":"https:\/\/pachamamitaecu.org\/es_es\/","name":"PachaMamita Ecuador","description":"CULTURE. AGROECOLOGY. TOURISM AND RESPONSIBLE CONSUMPTION-ECUADOR.","publisher":{"@id":"https:\/\/pachamamitaecu.org\/es_es\/#organization"},"potentialAction":[{"@type":"SearchAction","target":{"@type":"EntryPoint","urlTemplate":"https:\/\/pachamamitaecu.org\/es_es\/?s={search_term_string}"},"query-input":{"@type":"PropertyValueSpecification","valueRequired":true,"valueName":"search_term_string"}}],"inLanguage":"en-US"},{"@type":"Organization","@id":"https:\/\/pachamamitaecu.org\/es_es\/#organization","name":"PachaMamita Ecuador","url":"https:\/\/pachamamitaecu.org\/es_es\/","logo":{"@type":"ImageObject","inLanguage":"en-US","@id":"https:\/\/pachamamitaecu.org\/es_es\/#\/schema\/logo\/image\/","url":"https:\/\/pachamamitaecu.org\/wp-content\/uploads\/2024\/04\/cropped-Diseno-sin-titulo-13.png","contentUrl":"https:\/\/pachamamitaecu.org\/wp-content\/uploads\/2024\/04\/cropped-Diseno-sin-titulo-13.png","width":512,"height":512,"caption":"PachaMamita Ecuador"},"image":{"@id":"https:\/\/pachamamitaecu.org\/es_es\/#\/schema\/logo\/image\/"},"sameAs":["https:\/\/www.facebook.com\/pachamamitaecu"]},{"@type":"Person","@id":"https:\/\/pachamamitaecu.org\/es_es\/#\/schema\/person\/e8b42afae2451fadab5e0295f02c4593","name":"PachaMamita EC","image":{"@type":"ImageObject","inLanguage":"en-US","@id":"https:\/\/pachamamitaecu.org\/wp-content\/litespeed\/avatar\/23494c9101089ad44ae88ce9d2f56aac.jpg?ver=1777350952","url":"https:\/\/pachamamitaecu.org\/wp-content\/litespeed\/avatar\/23494c9101089ad44ae88ce9d2f56aac.jpg?ver=1777350952","contentUrl":"https:\/\/pachamamitaecu.org\/wp-content\/litespeed\/avatar\/23494c9101089ad44ae88ce9d2f56aac.jpg?ver=1777350952","caption":"PachaMamita EC"},"url":"https:\/\/pachamamitaecu.org\/en\/author\/pachamamita-ec\/"}]}},"_links":{"self":[{"href":"https:\/\/pachamamitaecu.org\/en\/wp-json\/wp\/v2\/posts\/920","targetHints":{"allow":["GET"]}}],"collection":[{"href":"https:\/\/pachamamitaecu.org\/en\/wp-json\/wp\/v2\/posts"}],"about":[{"href":"https:\/\/pachamamitaecu.org\/en\/wp-json\/wp\/v2\/types\/post"}],"author":[{"embeddable":true,"href":"https:\/\/pachamamitaecu.org\/en\/wp-json\/wp\/v2\/users\/3"}],"replies":[{"embeddable":true,"href":"https:\/\/pachamamitaecu.org\/en\/wp-json\/wp\/v2\/comments?post=920"}],"version-history":[{"count":0,"href":"https:\/\/pachamamitaecu.org\/en\/wp-json\/wp\/v2\/posts\/920\/revisions"}],"wp:attachment":[{"href":"https:\/\/pachamamitaecu.org\/en\/wp-json\/wp\/v2\/media?parent=920"}],"wp:term":[{"taxonomy":"category","embeddable":true,"href":"https:\/\/pachamamitaecu.org\/en\/wp-json\/wp\/v2\/categories?post=920"},{"taxonomy":"post_tag","embeddable":true,"href":"https:\/\/pachamamitaecu.org\/en\/wp-json\/wp\/v2\/tags?post=920"}],"curies":[{"name":"wp","href":"https:\/\/api.w.org\/{rel}","templated":true}]}}