{"id":931,"date":"2012-06-14T18:09:00","date_gmt":"2012-06-14T18:09:00","guid":{"rendered":"http:\/\/pachamamitaecu-org-720647.hostingersite.com\/2012\/06\/14\/parque-de-ballenita-sera-rehabilitado-gracias-a-gestion-comunitaria\/"},"modified":"2024-02-29T00:45:00","modified_gmt":"2024-02-29T00:45:00","slug":"parque-de-ballenita-sera-rehabilitado-gracias-a-gestion-comunitaria","status":"publish","type":"post","link":"https:\/\/pachamamitaecu.org\/en\/2012\/06\/14\/ballenita-park-will-be-rehabilitated-thanks-to-community-management\/","title":{"rendered":"Ballenita Park will be rehabilitated thanks to community management."},"content":{"rendered":"<div style=\"clear: both; text-align: center;\"><a href=\"http:\/\/4.bp.blogspot.com\/-3FshU0lU8QI\/T9oonnGLlRI\/AAAAAAAACH4\/k-8UKB0febU\/s1600\/DSC07454.JPG\" style=\"clear: left; float: left; margin-bottom: 1em; margin-right: 1em; text-align: justify;\"><img decoding=\"async\" border=\"0\" height=\"249\" data-src=\"http:\/\/4.bp.blogspot.com\/-3FshU0lU8QI\/T9oonnGLlRI\/AAAAAAAACH4\/k-8UKB0febU\/s320\/DSC07454.JPG\" width=\"320\" src=\"data:image\/svg+xml;base64,PHN2ZyB3aWR0aD0iMSIgaGVpZ2h0PSIxIiB4bWxucz0iaHR0cDovL3d3dy53My5vcmcvMjAwMC9zdmciPjwvc3ZnPg==\" class=\"lazyload\" style=\"--smush-placeholder-width: 320px; --smush-placeholder-aspect-ratio: 320\/249;\" \/><\/a><\/div><span style=\"font-family: Georgia, 'Times New Roman', serif;\"><div style=\"text-align: justify;\">The Sta. Mariana de Jes\u00fas Park, located in front of the Carrera S\u00e1nchez Bruno School in Ballenita and which has spent several (too many) years in almost total abandonment, has been the subject of negotiations and some concrete actions for a couple of weeks now that aim to restore its quality as a space for healthy fun and gathering for children and adults of this community and its visitors.<\/div><div style=\"text-align: justify;\"><br \/><\/div><div style=\"text-align: justify;\">Carolina Bermeo (President of the Committee for the Improvement of Ballenita Park) states that &quot;the objective is to achieve, through joint work between the community and the contributions of people and institutions, that the park be a place where it is a pleasure to go with our children to have a good time.&quot;<\/div><div style=\"text-align: justify;\"><br \/><\/div><div style=\"text-align: justify;\">For this reason, they have begun to make contacts with representatives of the tourist and commercial sector of the canton and the province, which already includes a crusade that took place last Saturday, the 7th, to obtain funds for the mobilizations and actions that they must carry out, achieving significant support among the residents and some visitors.<\/div><div style=\"text-align: justify;\"><br \/><\/div><div style=\"text-align: justify;\">&quot;We are very excited and encouraged to see the support of the people and institutions to achieve our goals,&quot; said Tatiana Del Pezo (Vice-President of the same Committee).<\/div><div style=\"text-align: justify;\"><br \/><\/div><div style=\"text-align: justify;\">&quot;Today (June 14) a team from the Parks Department came to clean the land and prune the trees, and a large painting and planting event is planned for the 30th of this month,&quot; said Carolina Bermeo.&nbsp;<\/div><div style=\"text-align: justify;\"><br \/><\/div><div style=\"text-align: justify;\">&quot;We have almost decided on the painting and the children&#039;s games, we just need to fine-tune certain details,&quot; concluded Tatiana Del Pezo.<\/div><div style=\"text-align: justify;\"><br \/><\/div><div style=\"text-align: justify;\">According to the managers, the park should be fully ready for use at the beginning of September.<\/div><div style=\"text-align: justify;\"><br \/><\/div><div style=\"text-align: justify;\">Ballenita is the first resort in the Santa Elena canton and the closest to the cantonal capital.<\/div><div style=\"text-align: justify;\"><br \/><\/div><div style=\"text-align: justify;\">Community Management in Action.<\/div><\/span><div class=\"pvc_clear\"><\/div><p id=\"pvc_stats_931\" class=\"pvc_stats total_only\" data-element-id=\"931\" style=\"\"><i class=\"pvc-stats-icon medium\" aria-hidden=\"true\"><svg aria-hidden=\"true\" focusable=\"false\" data-prefix=\"far\" data-icon=\"chart-bar\" role=\"img\" xmlns=\"http:\/\/www.w3.org\/2000\/svg\" viewbox=\"0 0 512 512\" class=\"svg-inline--fa fa-chart-bar fa-w-16 fa-2x\"><path fill=\"currentColor\" d=\"M396.8 352h22.4c6.4 0 12.8-6.4 12.8-12.8V108.8c0-6.4-6.4-12.8-12.8-12.8h-22.4c-6.4 0-12.8 6.4-12.8 12.8v230.4c0 6.4 6.4 12.8 12.8 12.8zm-192 0h22.4c6.4 0 12.8-6.4 12.8-12.8V140.8c0-6.4-6.4-12.8-12.8-12.8h-22.4c-6.4 0-12.8 6.4-12.8 12.8v198.4c0 6.4 6.4 12.8 12.8 12.8zm96 0h22.4c6.4 0 12.8-6.4 12.8-12.8V204.8c0-6.4-6.4-12.8-12.8-12.8h-22.4c-6.4 0-12.8 6.4-12.8 12.8v134.4c0 6.4 6.4 12.8 12.8 12.8zM496 400H48V80c0-8.84-7.16-16-16-16H16C7.16 64 0 71.16 0 80v336c0 17.67 14.33 32 32 32h464c8.84 0 16-7.16 16-16v-16c0-8.84-7.16-16-16-16zm-387.2-48h22.4c6.4 0 12.8-6.4 12.8-12.8v-70.4c0-6.4-6.4-12.8-12.8-12.8h-22.4c-6.4 0-12.8 6.4-12.8 12.8v70.4c0 6.4 6.4 12.8 12.8 12.8z\" class=\"\"><\/path><\/svg><\/i> <img decoding=\"async\" width=\"16\" height=\"16\" alt=\"Loading\" data-src=\"https:\/\/pachamamitaecu.org\/wp-content\/plugins\/page-views-count\/ajax-loader-2x.gif\" border=\"0\" src=\"data:image\/svg+xml;base64,PHN2ZyB3aWR0aD0iMSIgaGVpZ2h0PSIxIiB4bWxucz0iaHR0cDovL3d3dy53My5vcmcvMjAwMC9zdmciPjwvc3ZnPg==\" class=\"lazyload\" style=\"--smush-placeholder-width: 16px; --smush-placeholder-aspect-ratio: 16\/16;\" \/><\/p><div class=\"pvc_clear\"><\/div>","protected":false},"excerpt":{"rendered":"<p>El Parque Sta. Mariana de Jes\u00fas, ubicado frente al Colegio Carrera S\u00e1nchez Bruno en Ballenita y que ha pasado varios (demasiados) a\u00f1os en un abandono casi total, est\u00e1 siendo desde hace un par de semanas atr\u00e1s motivo de gestiones y algunas acciones concretas que pretenden devolverle su calidad de espacio de sana diversi\u00f3n y congregaci\u00f3n [&#8230;]\n","protected":false},"author":3,"featured_media":0,"comment_status":"closed","ping_status":"closed","sticky":false,"template":"","format":"standard","meta":{"footnotes":""},"categories":[528,136,135],"tags":[],"class_list":["post-931","post","type-post","status-publish","format-standard","hentry","category-gestion-comunitaria","category-ruta-del-sol","category-ruta-del-spondylus"],"a3_pvc":{"activated":true,"total_views":26,"today_views":0},"yoast_head":"<!-- This site is optimized with the Yoast SEO Premium plugin v24.2 (Yoast SEO v27.4) - https:\/\/yoast.com\/product\/yoast-seo-premium-wordpress\/ -->\n<title>Parque de Ballenita ser\u00e1 rehabilitado gracias a gesti\u00f3n comunitaria. - PachaMamita Ecuador<\/title>\n<meta name=\"robots\" content=\"index, follow, max-snippet:-1, max-image-preview:large, max-video-preview:-1\" \/>\n<link rel=\"canonical\" href=\"https:\/\/pachamamitaecu.org\/en\/2012\/06\/14\/ballenita-park-will-be-rehabilitated-thanks-to-community-management\/\" \/>\n<meta property=\"og:locale\" content=\"en_US\" \/>\n<meta property=\"og:type\" content=\"article\" \/>\n<meta property=\"og:title\" content=\"Parque de Ballenita ser\u00e1 rehabilitado gracias a gesti\u00f3n comunitaria.\" \/>\n<meta property=\"og:description\" content=\"El Parque Sta. Mariana de Jes\u00fas, ubicado frente al Colegio Carrera S\u00e1nchez Bruno en Ballenita y que ha pasado varios (demasiados) a\u00f1os en un abandono casi total, est\u00e1 siendo desde hace un par de semanas atr\u00e1s motivo de gestiones y algunas acciones concretas que pretenden devolverle su calidad de espacio de sana diversi\u00f3n y congregaci\u00f3n [...]\" \/>\n<meta property=\"og:url\" content=\"https:\/\/pachamamitaecu.org\/en\/2012\/06\/14\/ballenita-park-will-be-rehabilitated-thanks-to-community-management\/\" \/>\n<meta property=\"og:site_name\" content=\"PachaMamita Ecuador\" \/>\n<meta property=\"article:publisher\" content=\"https:\/\/www.facebook.com\/pachamamitaecu\" \/>\n<meta property=\"article:published_time\" content=\"2012-06-14T18:09:00+00:00\" \/>\n<meta property=\"article:modified_time\" content=\"2024-02-29T00:45:00+00:00\" \/>\n<meta property=\"og:image\" content=\"http:\/\/4.bp.blogspot.com\/-3FshU0lU8QI\/T9oonnGLlRI\/AAAAAAAACH4\/k-8UKB0febU\/s320\/DSC07454.JPG\" \/>\n<meta name=\"author\" content=\"PachaMamita EC\" \/>\n<meta name=\"twitter:card\" content=\"summary_large_image\" \/>\n<meta name=\"twitter:label1\" content=\"Written by\" \/>\n\t<meta name=\"twitter:data1\" content=\"PachaMamita EC\" \/>\n\t<meta name=\"twitter:label2\" content=\"Est. reading time\" \/>\n\t<meta name=\"twitter:data2\" content=\"2 minutes\" \/>\n<script type=\"application\/ld+json\" class=\"yoast-schema-graph\">{\"@context\":\"https:\\\/\\\/schema.org\",\"@graph\":[{\"@type\":\"Article\",\"@id\":\"https:\\\/\\\/pachamamitaecu.org\\\/en\\\/2012\\\/06\\\/14\\\/ballenita-park-will-be-rehabilitated-thanks-to-community-management\\\/#article\",\"isPartOf\":{\"@id\":\"https:\\\/\\\/pachamamitaecu.org\\\/en\\\/2012\\\/06\\\/14\\\/ballenita-park-will-be-rehabilitated-thanks-to-community-management\\\/\"},\"author\":{\"name\":\"PachaMamita EC\",\"@id\":\"https:\\\/\\\/pachamamitaecu.org\\\/es_es\\\/#\\\/schema\\\/person\\\/e8b42afae2451fadab5e0295f02c4593\"},\"headline\":\"Parque de Ballenita ser\u00e1 rehabilitado gracias a gesti\u00f3n comunitaria.\",\"datePublished\":\"2012-06-14T18:09:00+00:00\",\"dateModified\":\"2024-02-29T00:45:00+00:00\",\"mainEntityOfPage\":{\"@id\":\"https:\\\/\\\/pachamamitaecu.org\\\/en\\\/2012\\\/06\\\/14\\\/ballenita-park-will-be-rehabilitated-thanks-to-community-management\\\/\"},\"wordCount\":330,\"publisher\":{\"@id\":\"https:\\\/\\\/pachamamitaecu.org\\\/es_es\\\/#organization\"},\"image\":{\"@id\":\"https:\\\/\\\/pachamamitaecu.org\\\/en\\\/2012\\\/06\\\/14\\\/ballenita-park-will-be-rehabilitated-thanks-to-community-management\\\/#primaryimage\"},\"thumbnailUrl\":\"http:\\\/\\\/4.bp.blogspot.com\\\/-3FshU0lU8QI\\\/T9oonnGLlRI\\\/AAAAAAAACH4\\\/k-8UKB0febU\\\/s320\\\/DSC07454.JPG\",\"articleSection\":[\"gestion comunitaria\",\"ruta del sol\",\"ruta del spondylus\"],\"inLanguage\":\"en-US\"},{\"@type\":\"WebPage\",\"@id\":\"https:\\\/\\\/pachamamitaecu.org\\\/en\\\/2012\\\/06\\\/14\\\/ballenita-park-will-be-rehabilitated-thanks-to-community-management\\\/\",\"url\":\"https:\\\/\\\/pachamamitaecu.org\\\/en\\\/2012\\\/06\\\/14\\\/ballenita-park-will-be-rehabilitated-thanks-to-community-management\\\/\",\"name\":\"Parque de Ballenita ser\u00e1 rehabilitado gracias a gesti\u00f3n comunitaria. - PachaMamita Ecuador\",\"isPartOf\":{\"@id\":\"https:\\\/\\\/pachamamitaecu.org\\\/es_es\\\/#website\"},\"primaryImageOfPage\":{\"@id\":\"https:\\\/\\\/pachamamitaecu.org\\\/en\\\/2012\\\/06\\\/14\\\/ballenita-park-will-be-rehabilitated-thanks-to-community-management\\\/#primaryimage\"},\"image\":{\"@id\":\"https:\\\/\\\/pachamamitaecu.org\\\/en\\\/2012\\\/06\\\/14\\\/ballenita-park-will-be-rehabilitated-thanks-to-community-management\\\/#primaryimage\"},\"thumbnailUrl\":\"http:\\\/\\\/4.bp.blogspot.com\\\/-3FshU0lU8QI\\\/T9oonnGLlRI\\\/AAAAAAAACH4\\\/k-8UKB0febU\\\/s320\\\/DSC07454.JPG\",\"datePublished\":\"2012-06-14T18:09:00+00:00\",\"dateModified\":\"2024-02-29T00:45:00+00:00\",\"breadcrumb\":{\"@id\":\"https:\\\/\\\/pachamamitaecu.org\\\/en\\\/2012\\\/06\\\/14\\\/ballenita-park-will-be-rehabilitated-thanks-to-community-management\\\/#breadcrumb\"},\"inLanguage\":\"en-US\",\"potentialAction\":[{\"@type\":\"ReadAction\",\"target\":[\"https:\\\/\\\/pachamamitaecu.org\\\/en\\\/2012\\\/06\\\/14\\\/ballenita-park-will-be-rehabilitated-thanks-to-community-management\\\/\"]}]},{\"@type\":\"ImageObject\",\"inLanguage\":\"en-US\",\"@id\":\"https:\\\/\\\/pachamamitaecu.org\\\/en\\\/2012\\\/06\\\/14\\\/ballenita-park-will-be-rehabilitated-thanks-to-community-management\\\/#primaryimage\",\"url\":\"http:\\\/\\\/4.bp.blogspot.com\\\/-3FshU0lU8QI\\\/T9oonnGLlRI\\\/AAAAAAAACH4\\\/k-8UKB0febU\\\/s320\\\/DSC07454.JPG\",\"contentUrl\":\"http:\\\/\\\/4.bp.blogspot.com\\\/-3FshU0lU8QI\\\/T9oonnGLlRI\\\/AAAAAAAACH4\\\/k-8UKB0febU\\\/s320\\\/DSC07454.JPG\"},{\"@type\":\"BreadcrumbList\",\"@id\":\"https:\\\/\\\/pachamamitaecu.org\\\/en\\\/2012\\\/06\\\/14\\\/ballenita-park-will-be-rehabilitated-thanks-to-community-management\\\/#breadcrumb\",\"itemListElement\":[{\"@type\":\"ListItem\",\"position\":1,\"name\":\"Portada\",\"item\":\"https:\\\/\\\/pachamamitaecu.org\\\/es_es\\\/\"},{\"@type\":\"ListItem\",\"position\":2,\"name\":\"Parque de Ballenita ser\u00e1 rehabilitado gracias a gesti\u00f3n comunitaria.\"}]},{\"@type\":\"WebSite\",\"@id\":\"https:\\\/\\\/pachamamitaecu.org\\\/es_es\\\/#website\",\"url\":\"https:\\\/\\\/pachamamitaecu.org\\\/es_es\\\/\",\"name\":\"PachaMamita Ecuador\",\"description\":\"CULTURA. AGROECOLOG\u00cdA. TURISMO Y CONSUMO RESPONSABLE-ECUADOR.\",\"publisher\":{\"@id\":\"https:\\\/\\\/pachamamitaecu.org\\\/es_es\\\/#organization\"},\"potentialAction\":[{\"@type\":\"SearchAction\",\"target\":{\"@type\":\"EntryPoint\",\"urlTemplate\":\"https:\\\/\\\/pachamamitaecu.org\\\/es_es\\\/?s={search_term_string}\"},\"query-input\":{\"@type\":\"PropertyValueSpecification\",\"valueRequired\":true,\"valueName\":\"search_term_string\"}}],\"inLanguage\":\"en-US\"},{\"@type\":\"Organization\",\"@id\":\"https:\\\/\\\/pachamamitaecu.org\\\/es_es\\\/#organization\",\"name\":\"PachaMamita Ecuador\",\"url\":\"https:\\\/\\\/pachamamitaecu.org\\\/es_es\\\/\",\"logo\":{\"@type\":\"ImageObject\",\"inLanguage\":\"en-US\",\"@id\":\"https:\\\/\\\/pachamamitaecu.org\\\/es_es\\\/#\\\/schema\\\/logo\\\/image\\\/\",\"url\":\"https:\\\/\\\/pachamamitaecu.org\\\/wp-content\\\/uploads\\\/2024\\\/04\\\/cropped-Diseno-sin-titulo-13.png\",\"contentUrl\":\"https:\\\/\\\/pachamamitaecu.org\\\/wp-content\\\/uploads\\\/2024\\\/04\\\/cropped-Diseno-sin-titulo-13.png\",\"width\":512,\"height\":512,\"caption\":\"PachaMamita Ecuador\"},\"image\":{\"@id\":\"https:\\\/\\\/pachamamitaecu.org\\\/es_es\\\/#\\\/schema\\\/logo\\\/image\\\/\"},\"sameAs\":[\"https:\\\/\\\/www.facebook.com\\\/pachamamitaecu\"]},{\"@type\":\"Person\",\"@id\":\"https:\\\/\\\/pachamamitaecu.org\\\/es_es\\\/#\\\/schema\\\/person\\\/e8b42afae2451fadab5e0295f02c4593\",\"name\":\"PachaMamita EC\",\"image\":{\"@type\":\"ImageObject\",\"inLanguage\":\"en-US\",\"@id\":\"https:\\\/\\\/pachamamitaecu.org\\\/wp-content\\\/litespeed\\\/avatar\\\/23494c9101089ad44ae88ce9d2f56aac.jpg?ver=1777350952\",\"url\":\"https:\\\/\\\/pachamamitaecu.org\\\/wp-content\\\/litespeed\\\/avatar\\\/23494c9101089ad44ae88ce9d2f56aac.jpg?ver=1777350952\",\"contentUrl\":\"https:\\\/\\\/pachamamitaecu.org\\\/wp-content\\\/litespeed\\\/avatar\\\/23494c9101089ad44ae88ce9d2f56aac.jpg?ver=1777350952\",\"caption\":\"PachaMamita EC\"},\"url\":\"https:\\\/\\\/pachamamitaecu.org\\\/en\\\/author\\\/pachamamita-ec\\\/\"}]}<\/script>\n<!-- \/ Yoast SEO Premium plugin. -->","yoast_head_json":{"title":"Ballenita Park will be rehabilitated thanks to community management. - PachaMamita Ecuador","robots":{"index":"index","follow":"follow","max-snippet":"max-snippet:-1","max-image-preview":"max-image-preview:large","max-video-preview":"max-video-preview:-1"},"canonical":"https:\/\/pachamamitaecu.org\/en\/2012\/06\/14\/ballenita-park-will-be-rehabilitated-thanks-to-community-management\/","og_locale":"en_US","og_type":"article","og_title":"Parque de Ballenita ser\u00e1 rehabilitado gracias a gesti\u00f3n comunitaria.","og_description":"El Parque Sta. Mariana de Jes\u00fas, ubicado frente al Colegio Carrera S\u00e1nchez Bruno en Ballenita y que ha pasado varios (demasiados) a\u00f1os en un abandono casi total, est\u00e1 siendo desde hace un par de semanas atr\u00e1s motivo de gestiones y algunas acciones concretas que pretenden devolverle su calidad de espacio de sana diversi\u00f3n y congregaci\u00f3n [...]","og_url":"https:\/\/pachamamitaecu.org\/en\/2012\/06\/14\/ballenita-park-will-be-rehabilitated-thanks-to-community-management\/","og_site_name":"PachaMamita Ecuador","article_publisher":"https:\/\/www.facebook.com\/pachamamitaecu","article_published_time":"2012-06-14T18:09:00+00:00","article_modified_time":"2024-02-29T00:45:00+00:00","og_image":[{"url":"http:\/\/4.bp.blogspot.com\/-3FshU0lU8QI\/T9oonnGLlRI\/AAAAAAAACH4\/k-8UKB0febU\/s320\/DSC07454.JPG","type":"","width":"","height":""}],"author":"PachaMamita EC","twitter_card":"summary_large_image","twitter_misc":{"Written by":"PachaMamita EC","Est. reading time":"2 minutes"},"schema":{"@context":"https:\/\/schema.org","@graph":[{"@type":"Article","@id":"https:\/\/pachamamitaecu.org\/en\/2012\/06\/14\/ballenita-park-will-be-rehabilitated-thanks-to-community-management\/#article","isPartOf":{"@id":"https:\/\/pachamamitaecu.org\/en\/2012\/06\/14\/ballenita-park-will-be-rehabilitated-thanks-to-community-management\/"},"author":{"name":"PachaMamita EC","@id":"https:\/\/pachamamitaecu.org\/es_es\/#\/schema\/person\/e8b42afae2451fadab5e0295f02c4593"},"headline":"Parque de Ballenita ser\u00e1 rehabilitado gracias a gesti\u00f3n comunitaria.","datePublished":"2012-06-14T18:09:00+00:00","dateModified":"2024-02-29T00:45:00+00:00","mainEntityOfPage":{"@id":"https:\/\/pachamamitaecu.org\/en\/2012\/06\/14\/ballenita-park-will-be-rehabilitated-thanks-to-community-management\/"},"wordCount":330,"publisher":{"@id":"https:\/\/pachamamitaecu.org\/es_es\/#organization"},"image":{"@id":"https:\/\/pachamamitaecu.org\/en\/2012\/06\/14\/ballenita-park-will-be-rehabilitated-thanks-to-community-management\/#primaryimage"},"thumbnailUrl":"http:\/\/4.bp.blogspot.com\/-3FshU0lU8QI\/T9oonnGLlRI\/AAAAAAAACH4\/k-8UKB0febU\/s320\/DSC07454.JPG","articleSection":["gestion comunitaria","ruta del sol","ruta del spondylus"],"inLanguage":"en-US"},{"@type":"WebPage","@id":"https:\/\/pachamamitaecu.org\/en\/2012\/06\/14\/ballenita-park-will-be-rehabilitated-thanks-to-community-management\/","url":"https:\/\/pachamamitaecu.org\/en\/2012\/06\/14\/ballenita-park-will-be-rehabilitated-thanks-to-community-management\/","name":"Ballenita Park will be rehabilitated thanks to community management. - PachaMamita Ecuador","isPartOf":{"@id":"https:\/\/pachamamitaecu.org\/es_es\/#website"},"primaryImageOfPage":{"@id":"https:\/\/pachamamitaecu.org\/en\/2012\/06\/14\/ballenita-park-will-be-rehabilitated-thanks-to-community-management\/#primaryimage"},"image":{"@id":"https:\/\/pachamamitaecu.org\/en\/2012\/06\/14\/ballenita-park-will-be-rehabilitated-thanks-to-community-management\/#primaryimage"},"thumbnailUrl":"http:\/\/4.bp.blogspot.com\/-3FshU0lU8QI\/T9oonnGLlRI\/AAAAAAAACH4\/k-8UKB0febU\/s320\/DSC07454.JPG","datePublished":"2012-06-14T18:09:00+00:00","dateModified":"2024-02-29T00:45:00+00:00","breadcrumb":{"@id":"https:\/\/pachamamitaecu.org\/en\/2012\/06\/14\/ballenita-park-will-be-rehabilitated-thanks-to-community-management\/#breadcrumb"},"inLanguage":"en-US","potentialAction":[{"@type":"ReadAction","target":["https:\/\/pachamamitaecu.org\/en\/2012\/06\/14\/ballenita-park-will-be-rehabilitated-thanks-to-community-management\/"]}]},{"@type":"ImageObject","inLanguage":"en-US","@id":"https:\/\/pachamamitaecu.org\/en\/2012\/06\/14\/ballenita-park-will-be-rehabilitated-thanks-to-community-management\/#primaryimage","url":"http:\/\/4.bp.blogspot.com\/-3FshU0lU8QI\/T9oonnGLlRI\/AAAAAAAACH4\/k-8UKB0febU\/s320\/DSC07454.JPG","contentUrl":"http:\/\/4.bp.blogspot.com\/-3FshU0lU8QI\/T9oonnGLlRI\/AAAAAAAACH4\/k-8UKB0febU\/s320\/DSC07454.JPG"},{"@type":"BreadcrumbList","@id":"https:\/\/pachamamitaecu.org\/en\/2012\/06\/14\/ballenita-park-will-be-rehabilitated-thanks-to-community-management\/#breadcrumb","itemListElement":[{"@type":"ListItem","position":1,"name":"Portada","item":"https:\/\/pachamamitaecu.org\/es_es\/"},{"@type":"ListItem","position":2,"name":"Parque de Ballenita ser\u00e1 rehabilitado gracias a gesti\u00f3n comunitaria."}]},{"@type":"WebSite","@id":"https:\/\/pachamamitaecu.org\/es_es\/#website","url":"https:\/\/pachamamitaecu.org\/es_es\/","name":"PachaMamita Ecuador","description":"CULTURE. AGROECOLOGY. TOURISM AND RESPONSIBLE CONSUMPTION-ECUADOR.","publisher":{"@id":"https:\/\/pachamamitaecu.org\/es_es\/#organization"},"potentialAction":[{"@type":"SearchAction","target":{"@type":"EntryPoint","urlTemplate":"https:\/\/pachamamitaecu.org\/es_es\/?s={search_term_string}"},"query-input":{"@type":"PropertyValueSpecification","valueRequired":true,"valueName":"search_term_string"}}],"inLanguage":"en-US"},{"@type":"Organization","@id":"https:\/\/pachamamitaecu.org\/es_es\/#organization","name":"PachaMamita Ecuador","url":"https:\/\/pachamamitaecu.org\/es_es\/","logo":{"@type":"ImageObject","inLanguage":"en-US","@id":"https:\/\/pachamamitaecu.org\/es_es\/#\/schema\/logo\/image\/","url":"https:\/\/pachamamitaecu.org\/wp-content\/uploads\/2024\/04\/cropped-Diseno-sin-titulo-13.png","contentUrl":"https:\/\/pachamamitaecu.org\/wp-content\/uploads\/2024\/04\/cropped-Diseno-sin-titulo-13.png","width":512,"height":512,"caption":"PachaMamita Ecuador"},"image":{"@id":"https:\/\/pachamamitaecu.org\/es_es\/#\/schema\/logo\/image\/"},"sameAs":["https:\/\/www.facebook.com\/pachamamitaecu"]},{"@type":"Person","@id":"https:\/\/pachamamitaecu.org\/es_es\/#\/schema\/person\/e8b42afae2451fadab5e0295f02c4593","name":"PachaMamita EC","image":{"@type":"ImageObject","inLanguage":"en-US","@id":"https:\/\/pachamamitaecu.org\/wp-content\/litespeed\/avatar\/23494c9101089ad44ae88ce9d2f56aac.jpg?ver=1777350952","url":"https:\/\/pachamamitaecu.org\/wp-content\/litespeed\/avatar\/23494c9101089ad44ae88ce9d2f56aac.jpg?ver=1777350952","contentUrl":"https:\/\/pachamamitaecu.org\/wp-content\/litespeed\/avatar\/23494c9101089ad44ae88ce9d2f56aac.jpg?ver=1777350952","caption":"PachaMamita EC"},"url":"https:\/\/pachamamitaecu.org\/en\/author\/pachamamita-ec\/"}]}},"_links":{"self":[{"href":"https:\/\/pachamamitaecu.org\/en\/wp-json\/wp\/v2\/posts\/931","targetHints":{"allow":["GET"]}}],"collection":[{"href":"https:\/\/pachamamitaecu.org\/en\/wp-json\/wp\/v2\/posts"}],"about":[{"href":"https:\/\/pachamamitaecu.org\/en\/wp-json\/wp\/v2\/types\/post"}],"author":[{"embeddable":true,"href":"https:\/\/pachamamitaecu.org\/en\/wp-json\/wp\/v2\/users\/3"}],"replies":[{"embeddable":true,"href":"https:\/\/pachamamitaecu.org\/en\/wp-json\/wp\/v2\/comments?post=931"}],"version-history":[{"count":0,"href":"https:\/\/pachamamitaecu.org\/en\/wp-json\/wp\/v2\/posts\/931\/revisions"}],"wp:attachment":[{"href":"https:\/\/pachamamitaecu.org\/en\/wp-json\/wp\/v2\/media?parent=931"}],"wp:term":[{"taxonomy":"category","embeddable":true,"href":"https:\/\/pachamamitaecu.org\/en\/wp-json\/wp\/v2\/categories?post=931"},{"taxonomy":"post_tag","embeddable":true,"href":"https:\/\/pachamamitaecu.org\/en\/wp-json\/wp\/v2\/tags?post=931"}],"curies":[{"name":"wp","href":"https:\/\/api.w.org\/{rel}","templated":true}]}}