{"id":932,"date":"2012-06-14T16:39:00","date_gmt":"2012-06-14T16:39:00","guid":{"rendered":"http:\/\/pachamamitaecu-org-720647.hostingersite.com\/2012\/06\/14\/wawamericu-deja-sonrisas-y-mensaje-a-cientos-de-ninos-de-sta-elena\/"},"modified":"2012-06-14T16:39:00","modified_gmt":"2012-06-14T16:39:00","slug":"wawamericu-deja-sonrisas-y-mensaje-a-cientos-de-ninos-de-sta-elena","status":"publish","type":"post","link":"https:\/\/pachamamitaecu.org\/en\/2012\/06\/14\/wawamericu-leaves-smiles-and-messages-to-hundreds-of-children-in-santa-elena\/","title":{"rendered":"Wawamericu brings smiles and messages to hundreds of children in Sta. Elena."},"content":{"rendered":"<table cellpadding=\"0\" cellspacing=\"0\" style=\"float: left; margin-right: 1em; text-align: left;\">\n<tbody>\n<tr>\n<td style=\"text-align: center;\"><a href=\"http:\/\/1.bp.blogspot.com\/-s6wDqXd37RE\/T9oTV71NT8I\/AAAAAAAACHs\/FVzvdddY1dI\/s1600\/179618_242887272487468_1664384600_n.jpg\" style=\"clear: left; margin-bottom: 1em; margin-left: auto; margin-right: auto;\"><img decoding=\"async\" border=\"0\" height=\"240\" data-src=\"http:\/\/1.bp.blogspot.com\/-s6wDqXd37RE\/T9oTV71NT8I\/AAAAAAAACHs\/FVzvdddY1dI\/s320\/179618_242887272487468_1664384600_n.jpg\" width=\"320\" src=\"data:image\/svg+xml;base64,PHN2ZyB3aWR0aD0iMSIgaGVpZ2h0PSIxIiB4bWxucz0iaHR0cDovL3d3dy53My5vcmcvMjAwMC9zdmciPjwvc3ZnPg==\" class=\"lazyload\" style=\"--smush-placeholder-width: 320px; --smush-placeholder-aspect-ratio: 320\/240;\" \/><\/a><\/td>\n<\/tr>\n<tr>\n<td style=\"text-align: center;\"><span style=\"font-family: Georgia, 'Times New Roman', serif;\">Tito, starting a performance at the Citroen theater<\/span><\/td>\n<\/tr>\n<\/tbody>\n<\/table>\n<div style=\"text-align: justify;\"><span style=\"font-family: Georgia, 'Times New Roman', serif;\">After solving technical problems in the city of Cuenca with \u201cLa Flecha Negra\u201d, the Citroen 3CV in which they have been traveling for several months and which has taken them to Chile, Bolivia, Peru and Ecuador; Jorge and Bel\u00e9n arrived in sunny weather and with many joys and surprises to the peninsular lands, as another stop on their Wawamericu Journey.<\/span><\/div>\n<p><span style=\"font-family: Georgia, 'Times New Roman', serif;\"><\/span><\/p>\n<div style=\"text-align: justify;\"><span style=\"font-family: Georgia, 'Times New Roman', serif;\"><br \/><\/span><\/div>\n<p><span style=\"font-family: Georgia, 'Times New Roman', serif;\"><\/span><\/p>\n<div style=\"text-align: justify;\"><span style=\"font-family: Georgia, 'Times New Roman', serif;\">The presentations did not take long to arrive, starting in Ballenita, hundreds of children enjoyed the puppet show \u201cGood Winds and Blue Skies\u201d, who with surprised faces and laughter understood the message that \u201cwe can all fulfill our dreams\u201d.<\/span><\/div>\n<p><span style=\"font-family: Georgia, 'Times New Roman', serif;\"><\/p>\n<div style=\"text-align: justify;\"><\/div>\n<div style=\"text-align: justify;\">Santa Elena, Ol\u00f3n and Valdivia were also stops in our province that Wawamericu made with the organization of this publication BALLENITA SI ONLINE MAGAZINE, and the support of various institutions such as EMUTURISMO EP, Eddys Hostal (Ballenita), La Parada en la Ruta del Sol, Valdivia Aquarium, The Sea Garden House (Ol\u00f3n), and Juan Jacobo Rousseau School.&nbsp;<\/div>\n<div style=\"text-align: justify;\"><\/div>\n<div style=\"text-align: justify;\">Due to the success and quality of the content of the presentations, they were later extended (thanks to community efforts in conjunction with the organization) to Pueblo Nuevo and Palmar.<\/div>\n<div style=\"text-align: justify;\"><\/div>\n<div style=\"text-align: justify;\">During all the presentations, the active participation of children and adults was noticeable, who did not hesitate to support Maria in fulfilling her dream of traveling the world. Tito wanted the witch and the grandmother to understand that dreams can come true; for this reason, all the attendees joined the Grand Round to dance the &quot;booggie-booggie&quot; directed by Jorge and Bel\u00e9n (taking off their roles as puppeteers) and which was the final push to achieve the objectives.<\/div>\n<div style=\"text-align: justify;\"><\/div>\n<div style=\"text-align: justify;\">A lot of interaction with the public and satisfied faces were the results of each of the 7 presentations that Wawamericu made in the province of Santa Elena, before heading to Manab\u00ed (where they are currently), as part of their journey to their &quot;final&quot; destination: Mexico.<\/div>\n<div style=\"text-align: justify;\"><\/div>\n<div style=\"text-align: justify;\">To Bel\u00e9n, Jorge, Mar\u00eda, Tito, the grandmother, the witch, and the Black Arrow, we are grateful for everything they left for the children and adults of Sta. Elena and may they enjoy Good Winds and Blue Skies on all their paths that remain to be traveled.<\/p>\n<p>To see more photos of <a href=\"https:\/\/www.facebook.com\/media\/set\/?set=a.224956047613924.45159.100002985928079&amp;type=3\">Wawamericu crossing in Ecuador<\/a><\/p>\n<p>If you want to have Wawamericu (from Manab\u00ed to the north) let them&nbsp;<a href=\"https:\/\/www.facebook.com\/travesia.wawamericu\">a message at this link.&nbsp;<\/a><\/div>\n<p><\/span><\/p>\n<div class=\"pvc_clear\"><\/div>\n<p id=\"pvc_stats_932\" class=\"pvc_stats total_only\" data-element-id=\"932\" style=\"\"><i class=\"pvc-stats-icon medium\" aria-hidden=\"true\"><svg aria-hidden=\"true\" focusable=\"false\" data-prefix=\"far\" data-icon=\"chart-bar\" role=\"img\" xmlns=\"http:\/\/www.w3.org\/2000\/svg\" viewbox=\"0 0 512 512\" class=\"svg-inline--fa fa-chart-bar fa-w-16 fa-2x\"><path fill=\"currentColor\" d=\"M396.8 352h22.4c6.4 0 12.8-6.4 12.8-12.8V108.8c0-6.4-6.4-12.8-12.8-12.8h-22.4c-6.4 0-12.8 6.4-12.8 12.8v230.4c0 6.4 6.4 12.8 12.8 12.8zm-192 0h22.4c6.4 0 12.8-6.4 12.8-12.8V140.8c0-6.4-6.4-12.8-12.8-12.8h-22.4c-6.4 0-12.8 6.4-12.8 12.8v198.4c0 6.4 6.4 12.8 12.8 12.8zm96 0h22.4c6.4 0 12.8-6.4 12.8-12.8V204.8c0-6.4-6.4-12.8-12.8-12.8h-22.4c-6.4 0-12.8 6.4-12.8 12.8v134.4c0 6.4 6.4 12.8 12.8 12.8zM496 400H48V80c0-8.84-7.16-16-16-16H16C7.16 64 0 71.16 0 80v336c0 17.67 14.33 32 32 32h464c8.84 0 16-7.16 16-16v-16c0-8.84-7.16-16-16-16zm-387.2-48h22.4c6.4 0 12.8-6.4 12.8-12.8v-70.4c0-6.4-6.4-12.8-12.8-12.8h-22.4c-6.4 0-12.8 6.4-12.8 12.8v70.4c0 6.4 6.4 12.8 12.8 12.8z\" class=\"\"><\/path><\/svg><\/i> <img decoding=\"async\" width=\"16\" height=\"16\" alt=\"Loading\" data-src=\"https:\/\/pachamamitaecu.org\/wp-content\/plugins\/page-views-count\/ajax-loader-2x.gif\" border=\"0\" src=\"data:image\/svg+xml;base64,PHN2ZyB3aWR0aD0iMSIgaGVpZ2h0PSIxIiB4bWxucz0iaHR0cDovL3d3dy53My5vcmcvMjAwMC9zdmciPjwvc3ZnPg==\" class=\"lazyload\" style=\"--smush-placeholder-width: 16px; --smush-placeholder-aspect-ratio: 16\/16;\" \/><\/p>\n<div class=\"pvc_clear\"><\/div>","protected":false},"excerpt":{"rendered":"<p>Tito, comenzando una funci\u00f3n en el teatrino del Citroen Luego de solucionar en la ciudad de Cuenca problemas t\u00e9cnicos de \u00abLa Flecha Negra\u00bb , el Citroen 3CV en el que se vienen movilizando desde hace varios meses atr\u00e1s y que los ha llevado a recorrer Chile, Bolivia, Per\u00fa y Ecuador; llegaron a\u00fan con sol y [&#8230;]\n","protected":false},"author":3,"featured_media":0,"comment_status":"open","ping_status":"closed","sticky":false,"template":"","format":"standard","meta":{"footnotes":""},"categories":[140],"tags":[],"class_list":["post-932","post","type-post","status-publish","format-standard","hentry","category-personajes-peninsulares"],"a3_pvc":{"activated":true,"total_views":26,"today_views":0},"yoast_head":"<!-- This site is optimized with the Yoast SEO Premium plugin v24.2 (Yoast SEO v27.4) - https:\/\/yoast.com\/product\/yoast-seo-premium-wordpress\/ -->\n<title>Wawamericu deja sonrisas y mensaje a cientos de ni\u00f1os de Sta. Elena. - PachaMamita Ecuador<\/title>\n<meta name=\"robots\" content=\"index, follow, max-snippet:-1, max-image-preview:large, max-video-preview:-1\" \/>\n<link rel=\"canonical\" href=\"https:\/\/pachamamitaecu.org\/en\/2012\/06\/14\/wawamericu-leaves-smiles-and-messages-to-hundreds-of-children-in-santa-elena\/\" \/>\n<meta property=\"og:locale\" content=\"en_US\" \/>\n<meta property=\"og:type\" content=\"article\" \/>\n<meta property=\"og:title\" content=\"Wawamericu deja sonrisas y mensaje a cientos de ni\u00f1os de Sta. Elena.\" \/>\n<meta property=\"og:description\" content=\"Tito, comenzando una funci\u00f3n en el teatrino del Citroen Luego de solucionar en la ciudad de Cuenca problemas t\u00e9cnicos de \u00abLa Flecha Negra\u00bb , el Citroen 3CV en el que se vienen movilizando desde hace varios meses atr\u00e1s y que los ha llevado a recorrer Chile, Bolivia, Per\u00fa y Ecuador; llegaron a\u00fan con sol y [...]\" \/>\n<meta property=\"og:url\" content=\"https:\/\/pachamamitaecu.org\/en\/2012\/06\/14\/wawamericu-leaves-smiles-and-messages-to-hundreds-of-children-in-santa-elena\/\" \/>\n<meta property=\"og:site_name\" content=\"PachaMamita Ecuador\" \/>\n<meta property=\"article:publisher\" content=\"https:\/\/www.facebook.com\/pachamamitaecu\" \/>\n<meta property=\"article:published_time\" content=\"2012-06-14T16:39:00+00:00\" \/>\n<meta property=\"og:image\" content=\"http:\/\/1.bp.blogspot.com\/-s6wDqXd37RE\/T9oTV71NT8I\/AAAAAAAACHs\/FVzvdddY1dI\/s320\/179618_242887272487468_1664384600_n.jpg\" \/>\n<meta name=\"author\" content=\"PachaMamita EC\" \/>\n<meta name=\"twitter:card\" content=\"summary_large_image\" \/>\n<meta name=\"twitter:label1\" content=\"Written by\" \/>\n\t<meta name=\"twitter:data1\" content=\"PachaMamita EC\" \/>\n\t<meta name=\"twitter:label2\" content=\"Est. reading time\" \/>\n\t<meta name=\"twitter:data2\" content=\"2 minutes\" \/>\n<script type=\"application\/ld+json\" class=\"yoast-schema-graph\">{\"@context\":\"https:\\\/\\\/schema.org\",\"@graph\":[{\"@type\":\"Article\",\"@id\":\"https:\\\/\\\/pachamamitaecu.org\\\/en\\\/2012\\\/06\\\/14\\\/wawamericu-leaves-smiles-and-messages-to-hundreds-of-children-in-santa-elena\\\/#article\",\"isPartOf\":{\"@id\":\"https:\\\/\\\/pachamamitaecu.org\\\/en\\\/2012\\\/06\\\/14\\\/wawamericu-leaves-smiles-and-messages-to-hundreds-of-children-in-santa-elena\\\/\"},\"author\":{\"name\":\"PachaMamita EC\",\"@id\":\"https:\\\/\\\/pachamamitaecu.org\\\/es_es\\\/#\\\/schema\\\/person\\\/e8b42afae2451fadab5e0295f02c4593\"},\"headline\":\"Wawamericu deja sonrisas y mensaje a cientos de ni\u00f1os de Sta. Elena.\",\"datePublished\":\"2012-06-14T16:39:00+00:00\",\"mainEntityOfPage\":{\"@id\":\"https:\\\/\\\/pachamamitaecu.org\\\/en\\\/2012\\\/06\\\/14\\\/wawamericu-leaves-smiles-and-messages-to-hundreds-of-children-in-santa-elena\\\/\"},\"wordCount\":452,\"commentCount\":0,\"publisher\":{\"@id\":\"https:\\\/\\\/pachamamitaecu.org\\\/es_es\\\/#organization\"},\"image\":{\"@id\":\"https:\\\/\\\/pachamamitaecu.org\\\/en\\\/2012\\\/06\\\/14\\\/wawamericu-leaves-smiles-and-messages-to-hundreds-of-children-in-santa-elena\\\/#primaryimage\"},\"thumbnailUrl\":\"http:\\\/\\\/1.bp.blogspot.com\\\/-s6wDqXd37RE\\\/T9oTV71NT8I\\\/AAAAAAAACHs\\\/FVzvdddY1dI\\\/s320\\\/179618_242887272487468_1664384600_n.jpg\",\"articleSection\":[\"PERSONAJES PENINSULARES\"],\"inLanguage\":\"en-US\",\"potentialAction\":[{\"@type\":\"CommentAction\",\"name\":\"Comment\",\"target\":[\"https:\\\/\\\/pachamamitaecu.org\\\/en\\\/2012\\\/06\\\/14\\\/wawamericu-leaves-smiles-and-messages-to-hundreds-of-children-in-santa-elena\\\/#respond\"]}]},{\"@type\":\"WebPage\",\"@id\":\"https:\\\/\\\/pachamamitaecu.org\\\/en\\\/2012\\\/06\\\/14\\\/wawamericu-leaves-smiles-and-messages-to-hundreds-of-children-in-santa-elena\\\/\",\"url\":\"https:\\\/\\\/pachamamitaecu.org\\\/en\\\/2012\\\/06\\\/14\\\/wawamericu-leaves-smiles-and-messages-to-hundreds-of-children-in-santa-elena\\\/\",\"name\":\"Wawamericu deja sonrisas y mensaje a cientos de ni\u00f1os de Sta. Elena. - PachaMamita Ecuador\",\"isPartOf\":{\"@id\":\"https:\\\/\\\/pachamamitaecu.org\\\/es_es\\\/#website\"},\"primaryImageOfPage\":{\"@id\":\"https:\\\/\\\/pachamamitaecu.org\\\/en\\\/2012\\\/06\\\/14\\\/wawamericu-leaves-smiles-and-messages-to-hundreds-of-children-in-santa-elena\\\/#primaryimage\"},\"image\":{\"@id\":\"https:\\\/\\\/pachamamitaecu.org\\\/en\\\/2012\\\/06\\\/14\\\/wawamericu-leaves-smiles-and-messages-to-hundreds-of-children-in-santa-elena\\\/#primaryimage\"},\"thumbnailUrl\":\"http:\\\/\\\/1.bp.blogspot.com\\\/-s6wDqXd37RE\\\/T9oTV71NT8I\\\/AAAAAAAACHs\\\/FVzvdddY1dI\\\/s320\\\/179618_242887272487468_1664384600_n.jpg\",\"datePublished\":\"2012-06-14T16:39:00+00:00\",\"breadcrumb\":{\"@id\":\"https:\\\/\\\/pachamamitaecu.org\\\/en\\\/2012\\\/06\\\/14\\\/wawamericu-leaves-smiles-and-messages-to-hundreds-of-children-in-santa-elena\\\/#breadcrumb\"},\"inLanguage\":\"en-US\",\"potentialAction\":[{\"@type\":\"ReadAction\",\"target\":[\"https:\\\/\\\/pachamamitaecu.org\\\/en\\\/2012\\\/06\\\/14\\\/wawamericu-leaves-smiles-and-messages-to-hundreds-of-children-in-santa-elena\\\/\"]}]},{\"@type\":\"ImageObject\",\"inLanguage\":\"en-US\",\"@id\":\"https:\\\/\\\/pachamamitaecu.org\\\/en\\\/2012\\\/06\\\/14\\\/wawamericu-leaves-smiles-and-messages-to-hundreds-of-children-in-santa-elena\\\/#primaryimage\",\"url\":\"http:\\\/\\\/1.bp.blogspot.com\\\/-s6wDqXd37RE\\\/T9oTV71NT8I\\\/AAAAAAAACHs\\\/FVzvdddY1dI\\\/s320\\\/179618_242887272487468_1664384600_n.jpg\",\"contentUrl\":\"http:\\\/\\\/1.bp.blogspot.com\\\/-s6wDqXd37RE\\\/T9oTV71NT8I\\\/AAAAAAAACHs\\\/FVzvdddY1dI\\\/s320\\\/179618_242887272487468_1664384600_n.jpg\"},{\"@type\":\"BreadcrumbList\",\"@id\":\"https:\\\/\\\/pachamamitaecu.org\\\/en\\\/2012\\\/06\\\/14\\\/wawamericu-leaves-smiles-and-messages-to-hundreds-of-children-in-santa-elena\\\/#breadcrumb\",\"itemListElement\":[{\"@type\":\"ListItem\",\"position\":1,\"name\":\"Portada\",\"item\":\"https:\\\/\\\/pachamamitaecu.org\\\/es_es\\\/\"},{\"@type\":\"ListItem\",\"position\":2,\"name\":\"Wawamericu deja sonrisas y mensaje a cientos de ni\u00f1os de Sta. Elena.\"}]},{\"@type\":\"WebSite\",\"@id\":\"https:\\\/\\\/pachamamitaecu.org\\\/es_es\\\/#website\",\"url\":\"https:\\\/\\\/pachamamitaecu.org\\\/es_es\\\/\",\"name\":\"PachaMamita Ecuador\",\"description\":\"CULTURA. AGROECOLOG\u00cdA. TURISMO Y CONSUMO RESPONSABLE-ECUADOR.\",\"publisher\":{\"@id\":\"https:\\\/\\\/pachamamitaecu.org\\\/es_es\\\/#organization\"},\"potentialAction\":[{\"@type\":\"SearchAction\",\"target\":{\"@type\":\"EntryPoint\",\"urlTemplate\":\"https:\\\/\\\/pachamamitaecu.org\\\/es_es\\\/?s={search_term_string}\"},\"query-input\":{\"@type\":\"PropertyValueSpecification\",\"valueRequired\":true,\"valueName\":\"search_term_string\"}}],\"inLanguage\":\"en-US\"},{\"@type\":\"Organization\",\"@id\":\"https:\\\/\\\/pachamamitaecu.org\\\/es_es\\\/#organization\",\"name\":\"PachaMamita Ecuador\",\"url\":\"https:\\\/\\\/pachamamitaecu.org\\\/es_es\\\/\",\"logo\":{\"@type\":\"ImageObject\",\"inLanguage\":\"en-US\",\"@id\":\"https:\\\/\\\/pachamamitaecu.org\\\/es_es\\\/#\\\/schema\\\/logo\\\/image\\\/\",\"url\":\"https:\\\/\\\/pachamamitaecu.org\\\/wp-content\\\/uploads\\\/2024\\\/04\\\/cropped-Diseno-sin-titulo-13.png\",\"contentUrl\":\"https:\\\/\\\/pachamamitaecu.org\\\/wp-content\\\/uploads\\\/2024\\\/04\\\/cropped-Diseno-sin-titulo-13.png\",\"width\":512,\"height\":512,\"caption\":\"PachaMamita Ecuador\"},\"image\":{\"@id\":\"https:\\\/\\\/pachamamitaecu.org\\\/es_es\\\/#\\\/schema\\\/logo\\\/image\\\/\"},\"sameAs\":[\"https:\\\/\\\/www.facebook.com\\\/pachamamitaecu\"]},{\"@type\":\"Person\",\"@id\":\"https:\\\/\\\/pachamamitaecu.org\\\/es_es\\\/#\\\/schema\\\/person\\\/e8b42afae2451fadab5e0295f02c4593\",\"name\":\"PachaMamita EC\",\"image\":{\"@type\":\"ImageObject\",\"inLanguage\":\"en-US\",\"@id\":\"https:\\\/\\\/pachamamitaecu.org\\\/wp-content\\\/litespeed\\\/avatar\\\/23494c9101089ad44ae88ce9d2f56aac.jpg?ver=1777350952\",\"url\":\"https:\\\/\\\/pachamamitaecu.org\\\/wp-content\\\/litespeed\\\/avatar\\\/23494c9101089ad44ae88ce9d2f56aac.jpg?ver=1777350952\",\"contentUrl\":\"https:\\\/\\\/pachamamitaecu.org\\\/wp-content\\\/litespeed\\\/avatar\\\/23494c9101089ad44ae88ce9d2f56aac.jpg?ver=1777350952\",\"caption\":\"PachaMamita EC\"},\"url\":\"https:\\\/\\\/pachamamitaecu.org\\\/en\\\/author\\\/pachamamita-ec\\\/\"}]}<\/script>\n<!-- \/ Yoast SEO Premium plugin. -->","yoast_head_json":{"title":"Wawamericu brings smiles and messages to hundreds of children in Sta. Elena. - PachaMamita Ecuador","robots":{"index":"index","follow":"follow","max-snippet":"max-snippet:-1","max-image-preview":"max-image-preview:large","max-video-preview":"max-video-preview:-1"},"canonical":"https:\/\/pachamamitaecu.org\/en\/2012\/06\/14\/wawamericu-leaves-smiles-and-messages-to-hundreds-of-children-in-santa-elena\/","og_locale":"en_US","og_type":"article","og_title":"Wawamericu deja sonrisas y mensaje a cientos de ni\u00f1os de Sta. Elena.","og_description":"Tito, comenzando una funci\u00f3n en el teatrino del Citroen Luego de solucionar en la ciudad de Cuenca problemas t\u00e9cnicos de \u00abLa Flecha Negra\u00bb , el Citroen 3CV en el que se vienen movilizando desde hace varios meses atr\u00e1s y que los ha llevado a recorrer Chile, Bolivia, Per\u00fa y Ecuador; llegaron a\u00fan con sol y [...]","og_url":"https:\/\/pachamamitaecu.org\/en\/2012\/06\/14\/wawamericu-leaves-smiles-and-messages-to-hundreds-of-children-in-santa-elena\/","og_site_name":"PachaMamita Ecuador","article_publisher":"https:\/\/www.facebook.com\/pachamamitaecu","article_published_time":"2012-06-14T16:39:00+00:00","og_image":[{"url":"http:\/\/1.bp.blogspot.com\/-s6wDqXd37RE\/T9oTV71NT8I\/AAAAAAAACHs\/FVzvdddY1dI\/s320\/179618_242887272487468_1664384600_n.jpg","type":"","width":"","height":""}],"author":"PachaMamita EC","twitter_card":"summary_large_image","twitter_misc":{"Written by":"PachaMamita EC","Est. reading time":"2 minutes"},"schema":{"@context":"https:\/\/schema.org","@graph":[{"@type":"Article","@id":"https:\/\/pachamamitaecu.org\/en\/2012\/06\/14\/wawamericu-leaves-smiles-and-messages-to-hundreds-of-children-in-santa-elena\/#article","isPartOf":{"@id":"https:\/\/pachamamitaecu.org\/en\/2012\/06\/14\/wawamericu-leaves-smiles-and-messages-to-hundreds-of-children-in-santa-elena\/"},"author":{"name":"PachaMamita EC","@id":"https:\/\/pachamamitaecu.org\/es_es\/#\/schema\/person\/e8b42afae2451fadab5e0295f02c4593"},"headline":"Wawamericu deja sonrisas y mensaje a cientos de ni\u00f1os de Sta. Elena.","datePublished":"2012-06-14T16:39:00+00:00","mainEntityOfPage":{"@id":"https:\/\/pachamamitaecu.org\/en\/2012\/06\/14\/wawamericu-leaves-smiles-and-messages-to-hundreds-of-children-in-santa-elena\/"},"wordCount":452,"commentCount":0,"publisher":{"@id":"https:\/\/pachamamitaecu.org\/es_es\/#organization"},"image":{"@id":"https:\/\/pachamamitaecu.org\/en\/2012\/06\/14\/wawamericu-leaves-smiles-and-messages-to-hundreds-of-children-in-santa-elena\/#primaryimage"},"thumbnailUrl":"http:\/\/1.bp.blogspot.com\/-s6wDqXd37RE\/T9oTV71NT8I\/AAAAAAAACHs\/FVzvdddY1dI\/s320\/179618_242887272487468_1664384600_n.jpg","articleSection":["PERSONAJES PENINSULARES"],"inLanguage":"en-US","potentialAction":[{"@type":"CommentAction","name":"Comment","target":["https:\/\/pachamamitaecu.org\/en\/2012\/06\/14\/wawamericu-leaves-smiles-and-messages-to-hundreds-of-children-in-santa-elena\/#respond"]}]},{"@type":"WebPage","@id":"https:\/\/pachamamitaecu.org\/en\/2012\/06\/14\/wawamericu-leaves-smiles-and-messages-to-hundreds-of-children-in-santa-elena\/","url":"https:\/\/pachamamitaecu.org\/en\/2012\/06\/14\/wawamericu-leaves-smiles-and-messages-to-hundreds-of-children-in-santa-elena\/","name":"Wawamericu brings smiles and messages to hundreds of children in Sta. Elena. - PachaMamita Ecuador","isPartOf":{"@id":"https:\/\/pachamamitaecu.org\/es_es\/#website"},"primaryImageOfPage":{"@id":"https:\/\/pachamamitaecu.org\/en\/2012\/06\/14\/wawamericu-leaves-smiles-and-messages-to-hundreds-of-children-in-santa-elena\/#primaryimage"},"image":{"@id":"https:\/\/pachamamitaecu.org\/en\/2012\/06\/14\/wawamericu-leaves-smiles-and-messages-to-hundreds-of-children-in-santa-elena\/#primaryimage"},"thumbnailUrl":"http:\/\/1.bp.blogspot.com\/-s6wDqXd37RE\/T9oTV71NT8I\/AAAAAAAACHs\/FVzvdddY1dI\/s320\/179618_242887272487468_1664384600_n.jpg","datePublished":"2012-06-14T16:39:00+00:00","breadcrumb":{"@id":"https:\/\/pachamamitaecu.org\/en\/2012\/06\/14\/wawamericu-leaves-smiles-and-messages-to-hundreds-of-children-in-santa-elena\/#breadcrumb"},"inLanguage":"en-US","potentialAction":[{"@type":"ReadAction","target":["https:\/\/pachamamitaecu.org\/en\/2012\/06\/14\/wawamericu-leaves-smiles-and-messages-to-hundreds-of-children-in-santa-elena\/"]}]},{"@type":"ImageObject","inLanguage":"en-US","@id":"https:\/\/pachamamitaecu.org\/en\/2012\/06\/14\/wawamericu-leaves-smiles-and-messages-to-hundreds-of-children-in-santa-elena\/#primaryimage","url":"http:\/\/1.bp.blogspot.com\/-s6wDqXd37RE\/T9oTV71NT8I\/AAAAAAAACHs\/FVzvdddY1dI\/s320\/179618_242887272487468_1664384600_n.jpg","contentUrl":"http:\/\/1.bp.blogspot.com\/-s6wDqXd37RE\/T9oTV71NT8I\/AAAAAAAACHs\/FVzvdddY1dI\/s320\/179618_242887272487468_1664384600_n.jpg"},{"@type":"BreadcrumbList","@id":"https:\/\/pachamamitaecu.org\/en\/2012\/06\/14\/wawamericu-leaves-smiles-and-messages-to-hundreds-of-children-in-santa-elena\/#breadcrumb","itemListElement":[{"@type":"ListItem","position":1,"name":"Portada","item":"https:\/\/pachamamitaecu.org\/es_es\/"},{"@type":"ListItem","position":2,"name":"Wawamericu deja sonrisas y mensaje a cientos de ni\u00f1os de Sta. Elena."}]},{"@type":"WebSite","@id":"https:\/\/pachamamitaecu.org\/es_es\/#website","url":"https:\/\/pachamamitaecu.org\/es_es\/","name":"PachaMamita Ecuador","description":"CULTURE. AGROECOLOGY. TOURISM AND RESPONSIBLE CONSUMPTION-ECUADOR.","publisher":{"@id":"https:\/\/pachamamitaecu.org\/es_es\/#organization"},"potentialAction":[{"@type":"SearchAction","target":{"@type":"EntryPoint","urlTemplate":"https:\/\/pachamamitaecu.org\/es_es\/?s={search_term_string}"},"query-input":{"@type":"PropertyValueSpecification","valueRequired":true,"valueName":"search_term_string"}}],"inLanguage":"en-US"},{"@type":"Organization","@id":"https:\/\/pachamamitaecu.org\/es_es\/#organization","name":"PachaMamita Ecuador","url":"https:\/\/pachamamitaecu.org\/es_es\/","logo":{"@type":"ImageObject","inLanguage":"en-US","@id":"https:\/\/pachamamitaecu.org\/es_es\/#\/schema\/logo\/image\/","url":"https:\/\/pachamamitaecu.org\/wp-content\/uploads\/2024\/04\/cropped-Diseno-sin-titulo-13.png","contentUrl":"https:\/\/pachamamitaecu.org\/wp-content\/uploads\/2024\/04\/cropped-Diseno-sin-titulo-13.png","width":512,"height":512,"caption":"PachaMamita Ecuador"},"image":{"@id":"https:\/\/pachamamitaecu.org\/es_es\/#\/schema\/logo\/image\/"},"sameAs":["https:\/\/www.facebook.com\/pachamamitaecu"]},{"@type":"Person","@id":"https:\/\/pachamamitaecu.org\/es_es\/#\/schema\/person\/e8b42afae2451fadab5e0295f02c4593","name":"PachaMamita EC","image":{"@type":"ImageObject","inLanguage":"en-US","@id":"https:\/\/pachamamitaecu.org\/wp-content\/litespeed\/avatar\/23494c9101089ad44ae88ce9d2f56aac.jpg?ver=1777350952","url":"https:\/\/pachamamitaecu.org\/wp-content\/litespeed\/avatar\/23494c9101089ad44ae88ce9d2f56aac.jpg?ver=1777350952","contentUrl":"https:\/\/pachamamitaecu.org\/wp-content\/litespeed\/avatar\/23494c9101089ad44ae88ce9d2f56aac.jpg?ver=1777350952","caption":"PachaMamita EC"},"url":"https:\/\/pachamamitaecu.org\/en\/author\/pachamamita-ec\/"}]}},"_links":{"self":[{"href":"https:\/\/pachamamitaecu.org\/en\/wp-json\/wp\/v2\/posts\/932","targetHints":{"allow":["GET"]}}],"collection":[{"href":"https:\/\/pachamamitaecu.org\/en\/wp-json\/wp\/v2\/posts"}],"about":[{"href":"https:\/\/pachamamitaecu.org\/en\/wp-json\/wp\/v2\/types\/post"}],"author":[{"embeddable":true,"href":"https:\/\/pachamamitaecu.org\/en\/wp-json\/wp\/v2\/users\/3"}],"replies":[{"embeddable":true,"href":"https:\/\/pachamamitaecu.org\/en\/wp-json\/wp\/v2\/comments?post=932"}],"version-history":[{"count":0,"href":"https:\/\/pachamamitaecu.org\/en\/wp-json\/wp\/v2\/posts\/932\/revisions"}],"wp:attachment":[{"href":"https:\/\/pachamamitaecu.org\/en\/wp-json\/wp\/v2\/media?parent=932"}],"wp:term":[{"taxonomy":"category","embeddable":true,"href":"https:\/\/pachamamitaecu.org\/en\/wp-json\/wp\/v2\/categories?post=932"},{"taxonomy":"post_tag","embeddable":true,"href":"https:\/\/pachamamitaecu.org\/en\/wp-json\/wp\/v2\/tags?post=932"}],"curies":[{"name":"wp","href":"https:\/\/api.w.org\/{rel}","templated":true}]}}