{"id":1054,"date":"2012-01-15T07:48:00","date_gmt":"2012-01-15T07:48:00","guid":{"rendered":"http:\/\/pachamamitaecu-org-720647.hostingersite.com\/2012\/01\/15\/coca-cola-y-pepsi-tras-la-botella-100-ecologica\/"},"modified":"2023-03-01T15:27:34","modified_gmt":"2023-03-01T15:27:34","slug":"coca-cola-y-pepsi-tras-la-botella-100-ecologica","status":"publish","type":"post","link":"https:\/\/pachamamitaecu.org\/es_es\/2012\/01\/15\/coca-cola-y-pepsi-tras-la-botella-100-ecologica\/","title":{"rendered":"Coca-cola y Pepsi tras la botella 100% ecol\u00f3gica"},"content":{"rendered":"<div style=\"clear: both; text-align: center;\"><a href=\"http:\/\/1.bp.blogspot.com\/-tfGY5cDxD1U\/TxKExzqGwpI\/AAAAAAAABsg\/GY3RgqiQOGw\/s1600\/Lucha-de-Coca-cola-y-Pepsi-por-la-botella-100-ecologica.jpg\" style=\"clear: left; float: left; margin-bottom: 1em; margin-right: 1em;\"><img decoding=\"async\" border=\"0\" height=\"181\" data-src=\"http:\/\/1.bp.blogspot.com\/-tfGY5cDxD1U\/TxKExzqGwpI\/AAAAAAAABsg\/GY3RgqiQOGw\/s320\/Lucha-de-Coca-cola-y-Pepsi-por-la-botella-100-ecologica.jpg\" width=\"320\" src=\"data:image\/svg+xml;base64,PHN2ZyB3aWR0aD0iMSIgaGVpZ2h0PSIxIiB4bWxucz0iaHR0cDovL3d3dy53My5vcmcvMjAwMC9zdmciPjwvc3ZnPg==\" class=\"lazyload\" style=\"--smush-placeholder-width: 320px; --smush-placeholder-aspect-ratio: 320\/181;\" \/><\/a><\/div>\n<div style=\"text-align: justify;\"><span style=\"font-family: Times, 'Times New Roman', serif; font-size: large;\">Las dos empresas&nbsp;<\/span> <span style=\"font-family: Times, 'Times New Roman', serif; font-size: large;\">m\u00e1s<\/span>&nbsp;<span style=\"font-family: Times, 'Times New Roman', serif; font-size: large;\">grandes del mundo productoras de refrescos: Coca-cola y Pepsi siempre han luchado por superar al otro, a su gran rival. Primero, por ser el refresco m\u00e1s vendido del mundo, despu\u00e9s por sacar una versi\u00f3n baja en calor\u00edas, despu\u00e9s una baja en cafe\u00edna, por emitir los anuncios m\u00e1s originales, y asi sucesivamente.<\/span><\/div>\n<p><span style=\"font-family: Times, 'Times New Roman', serif; font-size: large;\"><\/p>\n<div style=\"text-align: justify;\"><\/div>\n<div style=\"text-align: justify;\"><span style=\"font-family: Times, 'Times New Roman', serif; font-size: large;\">Y ahora le ha llegado la hora a la ecolog\u00eda, pues las dos marcas se encuentran en una carrera por ver cu\u00e1l comercializa antes envases que no contengan pl\u00e1stico procedente de petr\u00f3leo. Esta competencia es muy bien vista por ecologistas de todo el mundo pues seguro marcar<\/span>\u00e1&nbsp;<span style=\"font-family: Times, 'Times New Roman', serif; font-size: large;\"> pautas en la industria  global de refrescos.<\/span><\/div>\n<p><\/span><span style=\"font-family: Times, 'Times New Roman', serif; font-size: large;\"><\/p>\n<div style=\"text-align: justify;\"><\/div>\n<div style=\"text-align: justify;\"><span style=\"font-family: Times, 'Times New Roman', serif; font-size: large;\">Ambas compa\u00f1\u00edas est<\/span>\u00e1n destinando fondos a la&nbsp;<span style=\"font-family: Times, 'Times New Roman', serif; font-size: large;\">investigaci<\/span>\u00f3<span style=\"font-family: Times, 'Times New Roman', serif; font-size: large;\">n de c\u00f3mo elaborar un pl\u00e1stico con material que provenga de plantas, es decir, natural y biodegradable. Luego, llegar\u00e1 el momento de ofrecerlo al consumidor y convencerle de que \u00e9se es el mejor envase. Pero todav\u00eda falta tiempo para ese d\u00eda: ninguna de las dos grandes multinacionales de refrescos tiene la suficiente confianza en la tecnolog\u00eda verde para comercializar los nuevos envases.<\/span><\/div>\n<p><\/span><span style=\"font-family: Times, 'Times New Roman', serif; font-size: large;\"><\/p>\n<div style=\"text-align: justify;\"><\/div>\n<div style=\"text-align: justify;\">Coca-Cola est\u00e1 trabajando con tres compa\u00f1\u00edas de biotecnolog\u00eda, Virent, Gevo y Avantium, para dise\u00f1ar un envase de pl\u00e1stico procedente de plantas, tambi\u00e9n llamado biopl\u00e1stico.<\/div>\n<div style=\"text-align: justify;\"><\/div>\n<div style=\"text-align: justify;\">Por su arte, tambi\u00e9n Pepsi tiene como objetivo ser la primera en obtener la etiqueta que le reconozca como cien por cien verde en sus envases. Han anunciado que en este 2012 llevar\u00e1n a cabo una prueba para producir 200.000 botellas usando una planta como materia prima. Con todo, los ejecutivos de la compa\u00f1\u00eda no se atrevieron a predecir el momento exacto del comienzo de una producci\u00f3n a gran escala, ya que, a parte de las pruebas de calidad, de seguridad y de resistencia del envase, es necesario que sea rentable econ\u00f3micamente. En fin, se lucha por ser la compa\u00f1\u00eda m\u00e1s ecol\u00f3gica (por lo menos en cuanto a envases se refiere), pero tampoco se trata de perder dinero.<\/div>\n<div style=\"text-align: justify;\"><\/div>\n<div style=\"text-align: justify;\">En la hist\u00f3rica lucha, Coca-cola asest\u00f3 el primer golpe en 2009, cuando comenz\u00f3 a vender agua Dasani en Estados Unidos en botellas fabricadas con un 30% de biopl\u00e1stico. A este respecto, la compa\u00f1\u00eda ha asegurado que, para 2020, todas sus botellas se compondr\u00edan en ese porcentaje del 30% de pl\u00e1stico procedente de plantas.<\/div>\n<div style=\"text-align: justify;\"><\/div>\n<div style=\"text-align: justify;\">Sin embargo, para un envase 100% sin pl\u00e1stico procedente de petr\u00f3leo tendremos que esperar alg\u00fan tiempo.<\/div>\n<p><\/span><\/p>\n<div class=\"pvc_clear\"><\/div>\n<p id=\"pvc_stats_1054\" class=\"pvc_stats total_only  \" data-element-id=\"1054\" style=\"\"><i class=\"pvc-stats-icon medium\" aria-hidden=\"true\"><svg aria-hidden=\"true\" focusable=\"false\" data-prefix=\"far\" data-icon=\"chart-bar\" role=\"img\" xmlns=\"http:\/\/www.w3.org\/2000\/svg\" viewBox=\"0 0 512 512\" class=\"svg-inline--fa fa-chart-bar fa-w-16 fa-2x\"><path fill=\"currentColor\" d=\"M396.8 352h22.4c6.4 0 12.8-6.4 12.8-12.8V108.8c0-6.4-6.4-12.8-12.8-12.8h-22.4c-6.4 0-12.8 6.4-12.8 12.8v230.4c0 6.4 6.4 12.8 12.8 12.8zm-192 0h22.4c6.4 0 12.8-6.4 12.8-12.8V140.8c0-6.4-6.4-12.8-12.8-12.8h-22.4c-6.4 0-12.8 6.4-12.8 12.8v198.4c0 6.4 6.4 12.8 12.8 12.8zm96 0h22.4c6.4 0 12.8-6.4 12.8-12.8V204.8c0-6.4-6.4-12.8-12.8-12.8h-22.4c-6.4 0-12.8 6.4-12.8 12.8v134.4c0 6.4 6.4 12.8 12.8 12.8zM496 400H48V80c0-8.84-7.16-16-16-16H16C7.16 64 0 71.16 0 80v336c0 17.67 14.33 32 32 32h464c8.84 0 16-7.16 16-16v-16c0-8.84-7.16-16-16-16zm-387.2-48h22.4c6.4 0 12.8-6.4 12.8-12.8v-70.4c0-6.4-6.4-12.8-12.8-12.8h-22.4c-6.4 0-12.8 6.4-12.8 12.8v70.4c0 6.4 6.4 12.8 12.8 12.8z\" class=\"\"><\/path><\/svg><\/i> <img decoding=\"async\" width=\"16\" height=\"16\" alt=\"Loading\" data-src=\"https:\/\/pachamamitaecu.org\/wp-content\/plugins\/page-views-count\/ajax-loader-2x.gif\" border=0 src=\"data:image\/svg+xml;base64,PHN2ZyB3aWR0aD0iMSIgaGVpZ2h0PSIxIiB4bWxucz0iaHR0cDovL3d3dy53My5vcmcvMjAwMC9zdmciPjwvc3ZnPg==\" class=\"lazyload\" style=\"--smush-placeholder-width: 16px; --smush-placeholder-aspect-ratio: 16\/16;\" \/><\/p>\n<div class=\"pvc_clear\"><\/div>\n","protected":false},"excerpt":{"rendered":"<p>Las dos empresas&nbsp; m\u00e1s&nbsp;grandes del mundo productoras de refrescos: Coca-cola y Pepsi siempre han luchado por superar al otro, a su gran rival. Primero, por ser el refresco m\u00e1s vendido del mundo, despu\u00e9s por sacar una versi\u00f3n baja en calor\u00edas, despu\u00e9s una baja en cafe\u00edna, por emitir los anuncios m\u00e1s originales, y asi sucesivamente. Y [&#8230;]\n","protected":false},"author":3,"featured_media":0,"comment_status":"open","ping_status":"closed","sticky":false,"template":"","format":"standard","meta":{"footnotes":""},"categories":[159,264],"tags":[],"class_list":["post-1054","post","type-post","status-publish","format-standard","hentry","category-consumo-responsable","category-noticias"],"a3_pvc":{"activated":true,"total_views":26,"today_views":0},"yoast_head":"<!-- This site is optimized with the Yoast SEO Premium plugin v24.2 (Yoast SEO v27.4) - https:\/\/yoast.com\/product\/yoast-seo-premium-wordpress\/ -->\n<title>Coca-cola y Pepsi tras la botella 100% ecol\u00f3gica - PachaMamita Ecuador<\/title>\n<meta name=\"robots\" content=\"index, follow, max-snippet:-1, max-image-preview:large, max-video-preview:-1\" \/>\n<link rel=\"canonical\" href=\"https:\/\/pachamamitaecu.org\/es_es\/2012\/01\/15\/coca-cola-y-pepsi-tras-la-botella-100-ecologica\/\" \/>\n<meta property=\"og:locale\" content=\"es_ES\" \/>\n<meta property=\"og:type\" content=\"article\" \/>\n<meta property=\"og:title\" content=\"Coca-cola y Pepsi tras la botella 100% ecol\u00f3gica\" \/>\n<meta property=\"og:description\" content=\"Las dos empresas&nbsp; m\u00e1s&nbsp;grandes del mundo productoras de refrescos: Coca-cola y Pepsi siempre han luchado por superar al otro, a su gran rival. Primero, por ser el refresco m\u00e1s vendido del mundo, despu\u00e9s por sacar una versi\u00f3n baja en calor\u00edas, despu\u00e9s una baja en cafe\u00edna, por emitir los anuncios m\u00e1s originales, y asi sucesivamente. Y [...]\" \/>\n<meta property=\"og:url\" content=\"https:\/\/pachamamitaecu.org\/es_es\/2012\/01\/15\/coca-cola-y-pepsi-tras-la-botella-100-ecologica\/\" \/>\n<meta property=\"og:site_name\" content=\"PachaMamita Ecuador\" \/>\n<meta property=\"article:publisher\" content=\"https:\/\/www.facebook.com\/pachamamitaecu\" \/>\n<meta property=\"article:published_time\" content=\"2012-01-15T07:48:00+00:00\" \/>\n<meta property=\"article:modified_time\" content=\"2023-03-01T15:27:34+00:00\" \/>\n<meta property=\"og:image\" content=\"http:\/\/1.bp.blogspot.com\/-tfGY5cDxD1U\/TxKExzqGwpI\/AAAAAAAABsg\/GY3RgqiQOGw\/s320\/Lucha-de-Coca-cola-y-Pepsi-por-la-botella-100-ecologica.jpg\" \/>\n<meta name=\"author\" content=\"PachaMamita EC\" \/>\n<meta name=\"twitter:card\" content=\"summary_large_image\" \/>\n<meta name=\"twitter:label1\" content=\"Escrito por\" \/>\n\t<meta name=\"twitter:data1\" content=\"PachaMamita EC\" \/>\n\t<meta name=\"twitter:label2\" content=\"Tiempo de lectura\" \/>\n\t<meta name=\"twitter:data2\" content=\"2 minutos\" \/>\n<script type=\"application\/ld+json\" class=\"yoast-schema-graph\">{\"@context\":\"https:\\\/\\\/schema.org\",\"@graph\":[{\"@type\":\"Article\",\"@id\":\"https:\\\/\\\/pachamamitaecu.org\\\/es_es\\\/2012\\\/01\\\/15\\\/coca-cola-y-pepsi-tras-la-botella-100-ecologica\\\/#article\",\"isPartOf\":{\"@id\":\"https:\\\/\\\/pachamamitaecu.org\\\/es_es\\\/2012\\\/01\\\/15\\\/coca-cola-y-pepsi-tras-la-botella-100-ecologica\\\/\"},\"author\":{\"name\":\"PachaMamita EC\",\"@id\":\"https:\\\/\\\/pachamamitaecu.org\\\/es_es\\\/#\\\/schema\\\/person\\\/e8b42afae2451fadab5e0295f02c4593\"},\"headline\":\"Coca-cola y Pepsi tras la botella 100% ecol\u00f3gica\",\"datePublished\":\"2012-01-15T07:48:00+00:00\",\"dateModified\":\"2023-03-01T15:27:34+00:00\",\"mainEntityOfPage\":{\"@id\":\"https:\\\/\\\/pachamamitaecu.org\\\/es_es\\\/2012\\\/01\\\/15\\\/coca-cola-y-pepsi-tras-la-botella-100-ecologica\\\/\"},\"wordCount\":436,\"commentCount\":0,\"publisher\":{\"@id\":\"https:\\\/\\\/pachamamitaecu.org\\\/es_es\\\/#organization\"},\"image\":{\"@id\":\"https:\\\/\\\/pachamamitaecu.org\\\/es_es\\\/2012\\\/01\\\/15\\\/coca-cola-y-pepsi-tras-la-botella-100-ecologica\\\/#primaryimage\"},\"thumbnailUrl\":\"http:\\\/\\\/1.bp.blogspot.com\\\/-tfGY5cDxD1U\\\/TxKExzqGwpI\\\/AAAAAAAABsg\\\/GY3RgqiQOGw\\\/s320\\\/Lucha-de-Coca-cola-y-Pepsi-por-la-botella-100-ecologica.jpg\",\"articleSection\":[\"CONSUMO RESPONSABLE\",\"noticias\"],\"inLanguage\":\"es\",\"potentialAction\":[{\"@type\":\"CommentAction\",\"name\":\"Comment\",\"target\":[\"https:\\\/\\\/pachamamitaecu.org\\\/es_es\\\/2012\\\/01\\\/15\\\/coca-cola-y-pepsi-tras-la-botella-100-ecologica\\\/#respond\"]}]},{\"@type\":\"WebPage\",\"@id\":\"https:\\\/\\\/pachamamitaecu.org\\\/es_es\\\/2012\\\/01\\\/15\\\/coca-cola-y-pepsi-tras-la-botella-100-ecologica\\\/\",\"url\":\"https:\\\/\\\/pachamamitaecu.org\\\/es_es\\\/2012\\\/01\\\/15\\\/coca-cola-y-pepsi-tras-la-botella-100-ecologica\\\/\",\"name\":\"Coca-cola y Pepsi tras la botella 100% ecol\u00f3gica - PachaMamita Ecuador\",\"isPartOf\":{\"@id\":\"https:\\\/\\\/pachamamitaecu.org\\\/es_es\\\/#website\"},\"primaryImageOfPage\":{\"@id\":\"https:\\\/\\\/pachamamitaecu.org\\\/es_es\\\/2012\\\/01\\\/15\\\/coca-cola-y-pepsi-tras-la-botella-100-ecologica\\\/#primaryimage\"},\"image\":{\"@id\":\"https:\\\/\\\/pachamamitaecu.org\\\/es_es\\\/2012\\\/01\\\/15\\\/coca-cola-y-pepsi-tras-la-botella-100-ecologica\\\/#primaryimage\"},\"thumbnailUrl\":\"http:\\\/\\\/1.bp.blogspot.com\\\/-tfGY5cDxD1U\\\/TxKExzqGwpI\\\/AAAAAAAABsg\\\/GY3RgqiQOGw\\\/s320\\\/Lucha-de-Coca-cola-y-Pepsi-por-la-botella-100-ecologica.jpg\",\"datePublished\":\"2012-01-15T07:48:00+00:00\",\"dateModified\":\"2023-03-01T15:27:34+00:00\",\"breadcrumb\":{\"@id\":\"https:\\\/\\\/pachamamitaecu.org\\\/es_es\\\/2012\\\/01\\\/15\\\/coca-cola-y-pepsi-tras-la-botella-100-ecologica\\\/#breadcrumb\"},\"inLanguage\":\"es\",\"potentialAction\":[{\"@type\":\"ReadAction\",\"target\":[\"https:\\\/\\\/pachamamitaecu.org\\\/es_es\\\/2012\\\/01\\\/15\\\/coca-cola-y-pepsi-tras-la-botella-100-ecologica\\\/\"]}]},{\"@type\":\"ImageObject\",\"inLanguage\":\"es\",\"@id\":\"https:\\\/\\\/pachamamitaecu.org\\\/es_es\\\/2012\\\/01\\\/15\\\/coca-cola-y-pepsi-tras-la-botella-100-ecologica\\\/#primaryimage\",\"url\":\"http:\\\/\\\/1.bp.blogspot.com\\\/-tfGY5cDxD1U\\\/TxKExzqGwpI\\\/AAAAAAAABsg\\\/GY3RgqiQOGw\\\/s320\\\/Lucha-de-Coca-cola-y-Pepsi-por-la-botella-100-ecologica.jpg\",\"contentUrl\":\"http:\\\/\\\/1.bp.blogspot.com\\\/-tfGY5cDxD1U\\\/TxKExzqGwpI\\\/AAAAAAAABsg\\\/GY3RgqiQOGw\\\/s320\\\/Lucha-de-Coca-cola-y-Pepsi-por-la-botella-100-ecologica.jpg\"},{\"@type\":\"BreadcrumbList\",\"@id\":\"https:\\\/\\\/pachamamitaecu.org\\\/es_es\\\/2012\\\/01\\\/15\\\/coca-cola-y-pepsi-tras-la-botella-100-ecologica\\\/#breadcrumb\",\"itemListElement\":[{\"@type\":\"ListItem\",\"position\":1,\"name\":\"Portada\",\"item\":\"https:\\\/\\\/pachamamitaecu.org\\\/es_es\\\/\"},{\"@type\":\"ListItem\",\"position\":2,\"name\":\"Coca-cola y Pepsi tras la botella 100% ecol\u00f3gica\"}]},{\"@type\":\"WebSite\",\"@id\":\"https:\\\/\\\/pachamamitaecu.org\\\/es_es\\\/#website\",\"url\":\"https:\\\/\\\/pachamamitaecu.org\\\/es_es\\\/\",\"name\":\"PachaMamita Ecuador\",\"description\":\"CULTURA. AGROECOLOG\u00cdA. TURISMO Y CONSUMO RESPONSABLE-ECUADOR.\",\"publisher\":{\"@id\":\"https:\\\/\\\/pachamamitaecu.org\\\/es_es\\\/#organization\"},\"potentialAction\":[{\"@type\":\"SearchAction\",\"target\":{\"@type\":\"EntryPoint\",\"urlTemplate\":\"https:\\\/\\\/pachamamitaecu.org\\\/es_es\\\/?s={search_term_string}\"},\"query-input\":{\"@type\":\"PropertyValueSpecification\",\"valueRequired\":true,\"valueName\":\"search_term_string\"}}],\"inLanguage\":\"es\"},{\"@type\":\"Organization\",\"@id\":\"https:\\\/\\\/pachamamitaecu.org\\\/es_es\\\/#organization\",\"name\":\"PachaMamita Ecuador\",\"url\":\"https:\\\/\\\/pachamamitaecu.org\\\/es_es\\\/\",\"logo\":{\"@type\":\"ImageObject\",\"inLanguage\":\"es\",\"@id\":\"https:\\\/\\\/pachamamitaecu.org\\\/es_es\\\/#\\\/schema\\\/logo\\\/image\\\/\",\"url\":\"https:\\\/\\\/pachamamitaecu.org\\\/wp-content\\\/uploads\\\/2024\\\/04\\\/cropped-Diseno-sin-titulo-13.png\",\"contentUrl\":\"https:\\\/\\\/pachamamitaecu.org\\\/wp-content\\\/uploads\\\/2024\\\/04\\\/cropped-Diseno-sin-titulo-13.png\",\"width\":512,\"height\":512,\"caption\":\"PachaMamita Ecuador\"},\"image\":{\"@id\":\"https:\\\/\\\/pachamamitaecu.org\\\/es_es\\\/#\\\/schema\\\/logo\\\/image\\\/\"},\"sameAs\":[\"https:\\\/\\\/www.facebook.com\\\/pachamamitaecu\"]},{\"@type\":\"Person\",\"@id\":\"https:\\\/\\\/pachamamitaecu.org\\\/es_es\\\/#\\\/schema\\\/person\\\/e8b42afae2451fadab5e0295f02c4593\",\"name\":\"PachaMamita EC\",\"image\":{\"@type\":\"ImageObject\",\"inLanguage\":\"es\",\"@id\":\"https:\\\/\\\/pachamamitaecu.org\\\/wp-content\\\/litespeed\\\/avatar\\\/23494c9101089ad44ae88ce9d2f56aac.jpg?ver=1777350952\",\"url\":\"https:\\\/\\\/pachamamitaecu.org\\\/wp-content\\\/litespeed\\\/avatar\\\/23494c9101089ad44ae88ce9d2f56aac.jpg?ver=1777350952\",\"contentUrl\":\"https:\\\/\\\/pachamamitaecu.org\\\/wp-content\\\/litespeed\\\/avatar\\\/23494c9101089ad44ae88ce9d2f56aac.jpg?ver=1777350952\",\"caption\":\"PachaMamita EC\"},\"url\":\"https:\\\/\\\/pachamamitaecu.org\\\/es_es\\\/author\\\/pachamamita-ec\\\/\"}]}<\/script>\n<!-- \/ Yoast SEO Premium plugin. -->","yoast_head_json":{"title":"Coca-cola y Pepsi tras la botella 100% ecol\u00f3gica - PachaMamita Ecuador","robots":{"index":"index","follow":"follow","max-snippet":"max-snippet:-1","max-image-preview":"max-image-preview:large","max-video-preview":"max-video-preview:-1"},"canonical":"https:\/\/pachamamitaecu.org\/es_es\/2012\/01\/15\/coca-cola-y-pepsi-tras-la-botella-100-ecologica\/","og_locale":"es_ES","og_type":"article","og_title":"Coca-cola y Pepsi tras la botella 100% ecol\u00f3gica","og_description":"Las dos empresas&nbsp; m\u00e1s&nbsp;grandes del mundo productoras de refrescos: Coca-cola y Pepsi siempre han luchado por superar al otro, a su gran rival. Primero, por ser el refresco m\u00e1s vendido del mundo, despu\u00e9s por sacar una versi\u00f3n baja en calor\u00edas, despu\u00e9s una baja en cafe\u00edna, por emitir los anuncios m\u00e1s originales, y asi sucesivamente. Y [...]","og_url":"https:\/\/pachamamitaecu.org\/es_es\/2012\/01\/15\/coca-cola-y-pepsi-tras-la-botella-100-ecologica\/","og_site_name":"PachaMamita Ecuador","article_publisher":"https:\/\/www.facebook.com\/pachamamitaecu","article_published_time":"2012-01-15T07:48:00+00:00","article_modified_time":"2023-03-01T15:27:34+00:00","og_image":[{"url":"http:\/\/1.bp.blogspot.com\/-tfGY5cDxD1U\/TxKExzqGwpI\/AAAAAAAABsg\/GY3RgqiQOGw\/s320\/Lucha-de-Coca-cola-y-Pepsi-por-la-botella-100-ecologica.jpg","type":"","width":"","height":""}],"author":"PachaMamita EC","twitter_card":"summary_large_image","twitter_misc":{"Escrito por":"PachaMamita EC","Tiempo de lectura":"2 minutos"},"schema":{"@context":"https:\/\/schema.org","@graph":[{"@type":"Article","@id":"https:\/\/pachamamitaecu.org\/es_es\/2012\/01\/15\/coca-cola-y-pepsi-tras-la-botella-100-ecologica\/#article","isPartOf":{"@id":"https:\/\/pachamamitaecu.org\/es_es\/2012\/01\/15\/coca-cola-y-pepsi-tras-la-botella-100-ecologica\/"},"author":{"name":"PachaMamita EC","@id":"https:\/\/pachamamitaecu.org\/es_es\/#\/schema\/person\/e8b42afae2451fadab5e0295f02c4593"},"headline":"Coca-cola y Pepsi tras la botella 100% ecol\u00f3gica","datePublished":"2012-01-15T07:48:00+00:00","dateModified":"2023-03-01T15:27:34+00:00","mainEntityOfPage":{"@id":"https:\/\/pachamamitaecu.org\/es_es\/2012\/01\/15\/coca-cola-y-pepsi-tras-la-botella-100-ecologica\/"},"wordCount":436,"commentCount":0,"publisher":{"@id":"https:\/\/pachamamitaecu.org\/es_es\/#organization"},"image":{"@id":"https:\/\/pachamamitaecu.org\/es_es\/2012\/01\/15\/coca-cola-y-pepsi-tras-la-botella-100-ecologica\/#primaryimage"},"thumbnailUrl":"http:\/\/1.bp.blogspot.com\/-tfGY5cDxD1U\/TxKExzqGwpI\/AAAAAAAABsg\/GY3RgqiQOGw\/s320\/Lucha-de-Coca-cola-y-Pepsi-por-la-botella-100-ecologica.jpg","articleSection":["CONSUMO RESPONSABLE","noticias"],"inLanguage":"es","potentialAction":[{"@type":"CommentAction","name":"Comment","target":["https:\/\/pachamamitaecu.org\/es_es\/2012\/01\/15\/coca-cola-y-pepsi-tras-la-botella-100-ecologica\/#respond"]}]},{"@type":"WebPage","@id":"https:\/\/pachamamitaecu.org\/es_es\/2012\/01\/15\/coca-cola-y-pepsi-tras-la-botella-100-ecologica\/","url":"https:\/\/pachamamitaecu.org\/es_es\/2012\/01\/15\/coca-cola-y-pepsi-tras-la-botella-100-ecologica\/","name":"Coca-cola y Pepsi tras la botella 100% ecol\u00f3gica - PachaMamita Ecuador","isPartOf":{"@id":"https:\/\/pachamamitaecu.org\/es_es\/#website"},"primaryImageOfPage":{"@id":"https:\/\/pachamamitaecu.org\/es_es\/2012\/01\/15\/coca-cola-y-pepsi-tras-la-botella-100-ecologica\/#primaryimage"},"image":{"@id":"https:\/\/pachamamitaecu.org\/es_es\/2012\/01\/15\/coca-cola-y-pepsi-tras-la-botella-100-ecologica\/#primaryimage"},"thumbnailUrl":"http:\/\/1.bp.blogspot.com\/-tfGY5cDxD1U\/TxKExzqGwpI\/AAAAAAAABsg\/GY3RgqiQOGw\/s320\/Lucha-de-Coca-cola-y-Pepsi-por-la-botella-100-ecologica.jpg","datePublished":"2012-01-15T07:48:00+00:00","dateModified":"2023-03-01T15:27:34+00:00","breadcrumb":{"@id":"https:\/\/pachamamitaecu.org\/es_es\/2012\/01\/15\/coca-cola-y-pepsi-tras-la-botella-100-ecologica\/#breadcrumb"},"inLanguage":"es","potentialAction":[{"@type":"ReadAction","target":["https:\/\/pachamamitaecu.org\/es_es\/2012\/01\/15\/coca-cola-y-pepsi-tras-la-botella-100-ecologica\/"]}]},{"@type":"ImageObject","inLanguage":"es","@id":"https:\/\/pachamamitaecu.org\/es_es\/2012\/01\/15\/coca-cola-y-pepsi-tras-la-botella-100-ecologica\/#primaryimage","url":"http:\/\/1.bp.blogspot.com\/-tfGY5cDxD1U\/TxKExzqGwpI\/AAAAAAAABsg\/GY3RgqiQOGw\/s320\/Lucha-de-Coca-cola-y-Pepsi-por-la-botella-100-ecologica.jpg","contentUrl":"http:\/\/1.bp.blogspot.com\/-tfGY5cDxD1U\/TxKExzqGwpI\/AAAAAAAABsg\/GY3RgqiQOGw\/s320\/Lucha-de-Coca-cola-y-Pepsi-por-la-botella-100-ecologica.jpg"},{"@type":"BreadcrumbList","@id":"https:\/\/pachamamitaecu.org\/es_es\/2012\/01\/15\/coca-cola-y-pepsi-tras-la-botella-100-ecologica\/#breadcrumb","itemListElement":[{"@type":"ListItem","position":1,"name":"Portada","item":"https:\/\/pachamamitaecu.org\/es_es\/"},{"@type":"ListItem","position":2,"name":"Coca-cola y Pepsi tras la botella 100% ecol\u00f3gica"}]},{"@type":"WebSite","@id":"https:\/\/pachamamitaecu.org\/es_es\/#website","url":"https:\/\/pachamamitaecu.org\/es_es\/","name":"PachaMamita Ecuador","description":"CULTURA. AGROECOLOG\u00cdA. TURISMO Y CONSUMO RESPONSABLE-ECUADOR.","publisher":{"@id":"https:\/\/pachamamitaecu.org\/es_es\/#organization"},"potentialAction":[{"@type":"SearchAction","target":{"@type":"EntryPoint","urlTemplate":"https:\/\/pachamamitaecu.org\/es_es\/?s={search_term_string}"},"query-input":{"@type":"PropertyValueSpecification","valueRequired":true,"valueName":"search_term_string"}}],"inLanguage":"es"},{"@type":"Organization","@id":"https:\/\/pachamamitaecu.org\/es_es\/#organization","name":"PachaMamita Ecuador","url":"https:\/\/pachamamitaecu.org\/es_es\/","logo":{"@type":"ImageObject","inLanguage":"es","@id":"https:\/\/pachamamitaecu.org\/es_es\/#\/schema\/logo\/image\/","url":"https:\/\/pachamamitaecu.org\/wp-content\/uploads\/2024\/04\/cropped-Diseno-sin-titulo-13.png","contentUrl":"https:\/\/pachamamitaecu.org\/wp-content\/uploads\/2024\/04\/cropped-Diseno-sin-titulo-13.png","width":512,"height":512,"caption":"PachaMamita Ecuador"},"image":{"@id":"https:\/\/pachamamitaecu.org\/es_es\/#\/schema\/logo\/image\/"},"sameAs":["https:\/\/www.facebook.com\/pachamamitaecu"]},{"@type":"Person","@id":"https:\/\/pachamamitaecu.org\/es_es\/#\/schema\/person\/e8b42afae2451fadab5e0295f02c4593","name":"PachaMamita EC","image":{"@type":"ImageObject","inLanguage":"es","@id":"https:\/\/pachamamitaecu.org\/wp-content\/litespeed\/avatar\/23494c9101089ad44ae88ce9d2f56aac.jpg?ver=1777350952","url":"https:\/\/pachamamitaecu.org\/wp-content\/litespeed\/avatar\/23494c9101089ad44ae88ce9d2f56aac.jpg?ver=1777350952","contentUrl":"https:\/\/pachamamitaecu.org\/wp-content\/litespeed\/avatar\/23494c9101089ad44ae88ce9d2f56aac.jpg?ver=1777350952","caption":"PachaMamita EC"},"url":"https:\/\/pachamamitaecu.org\/es_es\/author\/pachamamita-ec\/"}]}},"_links":{"self":[{"href":"https:\/\/pachamamitaecu.org\/es_es\/wp-json\/wp\/v2\/posts\/1054","targetHints":{"allow":["GET"]}}],"collection":[{"href":"https:\/\/pachamamitaecu.org\/es_es\/wp-json\/wp\/v2\/posts"}],"about":[{"href":"https:\/\/pachamamitaecu.org\/es_es\/wp-json\/wp\/v2\/types\/post"}],"author":[{"embeddable":true,"href":"https:\/\/pachamamitaecu.org\/es_es\/wp-json\/wp\/v2\/users\/3"}],"replies":[{"embeddable":true,"href":"https:\/\/pachamamitaecu.org\/es_es\/wp-json\/wp\/v2\/comments?post=1054"}],"version-history":[{"count":0,"href":"https:\/\/pachamamitaecu.org\/es_es\/wp-json\/wp\/v2\/posts\/1054\/revisions"}],"wp:attachment":[{"href":"https:\/\/pachamamitaecu.org\/es_es\/wp-json\/wp\/v2\/media?parent=1054"}],"wp:term":[{"taxonomy":"category","embeddable":true,"href":"https:\/\/pachamamitaecu.org\/es_es\/wp-json\/wp\/v2\/categories?post=1054"},{"taxonomy":"post_tag","embeddable":true,"href":"https:\/\/pachamamitaecu.org\/es_es\/wp-json\/wp\/v2\/tags?post=1054"}],"curies":[{"name":"wp","href":"https:\/\/api.w.org\/{rel}","templated":true}]}}