{"id":1061,"date":"2012-01-12T23:26:00","date_gmt":"2012-01-12T23:26:00","guid":{"rendered":"http:\/\/pachamamitaecu-org-720647.hostingersite.com\/2012\/01\/12\/existe-criminalizacion-a-defensores-de-derechos-humanos-y-la-naturaleza-en-el-ecuador-opinion\/"},"modified":"2023-03-01T15:27:36","modified_gmt":"2023-03-01T15:27:36","slug":"existe-criminalizacion-a-defensores-de-derechos-humanos-y-la-naturaleza-en-el-ecuador-opinion","status":"publish","type":"post","link":"https:\/\/pachamamitaecu.org\/es_es\/2012\/01\/12\/existe-criminalizacion-a-defensores-de-derechos-humanos-y-la-naturaleza-en-el-ecuador-opinion\/","title":{"rendered":"\u00bfExiste criminalizaci\u00f3n a defensores de derechos humanos y la naturaleza en el Ecuador? (OPINION)"},"content":{"rendered":"<div style=\"text-align: justify;\">\n<div style=\"clear: both; text-align: center;\"><a href=\"http:\/\/3.bp.blogspot.com\/-Hj6IDOiUTIs\/Tw9r_YM-5YI\/AAAAAAAABrw\/Q3RmByADTRY\/s1600\/criminalizacion1-300x168.jpg\" style=\"clear: left; float: left; margin-bottom: 1em; margin-right: 1em;\"><img decoding=\"async\" border=\"0\" data-src=\"http:\/\/3.bp.blogspot.com\/-Hj6IDOiUTIs\/Tw9r_YM-5YI\/AAAAAAAABrw\/Q3RmByADTRY\/s1600\/criminalizacion1-300x168.jpg\" src=\"data:image\/svg+xml;base64,PHN2ZyB3aWR0aD0iMSIgaGVpZ2h0PSIxIiB4bWxucz0iaHR0cDovL3d3dy53My5vcmcvMjAwMC9zdmciPjwvc3ZnPg==\" class=\"lazyload\" style=\"--smush-placeholder-width: 300px; --smush-placeholder-aspect-ratio: 300\/168;\" \/><\/a><\/div>\n<div style=\"text-align: justify;\"><span style=\"font-size: large;\"><span style=\"font-family: Times,&quot;Times New Roman&quot;,serif;\"> Aunque el poder diga lo contrario, la criminalizaci\u00f3n no es un enga\u00f1o social, la criminalizaci\u00f3n es una lamentable verdad. <\/span><\/span><\/p>\n<p><span style=\"font-size: large;\"><span style=\"font-family: Times,&quot;Times New Roman&quot;,serif;\">Este es el primero de una serie de art\u00edculos que van desglosando la tem\u00e1tica de la criminalizaci\u00f3n en el Ecuador y contextualiz\u00e1ndola a nivel latinoamericano, mostrando el hilo conductor que se esconde detr\u00e1s de esta pol\u00edtica. <\/span><\/span><\/p>\n<p><span style=\"font-size: large;\"><span style=\"font-family: Times,&quot;Times New Roman&quot;,serif;\">La criminalizaci\u00f3n en el Ecuador involucra a varios actores. Por un lado las v\u00edctimas: Defensores de Derechos Humanos y de la Naturaleza, es decir, campesinos, campesinas, ind\u00edgenas, l\u00edderes y lideresas organizativos y comunitarios, todos de alguna manera se oponen a proyectos  extractivos, como la mega miner\u00eda o miner\u00eda a gran escala, las represas, las hidroel\u00e9ctricas, los monocultivos. <\/span><\/span><\/p>\n<p><span style=\"font-size: large;\"><span style=\"font-family: Times,&quot;Times New Roman&quot;,serif;\">Por otro lado los actores de la criminalizaci\u00f3n: poderes privados empresariales y trasnacionales: empresas trasnacionales de mega miner\u00eda, petroleras, hidroel\u00e9ctricas, y grandes empresarios nacionales, que ejercen la criminalizaci\u00f3n en una asombrosa concordancia con otro actor: el poder estatal (gobierno, ministerios, operadores de justicia) <\/span><\/span><\/p>\n<p><span style=\"font-size: large;\"><span style=\"font-family: Times,&quot;Times New Roman&quot;,serif;\">La criminalizaci\u00f3n y sus consecuencias no pueden ser reducidas a un tema de gobierno- oposici\u00f3n, es un tema que implica ampliar la mirada hacia \u00bfCu\u00e1l es el modelo de desarrollo, el modelo pol\u00edtico, los mecanismos de participaci\u00f3n que queremos para el Ecuador? <\/span><\/span><\/p>\n<p><span style=\"font-size: large;\"><span style=\"font-family: Times,&quot;Times New Roman&quot;,serif;\">Para solventar estas inquietudes, el presente art\u00edculo abre una serie sobre la \u201cCriminalizaci\u00f3n a Defensores de Derechos Humanos y la Naturaleza en Ecuador\u201d, para aportar a un real debate sobre el tema, mirar su origen hist\u00f3rico, contextualizar sus implicaciones y mirar una salida desde el profundo respeto a los derechos humanos y de la naturaleza, consagrados en nuestra Constituci\u00f3n. <\/span><\/span><\/p>\n<p><span style=\"font-size: large;\"><span style=\"font-family: Times,&quot;Times New Roman&quot;,serif;\">1.    Introducci\u00f3n <\/span><\/span><\/p>\n<p><span style=\"font-size: large;\"><span style=\"font-family: Times,&quot;Times New Roman&quot;,serif;\">De Dayuma a Rio Grande <\/span><\/span><\/p>\n<p><span style=\"font-size: large;\"><span style=\"font-family: Times,&quot;Times New Roman&quot;,serif;\">El porqu\u00e9 del inter\u00e9s de poner en consideraci\u00f3n de organizaciones y activistas sociales, esta serie podemos encontrarlo haciendo un an\u00e1lisis de la serie de actos de represi\u00f3n que ha ejercido el gobierno en cinco a\u00f1os de ejercicio del poder en Ecuador. <\/span><\/span><\/p>\n<p><span style=\"font-size: large;\"><span style=\"font-family: Times,&quot;Times New Roman&quot;,serif;\">En Noviembre de 2007, la polic\u00eda nacional y el ej\u00e9rcito arremetieron contra la poblaci\u00f3n de Dayuma, que hab\u00eda bloqueado las v\u00edas de acceso a pozos petroleros en demanda de beneficios sociales. Esta acci\u00f3n armada de represi\u00f3n fue duramente cuestionada por diversas fuerzas pol\u00edticas y organizaciones de derechos humanos. <\/span><\/span><\/p>\n<p><span style=\"font-size: large;\"><span style=\"font-family: Times,&quot;Times New Roman&quot;,serif;\">El gobierno nacional, en ese entonces a\u00fan consolid\u00e1ndose y empe\u00f1ado en bloquear la acci\u00f3n pol\u00edtica de los sectores que tradicionalmente han ostentado el poder en el pa\u00eds, no tuvo m\u00e1s remedio que ceder a la presi\u00f3n de la cr\u00edtica y organizar una comisi\u00f3n de investigaci\u00f3n, la que<\/span><\/span> <span style=\"font-size: large;\"><span style=\"font-family: Times,&quot;Times New Roman&quot;,serif;\">determin\u00f3 que las acciones de la polic\u00eda el ej\u00e9rcito eran \u00abinaceptables\u00bb. <\/span><\/span><\/p>\n<p><span style=\"font-size: large;\"><span style=\"font-family: Times,&quot;Times New Roman&quot;,serif;\">Antes de Dayuma ya se hab\u00edan vivido actos de represi\u00f3n que fueron ignorados por las organizaciones sociales debido a que a\u00fan se cre\u00eda en la promesa de cambio que Rafael Correa hab\u00eda esgrimido durante su campa\u00f1a electoral y los primeros meses de gobierno. <\/span><\/span><\/p>\n<p><span style=\"font-size: large;\"><span style=\"font-family: Times,&quot;Times New Roman&quot;,serif;\">Cabe recordar que, en julio de 2007, dos meses antes de la represi\u00f3n de Dayuma, la polic\u00eda ya arremeti\u00f3 contra las comunidades de El Descanso, Molleturo y Gir\u00f3n, que se hab\u00edan levantado en defensa del agua, rechazando la presencia de la minera canadiense Iamgold, empe\u00f1ada en ejecutar su concesi\u00f3n para la explotaci\u00f3n de oro. <\/span><\/span><\/p>\n<p><span style=\"font-size: large;\"><span style=\"font-family: Times,&quot;Times New Roman&quot;,serif;\">Despu\u00e9s de Dayuma se dieron otros operativos de represi\u00f3n, durante los cuales el gobierno nacional fue perfeccionando sus mecanismos de negaci\u00f3n de los hechos, denigraci\u00f3n y criminalizaci\u00f3n de los liderazgos de la protesta social; as\u00ed, una nueva represi\u00f3n a las comunidades de Molleturo, El Descanso y Gir\u00f3n, en enero del 2009, ya incorpor\u00f3 el enjuiciamiento a los dirigentes de estas comunidades. Juicios similares se instauraron luego a dirigentes de Nab\u00f3n, que tambi\u00e9n se opon\u00edan a las actividades mineras en las inmediaciones de sus fuentes de agua. <\/span><\/span><\/p>\n<p><span style=\"font-size: large;\"><span style=\"font-family: Times,&quot;Times New Roman&quot;,serif;\">La utilizaci\u00f3n de juicios contra los dirigentes de la protesta social, que se hab\u00eda intentado, sin \u00e9xito, llevar adelante con ciudadanos de Dayuma, poco a poco se perfilaba como la forma en que se pod\u00eda controlar las acciones de descontento de la poblaci\u00f3n frente a la pol\u00edtica gubernamental.<\/span><\/span><\/div>\n<div style=\"text-align: justify;\"><span style=\"font-size: large;\"><span style=\"font-family: Times,&quot;Times New Roman&quot;,serif;\"> En septiembre de 2009 se produjo la gran movilizaci\u00f3n nacional contra la denominada Ley de Aguas, que pretend\u00eda, y a\u00fan pretende, concentrar el control de las fuentes de agua en instituciones gubernamentales, sin la participaci\u00f3n de actores sociales vinculados con el uso y administraci\u00f3n hist\u00f3rica de este recurso. <\/span><\/span><\/p>\n<p><span style=\"font-size: large;\"><span style=\"font-family: Times,&quot;Times New Roman&quot;,serif;\">La movilizaci\u00f3n del 2009 tuvo su mayor confrontaci\u00f3n en Macas, en donde muri\u00f3 el profesor shuar Bosco Wisuma. El gobierno nacional, para este entonces, ya hab\u00eda aprendido mucho de c\u00f3mo desvirtuar los hechos y criminalizar a las dirigencias; fue as\u00ed como inmediatamente instaur\u00f3 sendos juicios penales a dirigentes shuar, en tanto que, para desmovilizar la protesta ind\u00edgena, nuevamente apel\u00f3 a la creaci\u00f3n de una comisi\u00f3n de investigaci\u00f3n, ya no con la buena f\u00e9 con la que se pudo consolidar la comisi\u00f3n de Dayuma, sino con el objetivo de dilatar las investigaciones y buscar la forma de encausar la investigaci\u00f3n a conveniencia del gobierno. <\/span><\/span><\/p>\n<p><span style=\"font-size: large;\"><span style=\"font-family: Times,&quot;Times New Roman&quot;,serif;\">En la Comisi\u00f3n de Investigaci\u00f3n del Caso Wisuma, los delegados del gobierno actuaron deslealmente, pues antes de cualquier conclusi\u00f3n de esta investigaci\u00f3n, se adelantaron a publicar sus propias conclusiones, las que estaban encaminadas a buscar un culpable entre las filas ind\u00edgenas, aunque para ello se haya recurrido a dar cr\u00e9dito a dos \u00abtestigos\u00bb que mintieron abiertamente.<\/span><\/span><\/div>\n<div style=\"text-align: justify;\"><span style=\"font-size: large;\"><span style=\"font-family: Times,&quot;Times New Roman&quot;,serif;\"> Esta Comisi\u00f3n, hasta la fecha, no ha llegado a conclusi\u00f3n alguna; sin embargo, cada vez que el gobierno nacional se refiere a este caso, lo hace tergiversando los hechos y responsabilizando al movimiento ind\u00edgena sobre lo sucedido en Macas. <\/span><\/span><\/div>\n<div style=\"text-align: justify;\"><span style=\"font-size: large;\"><span style=\"font-family: Times,&quot;Times New Roman&quot;,serif;\"><\/span><\/span><\/div>\n<div style=\"text-align: justify;\"><span style=\"font-size: large;\"><span style=\"font-family: Times,&quot;Times New Roman&quot;,serif;\">&nbsp;<\/span><\/span><span style=\"font-size: large;\"><span style=\"font-family: Times,&quot;Times New Roman&quot;,serif;\">En junio de 2010, la Confederaci\u00f3n de Organizaciones Ind\u00edgenas del Ecuador (CONAIE) y otras organizaciones sociales se movilizaron en Otavalo, mientras en esa ciudad se realizaba la Cumbre de los Pa\u00edses del ALBA. A\u00fan cuando en esta movilizaci\u00f3n no hubo mayores incidentes, la misma dio paso al enjuiciamiento de los principales dirigentes ind\u00edgenas, a quienes se les acus\u00f3 de sabotaje y terrorismo. <\/span><\/span><\/p>\n<p><span style=\"font-size: large;\"><span style=\"font-family: Times,&quot;Times New Roman&quot;,serif;\">La figura de sabotaje y terrorismo es ahora la figura penal preferida por el gobierno nacional para enjuiciar a los dirigentes, buscando silenciarlos y desmovilizarlos. <\/span><\/span><\/p>\n<p><span style=\"font-size: large;\"><span style=\"font-family: Times,&quot;Times New Roman&quot;,serif;\">Como ya se puede notar, el gobierno nacional se estaba especializando en reprimir y en ocultar las secuelas de esta represi\u00f3n; as\u00ed nuevamente lo demostr\u00f3 en el operativo de desalojo de los peque\u00f1os mineros de Zamora, en septiembre de 2010. Este operativo fue complementado con el enjuiciamiento penal de Salvador Quishpe, Prefecto de Zamora, quien ni siquiera hab\u00eda estado en los incidentes producidos durante el desalojo de los mineros artesanales, pero que, para el gobierno, se tornaba imprescindible silenciarlo. <\/span><\/span><\/p>\n<p><span style=\"font-size: large;\"><span style=\"font-family: Times,&quot;Times New Roman&quot;,serif;\">De esta manera se lleg\u00f3 al operativo de R\u00edo Grande, en octubre de este a\u00f1o (2011), despu\u00e9s del cual el gobierno ya fue muy claro en demostrar lo aprendido durante los actos de represi\u00f3n anteriores, y que se puede resumir en lo siguiente: <\/span><\/span><\/p>\n<p><span style=\"font-size: large;\"><span style=\"font-family: Times,&quot;Times New Roman&quot;,serif;\">El gobierno aprendi\u00f3 a controlar la informaci\u00f3n que puedan proporcionar los pobladores que son reprimidos. En R\u00edo Grande la polic\u00eda confisc\u00f3 las c\u00e1maras de video y c\u00e1maras fotogr\u00e1ficas que ten\u00edan los pobladores y borraron las memorias de estas c\u00e1maras antes de devolverlas. <\/span><\/span><\/p>\n<p><span style=\"font-size: large;\"><span style=\"font-family: Times,&quot;Times New Roman&quot;,serif;\">En Dayuma no se control\u00f3 las c\u00e1maras y por eso salieron a la luz p\u00fablica las im\u00e1genes que todos conocemos y que daban cuenta de la violencia con que actuaron los militares y la violaci\u00f3n de los derechos humanos de esta poblaci\u00f3n. En R\u00edo Grande, con mucha eficacia para borrar la realidad, se decomis\u00f3 y borr\u00f3 la informaci\u00f3n que respalda los testimonios de sus pobladores; as\u00ed se empez\u00f3 a construir una realidad propicia para el gobierno, pero perversamente alejada de la realidad en s\u00ed misma. <\/span><\/span><\/p>\n<p><span style=\"font-size: large;\"><span style=\"font-family: Times,&quot;Times New Roman&quot;,serif;\">En Dayuma tampoco el gobierno control\u00f3 la informaci\u00f3n que pudieron difundir los medios de comunicaci\u00f3n, pero en R\u00edo Grande ya no se dej\u00f3 suelto este cabo, por eso se impidi\u00f3 que la prensa escrita, que los reporteros de radio y televisi\u00f3n, accedan al sitio de la represi\u00f3n; tampoco se dej\u00f3 ingresar al delegado de la Defensor\u00eda del Pueblo, ni a delegados de otras organizaciones sociales. <\/span><\/span><\/p>\n<p><span style=\"font-size: large;\"><span style=\"font-family: Times,&quot;Times New Roman&quot;,serif;\">Un tercer gran aprendizaje que el gobierno ha logrado en este periplo de represi\u00f3n desde Dayuma a R\u00edo Grande, es el mostrar de forma inmediata la supuesta popularidad de la que goza la propuesta gubernamental y la perniciosa equivocaci\u00f3n en la que, tambi\u00e9n supuestamente, se encuentran los pobladores reprimidos. <\/span><\/span><\/p>\n<p><span style=\"font-size: large;\"><span style=\"font-family: Times,&quot;Times New Roman&quot;,serif;\">En Dayuma todo se volc\u00f3 contra un gobierno que no atin\u00f3 a responder con una movilizaci\u00f3n de respaldo, as\u00ed debi\u00f3 ceder a que se investigue el caso para bajar las voces que reclamaban sobre la violaci\u00f3n de los derechos humanos de los pobladores de Dayuma. <\/span><\/span><\/p>\n<p><span style=\"font-size: large;\"><span style=\"font-family: Times,&quot;Times New Roman&quot;,serif;\">Con este aprendizaje, ahora pudo adelantarse a las cr\u00edticas consolidando una respuesta altamente medi\u00e1tica, como es el sacar en cadena de televisi\u00f3n los videos de testimonios sobre la cuestionada utilidad de la represa que se quiere construir en R\u00edo Grande; ha organizado tambi\u00e9n una marcha, aunque insipiente, pero que si se la muestra en televisi\u00f3n con c\u00e1mara cerrada, es buena para sorprender a los que a\u00fan le creen. <\/span><\/span><\/p>\n<p><span style=\"font-size: large;\"><span style=\"font-family: Times,&quot;Times New Roman&quot;,serif;\">El cuarto aprendizaje del gobierno es el arte de la denigraci\u00f3n, el arte de desacreditar las voces cr\u00edticas, y silenciarlas en funci\u00f3n de juicos y m\u00e1s juicios. Es por esto que, con la presente investigaci\u00f3n, nos proponemos poner en el debate p\u00fablico la represi\u00f3n gubernamental y el uso de la justicia como instrumento de represi\u00f3n; no solo para alertar sobre lo que est\u00e1 pasando en el pa\u00eds, sino para avivar las voces cr\u00edticas, pues para retomar el proyecto pol\u00edtico de cambio social por el que apostaron las organizaciones sociales ecuatorianas, es necesario retomar la voz cr\u00edtica y denunciar c\u00f3mo el proyecto pol\u00edtico de cambio social ha devenido en un gobierno represor. <\/span><\/span><\/p>\n<p><span style=\"font-size: large;\"><span style=\"font-family: Times,&quot;Times New Roman&quot;,serif;\">El gobierno, para sostener su mentira, deber\u00e1 silenciar miles de voces y cientos de organizaciones; no dudamos que intentar\u00e1 hacerlo, pero tampoco dudamos que quienes defendemos los derechos humanos mantendremos nuestras voces a cualquier precio. <\/span><\/span><\/p>\n<p><span style=\"font-size: large;\"><span style=\"font-family: Times,&quot;Times New Roman&quot;,serif;\">Luis \u00c1ngel Saavedra<\/span><\/span><br \/><span style=\"font-size: large;\"><span style=\"font-family: Times,&quot;Times New Roman&quot;,serif;\"> Coordinador Ejecutivo  de INREDH <\/span><\/span><\/p>\n<p><span style=\"font-size: large;\"><span style=\"font-family: Times,&quot;Times New Roman&quot;,serif;\">Fuente: <\/span><a href=\"http:\/\/lalineadefuego.info\/2012\/01\/11\/existe-criminalizacion-a-defensores-de-derechos-humanos-y-la-naturaleza-en-el-ecuador-por-luis-angel-saavedra\/\" style=\"font-family: Times,&quot;Times New Roman&quot;,serif;\"> lalineadefuego.info<\/a><\/span><\/div>\n<\/div>\n<div class=\"pvc_clear\"><\/div>\n<p id=\"pvc_stats_1061\" class=\"pvc_stats total_only  \" data-element-id=\"1061\" style=\"\"><i class=\"pvc-stats-icon medium\" aria-hidden=\"true\"><svg aria-hidden=\"true\" focusable=\"false\" data-prefix=\"far\" data-icon=\"chart-bar\" role=\"img\" xmlns=\"http:\/\/www.w3.org\/2000\/svg\" viewBox=\"0 0 512 512\" class=\"svg-inline--fa fa-chart-bar fa-w-16 fa-2x\"><path fill=\"currentColor\" d=\"M396.8 352h22.4c6.4 0 12.8-6.4 12.8-12.8V108.8c0-6.4-6.4-12.8-12.8-12.8h-22.4c-6.4 0-12.8 6.4-12.8 12.8v230.4c0 6.4 6.4 12.8 12.8 12.8zm-192 0h22.4c6.4 0 12.8-6.4 12.8-12.8V140.8c0-6.4-6.4-12.8-12.8-12.8h-22.4c-6.4 0-12.8 6.4-12.8 12.8v198.4c0 6.4 6.4 12.8 12.8 12.8zm96 0h22.4c6.4 0 12.8-6.4 12.8-12.8V204.8c0-6.4-6.4-12.8-12.8-12.8h-22.4c-6.4 0-12.8 6.4-12.8 12.8v134.4c0 6.4 6.4 12.8 12.8 12.8zM496 400H48V80c0-8.84-7.16-16-16-16H16C7.16 64 0 71.16 0 80v336c0 17.67 14.33 32 32 32h464c8.84 0 16-7.16 16-16v-16c0-8.84-7.16-16-16-16zm-387.2-48h22.4c6.4 0 12.8-6.4 12.8-12.8v-70.4c0-6.4-6.4-12.8-12.8-12.8h-22.4c-6.4 0-12.8 6.4-12.8 12.8v70.4c0 6.4 6.4 12.8 12.8 12.8z\" class=\"\"><\/path><\/svg><\/i> <img decoding=\"async\" width=\"16\" height=\"16\" alt=\"Loading\" data-src=\"https:\/\/pachamamitaecu.org\/wp-content\/plugins\/page-views-count\/ajax-loader-2x.gif\" border=0 src=\"data:image\/svg+xml;base64,PHN2ZyB3aWR0aD0iMSIgaGVpZ2h0PSIxIiB4bWxucz0iaHR0cDovL3d3dy53My5vcmcvMjAwMC9zdmciPjwvc3ZnPg==\" class=\"lazyload\" style=\"--smush-placeholder-width: 16px; --smush-placeholder-aspect-ratio: 16\/16;\" \/><\/p>\n<div class=\"pvc_clear\"><\/div>\n","protected":false},"excerpt":{"rendered":"<p>Aunque el poder diga lo contrario, la criminalizaci\u00f3n no es un enga\u00f1o social, la criminalizaci\u00f3n es una lamentable verdad. Este es el primero de una serie de art\u00edculos que van desglosando la tem\u00e1tica de la criminalizaci\u00f3n en el Ecuador y contextualiz\u00e1ndola a nivel latinoamericano, mostrando el hilo conductor que se esconde detr\u00e1s de esta pol\u00edtica. [&#8230;]\n","protected":false},"author":3,"featured_media":0,"comment_status":"open","ping_status":"closed","sticky":false,"template":"","format":"standard","meta":{"footnotes":""},"categories":[159,140],"tags":[],"class_list":["post-1061","post","type-post","status-publish","format-standard","hentry","category-consumo-responsable","category-personajes-peninsulares"],"a3_pvc":{"activated":true,"total_views":24,"today_views":0},"yoast_head":"<!-- This site is optimized with the Yoast SEO Premium plugin v24.2 (Yoast SEO v27.4) - https:\/\/yoast.com\/product\/yoast-seo-premium-wordpress\/ -->\n<title>\u00bfExiste criminalizaci\u00f3n a defensores de derechos humanos y la naturaleza en el Ecuador? (OPINION) - PachaMamita Ecuador<\/title>\n<meta name=\"robots\" content=\"index, follow, max-snippet:-1, max-image-preview:large, max-video-preview:-1\" \/>\n<link rel=\"canonical\" href=\"https:\/\/pachamamitaecu.org\/es_es\/2012\/01\/12\/existe-criminalizacion-a-defensores-de-derechos-humanos-y-la-naturaleza-en-el-ecuador-opinion\/\" \/>\n<meta property=\"og:locale\" content=\"es_ES\" \/>\n<meta property=\"og:type\" content=\"article\" \/>\n<meta property=\"og:title\" content=\"\u00bfExiste criminalizaci\u00f3n a defensores de derechos humanos y la naturaleza en el Ecuador? (OPINION)\" \/>\n<meta property=\"og:description\" content=\"Aunque el poder diga lo contrario, la criminalizaci\u00f3n no es un enga\u00f1o social, la criminalizaci\u00f3n es una lamentable verdad. Este es el primero de una serie de art\u00edculos que van desglosando la tem\u00e1tica de la criminalizaci\u00f3n en el Ecuador y contextualiz\u00e1ndola a nivel latinoamericano, mostrando el hilo conductor que se esconde detr\u00e1s de esta pol\u00edtica. [...]\" \/>\n<meta property=\"og:url\" content=\"https:\/\/pachamamitaecu.org\/es_es\/2012\/01\/12\/existe-criminalizacion-a-defensores-de-derechos-humanos-y-la-naturaleza-en-el-ecuador-opinion\/\" \/>\n<meta property=\"og:site_name\" content=\"PachaMamita Ecuador\" \/>\n<meta property=\"article:publisher\" content=\"https:\/\/www.facebook.com\/pachamamitaecu\" \/>\n<meta property=\"article:published_time\" content=\"2012-01-12T23:26:00+00:00\" \/>\n<meta property=\"article:modified_time\" content=\"2023-03-01T15:27:36+00:00\" \/>\n<meta property=\"og:image\" content=\"http:\/\/3.bp.blogspot.com\/-Hj6IDOiUTIs\/Tw9r_YM-5YI\/AAAAAAAABrw\/Q3RmByADTRY\/s1600\/criminalizacion1-300x168.jpg\" \/>\n<meta name=\"author\" content=\"PachaMamita EC\" \/>\n<meta name=\"twitter:card\" content=\"summary_large_image\" \/>\n<meta name=\"twitter:label1\" content=\"Escrito por\" \/>\n\t<meta name=\"twitter:data1\" content=\"PachaMamita EC\" \/>\n\t<meta name=\"twitter:label2\" content=\"Tiempo de lectura\" \/>\n\t<meta name=\"twitter:data2\" content=\"9 minutos\" \/>\n<script type=\"application\/ld+json\" class=\"yoast-schema-graph\">{\"@context\":\"https:\\\/\\\/schema.org\",\"@graph\":[{\"@type\":\"Article\",\"@id\":\"https:\\\/\\\/pachamamitaecu.org\\\/es_es\\\/2012\\\/01\\\/12\\\/existe-criminalizacion-a-defensores-de-derechos-humanos-y-la-naturaleza-en-el-ecuador-opinion\\\/#article\",\"isPartOf\":{\"@id\":\"https:\\\/\\\/pachamamitaecu.org\\\/es_es\\\/2012\\\/01\\\/12\\\/existe-criminalizacion-a-defensores-de-derechos-humanos-y-la-naturaleza-en-el-ecuador-opinion\\\/\"},\"author\":{\"name\":\"PachaMamita EC\",\"@id\":\"https:\\\/\\\/pachamamitaecu.org\\\/es_es\\\/#\\\/schema\\\/person\\\/e8b42afae2451fadab5e0295f02c4593\"},\"headline\":\"\u00bfExiste criminalizaci\u00f3n a defensores de derechos humanos y la naturaleza en el Ecuador? (OPINION)\",\"datePublished\":\"2012-01-12T23:26:00+00:00\",\"dateModified\":\"2023-03-01T15:27:36+00:00\",\"mainEntityOfPage\":{\"@id\":\"https:\\\/\\\/pachamamitaecu.org\\\/es_es\\\/2012\\\/01\\\/12\\\/existe-criminalizacion-a-defensores-de-derechos-humanos-y-la-naturaleza-en-el-ecuador-opinion\\\/\"},\"wordCount\":1784,\"commentCount\":0,\"publisher\":{\"@id\":\"https:\\\/\\\/pachamamitaecu.org\\\/es_es\\\/#organization\"},\"image\":{\"@id\":\"https:\\\/\\\/pachamamitaecu.org\\\/es_es\\\/2012\\\/01\\\/12\\\/existe-criminalizacion-a-defensores-de-derechos-humanos-y-la-naturaleza-en-el-ecuador-opinion\\\/#primaryimage\"},\"thumbnailUrl\":\"http:\\\/\\\/3.bp.blogspot.com\\\/-Hj6IDOiUTIs\\\/Tw9r_YM-5YI\\\/AAAAAAAABrw\\\/Q3RmByADTRY\\\/s1600\\\/criminalizacion1-300x168.jpg\",\"articleSection\":[\"CONSUMO RESPONSABLE\",\"PERSONAJES PENINSULARES\"],\"inLanguage\":\"es\",\"potentialAction\":[{\"@type\":\"CommentAction\",\"name\":\"Comment\",\"target\":[\"https:\\\/\\\/pachamamitaecu.org\\\/es_es\\\/2012\\\/01\\\/12\\\/existe-criminalizacion-a-defensores-de-derechos-humanos-y-la-naturaleza-en-el-ecuador-opinion\\\/#respond\"]}]},{\"@type\":\"WebPage\",\"@id\":\"https:\\\/\\\/pachamamitaecu.org\\\/es_es\\\/2012\\\/01\\\/12\\\/existe-criminalizacion-a-defensores-de-derechos-humanos-y-la-naturaleza-en-el-ecuador-opinion\\\/\",\"url\":\"https:\\\/\\\/pachamamitaecu.org\\\/es_es\\\/2012\\\/01\\\/12\\\/existe-criminalizacion-a-defensores-de-derechos-humanos-y-la-naturaleza-en-el-ecuador-opinion\\\/\",\"name\":\"\u00bfExiste criminalizaci\u00f3n a defensores de derechos humanos y la naturaleza en el Ecuador? (OPINION) - PachaMamita Ecuador\",\"isPartOf\":{\"@id\":\"https:\\\/\\\/pachamamitaecu.org\\\/es_es\\\/#website\"},\"primaryImageOfPage\":{\"@id\":\"https:\\\/\\\/pachamamitaecu.org\\\/es_es\\\/2012\\\/01\\\/12\\\/existe-criminalizacion-a-defensores-de-derechos-humanos-y-la-naturaleza-en-el-ecuador-opinion\\\/#primaryimage\"},\"image\":{\"@id\":\"https:\\\/\\\/pachamamitaecu.org\\\/es_es\\\/2012\\\/01\\\/12\\\/existe-criminalizacion-a-defensores-de-derechos-humanos-y-la-naturaleza-en-el-ecuador-opinion\\\/#primaryimage\"},\"thumbnailUrl\":\"http:\\\/\\\/3.bp.blogspot.com\\\/-Hj6IDOiUTIs\\\/Tw9r_YM-5YI\\\/AAAAAAAABrw\\\/Q3RmByADTRY\\\/s1600\\\/criminalizacion1-300x168.jpg\",\"datePublished\":\"2012-01-12T23:26:00+00:00\",\"dateModified\":\"2023-03-01T15:27:36+00:00\",\"breadcrumb\":{\"@id\":\"https:\\\/\\\/pachamamitaecu.org\\\/es_es\\\/2012\\\/01\\\/12\\\/existe-criminalizacion-a-defensores-de-derechos-humanos-y-la-naturaleza-en-el-ecuador-opinion\\\/#breadcrumb\"},\"inLanguage\":\"es\",\"potentialAction\":[{\"@type\":\"ReadAction\",\"target\":[\"https:\\\/\\\/pachamamitaecu.org\\\/es_es\\\/2012\\\/01\\\/12\\\/existe-criminalizacion-a-defensores-de-derechos-humanos-y-la-naturaleza-en-el-ecuador-opinion\\\/\"]}]},{\"@type\":\"ImageObject\",\"inLanguage\":\"es\",\"@id\":\"https:\\\/\\\/pachamamitaecu.org\\\/es_es\\\/2012\\\/01\\\/12\\\/existe-criminalizacion-a-defensores-de-derechos-humanos-y-la-naturaleza-en-el-ecuador-opinion\\\/#primaryimage\",\"url\":\"http:\\\/\\\/3.bp.blogspot.com\\\/-Hj6IDOiUTIs\\\/Tw9r_YM-5YI\\\/AAAAAAAABrw\\\/Q3RmByADTRY\\\/s1600\\\/criminalizacion1-300x168.jpg\",\"contentUrl\":\"http:\\\/\\\/3.bp.blogspot.com\\\/-Hj6IDOiUTIs\\\/Tw9r_YM-5YI\\\/AAAAAAAABrw\\\/Q3RmByADTRY\\\/s1600\\\/criminalizacion1-300x168.jpg\"},{\"@type\":\"BreadcrumbList\",\"@id\":\"https:\\\/\\\/pachamamitaecu.org\\\/es_es\\\/2012\\\/01\\\/12\\\/existe-criminalizacion-a-defensores-de-derechos-humanos-y-la-naturaleza-en-el-ecuador-opinion\\\/#breadcrumb\",\"itemListElement\":[{\"@type\":\"ListItem\",\"position\":1,\"name\":\"Portada\",\"item\":\"https:\\\/\\\/pachamamitaecu.org\\\/es_es\\\/\"},{\"@type\":\"ListItem\",\"position\":2,\"name\":\"\u00bfExiste criminalizaci\u00f3n a defensores de derechos humanos y la naturaleza en el Ecuador? (OPINION)\"}]},{\"@type\":\"WebSite\",\"@id\":\"https:\\\/\\\/pachamamitaecu.org\\\/es_es\\\/#website\",\"url\":\"https:\\\/\\\/pachamamitaecu.org\\\/es_es\\\/\",\"name\":\"PachaMamita Ecuador\",\"description\":\"CULTURA. AGROECOLOG\u00cdA. TURISMO Y CONSUMO RESPONSABLE-ECUADOR.\",\"publisher\":{\"@id\":\"https:\\\/\\\/pachamamitaecu.org\\\/es_es\\\/#organization\"},\"potentialAction\":[{\"@type\":\"SearchAction\",\"target\":{\"@type\":\"EntryPoint\",\"urlTemplate\":\"https:\\\/\\\/pachamamitaecu.org\\\/es_es\\\/?s={search_term_string}\"},\"query-input\":{\"@type\":\"PropertyValueSpecification\",\"valueRequired\":true,\"valueName\":\"search_term_string\"}}],\"inLanguage\":\"es\"},{\"@type\":\"Organization\",\"@id\":\"https:\\\/\\\/pachamamitaecu.org\\\/es_es\\\/#organization\",\"name\":\"PachaMamita Ecuador\",\"url\":\"https:\\\/\\\/pachamamitaecu.org\\\/es_es\\\/\",\"logo\":{\"@type\":\"ImageObject\",\"inLanguage\":\"es\",\"@id\":\"https:\\\/\\\/pachamamitaecu.org\\\/es_es\\\/#\\\/schema\\\/logo\\\/image\\\/\",\"url\":\"https:\\\/\\\/pachamamitaecu.org\\\/wp-content\\\/uploads\\\/2024\\\/04\\\/cropped-Diseno-sin-titulo-13.png\",\"contentUrl\":\"https:\\\/\\\/pachamamitaecu.org\\\/wp-content\\\/uploads\\\/2024\\\/04\\\/cropped-Diseno-sin-titulo-13.png\",\"width\":512,\"height\":512,\"caption\":\"PachaMamita Ecuador\"},\"image\":{\"@id\":\"https:\\\/\\\/pachamamitaecu.org\\\/es_es\\\/#\\\/schema\\\/logo\\\/image\\\/\"},\"sameAs\":[\"https:\\\/\\\/www.facebook.com\\\/pachamamitaecu\"]},{\"@type\":\"Person\",\"@id\":\"https:\\\/\\\/pachamamitaecu.org\\\/es_es\\\/#\\\/schema\\\/person\\\/e8b42afae2451fadab5e0295f02c4593\",\"name\":\"PachaMamita EC\",\"image\":{\"@type\":\"ImageObject\",\"inLanguage\":\"es\",\"@id\":\"https:\\\/\\\/pachamamitaecu.org\\\/wp-content\\\/litespeed\\\/avatar\\\/23494c9101089ad44ae88ce9d2f56aac.jpg?ver=1777350952\",\"url\":\"https:\\\/\\\/pachamamitaecu.org\\\/wp-content\\\/litespeed\\\/avatar\\\/23494c9101089ad44ae88ce9d2f56aac.jpg?ver=1777350952\",\"contentUrl\":\"https:\\\/\\\/pachamamitaecu.org\\\/wp-content\\\/litespeed\\\/avatar\\\/23494c9101089ad44ae88ce9d2f56aac.jpg?ver=1777350952\",\"caption\":\"PachaMamita EC\"},\"url\":\"https:\\\/\\\/pachamamitaecu.org\\\/es_es\\\/author\\\/pachamamita-ec\\\/\"}]}<\/script>\n<!-- \/ Yoast SEO Premium plugin. -->","yoast_head_json":{"title":"\u00bfExiste criminalizaci\u00f3n a defensores de derechos humanos y la naturaleza en el Ecuador? (OPINION) - PachaMamita Ecuador","robots":{"index":"index","follow":"follow","max-snippet":"max-snippet:-1","max-image-preview":"max-image-preview:large","max-video-preview":"max-video-preview:-1"},"canonical":"https:\/\/pachamamitaecu.org\/es_es\/2012\/01\/12\/existe-criminalizacion-a-defensores-de-derechos-humanos-y-la-naturaleza-en-el-ecuador-opinion\/","og_locale":"es_ES","og_type":"article","og_title":"\u00bfExiste criminalizaci\u00f3n a defensores de derechos humanos y la naturaleza en el Ecuador? (OPINION)","og_description":"Aunque el poder diga lo contrario, la criminalizaci\u00f3n no es un enga\u00f1o social, la criminalizaci\u00f3n es una lamentable verdad. Este es el primero de una serie de art\u00edculos que van desglosando la tem\u00e1tica de la criminalizaci\u00f3n en el Ecuador y contextualiz\u00e1ndola a nivel latinoamericano, mostrando el hilo conductor que se esconde detr\u00e1s de esta pol\u00edtica. [...]","og_url":"https:\/\/pachamamitaecu.org\/es_es\/2012\/01\/12\/existe-criminalizacion-a-defensores-de-derechos-humanos-y-la-naturaleza-en-el-ecuador-opinion\/","og_site_name":"PachaMamita Ecuador","article_publisher":"https:\/\/www.facebook.com\/pachamamitaecu","article_published_time":"2012-01-12T23:26:00+00:00","article_modified_time":"2023-03-01T15:27:36+00:00","og_image":[{"url":"http:\/\/3.bp.blogspot.com\/-Hj6IDOiUTIs\/Tw9r_YM-5YI\/AAAAAAAABrw\/Q3RmByADTRY\/s1600\/criminalizacion1-300x168.jpg","type":"","width":"","height":""}],"author":"PachaMamita EC","twitter_card":"summary_large_image","twitter_misc":{"Escrito por":"PachaMamita EC","Tiempo de lectura":"9 minutos"},"schema":{"@context":"https:\/\/schema.org","@graph":[{"@type":"Article","@id":"https:\/\/pachamamitaecu.org\/es_es\/2012\/01\/12\/existe-criminalizacion-a-defensores-de-derechos-humanos-y-la-naturaleza-en-el-ecuador-opinion\/#article","isPartOf":{"@id":"https:\/\/pachamamitaecu.org\/es_es\/2012\/01\/12\/existe-criminalizacion-a-defensores-de-derechos-humanos-y-la-naturaleza-en-el-ecuador-opinion\/"},"author":{"name":"PachaMamita EC","@id":"https:\/\/pachamamitaecu.org\/es_es\/#\/schema\/person\/e8b42afae2451fadab5e0295f02c4593"},"headline":"\u00bfExiste criminalizaci\u00f3n a defensores de derechos humanos y la naturaleza en el Ecuador? (OPINION)","datePublished":"2012-01-12T23:26:00+00:00","dateModified":"2023-03-01T15:27:36+00:00","mainEntityOfPage":{"@id":"https:\/\/pachamamitaecu.org\/es_es\/2012\/01\/12\/existe-criminalizacion-a-defensores-de-derechos-humanos-y-la-naturaleza-en-el-ecuador-opinion\/"},"wordCount":1784,"commentCount":0,"publisher":{"@id":"https:\/\/pachamamitaecu.org\/es_es\/#organization"},"image":{"@id":"https:\/\/pachamamitaecu.org\/es_es\/2012\/01\/12\/existe-criminalizacion-a-defensores-de-derechos-humanos-y-la-naturaleza-en-el-ecuador-opinion\/#primaryimage"},"thumbnailUrl":"http:\/\/3.bp.blogspot.com\/-Hj6IDOiUTIs\/Tw9r_YM-5YI\/AAAAAAAABrw\/Q3RmByADTRY\/s1600\/criminalizacion1-300x168.jpg","articleSection":["CONSUMO RESPONSABLE","PERSONAJES PENINSULARES"],"inLanguage":"es","potentialAction":[{"@type":"CommentAction","name":"Comment","target":["https:\/\/pachamamitaecu.org\/es_es\/2012\/01\/12\/existe-criminalizacion-a-defensores-de-derechos-humanos-y-la-naturaleza-en-el-ecuador-opinion\/#respond"]}]},{"@type":"WebPage","@id":"https:\/\/pachamamitaecu.org\/es_es\/2012\/01\/12\/existe-criminalizacion-a-defensores-de-derechos-humanos-y-la-naturaleza-en-el-ecuador-opinion\/","url":"https:\/\/pachamamitaecu.org\/es_es\/2012\/01\/12\/existe-criminalizacion-a-defensores-de-derechos-humanos-y-la-naturaleza-en-el-ecuador-opinion\/","name":"\u00bfExiste criminalizaci\u00f3n a defensores de derechos humanos y la naturaleza en el Ecuador? (OPINION) - PachaMamita Ecuador","isPartOf":{"@id":"https:\/\/pachamamitaecu.org\/es_es\/#website"},"primaryImageOfPage":{"@id":"https:\/\/pachamamitaecu.org\/es_es\/2012\/01\/12\/existe-criminalizacion-a-defensores-de-derechos-humanos-y-la-naturaleza-en-el-ecuador-opinion\/#primaryimage"},"image":{"@id":"https:\/\/pachamamitaecu.org\/es_es\/2012\/01\/12\/existe-criminalizacion-a-defensores-de-derechos-humanos-y-la-naturaleza-en-el-ecuador-opinion\/#primaryimage"},"thumbnailUrl":"http:\/\/3.bp.blogspot.com\/-Hj6IDOiUTIs\/Tw9r_YM-5YI\/AAAAAAAABrw\/Q3RmByADTRY\/s1600\/criminalizacion1-300x168.jpg","datePublished":"2012-01-12T23:26:00+00:00","dateModified":"2023-03-01T15:27:36+00:00","breadcrumb":{"@id":"https:\/\/pachamamitaecu.org\/es_es\/2012\/01\/12\/existe-criminalizacion-a-defensores-de-derechos-humanos-y-la-naturaleza-en-el-ecuador-opinion\/#breadcrumb"},"inLanguage":"es","potentialAction":[{"@type":"ReadAction","target":["https:\/\/pachamamitaecu.org\/es_es\/2012\/01\/12\/existe-criminalizacion-a-defensores-de-derechos-humanos-y-la-naturaleza-en-el-ecuador-opinion\/"]}]},{"@type":"ImageObject","inLanguage":"es","@id":"https:\/\/pachamamitaecu.org\/es_es\/2012\/01\/12\/existe-criminalizacion-a-defensores-de-derechos-humanos-y-la-naturaleza-en-el-ecuador-opinion\/#primaryimage","url":"http:\/\/3.bp.blogspot.com\/-Hj6IDOiUTIs\/Tw9r_YM-5YI\/AAAAAAAABrw\/Q3RmByADTRY\/s1600\/criminalizacion1-300x168.jpg","contentUrl":"http:\/\/3.bp.blogspot.com\/-Hj6IDOiUTIs\/Tw9r_YM-5YI\/AAAAAAAABrw\/Q3RmByADTRY\/s1600\/criminalizacion1-300x168.jpg"},{"@type":"BreadcrumbList","@id":"https:\/\/pachamamitaecu.org\/es_es\/2012\/01\/12\/existe-criminalizacion-a-defensores-de-derechos-humanos-y-la-naturaleza-en-el-ecuador-opinion\/#breadcrumb","itemListElement":[{"@type":"ListItem","position":1,"name":"Portada","item":"https:\/\/pachamamitaecu.org\/es_es\/"},{"@type":"ListItem","position":2,"name":"\u00bfExiste criminalizaci\u00f3n a defensores de derechos humanos y la naturaleza en el Ecuador? (OPINION)"}]},{"@type":"WebSite","@id":"https:\/\/pachamamitaecu.org\/es_es\/#website","url":"https:\/\/pachamamitaecu.org\/es_es\/","name":"PachaMamita Ecuador","description":"CULTURA. AGROECOLOG\u00cdA. TURISMO Y CONSUMO RESPONSABLE-ECUADOR.","publisher":{"@id":"https:\/\/pachamamitaecu.org\/es_es\/#organization"},"potentialAction":[{"@type":"SearchAction","target":{"@type":"EntryPoint","urlTemplate":"https:\/\/pachamamitaecu.org\/es_es\/?s={search_term_string}"},"query-input":{"@type":"PropertyValueSpecification","valueRequired":true,"valueName":"search_term_string"}}],"inLanguage":"es"},{"@type":"Organization","@id":"https:\/\/pachamamitaecu.org\/es_es\/#organization","name":"PachaMamita Ecuador","url":"https:\/\/pachamamitaecu.org\/es_es\/","logo":{"@type":"ImageObject","inLanguage":"es","@id":"https:\/\/pachamamitaecu.org\/es_es\/#\/schema\/logo\/image\/","url":"https:\/\/pachamamitaecu.org\/wp-content\/uploads\/2024\/04\/cropped-Diseno-sin-titulo-13.png","contentUrl":"https:\/\/pachamamitaecu.org\/wp-content\/uploads\/2024\/04\/cropped-Diseno-sin-titulo-13.png","width":512,"height":512,"caption":"PachaMamita Ecuador"},"image":{"@id":"https:\/\/pachamamitaecu.org\/es_es\/#\/schema\/logo\/image\/"},"sameAs":["https:\/\/www.facebook.com\/pachamamitaecu"]},{"@type":"Person","@id":"https:\/\/pachamamitaecu.org\/es_es\/#\/schema\/person\/e8b42afae2451fadab5e0295f02c4593","name":"PachaMamita EC","image":{"@type":"ImageObject","inLanguage":"es","@id":"https:\/\/pachamamitaecu.org\/wp-content\/litespeed\/avatar\/23494c9101089ad44ae88ce9d2f56aac.jpg?ver=1777350952","url":"https:\/\/pachamamitaecu.org\/wp-content\/litespeed\/avatar\/23494c9101089ad44ae88ce9d2f56aac.jpg?ver=1777350952","contentUrl":"https:\/\/pachamamitaecu.org\/wp-content\/litespeed\/avatar\/23494c9101089ad44ae88ce9d2f56aac.jpg?ver=1777350952","caption":"PachaMamita EC"},"url":"https:\/\/pachamamitaecu.org\/es_es\/author\/pachamamita-ec\/"}]}},"_links":{"self":[{"href":"https:\/\/pachamamitaecu.org\/es_es\/wp-json\/wp\/v2\/posts\/1061","targetHints":{"allow":["GET"]}}],"collection":[{"href":"https:\/\/pachamamitaecu.org\/es_es\/wp-json\/wp\/v2\/posts"}],"about":[{"href":"https:\/\/pachamamitaecu.org\/es_es\/wp-json\/wp\/v2\/types\/post"}],"author":[{"embeddable":true,"href":"https:\/\/pachamamitaecu.org\/es_es\/wp-json\/wp\/v2\/users\/3"}],"replies":[{"embeddable":true,"href":"https:\/\/pachamamitaecu.org\/es_es\/wp-json\/wp\/v2\/comments?post=1061"}],"version-history":[{"count":0,"href":"https:\/\/pachamamitaecu.org\/es_es\/wp-json\/wp\/v2\/posts\/1061\/revisions"}],"wp:attachment":[{"href":"https:\/\/pachamamitaecu.org\/es_es\/wp-json\/wp\/v2\/media?parent=1061"}],"wp:term":[{"taxonomy":"category","embeddable":true,"href":"https:\/\/pachamamitaecu.org\/es_es\/wp-json\/wp\/v2\/categories?post=1061"},{"taxonomy":"post_tag","embeddable":true,"href":"https:\/\/pachamamitaecu.org\/es_es\/wp-json\/wp\/v2\/tags?post=1061"}],"curies":[{"name":"wp","href":"https:\/\/api.w.org\/{rel}","templated":true}]}}