{"id":1098,"date":"2011-11-20T07:33:00","date_gmt":"2011-11-20T07:33:00","guid":{"rendered":"http:\/\/pachamamitaecu-org-720647.hostingersite.com\/2011\/11\/20\/montanita-y-comunas-en-pie-de-lucha-por-defensa-territorial-inclusive-sin-apoyo-de-autoridades\/"},"modified":"2011-11-20T07:33:00","modified_gmt":"2011-11-20T07:33:00","slug":"montanita-y-comunas-en-pie-de-lucha-por-defensa-territorial-inclusive-sin-apoyo-de-autoridades","status":"publish","type":"post","link":"https:\/\/pachamamitaecu.org\/es_es\/2011\/11\/20\/montanita-y-comunas-en-pie-de-lucha-por-defensa-territorial-inclusive-sin-apoyo-de-autoridades\/","title":{"rendered":"Monta\u00f1ita y comunas en pie de lucha por defensa territorial, inclusive sin apoyo de autoridades."},"content":{"rendered":"<table cellpadding=\"0\" cellspacing=\"0\" style=\"float: left; margin-right: 1em; text-align: left;\">\n<tbody>\n<tr>\n<td style=\"text-align: center;\"><a href=\"http:\/\/3.bp.blogspot.com\/-TCgfc0FO-cc\/TsisTFdkvJI\/AAAAAAAABkM\/QPsyRbt3juM\/s1600\/305429_276958939013835_216215571754839_829536_1191688029_n.jpg\" style=\"clear: left; margin-bottom: 1em; margin-left: auto; margin-right: auto;\"><img decoding=\"async\" border=\"0\" height=\"223\" data-src=\"http:\/\/3.bp.blogspot.com\/-TCgfc0FO-cc\/TsisTFdkvJI\/AAAAAAAABkM\/QPsyRbt3juM\/s320\/305429_276958939013835_216215571754839_829536_1191688029_n.jpg\" width=\"320\" src=\"data:image\/svg+xml;base64,PHN2ZyB3aWR0aD0iMSIgaGVpZ2h0PSIxIiB4bWxucz0iaHR0cDovL3d3dy53My5vcmcvMjAwMC9zdmciPjwvc3ZnPg==\" class=\"lazyload\" style=\"--smush-placeholder-width: 320px; --smush-placeholder-aspect-ratio: 320\/223;\" \/><\/a><\/td>\n<\/tr>\n<tr>\n<td style=\"text-align: center;\">LAS SILLAS VACIAS, de las autoridades invitadas. <br \/>FOTO: Andres Franco<\/td>\n<\/tr>\n<\/tbody>\n<\/table>\n<div style=\"text-align: justify;\"><span style=\"font-family: Times, 'Times New Roman', serif; font-size: large;\">Representantes de las 67 comunas que conforman la provincia de Santa Elena se reunieron en Asamblea Ciudadana; este d\u00eda s\u00e1bado en Monta\u00f1ita para tratar el Asunto Territorial : Problem\u00e1tica Actual y Perspectivas futuras.&nbsp;<\/span><\/div>\n<p><span style=\"font-family: Times, 'Times New Roman', serif; font-size: large;\"><\/span><\/p>\n<div style=\"text-align: justify;\"><span style=\"font-family: Times, 'Times New Roman', serif; font-size: large;\"><br \/><\/span><\/div>\n<div style=\"text-align: justify;\"><span style=\"font-family: Times, 'Times New Roman', serif; font-size: large;\">En dicho encuentro se resalt\u00f3 la ausencia del Gobernador de la provincia, del Prefecto, de la Intendente, de los alcaldes y de varios consejeros, asamble\u00edstas y otros funcionarios p\u00fablicos invitados al acto; durante varias intervenciones se hizo \u00e9nfasis en los posibles significados que coincid\u00edan en \u00abquemimportismo y desinter\u00e9s\u00bb a las causas comunales por parte de las autoridades ausentes. Incluso al finalizar, se hizo un acto simb\u00f3lico de poner las sillas vac\u00edas en la parte de atr\u00e1s de la mesa principal, lo cual significaba que las personas de las comunas les dar\u00e1n la espalda (en las pr\u00f3ximas elecciones) a quienes no les interesa su problem\u00e1tica. \u00abIntentamos seguir las indicaciones del Presidente de la Rep\u00fablica, de que realizemos nuestros reclamos a trav\u00e9s del di\u00e1logo; pero la respuesta que recibimos es esta, ellos (las autoridades) no vienen cuando el pueblo los convoca, despu\u00e9s si vienen a querer votos, ah\u00ed tambi\u00e9n les daremos la espalda\u00bb, manifest\u00f3 en una de las primeras intervenciones Leonel del Pezo, Presidente de la Comuna Monta\u00f1ita.<\/span><\/div>\n<p><\/p>\n<div style=\"text-align: justify;\"><span style=\"font-family: Times, 'Times New Roman', serif; font-size: large;\">La jornada, que se desarroll\u00f3 bajo un ardiente sol dur\u00f3 cerca de 3 horas y durante ese tiempo varias personas fueron explicando el componente hist\u00f3rico, legal, situaci\u00f3n actual y posibles salidas de soluci\u00f3n a esta problem\u00e1tica.<\/span><\/div>\n<div style=\"text-align: justify;\"><span style=\"font-family: Times, 'Times New Roman', serif; font-size: large;\"><br \/><\/span><\/div>\n<div style=\"text-align: justify;\"><span style=\"font-family: Times, 'Times New Roman', serif; font-size: large;\">\u00abUtilizaremos todos los medios posibles para que la poblaci\u00f3n este enterada de los aspectos legales a nivel nacional e internacional que ciertas autoridades quieren pasar por alto para favorecer a empresarios, uno de estas formas de difundir ser\u00e1n las &nbsp;redes sociales a trav\u00e9s de<a href=\"http:\/\/www.facebook.com\/resistesantaelena\"> Resiste Santa Elena<\/a>&nbsp;\u00bb asegur\u00f3 Rodrigo Pinto, uno de los coordinadores de esta actividad.<\/span><\/div>\n<div style=\"text-align: justify;\"><span style=\"font-family: Times, 'Times New Roman', serif; font-size: large;\"><br \/><\/span><\/div>\n<div>\n<div style=\"text-align: justify;\"><span style=\"font-family: Times, 'Times New Roman', serif; font-size: large;\">\u00abNuestros pueblos primero&#8230;nuestra dignidad con ellos&#8230; no importa el color de tu camisa. Importa lo que por tus venas corre&#8230;.y lo que t\u00fa vales!!!.. La mediocridad es de los falaces farzantes que quieren ser lo que no son!!!&#8230;. VIVAN LAS COMUNAS ANCESTRALES AYER, HOY MA\u00d1ANA Y SIEMPRE!!!\u00bb, finaliz\u00f3 Pinto.<\/span><\/div>\n<p><span style=\"font-family: Times, 'Times New Roman', serif; font-size: large;\"><\/span><\/p>\n<div style=\"text-align: justify;\"><span style=\"font-family: Times, 'Times New Roman', serif; font-size: large;\"><br \/><\/span><\/div>\n<\/div>\n<div style=\"text-align: justify;\"><span style=\"font-family: Times, 'Times New Roman', serif; font-size: large;\">Por su parte el Presidente de la Comuna Monta\u00f1ita, Leonel del Pezo, mencion\u00f3 lo que fu\u00e9 entendido como un intento de \u00abintimidaci\u00f3n\u00bb que se habr\u00eda dado por parte de Paul Soto, flamante gobernador de la&nbsp;<\/span><span style=\"font-family: Times, 'Times New Roman', serif; font-size: large;\">Provincia, cuando los cit\u00f3 a una reuni\u00f3n donde supuestamente tratar\u00edan el problema junto a la asamble\u00edsta Vanessa Fajardo, pero que al llegar al lugar se encontraron tambi\u00e9n esperando a funcionarios de la empresa MASA (involucrada en el litigio); eso a su parecer es una clara demostraci\u00f3n de hacia que lado tiende el apoyo de dichas autoridades. Seg\u00fan Del Pezo, durante dicha reuni\u00f3n el gobernador les mencion\u00f3 que \u00abten\u00eda en su escritorio la orden de desalojo\u00bb, y que por lo tanto era mejor que desalojen pac\u00edficamente y as\u00ed evitar el uso de la fuerza. Este lamentable acto , habr\u00eda ocurrido seg\u00fan los denunciantes en pleno feriado pasado.&nbsp;<\/span><\/div>\n<div style=\"text-align: justify;\"><span style=\"font-family: Times, 'Times New Roman', serif; font-size: large;\"><br \/><\/span><\/div>\n<div style=\"text-align: justify;\"><span style=\"font-family: Times, 'Times New Roman', serif; font-size: large;\">Esta acci\u00f3n fue mencionada un par de ocasiones por diferentes participantes y recibieron el abucheo del p\u00fablico asistente, y durante &nbsp;la participaci\u00f3n de una comunera de Monta\u00f1ita se aclar\u00f3 que dicha \u00aborden de desalojo\u00bb no era legalmente posible.<\/span><\/div>\n<div style=\"text-align: justify;\"><span style=\"font-family: Times, 'Times New Roman', serif; font-size: large;\"><br \/><\/span><\/div>\n<div style=\"text-align: justify;\"><span style=\"font-family: Times, 'Times New Roman', serif; font-size: large;\">De igual manera fu\u00e9 se\u00f1alado Joaqu\u00edn Chiriboga (tambi\u00e9n ausente) como uno de los responsables de querer influir en el apoyo del Gobernador hacia la empresa. El se\u00f1or Chiriboga fu\u00e9 el mismo quien meses atr\u00e1s, antes de realizar el Festival Chulluype por un mar sin manchas de petr\u00f3leo, &nbsp;nos dijo que \u00abno nos meti\u00e9ramos\u00bb en el asunto de contaminaci\u00f3n ambiental de la Refiner\u00eda de La Libertad.<\/span><\/div>\n<div style=\"text-align: justify;\"><span style=\"font-family: Times, 'Times New Roman', serif; font-size: large;\"><br \/><\/span><\/div>\n<div style=\"text-align: justify;\"><span style=\"font-family: Times, 'Times New Roman', serif; font-size: large;\">Varios de los representantes de las comunas como Ayangue, Prosperidad, Villingota, Calicanto, R\u00edo Chico entre otras fueron uno a uno dando su apoyo p\u00fablico a las decisiones tomadas en la Asamblea y en este caso particular a Monta\u00f1ita.<\/span><\/div>\n<div style=\"text-align: justify;\"><span style=\"font-family: Times, 'Times New Roman', serif; font-size: large;\"><br \/><\/span><\/div>\n<div style=\"text-align: justify;\"><span style=\"font-family: Times, 'Times New Roman', serif; font-size: large;\">El discurso mencionado respecto a la parte legal incluy\u00f3 \u00abReiteramos ante la sociedad peninsular, que la defensa a la tenencia de nuestras tierras ancestrales, se fundamenta el la Constituci\u00f3n Politica del Estado Ecuatoriano Art. 1 \u2013 \u201cEl Ecuador es un Estado Constitucional\u201d La Constituci\u00f3n sobre todas las Leyes, como norma m\u00e1xima que rige nuestro Estado ecuatoriano. Entre otros los Art. 56 \u2013 57, lit. 1,4,5,9,11 y Art. 60 de la misma constituci\u00f3n, garantiza la aplicaci\u00f3n de nuestros derechos colectivos. Ademas de los estudios e investigaciones documentadas, que dan fe y certifican nuestra ancestralidad a trav\u00e9s del Instituto Nacional de Patrimonio Cultural; y del convenio 169 de la OIT y la declaraci\u00f3n de las Naciones Unidas sobre los Derechos de los Pueblos Ind\u00edgenas.\u00bb<\/span><\/div>\n<div style=\"text-align: justify;\"><span style=\"font-family: Times, 'Times New Roman', serif; font-size: large;\"><br \/><\/span><\/div>\n<div style=\"text-align: justify;\"><span style=\"font-family: Times, 'Times New Roman', serif; font-size: large;\">La actividad finaliz\u00f3 con una tradicional comida comunitaria que fue repartida entre todos los asistentes.<\/span><\/div>\n<div style=\"text-align: justify;\"><span style=\"font-family: Times, 'Times New Roman', serif; font-size: large;\"><br \/><\/span><\/div>\n<div style=\"text-align: justify;\"><span style=\"font-family: Times, 'Times New Roman', serif; font-size: large;\">Si quieres ver las fotografias de la Asamblea <a href=\"http:\/\/www.facebook.com\/resistesantaelena\">Entra Aqui<\/a><\/span><\/div>\n<div style=\"text-align: justify;\"><span style=\"font-family: Times, 'Times New Roman', serif; font-size: large;\">Si quieres seguir al tanto de los detalles de este proceso. <a href=\"http:\/\/www.facebook.com\/resistesantaelena\">Unete a Resiste Santa Elena.<\/a><\/span><\/div>\n<p><span style=\"font-family: Times, 'Times New Roman', serif; font-size: large;\">Si quieres leer las resoluciones de la Asamblea , <a href=\"http:\/\/www.facebook.com\/media\/set\/?set=a.276981892344873.64364.216215571754839&amp;type=3\">Entra Aqu\u00ed<\/a><\/span><\/p>\n<div style=\"text-align: justify;\"><\/div>\n<div class=\"pvc_clear\"><\/div>\n<p id=\"pvc_stats_1098\" class=\"pvc_stats total_only  \" data-element-id=\"1098\" style=\"\"><i class=\"pvc-stats-icon medium\" aria-hidden=\"true\"><svg aria-hidden=\"true\" focusable=\"false\" data-prefix=\"far\" data-icon=\"chart-bar\" role=\"img\" xmlns=\"http:\/\/www.w3.org\/2000\/svg\" viewBox=\"0 0 512 512\" class=\"svg-inline--fa fa-chart-bar fa-w-16 fa-2x\"><path fill=\"currentColor\" d=\"M396.8 352h22.4c6.4 0 12.8-6.4 12.8-12.8V108.8c0-6.4-6.4-12.8-12.8-12.8h-22.4c-6.4 0-12.8 6.4-12.8 12.8v230.4c0 6.4 6.4 12.8 12.8 12.8zm-192 0h22.4c6.4 0 12.8-6.4 12.8-12.8V140.8c0-6.4-6.4-12.8-12.8-12.8h-22.4c-6.4 0-12.8 6.4-12.8 12.8v198.4c0 6.4 6.4 12.8 12.8 12.8zm96 0h22.4c6.4 0 12.8-6.4 12.8-12.8V204.8c0-6.4-6.4-12.8-12.8-12.8h-22.4c-6.4 0-12.8 6.4-12.8 12.8v134.4c0 6.4 6.4 12.8 12.8 12.8zM496 400H48V80c0-8.84-7.16-16-16-16H16C7.16 64 0 71.16 0 80v336c0 17.67 14.33 32 32 32h464c8.84 0 16-7.16 16-16v-16c0-8.84-7.16-16-16-16zm-387.2-48h22.4c6.4 0 12.8-6.4 12.8-12.8v-70.4c0-6.4-6.4-12.8-12.8-12.8h-22.4c-6.4 0-12.8 6.4-12.8 12.8v70.4c0 6.4 6.4 12.8 12.8 12.8z\" class=\"\"><\/path><\/svg><\/i> <img decoding=\"async\" width=\"16\" height=\"16\" alt=\"Loading\" data-src=\"https:\/\/pachamamitaecu.org\/wp-content\/plugins\/page-views-count\/ajax-loader-2x.gif\" border=0 src=\"data:image\/svg+xml;base64,PHN2ZyB3aWR0aD0iMSIgaGVpZ2h0PSIxIiB4bWxucz0iaHR0cDovL3d3dy53My5vcmcvMjAwMC9zdmciPjwvc3ZnPg==\" class=\"lazyload\" style=\"--smush-placeholder-width: 16px; --smush-placeholder-aspect-ratio: 16\/16;\" \/><\/p>\n<div class=\"pvc_clear\"><\/div>\n","protected":false},"excerpt":{"rendered":"<p>LAS SILLAS VACIAS, de las autoridades invitadas. FOTO: Andres Franco Representantes de las 67 comunas que conforman la provincia de Santa Elena se reunieron en Asamblea Ciudadana; este d\u00eda s\u00e1bado en Monta\u00f1ita para tratar el Asunto Territorial : Problem\u00e1tica Actual y Perspectivas futuras.&nbsp; En dicho encuentro se resalt\u00f3 la ausencia del Gobernador de la provincia, [&#8230;]\n","protected":false},"author":3,"featured_media":0,"comment_status":"open","ping_status":"closed","sticky":false,"template":"","format":"standard","meta":{"footnotes":""},"categories":[264,140],"tags":[],"class_list":["post-1098","post","type-post","status-publish","format-standard","hentry","category-noticias","category-personajes-peninsulares"],"a3_pvc":{"activated":true,"total_views":30,"today_views":0},"yoast_head":"<!-- This site is optimized with the Yoast SEO Premium plugin v24.2 (Yoast SEO v27.4) - https:\/\/yoast.com\/product\/yoast-seo-premium-wordpress\/ -->\n<title>Monta\u00f1ita y comunas en pie de lucha por defensa territorial, inclusive sin apoyo de autoridades. - PachaMamita Ecuador<\/title>\n<meta name=\"robots\" content=\"index, follow, max-snippet:-1, max-image-preview:large, max-video-preview:-1\" \/>\n<link rel=\"canonical\" href=\"https:\/\/pachamamitaecu.org\/es_es\/2011\/11\/20\/montanita-y-comunas-en-pie-de-lucha-por-defensa-territorial-inclusive-sin-apoyo-de-autoridades\/\" \/>\n<meta property=\"og:locale\" content=\"es_ES\" \/>\n<meta property=\"og:type\" content=\"article\" \/>\n<meta property=\"og:title\" content=\"Monta\u00f1ita y comunas en pie de lucha por defensa territorial, inclusive sin apoyo de autoridades.\" \/>\n<meta property=\"og:description\" content=\"LAS SILLAS VACIAS, de las autoridades invitadas. FOTO: Andres Franco Representantes de las 67 comunas que conforman la provincia de Santa Elena se reunieron en Asamblea Ciudadana; este d\u00eda s\u00e1bado en Monta\u00f1ita para tratar el Asunto Territorial : Problem\u00e1tica Actual y Perspectivas futuras.&nbsp; En dicho encuentro se resalt\u00f3 la ausencia del Gobernador de la provincia, [...]\" \/>\n<meta property=\"og:url\" content=\"https:\/\/pachamamitaecu.org\/es_es\/2011\/11\/20\/montanita-y-comunas-en-pie-de-lucha-por-defensa-territorial-inclusive-sin-apoyo-de-autoridades\/\" \/>\n<meta property=\"og:site_name\" content=\"PachaMamita Ecuador\" \/>\n<meta property=\"article:publisher\" content=\"https:\/\/www.facebook.com\/pachamamitaecu\" \/>\n<meta property=\"article:published_time\" content=\"2011-11-20T07:33:00+00:00\" \/>\n<meta property=\"og:image\" content=\"http:\/\/3.bp.blogspot.com\/-TCgfc0FO-cc\/TsisTFdkvJI\/AAAAAAAABkM\/QPsyRbt3juM\/s320\/305429_276958939013835_216215571754839_829536_1191688029_n.jpg\" \/>\n<meta name=\"author\" content=\"PachaMamita EC\" \/>\n<meta name=\"twitter:card\" content=\"summary_large_image\" \/>\n<meta name=\"twitter:label1\" content=\"Escrito por\" \/>\n\t<meta name=\"twitter:data1\" content=\"PachaMamita EC\" \/>\n\t<meta name=\"twitter:label2\" content=\"Tiempo de lectura\" \/>\n\t<meta name=\"twitter:data2\" content=\"4 minutos\" \/>\n<script type=\"application\/ld+json\" class=\"yoast-schema-graph\">{\"@context\":\"https:\\\/\\\/schema.org\",\"@graph\":[{\"@type\":\"Article\",\"@id\":\"https:\\\/\\\/pachamamitaecu.org\\\/es_es\\\/2011\\\/11\\\/20\\\/montanita-y-comunas-en-pie-de-lucha-por-defensa-territorial-inclusive-sin-apoyo-de-autoridades\\\/#article\",\"isPartOf\":{\"@id\":\"https:\\\/\\\/pachamamitaecu.org\\\/es_es\\\/2011\\\/11\\\/20\\\/montanita-y-comunas-en-pie-de-lucha-por-defensa-territorial-inclusive-sin-apoyo-de-autoridades\\\/\"},\"author\":{\"name\":\"PachaMamita EC\",\"@id\":\"https:\\\/\\\/pachamamitaecu.org\\\/es_es\\\/#\\\/schema\\\/person\\\/e8b42afae2451fadab5e0295f02c4593\"},\"headline\":\"Monta\u00f1ita y comunas en pie de lucha por defensa territorial, inclusive sin apoyo de autoridades.\",\"datePublished\":\"2011-11-20T07:33:00+00:00\",\"mainEntityOfPage\":{\"@id\":\"https:\\\/\\\/pachamamitaecu.org\\\/es_es\\\/2011\\\/11\\\/20\\\/montanita-y-comunas-en-pie-de-lucha-por-defensa-territorial-inclusive-sin-apoyo-de-autoridades\\\/\"},\"wordCount\":885,\"commentCount\":0,\"publisher\":{\"@id\":\"https:\\\/\\\/pachamamitaecu.org\\\/es_es\\\/#organization\"},\"image\":{\"@id\":\"https:\\\/\\\/pachamamitaecu.org\\\/es_es\\\/2011\\\/11\\\/20\\\/montanita-y-comunas-en-pie-de-lucha-por-defensa-territorial-inclusive-sin-apoyo-de-autoridades\\\/#primaryimage\"},\"thumbnailUrl\":\"http:\\\/\\\/3.bp.blogspot.com\\\/-TCgfc0FO-cc\\\/TsisTFdkvJI\\\/AAAAAAAABkM\\\/QPsyRbt3juM\\\/s320\\\/305429_276958939013835_216215571754839_829536_1191688029_n.jpg\",\"articleSection\":[\"noticias\",\"PERSONAJES PENINSULARES\"],\"inLanguage\":\"es\",\"potentialAction\":[{\"@type\":\"CommentAction\",\"name\":\"Comment\",\"target\":[\"https:\\\/\\\/pachamamitaecu.org\\\/es_es\\\/2011\\\/11\\\/20\\\/montanita-y-comunas-en-pie-de-lucha-por-defensa-territorial-inclusive-sin-apoyo-de-autoridades\\\/#respond\"]}]},{\"@type\":\"WebPage\",\"@id\":\"https:\\\/\\\/pachamamitaecu.org\\\/es_es\\\/2011\\\/11\\\/20\\\/montanita-y-comunas-en-pie-de-lucha-por-defensa-territorial-inclusive-sin-apoyo-de-autoridades\\\/\",\"url\":\"https:\\\/\\\/pachamamitaecu.org\\\/es_es\\\/2011\\\/11\\\/20\\\/montanita-y-comunas-en-pie-de-lucha-por-defensa-territorial-inclusive-sin-apoyo-de-autoridades\\\/\",\"name\":\"Monta\u00f1ita y comunas en pie de lucha por defensa territorial, inclusive sin apoyo de autoridades. - PachaMamita Ecuador\",\"isPartOf\":{\"@id\":\"https:\\\/\\\/pachamamitaecu.org\\\/es_es\\\/#website\"},\"primaryImageOfPage\":{\"@id\":\"https:\\\/\\\/pachamamitaecu.org\\\/es_es\\\/2011\\\/11\\\/20\\\/montanita-y-comunas-en-pie-de-lucha-por-defensa-territorial-inclusive-sin-apoyo-de-autoridades\\\/#primaryimage\"},\"image\":{\"@id\":\"https:\\\/\\\/pachamamitaecu.org\\\/es_es\\\/2011\\\/11\\\/20\\\/montanita-y-comunas-en-pie-de-lucha-por-defensa-territorial-inclusive-sin-apoyo-de-autoridades\\\/#primaryimage\"},\"thumbnailUrl\":\"http:\\\/\\\/3.bp.blogspot.com\\\/-TCgfc0FO-cc\\\/TsisTFdkvJI\\\/AAAAAAAABkM\\\/QPsyRbt3juM\\\/s320\\\/305429_276958939013835_216215571754839_829536_1191688029_n.jpg\",\"datePublished\":\"2011-11-20T07:33:00+00:00\",\"breadcrumb\":{\"@id\":\"https:\\\/\\\/pachamamitaecu.org\\\/es_es\\\/2011\\\/11\\\/20\\\/montanita-y-comunas-en-pie-de-lucha-por-defensa-territorial-inclusive-sin-apoyo-de-autoridades\\\/#breadcrumb\"},\"inLanguage\":\"es\",\"potentialAction\":[{\"@type\":\"ReadAction\",\"target\":[\"https:\\\/\\\/pachamamitaecu.org\\\/es_es\\\/2011\\\/11\\\/20\\\/montanita-y-comunas-en-pie-de-lucha-por-defensa-territorial-inclusive-sin-apoyo-de-autoridades\\\/\"]}]},{\"@type\":\"ImageObject\",\"inLanguage\":\"es\",\"@id\":\"https:\\\/\\\/pachamamitaecu.org\\\/es_es\\\/2011\\\/11\\\/20\\\/montanita-y-comunas-en-pie-de-lucha-por-defensa-territorial-inclusive-sin-apoyo-de-autoridades\\\/#primaryimage\",\"url\":\"http:\\\/\\\/3.bp.blogspot.com\\\/-TCgfc0FO-cc\\\/TsisTFdkvJI\\\/AAAAAAAABkM\\\/QPsyRbt3juM\\\/s320\\\/305429_276958939013835_216215571754839_829536_1191688029_n.jpg\",\"contentUrl\":\"http:\\\/\\\/3.bp.blogspot.com\\\/-TCgfc0FO-cc\\\/TsisTFdkvJI\\\/AAAAAAAABkM\\\/QPsyRbt3juM\\\/s320\\\/305429_276958939013835_216215571754839_829536_1191688029_n.jpg\"},{\"@type\":\"BreadcrumbList\",\"@id\":\"https:\\\/\\\/pachamamitaecu.org\\\/es_es\\\/2011\\\/11\\\/20\\\/montanita-y-comunas-en-pie-de-lucha-por-defensa-territorial-inclusive-sin-apoyo-de-autoridades\\\/#breadcrumb\",\"itemListElement\":[{\"@type\":\"ListItem\",\"position\":1,\"name\":\"Portada\",\"item\":\"https:\\\/\\\/pachamamitaecu.org\\\/es_es\\\/\"},{\"@type\":\"ListItem\",\"position\":2,\"name\":\"Monta\u00f1ita y comunas en pie de lucha por defensa territorial, inclusive sin apoyo de autoridades.\"}]},{\"@type\":\"WebSite\",\"@id\":\"https:\\\/\\\/pachamamitaecu.org\\\/es_es\\\/#website\",\"url\":\"https:\\\/\\\/pachamamitaecu.org\\\/es_es\\\/\",\"name\":\"PachaMamita Ecuador\",\"description\":\"CULTURA. AGROECOLOG\u00cdA. TURISMO Y CONSUMO RESPONSABLE-ECUADOR.\",\"publisher\":{\"@id\":\"https:\\\/\\\/pachamamitaecu.org\\\/es_es\\\/#organization\"},\"potentialAction\":[{\"@type\":\"SearchAction\",\"target\":{\"@type\":\"EntryPoint\",\"urlTemplate\":\"https:\\\/\\\/pachamamitaecu.org\\\/es_es\\\/?s={search_term_string}\"},\"query-input\":{\"@type\":\"PropertyValueSpecification\",\"valueRequired\":true,\"valueName\":\"search_term_string\"}}],\"inLanguage\":\"es\"},{\"@type\":\"Organization\",\"@id\":\"https:\\\/\\\/pachamamitaecu.org\\\/es_es\\\/#organization\",\"name\":\"PachaMamita Ecuador\",\"url\":\"https:\\\/\\\/pachamamitaecu.org\\\/es_es\\\/\",\"logo\":{\"@type\":\"ImageObject\",\"inLanguage\":\"es\",\"@id\":\"https:\\\/\\\/pachamamitaecu.org\\\/es_es\\\/#\\\/schema\\\/logo\\\/image\\\/\",\"url\":\"https:\\\/\\\/pachamamitaecu.org\\\/wp-content\\\/uploads\\\/2024\\\/04\\\/cropped-Diseno-sin-titulo-13.png\",\"contentUrl\":\"https:\\\/\\\/pachamamitaecu.org\\\/wp-content\\\/uploads\\\/2024\\\/04\\\/cropped-Diseno-sin-titulo-13.png\",\"width\":512,\"height\":512,\"caption\":\"PachaMamita Ecuador\"},\"image\":{\"@id\":\"https:\\\/\\\/pachamamitaecu.org\\\/es_es\\\/#\\\/schema\\\/logo\\\/image\\\/\"},\"sameAs\":[\"https:\\\/\\\/www.facebook.com\\\/pachamamitaecu\"]},{\"@type\":\"Person\",\"@id\":\"https:\\\/\\\/pachamamitaecu.org\\\/es_es\\\/#\\\/schema\\\/person\\\/e8b42afae2451fadab5e0295f02c4593\",\"name\":\"PachaMamita EC\",\"image\":{\"@type\":\"ImageObject\",\"inLanguage\":\"es\",\"@id\":\"https:\\\/\\\/pachamamitaecu.org\\\/wp-content\\\/litespeed\\\/avatar\\\/23494c9101089ad44ae88ce9d2f56aac.jpg?ver=1777350952\",\"url\":\"https:\\\/\\\/pachamamitaecu.org\\\/wp-content\\\/litespeed\\\/avatar\\\/23494c9101089ad44ae88ce9d2f56aac.jpg?ver=1777350952\",\"contentUrl\":\"https:\\\/\\\/pachamamitaecu.org\\\/wp-content\\\/litespeed\\\/avatar\\\/23494c9101089ad44ae88ce9d2f56aac.jpg?ver=1777350952\",\"caption\":\"PachaMamita EC\"},\"url\":\"https:\\\/\\\/pachamamitaecu.org\\\/es_es\\\/author\\\/pachamamita-ec\\\/\"}]}<\/script>\n<!-- \/ Yoast SEO Premium plugin. -->","yoast_head_json":{"title":"Monta\u00f1ita y comunas en pie de lucha por defensa territorial, inclusive sin apoyo de autoridades. - PachaMamita Ecuador","robots":{"index":"index","follow":"follow","max-snippet":"max-snippet:-1","max-image-preview":"max-image-preview:large","max-video-preview":"max-video-preview:-1"},"canonical":"https:\/\/pachamamitaecu.org\/es_es\/2011\/11\/20\/montanita-y-comunas-en-pie-de-lucha-por-defensa-territorial-inclusive-sin-apoyo-de-autoridades\/","og_locale":"es_ES","og_type":"article","og_title":"Monta\u00f1ita y comunas en pie de lucha por defensa territorial, inclusive sin apoyo de autoridades.","og_description":"LAS SILLAS VACIAS, de las autoridades invitadas. FOTO: Andres Franco Representantes de las 67 comunas que conforman la provincia de Santa Elena se reunieron en Asamblea Ciudadana; este d\u00eda s\u00e1bado en Monta\u00f1ita para tratar el Asunto Territorial : Problem\u00e1tica Actual y Perspectivas futuras.&nbsp; En dicho encuentro se resalt\u00f3 la ausencia del Gobernador de la provincia, [...]","og_url":"https:\/\/pachamamitaecu.org\/es_es\/2011\/11\/20\/montanita-y-comunas-en-pie-de-lucha-por-defensa-territorial-inclusive-sin-apoyo-de-autoridades\/","og_site_name":"PachaMamita Ecuador","article_publisher":"https:\/\/www.facebook.com\/pachamamitaecu","article_published_time":"2011-11-20T07:33:00+00:00","og_image":[{"url":"http:\/\/3.bp.blogspot.com\/-TCgfc0FO-cc\/TsisTFdkvJI\/AAAAAAAABkM\/QPsyRbt3juM\/s320\/305429_276958939013835_216215571754839_829536_1191688029_n.jpg","type":"","width":"","height":""}],"author":"PachaMamita EC","twitter_card":"summary_large_image","twitter_misc":{"Escrito por":"PachaMamita EC","Tiempo de lectura":"4 minutos"},"schema":{"@context":"https:\/\/schema.org","@graph":[{"@type":"Article","@id":"https:\/\/pachamamitaecu.org\/es_es\/2011\/11\/20\/montanita-y-comunas-en-pie-de-lucha-por-defensa-territorial-inclusive-sin-apoyo-de-autoridades\/#article","isPartOf":{"@id":"https:\/\/pachamamitaecu.org\/es_es\/2011\/11\/20\/montanita-y-comunas-en-pie-de-lucha-por-defensa-territorial-inclusive-sin-apoyo-de-autoridades\/"},"author":{"name":"PachaMamita EC","@id":"https:\/\/pachamamitaecu.org\/es_es\/#\/schema\/person\/e8b42afae2451fadab5e0295f02c4593"},"headline":"Monta\u00f1ita y comunas en pie de lucha por defensa territorial, inclusive sin apoyo de autoridades.","datePublished":"2011-11-20T07:33:00+00:00","mainEntityOfPage":{"@id":"https:\/\/pachamamitaecu.org\/es_es\/2011\/11\/20\/montanita-y-comunas-en-pie-de-lucha-por-defensa-territorial-inclusive-sin-apoyo-de-autoridades\/"},"wordCount":885,"commentCount":0,"publisher":{"@id":"https:\/\/pachamamitaecu.org\/es_es\/#organization"},"image":{"@id":"https:\/\/pachamamitaecu.org\/es_es\/2011\/11\/20\/montanita-y-comunas-en-pie-de-lucha-por-defensa-territorial-inclusive-sin-apoyo-de-autoridades\/#primaryimage"},"thumbnailUrl":"http:\/\/3.bp.blogspot.com\/-TCgfc0FO-cc\/TsisTFdkvJI\/AAAAAAAABkM\/QPsyRbt3juM\/s320\/305429_276958939013835_216215571754839_829536_1191688029_n.jpg","articleSection":["noticias","PERSONAJES PENINSULARES"],"inLanguage":"es","potentialAction":[{"@type":"CommentAction","name":"Comment","target":["https:\/\/pachamamitaecu.org\/es_es\/2011\/11\/20\/montanita-y-comunas-en-pie-de-lucha-por-defensa-territorial-inclusive-sin-apoyo-de-autoridades\/#respond"]}]},{"@type":"WebPage","@id":"https:\/\/pachamamitaecu.org\/es_es\/2011\/11\/20\/montanita-y-comunas-en-pie-de-lucha-por-defensa-territorial-inclusive-sin-apoyo-de-autoridades\/","url":"https:\/\/pachamamitaecu.org\/es_es\/2011\/11\/20\/montanita-y-comunas-en-pie-de-lucha-por-defensa-territorial-inclusive-sin-apoyo-de-autoridades\/","name":"Monta\u00f1ita y comunas en pie de lucha por defensa territorial, inclusive sin apoyo de autoridades. - PachaMamita Ecuador","isPartOf":{"@id":"https:\/\/pachamamitaecu.org\/es_es\/#website"},"primaryImageOfPage":{"@id":"https:\/\/pachamamitaecu.org\/es_es\/2011\/11\/20\/montanita-y-comunas-en-pie-de-lucha-por-defensa-territorial-inclusive-sin-apoyo-de-autoridades\/#primaryimage"},"image":{"@id":"https:\/\/pachamamitaecu.org\/es_es\/2011\/11\/20\/montanita-y-comunas-en-pie-de-lucha-por-defensa-territorial-inclusive-sin-apoyo-de-autoridades\/#primaryimage"},"thumbnailUrl":"http:\/\/3.bp.blogspot.com\/-TCgfc0FO-cc\/TsisTFdkvJI\/AAAAAAAABkM\/QPsyRbt3juM\/s320\/305429_276958939013835_216215571754839_829536_1191688029_n.jpg","datePublished":"2011-11-20T07:33:00+00:00","breadcrumb":{"@id":"https:\/\/pachamamitaecu.org\/es_es\/2011\/11\/20\/montanita-y-comunas-en-pie-de-lucha-por-defensa-territorial-inclusive-sin-apoyo-de-autoridades\/#breadcrumb"},"inLanguage":"es","potentialAction":[{"@type":"ReadAction","target":["https:\/\/pachamamitaecu.org\/es_es\/2011\/11\/20\/montanita-y-comunas-en-pie-de-lucha-por-defensa-territorial-inclusive-sin-apoyo-de-autoridades\/"]}]},{"@type":"ImageObject","inLanguage":"es","@id":"https:\/\/pachamamitaecu.org\/es_es\/2011\/11\/20\/montanita-y-comunas-en-pie-de-lucha-por-defensa-territorial-inclusive-sin-apoyo-de-autoridades\/#primaryimage","url":"http:\/\/3.bp.blogspot.com\/-TCgfc0FO-cc\/TsisTFdkvJI\/AAAAAAAABkM\/QPsyRbt3juM\/s320\/305429_276958939013835_216215571754839_829536_1191688029_n.jpg","contentUrl":"http:\/\/3.bp.blogspot.com\/-TCgfc0FO-cc\/TsisTFdkvJI\/AAAAAAAABkM\/QPsyRbt3juM\/s320\/305429_276958939013835_216215571754839_829536_1191688029_n.jpg"},{"@type":"BreadcrumbList","@id":"https:\/\/pachamamitaecu.org\/es_es\/2011\/11\/20\/montanita-y-comunas-en-pie-de-lucha-por-defensa-territorial-inclusive-sin-apoyo-de-autoridades\/#breadcrumb","itemListElement":[{"@type":"ListItem","position":1,"name":"Portada","item":"https:\/\/pachamamitaecu.org\/es_es\/"},{"@type":"ListItem","position":2,"name":"Monta\u00f1ita y comunas en pie de lucha por defensa territorial, inclusive sin apoyo de autoridades."}]},{"@type":"WebSite","@id":"https:\/\/pachamamitaecu.org\/es_es\/#website","url":"https:\/\/pachamamitaecu.org\/es_es\/","name":"PachaMamita Ecuador","description":"CULTURA. AGROECOLOG\u00cdA. TURISMO Y CONSUMO RESPONSABLE-ECUADOR.","publisher":{"@id":"https:\/\/pachamamitaecu.org\/es_es\/#organization"},"potentialAction":[{"@type":"SearchAction","target":{"@type":"EntryPoint","urlTemplate":"https:\/\/pachamamitaecu.org\/es_es\/?s={search_term_string}"},"query-input":{"@type":"PropertyValueSpecification","valueRequired":true,"valueName":"search_term_string"}}],"inLanguage":"es"},{"@type":"Organization","@id":"https:\/\/pachamamitaecu.org\/es_es\/#organization","name":"PachaMamita Ecuador","url":"https:\/\/pachamamitaecu.org\/es_es\/","logo":{"@type":"ImageObject","inLanguage":"es","@id":"https:\/\/pachamamitaecu.org\/es_es\/#\/schema\/logo\/image\/","url":"https:\/\/pachamamitaecu.org\/wp-content\/uploads\/2024\/04\/cropped-Diseno-sin-titulo-13.png","contentUrl":"https:\/\/pachamamitaecu.org\/wp-content\/uploads\/2024\/04\/cropped-Diseno-sin-titulo-13.png","width":512,"height":512,"caption":"PachaMamita Ecuador"},"image":{"@id":"https:\/\/pachamamitaecu.org\/es_es\/#\/schema\/logo\/image\/"},"sameAs":["https:\/\/www.facebook.com\/pachamamitaecu"]},{"@type":"Person","@id":"https:\/\/pachamamitaecu.org\/es_es\/#\/schema\/person\/e8b42afae2451fadab5e0295f02c4593","name":"PachaMamita EC","image":{"@type":"ImageObject","inLanguage":"es","@id":"https:\/\/pachamamitaecu.org\/wp-content\/litespeed\/avatar\/23494c9101089ad44ae88ce9d2f56aac.jpg?ver=1777350952","url":"https:\/\/pachamamitaecu.org\/wp-content\/litespeed\/avatar\/23494c9101089ad44ae88ce9d2f56aac.jpg?ver=1777350952","contentUrl":"https:\/\/pachamamitaecu.org\/wp-content\/litespeed\/avatar\/23494c9101089ad44ae88ce9d2f56aac.jpg?ver=1777350952","caption":"PachaMamita EC"},"url":"https:\/\/pachamamitaecu.org\/es_es\/author\/pachamamita-ec\/"}]}},"_links":{"self":[{"href":"https:\/\/pachamamitaecu.org\/es_es\/wp-json\/wp\/v2\/posts\/1098","targetHints":{"allow":["GET"]}}],"collection":[{"href":"https:\/\/pachamamitaecu.org\/es_es\/wp-json\/wp\/v2\/posts"}],"about":[{"href":"https:\/\/pachamamitaecu.org\/es_es\/wp-json\/wp\/v2\/types\/post"}],"author":[{"embeddable":true,"href":"https:\/\/pachamamitaecu.org\/es_es\/wp-json\/wp\/v2\/users\/3"}],"replies":[{"embeddable":true,"href":"https:\/\/pachamamitaecu.org\/es_es\/wp-json\/wp\/v2\/comments?post=1098"}],"version-history":[{"count":0,"href":"https:\/\/pachamamitaecu.org\/es_es\/wp-json\/wp\/v2\/posts\/1098\/revisions"}],"wp:attachment":[{"href":"https:\/\/pachamamitaecu.org\/es_es\/wp-json\/wp\/v2\/media?parent=1098"}],"wp:term":[{"taxonomy":"category","embeddable":true,"href":"https:\/\/pachamamitaecu.org\/es_es\/wp-json\/wp\/v2\/categories?post=1098"},{"taxonomy":"post_tag","embeddable":true,"href":"https:\/\/pachamamitaecu.org\/es_es\/wp-json\/wp\/v2\/tags?post=1098"}],"curies":[{"name":"wp","href":"https:\/\/api.w.org\/{rel}","templated":true}]}}