{"id":1115,"date":"2011-11-01T21:39:00","date_gmt":"2011-11-01T21:39:00","guid":{"rendered":"http:\/\/pachamamitaecu-org-720647.hostingersite.com\/2011\/11\/01\/arranca-proyecto-de-regeneracion-del-parque-ecologico-de-sta-elena\/"},"modified":"2011-11-01T21:39:00","modified_gmt":"2011-11-01T21:39:00","slug":"arranca-proyecto-de-regeneracion-del-parque-ecologico-de-sta-elena","status":"publish","type":"post","link":"https:\/\/pachamamitaecu.org\/es_es\/2011\/11\/01\/arranca-proyecto-de-regeneracion-del-parque-ecologico-de-sta-elena\/","title":{"rendered":"Arranca proyecto de regeneraci\u00f3n del Parque Ecol\u00f3gico de Sta. Elena."},"content":{"rendered":"<div style=\"clear: both; text-align: center;\"><a href=\"http:\/\/3.bp.blogspot.com\/-ibLqIVKRyLw\/TrBmWtuvpAI\/AAAAAAAABfY\/Wphq7jmE810\/s1600\/310632_164594176952591_100002060284723_339292_3114786_n.jpg\" style=\"clear: left; float: left; margin-bottom: 1em; margin-right: 1em;\"><img decoding=\"async\" border=\"0\" height=\"200\" data-src=\"http:\/\/3.bp.blogspot.com\/-ibLqIVKRyLw\/TrBmWtuvpAI\/AAAAAAAABfY\/Wphq7jmE810\/s320\/310632_164594176952591_100002060284723_339292_3114786_n.jpg\" width=\"320\" src=\"data:image\/svg+xml;base64,PHN2ZyB3aWR0aD0iMSIgaGVpZ2h0PSIxIiB4bWxucz0iaHR0cDovL3d3dy53My5vcmcvMjAwMC9zdmciPjwvc3ZnPg==\" class=\"lazyload\" style=\"--smush-placeholder-width: 320px; --smush-placeholder-aspect-ratio: 320\/200;\" \/><\/a><\/div>\n<p><span style=\"font-family: Times, 'Times New Roman', serif; font-size: large;\">Un nuevo atractivo tur\u00edstico, con una inversi\u00f3n que se aproxima a los 2.4 millones de d\u00f3lares es lo que se aspira se constituya el Proyecto de Regeneraci\u00f3n del &nbsp;Parque Ecol\u00f3gico \u00abSixto Duran Ball\u00e9n\u00bb; obra que comenz\u00f3 con el evento simb\u00f3lico de la colocaci\u00f3n de la Primera Piedra el 1 de Noviembre ante una nutrida participaci\u00f3n de ciudadan@s.<\/span><\/p>\n<div><span style=\"font-family: Times, 'Times New Roman', serif; font-size: large;\"><br \/><\/span><\/div>\n<div><span style=\"font-family: Times, 'Times New Roman', serif; font-size: large;\">La obra, que se inicia luego de que el Parque ha servido desde 1.998 con las instalaciones actuales durante 13 a\u00f1os, se espera est\u00e9 lista en el plazo de un a\u00f1o y el control estar\u00e1 a cargo de la Empresa Municipal de Turismo de Santa Elena.<\/span><\/div>\n<div><span style=\"font-family: Times, 'Times New Roman', serif; font-size: large;\"><br \/><\/span><\/div>\n<div><span style=\"font-family: Times, 'Times New Roman', serif; font-size: large;\">El proyecto consiste en la remodelaci\u00f3n completa del parque, e incluir\u00e1 \u00e1reas deportivas y de esparcimiento, con piscinas, toboganes, canchas sint\u00e9ticas; \u00e1rea de comedor, implementaci\u00f3n de \u00e1reas verdes, oficinas administrativas, ba\u00f1os, vestidores, \u00e1rea de cuidado de animales.<\/span><\/div>\n<div><span style=\"font-family: Times, 'Times New Roman', serif; font-size: large;\"><br \/><\/span><\/div>\n<div><span style=\"font-family: Times, 'Times New Roman', serif; font-size: large;\">Con esta obra se espera impulsar las visitas de turistas locales, nacionales y extranjeros al Parque Ecol\u00f3gico de Sta. Elena y convertirlo as\u00ed en una alternativa tur\u00edstica con sus consecuentes efectos de desarrollo. El Lcdo. Antonio La\u00ednez manifest\u00f3 que \u00abla importancia en el corto &nbsp;y mediano plazo se dar\u00e1 con la apertura de nuevas fuentes de trabajo en los sectores relacionados al Parque y la posterior dinamizaci\u00f3n de la econom\u00eda a trav\u00e9s del turismo\u00bb.<\/p>\n<p>Por su parte una de las asistentes al acto, Narcisa Coronel, dijo que \u00abanhela que el cuidado y trato que se les d\u00e9 a los animales en las instalaciones nuevas, sea superior al que se ha venido observando hasta ahora, considerando que existen algunos encadenados o en jaulas muy peque\u00f1as; ser\u00e1 muy bonito poder ense\u00f1ar a nuestros hijos pero con animales bien cuidados\u00bb concluy\u00f3.<\/span><\/div>\n<div><span style=\"font-family: Times, 'Times New Roman', serif; font-size: large;\"><br \/><\/span><\/div>\n<div><span style=\"font-family: Times, 'Times New Roman', serif; font-size: large;\">El \u00e1rea de animales se ver\u00e1 complementado, adem\u00e1s de los ya existentes con otros que vendr\u00e1n de diferentes zool\u00f3gicos del pa\u00eds, y entre las especies nuevas estar\u00e1n osos hormigueros y pavos reales.<\/p>\n<p>La Empresa Muncipal de Turismo continuar\u00e1 con la administraci\u00f3n del Parque, una vez que la obra est\u00e9 conclu\u00edda.<\/span><\/div>\n<div><span style=\"font-family: Times, 'Times New Roman', serif; font-size: large;\"><br \/><\/span><\/div>\n<div><span style=\"font-family: Times, 'Times New Roman', serif; font-size: large;\"><br \/><\/span><\/div>\n<div class=\"pvc_clear\"><\/div>\n<p id=\"pvc_stats_1115\" class=\"pvc_stats total_only  \" data-element-id=\"1115\" style=\"\"><i class=\"pvc-stats-icon medium\" aria-hidden=\"true\"><svg aria-hidden=\"true\" focusable=\"false\" data-prefix=\"far\" data-icon=\"chart-bar\" role=\"img\" xmlns=\"http:\/\/www.w3.org\/2000\/svg\" viewBox=\"0 0 512 512\" class=\"svg-inline--fa fa-chart-bar fa-w-16 fa-2x\"><path fill=\"currentColor\" d=\"M396.8 352h22.4c6.4 0 12.8-6.4 12.8-12.8V108.8c0-6.4-6.4-12.8-12.8-12.8h-22.4c-6.4 0-12.8 6.4-12.8 12.8v230.4c0 6.4 6.4 12.8 12.8 12.8zm-192 0h22.4c6.4 0 12.8-6.4 12.8-12.8V140.8c0-6.4-6.4-12.8-12.8-12.8h-22.4c-6.4 0-12.8 6.4-12.8 12.8v198.4c0 6.4 6.4 12.8 12.8 12.8zm96 0h22.4c6.4 0 12.8-6.4 12.8-12.8V204.8c0-6.4-6.4-12.8-12.8-12.8h-22.4c-6.4 0-12.8 6.4-12.8 12.8v134.4c0 6.4 6.4 12.8 12.8 12.8zM496 400H48V80c0-8.84-7.16-16-16-16H16C7.16 64 0 71.16 0 80v336c0 17.67 14.33 32 32 32h464c8.84 0 16-7.16 16-16v-16c0-8.84-7.16-16-16-16zm-387.2-48h22.4c6.4 0 12.8-6.4 12.8-12.8v-70.4c0-6.4-6.4-12.8-12.8-12.8h-22.4c-6.4 0-12.8 6.4-12.8 12.8v70.4c0 6.4 6.4 12.8 12.8 12.8z\" class=\"\"><\/path><\/svg><\/i> <img decoding=\"async\" width=\"16\" height=\"16\" alt=\"Loading\" data-src=\"https:\/\/pachamamitaecu.org\/wp-content\/plugins\/page-views-count\/ajax-loader-2x.gif\" border=0 src=\"data:image\/svg+xml;base64,PHN2ZyB3aWR0aD0iMSIgaGVpZ2h0PSIxIiB4bWxucz0iaHR0cDovL3d3dy53My5vcmcvMjAwMC9zdmciPjwvc3ZnPg==\" class=\"lazyload\" style=\"--smush-placeholder-width: 16px; --smush-placeholder-aspect-ratio: 16\/16;\" \/><\/p>\n<div class=\"pvc_clear\"><\/div>\n","protected":false},"excerpt":{"rendered":"<p>Un nuevo atractivo tur\u00edstico, con una inversi\u00f3n que se aproxima a los 2.4 millones de d\u00f3lares es lo que se aspira se constituya el Proyecto de Regeneraci\u00f3n del &nbsp;Parque Ecol\u00f3gico \u00abSixto Duran Ball\u00e9n\u00bb; obra que comenz\u00f3 con el evento simb\u00f3lico de la colocaci\u00f3n de la Primera Piedra el 1 de Noviembre ante una nutrida participaci\u00f3n [&#8230;]\n","protected":false},"author":3,"featured_media":0,"comment_status":"open","ping_status":"closed","sticky":false,"template":"","format":"standard","meta":{"footnotes":""},"categories":[264],"tags":[],"class_list":["post-1115","post","type-post","status-publish","format-standard","hentry","category-noticias"],"a3_pvc":{"activated":true,"total_views":86,"today_views":0},"yoast_head":"<!-- This site is optimized with the Yoast SEO Premium plugin v24.2 (Yoast SEO v27.4) - https:\/\/yoast.com\/product\/yoast-seo-premium-wordpress\/ -->\n<title>Arranca proyecto de regeneraci\u00f3n del Parque Ecol\u00f3gico de Sta. Elena. - PachaMamita Ecuador<\/title>\n<meta name=\"robots\" content=\"index, follow, max-snippet:-1, max-image-preview:large, max-video-preview:-1\" \/>\n<link rel=\"canonical\" href=\"https:\/\/pachamamitaecu.org\/es_es\/2011\/11\/01\/the-project-to-regenerate-the-sta-elena-ecological-park-begins\/\" \/>\n<meta property=\"og:locale\" content=\"es_ES\" \/>\n<meta property=\"og:type\" content=\"article\" \/>\n<meta property=\"og:title\" content=\"Arranca proyecto de regeneraci\u00f3n del Parque Ecol\u00f3gico de Sta. Elena.\" \/>\n<meta property=\"og:description\" content=\"Un nuevo atractivo tur\u00edstico, con una inversi\u00f3n que se aproxima a los 2.4 millones de d\u00f3lares es lo que se aspira se constituya el Proyecto de Regeneraci\u00f3n del &nbsp;Parque Ecol\u00f3gico \u00abSixto Duran Ball\u00e9n\u00bb; obra que comenz\u00f3 con el evento simb\u00f3lico de la colocaci\u00f3n de la Primera Piedra el 1 de Noviembre ante una nutrida participaci\u00f3n [...]\" \/>\n<meta property=\"og:url\" content=\"https:\/\/pachamamitaecu.org\/es_es\/2011\/11\/01\/the-project-to-regenerate-the-sta-elena-ecological-park-begins\/\" \/>\n<meta property=\"og:site_name\" content=\"PachaMamita Ecuador\" \/>\n<meta property=\"article:publisher\" content=\"https:\/\/www.facebook.com\/pachamamitaecu\" \/>\n<meta property=\"article:published_time\" content=\"2011-11-01T21:39:00+00:00\" \/>\n<meta property=\"og:image\" content=\"http:\/\/3.bp.blogspot.com\/-ibLqIVKRyLw\/TrBmWtuvpAI\/AAAAAAAABfY\/Wphq7jmE810\/s320\/310632_164594176952591_100002060284723_339292_3114786_n.jpg\" \/>\n<meta name=\"author\" content=\"PachaMamita EC\" \/>\n<meta name=\"twitter:card\" content=\"summary_large_image\" \/>\n<meta name=\"twitter:label1\" content=\"Escrito por\" \/>\n\t<meta name=\"twitter:data1\" content=\"PachaMamita EC\" \/>\n\t<meta name=\"twitter:label2\" content=\"Tiempo de lectura\" \/>\n\t<meta name=\"twitter:data2\" content=\"2 minutos\" \/>\n<script type=\"application\/ld+json\" class=\"yoast-schema-graph\">{\"@context\":\"https:\\\/\\\/schema.org\",\"@graph\":[{\"@type\":\"Article\",\"@id\":\"https:\\\/\\\/pachamamitaecu.org\\\/en\\\/2011\\\/11\\\/01\\\/the-project-to-regenerate-the-sta-elena-ecological-park-begins\\\/#article\",\"isPartOf\":{\"@id\":\"https:\\\/\\\/pachamamitaecu.org\\\/en\\\/2011\\\/11\\\/01\\\/the-project-to-regenerate-the-sta-elena-ecological-park-begins\\\/\"},\"author\":{\"name\":\"PachaMamita EC\",\"@id\":\"https:\\\/\\\/pachamamitaecu.org\\\/es_es\\\/#\\\/schema\\\/person\\\/e8b42afae2451fadab5e0295f02c4593\"},\"headline\":\"Arranca proyecto de regeneraci\u00f3n del Parque Ecol\u00f3gico de Sta. Elena.\",\"datePublished\":\"2011-11-01T21:39:00+00:00\",\"mainEntityOfPage\":{\"@id\":\"https:\\\/\\\/pachamamitaecu.org\\\/en\\\/2011\\\/11\\\/01\\\/the-project-to-regenerate-the-sta-elena-ecological-park-begins\\\/\"},\"wordCount\":369,\"commentCount\":0,\"publisher\":{\"@id\":\"https:\\\/\\\/pachamamitaecu.org\\\/es_es\\\/#organization\"},\"image\":{\"@id\":\"https:\\\/\\\/pachamamitaecu.org\\\/en\\\/2011\\\/11\\\/01\\\/the-project-to-regenerate-the-sta-elena-ecological-park-begins\\\/#primaryimage\"},\"thumbnailUrl\":\"http:\\\/\\\/3.bp.blogspot.com\\\/-ibLqIVKRyLw\\\/TrBmWtuvpAI\\\/AAAAAAAABfY\\\/Wphq7jmE810\\\/s320\\\/310632_164594176952591_100002060284723_339292_3114786_n.jpg\",\"articleSection\":[\"noticias\"],\"inLanguage\":\"es\",\"potentialAction\":[{\"@type\":\"CommentAction\",\"name\":\"Comment\",\"target\":[\"https:\\\/\\\/pachamamitaecu.org\\\/en\\\/2011\\\/11\\\/01\\\/the-project-to-regenerate-the-sta-elena-ecological-park-begins\\\/#respond\"]}]},{\"@type\":\"WebPage\",\"@id\":\"https:\\\/\\\/pachamamitaecu.org\\\/en\\\/2011\\\/11\\\/01\\\/the-project-to-regenerate-the-sta-elena-ecological-park-begins\\\/\",\"url\":\"https:\\\/\\\/pachamamitaecu.org\\\/en\\\/2011\\\/11\\\/01\\\/the-project-to-regenerate-the-sta-elena-ecological-park-begins\\\/\",\"name\":\"Arranca proyecto de regeneraci\u00f3n del Parque Ecol\u00f3gico de Sta. Elena. - PachaMamita Ecuador\",\"isPartOf\":{\"@id\":\"https:\\\/\\\/pachamamitaecu.org\\\/es_es\\\/#website\"},\"primaryImageOfPage\":{\"@id\":\"https:\\\/\\\/pachamamitaecu.org\\\/en\\\/2011\\\/11\\\/01\\\/the-project-to-regenerate-the-sta-elena-ecological-park-begins\\\/#primaryimage\"},\"image\":{\"@id\":\"https:\\\/\\\/pachamamitaecu.org\\\/en\\\/2011\\\/11\\\/01\\\/the-project-to-regenerate-the-sta-elena-ecological-park-begins\\\/#primaryimage\"},\"thumbnailUrl\":\"http:\\\/\\\/3.bp.blogspot.com\\\/-ibLqIVKRyLw\\\/TrBmWtuvpAI\\\/AAAAAAAABfY\\\/Wphq7jmE810\\\/s320\\\/310632_164594176952591_100002060284723_339292_3114786_n.jpg\",\"datePublished\":\"2011-11-01T21:39:00+00:00\",\"breadcrumb\":{\"@id\":\"https:\\\/\\\/pachamamitaecu.org\\\/en\\\/2011\\\/11\\\/01\\\/the-project-to-regenerate-the-sta-elena-ecological-park-begins\\\/#breadcrumb\"},\"inLanguage\":\"es\",\"potentialAction\":[{\"@type\":\"ReadAction\",\"target\":[\"https:\\\/\\\/pachamamitaecu.org\\\/en\\\/2011\\\/11\\\/01\\\/the-project-to-regenerate-the-sta-elena-ecological-park-begins\\\/\"]}]},{\"@type\":\"ImageObject\",\"inLanguage\":\"es\",\"@id\":\"https:\\\/\\\/pachamamitaecu.org\\\/en\\\/2011\\\/11\\\/01\\\/the-project-to-regenerate-the-sta-elena-ecological-park-begins\\\/#primaryimage\",\"url\":\"http:\\\/\\\/3.bp.blogspot.com\\\/-ibLqIVKRyLw\\\/TrBmWtuvpAI\\\/AAAAAAAABfY\\\/Wphq7jmE810\\\/s320\\\/310632_164594176952591_100002060284723_339292_3114786_n.jpg\",\"contentUrl\":\"http:\\\/\\\/3.bp.blogspot.com\\\/-ibLqIVKRyLw\\\/TrBmWtuvpAI\\\/AAAAAAAABfY\\\/Wphq7jmE810\\\/s320\\\/310632_164594176952591_100002060284723_339292_3114786_n.jpg\"},{\"@type\":\"BreadcrumbList\",\"@id\":\"https:\\\/\\\/pachamamitaecu.org\\\/en\\\/2011\\\/11\\\/01\\\/the-project-to-regenerate-the-sta-elena-ecological-park-begins\\\/#breadcrumb\",\"itemListElement\":[{\"@type\":\"ListItem\",\"position\":1,\"name\":\"Portada\",\"item\":\"https:\\\/\\\/pachamamitaecu.org\\\/es_es\\\/\"},{\"@type\":\"ListItem\",\"position\":2,\"name\":\"Arranca proyecto de regeneraci\u00f3n del Parque Ecol\u00f3gico de Sta. Elena.\"}]},{\"@type\":\"WebSite\",\"@id\":\"https:\\\/\\\/pachamamitaecu.org\\\/es_es\\\/#website\",\"url\":\"https:\\\/\\\/pachamamitaecu.org\\\/es_es\\\/\",\"name\":\"PachaMamita Ecuador\",\"description\":\"CULTURA. AGROECOLOG\u00cdA. TURISMO Y CONSUMO RESPONSABLE-ECUADOR.\",\"publisher\":{\"@id\":\"https:\\\/\\\/pachamamitaecu.org\\\/es_es\\\/#organization\"},\"potentialAction\":[{\"@type\":\"SearchAction\",\"target\":{\"@type\":\"EntryPoint\",\"urlTemplate\":\"https:\\\/\\\/pachamamitaecu.org\\\/es_es\\\/?s={search_term_string}\"},\"query-input\":{\"@type\":\"PropertyValueSpecification\",\"valueRequired\":true,\"valueName\":\"search_term_string\"}}],\"inLanguage\":\"es\"},{\"@type\":\"Organization\",\"@id\":\"https:\\\/\\\/pachamamitaecu.org\\\/es_es\\\/#organization\",\"name\":\"PachaMamita Ecuador\",\"url\":\"https:\\\/\\\/pachamamitaecu.org\\\/es_es\\\/\",\"logo\":{\"@type\":\"ImageObject\",\"inLanguage\":\"es\",\"@id\":\"https:\\\/\\\/pachamamitaecu.org\\\/es_es\\\/#\\\/schema\\\/logo\\\/image\\\/\",\"url\":\"https:\\\/\\\/pachamamitaecu.org\\\/wp-content\\\/uploads\\\/2024\\\/04\\\/cropped-Diseno-sin-titulo-13.png\",\"contentUrl\":\"https:\\\/\\\/pachamamitaecu.org\\\/wp-content\\\/uploads\\\/2024\\\/04\\\/cropped-Diseno-sin-titulo-13.png\",\"width\":512,\"height\":512,\"caption\":\"PachaMamita Ecuador\"},\"image\":{\"@id\":\"https:\\\/\\\/pachamamitaecu.org\\\/es_es\\\/#\\\/schema\\\/logo\\\/image\\\/\"},\"sameAs\":[\"https:\\\/\\\/www.facebook.com\\\/pachamamitaecu\"]},{\"@type\":\"Person\",\"@id\":\"https:\\\/\\\/pachamamitaecu.org\\\/es_es\\\/#\\\/schema\\\/person\\\/e8b42afae2451fadab5e0295f02c4593\",\"name\":\"PachaMamita EC\",\"image\":{\"@type\":\"ImageObject\",\"inLanguage\":\"es\",\"@id\":\"https:\\\/\\\/pachamamitaecu.org\\\/wp-content\\\/litespeed\\\/avatar\\\/23494c9101089ad44ae88ce9d2f56aac.jpg?ver=1777350952\",\"url\":\"https:\\\/\\\/pachamamitaecu.org\\\/wp-content\\\/litespeed\\\/avatar\\\/23494c9101089ad44ae88ce9d2f56aac.jpg?ver=1777350952\",\"contentUrl\":\"https:\\\/\\\/pachamamitaecu.org\\\/wp-content\\\/litespeed\\\/avatar\\\/23494c9101089ad44ae88ce9d2f56aac.jpg?ver=1777350952\",\"caption\":\"PachaMamita EC\"},\"url\":\"https:\\\/\\\/pachamamitaecu.org\\\/es_es\\\/author\\\/pachamamita-ec\\\/\"}]}<\/script>\n<!-- \/ Yoast SEO Premium plugin. -->","yoast_head_json":{"title":"Arranca proyecto de regeneraci\u00f3n del Parque Ecol\u00f3gico de Sta. Elena. - PachaMamita Ecuador","robots":{"index":"index","follow":"follow","max-snippet":"max-snippet:-1","max-image-preview":"max-image-preview:large","max-video-preview":"max-video-preview:-1"},"canonical":"https:\/\/pachamamitaecu.org\/es_es\/2011\/11\/01\/the-project-to-regenerate-the-sta-elena-ecological-park-begins\/","og_locale":"es_ES","og_type":"article","og_title":"Arranca proyecto de regeneraci\u00f3n del Parque Ecol\u00f3gico de Sta. Elena.","og_description":"Un nuevo atractivo tur\u00edstico, con una inversi\u00f3n que se aproxima a los 2.4 millones de d\u00f3lares es lo que se aspira se constituya el Proyecto de Regeneraci\u00f3n del &nbsp;Parque Ecol\u00f3gico \u00abSixto Duran Ball\u00e9n\u00bb; obra que comenz\u00f3 con el evento simb\u00f3lico de la colocaci\u00f3n de la Primera Piedra el 1 de Noviembre ante una nutrida participaci\u00f3n [...]","og_url":"https:\/\/pachamamitaecu.org\/es_es\/2011\/11\/01\/the-project-to-regenerate-the-sta-elena-ecological-park-begins\/","og_site_name":"PachaMamita Ecuador","article_publisher":"https:\/\/www.facebook.com\/pachamamitaecu","article_published_time":"2011-11-01T21:39:00+00:00","og_image":[{"url":"http:\/\/3.bp.blogspot.com\/-ibLqIVKRyLw\/TrBmWtuvpAI\/AAAAAAAABfY\/Wphq7jmE810\/s320\/310632_164594176952591_100002060284723_339292_3114786_n.jpg","type":"","width":"","height":""}],"author":"PachaMamita EC","twitter_card":"summary_large_image","twitter_misc":{"Escrito por":"PachaMamita EC","Tiempo de lectura":"2 minutos"},"schema":{"@context":"https:\/\/schema.org","@graph":[{"@type":"Article","@id":"https:\/\/pachamamitaecu.org\/en\/2011\/11\/01\/the-project-to-regenerate-the-sta-elena-ecological-park-begins\/#article","isPartOf":{"@id":"https:\/\/pachamamitaecu.org\/en\/2011\/11\/01\/the-project-to-regenerate-the-sta-elena-ecological-park-begins\/"},"author":{"name":"PachaMamita EC","@id":"https:\/\/pachamamitaecu.org\/es_es\/#\/schema\/person\/e8b42afae2451fadab5e0295f02c4593"},"headline":"Arranca proyecto de regeneraci\u00f3n del Parque Ecol\u00f3gico de Sta. Elena.","datePublished":"2011-11-01T21:39:00+00:00","mainEntityOfPage":{"@id":"https:\/\/pachamamitaecu.org\/en\/2011\/11\/01\/the-project-to-regenerate-the-sta-elena-ecological-park-begins\/"},"wordCount":369,"commentCount":0,"publisher":{"@id":"https:\/\/pachamamitaecu.org\/es_es\/#organization"},"image":{"@id":"https:\/\/pachamamitaecu.org\/en\/2011\/11\/01\/the-project-to-regenerate-the-sta-elena-ecological-park-begins\/#primaryimage"},"thumbnailUrl":"http:\/\/3.bp.blogspot.com\/-ibLqIVKRyLw\/TrBmWtuvpAI\/AAAAAAAABfY\/Wphq7jmE810\/s320\/310632_164594176952591_100002060284723_339292_3114786_n.jpg","articleSection":["noticias"],"inLanguage":"es","potentialAction":[{"@type":"CommentAction","name":"Comment","target":["https:\/\/pachamamitaecu.org\/en\/2011\/11\/01\/the-project-to-regenerate-the-sta-elena-ecological-park-begins\/#respond"]}]},{"@type":"WebPage","@id":"https:\/\/pachamamitaecu.org\/en\/2011\/11\/01\/the-project-to-regenerate-the-sta-elena-ecological-park-begins\/","url":"https:\/\/pachamamitaecu.org\/en\/2011\/11\/01\/the-project-to-regenerate-the-sta-elena-ecological-park-begins\/","name":"Arranca proyecto de regeneraci\u00f3n del Parque Ecol\u00f3gico de Sta. Elena. - PachaMamita Ecuador","isPartOf":{"@id":"https:\/\/pachamamitaecu.org\/es_es\/#website"},"primaryImageOfPage":{"@id":"https:\/\/pachamamitaecu.org\/en\/2011\/11\/01\/the-project-to-regenerate-the-sta-elena-ecological-park-begins\/#primaryimage"},"image":{"@id":"https:\/\/pachamamitaecu.org\/en\/2011\/11\/01\/the-project-to-regenerate-the-sta-elena-ecological-park-begins\/#primaryimage"},"thumbnailUrl":"http:\/\/3.bp.blogspot.com\/-ibLqIVKRyLw\/TrBmWtuvpAI\/AAAAAAAABfY\/Wphq7jmE810\/s320\/310632_164594176952591_100002060284723_339292_3114786_n.jpg","datePublished":"2011-11-01T21:39:00+00:00","breadcrumb":{"@id":"https:\/\/pachamamitaecu.org\/en\/2011\/11\/01\/the-project-to-regenerate-the-sta-elena-ecological-park-begins\/#breadcrumb"},"inLanguage":"es","potentialAction":[{"@type":"ReadAction","target":["https:\/\/pachamamitaecu.org\/en\/2011\/11\/01\/the-project-to-regenerate-the-sta-elena-ecological-park-begins\/"]}]},{"@type":"ImageObject","inLanguage":"es","@id":"https:\/\/pachamamitaecu.org\/en\/2011\/11\/01\/the-project-to-regenerate-the-sta-elena-ecological-park-begins\/#primaryimage","url":"http:\/\/3.bp.blogspot.com\/-ibLqIVKRyLw\/TrBmWtuvpAI\/AAAAAAAABfY\/Wphq7jmE810\/s320\/310632_164594176952591_100002060284723_339292_3114786_n.jpg","contentUrl":"http:\/\/3.bp.blogspot.com\/-ibLqIVKRyLw\/TrBmWtuvpAI\/AAAAAAAABfY\/Wphq7jmE810\/s320\/310632_164594176952591_100002060284723_339292_3114786_n.jpg"},{"@type":"BreadcrumbList","@id":"https:\/\/pachamamitaecu.org\/en\/2011\/11\/01\/the-project-to-regenerate-the-sta-elena-ecological-park-begins\/#breadcrumb","itemListElement":[{"@type":"ListItem","position":1,"name":"Portada","item":"https:\/\/pachamamitaecu.org\/es_es\/"},{"@type":"ListItem","position":2,"name":"Arranca proyecto de regeneraci\u00f3n del Parque Ecol\u00f3gico de Sta. Elena."}]},{"@type":"WebSite","@id":"https:\/\/pachamamitaecu.org\/es_es\/#website","url":"https:\/\/pachamamitaecu.org\/es_es\/","name":"PachaMamita Ecuador","description":"CULTURA. AGROECOLOG\u00cdA. TURISMO Y CONSUMO RESPONSABLE-ECUADOR.","publisher":{"@id":"https:\/\/pachamamitaecu.org\/es_es\/#organization"},"potentialAction":[{"@type":"SearchAction","target":{"@type":"EntryPoint","urlTemplate":"https:\/\/pachamamitaecu.org\/es_es\/?s={search_term_string}"},"query-input":{"@type":"PropertyValueSpecification","valueRequired":true,"valueName":"search_term_string"}}],"inLanguage":"es"},{"@type":"Organization","@id":"https:\/\/pachamamitaecu.org\/es_es\/#organization","name":"PachaMamita Ecuador","url":"https:\/\/pachamamitaecu.org\/es_es\/","logo":{"@type":"ImageObject","inLanguage":"es","@id":"https:\/\/pachamamitaecu.org\/es_es\/#\/schema\/logo\/image\/","url":"https:\/\/pachamamitaecu.org\/wp-content\/uploads\/2024\/04\/cropped-Diseno-sin-titulo-13.png","contentUrl":"https:\/\/pachamamitaecu.org\/wp-content\/uploads\/2024\/04\/cropped-Diseno-sin-titulo-13.png","width":512,"height":512,"caption":"PachaMamita Ecuador"},"image":{"@id":"https:\/\/pachamamitaecu.org\/es_es\/#\/schema\/logo\/image\/"},"sameAs":["https:\/\/www.facebook.com\/pachamamitaecu"]},{"@type":"Person","@id":"https:\/\/pachamamitaecu.org\/es_es\/#\/schema\/person\/e8b42afae2451fadab5e0295f02c4593","name":"PachaMamita EC","image":{"@type":"ImageObject","inLanguage":"es","@id":"https:\/\/pachamamitaecu.org\/wp-content\/litespeed\/avatar\/23494c9101089ad44ae88ce9d2f56aac.jpg?ver=1777350952","url":"https:\/\/pachamamitaecu.org\/wp-content\/litespeed\/avatar\/23494c9101089ad44ae88ce9d2f56aac.jpg?ver=1777350952","contentUrl":"https:\/\/pachamamitaecu.org\/wp-content\/litespeed\/avatar\/23494c9101089ad44ae88ce9d2f56aac.jpg?ver=1777350952","caption":"PachaMamita EC"},"url":"https:\/\/pachamamitaecu.org\/es_es\/author\/pachamamita-ec\/"}]}},"_links":{"self":[{"href":"https:\/\/pachamamitaecu.org\/es_es\/wp-json\/wp\/v2\/posts\/1115","targetHints":{"allow":["GET"]}}],"collection":[{"href":"https:\/\/pachamamitaecu.org\/es_es\/wp-json\/wp\/v2\/posts"}],"about":[{"href":"https:\/\/pachamamitaecu.org\/es_es\/wp-json\/wp\/v2\/types\/post"}],"author":[{"embeddable":true,"href":"https:\/\/pachamamitaecu.org\/es_es\/wp-json\/wp\/v2\/users\/3"}],"replies":[{"embeddable":true,"href":"https:\/\/pachamamitaecu.org\/es_es\/wp-json\/wp\/v2\/comments?post=1115"}],"version-history":[{"count":0,"href":"https:\/\/pachamamitaecu.org\/es_es\/wp-json\/wp\/v2\/posts\/1115\/revisions"}],"wp:attachment":[{"href":"https:\/\/pachamamitaecu.org\/es_es\/wp-json\/wp\/v2\/media?parent=1115"}],"wp:term":[{"taxonomy":"category","embeddable":true,"href":"https:\/\/pachamamitaecu.org\/es_es\/wp-json\/wp\/v2\/categories?post=1115"},{"taxonomy":"post_tag","embeddable":true,"href":"https:\/\/pachamamitaecu.org\/es_es\/wp-json\/wp\/v2\/tags?post=1115"}],"curies":[{"name":"wp","href":"https:\/\/api.w.org\/{rel}","templated":true}]}}