{"id":1119,"date":"2011-10-28T15:30:00","date_gmt":"2011-10-28T15:30:00","guid":{"rendered":"http:\/\/pachamamitaecu-org-720647.hostingersite.com\/2011\/10\/28\/sarayaku-defensores-de-la-selva-este-y-todos-los-sabados-en-guayaquil\/"},"modified":"2024-04-16T03:02:45","modified_gmt":"2024-04-16T03:02:45","slug":"sarayaku-defensores-de-la-selva-este-y-todos-los-sabados-en-guayaquil","status":"publish","type":"post","link":"https:\/\/pachamamitaecu.org\/es_es\/2011\/10\/28\/sarayaku-defensores-de-la-selva-este-y-todos-los-sabados-en-guayaquil\/","title":{"rendered":"Sarayaku, Defensores de la Selva. Este y todos los s\u00e1bados en Guayaquil."},"content":{"rendered":"<div dir=\"ltr\" style=\"text-align: left;\"><div style=\"clear: both; text-align: center;\"><a href=\"http:\/\/1.bp.blogspot.com\/-RyzJWvLN-HM\/TqrKNYo-YxI\/AAAAAAAABew\/xOZx9h5wYjY\/s1600\/291989_181419008595457_179313028806055_446410_4768040_n.jpg\" style=\"clear: left; float: left; margin-bottom: 1em; margin-right: 1em;\"><img decoding=\"async\" border=\"0\" data-src=\"http:\/\/1.bp.blogspot.com\/-RyzJWvLN-HM\/TqrKNYo-YxI\/AAAAAAAABew\/xOZx9h5wYjY\/s320\/291989_181419008595457_179313028806055_446410_4768040_n.jpg\" height=\"320\" width=\"209\" src=\"data:image\/svg+xml;base64,PHN2ZyB3aWR0aD0iMSIgaGVpZ2h0PSIxIiB4bWxucz0iaHR0cDovL3d3dy53My5vcmcvMjAwMC9zdmciPjwvc3ZnPg==\" class=\"lazyload\" style=\"--smush-placeholder-width: 209px; --smush-placeholder-aspect-ratio: 209\/320;\" \/><\/a><\/div><span style=\"font-family: Times, 'Times New Roman', serif; font-size: large;\"><\/span><br \/><div style=\"text-align: justify;\"><span style=\"font-family: Georgia, Times New Roman, serif;\">Jovenes guayaquile\u00f1os, unidos por el deseo de realizar activismo ambiental en favor de los \u00faltimos vestigios de selva v\u00edrgen de Ecuador y los pueblos que alli habitan (al menos 5 etnias diferentes) que se ven amenazados por la nueva ronda de licitaciones de bloques petroleros que el gobierno de Ecuador abrir\u00e1 desde finales de este mes, han anunciado que se mantendr\u00e1n en una vigilia constante que se ver\u00e1 reflejada en acciones de difusi\u00f3n de la problem\u00e1tica en diferentes puntos de la capital econ\u00f3mica del pa\u00eds: Guayaquil.<\/span><\/div><div style=\"text-align: justify;\"><span style=\"font-family: Georgia, Times New Roman, serif;\"><br \/><\/span><\/div><div style=\"text-align: justify;\"><span style=\"font-family: Georgia, Times New Roman, serif;\">Dom\u00e9nica Chavez , una de las organizadoras manifest\u00f3 que \u00abhay que erradicar los falsos conceptos que la parte interesada en explotar y extraer el crudo est\u00e1n manejando con el aparato medi\u00e1tico, como es el  de las \u00abtecnolog\u00edas de punta\u00bb. Estas tecnolog\u00edas, a\u00f1ade la organizadora, se ha comprobado cada semana que no sirven para evitar contaminar \u00e1reas fr\u00e1giles, la prueba son los cont\u00ednuos derrames que ocurren alrededor del mundo, hay que ser muy incauto y con un m\u00ednimo de pensamiento l\u00f3gico como para cre\u00e9rselas que si no pueden evitar derrames en lugares pr\u00f3ximos a donde las grandes compa\u00f1ias tienen sus sedes, lo har\u00e1n en nuestro pa\u00eds; concluye.<\/span><\/div><br \/><div style=\"text-align: justify;\"><span style=\"font-family: Georgia, Times New Roman, serif;\"><br \/><\/span><\/div><div><div style=\"text-align: justify;\"><span style=\"font-family: Georgia, Times New Roman, serif;\">Mientras tanto Jorge Alvarenga, otro de los activistas organizadores insiste \u00abque el mismo Presidente de Ecuador critica por la ineficiencia de los procesos a Petroecuador y por otro lado quiere que esa sea una de las compa\u00f1ias que se reparte la torta de esta licitaci\u00f3n a cambio de nuestra cultura y biodiversidad\u00bb y le pide coherencia al mostrar una im\u00e1gen de nuestro pr\u00f3posito como pa\u00eds en cuanto a energ\u00edas y conservaci\u00f3n de biodiversidad promocionando el ITT Yasun\u00ed y por ac\u00e1 y saltando consulta previa y otros puntos que se establecen en la Constituci\u00f3n y Tratados Internacionales querer ampliar la frontera petrolera, so pretexto del \u00abdesarrollo y progreso\u00bb.<\/span><\/div><span style=\"font-family: Georgia, Times New Roman, serif;\"><\/span><br \/><div style=\"text-align: justify;\"><span style=\"font-family: Georgia, Times New Roman, serif;\"><br \/><\/span><\/div><div style=\"text-align: justify;\"><span style=\"font-family: Georgia, Times New Roman, serif;\">Por estos motivos, los j\u00f3venes activistas guayaquile\u00f1os estar\u00e1n repartiendo informaci\u00f3n y dando conocer la situaci\u00f3n a la ciudadan\u00eda guayaquile\u00f1a, este y todos los s\u00e1bados desde las 18 horas en &nbsp;Las Pe\u00f1as, piso blanco ( sector donde se realiza teatro callejero) a lado deL M.A.A.C &nbsp;al final del Malec\u00f3n Sim\u00f3n Bol\u00edvar. Adem\u00e1s de otros sectores donde llegar\u00e1n de sorpresa con carteles y fanzines.&nbsp;<\/span><\/div><\/div><div style=\"text-align: justify;\"><span style=\"font-family: Georgia, Times New Roman, serif;\"><br \/><\/span><\/div><div><div style=\"text-align: justify;\"><span style=\"font-family: Georgia, Times New Roman, serif;\">Semanas atr\u00e1s y coincidiendo con las fiestas de Guayaquil ya hubo una actividad grande de difusi\u00f3n que fu\u00e9 continuaci\u00f3n de otras que se vienen dando en diferentes ciudades.&nbsp;<\/span><\/div><span style=\"font-family: Georgia, Times New Roman, serif;\"><\/span><br \/><div style=\"text-align: justify;\"><span style=\"font-family: Georgia, Times New Roman, serif;\"><br \/><\/span><\/div><span style=\"font-family: Georgia, Times New Roman, serif;\"><div style=\"text-align: justify;\">La joven activista Mado Navarro, a\u00f1ade a manera de pregunta de concienciaci\u00f3n:<br \/><br \/><\/div><\/span><\/div><div><div style=\"text-align: justify;\"><span style=\"font-family: Georgia, Times New Roman, serif;\">Por qu\u00e9 poner el dinero por encima de nuestras vidas?<\/span><\/div><span style=\"font-family: Georgia, Times New Roman, serif;\"><\/span><br \/><div style=\"text-align: justify;\"><span style=\"font-family: Georgia, Times New Roman, serif;\">Acaso la vida de nuestros ind\u00edgenas vale menos que el petr\u00f3leo?<\/span><\/div><div style=\"text-align: justify;\"><span style=\"font-family: Georgia, Times New Roman, serif;\">Acaso la contaminaci\u00f3n de la selva no tiene repercusi\u00f3n en la crisis ambiental que estamos &nbsp;viviendo ahora en el planeta?<\/span><\/div><\/div><div style=\"text-align: justify;\"><span style=\"font-family: Georgia, Times New Roman, serif;\"><br \/><\/span><\/div><div><div style=\"text-align: justify;\"><span style=\"font-family: Georgia, Times New Roman, serif;\">Si quieres mantenerte informado \u00fanete al fan page <a href=\"http:\/\/www.facebook.com\/FestivalResisteSarayacu\">Resiste Sarayaku; &nbsp;no m\u00e1s bloques petroleros en la selva v\u00edrgen de Ecuador.<\/a><\/span><\/div><span style=\"font-family: Georgia, Times New Roman, serif;\"><\/span><br \/><div style=\"text-align: justify;\"><span style=\"font-family: Georgia, Times New Roman, serif;\"><br \/><\/span><\/div><div style=\"text-align: justify;\"><span style=\"font-family: Georgia, Times New Roman, serif;\">O en la secci\u00f3n <a href=\"http:\/\/www.ballenitasi.org\/p\/pueblos-originarios-amazonicos-del.html\">Pueblos en Resistencia&nbsp;<\/a><\/span><\/div><\/div><\/div><div class=\"pvc_clear\"><\/div><p id=\"pvc_stats_1119\" class=\"pvc_stats total_only  \" data-element-id=\"1119\" style=\"\"><i class=\"pvc-stats-icon medium\" aria-hidden=\"true\"><svg aria-hidden=\"true\" focusable=\"false\" data-prefix=\"far\" data-icon=\"chart-bar\" role=\"img\" xmlns=\"http:\/\/www.w3.org\/2000\/svg\" viewBox=\"0 0 512 512\" class=\"svg-inline--fa fa-chart-bar fa-w-16 fa-2x\"><path fill=\"currentColor\" d=\"M396.8 352h22.4c6.4 0 12.8-6.4 12.8-12.8V108.8c0-6.4-6.4-12.8-12.8-12.8h-22.4c-6.4 0-12.8 6.4-12.8 12.8v230.4c0 6.4 6.4 12.8 12.8 12.8zm-192 0h22.4c6.4 0 12.8-6.4 12.8-12.8V140.8c0-6.4-6.4-12.8-12.8-12.8h-22.4c-6.4 0-12.8 6.4-12.8 12.8v198.4c0 6.4 6.4 12.8 12.8 12.8zm96 0h22.4c6.4 0 12.8-6.4 12.8-12.8V204.8c0-6.4-6.4-12.8-12.8-12.8h-22.4c-6.4 0-12.8 6.4-12.8 12.8v134.4c0 6.4 6.4 12.8 12.8 12.8zM496 400H48V80c0-8.84-7.16-16-16-16H16C7.16 64 0 71.16 0 80v336c0 17.67 14.33 32 32 32h464c8.84 0 16-7.16 16-16v-16c0-8.84-7.16-16-16-16zm-387.2-48h22.4c6.4 0 12.8-6.4 12.8-12.8v-70.4c0-6.4-6.4-12.8-12.8-12.8h-22.4c-6.4 0-12.8 6.4-12.8 12.8v70.4c0 6.4 6.4 12.8 12.8 12.8z\" class=\"\"><\/path><\/svg><\/i> <img decoding=\"async\" width=\"16\" height=\"16\" alt=\"Loading\" data-src=\"https:\/\/pachamamitaecu.org\/wp-content\/plugins\/page-views-count\/ajax-loader-2x.gif\" border=0 src=\"data:image\/svg+xml;base64,PHN2ZyB3aWR0aD0iMSIgaGVpZ2h0PSIxIiB4bWxucz0iaHR0cDovL3d3dy53My5vcmcvMjAwMC9zdmciPjwvc3ZnPg==\" class=\"lazyload\" style=\"--smush-placeholder-width: 16px; --smush-placeholder-aspect-ratio: 16\/16;\" \/><\/p><div class=\"pvc_clear\"><\/div>","protected":false},"excerpt":{"rendered":"<p>Jovenes guayaquile\u00f1os, unidos por el deseo de realizar activismo ambiental en favor de los \u00faltimos vestigios de selva v\u00edrgen de Ecuador y los pueblos que alli habitan (al menos 5 etnias diferentes) que se ven amenazados por la nueva ronda de licitaciones de bloques petroleros que el gobierno de Ecuador abrir\u00e1 desde finales de este [&#8230;]\n","protected":false},"author":3,"featured_media":0,"comment_status":"closed","ping_status":"closed","sticky":false,"template":"","format":"standard","meta":{"footnotes":""},"categories":[159,264,410],"tags":[],"class_list":["post-1119","post","type-post","status-publish","format-standard","hentry","category-consumo-responsable","category-noticias","category-tecnologias-de-punta"],"a3_pvc":{"activated":true,"total_views":20,"today_views":0},"yoast_head":"<!-- This site is optimized with the Yoast SEO Premium plugin v24.2 (Yoast SEO v27.4) - https:\/\/yoast.com\/product\/yoast-seo-premium-wordpress\/ -->\n<title>Sarayaku, Defensores de la Selva. Este y todos los s\u00e1bados en Guayaquil. - PachaMamita Ecuador<\/title>\n<meta name=\"robots\" content=\"index, follow, max-snippet:-1, max-image-preview:large, max-video-preview:-1\" \/>\n<link rel=\"canonical\" href=\"https:\/\/pachamamitaecu.org\/es_es\/2011\/10\/28\/sarayaku-defenders-of-the-jungle-this-and-every-saturday-in-guayaquil\/\" \/>\n<meta property=\"og:locale\" content=\"es_ES\" \/>\n<meta property=\"og:type\" content=\"article\" \/>\n<meta property=\"og:title\" content=\"Sarayaku, Defensores de la Selva. Este y todos los s\u00e1bados en Guayaquil.\" \/>\n<meta property=\"og:description\" content=\"Jovenes guayaquile\u00f1os, unidos por el deseo de realizar activismo ambiental en favor de los \u00faltimos vestigios de selva v\u00edrgen de Ecuador y los pueblos que alli habitan (al menos 5 etnias diferentes) que se ven amenazados por la nueva ronda de licitaciones de bloques petroleros que el gobierno de Ecuador abrir\u00e1 desde finales de este [...]\" \/>\n<meta property=\"og:url\" content=\"https:\/\/pachamamitaecu.org\/es_es\/2011\/10\/28\/sarayaku-defenders-of-the-jungle-this-and-every-saturday-in-guayaquil\/\" \/>\n<meta property=\"og:site_name\" content=\"PachaMamita Ecuador\" \/>\n<meta property=\"article:publisher\" content=\"https:\/\/www.facebook.com\/pachamamitaecu\" \/>\n<meta property=\"article:published_time\" content=\"2011-10-28T15:30:00+00:00\" \/>\n<meta property=\"article:modified_time\" content=\"2024-04-16T03:02:45+00:00\" \/>\n<meta property=\"og:image\" content=\"http:\/\/1.bp.blogspot.com\/-RyzJWvLN-HM\/TqrKNYo-YxI\/AAAAAAAABew\/xOZx9h5wYjY\/s320\/291989_181419008595457_179313028806055_446410_4768040_n.jpg\" \/>\n<meta name=\"author\" content=\"PachaMamita EC\" \/>\n<meta name=\"twitter:card\" content=\"summary_large_image\" \/>\n<meta name=\"twitter:label1\" content=\"Escrito por\" \/>\n\t<meta name=\"twitter:data1\" content=\"PachaMamita EC\" \/>\n\t<meta name=\"twitter:label2\" content=\"Tiempo de lectura\" \/>\n\t<meta name=\"twitter:data2\" content=\"3 minutos\" \/>\n<script type=\"application\/ld+json\" class=\"yoast-schema-graph\">{\"@context\":\"https:\\\/\\\/schema.org\",\"@graph\":[{\"@type\":\"Article\",\"@id\":\"https:\\\/\\\/pachamamitaecu.org\\\/en\\\/2011\\\/10\\\/28\\\/sarayaku-defenders-of-the-jungle-this-and-every-saturday-in-guayaquil\\\/#article\",\"isPartOf\":{\"@id\":\"https:\\\/\\\/pachamamitaecu.org\\\/en\\\/2011\\\/10\\\/28\\\/sarayaku-defenders-of-the-jungle-this-and-every-saturday-in-guayaquil\\\/\"},\"author\":{\"name\":\"PachaMamita EC\",\"@id\":\"https:\\\/\\\/pachamamitaecu.org\\\/es_es\\\/#\\\/schema\\\/person\\\/e8b42afae2451fadab5e0295f02c4593\"},\"headline\":\"Sarayaku, Defensores de la Selva. Este y todos los s\u00e1bados en Guayaquil.\",\"datePublished\":\"2011-10-28T15:30:00+00:00\",\"dateModified\":\"2024-04-16T03:02:45+00:00\",\"mainEntityOfPage\":{\"@id\":\"https:\\\/\\\/pachamamitaecu.org\\\/en\\\/2011\\\/10\\\/28\\\/sarayaku-defenders-of-the-jungle-this-and-every-saturday-in-guayaquil\\\/\"},\"wordCount\":544,\"publisher\":{\"@id\":\"https:\\\/\\\/pachamamitaecu.org\\\/es_es\\\/#organization\"},\"image\":{\"@id\":\"https:\\\/\\\/pachamamitaecu.org\\\/en\\\/2011\\\/10\\\/28\\\/sarayaku-defenders-of-the-jungle-this-and-every-saturday-in-guayaquil\\\/#primaryimage\"},\"thumbnailUrl\":\"http:\\\/\\\/1.bp.blogspot.com\\\/-RyzJWvLN-HM\\\/TqrKNYo-YxI\\\/AAAAAAAABew\\\/xOZx9h5wYjY\\\/s320\\\/291989_181419008595457_179313028806055_446410_4768040_n.jpg\",\"articleSection\":[\"CONSUMO RESPONSABLE\",\"noticias\",\"tecnolog\u00edas de punta\"],\"inLanguage\":\"es\"},{\"@type\":\"WebPage\",\"@id\":\"https:\\\/\\\/pachamamitaecu.org\\\/en\\\/2011\\\/10\\\/28\\\/sarayaku-defenders-of-the-jungle-this-and-every-saturday-in-guayaquil\\\/\",\"url\":\"https:\\\/\\\/pachamamitaecu.org\\\/en\\\/2011\\\/10\\\/28\\\/sarayaku-defenders-of-the-jungle-this-and-every-saturday-in-guayaquil\\\/\",\"name\":\"Sarayaku, Defensores de la Selva. Este y todos los s\u00e1bados en Guayaquil. - PachaMamita Ecuador\",\"isPartOf\":{\"@id\":\"https:\\\/\\\/pachamamitaecu.org\\\/es_es\\\/#website\"},\"primaryImageOfPage\":{\"@id\":\"https:\\\/\\\/pachamamitaecu.org\\\/en\\\/2011\\\/10\\\/28\\\/sarayaku-defenders-of-the-jungle-this-and-every-saturday-in-guayaquil\\\/#primaryimage\"},\"image\":{\"@id\":\"https:\\\/\\\/pachamamitaecu.org\\\/en\\\/2011\\\/10\\\/28\\\/sarayaku-defenders-of-the-jungle-this-and-every-saturday-in-guayaquil\\\/#primaryimage\"},\"thumbnailUrl\":\"http:\\\/\\\/1.bp.blogspot.com\\\/-RyzJWvLN-HM\\\/TqrKNYo-YxI\\\/AAAAAAAABew\\\/xOZx9h5wYjY\\\/s320\\\/291989_181419008595457_179313028806055_446410_4768040_n.jpg\",\"datePublished\":\"2011-10-28T15:30:00+00:00\",\"dateModified\":\"2024-04-16T03:02:45+00:00\",\"breadcrumb\":{\"@id\":\"https:\\\/\\\/pachamamitaecu.org\\\/en\\\/2011\\\/10\\\/28\\\/sarayaku-defenders-of-the-jungle-this-and-every-saturday-in-guayaquil\\\/#breadcrumb\"},\"inLanguage\":\"es\",\"potentialAction\":[{\"@type\":\"ReadAction\",\"target\":[\"https:\\\/\\\/pachamamitaecu.org\\\/en\\\/2011\\\/10\\\/28\\\/sarayaku-defenders-of-the-jungle-this-and-every-saturday-in-guayaquil\\\/\"]}]},{\"@type\":\"ImageObject\",\"inLanguage\":\"es\",\"@id\":\"https:\\\/\\\/pachamamitaecu.org\\\/en\\\/2011\\\/10\\\/28\\\/sarayaku-defenders-of-the-jungle-this-and-every-saturday-in-guayaquil\\\/#primaryimage\",\"url\":\"http:\\\/\\\/1.bp.blogspot.com\\\/-RyzJWvLN-HM\\\/TqrKNYo-YxI\\\/AAAAAAAABew\\\/xOZx9h5wYjY\\\/s320\\\/291989_181419008595457_179313028806055_446410_4768040_n.jpg\",\"contentUrl\":\"http:\\\/\\\/1.bp.blogspot.com\\\/-RyzJWvLN-HM\\\/TqrKNYo-YxI\\\/AAAAAAAABew\\\/xOZx9h5wYjY\\\/s320\\\/291989_181419008595457_179313028806055_446410_4768040_n.jpg\"},{\"@type\":\"BreadcrumbList\",\"@id\":\"https:\\\/\\\/pachamamitaecu.org\\\/en\\\/2011\\\/10\\\/28\\\/sarayaku-defenders-of-the-jungle-this-and-every-saturday-in-guayaquil\\\/#breadcrumb\",\"itemListElement\":[{\"@type\":\"ListItem\",\"position\":1,\"name\":\"Portada\",\"item\":\"https:\\\/\\\/pachamamitaecu.org\\\/es_es\\\/\"},{\"@type\":\"ListItem\",\"position\":2,\"name\":\"Sarayaku, Defensores de la Selva. Este y todos los s\u00e1bados en Guayaquil.\"}]},{\"@type\":\"WebSite\",\"@id\":\"https:\\\/\\\/pachamamitaecu.org\\\/es_es\\\/#website\",\"url\":\"https:\\\/\\\/pachamamitaecu.org\\\/es_es\\\/\",\"name\":\"PachaMamita Ecuador\",\"description\":\"CULTURA. AGROECOLOG\u00cdA. TURISMO Y CONSUMO RESPONSABLE-ECUADOR.\",\"publisher\":{\"@id\":\"https:\\\/\\\/pachamamitaecu.org\\\/es_es\\\/#organization\"},\"potentialAction\":[{\"@type\":\"SearchAction\",\"target\":{\"@type\":\"EntryPoint\",\"urlTemplate\":\"https:\\\/\\\/pachamamitaecu.org\\\/es_es\\\/?s={search_term_string}\"},\"query-input\":{\"@type\":\"PropertyValueSpecification\",\"valueRequired\":true,\"valueName\":\"search_term_string\"}}],\"inLanguage\":\"es\"},{\"@type\":\"Organization\",\"@id\":\"https:\\\/\\\/pachamamitaecu.org\\\/es_es\\\/#organization\",\"name\":\"PachaMamita Ecuador\",\"url\":\"https:\\\/\\\/pachamamitaecu.org\\\/es_es\\\/\",\"logo\":{\"@type\":\"ImageObject\",\"inLanguage\":\"es\",\"@id\":\"https:\\\/\\\/pachamamitaecu.org\\\/es_es\\\/#\\\/schema\\\/logo\\\/image\\\/\",\"url\":\"https:\\\/\\\/pachamamitaecu.org\\\/wp-content\\\/uploads\\\/2024\\\/04\\\/cropped-Diseno-sin-titulo-13.png\",\"contentUrl\":\"https:\\\/\\\/pachamamitaecu.org\\\/wp-content\\\/uploads\\\/2024\\\/04\\\/cropped-Diseno-sin-titulo-13.png\",\"width\":512,\"height\":512,\"caption\":\"PachaMamita Ecuador\"},\"image\":{\"@id\":\"https:\\\/\\\/pachamamitaecu.org\\\/es_es\\\/#\\\/schema\\\/logo\\\/image\\\/\"},\"sameAs\":[\"https:\\\/\\\/www.facebook.com\\\/pachamamitaecu\"]},{\"@type\":\"Person\",\"@id\":\"https:\\\/\\\/pachamamitaecu.org\\\/es_es\\\/#\\\/schema\\\/person\\\/e8b42afae2451fadab5e0295f02c4593\",\"name\":\"PachaMamita EC\",\"image\":{\"@type\":\"ImageObject\",\"inLanguage\":\"es\",\"@id\":\"https:\\\/\\\/pachamamitaecu.org\\\/wp-content\\\/litespeed\\\/avatar\\\/23494c9101089ad44ae88ce9d2f56aac.jpg?ver=1777350952\",\"url\":\"https:\\\/\\\/pachamamitaecu.org\\\/wp-content\\\/litespeed\\\/avatar\\\/23494c9101089ad44ae88ce9d2f56aac.jpg?ver=1777350952\",\"contentUrl\":\"https:\\\/\\\/pachamamitaecu.org\\\/wp-content\\\/litespeed\\\/avatar\\\/23494c9101089ad44ae88ce9d2f56aac.jpg?ver=1777350952\",\"caption\":\"PachaMamita EC\"},\"url\":\"https:\\\/\\\/pachamamitaecu.org\\\/es_es\\\/author\\\/pachamamita-ec\\\/\"}]}<\/script>\n<!-- \/ Yoast SEO Premium plugin. -->","yoast_head_json":{"title":"Sarayaku, Defensores de la Selva. Este y todos los s\u00e1bados en Guayaquil. - PachaMamita Ecuador","robots":{"index":"index","follow":"follow","max-snippet":"max-snippet:-1","max-image-preview":"max-image-preview:large","max-video-preview":"max-video-preview:-1"},"canonical":"https:\/\/pachamamitaecu.org\/es_es\/2011\/10\/28\/sarayaku-defenders-of-the-jungle-this-and-every-saturday-in-guayaquil\/","og_locale":"es_ES","og_type":"article","og_title":"Sarayaku, Defensores de la Selva. Este y todos los s\u00e1bados en Guayaquil.","og_description":"Jovenes guayaquile\u00f1os, unidos por el deseo de realizar activismo ambiental en favor de los \u00faltimos vestigios de selva v\u00edrgen de Ecuador y los pueblos que alli habitan (al menos 5 etnias diferentes) que se ven amenazados por la nueva ronda de licitaciones de bloques petroleros que el gobierno de Ecuador abrir\u00e1 desde finales de este [...]","og_url":"https:\/\/pachamamitaecu.org\/es_es\/2011\/10\/28\/sarayaku-defenders-of-the-jungle-this-and-every-saturday-in-guayaquil\/","og_site_name":"PachaMamita Ecuador","article_publisher":"https:\/\/www.facebook.com\/pachamamitaecu","article_published_time":"2011-10-28T15:30:00+00:00","article_modified_time":"2024-04-16T03:02:45+00:00","og_image":[{"url":"http:\/\/1.bp.blogspot.com\/-RyzJWvLN-HM\/TqrKNYo-YxI\/AAAAAAAABew\/xOZx9h5wYjY\/s320\/291989_181419008595457_179313028806055_446410_4768040_n.jpg","type":"","width":"","height":""}],"author":"PachaMamita EC","twitter_card":"summary_large_image","twitter_misc":{"Escrito por":"PachaMamita EC","Tiempo de lectura":"3 minutos"},"schema":{"@context":"https:\/\/schema.org","@graph":[{"@type":"Article","@id":"https:\/\/pachamamitaecu.org\/en\/2011\/10\/28\/sarayaku-defenders-of-the-jungle-this-and-every-saturday-in-guayaquil\/#article","isPartOf":{"@id":"https:\/\/pachamamitaecu.org\/en\/2011\/10\/28\/sarayaku-defenders-of-the-jungle-this-and-every-saturday-in-guayaquil\/"},"author":{"name":"PachaMamita EC","@id":"https:\/\/pachamamitaecu.org\/es_es\/#\/schema\/person\/e8b42afae2451fadab5e0295f02c4593"},"headline":"Sarayaku, Defensores de la Selva. Este y todos los s\u00e1bados en Guayaquil.","datePublished":"2011-10-28T15:30:00+00:00","dateModified":"2024-04-16T03:02:45+00:00","mainEntityOfPage":{"@id":"https:\/\/pachamamitaecu.org\/en\/2011\/10\/28\/sarayaku-defenders-of-the-jungle-this-and-every-saturday-in-guayaquil\/"},"wordCount":544,"publisher":{"@id":"https:\/\/pachamamitaecu.org\/es_es\/#organization"},"image":{"@id":"https:\/\/pachamamitaecu.org\/en\/2011\/10\/28\/sarayaku-defenders-of-the-jungle-this-and-every-saturday-in-guayaquil\/#primaryimage"},"thumbnailUrl":"http:\/\/1.bp.blogspot.com\/-RyzJWvLN-HM\/TqrKNYo-YxI\/AAAAAAAABew\/xOZx9h5wYjY\/s320\/291989_181419008595457_179313028806055_446410_4768040_n.jpg","articleSection":["CONSUMO RESPONSABLE","noticias","tecnolog\u00edas de punta"],"inLanguage":"es"},{"@type":"WebPage","@id":"https:\/\/pachamamitaecu.org\/en\/2011\/10\/28\/sarayaku-defenders-of-the-jungle-this-and-every-saturday-in-guayaquil\/","url":"https:\/\/pachamamitaecu.org\/en\/2011\/10\/28\/sarayaku-defenders-of-the-jungle-this-and-every-saturday-in-guayaquil\/","name":"Sarayaku, Defensores de la Selva. Este y todos los s\u00e1bados en Guayaquil. - PachaMamita Ecuador","isPartOf":{"@id":"https:\/\/pachamamitaecu.org\/es_es\/#website"},"primaryImageOfPage":{"@id":"https:\/\/pachamamitaecu.org\/en\/2011\/10\/28\/sarayaku-defenders-of-the-jungle-this-and-every-saturday-in-guayaquil\/#primaryimage"},"image":{"@id":"https:\/\/pachamamitaecu.org\/en\/2011\/10\/28\/sarayaku-defenders-of-the-jungle-this-and-every-saturday-in-guayaquil\/#primaryimage"},"thumbnailUrl":"http:\/\/1.bp.blogspot.com\/-RyzJWvLN-HM\/TqrKNYo-YxI\/AAAAAAAABew\/xOZx9h5wYjY\/s320\/291989_181419008595457_179313028806055_446410_4768040_n.jpg","datePublished":"2011-10-28T15:30:00+00:00","dateModified":"2024-04-16T03:02:45+00:00","breadcrumb":{"@id":"https:\/\/pachamamitaecu.org\/en\/2011\/10\/28\/sarayaku-defenders-of-the-jungle-this-and-every-saturday-in-guayaquil\/#breadcrumb"},"inLanguage":"es","potentialAction":[{"@type":"ReadAction","target":["https:\/\/pachamamitaecu.org\/en\/2011\/10\/28\/sarayaku-defenders-of-the-jungle-this-and-every-saturday-in-guayaquil\/"]}]},{"@type":"ImageObject","inLanguage":"es","@id":"https:\/\/pachamamitaecu.org\/en\/2011\/10\/28\/sarayaku-defenders-of-the-jungle-this-and-every-saturday-in-guayaquil\/#primaryimage","url":"http:\/\/1.bp.blogspot.com\/-RyzJWvLN-HM\/TqrKNYo-YxI\/AAAAAAAABew\/xOZx9h5wYjY\/s320\/291989_181419008595457_179313028806055_446410_4768040_n.jpg","contentUrl":"http:\/\/1.bp.blogspot.com\/-RyzJWvLN-HM\/TqrKNYo-YxI\/AAAAAAAABew\/xOZx9h5wYjY\/s320\/291989_181419008595457_179313028806055_446410_4768040_n.jpg"},{"@type":"BreadcrumbList","@id":"https:\/\/pachamamitaecu.org\/en\/2011\/10\/28\/sarayaku-defenders-of-the-jungle-this-and-every-saturday-in-guayaquil\/#breadcrumb","itemListElement":[{"@type":"ListItem","position":1,"name":"Portada","item":"https:\/\/pachamamitaecu.org\/es_es\/"},{"@type":"ListItem","position":2,"name":"Sarayaku, Defensores de la Selva. Este y todos los s\u00e1bados en Guayaquil."}]},{"@type":"WebSite","@id":"https:\/\/pachamamitaecu.org\/es_es\/#website","url":"https:\/\/pachamamitaecu.org\/es_es\/","name":"PachaMamita Ecuador","description":"CULTURA. AGROECOLOG\u00cdA. TURISMO Y CONSUMO RESPONSABLE-ECUADOR.","publisher":{"@id":"https:\/\/pachamamitaecu.org\/es_es\/#organization"},"potentialAction":[{"@type":"SearchAction","target":{"@type":"EntryPoint","urlTemplate":"https:\/\/pachamamitaecu.org\/es_es\/?s={search_term_string}"},"query-input":{"@type":"PropertyValueSpecification","valueRequired":true,"valueName":"search_term_string"}}],"inLanguage":"es"},{"@type":"Organization","@id":"https:\/\/pachamamitaecu.org\/es_es\/#organization","name":"PachaMamita Ecuador","url":"https:\/\/pachamamitaecu.org\/es_es\/","logo":{"@type":"ImageObject","inLanguage":"es","@id":"https:\/\/pachamamitaecu.org\/es_es\/#\/schema\/logo\/image\/","url":"https:\/\/pachamamitaecu.org\/wp-content\/uploads\/2024\/04\/cropped-Diseno-sin-titulo-13.png","contentUrl":"https:\/\/pachamamitaecu.org\/wp-content\/uploads\/2024\/04\/cropped-Diseno-sin-titulo-13.png","width":512,"height":512,"caption":"PachaMamita Ecuador"},"image":{"@id":"https:\/\/pachamamitaecu.org\/es_es\/#\/schema\/logo\/image\/"},"sameAs":["https:\/\/www.facebook.com\/pachamamitaecu"]},{"@type":"Person","@id":"https:\/\/pachamamitaecu.org\/es_es\/#\/schema\/person\/e8b42afae2451fadab5e0295f02c4593","name":"PachaMamita EC","image":{"@type":"ImageObject","inLanguage":"es","@id":"https:\/\/pachamamitaecu.org\/wp-content\/litespeed\/avatar\/23494c9101089ad44ae88ce9d2f56aac.jpg?ver=1777350952","url":"https:\/\/pachamamitaecu.org\/wp-content\/litespeed\/avatar\/23494c9101089ad44ae88ce9d2f56aac.jpg?ver=1777350952","contentUrl":"https:\/\/pachamamitaecu.org\/wp-content\/litespeed\/avatar\/23494c9101089ad44ae88ce9d2f56aac.jpg?ver=1777350952","caption":"PachaMamita EC"},"url":"https:\/\/pachamamitaecu.org\/es_es\/author\/pachamamita-ec\/"}]}},"_links":{"self":[{"href":"https:\/\/pachamamitaecu.org\/es_es\/wp-json\/wp\/v2\/posts\/1119","targetHints":{"allow":["GET"]}}],"collection":[{"href":"https:\/\/pachamamitaecu.org\/es_es\/wp-json\/wp\/v2\/posts"}],"about":[{"href":"https:\/\/pachamamitaecu.org\/es_es\/wp-json\/wp\/v2\/types\/post"}],"author":[{"embeddable":true,"href":"https:\/\/pachamamitaecu.org\/es_es\/wp-json\/wp\/v2\/users\/3"}],"replies":[{"embeddable":true,"href":"https:\/\/pachamamitaecu.org\/es_es\/wp-json\/wp\/v2\/comments?post=1119"}],"version-history":[{"count":0,"href":"https:\/\/pachamamitaecu.org\/es_es\/wp-json\/wp\/v2\/posts\/1119\/revisions"}],"wp:attachment":[{"href":"https:\/\/pachamamitaecu.org\/es_es\/wp-json\/wp\/v2\/media?parent=1119"}],"wp:term":[{"taxonomy":"category","embeddable":true,"href":"https:\/\/pachamamitaecu.org\/es_es\/wp-json\/wp\/v2\/categories?post=1119"},{"taxonomy":"post_tag","embeddable":true,"href":"https:\/\/pachamamitaecu.org\/es_es\/wp-json\/wp\/v2\/tags?post=1119"}],"curies":[{"name":"wp","href":"https:\/\/api.w.org\/{rel}","templated":true}]}}