{"id":1129,"date":"2011-10-23T16:34:00","date_gmt":"2011-10-23T16:34:00","guid":{"rendered":"http:\/\/pachamamitaecu-org-720647.hostingersite.com\/2011\/10\/23\/nueva-reinsercion-de-especies-en-la-ruta-del-spondylus-se-viene-programa-de-apadrinamiento-de-especies\/"},"modified":"2011-10-23T16:34:00","modified_gmt":"2011-10-23T16:34:00","slug":"nueva-reinsercion-de-especies-en-la-ruta-del-spondylus-se-viene-programa-de-apadrinamiento-de-especies","status":"publish","type":"post","link":"https:\/\/pachamamitaecu.org\/es_es\/2011\/10\/23\/nueva-reinsercion-de-especies-en-la-ruta-del-spondylus-se-viene-programa-de-apadrinamiento-de-especies\/","title":{"rendered":"Nueva reinserci\u00f3n de especies en la ruta del Spondylus. Se viene Programa de Apadrinamiento de Especies."},"content":{"rendered":"<div style=\"clear: both; text-align: center;\"><a href=\"http:\/\/3.bp.blogspot.com\/-to8mQZgzRGU\/TqRBFvCVpxI\/AAAAAAAABb8\/90CPr9YGh48\/s1600\/321694_276335145733071_132692210097366_905728_717502026_n.jpg\" style=\"clear: left; float: left; margin-bottom: 1em; margin-right: 1em;\"><img decoding=\"async\" border=\"0\" height=\"284\" data-src=\"http:\/\/3.bp.blogspot.com\/-to8mQZgzRGU\/TqRBFvCVpxI\/AAAAAAAABb8\/90CPr9YGh48\/s320\/321694_276335145733071_132692210097366_905728_717502026_n.jpg\" width=\"320\" src=\"data:image\/svg+xml;base64,PHN2ZyB3aWR0aD0iMSIgaGVpZ2h0PSIxIiB4bWxucz0iaHR0cDovL3d3dy53My5vcmcvMjAwMC9zdmciPjwvc3ZnPg==\" class=\"lazyload\" style=\"--smush-placeholder-width: 320px; --smush-placeholder-aspect-ratio: 320\/284;\" \/><\/a><\/div>\n<div style=\"text-align: justify;\"><span style=\"font-family: Times, 'Times New Roman', serif; font-size: large;\">Una nueva reinserci\u00f3n de neonatos de tortugas marinas se llev\u00f3 a cabo d\u00edas atr\u00e1s por parte del equipo del Acuario de Valdivia en la comuna Monta\u00f1ita.<\/span><\/div>\n<p><span style=\"font-family: Times, 'Times New Roman', serif; font-size: large;\"><\/p>\n<div style=\"text-align: justify;\"><\/div>\n<div style=\"text-align: justify;\">Las tortugas fueron cuidadas satisfactoriamente en las r\u00fasticas instalaciones del Acuario , y en coordinaci\u00f3n con los ni\u00f1os del Club Ecol\u00f3gico y la Comuna Monta\u00f1ita. Estas tortuguitas marinas caguamas (Lepidochelys olivacea) fueron liberadas en esta comunidad para concienciar a los habitantes y turistas de la protecci\u00f3n y cuidado de esta especie en las costas de la Provincia de Santa Elena.<\/div>\n<p><\/span><\/p>\n<div>\n<div style=\"text-align: justify;\"><span style=\"font-family: Times, 'Times New Roman', serif; font-size: large;\"><br \/><\/span><\/div>\n<p><span style=\"font-family: Times, 'Times New Roman', serif; font-size: large;\"><\/p>\n<div style=\"text-align: justify;\">La liberaci\u00f3n se llev\u00f3 a cabo el pasado 15 de Octubre del 2011, en la playa Gal\u00e1pagos de la Comuna Monta\u00f1ita, en presencia de los Comuneros de este sector, los ni\u00f1os del Club ecol\u00f3gico del Acuario y el personal t\u00e9cnico del Acuario Valdivia.<\/div>\n<div style=\"text-align: justify;\"><\/div>\n<div style=\"text-align: justify;\">Estas acciones de protecci\u00f3n de las tortugas marinas forma parte del programa que desde este a\u00f1o inicio esta instituci\u00f3n en las playas de las costas de la provincia de Santa Elena, principalmente en la zona norte en donde se ha reportado nidos de tortugas marinas.<\/div>\n<p><\/span><\/div>\n<div>\n<div style=\"text-align: justify;\"><span style=\"font-family: Times, 'Times New Roman', serif; font-size: large;\"><br \/><\/span><\/div>\n<p><span style=\"font-family: Times, 'Times New Roman', serif; font-size: large;\"><\/p>\n<div style=\"text-align: justify;\">Acciones coordinadas como esta, refleja la colaboraci\u00f3n permanente del Acuario de Valdivia con las comunidades y reafirman el compromiso de protecci\u00f3n y conservaci\u00f3n de los recursos marinos.<\/div>\n<p><\/span><\/div>\n<div style=\"text-align: justify;\"><span style=\"font-family: Times, 'Times New Roman', serif; font-size: large;\"><br \/><\/span><\/div>\n<p><span style=\"font-family: Times, 'Times New Roman', serif; font-size: large;\"><\/p>\n<div style=\"text-align: justify;\">Luis Reyes y Javier Suarez (T\u00e9cnicos del Acuario) anuncian de igual manera que en los pr\u00f3ximos d\u00edas comenzar\u00e1 el Programa de Apadrinamiento de las Especies del Acuario Valdivia, dirigido a \u00abtodas las personas que quieran apoyar al cuidado de estos animalitos en peligro de extinci\u00f3n\u00bb. &nbsp;El inicio del programa ser\u00e1 con las Tortugas Marinas. En los pr\u00f3ximos d\u00edas les daremos mayor informacion sobre el tema , o pueden estar en contacto con el <a href=\"http:\/\/www.facebook.com\/acuariovaldiviaecuador\">Acuario de Valdivia en Facebook.<\/a>&nbsp;o visitar las instalaciones en el k. 42 de la Ruta del Spondylus.<\/div>\n<p><\/span><\/p>\n<div class=\"pvc_clear\"><\/div>\n<p id=\"pvc_stats_1129\" class=\"pvc_stats total_only  \" data-element-id=\"1129\" style=\"\"><i class=\"pvc-stats-icon medium\" aria-hidden=\"true\"><svg aria-hidden=\"true\" focusable=\"false\" data-prefix=\"far\" data-icon=\"chart-bar\" role=\"img\" xmlns=\"http:\/\/www.w3.org\/2000\/svg\" viewBox=\"0 0 512 512\" class=\"svg-inline--fa fa-chart-bar fa-w-16 fa-2x\"><path fill=\"currentColor\" d=\"M396.8 352h22.4c6.4 0 12.8-6.4 12.8-12.8V108.8c0-6.4-6.4-12.8-12.8-12.8h-22.4c-6.4 0-12.8 6.4-12.8 12.8v230.4c0 6.4 6.4 12.8 12.8 12.8zm-192 0h22.4c6.4 0 12.8-6.4 12.8-12.8V140.8c0-6.4-6.4-12.8-12.8-12.8h-22.4c-6.4 0-12.8 6.4-12.8 12.8v198.4c0 6.4 6.4 12.8 12.8 12.8zm96 0h22.4c6.4 0 12.8-6.4 12.8-12.8V204.8c0-6.4-6.4-12.8-12.8-12.8h-22.4c-6.4 0-12.8 6.4-12.8 12.8v134.4c0 6.4 6.4 12.8 12.8 12.8zM496 400H48V80c0-8.84-7.16-16-16-16H16C7.16 64 0 71.16 0 80v336c0 17.67 14.33 32 32 32h464c8.84 0 16-7.16 16-16v-16c0-8.84-7.16-16-16-16zm-387.2-48h22.4c6.4 0 12.8-6.4 12.8-12.8v-70.4c0-6.4-6.4-12.8-12.8-12.8h-22.4c-6.4 0-12.8 6.4-12.8 12.8v70.4c0 6.4 6.4 12.8 12.8 12.8z\" class=\"\"><\/path><\/svg><\/i> <img decoding=\"async\" width=\"16\" height=\"16\" alt=\"Loading\" data-src=\"https:\/\/pachamamitaecu.org\/wp-content\/plugins\/page-views-count\/ajax-loader-2x.gif\" border=0 src=\"data:image\/svg+xml;base64,PHN2ZyB3aWR0aD0iMSIgaGVpZ2h0PSIxIiB4bWxucz0iaHR0cDovL3d3dy53My5vcmcvMjAwMC9zdmciPjwvc3ZnPg==\" class=\"lazyload\" style=\"--smush-placeholder-width: 16px; --smush-placeholder-aspect-ratio: 16\/16;\" \/><\/p>\n<div class=\"pvc_clear\"><\/div>\n","protected":false},"excerpt":{"rendered":"<p>Una nueva reinserci\u00f3n de neonatos de tortugas marinas se llev\u00f3 a cabo d\u00edas atr\u00e1s por parte del equipo del Acuario de Valdivia en la comuna Monta\u00f1ita. Las tortugas fueron cuidadas satisfactoriamente en las r\u00fasticas instalaciones del Acuario , y en coordinaci\u00f3n con los ni\u00f1os del Club Ecol\u00f3gico y la Comuna Monta\u00f1ita. Estas tortuguitas marinas caguamas [&#8230;]\n","protected":false},"author":3,"featured_media":0,"comment_status":"open","ping_status":"closed","sticky":false,"template":"","format":"standard","meta":{"footnotes":""},"categories":[242,264],"tags":[],"class_list":["post-1129","post","type-post","status-publish","format-standard","hentry","category-convocatorias","category-noticias"],"a3_pvc":{"activated":true,"total_views":33,"today_views":0},"yoast_head":"<!-- This site is optimized with the Yoast SEO Premium plugin v24.2 (Yoast SEO v27.4) - https:\/\/yoast.com\/product\/yoast-seo-premium-wordpress\/ -->\n<title>Nueva reinserci\u00f3n de especies en la ruta del Spondylus. Se viene Programa de Apadrinamiento de Especies. - PachaMamita Ecuador<\/title>\n<meta name=\"robots\" content=\"index, follow, max-snippet:-1, max-image-preview:large, max-video-preview:-1\" \/>\n<link rel=\"canonical\" href=\"https:\/\/pachamamitaecu.org\/es_es\/2011\/10\/23\/nueva-reinsercion-de-especies-en-la-ruta-del-spondylus-se-viene-programa-de-apadrinamiento-de-especies\/\" \/>\n<meta property=\"og:locale\" content=\"es_ES\" \/>\n<meta property=\"og:type\" content=\"article\" \/>\n<meta property=\"og:title\" content=\"Nueva reinserci\u00f3n de especies en la ruta del Spondylus. Se viene Programa de Apadrinamiento de Especies.\" \/>\n<meta property=\"og:description\" content=\"Una nueva reinserci\u00f3n de neonatos de tortugas marinas se llev\u00f3 a cabo d\u00edas atr\u00e1s por parte del equipo del Acuario de Valdivia en la comuna Monta\u00f1ita. Las tortugas fueron cuidadas satisfactoriamente en las r\u00fasticas instalaciones del Acuario , y en coordinaci\u00f3n con los ni\u00f1os del Club Ecol\u00f3gico y la Comuna Monta\u00f1ita. Estas tortuguitas marinas caguamas [...]\" \/>\n<meta property=\"og:url\" content=\"https:\/\/pachamamitaecu.org\/es_es\/2011\/10\/23\/nueva-reinsercion-de-especies-en-la-ruta-del-spondylus-se-viene-programa-de-apadrinamiento-de-especies\/\" \/>\n<meta property=\"og:site_name\" content=\"PachaMamita Ecuador\" \/>\n<meta property=\"article:publisher\" content=\"https:\/\/www.facebook.com\/pachamamitaecu\" \/>\n<meta property=\"article:published_time\" content=\"2011-10-23T16:34:00+00:00\" \/>\n<meta property=\"og:image\" content=\"http:\/\/3.bp.blogspot.com\/-to8mQZgzRGU\/TqRBFvCVpxI\/AAAAAAAABb8\/90CPr9YGh48\/s320\/321694_276335145733071_132692210097366_905728_717502026_n.jpg\" \/>\n<meta name=\"author\" content=\"PachaMamita EC\" \/>\n<meta name=\"twitter:card\" content=\"summary_large_image\" \/>\n<meta name=\"twitter:label1\" content=\"Escrito por\" \/>\n\t<meta name=\"twitter:data1\" content=\"PachaMamita EC\" \/>\n\t<meta name=\"twitter:label2\" content=\"Tiempo de lectura\" \/>\n\t<meta name=\"twitter:data2\" content=\"2 minutos\" \/>\n<script type=\"application\/ld+json\" class=\"yoast-schema-graph\">{\"@context\":\"https:\\\/\\\/schema.org\",\"@graph\":[{\"@type\":\"Article\",\"@id\":\"https:\\\/\\\/pachamamitaecu.org\\\/es_es\\\/2011\\\/10\\\/23\\\/nueva-reinsercion-de-especies-en-la-ruta-del-spondylus-se-viene-programa-de-apadrinamiento-de-especies\\\/#article\",\"isPartOf\":{\"@id\":\"https:\\\/\\\/pachamamitaecu.org\\\/es_es\\\/2011\\\/10\\\/23\\\/nueva-reinsercion-de-especies-en-la-ruta-del-spondylus-se-viene-programa-de-apadrinamiento-de-especies\\\/\"},\"author\":{\"name\":\"PachaMamita EC\",\"@id\":\"https:\\\/\\\/pachamamitaecu.org\\\/es_es\\\/#\\\/schema\\\/person\\\/e8b42afae2451fadab5e0295f02c4593\"},\"headline\":\"Nueva reinserci\u00f3n de especies en la ruta del Spondylus. Se viene Programa de Apadrinamiento de Especies.\",\"datePublished\":\"2011-10-23T16:34:00+00:00\",\"mainEntityOfPage\":{\"@id\":\"https:\\\/\\\/pachamamitaecu.org\\\/es_es\\\/2011\\\/10\\\/23\\\/nueva-reinsercion-de-especies-en-la-ruta-del-spondylus-se-viene-programa-de-apadrinamiento-de-especies\\\/\"},\"wordCount\":334,\"commentCount\":0,\"publisher\":{\"@id\":\"https:\\\/\\\/pachamamitaecu.org\\\/es_es\\\/#organization\"},\"image\":{\"@id\":\"https:\\\/\\\/pachamamitaecu.org\\\/es_es\\\/2011\\\/10\\\/23\\\/nueva-reinsercion-de-especies-en-la-ruta-del-spondylus-se-viene-programa-de-apadrinamiento-de-especies\\\/#primaryimage\"},\"thumbnailUrl\":\"http:\\\/\\\/3.bp.blogspot.com\\\/-to8mQZgzRGU\\\/TqRBFvCVpxI\\\/AAAAAAAABb8\\\/90CPr9YGh48\\\/s320\\\/321694_276335145733071_132692210097366_905728_717502026_n.jpg\",\"articleSection\":[\"CONVOCATORIAS.\",\"noticias\"],\"inLanguage\":\"es\",\"potentialAction\":[{\"@type\":\"CommentAction\",\"name\":\"Comment\",\"target\":[\"https:\\\/\\\/pachamamitaecu.org\\\/es_es\\\/2011\\\/10\\\/23\\\/nueva-reinsercion-de-especies-en-la-ruta-del-spondylus-se-viene-programa-de-apadrinamiento-de-especies\\\/#respond\"]}]},{\"@type\":\"WebPage\",\"@id\":\"https:\\\/\\\/pachamamitaecu.org\\\/es_es\\\/2011\\\/10\\\/23\\\/nueva-reinsercion-de-especies-en-la-ruta-del-spondylus-se-viene-programa-de-apadrinamiento-de-especies\\\/\",\"url\":\"https:\\\/\\\/pachamamitaecu.org\\\/es_es\\\/2011\\\/10\\\/23\\\/nueva-reinsercion-de-especies-en-la-ruta-del-spondylus-se-viene-programa-de-apadrinamiento-de-especies\\\/\",\"name\":\"Nueva reinserci\u00f3n de especies en la ruta del Spondylus. Se viene Programa de Apadrinamiento de Especies. - PachaMamita Ecuador\",\"isPartOf\":{\"@id\":\"https:\\\/\\\/pachamamitaecu.org\\\/es_es\\\/#website\"},\"primaryImageOfPage\":{\"@id\":\"https:\\\/\\\/pachamamitaecu.org\\\/es_es\\\/2011\\\/10\\\/23\\\/nueva-reinsercion-de-especies-en-la-ruta-del-spondylus-se-viene-programa-de-apadrinamiento-de-especies\\\/#primaryimage\"},\"image\":{\"@id\":\"https:\\\/\\\/pachamamitaecu.org\\\/es_es\\\/2011\\\/10\\\/23\\\/nueva-reinsercion-de-especies-en-la-ruta-del-spondylus-se-viene-programa-de-apadrinamiento-de-especies\\\/#primaryimage\"},\"thumbnailUrl\":\"http:\\\/\\\/3.bp.blogspot.com\\\/-to8mQZgzRGU\\\/TqRBFvCVpxI\\\/AAAAAAAABb8\\\/90CPr9YGh48\\\/s320\\\/321694_276335145733071_132692210097366_905728_717502026_n.jpg\",\"datePublished\":\"2011-10-23T16:34:00+00:00\",\"breadcrumb\":{\"@id\":\"https:\\\/\\\/pachamamitaecu.org\\\/es_es\\\/2011\\\/10\\\/23\\\/nueva-reinsercion-de-especies-en-la-ruta-del-spondylus-se-viene-programa-de-apadrinamiento-de-especies\\\/#breadcrumb\"},\"inLanguage\":\"es\",\"potentialAction\":[{\"@type\":\"ReadAction\",\"target\":[\"https:\\\/\\\/pachamamitaecu.org\\\/es_es\\\/2011\\\/10\\\/23\\\/nueva-reinsercion-de-especies-en-la-ruta-del-spondylus-se-viene-programa-de-apadrinamiento-de-especies\\\/\"]}]},{\"@type\":\"ImageObject\",\"inLanguage\":\"es\",\"@id\":\"https:\\\/\\\/pachamamitaecu.org\\\/es_es\\\/2011\\\/10\\\/23\\\/nueva-reinsercion-de-especies-en-la-ruta-del-spondylus-se-viene-programa-de-apadrinamiento-de-especies\\\/#primaryimage\",\"url\":\"http:\\\/\\\/3.bp.blogspot.com\\\/-to8mQZgzRGU\\\/TqRBFvCVpxI\\\/AAAAAAAABb8\\\/90CPr9YGh48\\\/s320\\\/321694_276335145733071_132692210097366_905728_717502026_n.jpg\",\"contentUrl\":\"http:\\\/\\\/3.bp.blogspot.com\\\/-to8mQZgzRGU\\\/TqRBFvCVpxI\\\/AAAAAAAABb8\\\/90CPr9YGh48\\\/s320\\\/321694_276335145733071_132692210097366_905728_717502026_n.jpg\"},{\"@type\":\"BreadcrumbList\",\"@id\":\"https:\\\/\\\/pachamamitaecu.org\\\/es_es\\\/2011\\\/10\\\/23\\\/nueva-reinsercion-de-especies-en-la-ruta-del-spondylus-se-viene-programa-de-apadrinamiento-de-especies\\\/#breadcrumb\",\"itemListElement\":[{\"@type\":\"ListItem\",\"position\":1,\"name\":\"Portada\",\"item\":\"https:\\\/\\\/pachamamitaecu.org\\\/es_es\\\/\"},{\"@type\":\"ListItem\",\"position\":2,\"name\":\"Nueva reinserci\u00f3n de especies en la ruta del Spondylus. Se viene Programa de Apadrinamiento de Especies.\"}]},{\"@type\":\"WebSite\",\"@id\":\"https:\\\/\\\/pachamamitaecu.org\\\/es_es\\\/#website\",\"url\":\"https:\\\/\\\/pachamamitaecu.org\\\/es_es\\\/\",\"name\":\"PachaMamita Ecuador\",\"description\":\"CULTURA. AGROECOLOG\u00cdA. TURISMO Y CONSUMO RESPONSABLE-ECUADOR.\",\"publisher\":{\"@id\":\"https:\\\/\\\/pachamamitaecu.org\\\/es_es\\\/#organization\"},\"potentialAction\":[{\"@type\":\"SearchAction\",\"target\":{\"@type\":\"EntryPoint\",\"urlTemplate\":\"https:\\\/\\\/pachamamitaecu.org\\\/es_es\\\/?s={search_term_string}\"},\"query-input\":{\"@type\":\"PropertyValueSpecification\",\"valueRequired\":true,\"valueName\":\"search_term_string\"}}],\"inLanguage\":\"es\"},{\"@type\":\"Organization\",\"@id\":\"https:\\\/\\\/pachamamitaecu.org\\\/es_es\\\/#organization\",\"name\":\"PachaMamita Ecuador\",\"url\":\"https:\\\/\\\/pachamamitaecu.org\\\/es_es\\\/\",\"logo\":{\"@type\":\"ImageObject\",\"inLanguage\":\"es\",\"@id\":\"https:\\\/\\\/pachamamitaecu.org\\\/es_es\\\/#\\\/schema\\\/logo\\\/image\\\/\",\"url\":\"https:\\\/\\\/pachamamitaecu.org\\\/wp-content\\\/uploads\\\/2024\\\/04\\\/cropped-Diseno-sin-titulo-13.png\",\"contentUrl\":\"https:\\\/\\\/pachamamitaecu.org\\\/wp-content\\\/uploads\\\/2024\\\/04\\\/cropped-Diseno-sin-titulo-13.png\",\"width\":512,\"height\":512,\"caption\":\"PachaMamita Ecuador\"},\"image\":{\"@id\":\"https:\\\/\\\/pachamamitaecu.org\\\/es_es\\\/#\\\/schema\\\/logo\\\/image\\\/\"},\"sameAs\":[\"https:\\\/\\\/www.facebook.com\\\/pachamamitaecu\"]},{\"@type\":\"Person\",\"@id\":\"https:\\\/\\\/pachamamitaecu.org\\\/es_es\\\/#\\\/schema\\\/person\\\/e8b42afae2451fadab5e0295f02c4593\",\"name\":\"PachaMamita EC\",\"image\":{\"@type\":\"ImageObject\",\"inLanguage\":\"es\",\"@id\":\"https:\\\/\\\/pachamamitaecu.org\\\/wp-content\\\/litespeed\\\/avatar\\\/23494c9101089ad44ae88ce9d2f56aac.jpg?ver=1777350952\",\"url\":\"https:\\\/\\\/pachamamitaecu.org\\\/wp-content\\\/litespeed\\\/avatar\\\/23494c9101089ad44ae88ce9d2f56aac.jpg?ver=1777350952\",\"contentUrl\":\"https:\\\/\\\/pachamamitaecu.org\\\/wp-content\\\/litespeed\\\/avatar\\\/23494c9101089ad44ae88ce9d2f56aac.jpg?ver=1777350952\",\"caption\":\"PachaMamita EC\"},\"url\":\"https:\\\/\\\/pachamamitaecu.org\\\/es_es\\\/author\\\/pachamamita-ec\\\/\"}]}<\/script>\n<!-- \/ Yoast SEO Premium plugin. -->","yoast_head_json":{"title":"Nueva reinserci\u00f3n de especies en la ruta del Spondylus. Se viene Programa de Apadrinamiento de Especies. - PachaMamita Ecuador","robots":{"index":"index","follow":"follow","max-snippet":"max-snippet:-1","max-image-preview":"max-image-preview:large","max-video-preview":"max-video-preview:-1"},"canonical":"https:\/\/pachamamitaecu.org\/es_es\/2011\/10\/23\/nueva-reinsercion-de-especies-en-la-ruta-del-spondylus-se-viene-programa-de-apadrinamiento-de-especies\/","og_locale":"es_ES","og_type":"article","og_title":"Nueva reinserci\u00f3n de especies en la ruta del Spondylus. Se viene Programa de Apadrinamiento de Especies.","og_description":"Una nueva reinserci\u00f3n de neonatos de tortugas marinas se llev\u00f3 a cabo d\u00edas atr\u00e1s por parte del equipo del Acuario de Valdivia en la comuna Monta\u00f1ita. Las tortugas fueron cuidadas satisfactoriamente en las r\u00fasticas instalaciones del Acuario , y en coordinaci\u00f3n con los ni\u00f1os del Club Ecol\u00f3gico y la Comuna Monta\u00f1ita. Estas tortuguitas marinas caguamas [...]","og_url":"https:\/\/pachamamitaecu.org\/es_es\/2011\/10\/23\/nueva-reinsercion-de-especies-en-la-ruta-del-spondylus-se-viene-programa-de-apadrinamiento-de-especies\/","og_site_name":"PachaMamita Ecuador","article_publisher":"https:\/\/www.facebook.com\/pachamamitaecu","article_published_time":"2011-10-23T16:34:00+00:00","og_image":[{"url":"http:\/\/3.bp.blogspot.com\/-to8mQZgzRGU\/TqRBFvCVpxI\/AAAAAAAABb8\/90CPr9YGh48\/s320\/321694_276335145733071_132692210097366_905728_717502026_n.jpg","type":"","width":"","height":""}],"author":"PachaMamita EC","twitter_card":"summary_large_image","twitter_misc":{"Escrito por":"PachaMamita EC","Tiempo de lectura":"2 minutos"},"schema":{"@context":"https:\/\/schema.org","@graph":[{"@type":"Article","@id":"https:\/\/pachamamitaecu.org\/es_es\/2011\/10\/23\/nueva-reinsercion-de-especies-en-la-ruta-del-spondylus-se-viene-programa-de-apadrinamiento-de-especies\/#article","isPartOf":{"@id":"https:\/\/pachamamitaecu.org\/es_es\/2011\/10\/23\/nueva-reinsercion-de-especies-en-la-ruta-del-spondylus-se-viene-programa-de-apadrinamiento-de-especies\/"},"author":{"name":"PachaMamita EC","@id":"https:\/\/pachamamitaecu.org\/es_es\/#\/schema\/person\/e8b42afae2451fadab5e0295f02c4593"},"headline":"Nueva reinserci\u00f3n de especies en la ruta del Spondylus. Se viene Programa de Apadrinamiento de Especies.","datePublished":"2011-10-23T16:34:00+00:00","mainEntityOfPage":{"@id":"https:\/\/pachamamitaecu.org\/es_es\/2011\/10\/23\/nueva-reinsercion-de-especies-en-la-ruta-del-spondylus-se-viene-programa-de-apadrinamiento-de-especies\/"},"wordCount":334,"commentCount":0,"publisher":{"@id":"https:\/\/pachamamitaecu.org\/es_es\/#organization"},"image":{"@id":"https:\/\/pachamamitaecu.org\/es_es\/2011\/10\/23\/nueva-reinsercion-de-especies-en-la-ruta-del-spondylus-se-viene-programa-de-apadrinamiento-de-especies\/#primaryimage"},"thumbnailUrl":"http:\/\/3.bp.blogspot.com\/-to8mQZgzRGU\/TqRBFvCVpxI\/AAAAAAAABb8\/90CPr9YGh48\/s320\/321694_276335145733071_132692210097366_905728_717502026_n.jpg","articleSection":["CONVOCATORIAS.","noticias"],"inLanguage":"es","potentialAction":[{"@type":"CommentAction","name":"Comment","target":["https:\/\/pachamamitaecu.org\/es_es\/2011\/10\/23\/nueva-reinsercion-de-especies-en-la-ruta-del-spondylus-se-viene-programa-de-apadrinamiento-de-especies\/#respond"]}]},{"@type":"WebPage","@id":"https:\/\/pachamamitaecu.org\/es_es\/2011\/10\/23\/nueva-reinsercion-de-especies-en-la-ruta-del-spondylus-se-viene-programa-de-apadrinamiento-de-especies\/","url":"https:\/\/pachamamitaecu.org\/es_es\/2011\/10\/23\/nueva-reinsercion-de-especies-en-la-ruta-del-spondylus-se-viene-programa-de-apadrinamiento-de-especies\/","name":"Nueva reinserci\u00f3n de especies en la ruta del Spondylus. Se viene Programa de Apadrinamiento de Especies. - PachaMamita Ecuador","isPartOf":{"@id":"https:\/\/pachamamitaecu.org\/es_es\/#website"},"primaryImageOfPage":{"@id":"https:\/\/pachamamitaecu.org\/es_es\/2011\/10\/23\/nueva-reinsercion-de-especies-en-la-ruta-del-spondylus-se-viene-programa-de-apadrinamiento-de-especies\/#primaryimage"},"image":{"@id":"https:\/\/pachamamitaecu.org\/es_es\/2011\/10\/23\/nueva-reinsercion-de-especies-en-la-ruta-del-spondylus-se-viene-programa-de-apadrinamiento-de-especies\/#primaryimage"},"thumbnailUrl":"http:\/\/3.bp.blogspot.com\/-to8mQZgzRGU\/TqRBFvCVpxI\/AAAAAAAABb8\/90CPr9YGh48\/s320\/321694_276335145733071_132692210097366_905728_717502026_n.jpg","datePublished":"2011-10-23T16:34:00+00:00","breadcrumb":{"@id":"https:\/\/pachamamitaecu.org\/es_es\/2011\/10\/23\/nueva-reinsercion-de-especies-en-la-ruta-del-spondylus-se-viene-programa-de-apadrinamiento-de-especies\/#breadcrumb"},"inLanguage":"es","potentialAction":[{"@type":"ReadAction","target":["https:\/\/pachamamitaecu.org\/es_es\/2011\/10\/23\/nueva-reinsercion-de-especies-en-la-ruta-del-spondylus-se-viene-programa-de-apadrinamiento-de-especies\/"]}]},{"@type":"ImageObject","inLanguage":"es","@id":"https:\/\/pachamamitaecu.org\/es_es\/2011\/10\/23\/nueva-reinsercion-de-especies-en-la-ruta-del-spondylus-se-viene-programa-de-apadrinamiento-de-especies\/#primaryimage","url":"http:\/\/3.bp.blogspot.com\/-to8mQZgzRGU\/TqRBFvCVpxI\/AAAAAAAABb8\/90CPr9YGh48\/s320\/321694_276335145733071_132692210097366_905728_717502026_n.jpg","contentUrl":"http:\/\/3.bp.blogspot.com\/-to8mQZgzRGU\/TqRBFvCVpxI\/AAAAAAAABb8\/90CPr9YGh48\/s320\/321694_276335145733071_132692210097366_905728_717502026_n.jpg"},{"@type":"BreadcrumbList","@id":"https:\/\/pachamamitaecu.org\/es_es\/2011\/10\/23\/nueva-reinsercion-de-especies-en-la-ruta-del-spondylus-se-viene-programa-de-apadrinamiento-de-especies\/#breadcrumb","itemListElement":[{"@type":"ListItem","position":1,"name":"Portada","item":"https:\/\/pachamamitaecu.org\/es_es\/"},{"@type":"ListItem","position":2,"name":"Nueva reinserci\u00f3n de especies en la ruta del Spondylus. Se viene Programa de Apadrinamiento de Especies."}]},{"@type":"WebSite","@id":"https:\/\/pachamamitaecu.org\/es_es\/#website","url":"https:\/\/pachamamitaecu.org\/es_es\/","name":"PachaMamita Ecuador","description":"CULTURA. AGROECOLOG\u00cdA. TURISMO Y CONSUMO RESPONSABLE-ECUADOR.","publisher":{"@id":"https:\/\/pachamamitaecu.org\/es_es\/#organization"},"potentialAction":[{"@type":"SearchAction","target":{"@type":"EntryPoint","urlTemplate":"https:\/\/pachamamitaecu.org\/es_es\/?s={search_term_string}"},"query-input":{"@type":"PropertyValueSpecification","valueRequired":true,"valueName":"search_term_string"}}],"inLanguage":"es"},{"@type":"Organization","@id":"https:\/\/pachamamitaecu.org\/es_es\/#organization","name":"PachaMamita Ecuador","url":"https:\/\/pachamamitaecu.org\/es_es\/","logo":{"@type":"ImageObject","inLanguage":"es","@id":"https:\/\/pachamamitaecu.org\/es_es\/#\/schema\/logo\/image\/","url":"https:\/\/pachamamitaecu.org\/wp-content\/uploads\/2024\/04\/cropped-Diseno-sin-titulo-13.png","contentUrl":"https:\/\/pachamamitaecu.org\/wp-content\/uploads\/2024\/04\/cropped-Diseno-sin-titulo-13.png","width":512,"height":512,"caption":"PachaMamita Ecuador"},"image":{"@id":"https:\/\/pachamamitaecu.org\/es_es\/#\/schema\/logo\/image\/"},"sameAs":["https:\/\/www.facebook.com\/pachamamitaecu"]},{"@type":"Person","@id":"https:\/\/pachamamitaecu.org\/es_es\/#\/schema\/person\/e8b42afae2451fadab5e0295f02c4593","name":"PachaMamita EC","image":{"@type":"ImageObject","inLanguage":"es","@id":"https:\/\/pachamamitaecu.org\/wp-content\/litespeed\/avatar\/23494c9101089ad44ae88ce9d2f56aac.jpg?ver=1777350952","url":"https:\/\/pachamamitaecu.org\/wp-content\/litespeed\/avatar\/23494c9101089ad44ae88ce9d2f56aac.jpg?ver=1777350952","contentUrl":"https:\/\/pachamamitaecu.org\/wp-content\/litespeed\/avatar\/23494c9101089ad44ae88ce9d2f56aac.jpg?ver=1777350952","caption":"PachaMamita EC"},"url":"https:\/\/pachamamitaecu.org\/es_es\/author\/pachamamita-ec\/"}]}},"_links":{"self":[{"href":"https:\/\/pachamamitaecu.org\/es_es\/wp-json\/wp\/v2\/posts\/1129","targetHints":{"allow":["GET"]}}],"collection":[{"href":"https:\/\/pachamamitaecu.org\/es_es\/wp-json\/wp\/v2\/posts"}],"about":[{"href":"https:\/\/pachamamitaecu.org\/es_es\/wp-json\/wp\/v2\/types\/post"}],"author":[{"embeddable":true,"href":"https:\/\/pachamamitaecu.org\/es_es\/wp-json\/wp\/v2\/users\/3"}],"replies":[{"embeddable":true,"href":"https:\/\/pachamamitaecu.org\/es_es\/wp-json\/wp\/v2\/comments?post=1129"}],"version-history":[{"count":0,"href":"https:\/\/pachamamitaecu.org\/es_es\/wp-json\/wp\/v2\/posts\/1129\/revisions"}],"wp:attachment":[{"href":"https:\/\/pachamamitaecu.org\/es_es\/wp-json\/wp\/v2\/media?parent=1129"}],"wp:term":[{"taxonomy":"category","embeddable":true,"href":"https:\/\/pachamamitaecu.org\/es_es\/wp-json\/wp\/v2\/categories?post=1129"},{"taxonomy":"post_tag","embeddable":true,"href":"https:\/\/pachamamitaecu.org\/es_es\/wp-json\/wp\/v2\/tags?post=1129"}],"curies":[{"name":"wp","href":"https:\/\/api.w.org\/{rel}","templated":true}]}}