{"id":1310,"date":"2011-04-16T16:32:00","date_gmt":"2011-04-16T16:32:00","guid":{"rendered":"http:\/\/pachamamitaecu-org-720647.hostingersite.com\/2011\/04\/16\/mas-oxigeno-para-guayaquil-boletin-de-prensa\/"},"modified":"2023-03-01T15:27:57","modified_gmt":"2023-03-01T15:27:57","slug":"mas-oxigeno-para-guayaquil-boletin-de-prensa","status":"publish","type":"post","link":"https:\/\/pachamamitaecu.org\/es_es\/2011\/04\/16\/mas-oxigeno-para-guayaquil-boletin-de-prensa\/","title":{"rendered":"MAS OXIGENO PARA GUAYAQUIL (Bolet\u00edn de Prensa)"},"content":{"rendered":"<div style=\"clear: both; text-align: center;\"><\/div>\n<p><a href=\"http:\/\/3.bp.blogspot.com\/-KEpEIA0WC5k\/TanEManMojI\/AAAAAAAABCo\/Fg46OnoCSg8\/s1600\/arboles.jpg\" style=\"clear: left; float: left; margin-bottom: 1em; margin-right: 1em;\"><img decoding=\"async\" border=\"0\" height=\"112\" data-src=\"http:\/\/3.bp.blogspot.com\/-KEpEIA0WC5k\/TanEManMojI\/AAAAAAAABCo\/Fg46OnoCSg8\/s320\/arboles.jpg\" width=\"320\" src=\"data:image\/svg+xml;base64,PHN2ZyB3aWR0aD0iMSIgaGVpZ2h0PSIxIiB4bWxucz0iaHR0cDovL3d3dy53My5vcmcvMjAwMC9zdmciPjwvc3ZnPg==\" class=\"lazyload\" style=\"--smush-placeholder-width: 320px; --smush-placeholder-aspect-ratio: 320\/112;\" \/><\/a>Bolet\u00edn de Prensa de la Fundaci\u00f3n Ecosol.<br \/><span style=\"font-family: Times, 'Times New Roman', serif; font-size: large;\"><br \/><\/span><br \/><span style=\"font-family: Times, 'Times New Roman', serif; font-size: large;\">A trav\u00e9s de este comunicado damos a conocer a nuestros conciudadanos que en nuestra ciudad se est\u00e1 llevando a cabo la construcci\u00f3n del proyecto de la troncal 2 de la metrov\u00eda, en donde una de las actividades de este proyecto es desalojar los arboles que ese encuentran en la Avenida de las Americas a la altura de Bah\u00eda Norte, para construir los carriles exclusivos para la misma, actividad que hemos observado y analizado de la siguiente manera:<\/span><br \/><span style=\"font-family: Times, 'Times New Roman', serif; font-size: large;\"><br \/>Los arboles han sido podados desde los 12 metros a 5 metros de altura, no dejando vida en alguno ellos y convirti\u00e9ndose actualmente en un cementerio de \u00e1rboles.<\/p>\n<p>Seg\u00fan notas de prensa se conoce que la disposici\u00f3n del M. I. Municipio de Guayaquil es llevar estos \u00e1rboles al botadero las Iguanas, dejando sin un amortiguamiento ambiental a este sector de la ciudad, que est\u00e1 altamente contaminado por el tr\u00e1fico vehicular.<\/p>\n<p>Por esta raz\u00f3n, estamos expresando a trav\u00e9s de nuestras firmas la inconformidad con estas acciones, ya que estamos conscientes del servicio ambiental que estos majestuosos seres nos brindan al depurar  el aire que respiramos, al retener el agua y regular el clima c\u00e1lido de nuestra ciudad, y solicitamos se trasplanten los \u00e1rboles sobrevivientes a la poda realizada, en un solo parterre de la Av. de las Americas, frente a Bah\u00eda Norte. Adem\u00e1s solicitamos se geste una ordenanza municipal que promueva y regule la siembra de especies forestales nativas en obras futuras y \u00e1reas verdes actuales.<\/p>\n<p>Cabe mencionar que un hecho de connotaciones similares aconteci\u00f3 cuando los \u00e1rboles de la Av. del Bombero fueron removidos para dar paso a la ampliaci\u00f3n de la misma y, en esas lamentables circunstancias, los \u00e1rboles murieron antes de ser trasladados.<\/p>\n<p>Angel Salazar<br \/>Presidente de Fundaci\u00f3n Ecosol<br \/>Telf.: 097300558 \/ <a href=\"mailto:fundacionecosol@gmail.com\">fundacionecosol@gmail.com<\/a><\/span><\/p>\n<div class=\"pvc_clear\"><\/div>\n<p id=\"pvc_stats_1310\" class=\"pvc_stats total_only  \" data-element-id=\"1310\" style=\"\"><i class=\"pvc-stats-icon medium\" aria-hidden=\"true\"><svg aria-hidden=\"true\" focusable=\"false\" data-prefix=\"far\" data-icon=\"chart-bar\" role=\"img\" xmlns=\"http:\/\/www.w3.org\/2000\/svg\" viewBox=\"0 0 512 512\" class=\"svg-inline--fa fa-chart-bar fa-w-16 fa-2x\"><path fill=\"currentColor\" d=\"M396.8 352h22.4c6.4 0 12.8-6.4 12.8-12.8V108.8c0-6.4-6.4-12.8-12.8-12.8h-22.4c-6.4 0-12.8 6.4-12.8 12.8v230.4c0 6.4 6.4 12.8 12.8 12.8zm-192 0h22.4c6.4 0 12.8-6.4 12.8-12.8V140.8c0-6.4-6.4-12.8-12.8-12.8h-22.4c-6.4 0-12.8 6.4-12.8 12.8v198.4c0 6.4 6.4 12.8 12.8 12.8zm96 0h22.4c6.4 0 12.8-6.4 12.8-12.8V204.8c0-6.4-6.4-12.8-12.8-12.8h-22.4c-6.4 0-12.8 6.4-12.8 12.8v134.4c0 6.4 6.4 12.8 12.8 12.8zM496 400H48V80c0-8.84-7.16-16-16-16H16C7.16 64 0 71.16 0 80v336c0 17.67 14.33 32 32 32h464c8.84 0 16-7.16 16-16v-16c0-8.84-7.16-16-16-16zm-387.2-48h22.4c6.4 0 12.8-6.4 12.8-12.8v-70.4c0-6.4-6.4-12.8-12.8-12.8h-22.4c-6.4 0-12.8 6.4-12.8 12.8v70.4c0 6.4 6.4 12.8 12.8 12.8z\" class=\"\"><\/path><\/svg><\/i> <img decoding=\"async\" width=\"16\" height=\"16\" alt=\"Loading\" data-src=\"https:\/\/pachamamitaecu.org\/wp-content\/plugins\/page-views-count\/ajax-loader-2x.gif\" border=0 src=\"data:image\/svg+xml;base64,PHN2ZyB3aWR0aD0iMSIgaGVpZ2h0PSIxIiB4bWxucz0iaHR0cDovL3d3dy53My5vcmcvMjAwMC9zdmciPjwvc3ZnPg==\" class=\"lazyload\" style=\"--smush-placeholder-width: 16px; --smush-placeholder-aspect-ratio: 16\/16;\" \/><\/p>\n<div class=\"pvc_clear\"><\/div>\n","protected":false},"excerpt":{"rendered":"<p>Bolet\u00edn de Prensa de la Fundaci\u00f3n Ecosol.A trav\u00e9s de este comunicado damos a conocer a nuestros conciudadanos que en nuestra ciudad se est\u00e1 llevando a cabo la construcci\u00f3n del proyecto de la troncal 2 de la metrov\u00eda, en donde una de las actividades de este proyecto es desalojar los arboles que ese encuentran en la [&#8230;]\n","protected":false},"author":3,"featured_media":0,"comment_status":"open","ping_status":"closed","sticky":false,"template":"","format":"standard","meta":{"footnotes":""},"categories":[159,264],"tags":[],"class_list":["post-1310","post","type-post","status-publish","format-standard","hentry","category-consumo-responsable","category-noticias"],"a3_pvc":{"activated":true,"total_views":26,"today_views":0},"yoast_head":"<!-- This site is optimized with the Yoast SEO Premium plugin v24.2 (Yoast SEO v27.4) - https:\/\/yoast.com\/product\/yoast-seo-premium-wordpress\/ -->\n<title>MAS OXIGENO PARA GUAYAQUIL (Bolet\u00edn de Prensa) - PachaMamita Ecuador<\/title>\n<meta name=\"robots\" content=\"index, follow, max-snippet:-1, max-image-preview:large, max-video-preview:-1\" \/>\n<link rel=\"canonical\" href=\"https:\/\/pachamamitaecu.org\/es_es\/2011\/04\/16\/more-oxygen-for-guayaquil-press-release\/\" \/>\n<meta property=\"og:locale\" content=\"es_ES\" \/>\n<meta property=\"og:type\" content=\"article\" \/>\n<meta property=\"og:title\" content=\"MAS OXIGENO PARA GUAYAQUIL (Bolet\u00edn de Prensa)\" \/>\n<meta property=\"og:description\" content=\"Bolet\u00edn de Prensa de la Fundaci\u00f3n Ecosol.A trav\u00e9s de este comunicado damos a conocer a nuestros conciudadanos que en nuestra ciudad se est\u00e1 llevando a cabo la construcci\u00f3n del proyecto de la troncal 2 de la metrov\u00eda, en donde una de las actividades de este proyecto es desalojar los arboles que ese encuentran en la [...]\" \/>\n<meta property=\"og:url\" content=\"https:\/\/pachamamitaecu.org\/es_es\/2011\/04\/16\/more-oxygen-for-guayaquil-press-release\/\" \/>\n<meta property=\"og:site_name\" content=\"PachaMamita Ecuador\" \/>\n<meta property=\"article:publisher\" content=\"https:\/\/www.facebook.com\/pachamamitaecu\" \/>\n<meta property=\"article:published_time\" content=\"2011-04-16T16:32:00+00:00\" \/>\n<meta property=\"article:modified_time\" content=\"2023-03-01T15:27:57+00:00\" \/>\n<meta property=\"og:image\" content=\"http:\/\/3.bp.blogspot.com\/-KEpEIA0WC5k\/TanEManMojI\/AAAAAAAABCo\/Fg46OnoCSg8\/s320\/arboles.jpg\" \/>\n<meta name=\"author\" content=\"PachaMamita EC\" \/>\n<meta name=\"twitter:card\" content=\"summary_large_image\" \/>\n<meta name=\"twitter:label1\" content=\"Escrito por\" \/>\n\t<meta name=\"twitter:data1\" content=\"PachaMamita EC\" \/>\n\t<meta name=\"twitter:label2\" content=\"Tiempo de lectura\" \/>\n\t<meta name=\"twitter:data2\" content=\"2 minutos\" \/>\n<script type=\"application\/ld+json\" class=\"yoast-schema-graph\">{\"@context\":\"https:\\\/\\\/schema.org\",\"@graph\":[{\"@type\":\"Article\",\"@id\":\"https:\\\/\\\/pachamamitaecu.org\\\/en\\\/2011\\\/04\\\/16\\\/more-oxygen-for-guayaquil-press-release\\\/#article\",\"isPartOf\":{\"@id\":\"https:\\\/\\\/pachamamitaecu.org\\\/en\\\/2011\\\/04\\\/16\\\/more-oxygen-for-guayaquil-press-release\\\/\"},\"author\":{\"name\":\"PachaMamita EC\",\"@id\":\"https:\\\/\\\/pachamamitaecu.org\\\/es_es\\\/#\\\/schema\\\/person\\\/e8b42afae2451fadab5e0295f02c4593\"},\"headline\":\"MAS OXIGENO PARA GUAYAQUIL (Bolet\u00edn de Prensa)\",\"datePublished\":\"2011-04-16T16:32:00+00:00\",\"dateModified\":\"2023-03-01T15:27:57+00:00\",\"mainEntityOfPage\":{\"@id\":\"https:\\\/\\\/pachamamitaecu.org\\\/en\\\/2011\\\/04\\\/16\\\/more-oxygen-for-guayaquil-press-release\\\/\"},\"wordCount\":319,\"commentCount\":0,\"publisher\":{\"@id\":\"https:\\\/\\\/pachamamitaecu.org\\\/es_es\\\/#organization\"},\"image\":{\"@id\":\"https:\\\/\\\/pachamamitaecu.org\\\/en\\\/2011\\\/04\\\/16\\\/more-oxygen-for-guayaquil-press-release\\\/#primaryimage\"},\"thumbnailUrl\":\"http:\\\/\\\/3.bp.blogspot.com\\\/-KEpEIA0WC5k\\\/TanEManMojI\\\/AAAAAAAABCo\\\/Fg46OnoCSg8\\\/s320\\\/arboles.jpg\",\"articleSection\":[\"CONSUMO RESPONSABLE\",\"noticias\"],\"inLanguage\":\"es\",\"potentialAction\":[{\"@type\":\"CommentAction\",\"name\":\"Comment\",\"target\":[\"https:\\\/\\\/pachamamitaecu.org\\\/en\\\/2011\\\/04\\\/16\\\/more-oxygen-for-guayaquil-press-release\\\/#respond\"]}]},{\"@type\":\"WebPage\",\"@id\":\"https:\\\/\\\/pachamamitaecu.org\\\/en\\\/2011\\\/04\\\/16\\\/more-oxygen-for-guayaquil-press-release\\\/\",\"url\":\"https:\\\/\\\/pachamamitaecu.org\\\/en\\\/2011\\\/04\\\/16\\\/more-oxygen-for-guayaquil-press-release\\\/\",\"name\":\"MAS OXIGENO PARA GUAYAQUIL (Bolet\u00edn de Prensa) - PachaMamita Ecuador\",\"isPartOf\":{\"@id\":\"https:\\\/\\\/pachamamitaecu.org\\\/es_es\\\/#website\"},\"primaryImageOfPage\":{\"@id\":\"https:\\\/\\\/pachamamitaecu.org\\\/en\\\/2011\\\/04\\\/16\\\/more-oxygen-for-guayaquil-press-release\\\/#primaryimage\"},\"image\":{\"@id\":\"https:\\\/\\\/pachamamitaecu.org\\\/en\\\/2011\\\/04\\\/16\\\/more-oxygen-for-guayaquil-press-release\\\/#primaryimage\"},\"thumbnailUrl\":\"http:\\\/\\\/3.bp.blogspot.com\\\/-KEpEIA0WC5k\\\/TanEManMojI\\\/AAAAAAAABCo\\\/Fg46OnoCSg8\\\/s320\\\/arboles.jpg\",\"datePublished\":\"2011-04-16T16:32:00+00:00\",\"dateModified\":\"2023-03-01T15:27:57+00:00\",\"breadcrumb\":{\"@id\":\"https:\\\/\\\/pachamamitaecu.org\\\/en\\\/2011\\\/04\\\/16\\\/more-oxygen-for-guayaquil-press-release\\\/#breadcrumb\"},\"inLanguage\":\"es\",\"potentialAction\":[{\"@type\":\"ReadAction\",\"target\":[\"https:\\\/\\\/pachamamitaecu.org\\\/en\\\/2011\\\/04\\\/16\\\/more-oxygen-for-guayaquil-press-release\\\/\"]}]},{\"@type\":\"ImageObject\",\"inLanguage\":\"es\",\"@id\":\"https:\\\/\\\/pachamamitaecu.org\\\/en\\\/2011\\\/04\\\/16\\\/more-oxygen-for-guayaquil-press-release\\\/#primaryimage\",\"url\":\"http:\\\/\\\/3.bp.blogspot.com\\\/-KEpEIA0WC5k\\\/TanEManMojI\\\/AAAAAAAABCo\\\/Fg46OnoCSg8\\\/s320\\\/arboles.jpg\",\"contentUrl\":\"http:\\\/\\\/3.bp.blogspot.com\\\/-KEpEIA0WC5k\\\/TanEManMojI\\\/AAAAAAAABCo\\\/Fg46OnoCSg8\\\/s320\\\/arboles.jpg\"},{\"@type\":\"BreadcrumbList\",\"@id\":\"https:\\\/\\\/pachamamitaecu.org\\\/en\\\/2011\\\/04\\\/16\\\/more-oxygen-for-guayaquil-press-release\\\/#breadcrumb\",\"itemListElement\":[{\"@type\":\"ListItem\",\"position\":1,\"name\":\"Portada\",\"item\":\"https:\\\/\\\/pachamamitaecu.org\\\/es_es\\\/\"},{\"@type\":\"ListItem\",\"position\":2,\"name\":\"MAS OXIGENO PARA GUAYAQUIL (Bolet\u00edn de Prensa)\"}]},{\"@type\":\"WebSite\",\"@id\":\"https:\\\/\\\/pachamamitaecu.org\\\/es_es\\\/#website\",\"url\":\"https:\\\/\\\/pachamamitaecu.org\\\/es_es\\\/\",\"name\":\"PachaMamita Ecuador\",\"description\":\"CULTURA. AGROECOLOG\u00cdA. TURISMO Y CONSUMO RESPONSABLE-ECUADOR.\",\"publisher\":{\"@id\":\"https:\\\/\\\/pachamamitaecu.org\\\/es_es\\\/#organization\"},\"potentialAction\":[{\"@type\":\"SearchAction\",\"target\":{\"@type\":\"EntryPoint\",\"urlTemplate\":\"https:\\\/\\\/pachamamitaecu.org\\\/es_es\\\/?s={search_term_string}\"},\"query-input\":{\"@type\":\"PropertyValueSpecification\",\"valueRequired\":true,\"valueName\":\"search_term_string\"}}],\"inLanguage\":\"es\"},{\"@type\":\"Organization\",\"@id\":\"https:\\\/\\\/pachamamitaecu.org\\\/es_es\\\/#organization\",\"name\":\"PachaMamita Ecuador\",\"url\":\"https:\\\/\\\/pachamamitaecu.org\\\/es_es\\\/\",\"logo\":{\"@type\":\"ImageObject\",\"inLanguage\":\"es\",\"@id\":\"https:\\\/\\\/pachamamitaecu.org\\\/es_es\\\/#\\\/schema\\\/logo\\\/image\\\/\",\"url\":\"https:\\\/\\\/pachamamitaecu.org\\\/wp-content\\\/uploads\\\/2024\\\/04\\\/cropped-Diseno-sin-titulo-13.png\",\"contentUrl\":\"https:\\\/\\\/pachamamitaecu.org\\\/wp-content\\\/uploads\\\/2024\\\/04\\\/cropped-Diseno-sin-titulo-13.png\",\"width\":512,\"height\":512,\"caption\":\"PachaMamita Ecuador\"},\"image\":{\"@id\":\"https:\\\/\\\/pachamamitaecu.org\\\/es_es\\\/#\\\/schema\\\/logo\\\/image\\\/\"},\"sameAs\":[\"https:\\\/\\\/www.facebook.com\\\/pachamamitaecu\"]},{\"@type\":\"Person\",\"@id\":\"https:\\\/\\\/pachamamitaecu.org\\\/es_es\\\/#\\\/schema\\\/person\\\/e8b42afae2451fadab5e0295f02c4593\",\"name\":\"PachaMamita EC\",\"image\":{\"@type\":\"ImageObject\",\"inLanguage\":\"es\",\"@id\":\"https:\\\/\\\/pachamamitaecu.org\\\/wp-content\\\/litespeed\\\/avatar\\\/23494c9101089ad44ae88ce9d2f56aac.jpg?ver=1777350952\",\"url\":\"https:\\\/\\\/pachamamitaecu.org\\\/wp-content\\\/litespeed\\\/avatar\\\/23494c9101089ad44ae88ce9d2f56aac.jpg?ver=1777350952\",\"contentUrl\":\"https:\\\/\\\/pachamamitaecu.org\\\/wp-content\\\/litespeed\\\/avatar\\\/23494c9101089ad44ae88ce9d2f56aac.jpg?ver=1777350952\",\"caption\":\"PachaMamita EC\"},\"url\":\"https:\\\/\\\/pachamamitaecu.org\\\/es_es\\\/author\\\/pachamamita-ec\\\/\"}]}<\/script>\n<!-- \/ Yoast SEO Premium plugin. -->","yoast_head_json":{"title":"MAS OXIGENO PARA GUAYAQUIL (Bolet\u00edn de Prensa) - PachaMamita Ecuador","robots":{"index":"index","follow":"follow","max-snippet":"max-snippet:-1","max-image-preview":"max-image-preview:large","max-video-preview":"max-video-preview:-1"},"canonical":"https:\/\/pachamamitaecu.org\/es_es\/2011\/04\/16\/more-oxygen-for-guayaquil-press-release\/","og_locale":"es_ES","og_type":"article","og_title":"MAS OXIGENO PARA GUAYAQUIL (Bolet\u00edn de Prensa)","og_description":"Bolet\u00edn de Prensa de la Fundaci\u00f3n Ecosol.A trav\u00e9s de este comunicado damos a conocer a nuestros conciudadanos que en nuestra ciudad se est\u00e1 llevando a cabo la construcci\u00f3n del proyecto de la troncal 2 de la metrov\u00eda, en donde una de las actividades de este proyecto es desalojar los arboles que ese encuentran en la [...]","og_url":"https:\/\/pachamamitaecu.org\/es_es\/2011\/04\/16\/more-oxygen-for-guayaquil-press-release\/","og_site_name":"PachaMamita Ecuador","article_publisher":"https:\/\/www.facebook.com\/pachamamitaecu","article_published_time":"2011-04-16T16:32:00+00:00","article_modified_time":"2023-03-01T15:27:57+00:00","og_image":[{"url":"http:\/\/3.bp.blogspot.com\/-KEpEIA0WC5k\/TanEManMojI\/AAAAAAAABCo\/Fg46OnoCSg8\/s320\/arboles.jpg","type":"","width":"","height":""}],"author":"PachaMamita EC","twitter_card":"summary_large_image","twitter_misc":{"Escrito por":"PachaMamita EC","Tiempo de lectura":"2 minutos"},"schema":{"@context":"https:\/\/schema.org","@graph":[{"@type":"Article","@id":"https:\/\/pachamamitaecu.org\/en\/2011\/04\/16\/more-oxygen-for-guayaquil-press-release\/#article","isPartOf":{"@id":"https:\/\/pachamamitaecu.org\/en\/2011\/04\/16\/more-oxygen-for-guayaquil-press-release\/"},"author":{"name":"PachaMamita EC","@id":"https:\/\/pachamamitaecu.org\/es_es\/#\/schema\/person\/e8b42afae2451fadab5e0295f02c4593"},"headline":"MAS OXIGENO PARA GUAYAQUIL (Bolet\u00edn de Prensa)","datePublished":"2011-04-16T16:32:00+00:00","dateModified":"2023-03-01T15:27:57+00:00","mainEntityOfPage":{"@id":"https:\/\/pachamamitaecu.org\/en\/2011\/04\/16\/more-oxygen-for-guayaquil-press-release\/"},"wordCount":319,"commentCount":0,"publisher":{"@id":"https:\/\/pachamamitaecu.org\/es_es\/#organization"},"image":{"@id":"https:\/\/pachamamitaecu.org\/en\/2011\/04\/16\/more-oxygen-for-guayaquil-press-release\/#primaryimage"},"thumbnailUrl":"http:\/\/3.bp.blogspot.com\/-KEpEIA0WC5k\/TanEManMojI\/AAAAAAAABCo\/Fg46OnoCSg8\/s320\/arboles.jpg","articleSection":["CONSUMO RESPONSABLE","noticias"],"inLanguage":"es","potentialAction":[{"@type":"CommentAction","name":"Comment","target":["https:\/\/pachamamitaecu.org\/en\/2011\/04\/16\/more-oxygen-for-guayaquil-press-release\/#respond"]}]},{"@type":"WebPage","@id":"https:\/\/pachamamitaecu.org\/en\/2011\/04\/16\/more-oxygen-for-guayaquil-press-release\/","url":"https:\/\/pachamamitaecu.org\/en\/2011\/04\/16\/more-oxygen-for-guayaquil-press-release\/","name":"MAS OXIGENO PARA GUAYAQUIL (Bolet\u00edn de Prensa) - PachaMamita Ecuador","isPartOf":{"@id":"https:\/\/pachamamitaecu.org\/es_es\/#website"},"primaryImageOfPage":{"@id":"https:\/\/pachamamitaecu.org\/en\/2011\/04\/16\/more-oxygen-for-guayaquil-press-release\/#primaryimage"},"image":{"@id":"https:\/\/pachamamitaecu.org\/en\/2011\/04\/16\/more-oxygen-for-guayaquil-press-release\/#primaryimage"},"thumbnailUrl":"http:\/\/3.bp.blogspot.com\/-KEpEIA0WC5k\/TanEManMojI\/AAAAAAAABCo\/Fg46OnoCSg8\/s320\/arboles.jpg","datePublished":"2011-04-16T16:32:00+00:00","dateModified":"2023-03-01T15:27:57+00:00","breadcrumb":{"@id":"https:\/\/pachamamitaecu.org\/en\/2011\/04\/16\/more-oxygen-for-guayaquil-press-release\/#breadcrumb"},"inLanguage":"es","potentialAction":[{"@type":"ReadAction","target":["https:\/\/pachamamitaecu.org\/en\/2011\/04\/16\/more-oxygen-for-guayaquil-press-release\/"]}]},{"@type":"ImageObject","inLanguage":"es","@id":"https:\/\/pachamamitaecu.org\/en\/2011\/04\/16\/more-oxygen-for-guayaquil-press-release\/#primaryimage","url":"http:\/\/3.bp.blogspot.com\/-KEpEIA0WC5k\/TanEManMojI\/AAAAAAAABCo\/Fg46OnoCSg8\/s320\/arboles.jpg","contentUrl":"http:\/\/3.bp.blogspot.com\/-KEpEIA0WC5k\/TanEManMojI\/AAAAAAAABCo\/Fg46OnoCSg8\/s320\/arboles.jpg"},{"@type":"BreadcrumbList","@id":"https:\/\/pachamamitaecu.org\/en\/2011\/04\/16\/more-oxygen-for-guayaquil-press-release\/#breadcrumb","itemListElement":[{"@type":"ListItem","position":1,"name":"Portada","item":"https:\/\/pachamamitaecu.org\/es_es\/"},{"@type":"ListItem","position":2,"name":"MAS OXIGENO PARA GUAYAQUIL (Bolet\u00edn de Prensa)"}]},{"@type":"WebSite","@id":"https:\/\/pachamamitaecu.org\/es_es\/#website","url":"https:\/\/pachamamitaecu.org\/es_es\/","name":"PachaMamita Ecuador","description":"CULTURA. AGROECOLOG\u00cdA. TURISMO Y CONSUMO RESPONSABLE-ECUADOR.","publisher":{"@id":"https:\/\/pachamamitaecu.org\/es_es\/#organization"},"potentialAction":[{"@type":"SearchAction","target":{"@type":"EntryPoint","urlTemplate":"https:\/\/pachamamitaecu.org\/es_es\/?s={search_term_string}"},"query-input":{"@type":"PropertyValueSpecification","valueRequired":true,"valueName":"search_term_string"}}],"inLanguage":"es"},{"@type":"Organization","@id":"https:\/\/pachamamitaecu.org\/es_es\/#organization","name":"PachaMamita Ecuador","url":"https:\/\/pachamamitaecu.org\/es_es\/","logo":{"@type":"ImageObject","inLanguage":"es","@id":"https:\/\/pachamamitaecu.org\/es_es\/#\/schema\/logo\/image\/","url":"https:\/\/pachamamitaecu.org\/wp-content\/uploads\/2024\/04\/cropped-Diseno-sin-titulo-13.png","contentUrl":"https:\/\/pachamamitaecu.org\/wp-content\/uploads\/2024\/04\/cropped-Diseno-sin-titulo-13.png","width":512,"height":512,"caption":"PachaMamita Ecuador"},"image":{"@id":"https:\/\/pachamamitaecu.org\/es_es\/#\/schema\/logo\/image\/"},"sameAs":["https:\/\/www.facebook.com\/pachamamitaecu"]},{"@type":"Person","@id":"https:\/\/pachamamitaecu.org\/es_es\/#\/schema\/person\/e8b42afae2451fadab5e0295f02c4593","name":"PachaMamita EC","image":{"@type":"ImageObject","inLanguage":"es","@id":"https:\/\/pachamamitaecu.org\/wp-content\/litespeed\/avatar\/23494c9101089ad44ae88ce9d2f56aac.jpg?ver=1777350952","url":"https:\/\/pachamamitaecu.org\/wp-content\/litespeed\/avatar\/23494c9101089ad44ae88ce9d2f56aac.jpg?ver=1777350952","contentUrl":"https:\/\/pachamamitaecu.org\/wp-content\/litespeed\/avatar\/23494c9101089ad44ae88ce9d2f56aac.jpg?ver=1777350952","caption":"PachaMamita EC"},"url":"https:\/\/pachamamitaecu.org\/es_es\/author\/pachamamita-ec\/"}]}},"_links":{"self":[{"href":"https:\/\/pachamamitaecu.org\/es_es\/wp-json\/wp\/v2\/posts\/1310","targetHints":{"allow":["GET"]}}],"collection":[{"href":"https:\/\/pachamamitaecu.org\/es_es\/wp-json\/wp\/v2\/posts"}],"about":[{"href":"https:\/\/pachamamitaecu.org\/es_es\/wp-json\/wp\/v2\/types\/post"}],"author":[{"embeddable":true,"href":"https:\/\/pachamamitaecu.org\/es_es\/wp-json\/wp\/v2\/users\/3"}],"replies":[{"embeddable":true,"href":"https:\/\/pachamamitaecu.org\/es_es\/wp-json\/wp\/v2\/comments?post=1310"}],"version-history":[{"count":0,"href":"https:\/\/pachamamitaecu.org\/es_es\/wp-json\/wp\/v2\/posts\/1310\/revisions"}],"wp:attachment":[{"href":"https:\/\/pachamamitaecu.org\/es_es\/wp-json\/wp\/v2\/media?parent=1310"}],"wp:term":[{"taxonomy":"category","embeddable":true,"href":"https:\/\/pachamamitaecu.org\/es_es\/wp-json\/wp\/v2\/categories?post=1310"},{"taxonomy":"post_tag","embeddable":true,"href":"https:\/\/pachamamitaecu.org\/es_es\/wp-json\/wp\/v2\/tags?post=1310"}],"curies":[{"name":"wp","href":"https:\/\/api.w.org\/{rel}","templated":true}]}}