{"id":1409,"date":"2010-12-09T14:07:00","date_gmt":"2010-12-09T14:07:00","guid":{"rendered":"http:\/\/pachamamitaecu-org-720647.hostingersite.com\/2010\/12\/09\/centro-de-exposicion-permanente-de-prevencion-de-riesgos\/"},"modified":"2023-03-01T15:52:46","modified_gmt":"2023-03-01T15:52:46","slug":"centro-de-exposicion-permanente-de-prevencion-de-riesgos","status":"publish","type":"post","link":"https:\/\/pachamamitaecu.org\/es_es\/2010\/12\/09\/centro-de-exposicion-permanente-de-prevencion-de-riesgos\/","title":{"rendered":"Centro de Exposici\u00f3n Permanente de Prevenci\u00f3n de Riesgos"},"content":{"rendered":"<div style=\"clear: both; text-align: center;\"><\/div>\n<div style=\"clear: both; text-align: center;\"><a href=\"http:\/\/1.bp.blogspot.com\/_ZWuzfyCxKMs\/TQDiRy2Q19I\/AAAAAAAAAz8\/nTie48fL8hI\/s1600\/SAM_0072.JPG\" style=\"clear: left; float: left; margin-bottom: 1em; margin-right: 1em;\"><img decoding=\"async\" border=\"0\" data-src=\"http:\/\/1.bp.blogspot.com\/_ZWuzfyCxKMs\/TQDiRy2Q19I\/AAAAAAAAAz8\/nTie48fL8hI\/s1600\/SAM_0072.JPG\" src=\"data:image\/svg+xml;base64,PHN2ZyB3aWR0aD0iMSIgaGVpZ2h0PSIxIiB4bWxucz0iaHR0cDovL3d3dy53My5vcmcvMjAwMC9zdmciPjwvc3ZnPg==\" class=\"lazyload\" \/><\/a><\/div>\n<div style=\"background-attachment: initial; background-clip: initial; background-color: transparent; background-image: initial; background-origin: initial; border-bottom-width: 0px; border-color: initial; border-left-width: 0px; border-right-width: 0px; border-style: initial; border-top-width: 0px; margin-bottom: 15px; margin-left: 0px; margin-right: 0px; margin-top: 0px; outline-color: initial; outline-style: initial; outline-width: 0px; padding-bottom: 0px; padding-left: 0px; padding-right: 0px; padding-top: 0px;\"><span style=\"-webkit-transition-delay: initial; -webkit-transition-duration: 0.3s; -webkit-transition-property: color; -webkit-transition-timing-function: ease-out; background-attachment: initial; background-clip: initial; background-color: transparent; background-image: initial; background-origin: initial; border-bottom-width: 0px; border-color: initial; border-left-width: 0px; border-right-width: 0px; border-style: initial; border-top-width: 0px; margin-bottom: 0px; margin-left: 0px; margin-right: 0px; margin-top: 0px; outline-color: initial; outline-style: initial; outline-width: 0px; padding-bottom: 0px; padding-left: 0px; padding-right: 0px; padding-top: 0px;\"><span style=\"background-attachment: initial; background-clip: initial; background-color: transparent; background-image: initial; background-origin: initial; border-bottom-width: 0px; border-color: initial; border-left-width: 0px; border-right-width: 0px; border-style: initial; border-top-width: 0px; margin-bottom: 0px; margin-left: 0px; margin-right: 0px; margin-top: 0px; outline-color: initial; outline-style: initial; outline-width: 0px; padding-bottom: 0px; padding-left: 0px; padding-right: 0px; padding-top: 0px;\"><span style=\"color: black;\"><span style=\"font-family: Times, 'Times New Roman', serif; font-size: large;\">La Secretar\u00eda Nacional de Gesti\u00f3n de Riesgos de Santa Elena invita a toda la colectividad a visitar su reci\u00e9n inaugurado Centro de Exposici\u00f3n Permanente de Prevenci\u00f3n de Riesgos, el cual est\u00e1 ubicado en la planta baja del Centro de Atenci\u00f3n Ciudadana de Santa Elena (en la v\u00eda La Libertad-Salinas). La exposici\u00f3n permanente est\u00e1 dise\u00f1ada para ser utilizada como una herramienta de la Secretaria de Gestion de Riesgos, para difundir informaci\u00f3n pertinente a los fen\u00f3menos naturales y como evitar que estos se conviertan en desastres.<\/p>\n<p>En este centro de Exposici\u00f3n Permanente, el cual es cordialmente atendido por personeros de esta Secretar\u00eda, el visitante tendr\u00e1 acceso a informaci\u00f3n muy completa y de alta calidad de cuatro ejes fundamentales: Placas tect\u00f3nicas (terremotos), volcanes, tsunamis, y otros fen\u00f3menos.<\/p>\n<p>La informaci\u00f3n que consta de gigantograf\u00edas espec\u00edficas sobre cada tema y de 4 pantallas con videos; tiene adem\u00e1s otros elementos que la convierten en una experiencia muy interactiva. Estos elementos son la implementaci\u00f3n de 4 computadores de pantalla t\u00e1ctil (el computador se lo maneja muy f\u00e1cilmente desde la pantalla) desde donde los visitantes podr\u00e1n comprobar lo aprendido durante su recorrido, jugar interactivamente, entre otros recursos de aprendizaje.<\/p>\n<p>El otro elemento tecnol\u00f3gico, es la implementaci\u00f3n en el corto plazo de la sala llamada: \u00abEpicentro\u00bb, la cual tiene una capacidad de atenci\u00f3n de 10 personas por turno y en la que se simula un terremoto para que interactivamente los participantes tomen decisiones que les podr\u00eda o no, salvar la vida durante un sismo.<\/span><\/span><\/span><\/span><\/div>\n<div style=\"background-attachment: initial; background-clip: initial; background-color: transparent; background-image: initial; background-origin: initial; border-bottom-width: 0px; border-color: initial; border-left-width: 0px; border-right-width: 0px; border-style: initial; border-top-width: 0px; margin-bottom: 15px; margin-left: 0px; margin-right: 0px; margin-top: 0px; outline-color: initial; outline-style: initial; outline-width: 0px; padding-bottom: 0px; padding-left: 0px; padding-right: 0px; padding-top: 0px;\"><span style=\"-webkit-transition-delay: initial; -webkit-transition-duration: 0.3s; -webkit-transition-property: color; -webkit-transition-timing-function: ease-out; background-attachment: initial; background-clip: initial; background-color: transparent; background-image: initial; background-origin: initial; border-bottom-width: 0px; border-color: initial; border-left-width: 0px; border-right-width: 0px; border-style: initial; border-top-width: 0px; margin-bottom: 0px; margin-left: 0px; margin-right: 0px; margin-top: 0px; outline-color: initial; outline-style: initial; outline-width: 0px; padding-bottom: 0px; padding-left: 0px; padding-right: 0px; padding-top: 0px;\"><span style=\"background-attachment: initial; background-clip: initial; background-color: transparent; background-image: initial; background-origin: initial; border-bottom-width: 0px; border-color: initial; border-left-width: 0px; border-right-width: 0px; border-style: initial; border-top-width: 0px; margin-bottom: 0px; margin-left: 0px; margin-right: 0px; margin-top: 0px; outline-color: initial; outline-style: initial; outline-width: 0px; padding-bottom: 0px; padding-left: 0px; padding-right: 0px; padding-top: 0px;\"><span style=\"color: black;\"><span style=\"font-family: Times, 'Times New Roman', serif; font-size: large;\"><br \/>La muestra se complementa con cuadros pintados por ni\u00f1os sobre la tem\u00e1tica del Centro.<\/p>\n<p>Visitemos con nuestras familias la Exposici\u00f3n Permanente, alguna vez esa informaci\u00f3n nos podr\u00eda salvar la vida.<\/span><\/span><\/span><\/span><\/div>\n<div style=\"background-attachment: initial; background-clip: initial; background-color: transparent; background-image: initial; background-origin: initial; border-bottom-width: 0px; border-color: initial; border-left-width: 0px; border-right-width: 0px; border-style: initial; border-top-width: 0px; margin-bottom: 15px; margin-left: 0px; margin-right: 0px; margin-top: 0px; outline-color: initial; outline-style: initial; outline-width: 0px; padding-bottom: 0px; padding-left: 0px; padding-right: 0px; padding-top: 0px;\"><span style=\"-webkit-transition-delay: initial; -webkit-transition-duration: 0.3s; -webkit-transition-property: color; -webkit-transition-timing-function: ease-out; background-attachment: initial; background-clip: initial; background-color: transparent; background-image: initial; background-origin: initial; border-bottom-width: 0px; border-color: initial; border-left-width: 0px; border-right-width: 0px; border-style: initial; border-top-width: 0px; margin-bottom: 0px; margin-left: 0px; margin-right: 0px; margin-top: 0px; outline-color: initial; outline-style: initial; outline-width: 0px; padding-bottom: 0px; padding-left: 0px; padding-right: 0px; padding-top: 0px;\"><span style=\"background-attachment: initial; background-clip: initial; background-color: transparent; background-image: initial; background-origin: initial; border-bottom-width: 0px; border-color: initial; border-left-width: 0px; border-right-width: 0px; border-style: initial; border-top-width: 0px; margin-bottom: 0px; margin-left: 0px; margin-right: 0px; margin-top: 0px; outline-color: initial; outline-style: initial; outline-width: 0px; padding-bottom: 0px; padding-left: 0px; padding-right: 0px; padding-top: 0px;\"><span style=\"color: black;\"><span style=\"font-family: Times, 'Times New Roman', serif; font-size: large;\"><br \/>Centro de Atenci\u00f3n Ciudadada (V\u00eda La Libertad-Salinas)<br \/>Para grupos: Reservaciones en la Secretaria Nacional de Gestion de Riesgos<br \/>277 9622 &#8211; 277 7759 &#8211; 277 9422 &#8211; 277 7969<\/span><\/span><span style=\"color: #23759c; font-family: Helvetica, Arial, sans-serif;\"><span style=\"-webkit-transition-delay: initial; -webkit-transition-duration: 0.3s; -webkit-transition-property: color; -webkit-transition-timing-function: ease-out; background-attachment: initial; background-clip: initial; background-color: transparent; background-image: initial; background-origin: initial; border-color: initial; border-style: initial; font-size: 12px; line-height: 20px; outline-color: initial; outline-width: initial;\"><a href=\"http:\/\/www.blogger.com\/goog_125850431\">santaelena@snriesgos.gov.ec<\/a><\/span><\/span><\/span><\/span>&nbsp;<\/div>\n<div class=\"pvc_clear\"><\/div>\n<p id=\"pvc_stats_1409\" class=\"pvc_stats total_only  \" data-element-id=\"1409\" style=\"\"><i class=\"pvc-stats-icon medium\" aria-hidden=\"true\"><svg aria-hidden=\"true\" focusable=\"false\" data-prefix=\"far\" data-icon=\"chart-bar\" role=\"img\" xmlns=\"http:\/\/www.w3.org\/2000\/svg\" viewBox=\"0 0 512 512\" class=\"svg-inline--fa fa-chart-bar fa-w-16 fa-2x\"><path fill=\"currentColor\" d=\"M396.8 352h22.4c6.4 0 12.8-6.4 12.8-12.8V108.8c0-6.4-6.4-12.8-12.8-12.8h-22.4c-6.4 0-12.8 6.4-12.8 12.8v230.4c0 6.4 6.4 12.8 12.8 12.8zm-192 0h22.4c6.4 0 12.8-6.4 12.8-12.8V140.8c0-6.4-6.4-12.8-12.8-12.8h-22.4c-6.4 0-12.8 6.4-12.8 12.8v198.4c0 6.4 6.4 12.8 12.8 12.8zm96 0h22.4c6.4 0 12.8-6.4 12.8-12.8V204.8c0-6.4-6.4-12.8-12.8-12.8h-22.4c-6.4 0-12.8 6.4-12.8 12.8v134.4c0 6.4 6.4 12.8 12.8 12.8zM496 400H48V80c0-8.84-7.16-16-16-16H16C7.16 64 0 71.16 0 80v336c0 17.67 14.33 32 32 32h464c8.84 0 16-7.16 16-16v-16c0-8.84-7.16-16-16-16zm-387.2-48h22.4c6.4 0 12.8-6.4 12.8-12.8v-70.4c0-6.4-6.4-12.8-12.8-12.8h-22.4c-6.4 0-12.8 6.4-12.8 12.8v70.4c0 6.4 6.4 12.8 12.8 12.8z\" class=\"\"><\/path><\/svg><\/i> <img decoding=\"async\" width=\"16\" height=\"16\" alt=\"Loading\" data-src=\"https:\/\/pachamamitaecu.org\/wp-content\/plugins\/page-views-count\/ajax-loader-2x.gif\" border=0 src=\"data:image\/svg+xml;base64,PHN2ZyB3aWR0aD0iMSIgaGVpZ2h0PSIxIiB4bWxucz0iaHR0cDovL3d3dy53My5vcmcvMjAwMC9zdmciPjwvc3ZnPg==\" class=\"lazyload\" style=\"--smush-placeholder-width: 16px; --smush-placeholder-aspect-ratio: 16\/16;\" \/><\/p>\n<div class=\"pvc_clear\"><\/div>\n","protected":false},"excerpt":{"rendered":"<p>La Secretar\u00eda Nacional de Gesti\u00f3n de Riesgos de Santa Elena invita a toda la colectividad a visitar su reci\u00e9n inaugurado Centro de Exposici\u00f3n Permanente de Prevenci\u00f3n de Riesgos, el cual est\u00e1 ubicado en la planta baja del Centro de Atenci\u00f3n Ciudadana de Santa Elena (en la v\u00eda La Libertad-Salinas). La exposici\u00f3n permanente est\u00e1 dise\u00f1ada para [&#8230;]\n","protected":false},"author":3,"featured_media":0,"comment_status":"open","ping_status":"closed","sticky":false,"template":"","format":"standard","meta":{"footnotes":""},"categories":[214,157],"tags":[],"class_list":["post-1409","post","type-post","status-publish","format-standard","hentry","category-interculturalidad","category-prevencion-desastres-naturales"],"a3_pvc":{"activated":true,"total_views":21,"today_views":0},"yoast_head":"<!-- This site is optimized with the Yoast SEO Premium plugin v24.2 (Yoast SEO v27.4) - https:\/\/yoast.com\/product\/yoast-seo-premium-wordpress\/ -->\n<title>Centro de Exposici\u00f3n Permanente de Prevenci\u00f3n de Riesgos - PachaMamita Ecuador<\/title>\n<meta name=\"robots\" content=\"index, follow, max-snippet:-1, max-image-preview:large, max-video-preview:-1\" \/>\n<link rel=\"canonical\" href=\"https:\/\/pachamamitaecu.org\/es_es\/2010\/12\/09\/permanent-risk-prevention-exhibition-centre\/\" \/>\n<meta property=\"og:locale\" content=\"es_ES\" \/>\n<meta property=\"og:type\" content=\"article\" \/>\n<meta property=\"og:title\" content=\"Centro de Exposici\u00f3n Permanente de Prevenci\u00f3n de Riesgos\" \/>\n<meta property=\"og:description\" content=\"La Secretar\u00eda Nacional de Gesti\u00f3n de Riesgos de Santa Elena invita a toda la colectividad a visitar su reci\u00e9n inaugurado Centro de Exposici\u00f3n Permanente de Prevenci\u00f3n de Riesgos, el cual est\u00e1 ubicado en la planta baja del Centro de Atenci\u00f3n Ciudadana de Santa Elena (en la v\u00eda La Libertad-Salinas). La exposici\u00f3n permanente est\u00e1 dise\u00f1ada para [...]\" \/>\n<meta property=\"og:url\" content=\"https:\/\/pachamamitaecu.org\/es_es\/2010\/12\/09\/permanent-risk-prevention-exhibition-centre\/\" \/>\n<meta property=\"og:site_name\" content=\"PachaMamita Ecuador\" \/>\n<meta property=\"article:publisher\" content=\"https:\/\/www.facebook.com\/pachamamitaecu\" \/>\n<meta property=\"article:published_time\" content=\"2010-12-09T14:07:00+00:00\" \/>\n<meta property=\"article:modified_time\" content=\"2023-03-01T15:52:46+00:00\" \/>\n<meta property=\"og:image\" content=\"http:\/\/1.bp.blogspot.com\/_ZWuzfyCxKMs\/TQDiRy2Q19I\/AAAAAAAAAz8\/nTie48fL8hI\/s1600\/SAM_0072.JPG\" \/>\n<meta name=\"author\" content=\"PachaMamita EC\" \/>\n<meta name=\"twitter:card\" content=\"summary_large_image\" \/>\n<meta name=\"twitter:label1\" content=\"Escrito por\" \/>\n\t<meta name=\"twitter:data1\" content=\"PachaMamita EC\" \/>\n\t<meta name=\"twitter:label2\" content=\"Tiempo de lectura\" \/>\n\t<meta name=\"twitter:data2\" content=\"2 minutos\" \/>\n<script type=\"application\/ld+json\" class=\"yoast-schema-graph\">{\"@context\":\"https:\\\/\\\/schema.org\",\"@graph\":[{\"@type\":\"Article\",\"@id\":\"https:\\\/\\\/pachamamitaecu.org\\\/en\\\/2010\\\/12\\\/09\\\/permanent-risk-prevention-exhibition-centre\\\/#article\",\"isPartOf\":{\"@id\":\"https:\\\/\\\/pachamamitaecu.org\\\/en\\\/2010\\\/12\\\/09\\\/permanent-risk-prevention-exhibition-centre\\\/\"},\"author\":{\"name\":\"PachaMamita EC\",\"@id\":\"https:\\\/\\\/pachamamitaecu.org\\\/es_es\\\/#\\\/schema\\\/person\\\/e8b42afae2451fadab5e0295f02c4593\"},\"headline\":\"Centro de Exposici\u00f3n Permanente de Prevenci\u00f3n de Riesgos\",\"datePublished\":\"2010-12-09T14:07:00+00:00\",\"dateModified\":\"2023-03-01T15:52:46+00:00\",\"mainEntityOfPage\":{\"@id\":\"https:\\\/\\\/pachamamitaecu.org\\\/en\\\/2010\\\/12\\\/09\\\/permanent-risk-prevention-exhibition-centre\\\/\"},\"wordCount\":343,\"commentCount\":0,\"publisher\":{\"@id\":\"https:\\\/\\\/pachamamitaecu.org\\\/es_es\\\/#organization\"},\"image\":{\"@id\":\"https:\\\/\\\/pachamamitaecu.org\\\/en\\\/2010\\\/12\\\/09\\\/permanent-risk-prevention-exhibition-centre\\\/#primaryimage\"},\"thumbnailUrl\":\"http:\\\/\\\/1.bp.blogspot.com\\\/_ZWuzfyCxKMs\\\/TQDiRy2Q19I\\\/AAAAAAAAAz8\\\/nTie48fL8hI\\\/s1600\\\/SAM_0072.JPG\",\"articleSection\":[\"INTERCULTURALIDAD\",\"prevencion desastres naturales\"],\"inLanguage\":\"es\",\"potentialAction\":[{\"@type\":\"CommentAction\",\"name\":\"Comment\",\"target\":[\"https:\\\/\\\/pachamamitaecu.org\\\/en\\\/2010\\\/12\\\/09\\\/permanent-risk-prevention-exhibition-centre\\\/#respond\"]}]},{\"@type\":\"WebPage\",\"@id\":\"https:\\\/\\\/pachamamitaecu.org\\\/en\\\/2010\\\/12\\\/09\\\/permanent-risk-prevention-exhibition-centre\\\/\",\"url\":\"https:\\\/\\\/pachamamitaecu.org\\\/en\\\/2010\\\/12\\\/09\\\/permanent-risk-prevention-exhibition-centre\\\/\",\"name\":\"Centro de Exposici\u00f3n Permanente de Prevenci\u00f3n de Riesgos - PachaMamita Ecuador\",\"isPartOf\":{\"@id\":\"https:\\\/\\\/pachamamitaecu.org\\\/es_es\\\/#website\"},\"primaryImageOfPage\":{\"@id\":\"https:\\\/\\\/pachamamitaecu.org\\\/en\\\/2010\\\/12\\\/09\\\/permanent-risk-prevention-exhibition-centre\\\/#primaryimage\"},\"image\":{\"@id\":\"https:\\\/\\\/pachamamitaecu.org\\\/en\\\/2010\\\/12\\\/09\\\/permanent-risk-prevention-exhibition-centre\\\/#primaryimage\"},\"thumbnailUrl\":\"http:\\\/\\\/1.bp.blogspot.com\\\/_ZWuzfyCxKMs\\\/TQDiRy2Q19I\\\/AAAAAAAAAz8\\\/nTie48fL8hI\\\/s1600\\\/SAM_0072.JPG\",\"datePublished\":\"2010-12-09T14:07:00+00:00\",\"dateModified\":\"2023-03-01T15:52:46+00:00\",\"breadcrumb\":{\"@id\":\"https:\\\/\\\/pachamamitaecu.org\\\/en\\\/2010\\\/12\\\/09\\\/permanent-risk-prevention-exhibition-centre\\\/#breadcrumb\"},\"inLanguage\":\"es\",\"potentialAction\":[{\"@type\":\"ReadAction\",\"target\":[\"https:\\\/\\\/pachamamitaecu.org\\\/en\\\/2010\\\/12\\\/09\\\/permanent-risk-prevention-exhibition-centre\\\/\"]}]},{\"@type\":\"ImageObject\",\"inLanguage\":\"es\",\"@id\":\"https:\\\/\\\/pachamamitaecu.org\\\/en\\\/2010\\\/12\\\/09\\\/permanent-risk-prevention-exhibition-centre\\\/#primaryimage\",\"url\":\"http:\\\/\\\/1.bp.blogspot.com\\\/_ZWuzfyCxKMs\\\/TQDiRy2Q19I\\\/AAAAAAAAAz8\\\/nTie48fL8hI\\\/s1600\\\/SAM_0072.JPG\",\"contentUrl\":\"http:\\\/\\\/1.bp.blogspot.com\\\/_ZWuzfyCxKMs\\\/TQDiRy2Q19I\\\/AAAAAAAAAz8\\\/nTie48fL8hI\\\/s1600\\\/SAM_0072.JPG\"},{\"@type\":\"BreadcrumbList\",\"@id\":\"https:\\\/\\\/pachamamitaecu.org\\\/en\\\/2010\\\/12\\\/09\\\/permanent-risk-prevention-exhibition-centre\\\/#breadcrumb\",\"itemListElement\":[{\"@type\":\"ListItem\",\"position\":1,\"name\":\"Portada\",\"item\":\"https:\\\/\\\/pachamamitaecu.org\\\/es_es\\\/\"},{\"@type\":\"ListItem\",\"position\":2,\"name\":\"Centro de Exposici\u00f3n Permanente de Prevenci\u00f3n de Riesgos\"}]},{\"@type\":\"WebSite\",\"@id\":\"https:\\\/\\\/pachamamitaecu.org\\\/es_es\\\/#website\",\"url\":\"https:\\\/\\\/pachamamitaecu.org\\\/es_es\\\/\",\"name\":\"PachaMamita Ecuador\",\"description\":\"CULTURA. AGROECOLOG\u00cdA. TURISMO Y CONSUMO RESPONSABLE-ECUADOR.\",\"publisher\":{\"@id\":\"https:\\\/\\\/pachamamitaecu.org\\\/es_es\\\/#organization\"},\"potentialAction\":[{\"@type\":\"SearchAction\",\"target\":{\"@type\":\"EntryPoint\",\"urlTemplate\":\"https:\\\/\\\/pachamamitaecu.org\\\/es_es\\\/?s={search_term_string}\"},\"query-input\":{\"@type\":\"PropertyValueSpecification\",\"valueRequired\":true,\"valueName\":\"search_term_string\"}}],\"inLanguage\":\"es\"},{\"@type\":\"Organization\",\"@id\":\"https:\\\/\\\/pachamamitaecu.org\\\/es_es\\\/#organization\",\"name\":\"PachaMamita Ecuador\",\"url\":\"https:\\\/\\\/pachamamitaecu.org\\\/es_es\\\/\",\"logo\":{\"@type\":\"ImageObject\",\"inLanguage\":\"es\",\"@id\":\"https:\\\/\\\/pachamamitaecu.org\\\/es_es\\\/#\\\/schema\\\/logo\\\/image\\\/\",\"url\":\"https:\\\/\\\/pachamamitaecu.org\\\/wp-content\\\/uploads\\\/2024\\\/04\\\/cropped-Diseno-sin-titulo-13.png\",\"contentUrl\":\"https:\\\/\\\/pachamamitaecu.org\\\/wp-content\\\/uploads\\\/2024\\\/04\\\/cropped-Diseno-sin-titulo-13.png\",\"width\":512,\"height\":512,\"caption\":\"PachaMamita Ecuador\"},\"image\":{\"@id\":\"https:\\\/\\\/pachamamitaecu.org\\\/es_es\\\/#\\\/schema\\\/logo\\\/image\\\/\"},\"sameAs\":[\"https:\\\/\\\/www.facebook.com\\\/pachamamitaecu\"]},{\"@type\":\"Person\",\"@id\":\"https:\\\/\\\/pachamamitaecu.org\\\/es_es\\\/#\\\/schema\\\/person\\\/e8b42afae2451fadab5e0295f02c4593\",\"name\":\"PachaMamita EC\",\"image\":{\"@type\":\"ImageObject\",\"inLanguage\":\"es\",\"@id\":\"https:\\\/\\\/pachamamitaecu.org\\\/wp-content\\\/litespeed\\\/avatar\\\/23494c9101089ad44ae88ce9d2f56aac.jpg?ver=1777350952\",\"url\":\"https:\\\/\\\/pachamamitaecu.org\\\/wp-content\\\/litespeed\\\/avatar\\\/23494c9101089ad44ae88ce9d2f56aac.jpg?ver=1777350952\",\"contentUrl\":\"https:\\\/\\\/pachamamitaecu.org\\\/wp-content\\\/litespeed\\\/avatar\\\/23494c9101089ad44ae88ce9d2f56aac.jpg?ver=1777350952\",\"caption\":\"PachaMamita EC\"},\"url\":\"https:\\\/\\\/pachamamitaecu.org\\\/es_es\\\/author\\\/pachamamita-ec\\\/\"}]}<\/script>\n<!-- \/ Yoast SEO Premium plugin. -->","yoast_head_json":{"title":"Centro de Exposici\u00f3n Permanente de Prevenci\u00f3n de Riesgos - PachaMamita Ecuador","robots":{"index":"index","follow":"follow","max-snippet":"max-snippet:-1","max-image-preview":"max-image-preview:large","max-video-preview":"max-video-preview:-1"},"canonical":"https:\/\/pachamamitaecu.org\/es_es\/2010\/12\/09\/permanent-risk-prevention-exhibition-centre\/","og_locale":"es_ES","og_type":"article","og_title":"Centro de Exposici\u00f3n Permanente de Prevenci\u00f3n de Riesgos","og_description":"La Secretar\u00eda Nacional de Gesti\u00f3n de Riesgos de Santa Elena invita a toda la colectividad a visitar su reci\u00e9n inaugurado Centro de Exposici\u00f3n Permanente de Prevenci\u00f3n de Riesgos, el cual est\u00e1 ubicado en la planta baja del Centro de Atenci\u00f3n Ciudadana de Santa Elena (en la v\u00eda La Libertad-Salinas). La exposici\u00f3n permanente est\u00e1 dise\u00f1ada para [...]","og_url":"https:\/\/pachamamitaecu.org\/es_es\/2010\/12\/09\/permanent-risk-prevention-exhibition-centre\/","og_site_name":"PachaMamita Ecuador","article_publisher":"https:\/\/www.facebook.com\/pachamamitaecu","article_published_time":"2010-12-09T14:07:00+00:00","article_modified_time":"2023-03-01T15:52:46+00:00","og_image":[{"url":"http:\/\/1.bp.blogspot.com\/_ZWuzfyCxKMs\/TQDiRy2Q19I\/AAAAAAAAAz8\/nTie48fL8hI\/s1600\/SAM_0072.JPG","type":"","width":"","height":""}],"author":"PachaMamita EC","twitter_card":"summary_large_image","twitter_misc":{"Escrito por":"PachaMamita EC","Tiempo de lectura":"2 minutos"},"schema":{"@context":"https:\/\/schema.org","@graph":[{"@type":"Article","@id":"https:\/\/pachamamitaecu.org\/en\/2010\/12\/09\/permanent-risk-prevention-exhibition-centre\/#article","isPartOf":{"@id":"https:\/\/pachamamitaecu.org\/en\/2010\/12\/09\/permanent-risk-prevention-exhibition-centre\/"},"author":{"name":"PachaMamita EC","@id":"https:\/\/pachamamitaecu.org\/es_es\/#\/schema\/person\/e8b42afae2451fadab5e0295f02c4593"},"headline":"Centro de Exposici\u00f3n Permanente de Prevenci\u00f3n de Riesgos","datePublished":"2010-12-09T14:07:00+00:00","dateModified":"2023-03-01T15:52:46+00:00","mainEntityOfPage":{"@id":"https:\/\/pachamamitaecu.org\/en\/2010\/12\/09\/permanent-risk-prevention-exhibition-centre\/"},"wordCount":343,"commentCount":0,"publisher":{"@id":"https:\/\/pachamamitaecu.org\/es_es\/#organization"},"image":{"@id":"https:\/\/pachamamitaecu.org\/en\/2010\/12\/09\/permanent-risk-prevention-exhibition-centre\/#primaryimage"},"thumbnailUrl":"http:\/\/1.bp.blogspot.com\/_ZWuzfyCxKMs\/TQDiRy2Q19I\/AAAAAAAAAz8\/nTie48fL8hI\/s1600\/SAM_0072.JPG","articleSection":["INTERCULTURALIDAD","prevencion desastres naturales"],"inLanguage":"es","potentialAction":[{"@type":"CommentAction","name":"Comment","target":["https:\/\/pachamamitaecu.org\/en\/2010\/12\/09\/permanent-risk-prevention-exhibition-centre\/#respond"]}]},{"@type":"WebPage","@id":"https:\/\/pachamamitaecu.org\/en\/2010\/12\/09\/permanent-risk-prevention-exhibition-centre\/","url":"https:\/\/pachamamitaecu.org\/en\/2010\/12\/09\/permanent-risk-prevention-exhibition-centre\/","name":"Centro de Exposici\u00f3n Permanente de Prevenci\u00f3n de Riesgos - PachaMamita Ecuador","isPartOf":{"@id":"https:\/\/pachamamitaecu.org\/es_es\/#website"},"primaryImageOfPage":{"@id":"https:\/\/pachamamitaecu.org\/en\/2010\/12\/09\/permanent-risk-prevention-exhibition-centre\/#primaryimage"},"image":{"@id":"https:\/\/pachamamitaecu.org\/en\/2010\/12\/09\/permanent-risk-prevention-exhibition-centre\/#primaryimage"},"thumbnailUrl":"http:\/\/1.bp.blogspot.com\/_ZWuzfyCxKMs\/TQDiRy2Q19I\/AAAAAAAAAz8\/nTie48fL8hI\/s1600\/SAM_0072.JPG","datePublished":"2010-12-09T14:07:00+00:00","dateModified":"2023-03-01T15:52:46+00:00","breadcrumb":{"@id":"https:\/\/pachamamitaecu.org\/en\/2010\/12\/09\/permanent-risk-prevention-exhibition-centre\/#breadcrumb"},"inLanguage":"es","potentialAction":[{"@type":"ReadAction","target":["https:\/\/pachamamitaecu.org\/en\/2010\/12\/09\/permanent-risk-prevention-exhibition-centre\/"]}]},{"@type":"ImageObject","inLanguage":"es","@id":"https:\/\/pachamamitaecu.org\/en\/2010\/12\/09\/permanent-risk-prevention-exhibition-centre\/#primaryimage","url":"http:\/\/1.bp.blogspot.com\/_ZWuzfyCxKMs\/TQDiRy2Q19I\/AAAAAAAAAz8\/nTie48fL8hI\/s1600\/SAM_0072.JPG","contentUrl":"http:\/\/1.bp.blogspot.com\/_ZWuzfyCxKMs\/TQDiRy2Q19I\/AAAAAAAAAz8\/nTie48fL8hI\/s1600\/SAM_0072.JPG"},{"@type":"BreadcrumbList","@id":"https:\/\/pachamamitaecu.org\/en\/2010\/12\/09\/permanent-risk-prevention-exhibition-centre\/#breadcrumb","itemListElement":[{"@type":"ListItem","position":1,"name":"Portada","item":"https:\/\/pachamamitaecu.org\/es_es\/"},{"@type":"ListItem","position":2,"name":"Centro de Exposici\u00f3n Permanente de Prevenci\u00f3n de Riesgos"}]},{"@type":"WebSite","@id":"https:\/\/pachamamitaecu.org\/es_es\/#website","url":"https:\/\/pachamamitaecu.org\/es_es\/","name":"PachaMamita Ecuador","description":"CULTURA. AGROECOLOG\u00cdA. TURISMO Y CONSUMO RESPONSABLE-ECUADOR.","publisher":{"@id":"https:\/\/pachamamitaecu.org\/es_es\/#organization"},"potentialAction":[{"@type":"SearchAction","target":{"@type":"EntryPoint","urlTemplate":"https:\/\/pachamamitaecu.org\/es_es\/?s={search_term_string}"},"query-input":{"@type":"PropertyValueSpecification","valueRequired":true,"valueName":"search_term_string"}}],"inLanguage":"es"},{"@type":"Organization","@id":"https:\/\/pachamamitaecu.org\/es_es\/#organization","name":"PachaMamita Ecuador","url":"https:\/\/pachamamitaecu.org\/es_es\/","logo":{"@type":"ImageObject","inLanguage":"es","@id":"https:\/\/pachamamitaecu.org\/es_es\/#\/schema\/logo\/image\/","url":"https:\/\/pachamamitaecu.org\/wp-content\/uploads\/2024\/04\/cropped-Diseno-sin-titulo-13.png","contentUrl":"https:\/\/pachamamitaecu.org\/wp-content\/uploads\/2024\/04\/cropped-Diseno-sin-titulo-13.png","width":512,"height":512,"caption":"PachaMamita Ecuador"},"image":{"@id":"https:\/\/pachamamitaecu.org\/es_es\/#\/schema\/logo\/image\/"},"sameAs":["https:\/\/www.facebook.com\/pachamamitaecu"]},{"@type":"Person","@id":"https:\/\/pachamamitaecu.org\/es_es\/#\/schema\/person\/e8b42afae2451fadab5e0295f02c4593","name":"PachaMamita EC","image":{"@type":"ImageObject","inLanguage":"es","@id":"https:\/\/pachamamitaecu.org\/wp-content\/litespeed\/avatar\/23494c9101089ad44ae88ce9d2f56aac.jpg?ver=1777350952","url":"https:\/\/pachamamitaecu.org\/wp-content\/litespeed\/avatar\/23494c9101089ad44ae88ce9d2f56aac.jpg?ver=1777350952","contentUrl":"https:\/\/pachamamitaecu.org\/wp-content\/litespeed\/avatar\/23494c9101089ad44ae88ce9d2f56aac.jpg?ver=1777350952","caption":"PachaMamita EC"},"url":"https:\/\/pachamamitaecu.org\/es_es\/author\/pachamamita-ec\/"}]}},"_links":{"self":[{"href":"https:\/\/pachamamitaecu.org\/es_es\/wp-json\/wp\/v2\/posts\/1409","targetHints":{"allow":["GET"]}}],"collection":[{"href":"https:\/\/pachamamitaecu.org\/es_es\/wp-json\/wp\/v2\/posts"}],"about":[{"href":"https:\/\/pachamamitaecu.org\/es_es\/wp-json\/wp\/v2\/types\/post"}],"author":[{"embeddable":true,"href":"https:\/\/pachamamitaecu.org\/es_es\/wp-json\/wp\/v2\/users\/3"}],"replies":[{"embeddable":true,"href":"https:\/\/pachamamitaecu.org\/es_es\/wp-json\/wp\/v2\/comments?post=1409"}],"version-history":[{"count":0,"href":"https:\/\/pachamamitaecu.org\/es_es\/wp-json\/wp\/v2\/posts\/1409\/revisions"}],"wp:attachment":[{"href":"https:\/\/pachamamitaecu.org\/es_es\/wp-json\/wp\/v2\/media?parent=1409"}],"wp:term":[{"taxonomy":"category","embeddable":true,"href":"https:\/\/pachamamitaecu.org\/es_es\/wp-json\/wp\/v2\/categories?post=1409"},{"taxonomy":"post_tag","embeddable":true,"href":"https:\/\/pachamamitaecu.org\/es_es\/wp-json\/wp\/v2\/tags?post=1409"}],"curies":[{"name":"wp","href":"https:\/\/api.w.org\/{rel}","templated":true}]}}