{"id":1435,"date":"2010-10-17T15:05:00","date_gmt":"2010-10-17T15:05:00","guid":{"rendered":"http:\/\/pachamamitaecu-org-720647.hostingersite.com\/2010\/10\/17\/jovenes-en-accion-1-capacitacion-en-gestion-de-riesgos\/"},"modified":"2010-10-17T15:05:00","modified_gmt":"2010-10-17T15:05:00","slug":"jovenes-en-accion-1-capacitacion-en-gestion-de-riesgos","status":"publish","type":"post","link":"https:\/\/pachamamitaecu.org\/es_es\/2010\/10\/17\/jovenes-en-accion-1-capacitacion-en-gestion-de-riesgos\/","title":{"rendered":"J\u00f3venes en Acci\u00f3n 1. (Capacitaci\u00f3n en Gesti\u00f3n de Riesgos)"},"content":{"rendered":"<table cellpadding=\"0\" cellspacing=\"0\" style=\"float: left; margin-right: 1em; text-align: left;\">\n<tbody>\n<tr>\n<td style=\"text-align: center;\"><a href=\"http:\/\/2.bp.blogspot.com\/_ZWuzfyCxKMs\/TLsP97NRTGI\/AAAAAAAAAsA\/Ar6FmcAYZeU\/s1600\/SAM_0507.JPG\" style=\"clear: left; margin-bottom: 1em; margin-left: auto; margin-right: auto;\"><img decoding=\"async\" border=\"0\" data-src=\"http:\/\/2.bp.blogspot.com\/_ZWuzfyCxKMs\/TLsP97NRTGI\/AAAAAAAAAsA\/Ar6FmcAYZeU\/s1600\/SAM_0507.JPG\" src=\"data:image\/svg+xml;base64,PHN2ZyB3aWR0aD0iMSIgaGVpZ2h0PSIxIiB4bWxucz0iaHR0cDovL3d3dy53My5vcmcvMjAwMC9zdmciPjwvc3ZnPg==\" class=\"lazyload\" \/><\/a><\/td>\n<\/tr>\n<tr>\n<td style=\"text-align: center;\"><span style=\"color: red;\">Demostraci\u00f3n de t\u00e9cnica de respiraci\u00f3n<br \/>boca a boca<\/span><\/td>\n<\/tr>\n<\/tbody>\n<\/table>\n<p><span style=\"color: purple;\"><span style=\"font-size: x-large;\">Dentro de los personajes que se mueven sin mucho \u00abbombo y platillo\u00bb &nbsp;porque en sus &nbsp;sue\u00f1os est\u00e1 el alcanzar a ser responsables directos de su bienestar, encontramos definitivamente muchos rostros de j\u00f3venes peninsulares (de nacimiento o de coraz\u00f3n).<\/span><\/span><br \/><span style=\"color: purple;\"><span style=\"font-size: x-large;\"><br \/><\/span><\/span><br \/><span style=\"color: purple;\"><span style=\"font-size: x-large;\">Ya sea participando en actos como Limpieza de Playas (como en el caso de la Brigada de las Ostras y de la Hermandad Juvenil Solidaria en Ballenita); o en actividades de entrenamiento de prevenci\u00f3n ante desastres naturales ; son muchos los j\u00f3venes de este sector del pa\u00eds que est\u00e1n forjando mejores d\u00edas para toda la comunidad.<\/span><\/span><br \/><span style=\"color: purple;\"><span style=\"font-size: x-large;\"><br \/><\/span><\/span><br \/><span style=\"color: purple;\"><span style=\"font-size: x-large;\">Es as\u00ed que es muy frecuente ver grupos de colegiales de los \u00faltimos a\u00f1os de bachillerato uniformados con camisetas color naranja y con la insignia de la Secretar\u00eda Nacional de Gesti\u00f3n de Riesgos.&nbsp;<\/span><\/span><br \/><span style=\"color: purple;\"><span style=\"font-size: x-large;\">Ellos durante varios meses se han estado capacitando en temas como primeros auxilios en casos como desastres naturales.&nbsp;<\/span><\/span><br \/><span style=\"color: purple;\"><span style=\"font-size: x-large;\"><br \/><\/span><\/span><br \/><span style=\"color: purple;\"><span style=\"font-size: x-large;\">Nos encontramos con un grupo de estudiantes del Colegio T\u00e9cnico \u00abMuey\u00bb quienes nos explicaron que todos los s\u00e1bados han estado recibiendo esta capacitaci\u00f3n; la cual pensamos es de vital importancia pues de esta manera si se logra el efecto multiplicador en la comunidad que hab\u00eda sido uno de los puntos m\u00e1s \u00e1lgidos de &nbsp;los programas de la Secretar\u00eda de Gesti\u00f3n de Riesgos en la Provincia.<\/span><\/span><br \/><span style=\"color: purple;\"><span style=\"font-size: x-large;\"><br \/><\/span><\/span><br \/><span style=\"color: purple;\"><span style=\"font-size: x-large;\">Felicitamos a quienes han realizado estos entrenamientos y les recordamos que Ballenita si online es una ventana abierta para mostrar el trabajo, ideas, y sue\u00f1os de j\u00f3venes en especial durante este 2010 que es el A\u00f1o Internacional de la Juventud.<\/span><\/span><\/p>\n<div class=\"pvc_clear\"><\/div>\n<p id=\"pvc_stats_1435\" class=\"pvc_stats total_only  \" data-element-id=\"1435\" style=\"\"><i class=\"pvc-stats-icon medium\" aria-hidden=\"true\"><svg aria-hidden=\"true\" focusable=\"false\" data-prefix=\"far\" data-icon=\"chart-bar\" role=\"img\" xmlns=\"http:\/\/www.w3.org\/2000\/svg\" viewBox=\"0 0 512 512\" class=\"svg-inline--fa fa-chart-bar fa-w-16 fa-2x\"><path fill=\"currentColor\" d=\"M396.8 352h22.4c6.4 0 12.8-6.4 12.8-12.8V108.8c0-6.4-6.4-12.8-12.8-12.8h-22.4c-6.4 0-12.8 6.4-12.8 12.8v230.4c0 6.4 6.4 12.8 12.8 12.8zm-192 0h22.4c6.4 0 12.8-6.4 12.8-12.8V140.8c0-6.4-6.4-12.8-12.8-12.8h-22.4c-6.4 0-12.8 6.4-12.8 12.8v198.4c0 6.4 6.4 12.8 12.8 12.8zm96 0h22.4c6.4 0 12.8-6.4 12.8-12.8V204.8c0-6.4-6.4-12.8-12.8-12.8h-22.4c-6.4 0-12.8 6.4-12.8 12.8v134.4c0 6.4 6.4 12.8 12.8 12.8zM496 400H48V80c0-8.84-7.16-16-16-16H16C7.16 64 0 71.16 0 80v336c0 17.67 14.33 32 32 32h464c8.84 0 16-7.16 16-16v-16c0-8.84-7.16-16-16-16zm-387.2-48h22.4c6.4 0 12.8-6.4 12.8-12.8v-70.4c0-6.4-6.4-12.8-12.8-12.8h-22.4c-6.4 0-12.8 6.4-12.8 12.8v70.4c0 6.4 6.4 12.8 12.8 12.8z\" class=\"\"><\/path><\/svg><\/i> <img decoding=\"async\" width=\"16\" height=\"16\" alt=\"Loading\" data-src=\"https:\/\/pachamamitaecu.org\/wp-content\/plugins\/page-views-count\/ajax-loader-2x.gif\" border=0 src=\"data:image\/svg+xml;base64,PHN2ZyB3aWR0aD0iMSIgaGVpZ2h0PSIxIiB4bWxucz0iaHR0cDovL3d3dy53My5vcmcvMjAwMC9zdmciPjwvc3ZnPg==\" class=\"lazyload\" style=\"--smush-placeholder-width: 16px; --smush-placeholder-aspect-ratio: 16\/16;\" \/><\/p>\n<div class=\"pvc_clear\"><\/div>\n","protected":false},"excerpt":{"rendered":"<p>Demostraci\u00f3n de t\u00e9cnica de respiraci\u00f3nboca a boca Dentro de los personajes que se mueven sin mucho \u00abbombo y platillo\u00bb &nbsp;porque en sus &nbsp;sue\u00f1os est\u00e1 el alcanzar a ser responsables directos de su bienestar, encontramos definitivamente muchos rostros de j\u00f3venes peninsulares (de nacimiento o de coraz\u00f3n).Ya sea participando en actos como Limpieza de Playas (como en [&#8230;]\n","protected":false},"author":3,"featured_media":0,"comment_status":"open","ping_status":"closed","sticky":false,"template":"","format":"standard","meta":{"footnotes":""},"categories":[140,154,157],"tags":[],"class_list":["post-1435","post","type-post","status-publish","format-standard","hentry","category-personajes-peninsulares","category-preparacion-ante-desastres","category-prevencion-desastres-naturales"],"a3_pvc":{"activated":true,"total_views":26,"today_views":0},"yoast_head":"<!-- This site is optimized with the Yoast SEO Premium plugin v24.2 (Yoast SEO v27.4) - https:\/\/yoast.com\/product\/yoast-seo-premium-wordpress\/ -->\n<title>J\u00f3venes en Acci\u00f3n 1. (Capacitaci\u00f3n en Gesti\u00f3n de Riesgos) - PachaMamita Ecuador<\/title>\n<meta name=\"robots\" content=\"index, follow, max-snippet:-1, max-image-preview:large, max-video-preview:-1\" \/>\n<link rel=\"canonical\" href=\"https:\/\/pachamamitaecu.org\/es_es\/2010\/10\/17\/jovenes-en-accion-1-capacitacion-en-gestion-de-riesgos\/\" \/>\n<meta property=\"og:locale\" content=\"es_ES\" \/>\n<meta property=\"og:type\" content=\"article\" \/>\n<meta property=\"og:title\" content=\"J\u00f3venes en Acci\u00f3n 1. (Capacitaci\u00f3n en Gesti\u00f3n de Riesgos)\" \/>\n<meta property=\"og:description\" content=\"Demostraci\u00f3n de t\u00e9cnica de respiraci\u00f3nboca a boca Dentro de los personajes que se mueven sin mucho \u00abbombo y platillo\u00bb &nbsp;porque en sus &nbsp;sue\u00f1os est\u00e1 el alcanzar a ser responsables directos de su bienestar, encontramos definitivamente muchos rostros de j\u00f3venes peninsulares (de nacimiento o de coraz\u00f3n).Ya sea participando en actos como Limpieza de Playas (como en [...]\" \/>\n<meta property=\"og:url\" content=\"https:\/\/pachamamitaecu.org\/es_es\/2010\/10\/17\/jovenes-en-accion-1-capacitacion-en-gestion-de-riesgos\/\" \/>\n<meta property=\"og:site_name\" content=\"PachaMamita Ecuador\" \/>\n<meta property=\"article:publisher\" content=\"https:\/\/www.facebook.com\/pachamamitaecu\" \/>\n<meta property=\"article:published_time\" content=\"2010-10-17T15:05:00+00:00\" \/>\n<meta property=\"og:image\" content=\"http:\/\/2.bp.blogspot.com\/_ZWuzfyCxKMs\/TLsP97NRTGI\/AAAAAAAAAsA\/Ar6FmcAYZeU\/s1600\/SAM_0507.JPG\" \/>\n<meta name=\"author\" content=\"PachaMamita EC\" \/>\n<meta name=\"twitter:card\" content=\"summary_large_image\" \/>\n<meta name=\"twitter:label1\" content=\"Escrito por\" \/>\n\t<meta name=\"twitter:data1\" content=\"PachaMamita EC\" \/>\n\t<meta name=\"twitter:label2\" content=\"Tiempo de lectura\" \/>\n\t<meta name=\"twitter:data2\" content=\"1 minuto\" \/>\n<script type=\"application\/ld+json\" class=\"yoast-schema-graph\">{\"@context\":\"https:\\\/\\\/schema.org\",\"@graph\":[{\"@type\":\"Article\",\"@id\":\"https:\\\/\\\/pachamamitaecu.org\\\/es_es\\\/2010\\\/10\\\/17\\\/jovenes-en-accion-1-capacitacion-en-gestion-de-riesgos\\\/#article\",\"isPartOf\":{\"@id\":\"https:\\\/\\\/pachamamitaecu.org\\\/es_es\\\/2010\\\/10\\\/17\\\/jovenes-en-accion-1-capacitacion-en-gestion-de-riesgos\\\/\"},\"author\":{\"name\":\"PachaMamita EC\",\"@id\":\"https:\\\/\\\/pachamamitaecu.org\\\/es_es\\\/#\\\/schema\\\/person\\\/e8b42afae2451fadab5e0295f02c4593\"},\"headline\":\"J\u00f3venes en Acci\u00f3n 1. (Capacitaci\u00f3n en Gesti\u00f3n de Riesgos)\",\"datePublished\":\"2010-10-17T15:05:00+00:00\",\"mainEntityOfPage\":{\"@id\":\"https:\\\/\\\/pachamamitaecu.org\\\/es_es\\\/2010\\\/10\\\/17\\\/jovenes-en-accion-1-capacitacion-en-gestion-de-riesgos\\\/\"},\"wordCount\":296,\"commentCount\":0,\"publisher\":{\"@id\":\"https:\\\/\\\/pachamamitaecu.org\\\/es_es\\\/#organization\"},\"image\":{\"@id\":\"https:\\\/\\\/pachamamitaecu.org\\\/es_es\\\/2010\\\/10\\\/17\\\/jovenes-en-accion-1-capacitacion-en-gestion-de-riesgos\\\/#primaryimage\"},\"thumbnailUrl\":\"http:\\\/\\\/2.bp.blogspot.com\\\/_ZWuzfyCxKMs\\\/TLsP97NRTGI\\\/AAAAAAAAAsA\\\/Ar6FmcAYZeU\\\/s1600\\\/SAM_0507.JPG\",\"articleSection\":[\"PERSONAJES PENINSULARES\",\"Preparacion ante desastres\",\"prevencion desastres naturales\"],\"inLanguage\":\"es\",\"potentialAction\":[{\"@type\":\"CommentAction\",\"name\":\"Comment\",\"target\":[\"https:\\\/\\\/pachamamitaecu.org\\\/es_es\\\/2010\\\/10\\\/17\\\/jovenes-en-accion-1-capacitacion-en-gestion-de-riesgos\\\/#respond\"]}]},{\"@type\":\"WebPage\",\"@id\":\"https:\\\/\\\/pachamamitaecu.org\\\/es_es\\\/2010\\\/10\\\/17\\\/jovenes-en-accion-1-capacitacion-en-gestion-de-riesgos\\\/\",\"url\":\"https:\\\/\\\/pachamamitaecu.org\\\/es_es\\\/2010\\\/10\\\/17\\\/jovenes-en-accion-1-capacitacion-en-gestion-de-riesgos\\\/\",\"name\":\"J\u00f3venes en Acci\u00f3n 1. (Capacitaci\u00f3n en Gesti\u00f3n de Riesgos) - PachaMamita Ecuador\",\"isPartOf\":{\"@id\":\"https:\\\/\\\/pachamamitaecu.org\\\/es_es\\\/#website\"},\"primaryImageOfPage\":{\"@id\":\"https:\\\/\\\/pachamamitaecu.org\\\/es_es\\\/2010\\\/10\\\/17\\\/jovenes-en-accion-1-capacitacion-en-gestion-de-riesgos\\\/#primaryimage\"},\"image\":{\"@id\":\"https:\\\/\\\/pachamamitaecu.org\\\/es_es\\\/2010\\\/10\\\/17\\\/jovenes-en-accion-1-capacitacion-en-gestion-de-riesgos\\\/#primaryimage\"},\"thumbnailUrl\":\"http:\\\/\\\/2.bp.blogspot.com\\\/_ZWuzfyCxKMs\\\/TLsP97NRTGI\\\/AAAAAAAAAsA\\\/Ar6FmcAYZeU\\\/s1600\\\/SAM_0507.JPG\",\"datePublished\":\"2010-10-17T15:05:00+00:00\",\"breadcrumb\":{\"@id\":\"https:\\\/\\\/pachamamitaecu.org\\\/es_es\\\/2010\\\/10\\\/17\\\/jovenes-en-accion-1-capacitacion-en-gestion-de-riesgos\\\/#breadcrumb\"},\"inLanguage\":\"es\",\"potentialAction\":[{\"@type\":\"ReadAction\",\"target\":[\"https:\\\/\\\/pachamamitaecu.org\\\/es_es\\\/2010\\\/10\\\/17\\\/jovenes-en-accion-1-capacitacion-en-gestion-de-riesgos\\\/\"]}]},{\"@type\":\"ImageObject\",\"inLanguage\":\"es\",\"@id\":\"https:\\\/\\\/pachamamitaecu.org\\\/es_es\\\/2010\\\/10\\\/17\\\/jovenes-en-accion-1-capacitacion-en-gestion-de-riesgos\\\/#primaryimage\",\"url\":\"http:\\\/\\\/2.bp.blogspot.com\\\/_ZWuzfyCxKMs\\\/TLsP97NRTGI\\\/AAAAAAAAAsA\\\/Ar6FmcAYZeU\\\/s1600\\\/SAM_0507.JPG\",\"contentUrl\":\"http:\\\/\\\/2.bp.blogspot.com\\\/_ZWuzfyCxKMs\\\/TLsP97NRTGI\\\/AAAAAAAAAsA\\\/Ar6FmcAYZeU\\\/s1600\\\/SAM_0507.JPG\"},{\"@type\":\"BreadcrumbList\",\"@id\":\"https:\\\/\\\/pachamamitaecu.org\\\/es_es\\\/2010\\\/10\\\/17\\\/jovenes-en-accion-1-capacitacion-en-gestion-de-riesgos\\\/#breadcrumb\",\"itemListElement\":[{\"@type\":\"ListItem\",\"position\":1,\"name\":\"Portada\",\"item\":\"https:\\\/\\\/pachamamitaecu.org\\\/es_es\\\/\"},{\"@type\":\"ListItem\",\"position\":2,\"name\":\"J\u00f3venes en Acci\u00f3n 1. (Capacitaci\u00f3n en Gesti\u00f3n de Riesgos)\"}]},{\"@type\":\"WebSite\",\"@id\":\"https:\\\/\\\/pachamamitaecu.org\\\/es_es\\\/#website\",\"url\":\"https:\\\/\\\/pachamamitaecu.org\\\/es_es\\\/\",\"name\":\"PachaMamita Ecuador\",\"description\":\"CULTURA. AGROECOLOG\u00cdA. TURISMO Y CONSUMO RESPONSABLE-ECUADOR.\",\"publisher\":{\"@id\":\"https:\\\/\\\/pachamamitaecu.org\\\/es_es\\\/#organization\"},\"potentialAction\":[{\"@type\":\"SearchAction\",\"target\":{\"@type\":\"EntryPoint\",\"urlTemplate\":\"https:\\\/\\\/pachamamitaecu.org\\\/es_es\\\/?s={search_term_string}\"},\"query-input\":{\"@type\":\"PropertyValueSpecification\",\"valueRequired\":true,\"valueName\":\"search_term_string\"}}],\"inLanguage\":\"es\"},{\"@type\":\"Organization\",\"@id\":\"https:\\\/\\\/pachamamitaecu.org\\\/es_es\\\/#organization\",\"name\":\"PachaMamita Ecuador\",\"url\":\"https:\\\/\\\/pachamamitaecu.org\\\/es_es\\\/\",\"logo\":{\"@type\":\"ImageObject\",\"inLanguage\":\"es\",\"@id\":\"https:\\\/\\\/pachamamitaecu.org\\\/es_es\\\/#\\\/schema\\\/logo\\\/image\\\/\",\"url\":\"https:\\\/\\\/pachamamitaecu.org\\\/wp-content\\\/uploads\\\/2024\\\/04\\\/cropped-Diseno-sin-titulo-13.png\",\"contentUrl\":\"https:\\\/\\\/pachamamitaecu.org\\\/wp-content\\\/uploads\\\/2024\\\/04\\\/cropped-Diseno-sin-titulo-13.png\",\"width\":512,\"height\":512,\"caption\":\"PachaMamita Ecuador\"},\"image\":{\"@id\":\"https:\\\/\\\/pachamamitaecu.org\\\/es_es\\\/#\\\/schema\\\/logo\\\/image\\\/\"},\"sameAs\":[\"https:\\\/\\\/www.facebook.com\\\/pachamamitaecu\"]},{\"@type\":\"Person\",\"@id\":\"https:\\\/\\\/pachamamitaecu.org\\\/es_es\\\/#\\\/schema\\\/person\\\/e8b42afae2451fadab5e0295f02c4593\",\"name\":\"PachaMamita EC\",\"image\":{\"@type\":\"ImageObject\",\"inLanguage\":\"es\",\"@id\":\"https:\\\/\\\/pachamamitaecu.org\\\/wp-content\\\/litespeed\\\/avatar\\\/23494c9101089ad44ae88ce9d2f56aac.jpg?ver=1777350952\",\"url\":\"https:\\\/\\\/pachamamitaecu.org\\\/wp-content\\\/litespeed\\\/avatar\\\/23494c9101089ad44ae88ce9d2f56aac.jpg?ver=1777350952\",\"contentUrl\":\"https:\\\/\\\/pachamamitaecu.org\\\/wp-content\\\/litespeed\\\/avatar\\\/23494c9101089ad44ae88ce9d2f56aac.jpg?ver=1777350952\",\"caption\":\"PachaMamita EC\"},\"url\":\"https:\\\/\\\/pachamamitaecu.org\\\/es_es\\\/author\\\/pachamamita-ec\\\/\"}]}<\/script>\n<!-- \/ Yoast SEO Premium plugin. -->","yoast_head_json":{"title":"J\u00f3venes en Acci\u00f3n 1. (Capacitaci\u00f3n en Gesti\u00f3n de Riesgos) - PachaMamita Ecuador","robots":{"index":"index","follow":"follow","max-snippet":"max-snippet:-1","max-image-preview":"max-image-preview:large","max-video-preview":"max-video-preview:-1"},"canonical":"https:\/\/pachamamitaecu.org\/es_es\/2010\/10\/17\/jovenes-en-accion-1-capacitacion-en-gestion-de-riesgos\/","og_locale":"es_ES","og_type":"article","og_title":"J\u00f3venes en Acci\u00f3n 1. (Capacitaci\u00f3n en Gesti\u00f3n de Riesgos)","og_description":"Demostraci\u00f3n de t\u00e9cnica de respiraci\u00f3nboca a boca Dentro de los personajes que se mueven sin mucho \u00abbombo y platillo\u00bb &nbsp;porque en sus &nbsp;sue\u00f1os est\u00e1 el alcanzar a ser responsables directos de su bienestar, encontramos definitivamente muchos rostros de j\u00f3venes peninsulares (de nacimiento o de coraz\u00f3n).Ya sea participando en actos como Limpieza de Playas (como en [...]","og_url":"https:\/\/pachamamitaecu.org\/es_es\/2010\/10\/17\/jovenes-en-accion-1-capacitacion-en-gestion-de-riesgos\/","og_site_name":"PachaMamita Ecuador","article_publisher":"https:\/\/www.facebook.com\/pachamamitaecu","article_published_time":"2010-10-17T15:05:00+00:00","og_image":[{"url":"http:\/\/2.bp.blogspot.com\/_ZWuzfyCxKMs\/TLsP97NRTGI\/AAAAAAAAAsA\/Ar6FmcAYZeU\/s1600\/SAM_0507.JPG","type":"","width":"","height":""}],"author":"PachaMamita EC","twitter_card":"summary_large_image","twitter_misc":{"Escrito por":"PachaMamita EC","Tiempo de lectura":"1 minuto"},"schema":{"@context":"https:\/\/schema.org","@graph":[{"@type":"Article","@id":"https:\/\/pachamamitaecu.org\/es_es\/2010\/10\/17\/jovenes-en-accion-1-capacitacion-en-gestion-de-riesgos\/#article","isPartOf":{"@id":"https:\/\/pachamamitaecu.org\/es_es\/2010\/10\/17\/jovenes-en-accion-1-capacitacion-en-gestion-de-riesgos\/"},"author":{"name":"PachaMamita EC","@id":"https:\/\/pachamamitaecu.org\/es_es\/#\/schema\/person\/e8b42afae2451fadab5e0295f02c4593"},"headline":"J\u00f3venes en Acci\u00f3n 1. (Capacitaci\u00f3n en Gesti\u00f3n de Riesgos)","datePublished":"2010-10-17T15:05:00+00:00","mainEntityOfPage":{"@id":"https:\/\/pachamamitaecu.org\/es_es\/2010\/10\/17\/jovenes-en-accion-1-capacitacion-en-gestion-de-riesgos\/"},"wordCount":296,"commentCount":0,"publisher":{"@id":"https:\/\/pachamamitaecu.org\/es_es\/#organization"},"image":{"@id":"https:\/\/pachamamitaecu.org\/es_es\/2010\/10\/17\/jovenes-en-accion-1-capacitacion-en-gestion-de-riesgos\/#primaryimage"},"thumbnailUrl":"http:\/\/2.bp.blogspot.com\/_ZWuzfyCxKMs\/TLsP97NRTGI\/AAAAAAAAAsA\/Ar6FmcAYZeU\/s1600\/SAM_0507.JPG","articleSection":["PERSONAJES PENINSULARES","Preparacion ante desastres","prevencion desastres naturales"],"inLanguage":"es","potentialAction":[{"@type":"CommentAction","name":"Comment","target":["https:\/\/pachamamitaecu.org\/es_es\/2010\/10\/17\/jovenes-en-accion-1-capacitacion-en-gestion-de-riesgos\/#respond"]}]},{"@type":"WebPage","@id":"https:\/\/pachamamitaecu.org\/es_es\/2010\/10\/17\/jovenes-en-accion-1-capacitacion-en-gestion-de-riesgos\/","url":"https:\/\/pachamamitaecu.org\/es_es\/2010\/10\/17\/jovenes-en-accion-1-capacitacion-en-gestion-de-riesgos\/","name":"J\u00f3venes en Acci\u00f3n 1. (Capacitaci\u00f3n en Gesti\u00f3n de Riesgos) - PachaMamita Ecuador","isPartOf":{"@id":"https:\/\/pachamamitaecu.org\/es_es\/#website"},"primaryImageOfPage":{"@id":"https:\/\/pachamamitaecu.org\/es_es\/2010\/10\/17\/jovenes-en-accion-1-capacitacion-en-gestion-de-riesgos\/#primaryimage"},"image":{"@id":"https:\/\/pachamamitaecu.org\/es_es\/2010\/10\/17\/jovenes-en-accion-1-capacitacion-en-gestion-de-riesgos\/#primaryimage"},"thumbnailUrl":"http:\/\/2.bp.blogspot.com\/_ZWuzfyCxKMs\/TLsP97NRTGI\/AAAAAAAAAsA\/Ar6FmcAYZeU\/s1600\/SAM_0507.JPG","datePublished":"2010-10-17T15:05:00+00:00","breadcrumb":{"@id":"https:\/\/pachamamitaecu.org\/es_es\/2010\/10\/17\/jovenes-en-accion-1-capacitacion-en-gestion-de-riesgos\/#breadcrumb"},"inLanguage":"es","potentialAction":[{"@type":"ReadAction","target":["https:\/\/pachamamitaecu.org\/es_es\/2010\/10\/17\/jovenes-en-accion-1-capacitacion-en-gestion-de-riesgos\/"]}]},{"@type":"ImageObject","inLanguage":"es","@id":"https:\/\/pachamamitaecu.org\/es_es\/2010\/10\/17\/jovenes-en-accion-1-capacitacion-en-gestion-de-riesgos\/#primaryimage","url":"http:\/\/2.bp.blogspot.com\/_ZWuzfyCxKMs\/TLsP97NRTGI\/AAAAAAAAAsA\/Ar6FmcAYZeU\/s1600\/SAM_0507.JPG","contentUrl":"http:\/\/2.bp.blogspot.com\/_ZWuzfyCxKMs\/TLsP97NRTGI\/AAAAAAAAAsA\/Ar6FmcAYZeU\/s1600\/SAM_0507.JPG"},{"@type":"BreadcrumbList","@id":"https:\/\/pachamamitaecu.org\/es_es\/2010\/10\/17\/jovenes-en-accion-1-capacitacion-en-gestion-de-riesgos\/#breadcrumb","itemListElement":[{"@type":"ListItem","position":1,"name":"Portada","item":"https:\/\/pachamamitaecu.org\/es_es\/"},{"@type":"ListItem","position":2,"name":"J\u00f3venes en Acci\u00f3n 1. (Capacitaci\u00f3n en Gesti\u00f3n de Riesgos)"}]},{"@type":"WebSite","@id":"https:\/\/pachamamitaecu.org\/es_es\/#website","url":"https:\/\/pachamamitaecu.org\/es_es\/","name":"PachaMamita Ecuador","description":"CULTURA. AGROECOLOG\u00cdA. TURISMO Y CONSUMO RESPONSABLE-ECUADOR.","publisher":{"@id":"https:\/\/pachamamitaecu.org\/es_es\/#organization"},"potentialAction":[{"@type":"SearchAction","target":{"@type":"EntryPoint","urlTemplate":"https:\/\/pachamamitaecu.org\/es_es\/?s={search_term_string}"},"query-input":{"@type":"PropertyValueSpecification","valueRequired":true,"valueName":"search_term_string"}}],"inLanguage":"es"},{"@type":"Organization","@id":"https:\/\/pachamamitaecu.org\/es_es\/#organization","name":"PachaMamita Ecuador","url":"https:\/\/pachamamitaecu.org\/es_es\/","logo":{"@type":"ImageObject","inLanguage":"es","@id":"https:\/\/pachamamitaecu.org\/es_es\/#\/schema\/logo\/image\/","url":"https:\/\/pachamamitaecu.org\/wp-content\/uploads\/2024\/04\/cropped-Diseno-sin-titulo-13.png","contentUrl":"https:\/\/pachamamitaecu.org\/wp-content\/uploads\/2024\/04\/cropped-Diseno-sin-titulo-13.png","width":512,"height":512,"caption":"PachaMamita Ecuador"},"image":{"@id":"https:\/\/pachamamitaecu.org\/es_es\/#\/schema\/logo\/image\/"},"sameAs":["https:\/\/www.facebook.com\/pachamamitaecu"]},{"@type":"Person","@id":"https:\/\/pachamamitaecu.org\/es_es\/#\/schema\/person\/e8b42afae2451fadab5e0295f02c4593","name":"PachaMamita EC","image":{"@type":"ImageObject","inLanguage":"es","@id":"https:\/\/pachamamitaecu.org\/wp-content\/litespeed\/avatar\/23494c9101089ad44ae88ce9d2f56aac.jpg?ver=1777350952","url":"https:\/\/pachamamitaecu.org\/wp-content\/litespeed\/avatar\/23494c9101089ad44ae88ce9d2f56aac.jpg?ver=1777350952","contentUrl":"https:\/\/pachamamitaecu.org\/wp-content\/litespeed\/avatar\/23494c9101089ad44ae88ce9d2f56aac.jpg?ver=1777350952","caption":"PachaMamita EC"},"url":"https:\/\/pachamamitaecu.org\/es_es\/author\/pachamamita-ec\/"}]}},"_links":{"self":[{"href":"https:\/\/pachamamitaecu.org\/es_es\/wp-json\/wp\/v2\/posts\/1435","targetHints":{"allow":["GET"]}}],"collection":[{"href":"https:\/\/pachamamitaecu.org\/es_es\/wp-json\/wp\/v2\/posts"}],"about":[{"href":"https:\/\/pachamamitaecu.org\/es_es\/wp-json\/wp\/v2\/types\/post"}],"author":[{"embeddable":true,"href":"https:\/\/pachamamitaecu.org\/es_es\/wp-json\/wp\/v2\/users\/3"}],"replies":[{"embeddable":true,"href":"https:\/\/pachamamitaecu.org\/es_es\/wp-json\/wp\/v2\/comments?post=1435"}],"version-history":[{"count":0,"href":"https:\/\/pachamamitaecu.org\/es_es\/wp-json\/wp\/v2\/posts\/1435\/revisions"}],"wp:attachment":[{"href":"https:\/\/pachamamitaecu.org\/es_es\/wp-json\/wp\/v2\/media?parent=1435"}],"wp:term":[{"taxonomy":"category","embeddable":true,"href":"https:\/\/pachamamitaecu.org\/es_es\/wp-json\/wp\/v2\/categories?post=1435"},{"taxonomy":"post_tag","embeddable":true,"href":"https:\/\/pachamamitaecu.org\/es_es\/wp-json\/wp\/v2\/tags?post=1435"}],"curies":[{"name":"wp","href":"https:\/\/api.w.org\/{rel}","templated":true}]}}