{"id":503,"date":"2015-09-30T17:11:00","date_gmt":"2015-09-30T17:11:00","guid":{"rendered":"http:\/\/pachamamitaecu-org-720647.hostingersite.com\/2015\/09\/30\/la-biodiversidad-de-los-bosques-de-ecuador-un-tesoro-en-peligro\/"},"modified":"2023-03-02T06:21:13","modified_gmt":"2023-03-02T06:21:13","slug":"la-biodiversidad-de-los-bosques-de-ecuador-un-tesoro-en-peligro","status":"publish","type":"post","link":"https:\/\/pachamamitaecu.org\/es_es\/2015\/09\/30\/la-biodiversidad-de-los-bosques-de-ecuador-un-tesoro-en-peligro\/","title":{"rendered":"La Biodiversidad de los bosques de Ecuador: Un tesoro en peligro."},"content":{"rendered":"<div dir=\"ltr\" style=\"text-align: left;\">\n<div>\n<div style=\"text-align: justify;\">\n<table align=\"center\" cellpadding=\"0\" cellspacing=\"0\" style=\"margin-left: auto; margin-right: auto; text-align: center;\">\n<tbody>\n<tr>\n<td style=\"text-align: center;\"><a href=\"http:\/\/1.bp.blogspot.com\/-T8RP-RrRpoc\/TvwnZvH0uyI\/AAAAAAAABps\/G2RpAzaAifk\/s1600\/166988_234683883268969_179313028806055_609780_1645726881_n.jpg\" style=\"clear: left; margin-bottom: 1em; margin-left: auto; margin-right: auto;\"><img decoding=\"async\" border=\"0\" height=\"301\" data-src=\"http:\/\/1.bp.blogspot.com\/-T8RP-RrRpoc\/TvwnZvH0uyI\/AAAAAAAABps\/G2RpAzaAifk\/s400\/166988_234683883268969_179313028806055_609780_1645726881_n.jpg\" width=\"400\" src=\"data:image\/svg+xml;base64,PHN2ZyB3aWR0aD0iMSIgaGVpZ2h0PSIxIiB4bWxucz0iaHR0cDovL3d3dy53My5vcmcvMjAwMC9zdmciPjwvc3ZnPg==\" class=\"lazyload\" style=\"--smush-placeholder-width: 400px; --smush-placeholder-aspect-ratio: 400\/301;\" \/><\/a><\/td>\n<\/tr>\n<tr>\n<td style=\"text-align: center;\"><span style=\"font-family: Times, 'Times New Roman', serif; font-size: small;\">La zona de mayor biodiversidad del mundo&nbsp;<\/span><br \/><span style=\"font-family: Times, 'Times New Roman', serif; font-size: small;\">est\u00e1 en proceso<\/span><br \/><span style=\"font-family: Times, 'Times New Roman', serif; font-size: small;\">&nbsp;de licitaci\u00f3n para expandir la frontera petrolera<\/span><\/td>\n<\/tr>\n<\/tbody>\n<\/table>\n<p><span style=\"font-family: Georgia, 'Times New Roman', serif;\">El slogan \u00abQuien ama la vida, protege los bosques\u00bb es el que usa el sitio web del Ministerio del Ambiente del Ecuador en una mezcla de conceptos que coinciden con el slogan oficial de la marca pa\u00eds de \u00abEcuador ama la vida\u00bb.&nbsp;<\/span><\/div>\n<div style=\"text-align: justify;\"><span style=\"font-family: Georgia, 'Times New Roman', serif;\"><br \/><\/span><\/div>\n<div style=\"text-align: justify;\"><span style=\"font-family: Georgia, 'Times New Roman', serif;\">Los bosques ecuatorianos cubren cerca de 9.6 millones de hect\u00e1reas (ha); de esta cifra, alrededor de 4 millones forman parte de las \u00e1reas protegidas y el restante est\u00e1 en manos privadas o bosques protectores. <a href=\"http:\/\/www.lahora.com.ec\/index.php\/noticias\/show\/1101246165\/-1\/En_Ecuador_se_deforestan_66.000_hect%C3%A1reas,_una_cifra_alta_reconocida_por_el_mismo_Gobierno,_pero_desde_el_Ministerio_de_Ambiente_aseguran_que_se_est%C3%A1_reduciendo._Las_medidas_de_protecci%C3%B3n_de_bosques_promocionadas_por_el_Ejecutivo_(sistema_de_control_forestal,_incentivos_forestales,_generaci%C3%B3n_de_informaci%C3%B3n__y_evaluaci%C3%B3n_nacional_forestal)_no_ser%C3%ADan_suficientes,_a_criterio_de_la_Organizaci%C3%B3n_No_Gubernamental_Acci%C3%B3n_Ecol%C3%B3gica._.html\">1<\/a><\/span><\/div>\n<div style=\"text-align: justify;\"><span style=\"font-family: Georgia, 'Times New Roman', serif;\"><br \/><\/span><\/div>\n<div style=\"text-align: justify;\"><span style=\"font-family: Georgia, 'Times New Roman', serif;\">Sin embargo Ecuador registra una de las tasa m\u00e1s altas de deforestaci\u00f3n de Latinoam\u00e9rica, con una p\u00e9rdida anual de entre unas 60 mil a 200 mil hect\u00e1reas de bosques nativos, seg\u00fan la FAO, Ecuador sufre una disminuci\u00f3n del 1,8% anual de bosques primarios, la tasa m\u00e1s alta de Am\u00e9rica Latina. <a href=\"http:\/\/www.hoy.com.ec\/noticias-ecuador\/ecuador-registra-una-de-las-tasas-de-deforestacion-mas-altas-de-latinoamerica-504263.html\">2<\/a>&nbsp;, a pesar  de que el estudio asegura que fue calculado en base a un informe satelital del Centro de Levantamientos Integrados de Recursos Naturales por Sensores Remotos (Clirsen) del a\u00f1o 2000., estos datos fueron refutados por el gobierno de Ecuador , el cual manifiesta que la p\u00e9rdida no sube de las 70 mil hect\u00e1reas anuales<a href=\"http:\/\/andes.info.ec\/actualidad\/ministerio-de-ambiente-refuta-informe-de-fao-sobre-deforestacion-en-ecuador-97686.html\">&nbsp;3&nbsp;<\/a><\/span><\/div>\n<div style=\"text-align: justify;\"><span style=\"font-family: Georgia, 'Times New Roman', serif;\"><br \/><\/span><\/div>\n<div style=\"text-align: justify;\"><span style=\"font-family: Georgia, 'Times New Roman', serif;\">Meses atr\u00e1s el director ejecutivo de la Organizaci\u00f3n del Tratado de Cooperaci\u00f3n Amaz\u00f3nica (OTCA), organismo oficial de los 8 estados americanos que comparten la regi\u00f3n amaz\u00f3nica, mencionaba que las causas de la deforestaci\u00f3n eran: presi\u00f3n sobre el uso de la tierra, la expansi\u00f3n de la ganader\u00eda, de la agricultura, la miner\u00eda ilegal, entre otros, dijo. <a href=\"http:\/\/www.vistazo.com\/webpages\/pais\/?id=16320\">4<\/a>&nbsp;. Resulta preocupante que dentro del \u00abentre otros\u00bb es donde entra la miner\u00eda a gran escala y la expansi\u00f3n de la frontera petrolera, sobre todo considerando que el \u00e1rea con mayor tasa de deforestaci\u00f3n de nuestro pa\u00eds coincide plenamente desde hace varios a\u00f1os atr\u00e1s con la zona de mayor explotaci\u00f3n petrolera del Ecuador, seg\u00fan el mismo Ministerio de Ambiente. <a href=\"http:\/\/www.facebook.com\/photo.php?fbid=246687198735304&amp;set=a.214906938579997.53479.179313028806055&amp;type=1&amp;theater\">5&nbsp;<\/a><\/span><\/div>\n<div style=\"text-align: justify;\"><span style=\"font-family: Georgia, 'Times New Roman', serif;\"><br \/><\/span><\/div>\n<div style=\"text-align: justify;\"><span style=\"font-family: Georgia, 'Times New Roman', serif;\">M\u00e1s grave a\u00fan, son los planes actuales del gobierno de Ecuador, de expandir la frontera petrolera al sur oriente del pa\u00eds, a trav\u00e9s de la licitaci\u00f3n de nuevos bloques que en estos momentos est\u00e1 corriendo, <a href=\"http:\/\/www.ballenitasi.org\/2011\/09\/gobierno-de-ecuador-anuncia-nueva-ronda.html\">6<\/a>&nbsp;, lo que afectar\u00eda directamente a una extensa \u00e1rea de la zona con MAYOR BIODIVERSIDAD DEL MUNDO, que comparte con el Parque Nacional Yasun\u00ed <a href=\"http:\/\/www.facebook.com\/photo.php?fbid=234683883268969&amp;set=pu.179313028806055&amp;type=1&amp;theater\">7<\/a>&nbsp;.<\/span><\/div>\n<\/div>\n<div>\n<div style=\"text-align: justify;\"><\/div>\n<div style=\"text-align: justify;\"><span style=\"font-family: Georgia, 'Times New Roman', serif;\">Otro de los graves problemas sobre los cuales existe una deuda ambiental es respecto al tema de los incendios forestales, uno de los ejemplos m\u00e1s claros sucedi\u00f3 d\u00edas atr\u00e1s en uno de los \u00faltimos remanentes de bosque seco tropical muy cerca de la ciudad de Guayaquil, espec\u00edficamente el que azot\u00f3 al bosque protector Cerro Colorado y que arras\u00f3 con aproximadamente 135 has., que dej\u00f3 notar una evidente falta de coordinaci\u00f3n entre  el Ministerio del Ambiente del Ecuador (MAE), Municipio de la ciudad y la Secretar\u00eda de Gesti\u00f3n de Riesgos (SNGR) para combatir el siniestro. Adem\u00e1s, de los pocos recursos con los que cuenta el Cuerpo de Bomberos de Guayaquil (CBG) en cuanto a herramientas para enfrentar este tipo de incendios. &nbsp;<a href=\"http:\/\/www.eluniverso.com\/2011\/12\/19\/1\/1445\/escasa-capacidad-respuesta-revelo-tras-incendio-forestal.html\">8<\/a><\/span><\/div>\n<div style=\"text-align: justify;\"><span style=\"font-family: Georgia, 'Times New Roman', serif;\"><br \/><\/span><\/div>\n<p><span style=\"font-family: Georgia, 'Times New Roman', serif;\"><br \/><\/span><\/p>\n<div><span style=\"font-family: Georgia, 'Times New Roman', serif;\">TEMAS RELACIONADOS:&nbsp;<\/span><br \/><a href=\"http:\/\/www.ballenitasi.org\/2011\/12\/la-biodiversidad-en-el-sur-amazonico-en.html\"><span style=\"font-family: Georgia, 'Times New Roman', serif;\">LA BIODIVERSIDAD EN EL SUR AMAZ\u00d3NICO DE ECUADOR EN PELIGRO ANTE EXPANSI\u00d3N DE LA FRONTERA PETROLERA<\/span><\/a><\/div>\n<\/div>\n<\/div>\n<div class=\"pvc_clear\"><\/div>\n<p id=\"pvc_stats_503\" class=\"pvc_stats total_only  \" data-element-id=\"503\" style=\"\"><i class=\"pvc-stats-icon medium\" aria-hidden=\"true\"><svg aria-hidden=\"true\" focusable=\"false\" data-prefix=\"far\" data-icon=\"chart-bar\" role=\"img\" xmlns=\"http:\/\/www.w3.org\/2000\/svg\" viewBox=\"0 0 512 512\" class=\"svg-inline--fa fa-chart-bar fa-w-16 fa-2x\"><path fill=\"currentColor\" d=\"M396.8 352h22.4c6.4 0 12.8-6.4 12.8-12.8V108.8c0-6.4-6.4-12.8-12.8-12.8h-22.4c-6.4 0-12.8 6.4-12.8 12.8v230.4c0 6.4 6.4 12.8 12.8 12.8zm-192 0h22.4c6.4 0 12.8-6.4 12.8-12.8V140.8c0-6.4-6.4-12.8-12.8-12.8h-22.4c-6.4 0-12.8 6.4-12.8 12.8v198.4c0 6.4 6.4 12.8 12.8 12.8zm96 0h22.4c6.4 0 12.8-6.4 12.8-12.8V204.8c0-6.4-6.4-12.8-12.8-12.8h-22.4c-6.4 0-12.8 6.4-12.8 12.8v134.4c0 6.4 6.4 12.8 12.8 12.8zM496 400H48V80c0-8.84-7.16-16-16-16H16C7.16 64 0 71.16 0 80v336c0 17.67 14.33 32 32 32h464c8.84 0 16-7.16 16-16v-16c0-8.84-7.16-16-16-16zm-387.2-48h22.4c6.4 0 12.8-6.4 12.8-12.8v-70.4c0-6.4-6.4-12.8-12.8-12.8h-22.4c-6.4 0-12.8 6.4-12.8 12.8v70.4c0 6.4 6.4 12.8 12.8 12.8z\" class=\"\"><\/path><\/svg><\/i> <img decoding=\"async\" width=\"16\" height=\"16\" alt=\"Loading\" data-src=\"https:\/\/pachamamitaecu.org\/wp-content\/plugins\/page-views-count\/ajax-loader-2x.gif\" border=0 src=\"data:image\/svg+xml;base64,PHN2ZyB3aWR0aD0iMSIgaGVpZ2h0PSIxIiB4bWxucz0iaHR0cDovL3d3dy53My5vcmcvMjAwMC9zdmciPjwvc3ZnPg==\" class=\"lazyload\" style=\"--smush-placeholder-width: 16px; --smush-placeholder-aspect-ratio: 16\/16;\" \/><\/p>\n<div class=\"pvc_clear\"><\/div>\n","protected":false},"excerpt":{"rendered":"<p>La zona de mayor biodiversidad del mundo&nbsp;est\u00e1 en proceso&nbsp;de licitaci\u00f3n para expandir la frontera petrolera El slogan \u00abQuien ama la vida, protege los bosques\u00bb es el que usa el sitio web del Ministerio del Ambiente del Ecuador en una mezcla de conceptos que coinciden con el slogan oficial de la marca pa\u00eds de \u00abEcuador ama [&#8230;]\n","protected":false},"author":3,"featured_media":0,"comment_status":"closed","ping_status":"closed","sticky":false,"template":"","format":"standard","meta":{"footnotes":""},"categories":[159,264],"tags":[],"class_list":["post-503","post","type-post","status-publish","format-standard","hentry","category-consumo-responsable","category-noticias"],"a3_pvc":{"activated":true,"total_views":72,"today_views":0},"yoast_head":"<!-- This site is optimized with the Yoast SEO Premium plugin v24.2 (Yoast SEO v27.4) - https:\/\/yoast.com\/product\/yoast-seo-premium-wordpress\/ -->\n<title>La Biodiversidad de los bosques de Ecuador: Un tesoro en peligro. - PachaMamita Ecuador<\/title>\n<meta name=\"robots\" content=\"index, follow, max-snippet:-1, max-image-preview:large, max-video-preview:-1\" \/>\n<link rel=\"canonical\" href=\"https:\/\/pachamamitaecu.org\/es_es\/2015\/09\/30\/la-biodiversidad-de-los-bosques-de-ecuador-un-tesoro-en-peligro\/\" \/>\n<meta property=\"og:locale\" content=\"es_ES\" \/>\n<meta property=\"og:type\" content=\"article\" \/>\n<meta property=\"og:title\" content=\"La Biodiversidad de los bosques de Ecuador: Un tesoro en peligro.\" \/>\n<meta property=\"og:description\" content=\"La zona de mayor biodiversidad del mundo&nbsp;est\u00e1 en proceso&nbsp;de licitaci\u00f3n para expandir la frontera petrolera El slogan \u00abQuien ama la vida, protege los bosques\u00bb es el que usa el sitio web del Ministerio del Ambiente del Ecuador en una mezcla de conceptos que coinciden con el slogan oficial de la marca pa\u00eds de \u00abEcuador ama [...]\" \/>\n<meta property=\"og:url\" content=\"https:\/\/pachamamitaecu.org\/es_es\/2015\/09\/30\/la-biodiversidad-de-los-bosques-de-ecuador-un-tesoro-en-peligro\/\" \/>\n<meta property=\"og:site_name\" content=\"PachaMamita Ecuador\" \/>\n<meta property=\"article:publisher\" content=\"https:\/\/www.facebook.com\/pachamamitaecu\" \/>\n<meta property=\"article:published_time\" content=\"2015-09-30T17:11:00+00:00\" \/>\n<meta property=\"article:modified_time\" content=\"2023-03-02T06:21:13+00:00\" \/>\n<meta property=\"og:image\" content=\"http:\/\/1.bp.blogspot.com\/-T8RP-RrRpoc\/TvwnZvH0uyI\/AAAAAAAABps\/G2RpAzaAifk\/s400\/166988_234683883268969_179313028806055_609780_1645726881_n.jpg\" \/>\n<meta name=\"author\" content=\"PachaMamita EC\" \/>\n<meta name=\"twitter:card\" content=\"summary_large_image\" \/>\n<meta name=\"twitter:label1\" content=\"Escrito por\" \/>\n\t<meta name=\"twitter:data1\" content=\"PachaMamita EC\" \/>\n\t<meta name=\"twitter:label2\" content=\"Tiempo de lectura\" \/>\n\t<meta name=\"twitter:data2\" content=\"3 minutos\" \/>\n<script type=\"application\/ld+json\" class=\"yoast-schema-graph\">{\"@context\":\"https:\\\/\\\/schema.org\",\"@graph\":[{\"@type\":\"Article\",\"@id\":\"https:\\\/\\\/pachamamitaecu.org\\\/es_es\\\/2015\\\/09\\\/30\\\/la-biodiversidad-de-los-bosques-de-ecuador-un-tesoro-en-peligro\\\/#article\",\"isPartOf\":{\"@id\":\"https:\\\/\\\/pachamamitaecu.org\\\/es_es\\\/2015\\\/09\\\/30\\\/la-biodiversidad-de-los-bosques-de-ecuador-un-tesoro-en-peligro\\\/\"},\"author\":{\"name\":\"PachaMamita EC\",\"@id\":\"https:\\\/\\\/pachamamitaecu.org\\\/es_es\\\/#\\\/schema\\\/person\\\/e8b42afae2451fadab5e0295f02c4593\"},\"headline\":\"La Biodiversidad de los bosques de Ecuador: Un tesoro en peligro.\",\"datePublished\":\"2015-09-30T17:11:00+00:00\",\"dateModified\":\"2023-03-02T06:21:13+00:00\",\"mainEntityOfPage\":{\"@id\":\"https:\\\/\\\/pachamamitaecu.org\\\/es_es\\\/2015\\\/09\\\/30\\\/la-biodiversidad-de-los-bosques-de-ecuador-un-tesoro-en-peligro\\\/\"},\"wordCount\":570,\"publisher\":{\"@id\":\"https:\\\/\\\/pachamamitaecu.org\\\/es_es\\\/#organization\"},\"image\":{\"@id\":\"https:\\\/\\\/pachamamitaecu.org\\\/es_es\\\/2015\\\/09\\\/30\\\/la-biodiversidad-de-los-bosques-de-ecuador-un-tesoro-en-peligro\\\/#primaryimage\"},\"thumbnailUrl\":\"http:\\\/\\\/1.bp.blogspot.com\\\/-T8RP-RrRpoc\\\/TvwnZvH0uyI\\\/AAAAAAAABps\\\/G2RpAzaAifk\\\/s400\\\/166988_234683883268969_179313028806055_609780_1645726881_n.jpg\",\"articleSection\":[\"CONSUMO RESPONSABLE\",\"noticias\"],\"inLanguage\":\"es\"},{\"@type\":\"WebPage\",\"@id\":\"https:\\\/\\\/pachamamitaecu.org\\\/es_es\\\/2015\\\/09\\\/30\\\/la-biodiversidad-de-los-bosques-de-ecuador-un-tesoro-en-peligro\\\/\",\"url\":\"https:\\\/\\\/pachamamitaecu.org\\\/es_es\\\/2015\\\/09\\\/30\\\/la-biodiversidad-de-los-bosques-de-ecuador-un-tesoro-en-peligro\\\/\",\"name\":\"La Biodiversidad de los bosques de Ecuador: Un tesoro en peligro. - PachaMamita Ecuador\",\"isPartOf\":{\"@id\":\"https:\\\/\\\/pachamamitaecu.org\\\/es_es\\\/#website\"},\"primaryImageOfPage\":{\"@id\":\"https:\\\/\\\/pachamamitaecu.org\\\/es_es\\\/2015\\\/09\\\/30\\\/la-biodiversidad-de-los-bosques-de-ecuador-un-tesoro-en-peligro\\\/#primaryimage\"},\"image\":{\"@id\":\"https:\\\/\\\/pachamamitaecu.org\\\/es_es\\\/2015\\\/09\\\/30\\\/la-biodiversidad-de-los-bosques-de-ecuador-un-tesoro-en-peligro\\\/#primaryimage\"},\"thumbnailUrl\":\"http:\\\/\\\/1.bp.blogspot.com\\\/-T8RP-RrRpoc\\\/TvwnZvH0uyI\\\/AAAAAAAABps\\\/G2RpAzaAifk\\\/s400\\\/166988_234683883268969_179313028806055_609780_1645726881_n.jpg\",\"datePublished\":\"2015-09-30T17:11:00+00:00\",\"dateModified\":\"2023-03-02T06:21:13+00:00\",\"breadcrumb\":{\"@id\":\"https:\\\/\\\/pachamamitaecu.org\\\/es_es\\\/2015\\\/09\\\/30\\\/la-biodiversidad-de-los-bosques-de-ecuador-un-tesoro-en-peligro\\\/#breadcrumb\"},\"inLanguage\":\"es\",\"potentialAction\":[{\"@type\":\"ReadAction\",\"target\":[\"https:\\\/\\\/pachamamitaecu.org\\\/es_es\\\/2015\\\/09\\\/30\\\/la-biodiversidad-de-los-bosques-de-ecuador-un-tesoro-en-peligro\\\/\"]}]},{\"@type\":\"ImageObject\",\"inLanguage\":\"es\",\"@id\":\"https:\\\/\\\/pachamamitaecu.org\\\/es_es\\\/2015\\\/09\\\/30\\\/la-biodiversidad-de-los-bosques-de-ecuador-un-tesoro-en-peligro\\\/#primaryimage\",\"url\":\"http:\\\/\\\/1.bp.blogspot.com\\\/-T8RP-RrRpoc\\\/TvwnZvH0uyI\\\/AAAAAAAABps\\\/G2RpAzaAifk\\\/s400\\\/166988_234683883268969_179313028806055_609780_1645726881_n.jpg\",\"contentUrl\":\"http:\\\/\\\/1.bp.blogspot.com\\\/-T8RP-RrRpoc\\\/TvwnZvH0uyI\\\/AAAAAAAABps\\\/G2RpAzaAifk\\\/s400\\\/166988_234683883268969_179313028806055_609780_1645726881_n.jpg\"},{\"@type\":\"BreadcrumbList\",\"@id\":\"https:\\\/\\\/pachamamitaecu.org\\\/es_es\\\/2015\\\/09\\\/30\\\/la-biodiversidad-de-los-bosques-de-ecuador-un-tesoro-en-peligro\\\/#breadcrumb\",\"itemListElement\":[{\"@type\":\"ListItem\",\"position\":1,\"name\":\"Portada\",\"item\":\"https:\\\/\\\/pachamamitaecu.org\\\/es_es\\\/\"},{\"@type\":\"ListItem\",\"position\":2,\"name\":\"La Biodiversidad de los bosques de Ecuador: Un tesoro en peligro.\"}]},{\"@type\":\"WebSite\",\"@id\":\"https:\\\/\\\/pachamamitaecu.org\\\/es_es\\\/#website\",\"url\":\"https:\\\/\\\/pachamamitaecu.org\\\/es_es\\\/\",\"name\":\"PachaMamita Ecuador\",\"description\":\"CULTURA. AGROECOLOG\u00cdA. TURISMO Y CONSUMO RESPONSABLE-ECUADOR.\",\"publisher\":{\"@id\":\"https:\\\/\\\/pachamamitaecu.org\\\/es_es\\\/#organization\"},\"potentialAction\":[{\"@type\":\"SearchAction\",\"target\":{\"@type\":\"EntryPoint\",\"urlTemplate\":\"https:\\\/\\\/pachamamitaecu.org\\\/es_es\\\/?s={search_term_string}\"},\"query-input\":{\"@type\":\"PropertyValueSpecification\",\"valueRequired\":true,\"valueName\":\"search_term_string\"}}],\"inLanguage\":\"es\"},{\"@type\":\"Organization\",\"@id\":\"https:\\\/\\\/pachamamitaecu.org\\\/es_es\\\/#organization\",\"name\":\"PachaMamita Ecuador\",\"url\":\"https:\\\/\\\/pachamamitaecu.org\\\/es_es\\\/\",\"logo\":{\"@type\":\"ImageObject\",\"inLanguage\":\"es\",\"@id\":\"https:\\\/\\\/pachamamitaecu.org\\\/es_es\\\/#\\\/schema\\\/logo\\\/image\\\/\",\"url\":\"https:\\\/\\\/pachamamitaecu.org\\\/wp-content\\\/uploads\\\/2024\\\/04\\\/cropped-Diseno-sin-titulo-13.png\",\"contentUrl\":\"https:\\\/\\\/pachamamitaecu.org\\\/wp-content\\\/uploads\\\/2024\\\/04\\\/cropped-Diseno-sin-titulo-13.png\",\"width\":512,\"height\":512,\"caption\":\"PachaMamita Ecuador\"},\"image\":{\"@id\":\"https:\\\/\\\/pachamamitaecu.org\\\/es_es\\\/#\\\/schema\\\/logo\\\/image\\\/\"},\"sameAs\":[\"https:\\\/\\\/www.facebook.com\\\/pachamamitaecu\"]},{\"@type\":\"Person\",\"@id\":\"https:\\\/\\\/pachamamitaecu.org\\\/es_es\\\/#\\\/schema\\\/person\\\/e8b42afae2451fadab5e0295f02c4593\",\"name\":\"PachaMamita EC\",\"image\":{\"@type\":\"ImageObject\",\"inLanguage\":\"es\",\"@id\":\"https:\\\/\\\/pachamamitaecu.org\\\/wp-content\\\/litespeed\\\/avatar\\\/23494c9101089ad44ae88ce9d2f56aac.jpg?ver=1776746024\",\"url\":\"https:\\\/\\\/pachamamitaecu.org\\\/wp-content\\\/litespeed\\\/avatar\\\/23494c9101089ad44ae88ce9d2f56aac.jpg?ver=1776746024\",\"contentUrl\":\"https:\\\/\\\/pachamamitaecu.org\\\/wp-content\\\/litespeed\\\/avatar\\\/23494c9101089ad44ae88ce9d2f56aac.jpg?ver=1776746024\",\"caption\":\"PachaMamita EC\"},\"url\":\"https:\\\/\\\/pachamamitaecu.org\\\/es_es\\\/author\\\/pachamamita-ec\\\/\"}]}<\/script>\n<!-- \/ Yoast SEO Premium plugin. -->","yoast_head_json":{"title":"La Biodiversidad de los bosques de Ecuador: Un tesoro en peligro. - PachaMamita Ecuador","robots":{"index":"index","follow":"follow","max-snippet":"max-snippet:-1","max-image-preview":"max-image-preview:large","max-video-preview":"max-video-preview:-1"},"canonical":"https:\/\/pachamamitaecu.org\/es_es\/2015\/09\/30\/la-biodiversidad-de-los-bosques-de-ecuador-un-tesoro-en-peligro\/","og_locale":"es_ES","og_type":"article","og_title":"La Biodiversidad de los bosques de Ecuador: Un tesoro en peligro.","og_description":"La zona de mayor biodiversidad del mundo&nbsp;est\u00e1 en proceso&nbsp;de licitaci\u00f3n para expandir la frontera petrolera El slogan \u00abQuien ama la vida, protege los bosques\u00bb es el que usa el sitio web del Ministerio del Ambiente del Ecuador en una mezcla de conceptos que coinciden con el slogan oficial de la marca pa\u00eds de \u00abEcuador ama [...]","og_url":"https:\/\/pachamamitaecu.org\/es_es\/2015\/09\/30\/la-biodiversidad-de-los-bosques-de-ecuador-un-tesoro-en-peligro\/","og_site_name":"PachaMamita Ecuador","article_publisher":"https:\/\/www.facebook.com\/pachamamitaecu","article_published_time":"2015-09-30T17:11:00+00:00","article_modified_time":"2023-03-02T06:21:13+00:00","og_image":[{"url":"http:\/\/1.bp.blogspot.com\/-T8RP-RrRpoc\/TvwnZvH0uyI\/AAAAAAAABps\/G2RpAzaAifk\/s400\/166988_234683883268969_179313028806055_609780_1645726881_n.jpg","type":"","width":"","height":""}],"author":"PachaMamita EC","twitter_card":"summary_large_image","twitter_misc":{"Escrito por":"PachaMamita EC","Tiempo de lectura":"3 minutos"},"schema":{"@context":"https:\/\/schema.org","@graph":[{"@type":"Article","@id":"https:\/\/pachamamitaecu.org\/es_es\/2015\/09\/30\/la-biodiversidad-de-los-bosques-de-ecuador-un-tesoro-en-peligro\/#article","isPartOf":{"@id":"https:\/\/pachamamitaecu.org\/es_es\/2015\/09\/30\/la-biodiversidad-de-los-bosques-de-ecuador-un-tesoro-en-peligro\/"},"author":{"name":"PachaMamita EC","@id":"https:\/\/pachamamitaecu.org\/es_es\/#\/schema\/person\/e8b42afae2451fadab5e0295f02c4593"},"headline":"La Biodiversidad de los bosques de Ecuador: Un tesoro en peligro.","datePublished":"2015-09-30T17:11:00+00:00","dateModified":"2023-03-02T06:21:13+00:00","mainEntityOfPage":{"@id":"https:\/\/pachamamitaecu.org\/es_es\/2015\/09\/30\/la-biodiversidad-de-los-bosques-de-ecuador-un-tesoro-en-peligro\/"},"wordCount":570,"publisher":{"@id":"https:\/\/pachamamitaecu.org\/es_es\/#organization"},"image":{"@id":"https:\/\/pachamamitaecu.org\/es_es\/2015\/09\/30\/la-biodiversidad-de-los-bosques-de-ecuador-un-tesoro-en-peligro\/#primaryimage"},"thumbnailUrl":"http:\/\/1.bp.blogspot.com\/-T8RP-RrRpoc\/TvwnZvH0uyI\/AAAAAAAABps\/G2RpAzaAifk\/s400\/166988_234683883268969_179313028806055_609780_1645726881_n.jpg","articleSection":["CONSUMO RESPONSABLE","noticias"],"inLanguage":"es"},{"@type":"WebPage","@id":"https:\/\/pachamamitaecu.org\/es_es\/2015\/09\/30\/la-biodiversidad-de-los-bosques-de-ecuador-un-tesoro-en-peligro\/","url":"https:\/\/pachamamitaecu.org\/es_es\/2015\/09\/30\/la-biodiversidad-de-los-bosques-de-ecuador-un-tesoro-en-peligro\/","name":"La Biodiversidad de los bosques de Ecuador: Un tesoro en peligro. - PachaMamita Ecuador","isPartOf":{"@id":"https:\/\/pachamamitaecu.org\/es_es\/#website"},"primaryImageOfPage":{"@id":"https:\/\/pachamamitaecu.org\/es_es\/2015\/09\/30\/la-biodiversidad-de-los-bosques-de-ecuador-un-tesoro-en-peligro\/#primaryimage"},"image":{"@id":"https:\/\/pachamamitaecu.org\/es_es\/2015\/09\/30\/la-biodiversidad-de-los-bosques-de-ecuador-un-tesoro-en-peligro\/#primaryimage"},"thumbnailUrl":"http:\/\/1.bp.blogspot.com\/-T8RP-RrRpoc\/TvwnZvH0uyI\/AAAAAAAABps\/G2RpAzaAifk\/s400\/166988_234683883268969_179313028806055_609780_1645726881_n.jpg","datePublished":"2015-09-30T17:11:00+00:00","dateModified":"2023-03-02T06:21:13+00:00","breadcrumb":{"@id":"https:\/\/pachamamitaecu.org\/es_es\/2015\/09\/30\/la-biodiversidad-de-los-bosques-de-ecuador-un-tesoro-en-peligro\/#breadcrumb"},"inLanguage":"es","potentialAction":[{"@type":"ReadAction","target":["https:\/\/pachamamitaecu.org\/es_es\/2015\/09\/30\/la-biodiversidad-de-los-bosques-de-ecuador-un-tesoro-en-peligro\/"]}]},{"@type":"ImageObject","inLanguage":"es","@id":"https:\/\/pachamamitaecu.org\/es_es\/2015\/09\/30\/la-biodiversidad-de-los-bosques-de-ecuador-un-tesoro-en-peligro\/#primaryimage","url":"http:\/\/1.bp.blogspot.com\/-T8RP-RrRpoc\/TvwnZvH0uyI\/AAAAAAAABps\/G2RpAzaAifk\/s400\/166988_234683883268969_179313028806055_609780_1645726881_n.jpg","contentUrl":"http:\/\/1.bp.blogspot.com\/-T8RP-RrRpoc\/TvwnZvH0uyI\/AAAAAAAABps\/G2RpAzaAifk\/s400\/166988_234683883268969_179313028806055_609780_1645726881_n.jpg"},{"@type":"BreadcrumbList","@id":"https:\/\/pachamamitaecu.org\/es_es\/2015\/09\/30\/la-biodiversidad-de-los-bosques-de-ecuador-un-tesoro-en-peligro\/#breadcrumb","itemListElement":[{"@type":"ListItem","position":1,"name":"Portada","item":"https:\/\/pachamamitaecu.org\/es_es\/"},{"@type":"ListItem","position":2,"name":"La Biodiversidad de los bosques de Ecuador: Un tesoro en peligro."}]},{"@type":"WebSite","@id":"https:\/\/pachamamitaecu.org\/es_es\/#website","url":"https:\/\/pachamamitaecu.org\/es_es\/","name":"PachaMamita Ecuador","description":"CULTURA. AGROECOLOG\u00cdA. TURISMO Y CONSUMO RESPONSABLE-ECUADOR.","publisher":{"@id":"https:\/\/pachamamitaecu.org\/es_es\/#organization"},"potentialAction":[{"@type":"SearchAction","target":{"@type":"EntryPoint","urlTemplate":"https:\/\/pachamamitaecu.org\/es_es\/?s={search_term_string}"},"query-input":{"@type":"PropertyValueSpecification","valueRequired":true,"valueName":"search_term_string"}}],"inLanguage":"es"},{"@type":"Organization","@id":"https:\/\/pachamamitaecu.org\/es_es\/#organization","name":"PachaMamita Ecuador","url":"https:\/\/pachamamitaecu.org\/es_es\/","logo":{"@type":"ImageObject","inLanguage":"es","@id":"https:\/\/pachamamitaecu.org\/es_es\/#\/schema\/logo\/image\/","url":"https:\/\/pachamamitaecu.org\/wp-content\/uploads\/2024\/04\/cropped-Diseno-sin-titulo-13.png","contentUrl":"https:\/\/pachamamitaecu.org\/wp-content\/uploads\/2024\/04\/cropped-Diseno-sin-titulo-13.png","width":512,"height":512,"caption":"PachaMamita Ecuador"},"image":{"@id":"https:\/\/pachamamitaecu.org\/es_es\/#\/schema\/logo\/image\/"},"sameAs":["https:\/\/www.facebook.com\/pachamamitaecu"]},{"@type":"Person","@id":"https:\/\/pachamamitaecu.org\/es_es\/#\/schema\/person\/e8b42afae2451fadab5e0295f02c4593","name":"PachaMamita EC","image":{"@type":"ImageObject","inLanguage":"es","@id":"https:\/\/pachamamitaecu.org\/wp-content\/litespeed\/avatar\/23494c9101089ad44ae88ce9d2f56aac.jpg?ver=1776746024","url":"https:\/\/pachamamitaecu.org\/wp-content\/litespeed\/avatar\/23494c9101089ad44ae88ce9d2f56aac.jpg?ver=1776746024","contentUrl":"https:\/\/pachamamitaecu.org\/wp-content\/litespeed\/avatar\/23494c9101089ad44ae88ce9d2f56aac.jpg?ver=1776746024","caption":"PachaMamita EC"},"url":"https:\/\/pachamamitaecu.org\/es_es\/author\/pachamamita-ec\/"}]}},"_links":{"self":[{"href":"https:\/\/pachamamitaecu.org\/es_es\/wp-json\/wp\/v2\/posts\/503","targetHints":{"allow":["GET"]}}],"collection":[{"href":"https:\/\/pachamamitaecu.org\/es_es\/wp-json\/wp\/v2\/posts"}],"about":[{"href":"https:\/\/pachamamitaecu.org\/es_es\/wp-json\/wp\/v2\/types\/post"}],"author":[{"embeddable":true,"href":"https:\/\/pachamamitaecu.org\/es_es\/wp-json\/wp\/v2\/users\/3"}],"replies":[{"embeddable":true,"href":"https:\/\/pachamamitaecu.org\/es_es\/wp-json\/wp\/v2\/comments?post=503"}],"version-history":[{"count":0,"href":"https:\/\/pachamamitaecu.org\/es_es\/wp-json\/wp\/v2\/posts\/503\/revisions"}],"wp:attachment":[{"href":"https:\/\/pachamamitaecu.org\/es_es\/wp-json\/wp\/v2\/media?parent=503"}],"wp:term":[{"taxonomy":"category","embeddable":true,"href":"https:\/\/pachamamitaecu.org\/es_es\/wp-json\/wp\/v2\/categories?post=503"},{"taxonomy":"post_tag","embeddable":true,"href":"https:\/\/pachamamitaecu.org\/es_es\/wp-json\/wp\/v2\/tags?post=503"}],"curies":[{"name":"wp","href":"https:\/\/api.w.org\/{rel}","templated":true}]}}