{"id":506,"date":"2015-09-17T08:06:00","date_gmt":"2015-09-17T08:06:00","guid":{"rendered":"http:\/\/pachamamitaecu-org-720647.hostingersite.com\/2015\/09\/17\/el-campesinado-de-la-costa-camina-hacia-una-agenda-agraria-propia-por-la-agroecologia-y-la-soberania-alimentaria\/"},"modified":"2023-03-02T06:21:14","modified_gmt":"2023-03-02T06:21:14","slug":"el-campesinado-de-la-costa-camina-hacia-una-agenda-agraria-propia-por-la-agroecologia-y-la-soberania-alimentaria","status":"publish","type":"post","link":"https:\/\/pachamamitaecu.org\/es_es\/2015\/09\/17\/el-campesinado-de-la-costa-camina-hacia-una-agenda-agraria-propia-por-la-agroecologia-y-la-soberania-alimentaria\/","title":{"rendered":"El campesinado de la costa camina hacia una agenda agraria propia, por la agroecolog\u00eda y la soberan\u00eda alimentaria."},"content":{"rendered":"\n<div dir=\"ltr\" style=\"text-align: left;\"><div style=\"clear: both; text-align: center;\"><a href=\"http:\/\/2.bp.blogspot.com\/-4Y4auaE2eyg\/Vfp0P8JsbEI\/AAAAAAAAFQM\/VhOrq1LCEPc\/s1600\/11014871_912363435496925_8182565910609750339_n.jpg\" style=\"margin-left: 1em; margin-right: 1em;\"><img decoding=\"async\" border=\"0\" height=\"452\" data-src=\"http:\/\/2.bp.blogspot.com\/-4Y4auaE2eyg\/Vfp0P8JsbEI\/AAAAAAAAFQM\/VhOrq1LCEPc\/s640\/11014871_912363435496925_8182565910609750339_n.jpg\" width=\"640\" src=\"data:image\/svg+xml;base64,PHN2ZyB3aWR0aD0iMSIgaGVpZ2h0PSIxIiB4bWxucz0iaHR0cDovL3d3dy53My5vcmcvMjAwMC9zdmciPjwvc3ZnPg==\" class=\"lazyload\" style=\"--smush-placeholder-width: 640px; --smush-placeholder-aspect-ratio: 640\/452;\"><\/a><\/div><div style=\"margin-bottom: 0cm; text-align: center;\"><i><br><\/i><\/div><span style=\"font-family: Georgia, Times New Roman, serif;\"><\/span><br><div style=\"text-align: center;\"><span style=\"font-family: Georgia, Times New Roman, serif;\"><i>Entre el 30 de septiembre  y el 3 de octubre los montubios, campesinos, pescadores, educadores y trabajadores rurales se reunir\u00e1n en las Cumbres Campesinas por la Agroecolog\u00eda y la Soberan\u00eda Alimentaria en Santa Elena, Manab\u00ed, Los R\u00edos y El Oro, para construir una agenda propia para la transformaci\u00f3n del campo ecuatoriano.<\/i><\/span><\/div><span style=\"font-family: Georgia, Times New Roman, serif;\"><br>Si bien el marco constitucional genera las condiciones para la construcci\u00f3n de un modelo agrario basado en la agroecolog\u00eda y la soberan\u00eda alimentaria y con protagonismo campesino, las Cumbres Campesinas surgen frente la incuestionable deuda agraria y la avanzada de un conjunto de pol\u00edticas que van en detrimento de la soberan\u00eda alimentaria y de la posibilidad de alcanzar la justicia social en el campo.<br><br>La presencia de transg\u00e9nicos en el campo, las fumigaciones con agro t\u00f3xicos, la falta de pol\u00edticas de fomento de la agroecolog\u00eda, la concentraci\u00f3n del agua y la tierra, la imposibilidad de acceder a una comercializaci\u00f3n justa, la inexistencia de cr\u00e9dito para los campesinos peque\u00f1os\u2026 son parte del universo de problem\u00e1ticas a las cuales la \u201crevoluci\u00f3n agraria\u201d no ha dado respuesta. Por el contrario, la legislaci\u00f3n agraria y las pol\u00edticas como el TLC con la Uni\u00f3n Europea fortalecen al agronegocio y a la imposici\u00f3n de una nueva matriz productiva desde arriba, que progresivamente busca destruir la producci\u00f3n campesina. <br><br>Por ello, los montubios, campesinos, pescadores, educadores y trabajadores rurales, con voz propia, vamos a plantear propuestas, sin intermediaciones, desde nuestras experiencias, conocimientos y problem\u00e1ticas, para exigir lo que por ley nos corresponde pero adem\u00e1s trabajar juntos para construir soluciones alternativas desde nuestras organizaciones.<\/span><br><div><span style=\"font-family: Georgia, Times New Roman, serif;\">Las Cumbres Campesinas por la Agroecolog\u00eda y la Soberan\u00eda Alimentaria est\u00e1n en el marco de la construcci\u00f3n de la Cumbre Agraria donde confluiremos con organizaciones del campo de todo el pa\u00eds para un verdadero debate agrario que construya la soberan\u00eda alimentaria. <br><br><b><a href=\"https:\/\/www.facebook.com\/events\/668461499920856\/\">Cumbres Campesinas Provinciales por la Agroecolog\u00eda y la Soberan\u00eda Alimentaria:<\/a><\/b><\/span><br><ul style=\"text-align: left;\"><span style=\"font-family: Georgia, Times New Roman, serif;\"><li>Santa Elena: 30\/09, 08hs00 en la Universidad Polit\u00e9cnica de Santa Elena.&nbsp;<\/li><li>Manab\u00ed: 01\/10, 08hs00 en la CEDOCAO, Cant\u00f3n Olmedo, Sitio El Pajarito.<\/li><li>Los R\u00edos: 02\/10, 08hs00 en el Club de Leones, Cant\u00f3n Urdaneta.<\/li><li>El Oro: 03\/10, 08hs00 en la Universidad de Machala, Machala.<\/li><\/span><\/ul><span style=\"font-family: Georgia, Times New Roman, serif;\"><b><a href=\"https:\/\/www.facebook.com\/festivalsoberaniaalimentaria?fref=ts\">Cumbre Regional por la Agroecolog\u00eda y la Soberan\u00eda Alimentaria:<\/a><\/b><br><br>16 de Octubre, d\u00eda internacional de lucha por la soberan\u00eda alimentaria, en el Parque Centenario, Guayaquil.<br><br><b>M\u00e1s informaci\u00f3n:<\/b><\/span><\/div><div><span style=\"font-family: Georgia, Times New Roman, serif;\">Richard Intriago: 0994675989<br>Facebook: <a href=\"https:\/\/www.facebook.com\/FECAOL-379282782138329\/timeline\/\">FECAOL<\/a><br>Twitter: <a href=\"https:\/\/twitter.com\/fecaol\">@fecaol<\/a><br>Para organizar entrevistas: 0995062410<\/span><\/div><\/div>\n<div class=\"pvc_clear\"><\/div><p id=\"pvc_stats_506\" class=\"pvc_stats total_only  \" data-element-id=\"506\" style=\"\"><i class=\"pvc-stats-icon medium\" aria-hidden=\"true\"><svg aria-hidden=\"true\" focusable=\"false\" data-prefix=\"far\" data-icon=\"chart-bar\" role=\"img\" xmlns=\"http:\/\/www.w3.org\/2000\/svg\" viewBox=\"0 0 512 512\" class=\"svg-inline--fa fa-chart-bar fa-w-16 fa-2x\"><path fill=\"currentColor\" d=\"M396.8 352h22.4c6.4 0 12.8-6.4 12.8-12.8V108.8c0-6.4-6.4-12.8-12.8-12.8h-22.4c-6.4 0-12.8 6.4-12.8 12.8v230.4c0 6.4 6.4 12.8 12.8 12.8zm-192 0h22.4c6.4 0 12.8-6.4 12.8-12.8V140.8c0-6.4-6.4-12.8-12.8-12.8h-22.4c-6.4 0-12.8 6.4-12.8 12.8v198.4c0 6.4 6.4 12.8 12.8 12.8zm96 0h22.4c6.4 0 12.8-6.4 12.8-12.8V204.8c0-6.4-6.4-12.8-12.8-12.8h-22.4c-6.4 0-12.8 6.4-12.8 12.8v134.4c0 6.4 6.4 12.8 12.8 12.8zM496 400H48V80c0-8.84-7.16-16-16-16H16C7.16 64 0 71.16 0 80v336c0 17.67 14.33 32 32 32h464c8.84 0 16-7.16 16-16v-16c0-8.84-7.16-16-16-16zm-387.2-48h22.4c6.4 0 12.8-6.4 12.8-12.8v-70.4c0-6.4-6.4-12.8-12.8-12.8h-22.4c-6.4 0-12.8 6.4-12.8 12.8v70.4c0 6.4 6.4 12.8 12.8 12.8z\" class=\"\"><\/path><\/svg><\/i> <img decoding=\"async\" width=\"16\" height=\"16\" alt=\"Loading\" data-src=\"https:\/\/pachamamitaecu.org\/wp-content\/plugins\/page-views-count\/ajax-loader-2x.gif\" border=0 src=\"data:image\/svg+xml;base64,PHN2ZyB3aWR0aD0iMSIgaGVpZ2h0PSIxIiB4bWxucz0iaHR0cDovL3d3dy53My5vcmcvMjAwMC9zdmciPjwvc3ZnPg==\" class=\"lazyload\" style=\"--smush-placeholder-width: 16px; --smush-placeholder-aspect-ratio: 16\/16;\" \/><\/p><div class=\"pvc_clear\"><\/div>","protected":false},"excerpt":{"rendered":"<p>Entre el 30 de septiembre y el 3 de octubre los montubios, campesinos, pescadores, educadores y trabajadores rurales se reunir\u00e1n en las Cumbres Campesinas por la Agroecolog\u00eda y la Soberan\u00eda Alimentaria en Santa Elena, Manab\u00ed, Los R\u00edos y El Oro, para construir una agenda propia para la transformaci\u00f3n del campo ecuatoriano. Si bien el marco [&#8230;]\n","protected":false},"author":3,"featured_media":0,"comment_status":"closed","ping_status":"closed","sticky":false,"template":"","format":"standard","meta":{"footnotes":""},"categories":[181],"tags":[],"class_list":["post-506","post","type-post","status-publish","format-standard","hentry","category-agroecologia"],"a3_pvc":{"activated":true,"total_views":19,"today_views":0},"yoast_head":"<!-- This site is optimized with the Yoast SEO Premium plugin v24.2 (Yoast SEO v27.4) - https:\/\/yoast.com\/product\/yoast-seo-premium-wordpress\/ -->\n<title>El campesinado de la costa camina hacia una agenda agraria propia, por la agroecolog\u00eda y la soberan\u00eda alimentaria. - PachaMamita Ecuador<\/title>\n<meta name=\"robots\" content=\"index, follow, max-snippet:-1, max-image-preview:large, max-video-preview:-1\" \/>\n<link rel=\"canonical\" href=\"https:\/\/pachamamitaecu.org\/es_es\/2015\/09\/17\/el-campesinado-de-la-costa-camina-hacia-una-agenda-agraria-propia-por-la-agroecologia-y-la-soberania-alimentaria\/\" \/>\n<meta property=\"og:locale\" content=\"es_ES\" \/>\n<meta property=\"og:type\" content=\"article\" \/>\n<meta property=\"og:title\" content=\"El campesinado de la costa camina hacia una agenda agraria propia, por la agroecolog\u00eda y la soberan\u00eda alimentaria.\" \/>\n<meta property=\"og:description\" content=\"Entre el 30 de septiembre y el 3 de octubre los montubios, campesinos, pescadores, educadores y trabajadores rurales se reunir\u00e1n en las Cumbres Campesinas por la Agroecolog\u00eda y la Soberan\u00eda Alimentaria en Santa Elena, Manab\u00ed, Los R\u00edos y El Oro, para construir una agenda propia para la transformaci\u00f3n del campo ecuatoriano. Si bien el marco [...]\" \/>\n<meta property=\"og:url\" content=\"https:\/\/pachamamitaecu.org\/es_es\/2015\/09\/17\/el-campesinado-de-la-costa-camina-hacia-una-agenda-agraria-propia-por-la-agroecologia-y-la-soberania-alimentaria\/\" \/>\n<meta property=\"og:site_name\" content=\"PachaMamita Ecuador\" \/>\n<meta property=\"article:publisher\" content=\"https:\/\/www.facebook.com\/pachamamitaecu\" \/>\n<meta property=\"article:published_time\" content=\"2015-09-17T08:06:00+00:00\" \/>\n<meta property=\"article:modified_time\" content=\"2023-03-02T06:21:14+00:00\" \/>\n<meta property=\"og:image\" content=\"http:\/\/2.bp.blogspot.com\/-4Y4auaE2eyg\/Vfp0P8JsbEI\/AAAAAAAAFQM\/VhOrq1LCEPc\/s640\/11014871_912363435496925_8182565910609750339_n.jpg\" \/>\n<meta name=\"author\" content=\"PachaMamita EC\" \/>\n<meta name=\"twitter:card\" content=\"summary_large_image\" \/>\n<meta name=\"twitter:label1\" content=\"Escrito por\" \/>\n\t<meta name=\"twitter:data1\" content=\"PachaMamita EC\" \/>\n\t<meta name=\"twitter:label2\" content=\"Tiempo de lectura\" \/>\n\t<meta name=\"twitter:data2\" content=\"2 minutos\" \/>\n<script type=\"application\/ld+json\" class=\"yoast-schema-graph\">{\"@context\":\"https:\\\/\\\/schema.org\",\"@graph\":[{\"@type\":\"Article\",\"@id\":\"https:\\\/\\\/pachamamitaecu.org\\\/es_es\\\/2015\\\/09\\\/17\\\/el-campesinado-de-la-costa-camina-hacia-una-agenda-agraria-propia-por-la-agroecologia-y-la-soberania-alimentaria\\\/#article\",\"isPartOf\":{\"@id\":\"https:\\\/\\\/pachamamitaecu.org\\\/es_es\\\/2015\\\/09\\\/17\\\/el-campesinado-de-la-costa-camina-hacia-una-agenda-agraria-propia-por-la-agroecologia-y-la-soberania-alimentaria\\\/\"},\"author\":{\"name\":\"PachaMamita EC\",\"@id\":\"https:\\\/\\\/pachamamitaecu.org\\\/es_es\\\/#\\\/schema\\\/person\\\/e8b42afae2451fadab5e0295f02c4593\"},\"headline\":\"El campesinado de la costa camina hacia una agenda agraria propia, por la agroecolog\u00eda y la soberan\u00eda alimentaria.\",\"datePublished\":\"2015-09-17T08:06:00+00:00\",\"dateModified\":\"2023-03-02T06:21:14+00:00\",\"mainEntityOfPage\":{\"@id\":\"https:\\\/\\\/pachamamitaecu.org\\\/es_es\\\/2015\\\/09\\\/17\\\/el-campesinado-de-la-costa-camina-hacia-una-agenda-agraria-propia-por-la-agroecologia-y-la-soberania-alimentaria\\\/\"},\"wordCount\":445,\"publisher\":{\"@id\":\"https:\\\/\\\/pachamamitaecu.org\\\/es_es\\\/#organization\"},\"image\":{\"@id\":\"https:\\\/\\\/pachamamitaecu.org\\\/es_es\\\/2015\\\/09\\\/17\\\/el-campesinado-de-la-costa-camina-hacia-una-agenda-agraria-propia-por-la-agroecologia-y-la-soberania-alimentaria\\\/#primaryimage\"},\"thumbnailUrl\":\"http:\\\/\\\/2.bp.blogspot.com\\\/-4Y4auaE2eyg\\\/Vfp0P8JsbEI\\\/AAAAAAAAFQM\\\/VhOrq1LCEPc\\\/s640\\\/11014871_912363435496925_8182565910609750339_n.jpg\",\"articleSection\":[\"agroecologia\"],\"inLanguage\":\"es\"},{\"@type\":\"WebPage\",\"@id\":\"https:\\\/\\\/pachamamitaecu.org\\\/es_es\\\/2015\\\/09\\\/17\\\/el-campesinado-de-la-costa-camina-hacia-una-agenda-agraria-propia-por-la-agroecologia-y-la-soberania-alimentaria\\\/\",\"url\":\"https:\\\/\\\/pachamamitaecu.org\\\/es_es\\\/2015\\\/09\\\/17\\\/el-campesinado-de-la-costa-camina-hacia-una-agenda-agraria-propia-por-la-agroecologia-y-la-soberania-alimentaria\\\/\",\"name\":\"El campesinado de la costa camina hacia una agenda agraria propia, por la agroecolog\u00eda y la soberan\u00eda alimentaria. - PachaMamita Ecuador\",\"isPartOf\":{\"@id\":\"https:\\\/\\\/pachamamitaecu.org\\\/es_es\\\/#website\"},\"primaryImageOfPage\":{\"@id\":\"https:\\\/\\\/pachamamitaecu.org\\\/es_es\\\/2015\\\/09\\\/17\\\/el-campesinado-de-la-costa-camina-hacia-una-agenda-agraria-propia-por-la-agroecologia-y-la-soberania-alimentaria\\\/#primaryimage\"},\"image\":{\"@id\":\"https:\\\/\\\/pachamamitaecu.org\\\/es_es\\\/2015\\\/09\\\/17\\\/el-campesinado-de-la-costa-camina-hacia-una-agenda-agraria-propia-por-la-agroecologia-y-la-soberania-alimentaria\\\/#primaryimage\"},\"thumbnailUrl\":\"http:\\\/\\\/2.bp.blogspot.com\\\/-4Y4auaE2eyg\\\/Vfp0P8JsbEI\\\/AAAAAAAAFQM\\\/VhOrq1LCEPc\\\/s640\\\/11014871_912363435496925_8182565910609750339_n.jpg\",\"datePublished\":\"2015-09-17T08:06:00+00:00\",\"dateModified\":\"2023-03-02T06:21:14+00:00\",\"breadcrumb\":{\"@id\":\"https:\\\/\\\/pachamamitaecu.org\\\/es_es\\\/2015\\\/09\\\/17\\\/el-campesinado-de-la-costa-camina-hacia-una-agenda-agraria-propia-por-la-agroecologia-y-la-soberania-alimentaria\\\/#breadcrumb\"},\"inLanguage\":\"es\",\"potentialAction\":[{\"@type\":\"ReadAction\",\"target\":[\"https:\\\/\\\/pachamamitaecu.org\\\/es_es\\\/2015\\\/09\\\/17\\\/el-campesinado-de-la-costa-camina-hacia-una-agenda-agraria-propia-por-la-agroecologia-y-la-soberania-alimentaria\\\/\"]}]},{\"@type\":\"ImageObject\",\"inLanguage\":\"es\",\"@id\":\"https:\\\/\\\/pachamamitaecu.org\\\/es_es\\\/2015\\\/09\\\/17\\\/el-campesinado-de-la-costa-camina-hacia-una-agenda-agraria-propia-por-la-agroecologia-y-la-soberania-alimentaria\\\/#primaryimage\",\"url\":\"http:\\\/\\\/2.bp.blogspot.com\\\/-4Y4auaE2eyg\\\/Vfp0P8JsbEI\\\/AAAAAAAAFQM\\\/VhOrq1LCEPc\\\/s640\\\/11014871_912363435496925_8182565910609750339_n.jpg\",\"contentUrl\":\"http:\\\/\\\/2.bp.blogspot.com\\\/-4Y4auaE2eyg\\\/Vfp0P8JsbEI\\\/AAAAAAAAFQM\\\/VhOrq1LCEPc\\\/s640\\\/11014871_912363435496925_8182565910609750339_n.jpg\"},{\"@type\":\"BreadcrumbList\",\"@id\":\"https:\\\/\\\/pachamamitaecu.org\\\/es_es\\\/2015\\\/09\\\/17\\\/el-campesinado-de-la-costa-camina-hacia-una-agenda-agraria-propia-por-la-agroecologia-y-la-soberania-alimentaria\\\/#breadcrumb\",\"itemListElement\":[{\"@type\":\"ListItem\",\"position\":1,\"name\":\"Portada\",\"item\":\"https:\\\/\\\/pachamamitaecu.org\\\/es_es\\\/\"},{\"@type\":\"ListItem\",\"position\":2,\"name\":\"El campesinado de la costa camina hacia una agenda agraria propia, por la agroecolog\u00eda y la soberan\u00eda alimentaria.\"}]},{\"@type\":\"WebSite\",\"@id\":\"https:\\\/\\\/pachamamitaecu.org\\\/es_es\\\/#website\",\"url\":\"https:\\\/\\\/pachamamitaecu.org\\\/es_es\\\/\",\"name\":\"PachaMamita Ecuador\",\"description\":\"CULTURA. AGROECOLOG\u00cdA. TURISMO Y CONSUMO RESPONSABLE-ECUADOR.\",\"publisher\":{\"@id\":\"https:\\\/\\\/pachamamitaecu.org\\\/es_es\\\/#organization\"},\"potentialAction\":[{\"@type\":\"SearchAction\",\"target\":{\"@type\":\"EntryPoint\",\"urlTemplate\":\"https:\\\/\\\/pachamamitaecu.org\\\/es_es\\\/?s={search_term_string}\"},\"query-input\":{\"@type\":\"PropertyValueSpecification\",\"valueRequired\":true,\"valueName\":\"search_term_string\"}}],\"inLanguage\":\"es\"},{\"@type\":\"Organization\",\"@id\":\"https:\\\/\\\/pachamamitaecu.org\\\/es_es\\\/#organization\",\"name\":\"PachaMamita Ecuador\",\"url\":\"https:\\\/\\\/pachamamitaecu.org\\\/es_es\\\/\",\"logo\":{\"@type\":\"ImageObject\",\"inLanguage\":\"es\",\"@id\":\"https:\\\/\\\/pachamamitaecu.org\\\/es_es\\\/#\\\/schema\\\/logo\\\/image\\\/\",\"url\":\"https:\\\/\\\/pachamamitaecu.org\\\/wp-content\\\/uploads\\\/2024\\\/04\\\/cropped-Diseno-sin-titulo-13.png\",\"contentUrl\":\"https:\\\/\\\/pachamamitaecu.org\\\/wp-content\\\/uploads\\\/2024\\\/04\\\/cropped-Diseno-sin-titulo-13.png\",\"width\":512,\"height\":512,\"caption\":\"PachaMamita Ecuador\"},\"image\":{\"@id\":\"https:\\\/\\\/pachamamitaecu.org\\\/es_es\\\/#\\\/schema\\\/logo\\\/image\\\/\"},\"sameAs\":[\"https:\\\/\\\/www.facebook.com\\\/pachamamitaecu\"]},{\"@type\":\"Person\",\"@id\":\"https:\\\/\\\/pachamamitaecu.org\\\/es_es\\\/#\\\/schema\\\/person\\\/e8b42afae2451fadab5e0295f02c4593\",\"name\":\"PachaMamita EC\",\"image\":{\"@type\":\"ImageObject\",\"inLanguage\":\"es\",\"@id\":\"https:\\\/\\\/pachamamitaecu.org\\\/wp-content\\\/litespeed\\\/avatar\\\/23494c9101089ad44ae88ce9d2f56aac.jpg?ver=1776746024\",\"url\":\"https:\\\/\\\/pachamamitaecu.org\\\/wp-content\\\/litespeed\\\/avatar\\\/23494c9101089ad44ae88ce9d2f56aac.jpg?ver=1776746024\",\"contentUrl\":\"https:\\\/\\\/pachamamitaecu.org\\\/wp-content\\\/litespeed\\\/avatar\\\/23494c9101089ad44ae88ce9d2f56aac.jpg?ver=1776746024\",\"caption\":\"PachaMamita EC\"},\"url\":\"https:\\\/\\\/pachamamitaecu.org\\\/es_es\\\/author\\\/pachamamita-ec\\\/\"}]}<\/script>\n<!-- \/ Yoast SEO Premium plugin. -->","yoast_head_json":{"title":"El campesinado de la costa camina hacia una agenda agraria propia, por la agroecolog\u00eda y la soberan\u00eda alimentaria. - PachaMamita Ecuador","robots":{"index":"index","follow":"follow","max-snippet":"max-snippet:-1","max-image-preview":"max-image-preview:large","max-video-preview":"max-video-preview:-1"},"canonical":"https:\/\/pachamamitaecu.org\/es_es\/2015\/09\/17\/el-campesinado-de-la-costa-camina-hacia-una-agenda-agraria-propia-por-la-agroecologia-y-la-soberania-alimentaria\/","og_locale":"es_ES","og_type":"article","og_title":"El campesinado de la costa camina hacia una agenda agraria propia, por la agroecolog\u00eda y la soberan\u00eda alimentaria.","og_description":"Entre el 30 de septiembre y el 3 de octubre los montubios, campesinos, pescadores, educadores y trabajadores rurales se reunir\u00e1n en las Cumbres Campesinas por la Agroecolog\u00eda y la Soberan\u00eda Alimentaria en Santa Elena, Manab\u00ed, Los R\u00edos y El Oro, para construir una agenda propia para la transformaci\u00f3n del campo ecuatoriano. Si bien el marco [...]","og_url":"https:\/\/pachamamitaecu.org\/es_es\/2015\/09\/17\/el-campesinado-de-la-costa-camina-hacia-una-agenda-agraria-propia-por-la-agroecologia-y-la-soberania-alimentaria\/","og_site_name":"PachaMamita Ecuador","article_publisher":"https:\/\/www.facebook.com\/pachamamitaecu","article_published_time":"2015-09-17T08:06:00+00:00","article_modified_time":"2023-03-02T06:21:14+00:00","og_image":[{"url":"http:\/\/2.bp.blogspot.com\/-4Y4auaE2eyg\/Vfp0P8JsbEI\/AAAAAAAAFQM\/VhOrq1LCEPc\/s640\/11014871_912363435496925_8182565910609750339_n.jpg","type":"","width":"","height":""}],"author":"PachaMamita EC","twitter_card":"summary_large_image","twitter_misc":{"Escrito por":"PachaMamita EC","Tiempo de lectura":"2 minutos"},"schema":{"@context":"https:\/\/schema.org","@graph":[{"@type":"Article","@id":"https:\/\/pachamamitaecu.org\/es_es\/2015\/09\/17\/el-campesinado-de-la-costa-camina-hacia-una-agenda-agraria-propia-por-la-agroecologia-y-la-soberania-alimentaria\/#article","isPartOf":{"@id":"https:\/\/pachamamitaecu.org\/es_es\/2015\/09\/17\/el-campesinado-de-la-costa-camina-hacia-una-agenda-agraria-propia-por-la-agroecologia-y-la-soberania-alimentaria\/"},"author":{"name":"PachaMamita EC","@id":"https:\/\/pachamamitaecu.org\/es_es\/#\/schema\/person\/e8b42afae2451fadab5e0295f02c4593"},"headline":"El campesinado de la costa camina hacia una agenda agraria propia, por la agroecolog\u00eda y la soberan\u00eda alimentaria.","datePublished":"2015-09-17T08:06:00+00:00","dateModified":"2023-03-02T06:21:14+00:00","mainEntityOfPage":{"@id":"https:\/\/pachamamitaecu.org\/es_es\/2015\/09\/17\/el-campesinado-de-la-costa-camina-hacia-una-agenda-agraria-propia-por-la-agroecologia-y-la-soberania-alimentaria\/"},"wordCount":445,"publisher":{"@id":"https:\/\/pachamamitaecu.org\/es_es\/#organization"},"image":{"@id":"https:\/\/pachamamitaecu.org\/es_es\/2015\/09\/17\/el-campesinado-de-la-costa-camina-hacia-una-agenda-agraria-propia-por-la-agroecologia-y-la-soberania-alimentaria\/#primaryimage"},"thumbnailUrl":"http:\/\/2.bp.blogspot.com\/-4Y4auaE2eyg\/Vfp0P8JsbEI\/AAAAAAAAFQM\/VhOrq1LCEPc\/s640\/11014871_912363435496925_8182565910609750339_n.jpg","articleSection":["agroecologia"],"inLanguage":"es"},{"@type":"WebPage","@id":"https:\/\/pachamamitaecu.org\/es_es\/2015\/09\/17\/el-campesinado-de-la-costa-camina-hacia-una-agenda-agraria-propia-por-la-agroecologia-y-la-soberania-alimentaria\/","url":"https:\/\/pachamamitaecu.org\/es_es\/2015\/09\/17\/el-campesinado-de-la-costa-camina-hacia-una-agenda-agraria-propia-por-la-agroecologia-y-la-soberania-alimentaria\/","name":"El campesinado de la costa camina hacia una agenda agraria propia, por la agroecolog\u00eda y la soberan\u00eda alimentaria. - PachaMamita Ecuador","isPartOf":{"@id":"https:\/\/pachamamitaecu.org\/es_es\/#website"},"primaryImageOfPage":{"@id":"https:\/\/pachamamitaecu.org\/es_es\/2015\/09\/17\/el-campesinado-de-la-costa-camina-hacia-una-agenda-agraria-propia-por-la-agroecologia-y-la-soberania-alimentaria\/#primaryimage"},"image":{"@id":"https:\/\/pachamamitaecu.org\/es_es\/2015\/09\/17\/el-campesinado-de-la-costa-camina-hacia-una-agenda-agraria-propia-por-la-agroecologia-y-la-soberania-alimentaria\/#primaryimage"},"thumbnailUrl":"http:\/\/2.bp.blogspot.com\/-4Y4auaE2eyg\/Vfp0P8JsbEI\/AAAAAAAAFQM\/VhOrq1LCEPc\/s640\/11014871_912363435496925_8182565910609750339_n.jpg","datePublished":"2015-09-17T08:06:00+00:00","dateModified":"2023-03-02T06:21:14+00:00","breadcrumb":{"@id":"https:\/\/pachamamitaecu.org\/es_es\/2015\/09\/17\/el-campesinado-de-la-costa-camina-hacia-una-agenda-agraria-propia-por-la-agroecologia-y-la-soberania-alimentaria\/#breadcrumb"},"inLanguage":"es","potentialAction":[{"@type":"ReadAction","target":["https:\/\/pachamamitaecu.org\/es_es\/2015\/09\/17\/el-campesinado-de-la-costa-camina-hacia-una-agenda-agraria-propia-por-la-agroecologia-y-la-soberania-alimentaria\/"]}]},{"@type":"ImageObject","inLanguage":"es","@id":"https:\/\/pachamamitaecu.org\/es_es\/2015\/09\/17\/el-campesinado-de-la-costa-camina-hacia-una-agenda-agraria-propia-por-la-agroecologia-y-la-soberania-alimentaria\/#primaryimage","url":"http:\/\/2.bp.blogspot.com\/-4Y4auaE2eyg\/Vfp0P8JsbEI\/AAAAAAAAFQM\/VhOrq1LCEPc\/s640\/11014871_912363435496925_8182565910609750339_n.jpg","contentUrl":"http:\/\/2.bp.blogspot.com\/-4Y4auaE2eyg\/Vfp0P8JsbEI\/AAAAAAAAFQM\/VhOrq1LCEPc\/s640\/11014871_912363435496925_8182565910609750339_n.jpg"},{"@type":"BreadcrumbList","@id":"https:\/\/pachamamitaecu.org\/es_es\/2015\/09\/17\/el-campesinado-de-la-costa-camina-hacia-una-agenda-agraria-propia-por-la-agroecologia-y-la-soberania-alimentaria\/#breadcrumb","itemListElement":[{"@type":"ListItem","position":1,"name":"Portada","item":"https:\/\/pachamamitaecu.org\/es_es\/"},{"@type":"ListItem","position":2,"name":"El campesinado de la costa camina hacia una agenda agraria propia, por la agroecolog\u00eda y la soberan\u00eda alimentaria."}]},{"@type":"WebSite","@id":"https:\/\/pachamamitaecu.org\/es_es\/#website","url":"https:\/\/pachamamitaecu.org\/es_es\/","name":"PachaMamita Ecuador","description":"CULTURA. AGROECOLOG\u00cdA. TURISMO Y CONSUMO RESPONSABLE-ECUADOR.","publisher":{"@id":"https:\/\/pachamamitaecu.org\/es_es\/#organization"},"potentialAction":[{"@type":"SearchAction","target":{"@type":"EntryPoint","urlTemplate":"https:\/\/pachamamitaecu.org\/es_es\/?s={search_term_string}"},"query-input":{"@type":"PropertyValueSpecification","valueRequired":true,"valueName":"search_term_string"}}],"inLanguage":"es"},{"@type":"Organization","@id":"https:\/\/pachamamitaecu.org\/es_es\/#organization","name":"PachaMamita Ecuador","url":"https:\/\/pachamamitaecu.org\/es_es\/","logo":{"@type":"ImageObject","inLanguage":"es","@id":"https:\/\/pachamamitaecu.org\/es_es\/#\/schema\/logo\/image\/","url":"https:\/\/pachamamitaecu.org\/wp-content\/uploads\/2024\/04\/cropped-Diseno-sin-titulo-13.png","contentUrl":"https:\/\/pachamamitaecu.org\/wp-content\/uploads\/2024\/04\/cropped-Diseno-sin-titulo-13.png","width":512,"height":512,"caption":"PachaMamita Ecuador"},"image":{"@id":"https:\/\/pachamamitaecu.org\/es_es\/#\/schema\/logo\/image\/"},"sameAs":["https:\/\/www.facebook.com\/pachamamitaecu"]},{"@type":"Person","@id":"https:\/\/pachamamitaecu.org\/es_es\/#\/schema\/person\/e8b42afae2451fadab5e0295f02c4593","name":"PachaMamita EC","image":{"@type":"ImageObject","inLanguage":"es","@id":"https:\/\/pachamamitaecu.org\/wp-content\/litespeed\/avatar\/23494c9101089ad44ae88ce9d2f56aac.jpg?ver=1776746024","url":"https:\/\/pachamamitaecu.org\/wp-content\/litespeed\/avatar\/23494c9101089ad44ae88ce9d2f56aac.jpg?ver=1776746024","contentUrl":"https:\/\/pachamamitaecu.org\/wp-content\/litespeed\/avatar\/23494c9101089ad44ae88ce9d2f56aac.jpg?ver=1776746024","caption":"PachaMamita EC"},"url":"https:\/\/pachamamitaecu.org\/es_es\/author\/pachamamita-ec\/"}]}},"_links":{"self":[{"href":"https:\/\/pachamamitaecu.org\/es_es\/wp-json\/wp\/v2\/posts\/506","targetHints":{"allow":["GET"]}}],"collection":[{"href":"https:\/\/pachamamitaecu.org\/es_es\/wp-json\/wp\/v2\/posts"}],"about":[{"href":"https:\/\/pachamamitaecu.org\/es_es\/wp-json\/wp\/v2\/types\/post"}],"author":[{"embeddable":true,"href":"https:\/\/pachamamitaecu.org\/es_es\/wp-json\/wp\/v2\/users\/3"}],"replies":[{"embeddable":true,"href":"https:\/\/pachamamitaecu.org\/es_es\/wp-json\/wp\/v2\/comments?post=506"}],"version-history":[{"count":0,"href":"https:\/\/pachamamitaecu.org\/es_es\/wp-json\/wp\/v2\/posts\/506\/revisions"}],"wp:attachment":[{"href":"https:\/\/pachamamitaecu.org\/es_es\/wp-json\/wp\/v2\/media?parent=506"}],"wp:term":[{"taxonomy":"category","embeddable":true,"href":"https:\/\/pachamamitaecu.org\/es_es\/wp-json\/wp\/v2\/categories?post=506"},{"taxonomy":"post_tag","embeddable":true,"href":"https:\/\/pachamamitaecu.org\/es_es\/wp-json\/wp\/v2\/tags?post=506"}],"curies":[{"name":"wp","href":"https:\/\/api.w.org\/{rel}","templated":true}]}}