{"id":507,"date":"2015-09-17T07:00:00","date_gmt":"2015-09-17T07:00:00","guid":{"rendered":"http:\/\/pachamamitaecu-org-720647.hostingersite.com\/2015\/09\/17\/dinamarca-el-primer-pais-del-mundo-que-tendra-agricultura-100-organica\/"},"modified":"2023-03-02T06:21:14","modified_gmt":"2023-03-02T06:21:14","slug":"dinamarca-el-primer-pais-del-mundo-que-tendra-agricultura-100-organica","status":"publish","type":"post","link":"https:\/\/pachamamitaecu.org\/es_es\/2015\/09\/17\/dinamarca-el-primer-pais-del-mundo-que-tendra-agricultura-100-organica\/","title":{"rendered":"Dinamarca, el primer pa\u00eds del mundo que tendr\u00e1 agricultura 100% org\u00e1nica"},"content":{"rendered":"<div dir=\"ltr\" style=\"text-align: left;\">\n<div style=\"clear: both; text-align: center;\"><a href=\"http:\/\/4.bp.blogspot.com\/-oVuFkaauKtE\/VfpkIp7NJmI\/AAAAAAAAFP8\/TGGhiMEZy-U\/s1600\/Denmark.jpg\" style=\"clear: right; float: right; margin-bottom: 1em; margin-left: 1em;\"><img decoding=\"async\" border=\"0\" height=\"180\" data-src=\"http:\/\/4.bp.blogspot.com\/-oVuFkaauKtE\/VfpkIp7NJmI\/AAAAAAAAFP8\/TGGhiMEZy-U\/s320\/Denmark.jpg\" width=\"320\" src=\"data:image\/svg+xml;base64,PHN2ZyB3aWR0aD0iMSIgaGVpZ2h0PSIxIiB4bWxucz0iaHR0cDovL3d3dy53My5vcmcvMjAwMC9zdmciPjwvc3ZnPg==\" class=\"lazyload\" style=\"--smush-placeholder-width: 320px; --smush-placeholder-aspect-ratio: 320\/180;\" \/><\/a><\/div>\n<p><span style=\"font-family: Georgia, Times New Roman, serif;\"><i>Dinamarca ser\u00e1 el primer pa\u00eds del mundo que tendr\u00e1 agricultura 100% org\u00e1nica por ley. <\/i><\/p>\n<p>El gobierno dan\u00e9s quiere que su pa\u00eds tenga una agricultura totalmente sustentable y para eso va a transformar toda su producci\u00f3n en org\u00e1nica.<\/p>\n<p>Para lograrlo, se encuentran estableciendo metas, siendo la primera la duplicaci\u00f3n de la cantidad actual de tierra cultivada org\u00e1nicamente hasta el 2020. Despu\u00e9s de ese a\u00f1o, ellos van a invertir m\u00e1s de 53 millones de euros para ampliar a\u00fan mas la agricultura biol\u00f3gica.<\/p>\n<p>Dinamarca es actualmente el pa\u00eds con mayor desarrollo y amplitud del comercio de productos org\u00e1nicos.<\/p>\n<p>Ya son 25 a\u00f1os en que este pa\u00eds n\u00f3rdico tiene leyes que protegen la naturaleza, el agua, oy el uso de productos agr\u00edcolas biol\u00f3gicos, y se estima que el 97% de la poblaci\u00f3n de ese pa\u00eds conoce  su significado e importancia.<\/p>\n<p>Hoy en d\u00eda, el pa\u00eds act\u00faa en dos frentes: el primero es aumentar la cantidad de tierras agr\u00edcolas que usen agricultura biol\u00f3gica y el segundo consiste en estimular una mayor demanda para los productos de origen comprobadamente org\u00e1nico y sustentable..<\/p>\n<p>Con las primeras metas alcanzadas, los daneses van a ofrecer a las escuelas, cantinas e hospitales, hasta el 60% de los alimentos de origen org\u00e1nico.<\/p>\n<p>Otro cambio ser\u00e1 a nivel de las escuelas, con la inclusi\u00f3n  de cursos de nutrici\u00f3n, alimentaci\u00f3n saludable y  agricultura natural.<\/p>\n<p>Um bom exemplo!<\/p>\n<p>Publicado originalmente en portugu\u00e9s por: <a href=\"https:\/\/razoesparaacreditar.com\/cultivar\/dinamarca-e-o-primeiro-pais-que-tera-agricultura-100-organica-por-lei-2\/?utm_source=soclminer\">Razoes para Acreditar<\/a><br \/>Traducido al castellano por <a href=\"http:\/\/www.pachamamita.org\/\">Pacha Mamita<\/a><\/span><\/div>\n<div class=\"pvc_clear\"><\/div>\n<p id=\"pvc_stats_507\" class=\"pvc_stats total_only  \" data-element-id=\"507\" style=\"\"><i class=\"pvc-stats-icon medium\" aria-hidden=\"true\"><svg aria-hidden=\"true\" focusable=\"false\" data-prefix=\"far\" data-icon=\"chart-bar\" role=\"img\" xmlns=\"http:\/\/www.w3.org\/2000\/svg\" viewBox=\"0 0 512 512\" class=\"svg-inline--fa fa-chart-bar fa-w-16 fa-2x\"><path fill=\"currentColor\" d=\"M396.8 352h22.4c6.4 0 12.8-6.4 12.8-12.8V108.8c0-6.4-6.4-12.8-12.8-12.8h-22.4c-6.4 0-12.8 6.4-12.8 12.8v230.4c0 6.4 6.4 12.8 12.8 12.8zm-192 0h22.4c6.4 0 12.8-6.4 12.8-12.8V140.8c0-6.4-6.4-12.8-12.8-12.8h-22.4c-6.4 0-12.8 6.4-12.8 12.8v198.4c0 6.4 6.4 12.8 12.8 12.8zm96 0h22.4c6.4 0 12.8-6.4 12.8-12.8V204.8c0-6.4-6.4-12.8-12.8-12.8h-22.4c-6.4 0-12.8 6.4-12.8 12.8v134.4c0 6.4 6.4 12.8 12.8 12.8zM496 400H48V80c0-8.84-7.16-16-16-16H16C7.16 64 0 71.16 0 80v336c0 17.67 14.33 32 32 32h464c8.84 0 16-7.16 16-16v-16c0-8.84-7.16-16-16-16zm-387.2-48h22.4c6.4 0 12.8-6.4 12.8-12.8v-70.4c0-6.4-6.4-12.8-12.8-12.8h-22.4c-6.4 0-12.8 6.4-12.8 12.8v70.4c0 6.4 6.4 12.8 12.8 12.8z\" class=\"\"><\/path><\/svg><\/i> <img decoding=\"async\" width=\"16\" height=\"16\" alt=\"Loading\" data-src=\"https:\/\/pachamamitaecu.org\/wp-content\/plugins\/page-views-count\/ajax-loader-2x.gif\" border=0 src=\"data:image\/svg+xml;base64,PHN2ZyB3aWR0aD0iMSIgaGVpZ2h0PSIxIiB4bWxucz0iaHR0cDovL3d3dy53My5vcmcvMjAwMC9zdmciPjwvc3ZnPg==\" class=\"lazyload\" style=\"--smush-placeholder-width: 16px; --smush-placeholder-aspect-ratio: 16\/16;\" \/><\/p>\n<div class=\"pvc_clear\"><\/div>\n","protected":false},"excerpt":{"rendered":"<p>Dinamarca ser\u00e1 el primer pa\u00eds del mundo que tendr\u00e1 agricultura 100% org\u00e1nica por ley. El gobierno dan\u00e9s quiere que su pa\u00eds tenga una agricultura totalmente sustentable y para eso va a transformar toda su producci\u00f3n en org\u00e1nica. Para lograrlo, se encuentran estableciendo metas, siendo la primera la duplicaci\u00f3n de la cantidad actual de tierra cultivada [&#8230;]\n","protected":false},"author":3,"featured_media":0,"comment_status":"closed","ping_status":"closed","sticky":false,"template":"","format":"standard","meta":{"footnotes":""},"categories":[179,211,181,159,294],"tags":[],"class_list":["post-507","post","type-post","status-publish","format-standard","hentry","category-agricultura-familiar","category-agricultura-organica","category-agroecologia","category-consumo-responsable","category-fe"],"a3_pvc":{"activated":true,"total_views":25,"today_views":0},"yoast_head":"<!-- This site is optimized with the Yoast SEO Premium plugin v24.2 (Yoast SEO v27.4) - https:\/\/yoast.com\/product\/yoast-seo-premium-wordpress\/ -->\n<title>Dinamarca, el primer pa\u00eds del mundo que tendr\u00e1 agricultura 100% org\u00e1nica - PachaMamita Ecuador<\/title>\n<meta name=\"robots\" content=\"index, follow, max-snippet:-1, max-image-preview:large, max-video-preview:-1\" \/>\n<link rel=\"canonical\" href=\"https:\/\/pachamamitaecu.org\/es_es\/2015\/09\/17\/denmark-is-the-first-country-in-the-world-to-have-100-organic-agriculture\/\" \/>\n<meta property=\"og:locale\" content=\"es_ES\" \/>\n<meta property=\"og:type\" content=\"article\" \/>\n<meta property=\"og:title\" content=\"Dinamarca, el primer pa\u00eds del mundo que tendr\u00e1 agricultura 100% org\u00e1nica\" \/>\n<meta property=\"og:description\" content=\"Dinamarca ser\u00e1 el primer pa\u00eds del mundo que tendr\u00e1 agricultura 100% org\u00e1nica por ley. El gobierno dan\u00e9s quiere que su pa\u00eds tenga una agricultura totalmente sustentable y para eso va a transformar toda su producci\u00f3n en org\u00e1nica. Para lograrlo, se encuentran estableciendo metas, siendo la primera la duplicaci\u00f3n de la cantidad actual de tierra cultivada [...]\" \/>\n<meta property=\"og:url\" content=\"https:\/\/pachamamitaecu.org\/es_es\/2015\/09\/17\/denmark-is-the-first-country-in-the-world-to-have-100-organic-agriculture\/\" \/>\n<meta property=\"og:site_name\" content=\"PachaMamita Ecuador\" \/>\n<meta property=\"article:publisher\" content=\"https:\/\/www.facebook.com\/pachamamitaecu\" \/>\n<meta property=\"article:published_time\" content=\"2015-09-17T07:00:00+00:00\" \/>\n<meta property=\"article:modified_time\" content=\"2023-03-02T06:21:14+00:00\" \/>\n<meta property=\"og:image\" content=\"http:\/\/4.bp.blogspot.com\/-oVuFkaauKtE\/VfpkIp7NJmI\/AAAAAAAAFP8\/TGGhiMEZy-U\/s320\/Denmark.jpg\" \/>\n<meta name=\"author\" content=\"PachaMamita EC\" \/>\n<meta name=\"twitter:card\" content=\"summary_large_image\" \/>\n<meta name=\"twitter:label1\" content=\"Escrito por\" \/>\n\t<meta name=\"twitter:data1\" content=\"PachaMamita EC\" \/>\n\t<meta name=\"twitter:label2\" content=\"Tiempo de lectura\" \/>\n\t<meta name=\"twitter:data2\" content=\"1 minuto\" \/>\n<script type=\"application\/ld+json\" class=\"yoast-schema-graph\">{\"@context\":\"https:\\\/\\\/schema.org\",\"@graph\":[{\"@type\":\"Article\",\"@id\":\"https:\\\/\\\/pachamamitaecu.org\\\/en\\\/2015\\\/09\\\/17\\\/denmark-is-the-first-country-in-the-world-to-have-100-organic-agriculture\\\/#article\",\"isPartOf\":{\"@id\":\"https:\\\/\\\/pachamamitaecu.org\\\/en\\\/2015\\\/09\\\/17\\\/denmark-is-the-first-country-in-the-world-to-have-100-organic-agriculture\\\/\"},\"author\":{\"name\":\"PachaMamita EC\",\"@id\":\"https:\\\/\\\/pachamamitaecu.org\\\/es_es\\\/#\\\/schema\\\/person\\\/e8b42afae2451fadab5e0295f02c4593\"},\"headline\":\"Dinamarca, el primer pa\u00eds del mundo que tendr\u00e1 agricultura 100% org\u00e1nica\",\"datePublished\":\"2015-09-17T07:00:00+00:00\",\"dateModified\":\"2023-03-02T06:21:14+00:00\",\"mainEntityOfPage\":{\"@id\":\"https:\\\/\\\/pachamamitaecu.org\\\/en\\\/2015\\\/09\\\/17\\\/denmark-is-the-first-country-in-the-world-to-have-100-organic-agriculture\\\/\"},\"wordCount\":277,\"publisher\":{\"@id\":\"https:\\\/\\\/pachamamitaecu.org\\\/es_es\\\/#organization\"},\"image\":{\"@id\":\"https:\\\/\\\/pachamamitaecu.org\\\/en\\\/2015\\\/09\\\/17\\\/denmark-is-the-first-country-in-the-world-to-have-100-organic-agriculture\\\/#primaryimage\"},\"thumbnailUrl\":\"http:\\\/\\\/4.bp.blogspot.com\\\/-oVuFkaauKtE\\\/VfpkIp7NJmI\\\/AAAAAAAAFP8\\\/TGGhiMEZy-U\\\/s320\\\/Denmark.jpg\",\"articleSection\":[\"agricultura familiar\",\"agricultura organica\",\"agroecologia\",\"CONSUMO RESPONSABLE\",\"fe\"],\"inLanguage\":\"es\"},{\"@type\":\"WebPage\",\"@id\":\"https:\\\/\\\/pachamamitaecu.org\\\/en\\\/2015\\\/09\\\/17\\\/denmark-is-the-first-country-in-the-world-to-have-100-organic-agriculture\\\/\",\"url\":\"https:\\\/\\\/pachamamitaecu.org\\\/en\\\/2015\\\/09\\\/17\\\/denmark-is-the-first-country-in-the-world-to-have-100-organic-agriculture\\\/\",\"name\":\"Dinamarca, el primer pa\u00eds del mundo que tendr\u00e1 agricultura 100% org\u00e1nica - PachaMamita Ecuador\",\"isPartOf\":{\"@id\":\"https:\\\/\\\/pachamamitaecu.org\\\/es_es\\\/#website\"},\"primaryImageOfPage\":{\"@id\":\"https:\\\/\\\/pachamamitaecu.org\\\/en\\\/2015\\\/09\\\/17\\\/denmark-is-the-first-country-in-the-world-to-have-100-organic-agriculture\\\/#primaryimage\"},\"image\":{\"@id\":\"https:\\\/\\\/pachamamitaecu.org\\\/en\\\/2015\\\/09\\\/17\\\/denmark-is-the-first-country-in-the-world-to-have-100-organic-agriculture\\\/#primaryimage\"},\"thumbnailUrl\":\"http:\\\/\\\/4.bp.blogspot.com\\\/-oVuFkaauKtE\\\/VfpkIp7NJmI\\\/AAAAAAAAFP8\\\/TGGhiMEZy-U\\\/s320\\\/Denmark.jpg\",\"datePublished\":\"2015-09-17T07:00:00+00:00\",\"dateModified\":\"2023-03-02T06:21:14+00:00\",\"breadcrumb\":{\"@id\":\"https:\\\/\\\/pachamamitaecu.org\\\/en\\\/2015\\\/09\\\/17\\\/denmark-is-the-first-country-in-the-world-to-have-100-organic-agriculture\\\/#breadcrumb\"},\"inLanguage\":\"es\",\"potentialAction\":[{\"@type\":\"ReadAction\",\"target\":[\"https:\\\/\\\/pachamamitaecu.org\\\/en\\\/2015\\\/09\\\/17\\\/denmark-is-the-first-country-in-the-world-to-have-100-organic-agriculture\\\/\"]}]},{\"@type\":\"ImageObject\",\"inLanguage\":\"es\",\"@id\":\"https:\\\/\\\/pachamamitaecu.org\\\/en\\\/2015\\\/09\\\/17\\\/denmark-is-the-first-country-in-the-world-to-have-100-organic-agriculture\\\/#primaryimage\",\"url\":\"http:\\\/\\\/4.bp.blogspot.com\\\/-oVuFkaauKtE\\\/VfpkIp7NJmI\\\/AAAAAAAAFP8\\\/TGGhiMEZy-U\\\/s320\\\/Denmark.jpg\",\"contentUrl\":\"http:\\\/\\\/4.bp.blogspot.com\\\/-oVuFkaauKtE\\\/VfpkIp7NJmI\\\/AAAAAAAAFP8\\\/TGGhiMEZy-U\\\/s320\\\/Denmark.jpg\"},{\"@type\":\"BreadcrumbList\",\"@id\":\"https:\\\/\\\/pachamamitaecu.org\\\/en\\\/2015\\\/09\\\/17\\\/denmark-is-the-first-country-in-the-world-to-have-100-organic-agriculture\\\/#breadcrumb\",\"itemListElement\":[{\"@type\":\"ListItem\",\"position\":1,\"name\":\"Portada\",\"item\":\"https:\\\/\\\/pachamamitaecu.org\\\/es_es\\\/\"},{\"@type\":\"ListItem\",\"position\":2,\"name\":\"Dinamarca, el primer pa\u00eds del mundo que tendr\u00e1 agricultura 100% org\u00e1nica\"}]},{\"@type\":\"WebSite\",\"@id\":\"https:\\\/\\\/pachamamitaecu.org\\\/es_es\\\/#website\",\"url\":\"https:\\\/\\\/pachamamitaecu.org\\\/es_es\\\/\",\"name\":\"PachaMamita Ecuador\",\"description\":\"CULTURA. AGROECOLOG\u00cdA. TURISMO Y CONSUMO RESPONSABLE-ECUADOR.\",\"publisher\":{\"@id\":\"https:\\\/\\\/pachamamitaecu.org\\\/es_es\\\/#organization\"},\"potentialAction\":[{\"@type\":\"SearchAction\",\"target\":{\"@type\":\"EntryPoint\",\"urlTemplate\":\"https:\\\/\\\/pachamamitaecu.org\\\/es_es\\\/?s={search_term_string}\"},\"query-input\":{\"@type\":\"PropertyValueSpecification\",\"valueRequired\":true,\"valueName\":\"search_term_string\"}}],\"inLanguage\":\"es\"},{\"@type\":\"Organization\",\"@id\":\"https:\\\/\\\/pachamamitaecu.org\\\/es_es\\\/#organization\",\"name\":\"PachaMamita Ecuador\",\"url\":\"https:\\\/\\\/pachamamitaecu.org\\\/es_es\\\/\",\"logo\":{\"@type\":\"ImageObject\",\"inLanguage\":\"es\",\"@id\":\"https:\\\/\\\/pachamamitaecu.org\\\/es_es\\\/#\\\/schema\\\/logo\\\/image\\\/\",\"url\":\"https:\\\/\\\/pachamamitaecu.org\\\/wp-content\\\/uploads\\\/2024\\\/04\\\/cropped-Diseno-sin-titulo-13.png\",\"contentUrl\":\"https:\\\/\\\/pachamamitaecu.org\\\/wp-content\\\/uploads\\\/2024\\\/04\\\/cropped-Diseno-sin-titulo-13.png\",\"width\":512,\"height\":512,\"caption\":\"PachaMamita Ecuador\"},\"image\":{\"@id\":\"https:\\\/\\\/pachamamitaecu.org\\\/es_es\\\/#\\\/schema\\\/logo\\\/image\\\/\"},\"sameAs\":[\"https:\\\/\\\/www.facebook.com\\\/pachamamitaecu\"]},{\"@type\":\"Person\",\"@id\":\"https:\\\/\\\/pachamamitaecu.org\\\/es_es\\\/#\\\/schema\\\/person\\\/e8b42afae2451fadab5e0295f02c4593\",\"name\":\"PachaMamita EC\",\"image\":{\"@type\":\"ImageObject\",\"inLanguage\":\"es\",\"@id\":\"https:\\\/\\\/pachamamitaecu.org\\\/wp-content\\\/litespeed\\\/avatar\\\/23494c9101089ad44ae88ce9d2f56aac.jpg?ver=1777350952\",\"url\":\"https:\\\/\\\/pachamamitaecu.org\\\/wp-content\\\/litespeed\\\/avatar\\\/23494c9101089ad44ae88ce9d2f56aac.jpg?ver=1777350952\",\"contentUrl\":\"https:\\\/\\\/pachamamitaecu.org\\\/wp-content\\\/litespeed\\\/avatar\\\/23494c9101089ad44ae88ce9d2f56aac.jpg?ver=1777350952\",\"caption\":\"PachaMamita EC\"},\"url\":\"https:\\\/\\\/pachamamitaecu.org\\\/es_es\\\/author\\\/pachamamita-ec\\\/\"}]}<\/script>\n<!-- \/ Yoast SEO Premium plugin. -->","yoast_head_json":{"title":"Dinamarca, el primer pa\u00eds del mundo que tendr\u00e1 agricultura 100% org\u00e1nica - PachaMamita Ecuador","robots":{"index":"index","follow":"follow","max-snippet":"max-snippet:-1","max-image-preview":"max-image-preview:large","max-video-preview":"max-video-preview:-1"},"canonical":"https:\/\/pachamamitaecu.org\/es_es\/2015\/09\/17\/denmark-is-the-first-country-in-the-world-to-have-100-organic-agriculture\/","og_locale":"es_ES","og_type":"article","og_title":"Dinamarca, el primer pa\u00eds del mundo que tendr\u00e1 agricultura 100% org\u00e1nica","og_description":"Dinamarca ser\u00e1 el primer pa\u00eds del mundo que tendr\u00e1 agricultura 100% org\u00e1nica por ley. El gobierno dan\u00e9s quiere que su pa\u00eds tenga una agricultura totalmente sustentable y para eso va a transformar toda su producci\u00f3n en org\u00e1nica. Para lograrlo, se encuentran estableciendo metas, siendo la primera la duplicaci\u00f3n de la cantidad actual de tierra cultivada [...]","og_url":"https:\/\/pachamamitaecu.org\/es_es\/2015\/09\/17\/denmark-is-the-first-country-in-the-world-to-have-100-organic-agriculture\/","og_site_name":"PachaMamita Ecuador","article_publisher":"https:\/\/www.facebook.com\/pachamamitaecu","article_published_time":"2015-09-17T07:00:00+00:00","article_modified_time":"2023-03-02T06:21:14+00:00","og_image":[{"url":"http:\/\/4.bp.blogspot.com\/-oVuFkaauKtE\/VfpkIp7NJmI\/AAAAAAAAFP8\/TGGhiMEZy-U\/s320\/Denmark.jpg","type":"","width":"","height":""}],"author":"PachaMamita EC","twitter_card":"summary_large_image","twitter_misc":{"Escrito por":"PachaMamita EC","Tiempo de lectura":"1 minuto"},"schema":{"@context":"https:\/\/schema.org","@graph":[{"@type":"Article","@id":"https:\/\/pachamamitaecu.org\/en\/2015\/09\/17\/denmark-is-the-first-country-in-the-world-to-have-100-organic-agriculture\/#article","isPartOf":{"@id":"https:\/\/pachamamitaecu.org\/en\/2015\/09\/17\/denmark-is-the-first-country-in-the-world-to-have-100-organic-agriculture\/"},"author":{"name":"PachaMamita EC","@id":"https:\/\/pachamamitaecu.org\/es_es\/#\/schema\/person\/e8b42afae2451fadab5e0295f02c4593"},"headline":"Dinamarca, el primer pa\u00eds del mundo que tendr\u00e1 agricultura 100% org\u00e1nica","datePublished":"2015-09-17T07:00:00+00:00","dateModified":"2023-03-02T06:21:14+00:00","mainEntityOfPage":{"@id":"https:\/\/pachamamitaecu.org\/en\/2015\/09\/17\/denmark-is-the-first-country-in-the-world-to-have-100-organic-agriculture\/"},"wordCount":277,"publisher":{"@id":"https:\/\/pachamamitaecu.org\/es_es\/#organization"},"image":{"@id":"https:\/\/pachamamitaecu.org\/en\/2015\/09\/17\/denmark-is-the-first-country-in-the-world-to-have-100-organic-agriculture\/#primaryimage"},"thumbnailUrl":"http:\/\/4.bp.blogspot.com\/-oVuFkaauKtE\/VfpkIp7NJmI\/AAAAAAAAFP8\/TGGhiMEZy-U\/s320\/Denmark.jpg","articleSection":["agricultura familiar","agricultura organica","agroecologia","CONSUMO RESPONSABLE","fe"],"inLanguage":"es"},{"@type":"WebPage","@id":"https:\/\/pachamamitaecu.org\/en\/2015\/09\/17\/denmark-is-the-first-country-in-the-world-to-have-100-organic-agriculture\/","url":"https:\/\/pachamamitaecu.org\/en\/2015\/09\/17\/denmark-is-the-first-country-in-the-world-to-have-100-organic-agriculture\/","name":"Dinamarca, el primer pa\u00eds del mundo que tendr\u00e1 agricultura 100% org\u00e1nica - PachaMamita Ecuador","isPartOf":{"@id":"https:\/\/pachamamitaecu.org\/es_es\/#website"},"primaryImageOfPage":{"@id":"https:\/\/pachamamitaecu.org\/en\/2015\/09\/17\/denmark-is-the-first-country-in-the-world-to-have-100-organic-agriculture\/#primaryimage"},"image":{"@id":"https:\/\/pachamamitaecu.org\/en\/2015\/09\/17\/denmark-is-the-first-country-in-the-world-to-have-100-organic-agriculture\/#primaryimage"},"thumbnailUrl":"http:\/\/4.bp.blogspot.com\/-oVuFkaauKtE\/VfpkIp7NJmI\/AAAAAAAAFP8\/TGGhiMEZy-U\/s320\/Denmark.jpg","datePublished":"2015-09-17T07:00:00+00:00","dateModified":"2023-03-02T06:21:14+00:00","breadcrumb":{"@id":"https:\/\/pachamamitaecu.org\/en\/2015\/09\/17\/denmark-is-the-first-country-in-the-world-to-have-100-organic-agriculture\/#breadcrumb"},"inLanguage":"es","potentialAction":[{"@type":"ReadAction","target":["https:\/\/pachamamitaecu.org\/en\/2015\/09\/17\/denmark-is-the-first-country-in-the-world-to-have-100-organic-agriculture\/"]}]},{"@type":"ImageObject","inLanguage":"es","@id":"https:\/\/pachamamitaecu.org\/en\/2015\/09\/17\/denmark-is-the-first-country-in-the-world-to-have-100-organic-agriculture\/#primaryimage","url":"http:\/\/4.bp.blogspot.com\/-oVuFkaauKtE\/VfpkIp7NJmI\/AAAAAAAAFP8\/TGGhiMEZy-U\/s320\/Denmark.jpg","contentUrl":"http:\/\/4.bp.blogspot.com\/-oVuFkaauKtE\/VfpkIp7NJmI\/AAAAAAAAFP8\/TGGhiMEZy-U\/s320\/Denmark.jpg"},{"@type":"BreadcrumbList","@id":"https:\/\/pachamamitaecu.org\/en\/2015\/09\/17\/denmark-is-the-first-country-in-the-world-to-have-100-organic-agriculture\/#breadcrumb","itemListElement":[{"@type":"ListItem","position":1,"name":"Portada","item":"https:\/\/pachamamitaecu.org\/es_es\/"},{"@type":"ListItem","position":2,"name":"Dinamarca, el primer pa\u00eds del mundo que tendr\u00e1 agricultura 100% org\u00e1nica"}]},{"@type":"WebSite","@id":"https:\/\/pachamamitaecu.org\/es_es\/#website","url":"https:\/\/pachamamitaecu.org\/es_es\/","name":"PachaMamita Ecuador","description":"CULTURA. AGROECOLOG\u00cdA. TURISMO Y CONSUMO RESPONSABLE-ECUADOR.","publisher":{"@id":"https:\/\/pachamamitaecu.org\/es_es\/#organization"},"potentialAction":[{"@type":"SearchAction","target":{"@type":"EntryPoint","urlTemplate":"https:\/\/pachamamitaecu.org\/es_es\/?s={search_term_string}"},"query-input":{"@type":"PropertyValueSpecification","valueRequired":true,"valueName":"search_term_string"}}],"inLanguage":"es"},{"@type":"Organization","@id":"https:\/\/pachamamitaecu.org\/es_es\/#organization","name":"PachaMamita Ecuador","url":"https:\/\/pachamamitaecu.org\/es_es\/","logo":{"@type":"ImageObject","inLanguage":"es","@id":"https:\/\/pachamamitaecu.org\/es_es\/#\/schema\/logo\/image\/","url":"https:\/\/pachamamitaecu.org\/wp-content\/uploads\/2024\/04\/cropped-Diseno-sin-titulo-13.png","contentUrl":"https:\/\/pachamamitaecu.org\/wp-content\/uploads\/2024\/04\/cropped-Diseno-sin-titulo-13.png","width":512,"height":512,"caption":"PachaMamita Ecuador"},"image":{"@id":"https:\/\/pachamamitaecu.org\/es_es\/#\/schema\/logo\/image\/"},"sameAs":["https:\/\/www.facebook.com\/pachamamitaecu"]},{"@type":"Person","@id":"https:\/\/pachamamitaecu.org\/es_es\/#\/schema\/person\/e8b42afae2451fadab5e0295f02c4593","name":"PachaMamita EC","image":{"@type":"ImageObject","inLanguage":"es","@id":"https:\/\/pachamamitaecu.org\/wp-content\/litespeed\/avatar\/23494c9101089ad44ae88ce9d2f56aac.jpg?ver=1777350952","url":"https:\/\/pachamamitaecu.org\/wp-content\/litespeed\/avatar\/23494c9101089ad44ae88ce9d2f56aac.jpg?ver=1777350952","contentUrl":"https:\/\/pachamamitaecu.org\/wp-content\/litespeed\/avatar\/23494c9101089ad44ae88ce9d2f56aac.jpg?ver=1777350952","caption":"PachaMamita EC"},"url":"https:\/\/pachamamitaecu.org\/es_es\/author\/pachamamita-ec\/"}]}},"_links":{"self":[{"href":"https:\/\/pachamamitaecu.org\/es_es\/wp-json\/wp\/v2\/posts\/507","targetHints":{"allow":["GET"]}}],"collection":[{"href":"https:\/\/pachamamitaecu.org\/es_es\/wp-json\/wp\/v2\/posts"}],"about":[{"href":"https:\/\/pachamamitaecu.org\/es_es\/wp-json\/wp\/v2\/types\/post"}],"author":[{"embeddable":true,"href":"https:\/\/pachamamitaecu.org\/es_es\/wp-json\/wp\/v2\/users\/3"}],"replies":[{"embeddable":true,"href":"https:\/\/pachamamitaecu.org\/es_es\/wp-json\/wp\/v2\/comments?post=507"}],"version-history":[{"count":0,"href":"https:\/\/pachamamitaecu.org\/es_es\/wp-json\/wp\/v2\/posts\/507\/revisions"}],"wp:attachment":[{"href":"https:\/\/pachamamitaecu.org\/es_es\/wp-json\/wp\/v2\/media?parent=507"}],"wp:term":[{"taxonomy":"category","embeddable":true,"href":"https:\/\/pachamamitaecu.org\/es_es\/wp-json\/wp\/v2\/categories?post=507"},{"taxonomy":"post_tag","embeddable":true,"href":"https:\/\/pachamamitaecu.org\/es_es\/wp-json\/wp\/v2\/tags?post=507"}],"curies":[{"name":"wp","href":"https:\/\/api.w.org\/{rel}","templated":true}]}}