{"id":537,"date":"2015-05-06T14:16:00","date_gmt":"2015-05-06T14:16:00","guid":{"rendered":"http:\/\/pachamamitaecu-org-720647.hostingersite.com\/2015\/05\/06\/la-educacion-ambiental-primer-paso-hacia-la-evolucion\/"},"modified":"2023-03-02T06:21:25","modified_gmt":"2023-03-02T06:21:25","slug":"la-educacion-ambiental-primer-paso-hacia-la-evolucion","status":"publish","type":"post","link":"https:\/\/pachamamitaecu.org\/es_es\/2015\/05\/06\/la-educacion-ambiental-primer-paso-hacia-la-evolucion\/","title":{"rendered":"La educaci\u00f3n ambiental, primer paso hacia la evoluci\u00f3n"},"content":{"rendered":"<div dir=\"ltr\" style=\"text-align: left;\">\n<div style=\"clear: both; text-align: center;\"><a href=\"http:\/\/4.bp.blogspot.com\/-3ox-0zWH8Mc\/UhpcpW9OydI\/AAAAAAAAEI0\/wzuFajrzuqs\/s1600\/educacion-ambiental.jpg\" style=\"clear: left; float: left; margin-bottom: 1em; margin-right: 1em;\"><img decoding=\"async\" border=\"0\" data-src=\"http:\/\/4.bp.blogspot.com\/-3ox-0zWH8Mc\/UhpcpW9OydI\/AAAAAAAAEI0\/wzuFajrzuqs\/s320\/educacion-ambiental.jpg\" height=\"240\" width=\"320\" src=\"data:image\/svg+xml;base64,PHN2ZyB3aWR0aD0iMSIgaGVpZ2h0PSIxIiB4bWxucz0iaHR0cDovL3d3dy53My5vcmcvMjAwMC9zdmciPjwvc3ZnPg==\" class=\"lazyload\" style=\"--smush-placeholder-width: 320px; --smush-placeholder-aspect-ratio: 320\/240;\" \/><\/a><\/div>\n<div style=\"text-align: center;\"><\/div>\n<div style=\"text-align: center;\"><b style=\"font-family: Georgia, 'Times New Roman', serif;\"><i>La incorporaci\u00f3n de valores ambientalistas en los ni\u00f1os, tanto por parte de las instituciones educativas como de sus propios progenitores y todo aquel con el que \u00e9ste ni\u00f1o tenga contacto en su temprana edad, lo \u201cconvertir\u00e1\u201d o al menos aumentar\u00e1 en un alto grado las probabilidades, de que sea un ser con un gran respeto por el cuidado del medio ambiente.<\/i><\/b><\/div>\n<p><span style=\"font-family: Georgia, Times New Roman, serif;\"><br \/><\/span><\/p>\n<div><span style=\"font-family: Georgia, 'Times New Roman', serif;\"><br \/><\/span><\/div>\n<div><span style=\"font-family: Georgia, 'Times New Roman', serif;\">Hay algunas preguntas de las que com\u00fanmente llamamos \u201cexistenciales\u201d cuyas respuestas podr\u00edan ofrecernos mucha informaci\u00f3n respecto de c\u00f3mo y por qu\u00e9 hemos llegado, como especie, hasta este punto que pareciera no tener retorno, y si seremos capaces de salir.<\/span><\/div>\n<div><span style=\"font-family: Georgia, Times New Roman, serif;\"><br \/>Nos referimos a preguntas del tono de \u00bfEl Hombre al nacer es bueno o malo? (no es necesario para este an\u00e1lisis definir que es bueno y que es malo). \u00bfNacemos con caracter\u00edsticas de solidaridad o de individualismo?, \u00bfEn nuestra herencia gen\u00e9tica est\u00e1 compartir o somos ego\u00edstas por naturaleza?, \u00bfSomos intr\u00ednsecamente ambiciosos o tendemos hacia el altruismo?. Y as\u00ed podr\u00edamos seguir con algunas otras.<\/p>\n<p>Para comenzar este an\u00e1lisis, como primer t\u00e9rmino deber\u00edamos poder distinguir con bastante precisi\u00f3n, cu\u00e1les son las caracter\u00edsticas de nuestra personalidad con las que nacemos y cu\u00e1les nos van siendo inculcadas desde el nacimiento mismo, o quiz\u00e1s un poco antes, a trav\u00e9s de lo que perciben nuestros sentidos del comportamiento de otros seres humanos.<\/p>\n<p>Nuestro patrimonio gen\u00e9tico no s\u00f3lo determina nuestras caracter\u00edsticas f\u00edsicas, sino que adem\u00e1s de eso contiene informaci\u00f3n que tiene que ver con nuestra personalidad, aptitudes, etc.<\/p>\n<p>Sin embargo las experiencias y vivencias que vamos acumulando en nuestras vidas seg\u00fan el medio en que vivimos, la&nbsp;educaci\u00f3n que nos proporcionan, y lo que perciben nuestros sentidos van forjando, en algunos casos acentuando y en otros \u201colvidando\u201d algunas de las caracter\u00edsticas de personalidad con las que nacemos.<\/p>\n<p>Tal es as\u00ed que por ejemplo un ni\u00f1o que ha sido abusado o golpeado de peque\u00f1o, al crecer tiene muchas mas posibilidades de convertirse en un abusador o golpeador. Quien se cr\u00eda en un entorno violento, muy probablemente considere a la violencia como algo natural e incorpore esa caracter\u00edstica a su comportamiento adulto. Por el contrario, quien durante su infancia est\u00e9 rodeado de seres solidarios y altruistas tendr\u00e1 mayores chances tambi\u00e9n de serlo.<\/p>\n<p>Entonces podr\u00edamos inferir que, si bien nacemos con una gran cantidad de informaci\u00f3n gen\u00e9tica, la influencia del entorno, especialmente durante los primeros a\u00f1os de nuestras vidas, tiene mucha importancia en las caracter\u00edsticas de nuestra personalidad futura. Esto no significa que dos ni\u00f1os criados en el mismo ambiente tendr\u00edan la misma personalidad, ya que esta se va formando no solo por la informaci\u00f3n gen\u00e9tica que traemos y el ambiente que nos rodea, sino tambi\u00e9n por una interrelaci\u00f3n del ni\u00f1o con ese medio ambiente.<\/p>\n<p>Vemos de esta forma la verdadera importancia, para un cambio radical en la conducta social y ambiental del ser humano, de la educaci\u00f3n.<\/p>\n<p>La incorporaci\u00f3n de valores ambientalistas en los ni\u00f1os, tanto por parte de las instituciones educativas como de sus propios progenitores y todo aquel con el que \u00e9ste ni\u00f1o tenga contacto en su temprana edad, lo \u201cconvertir\u00e1\u201d o al menos aumentar\u00e1 en un alto grado las probabilidades, de que sea un ser con un gran respeto por el cuidado del medio ambiente.<\/p>\n<p>La esperada evoluci\u00f3n del ser humano hacia una visi\u00f3n mas altruista, punto de partida obligado para transformar al mundo en un lugar mas justo y solidario, con conciencia ambiental y social, depende entonces en gran medida de la educaci\u00f3n&nbsp;ambiental y social, tanto institucional como familiar que reciba.<\/p>\n<p>Pongamos entonces nuestro mayor empe\u00f1o en este rubro, sembremos en nuestros ni\u00f1os esas semillas y, mas pronto que tarde, nos daremos cuenta de que el cambio es posible y que ya est\u00e1 en marcha.<\/span><\/div>\n<div><span style=\"font-family: Georgia, Times New Roman, serif;\"><br \/><\/span><\/p>\n<div style=\"clear: both; text-align: center;\"><span style=\"font-family: Georgia, Times New Roman, serif;\"><\/span><\/div>\n<p><span style=\"font-family: Georgia, Times New Roman, serif;\"><\/p>\n<p>Ricardo Natalichio &#8211; Director EcoPortal.net<br \/>Editorial Ambiente y Sociedad N\u00b0 424<\/span><\/p>\n<div><span style=\"font-family: Georgia, Times New Roman, serif;\">Fuente : <a href=\"http:\/\/www.ecoportal.net\/\">ECOPORTAL<\/a><\/span><\/div>\n<\/div>\n<\/div>\n<div class=\"pvc_clear\"><\/div>\n<p id=\"pvc_stats_537\" class=\"pvc_stats total_only  \" data-element-id=\"537\" style=\"\"><i class=\"pvc-stats-icon medium\" aria-hidden=\"true\"><svg aria-hidden=\"true\" focusable=\"false\" data-prefix=\"far\" data-icon=\"chart-bar\" role=\"img\" xmlns=\"http:\/\/www.w3.org\/2000\/svg\" viewBox=\"0 0 512 512\" class=\"svg-inline--fa fa-chart-bar fa-w-16 fa-2x\"><path fill=\"currentColor\" d=\"M396.8 352h22.4c6.4 0 12.8-6.4 12.8-12.8V108.8c0-6.4-6.4-12.8-12.8-12.8h-22.4c-6.4 0-12.8 6.4-12.8 12.8v230.4c0 6.4 6.4 12.8 12.8 12.8zm-192 0h22.4c6.4 0 12.8-6.4 12.8-12.8V140.8c0-6.4-6.4-12.8-12.8-12.8h-22.4c-6.4 0-12.8 6.4-12.8 12.8v198.4c0 6.4 6.4 12.8 12.8 12.8zm96 0h22.4c6.4 0 12.8-6.4 12.8-12.8V204.8c0-6.4-6.4-12.8-12.8-12.8h-22.4c-6.4 0-12.8 6.4-12.8 12.8v134.4c0 6.4 6.4 12.8 12.8 12.8zM496 400H48V80c0-8.84-7.16-16-16-16H16C7.16 64 0 71.16 0 80v336c0 17.67 14.33 32 32 32h464c8.84 0 16-7.16 16-16v-16c0-8.84-7.16-16-16-16zm-387.2-48h22.4c6.4 0 12.8-6.4 12.8-12.8v-70.4c0-6.4-6.4-12.8-12.8-12.8h-22.4c-6.4 0-12.8 6.4-12.8 12.8v70.4c0 6.4 6.4 12.8 12.8 12.8z\" class=\"\"><\/path><\/svg><\/i> <img decoding=\"async\" width=\"16\" height=\"16\" alt=\"Loading\" data-src=\"https:\/\/pachamamitaecu.org\/wp-content\/plugins\/page-views-count\/ajax-loader-2x.gif\" border=0 src=\"data:image\/svg+xml;base64,PHN2ZyB3aWR0aD0iMSIgaGVpZ2h0PSIxIiB4bWxucz0iaHR0cDovL3d3dy53My5vcmcvMjAwMC9zdmciPjwvc3ZnPg==\" class=\"lazyload\" style=\"--smush-placeholder-width: 16px; --smush-placeholder-aspect-ratio: 16\/16;\" \/><\/p>\n<div class=\"pvc_clear\"><\/div>\n","protected":false},"excerpt":{"rendered":"<p>La incorporaci\u00f3n de valores ambientalistas en los ni\u00f1os, tanto por parte de las instituciones educativas como de sus propios progenitores y todo aquel con el que \u00e9ste ni\u00f1o tenga contacto en su temprana edad, lo \u201cconvertir\u00e1\u201d o al menos aumentar\u00e1 en un alto grado las probabilidades, de que sea un ser con un gran respeto [&#8230;]\n","protected":false},"author":3,"featured_media":0,"comment_status":"closed","ping_status":"closed","sticky":false,"template":"","format":"standard","meta":{"footnotes":""},"categories":[217,150,151,343],"tags":[],"class_list":["post-537","post","type-post","status-publish","format-standard","hentry","category-educacion-ambiental","category-educacion-ninos","category-material-especial","category-recursos-educativos"],"a3_pvc":{"activated":true,"total_views":39,"today_views":0},"yoast_head":"<!-- This site is optimized with the Yoast SEO Premium plugin v24.2 (Yoast SEO v27.4) - https:\/\/yoast.com\/product\/yoast-seo-premium-wordpress\/ -->\n<title>La educaci\u00f3n ambiental, primer paso hacia la evoluci\u00f3n - PachaMamita Ecuador<\/title>\n<meta name=\"robots\" content=\"index, follow, max-snippet:-1, max-image-preview:large, max-video-preview:-1\" \/>\n<link rel=\"canonical\" href=\"https:\/\/pachamamitaecu.org\/es_es\/2015\/05\/06\/la-educacion-ambiental-primer-paso-hacia-la-evolucion\/\" \/>\n<meta property=\"og:locale\" content=\"es_ES\" \/>\n<meta property=\"og:type\" content=\"article\" \/>\n<meta property=\"og:title\" content=\"La educaci\u00f3n ambiental, primer paso hacia la evoluci\u00f3n\" \/>\n<meta property=\"og:description\" content=\"La incorporaci\u00f3n de valores ambientalistas en los ni\u00f1os, tanto por parte de las instituciones educativas como de sus propios progenitores y todo aquel con el que \u00e9ste ni\u00f1o tenga contacto en su temprana edad, lo \u201cconvertir\u00e1\u201d o al menos aumentar\u00e1 en un alto grado las probabilidades, de que sea un ser con un gran respeto [...]\" \/>\n<meta property=\"og:url\" content=\"https:\/\/pachamamitaecu.org\/es_es\/2015\/05\/06\/la-educacion-ambiental-primer-paso-hacia-la-evolucion\/\" \/>\n<meta property=\"og:site_name\" content=\"PachaMamita Ecuador\" \/>\n<meta property=\"article:publisher\" content=\"https:\/\/www.facebook.com\/pachamamitaecu\" \/>\n<meta property=\"article:published_time\" content=\"2015-05-06T14:16:00+00:00\" \/>\n<meta property=\"article:modified_time\" content=\"2023-03-02T06:21:25+00:00\" \/>\n<meta property=\"og:image\" content=\"http:\/\/4.bp.blogspot.com\/-3ox-0zWH8Mc\/UhpcpW9OydI\/AAAAAAAAEI0\/wzuFajrzuqs\/s320\/educacion-ambiental.jpg\" \/>\n<meta name=\"author\" content=\"PachaMamita EC\" \/>\n<meta name=\"twitter:card\" content=\"summary_large_image\" \/>\n<meta name=\"twitter:label1\" content=\"Escrito por\" \/>\n\t<meta name=\"twitter:data1\" content=\"PachaMamita EC\" \/>\n\t<meta name=\"twitter:label2\" content=\"Tiempo de lectura\" \/>\n\t<meta name=\"twitter:data2\" content=\"3 minutos\" \/>\n<script type=\"application\/ld+json\" class=\"yoast-schema-graph\">{\"@context\":\"https:\\\/\\\/schema.org\",\"@graph\":[{\"@type\":\"Article\",\"@id\":\"https:\\\/\\\/pachamamitaecu.org\\\/es_es\\\/2015\\\/05\\\/06\\\/la-educacion-ambiental-primer-paso-hacia-la-evolucion\\\/#article\",\"isPartOf\":{\"@id\":\"https:\\\/\\\/pachamamitaecu.org\\\/es_es\\\/2015\\\/05\\\/06\\\/la-educacion-ambiental-primer-paso-hacia-la-evolucion\\\/\"},\"author\":{\"name\":\"PachaMamita EC\",\"@id\":\"https:\\\/\\\/pachamamitaecu.org\\\/es_es\\\/#\\\/schema\\\/person\\\/e8b42afae2451fadab5e0295f02c4593\"},\"headline\":\"La educaci\u00f3n ambiental, primer paso hacia la evoluci\u00f3n\",\"datePublished\":\"2015-05-06T14:16:00+00:00\",\"dateModified\":\"2023-03-02T06:21:25+00:00\",\"mainEntityOfPage\":{\"@id\":\"https:\\\/\\\/pachamamitaecu.org\\\/es_es\\\/2015\\\/05\\\/06\\\/la-educacion-ambiental-primer-paso-hacia-la-evolucion\\\/\"},\"wordCount\":692,\"publisher\":{\"@id\":\"https:\\\/\\\/pachamamitaecu.org\\\/es_es\\\/#organization\"},\"image\":{\"@id\":\"https:\\\/\\\/pachamamitaecu.org\\\/es_es\\\/2015\\\/05\\\/06\\\/la-educacion-ambiental-primer-paso-hacia-la-evolucion\\\/#primaryimage\"},\"thumbnailUrl\":\"http:\\\/\\\/4.bp.blogspot.com\\\/-3ox-0zWH8Mc\\\/UhpcpW9OydI\\\/AAAAAAAAEI0\\\/wzuFajrzuqs\\\/s320\\\/educacion-ambiental.jpg\",\"articleSection\":[\"EDUCACION AMBIENTAL\",\"educaci\u00f2n ni\u00f1os\",\"MATERIAL ESPECIAL\",\"RECURSOS EDUCATIVOS\"],\"inLanguage\":\"es\"},{\"@type\":\"WebPage\",\"@id\":\"https:\\\/\\\/pachamamitaecu.org\\\/es_es\\\/2015\\\/05\\\/06\\\/la-educacion-ambiental-primer-paso-hacia-la-evolucion\\\/\",\"url\":\"https:\\\/\\\/pachamamitaecu.org\\\/es_es\\\/2015\\\/05\\\/06\\\/la-educacion-ambiental-primer-paso-hacia-la-evolucion\\\/\",\"name\":\"La educaci\u00f3n ambiental, primer paso hacia la evoluci\u00f3n - PachaMamita Ecuador\",\"isPartOf\":{\"@id\":\"https:\\\/\\\/pachamamitaecu.org\\\/es_es\\\/#website\"},\"primaryImageOfPage\":{\"@id\":\"https:\\\/\\\/pachamamitaecu.org\\\/es_es\\\/2015\\\/05\\\/06\\\/la-educacion-ambiental-primer-paso-hacia-la-evolucion\\\/#primaryimage\"},\"image\":{\"@id\":\"https:\\\/\\\/pachamamitaecu.org\\\/es_es\\\/2015\\\/05\\\/06\\\/la-educacion-ambiental-primer-paso-hacia-la-evolucion\\\/#primaryimage\"},\"thumbnailUrl\":\"http:\\\/\\\/4.bp.blogspot.com\\\/-3ox-0zWH8Mc\\\/UhpcpW9OydI\\\/AAAAAAAAEI0\\\/wzuFajrzuqs\\\/s320\\\/educacion-ambiental.jpg\",\"datePublished\":\"2015-05-06T14:16:00+00:00\",\"dateModified\":\"2023-03-02T06:21:25+00:00\",\"breadcrumb\":{\"@id\":\"https:\\\/\\\/pachamamitaecu.org\\\/es_es\\\/2015\\\/05\\\/06\\\/la-educacion-ambiental-primer-paso-hacia-la-evolucion\\\/#breadcrumb\"},\"inLanguage\":\"es\",\"potentialAction\":[{\"@type\":\"ReadAction\",\"target\":[\"https:\\\/\\\/pachamamitaecu.org\\\/es_es\\\/2015\\\/05\\\/06\\\/la-educacion-ambiental-primer-paso-hacia-la-evolucion\\\/\"]}]},{\"@type\":\"ImageObject\",\"inLanguage\":\"es\",\"@id\":\"https:\\\/\\\/pachamamitaecu.org\\\/es_es\\\/2015\\\/05\\\/06\\\/la-educacion-ambiental-primer-paso-hacia-la-evolucion\\\/#primaryimage\",\"url\":\"http:\\\/\\\/4.bp.blogspot.com\\\/-3ox-0zWH8Mc\\\/UhpcpW9OydI\\\/AAAAAAAAEI0\\\/wzuFajrzuqs\\\/s320\\\/educacion-ambiental.jpg\",\"contentUrl\":\"http:\\\/\\\/4.bp.blogspot.com\\\/-3ox-0zWH8Mc\\\/UhpcpW9OydI\\\/AAAAAAAAEI0\\\/wzuFajrzuqs\\\/s320\\\/educacion-ambiental.jpg\"},{\"@type\":\"BreadcrumbList\",\"@id\":\"https:\\\/\\\/pachamamitaecu.org\\\/es_es\\\/2015\\\/05\\\/06\\\/la-educacion-ambiental-primer-paso-hacia-la-evolucion\\\/#breadcrumb\",\"itemListElement\":[{\"@type\":\"ListItem\",\"position\":1,\"name\":\"Portada\",\"item\":\"https:\\\/\\\/pachamamitaecu.org\\\/es_es\\\/\"},{\"@type\":\"ListItem\",\"position\":2,\"name\":\"La educaci\u00f3n ambiental, primer paso hacia la evoluci\u00f3n\"}]},{\"@type\":\"WebSite\",\"@id\":\"https:\\\/\\\/pachamamitaecu.org\\\/es_es\\\/#website\",\"url\":\"https:\\\/\\\/pachamamitaecu.org\\\/es_es\\\/\",\"name\":\"PachaMamita Ecuador\",\"description\":\"CULTURA. AGROECOLOG\u00cdA. TURISMO Y CONSUMO RESPONSABLE-ECUADOR.\",\"publisher\":{\"@id\":\"https:\\\/\\\/pachamamitaecu.org\\\/es_es\\\/#organization\"},\"potentialAction\":[{\"@type\":\"SearchAction\",\"target\":{\"@type\":\"EntryPoint\",\"urlTemplate\":\"https:\\\/\\\/pachamamitaecu.org\\\/es_es\\\/?s={search_term_string}\"},\"query-input\":{\"@type\":\"PropertyValueSpecification\",\"valueRequired\":true,\"valueName\":\"search_term_string\"}}],\"inLanguage\":\"es\"},{\"@type\":\"Organization\",\"@id\":\"https:\\\/\\\/pachamamitaecu.org\\\/es_es\\\/#organization\",\"name\":\"PachaMamita Ecuador\",\"url\":\"https:\\\/\\\/pachamamitaecu.org\\\/es_es\\\/\",\"logo\":{\"@type\":\"ImageObject\",\"inLanguage\":\"es\",\"@id\":\"https:\\\/\\\/pachamamitaecu.org\\\/es_es\\\/#\\\/schema\\\/logo\\\/image\\\/\",\"url\":\"https:\\\/\\\/pachamamitaecu.org\\\/wp-content\\\/uploads\\\/2024\\\/04\\\/cropped-Diseno-sin-titulo-13.png\",\"contentUrl\":\"https:\\\/\\\/pachamamitaecu.org\\\/wp-content\\\/uploads\\\/2024\\\/04\\\/cropped-Diseno-sin-titulo-13.png\",\"width\":512,\"height\":512,\"caption\":\"PachaMamita Ecuador\"},\"image\":{\"@id\":\"https:\\\/\\\/pachamamitaecu.org\\\/es_es\\\/#\\\/schema\\\/logo\\\/image\\\/\"},\"sameAs\":[\"https:\\\/\\\/www.facebook.com\\\/pachamamitaecu\"]},{\"@type\":\"Person\",\"@id\":\"https:\\\/\\\/pachamamitaecu.org\\\/es_es\\\/#\\\/schema\\\/person\\\/e8b42afae2451fadab5e0295f02c4593\",\"name\":\"PachaMamita EC\",\"image\":{\"@type\":\"ImageObject\",\"inLanguage\":\"es\",\"@id\":\"https:\\\/\\\/pachamamitaecu.org\\\/wp-content\\\/litespeed\\\/avatar\\\/23494c9101089ad44ae88ce9d2f56aac.jpg?ver=1777350952\",\"url\":\"https:\\\/\\\/pachamamitaecu.org\\\/wp-content\\\/litespeed\\\/avatar\\\/23494c9101089ad44ae88ce9d2f56aac.jpg?ver=1777350952\",\"contentUrl\":\"https:\\\/\\\/pachamamitaecu.org\\\/wp-content\\\/litespeed\\\/avatar\\\/23494c9101089ad44ae88ce9d2f56aac.jpg?ver=1777350952\",\"caption\":\"PachaMamita EC\"},\"url\":\"https:\\\/\\\/pachamamitaecu.org\\\/es_es\\\/author\\\/pachamamita-ec\\\/\"}]}<\/script>\n<!-- \/ Yoast SEO Premium plugin. -->","yoast_head_json":{"title":"La educaci\u00f3n ambiental, primer paso hacia la evoluci\u00f3n - PachaMamita Ecuador","robots":{"index":"index","follow":"follow","max-snippet":"max-snippet:-1","max-image-preview":"max-image-preview:large","max-video-preview":"max-video-preview:-1"},"canonical":"https:\/\/pachamamitaecu.org\/es_es\/2015\/05\/06\/la-educacion-ambiental-primer-paso-hacia-la-evolucion\/","og_locale":"es_ES","og_type":"article","og_title":"La educaci\u00f3n ambiental, primer paso hacia la evoluci\u00f3n","og_description":"La incorporaci\u00f3n de valores ambientalistas en los ni\u00f1os, tanto por parte de las instituciones educativas como de sus propios progenitores y todo aquel con el que \u00e9ste ni\u00f1o tenga contacto en su temprana edad, lo \u201cconvertir\u00e1\u201d o al menos aumentar\u00e1 en un alto grado las probabilidades, de que sea un ser con un gran respeto [...]","og_url":"https:\/\/pachamamitaecu.org\/es_es\/2015\/05\/06\/la-educacion-ambiental-primer-paso-hacia-la-evolucion\/","og_site_name":"PachaMamita Ecuador","article_publisher":"https:\/\/www.facebook.com\/pachamamitaecu","article_published_time":"2015-05-06T14:16:00+00:00","article_modified_time":"2023-03-02T06:21:25+00:00","og_image":[{"url":"http:\/\/4.bp.blogspot.com\/-3ox-0zWH8Mc\/UhpcpW9OydI\/AAAAAAAAEI0\/wzuFajrzuqs\/s320\/educacion-ambiental.jpg","type":"","width":"","height":""}],"author":"PachaMamita EC","twitter_card":"summary_large_image","twitter_misc":{"Escrito por":"PachaMamita EC","Tiempo de lectura":"3 minutos"},"schema":{"@context":"https:\/\/schema.org","@graph":[{"@type":"Article","@id":"https:\/\/pachamamitaecu.org\/es_es\/2015\/05\/06\/la-educacion-ambiental-primer-paso-hacia-la-evolucion\/#article","isPartOf":{"@id":"https:\/\/pachamamitaecu.org\/es_es\/2015\/05\/06\/la-educacion-ambiental-primer-paso-hacia-la-evolucion\/"},"author":{"name":"PachaMamita EC","@id":"https:\/\/pachamamitaecu.org\/es_es\/#\/schema\/person\/e8b42afae2451fadab5e0295f02c4593"},"headline":"La educaci\u00f3n ambiental, primer paso hacia la evoluci\u00f3n","datePublished":"2015-05-06T14:16:00+00:00","dateModified":"2023-03-02T06:21:25+00:00","mainEntityOfPage":{"@id":"https:\/\/pachamamitaecu.org\/es_es\/2015\/05\/06\/la-educacion-ambiental-primer-paso-hacia-la-evolucion\/"},"wordCount":692,"publisher":{"@id":"https:\/\/pachamamitaecu.org\/es_es\/#organization"},"image":{"@id":"https:\/\/pachamamitaecu.org\/es_es\/2015\/05\/06\/la-educacion-ambiental-primer-paso-hacia-la-evolucion\/#primaryimage"},"thumbnailUrl":"http:\/\/4.bp.blogspot.com\/-3ox-0zWH8Mc\/UhpcpW9OydI\/AAAAAAAAEI0\/wzuFajrzuqs\/s320\/educacion-ambiental.jpg","articleSection":["EDUCACION AMBIENTAL","educaci\u00f2n ni\u00f1os","MATERIAL ESPECIAL","RECURSOS EDUCATIVOS"],"inLanguage":"es"},{"@type":"WebPage","@id":"https:\/\/pachamamitaecu.org\/es_es\/2015\/05\/06\/la-educacion-ambiental-primer-paso-hacia-la-evolucion\/","url":"https:\/\/pachamamitaecu.org\/es_es\/2015\/05\/06\/la-educacion-ambiental-primer-paso-hacia-la-evolucion\/","name":"La educaci\u00f3n ambiental, primer paso hacia la evoluci\u00f3n - PachaMamita Ecuador","isPartOf":{"@id":"https:\/\/pachamamitaecu.org\/es_es\/#website"},"primaryImageOfPage":{"@id":"https:\/\/pachamamitaecu.org\/es_es\/2015\/05\/06\/la-educacion-ambiental-primer-paso-hacia-la-evolucion\/#primaryimage"},"image":{"@id":"https:\/\/pachamamitaecu.org\/es_es\/2015\/05\/06\/la-educacion-ambiental-primer-paso-hacia-la-evolucion\/#primaryimage"},"thumbnailUrl":"http:\/\/4.bp.blogspot.com\/-3ox-0zWH8Mc\/UhpcpW9OydI\/AAAAAAAAEI0\/wzuFajrzuqs\/s320\/educacion-ambiental.jpg","datePublished":"2015-05-06T14:16:00+00:00","dateModified":"2023-03-02T06:21:25+00:00","breadcrumb":{"@id":"https:\/\/pachamamitaecu.org\/es_es\/2015\/05\/06\/la-educacion-ambiental-primer-paso-hacia-la-evolucion\/#breadcrumb"},"inLanguage":"es","potentialAction":[{"@type":"ReadAction","target":["https:\/\/pachamamitaecu.org\/es_es\/2015\/05\/06\/la-educacion-ambiental-primer-paso-hacia-la-evolucion\/"]}]},{"@type":"ImageObject","inLanguage":"es","@id":"https:\/\/pachamamitaecu.org\/es_es\/2015\/05\/06\/la-educacion-ambiental-primer-paso-hacia-la-evolucion\/#primaryimage","url":"http:\/\/4.bp.blogspot.com\/-3ox-0zWH8Mc\/UhpcpW9OydI\/AAAAAAAAEI0\/wzuFajrzuqs\/s320\/educacion-ambiental.jpg","contentUrl":"http:\/\/4.bp.blogspot.com\/-3ox-0zWH8Mc\/UhpcpW9OydI\/AAAAAAAAEI0\/wzuFajrzuqs\/s320\/educacion-ambiental.jpg"},{"@type":"BreadcrumbList","@id":"https:\/\/pachamamitaecu.org\/es_es\/2015\/05\/06\/la-educacion-ambiental-primer-paso-hacia-la-evolucion\/#breadcrumb","itemListElement":[{"@type":"ListItem","position":1,"name":"Portada","item":"https:\/\/pachamamitaecu.org\/es_es\/"},{"@type":"ListItem","position":2,"name":"La educaci\u00f3n ambiental, primer paso hacia la evoluci\u00f3n"}]},{"@type":"WebSite","@id":"https:\/\/pachamamitaecu.org\/es_es\/#website","url":"https:\/\/pachamamitaecu.org\/es_es\/","name":"PachaMamita Ecuador","description":"CULTURA. AGROECOLOG\u00cdA. TURISMO Y CONSUMO RESPONSABLE-ECUADOR.","publisher":{"@id":"https:\/\/pachamamitaecu.org\/es_es\/#organization"},"potentialAction":[{"@type":"SearchAction","target":{"@type":"EntryPoint","urlTemplate":"https:\/\/pachamamitaecu.org\/es_es\/?s={search_term_string}"},"query-input":{"@type":"PropertyValueSpecification","valueRequired":true,"valueName":"search_term_string"}}],"inLanguage":"es"},{"@type":"Organization","@id":"https:\/\/pachamamitaecu.org\/es_es\/#organization","name":"PachaMamita Ecuador","url":"https:\/\/pachamamitaecu.org\/es_es\/","logo":{"@type":"ImageObject","inLanguage":"es","@id":"https:\/\/pachamamitaecu.org\/es_es\/#\/schema\/logo\/image\/","url":"https:\/\/pachamamitaecu.org\/wp-content\/uploads\/2024\/04\/cropped-Diseno-sin-titulo-13.png","contentUrl":"https:\/\/pachamamitaecu.org\/wp-content\/uploads\/2024\/04\/cropped-Diseno-sin-titulo-13.png","width":512,"height":512,"caption":"PachaMamita Ecuador"},"image":{"@id":"https:\/\/pachamamitaecu.org\/es_es\/#\/schema\/logo\/image\/"},"sameAs":["https:\/\/www.facebook.com\/pachamamitaecu"]},{"@type":"Person","@id":"https:\/\/pachamamitaecu.org\/es_es\/#\/schema\/person\/e8b42afae2451fadab5e0295f02c4593","name":"PachaMamita EC","image":{"@type":"ImageObject","inLanguage":"es","@id":"https:\/\/pachamamitaecu.org\/wp-content\/litespeed\/avatar\/23494c9101089ad44ae88ce9d2f56aac.jpg?ver=1777350952","url":"https:\/\/pachamamitaecu.org\/wp-content\/litespeed\/avatar\/23494c9101089ad44ae88ce9d2f56aac.jpg?ver=1777350952","contentUrl":"https:\/\/pachamamitaecu.org\/wp-content\/litespeed\/avatar\/23494c9101089ad44ae88ce9d2f56aac.jpg?ver=1777350952","caption":"PachaMamita EC"},"url":"https:\/\/pachamamitaecu.org\/es_es\/author\/pachamamita-ec\/"}]}},"_links":{"self":[{"href":"https:\/\/pachamamitaecu.org\/es_es\/wp-json\/wp\/v2\/posts\/537","targetHints":{"allow":["GET"]}}],"collection":[{"href":"https:\/\/pachamamitaecu.org\/es_es\/wp-json\/wp\/v2\/posts"}],"about":[{"href":"https:\/\/pachamamitaecu.org\/es_es\/wp-json\/wp\/v2\/types\/post"}],"author":[{"embeddable":true,"href":"https:\/\/pachamamitaecu.org\/es_es\/wp-json\/wp\/v2\/users\/3"}],"replies":[{"embeddable":true,"href":"https:\/\/pachamamitaecu.org\/es_es\/wp-json\/wp\/v2\/comments?post=537"}],"version-history":[{"count":0,"href":"https:\/\/pachamamitaecu.org\/es_es\/wp-json\/wp\/v2\/posts\/537\/revisions"}],"wp:attachment":[{"href":"https:\/\/pachamamitaecu.org\/es_es\/wp-json\/wp\/v2\/media?parent=537"}],"wp:term":[{"taxonomy":"category","embeddable":true,"href":"https:\/\/pachamamitaecu.org\/es_es\/wp-json\/wp\/v2\/categories?post=537"},{"taxonomy":"post_tag","embeddable":true,"href":"https:\/\/pachamamitaecu.org\/es_es\/wp-json\/wp\/v2\/tags?post=537"}],"curies":[{"name":"wp","href":"https:\/\/api.w.org\/{rel}","templated":true}]}}