{"id":547,"date":"2015-02-02T13:24:00","date_gmt":"2015-02-02T13:24:00","guid":{"rendered":"http:\/\/pachamamitaecu-org-720647.hostingersite.com\/2015\/02\/02\/aproximacion-a-los-conflictos-en-tierras-comunales-de-la-peninsula-de-santa-elena\/"},"modified":"2023-03-02T06:21:29","modified_gmt":"2023-03-02T06:21:29","slug":"aproximacion-a-los-conflictos-en-tierras-comunales-de-la-peninsula-de-santa-elena","status":"publish","type":"post","link":"https:\/\/pachamamitaecu.org\/es_es\/2015\/02\/02\/aproximacion-a-los-conflictos-en-tierras-comunales-de-la-peninsula-de-santa-elena\/","title":{"rendered":"APROXIMACION A LOS CONFLICTOS EN TIERRAS COMUNALES DE LA PENINSULA DE SANTA ELENA"},"content":{"rendered":"<div dir=\"ltr\" style=\"text-align: left;\">\n<div style=\"clear: both; text-align: center;\"><a href=\"http:\/\/3.bp.blogspot.com\/-fGsM4wgAMrA\/TsJcvipgK6I\/AAAAAAAABjQ\/10azJfrSVPQ\/s1600\/behetrias.jpg\" style=\"clear: left; float: left; margin-bottom: 1em; margin-right: 1em;\"><img decoding=\"async\" border=\"0\" data-src=\"http:\/\/3.bp.blogspot.com\/-fGsM4wgAMrA\/TsJcvipgK6I\/AAAAAAAABjQ\/10azJfrSVPQ\/s1600\/behetrias.jpg\" src=\"data:image\/svg+xml;base64,PHN2ZyB3aWR0aD0iMSIgaGVpZ2h0PSIxIiB4bWxucz0iaHR0cDovL3d3dy53My5vcmcvMjAwMC9zdmciPjwvc3ZnPg==\" class=\"lazyload\" \/><\/a><\/div>\n<div style=\"text-align: justify;\"><span style=\"font-family: Georgia, Times New Roman, serif;\">POR : Miguel Delgado C.<\/span><\/div>\n<div style=\"text-align: justify;\"><span style=\"font-family: Georgia, Times New Roman, serif;\"><br \/><\/span><\/div>\n<div style=\"text-align: justify;\"><span style=\"font-family: Georgia, Times New Roman, serif;\">La Tierra y el Agua son factores clave en la producci\u00f3n campesina y comunal. Y constituyen, desde hace d\u00e9cadas, una fuerte disputa entre los grandes agronegocios y las familias rurales en todo el mundo.&nbsp;<\/span><\/div>\n<p><span style=\"font-family: Georgia, Times New Roman, serif;\"><\/span><\/p>\n<div style=\"text-align: justify;\"><span style=\"font-family: Georgia, Times New Roman, serif;\"><br \/><\/span><\/div>\n<div style=\"text-align: justify;\"><span style=\"font-family: Georgia, Times New Roman, serif;\">Seg\u00fan un informe de la ONU, entre 15 y 20 millones de has. &nbsp;de tierras agr\u00edcolas de pa\u00edses en desarrollo han sido objeto de transacciones y negociaciones con inversionistas extranjeros desde 2006. Mientras los consorcios multinacionales buscan su privatizaci\u00f3n y acaparamiento, con el respaldo del Banco Mundial, las familias campesinas procuran mantenerlos como bienes comunes. En muchos pa\u00edses las corporaciones han negociado concesiones econ\u00f3micas de largo plazo para establecer plantaciones agr\u00edcolas y producir agrocombustibles, caucho y aceites. En zonas costeras, la tierra y los recursos marinos e h\u00eddricos son vendidos, alquilados, cedidos o despojados de sus leg\u00edtimos due\u00f1os, a favor de inversionistas tur\u00edsticos en detrimento de las comunidades costeras y de pescadores.&nbsp;<\/span><\/div>\n<div style=\"text-align: justify;\"><span style=\"font-family: Georgia, Times New Roman, serif;\"><br \/><\/span><\/div>\n<div style=\"text-align: justify;\"><span style=\"font-family: Georgia, Times New Roman, serif;\">No es de extra\u00f1ar, que en el 2008, representantes de la II Zona de la C\u00e1mara de Agricultura (Guayaquil), convoc\u00f3 a comuneros de Santa Elena para proponerles la compra de 120 mil has. de tierras para la producir agrocombustibles, a cambio de un \u00ednfimo valor y el ofrecimiento de trabajo remunerado. En ese mismo a\u00f1o, un grupo de inversionistas peruanos y chilenos, propusieron el respaldo de las autoridades locales para implementar la siembra masiva del pi\u00f1\u00f3n, sobre la base de un cultivo piloto de 2500 hect\u00e1reas y el compromiso de Petroecuador de su procesamiento.&nbsp;<\/span><\/div>\n<div style=\"text-align: justify;\"><span style=\"font-family: Georgia, Times New Roman, serif;\"><br \/><\/span><\/div>\n<div style=\"text-align: justify;\"><span style=\"font-family: Georgia, Times New Roman, serif;\">Las comunas de Santa Elena cubren el 90 % del territorio de la provincia, las cuales conforme a los t\u00edtulos otorgados por el MAGAP representan m\u00e1s de 300 mil has. Esta es una condici\u00f3n especial de la provincia, que la distingue de otras del pa\u00eds; sin embargo, avanza el proceso de privatizaci\u00f3n desde el inicio de los reg\u00edmenes neoliberales, por lo que en la actualidad en la pen\u00ednsula de Santa Elena existen m\u00e1s de 150 mil has. en conflicto (algunos con m\u00e1s de 20 a\u00f1os), y que en la actualidad han recrudecido pues la resoluci\u00f3n de conflictos sobre tierras comunales pasaron del Ministro de Agricultura a los jueces y juezas de lo civil, en condiciones que el sistema judicial no garantiza la transparencia de los procesos judiciales, y por el contrario reactiv\u00f3 juicios y alent\u00f3 nuevas invasiones sobre territorios comunales, con la complicidad, consciente o no, de ciertas autoridades y entidades del actual Gobierno. Uno de ellos , es dado por la orden de desalojo de tierras comunales en la comuna Monta\u00f1ita, en donde la comuna ha construido un complejo de caba\u00f1as comunitarias, el Consejo Provincial ha construido una concha ac\u00fastica para eventos al aire libre,  y el Ministerio de Turismo un punto de servicios de surf. Sobre las autoridades de la provincia, encabezados por la Gobernaci\u00f3n, recae la responsabilidad de proteger y precautelar los leg\u00edtimos intereses de los pueblos ancestrales de Santa Elena.&nbsp;<\/span><\/div>\n<div style=\"text-align: justify;\"><span style=\"font-family: Georgia, Times New Roman, serif;\"><br \/><\/span><\/div>\n<div style=\"text-align: justify;\"><span style=\"font-family: Georgia, Times New Roman, serif;\">CAR\u00c1CTER ANCESTRAL DE LA TIERRA&nbsp;<\/span><\/div>\n<div style=\"text-align: justify;\"><span style=\"font-family: Georgia, Times New Roman, serif;\"><br \/><\/span><\/div>\n<div style=\"text-align: justify;\"><span style=\"font-family: Georgia, Times New Roman, serif;\">Los comuneros de Santa Elena constituyen pueblos ancestrales a\u00fan a pesar de que abandonaron su vestimenta y lenguas originarias; sin embargo desarrollaron una nueva identidad, con una mezcla de sus creencias originarias, costumbres, y sobre todo, la posesi\u00f3n efectiva sobre la tierra. As\u00ed, por solo citar un ejemplo, hasta 1912 existi\u00f3 la denominada Antigua Comunidad de Ind\u00edgenas de Chanduy, que pose\u00edan 6 titulos de propiedad comprados desde el siglo XVIII hasta inicios del siglo XIX a la Corona Espa\u00f1ola y que cubr\u00edan 90 mil hect\u00e1reas, que se extend\u00edan desde Chanduy hasta cerca de Guayaquil, y solo en ese caso, representa el 25% de la totalidad de la extensi\u00f3n de la actual Provincia de Santa Elena.&nbsp;<\/span><\/div>\n<div style=\"text-align: justify;\"><span style=\"font-family: Georgia, Times New Roman, serif;\"><br \/><\/span><\/div>\n<div style=\"text-align: justify;\"><span style=\"font-family: Georgia, Times New Roman, serif;\">El resguardo de la tierra ancestral, en el ejemplo citado, pas\u00f3 inmediatamente a cargo de la Sociedad Obrero Democr\u00e1tica de Chanduy constituida para el efecto, en condiciones que la posesi\u00f3n efectiva de la tierra estaba en manos de los comuneros. Con la Ley de Comunas creada en 1937, se dio paso a la creaci\u00f3n de comunas en toda poblaci\u00f3n que supere las 50 personas. Los comuneros lo aceptaron como un mecanismo de defender su propiedad ancestral, y es as\u00ed, que en el caso de Chanduy, por ejemplo, la Sociedad Obrero Democr\u00e1tica de Chanduy como autoridad reconocida por los comuneros, es la que se encarga de entregar la tierra y definir los linderos entre las comunas, antes de solicitar su inscripci\u00f3n formal ante la autoridad competente.&nbsp;<\/span><\/div>\n<div style=\"text-align: justify;\"><span style=\"font-family: Georgia, Times New Roman, serif;\"><br \/><\/span><\/div>\n<div style=\"text-align: justify;\"><span style=\"font-family: Georgia, Times New Roman, serif;\">Lamentablemente las investigaciones etnogr\u00e1ficas, arqueol\u00f3gicas e hist\u00f3ricas promovidas por el Estado y ONG\u2019S, se concentraron en la sierra y amazon\u00eda ecuatoriana. Lo que rest\u00f3 la comprensi\u00f3n a propios y extra\u00f1os de su  identidad cultural, y debilit\u00f3 la defensa de su patrimonio. A lo que se a\u00f1ade el abandono del que fueron objeto, en condiciones de degradaci\u00f3n del ecosistema, deforestaci\u00f3n y sequia, que forz\u00f3 a muchos al \u00e9xodo de las tierras de sus ancestros. Esta actitud desaprensiva del Estado correspondi\u00f3 a un inter\u00e9s geopol\u00edtico y econ\u00f3mico, pues grandes intereses empresariales de Guayaquil encabezaron el despojo de los comuneros de sus tierras en los \u00faltimos 28 a\u00f1os, a partir del Gobierno de Oswaldo Hurtado y del desarrollo de la infraestructura hidr\u00e1ulica del trasvase a la Pen\u00ednsula de Santa Elena por parte de CEDEGE. Paralelamente, estos grupos dominantes, falseando la historia, levantaron la creencia de que Guayaquil era el centro de poder de la cultura Huancavilca y se inventaron la leyenda de Guayas y Quil, para as\u00ed legitimar su hegemon\u00eda sobre los verdaderos pueblos herederos de la cultura Huancavilca. Inclusive el INEC registra equivocadamente, seg\u00fan el Censo del 2001, que en Santa Elena la poblaci\u00f3n es mestiza en m\u00e1s de un 90%. Por lo peyorativo que representaba para los comuneros autodefinirse como \u201cind\u00edgenas\u201d, se identificaron como \u201cmestizos\u201d, porque la encuesta no brindaba otra posibilidad, tal como \u201cnativo\u201d, \u201cpueblo ancestral\u201d, \u201coriginario\u201d, o algo similar, que si correspond\u00eda a su autodefinici\u00f3n alcanzada hasta entonces.<\/span><\/div>\n<div style=\"text-align: justify;\"><span style=\"font-family: Georgia, Times New Roman, serif;\"><br \/><\/span><\/div>\n<div style=\"text-align: justify;\"><span style=\"font-family: Georgia, Times New Roman, serif;\">Cabe se\u00f1alar que el proceso de provincializaci\u00f3n de Santa Elena, tiene un contenido \u00e9tnico, que contin\u00faa profundiz\u00e1ndose y que merece la atenci\u00f3n desde las instancias competentes del Gobierno Nacional para su desarrollo creativo, y no se convierta en fuente de conflictos que puedan agudizarse, dada la incomprensi\u00f3n de la realidad de algunos actores de la institucionalidad p\u00fablica.<\/span><\/div>\n<div style=\"text-align: justify;\"><span style=\"font-family: Georgia, Times New Roman, serif;\"><br \/><\/span><\/div>\n<div style=\"text-align: justify;\"><span style=\"font-family: Georgia, Times New Roman, serif;\">OTROS RECURSOS : <a href=\"http:\/\/www.ballenitasi.org\/2011\/09\/problematica-actual-de-las-tierras.html\">Problem\u00e1tica actual de las tierras comunales en Santa Elena.<\/a><\/span><\/div>\n<\/div>\n<div class=\"pvc_clear\"><\/div>\n<p id=\"pvc_stats_547\" class=\"pvc_stats total_only  \" data-element-id=\"547\" style=\"\"><i class=\"pvc-stats-icon medium\" aria-hidden=\"true\"><svg aria-hidden=\"true\" focusable=\"false\" data-prefix=\"far\" data-icon=\"chart-bar\" role=\"img\" xmlns=\"http:\/\/www.w3.org\/2000\/svg\" viewBox=\"0 0 512 512\" class=\"svg-inline--fa fa-chart-bar fa-w-16 fa-2x\"><path fill=\"currentColor\" d=\"M396.8 352h22.4c6.4 0 12.8-6.4 12.8-12.8V108.8c0-6.4-6.4-12.8-12.8-12.8h-22.4c-6.4 0-12.8 6.4-12.8 12.8v230.4c0 6.4 6.4 12.8 12.8 12.8zm-192 0h22.4c6.4 0 12.8-6.4 12.8-12.8V140.8c0-6.4-6.4-12.8-12.8-12.8h-22.4c-6.4 0-12.8 6.4-12.8 12.8v198.4c0 6.4 6.4 12.8 12.8 12.8zm96 0h22.4c6.4 0 12.8-6.4 12.8-12.8V204.8c0-6.4-6.4-12.8-12.8-12.8h-22.4c-6.4 0-12.8 6.4-12.8 12.8v134.4c0 6.4 6.4 12.8 12.8 12.8zM496 400H48V80c0-8.84-7.16-16-16-16H16C7.16 64 0 71.16 0 80v336c0 17.67 14.33 32 32 32h464c8.84 0 16-7.16 16-16v-16c0-8.84-7.16-16-16-16zm-387.2-48h22.4c6.4 0 12.8-6.4 12.8-12.8v-70.4c0-6.4-6.4-12.8-12.8-12.8h-22.4c-6.4 0-12.8 6.4-12.8 12.8v70.4c0 6.4 6.4 12.8 12.8 12.8z\" class=\"\"><\/path><\/svg><\/i> <img decoding=\"async\" width=\"16\" height=\"16\" alt=\"Loading\" data-src=\"https:\/\/pachamamitaecu.org\/wp-content\/plugins\/page-views-count\/ajax-loader-2x.gif\" border=0 src=\"data:image\/svg+xml;base64,PHN2ZyB3aWR0aD0iMSIgaGVpZ2h0PSIxIiB4bWxucz0iaHR0cDovL3d3dy53My5vcmcvMjAwMC9zdmciPjwvc3ZnPg==\" class=\"lazyload\" style=\"--smush-placeholder-width: 16px; --smush-placeholder-aspect-ratio: 16\/16;\" \/><\/p>\n<div class=\"pvc_clear\"><\/div>\n","protected":false},"excerpt":{"rendered":"<p>POR : Miguel Delgado C. La Tierra y el Agua son factores clave en la producci\u00f3n campesina y comunal. Y constituyen, desde hace d\u00e9cadas, una fuerte disputa entre los grandes agronegocios y las familias rurales en todo el mundo.&nbsp; Seg\u00fan un informe de la ONU, entre 15 y 20 millones de has. &nbsp;de tierras agr\u00edcolas [&#8230;]\n","protected":false},"author":3,"featured_media":0,"comment_status":"closed","ping_status":"closed","sticky":false,"template":"","format":"standard","meta":{"footnotes":""},"categories":[312,140,259],"tags":[],"class_list":["post-547","post","type-post","status-publish","format-standard","hentry","category-comunas","category-personajes-peninsulares","category-santa-elena"],"a3_pvc":{"activated":true,"total_views":29,"today_views":0},"yoast_head":"<!-- This site is optimized with the Yoast SEO Premium plugin v24.2 (Yoast SEO v27.4) - https:\/\/yoast.com\/product\/yoast-seo-premium-wordpress\/ -->\n<title>APROXIMACION A LOS CONFLICTOS EN TIERRAS COMUNALES DE LA PENINSULA DE SANTA ELENA - PachaMamita Ecuador<\/title>\n<meta name=\"robots\" content=\"index, follow, max-snippet:-1, max-image-preview:large, max-video-preview:-1\" \/>\n<link rel=\"canonical\" href=\"https:\/\/pachamamitaecu.org\/es_es\/2015\/02\/02\/approach-to-conflicts-in-communal-lands-of-the-santa-elena-peninsula\/\" \/>\n<meta property=\"og:locale\" content=\"es_ES\" \/>\n<meta property=\"og:type\" content=\"article\" \/>\n<meta property=\"og:title\" content=\"APROXIMACION A LOS CONFLICTOS EN TIERRAS COMUNALES DE LA PENINSULA DE SANTA ELENA\" \/>\n<meta property=\"og:description\" content=\"POR : Miguel Delgado C. La Tierra y el Agua son factores clave en la producci\u00f3n campesina y comunal. Y constituyen, desde hace d\u00e9cadas, una fuerte disputa entre los grandes agronegocios y las familias rurales en todo el mundo.&nbsp; Seg\u00fan un informe de la ONU, entre 15 y 20 millones de has. &nbsp;de tierras agr\u00edcolas [...]\" \/>\n<meta property=\"og:url\" content=\"https:\/\/pachamamitaecu.org\/es_es\/2015\/02\/02\/approach-to-conflicts-in-communal-lands-of-the-santa-elena-peninsula\/\" \/>\n<meta property=\"og:site_name\" content=\"PachaMamita Ecuador\" \/>\n<meta property=\"article:publisher\" content=\"https:\/\/www.facebook.com\/pachamamitaecu\" \/>\n<meta property=\"article:published_time\" content=\"2015-02-02T13:24:00+00:00\" \/>\n<meta property=\"article:modified_time\" content=\"2023-03-02T06:21:29+00:00\" \/>\n<meta property=\"og:image\" content=\"http:\/\/3.bp.blogspot.com\/-fGsM4wgAMrA\/TsJcvipgK6I\/AAAAAAAABjQ\/10azJfrSVPQ\/s1600\/behetrias.jpg\" \/>\n<meta name=\"author\" content=\"PachaMamita EC\" \/>\n<meta name=\"twitter:card\" content=\"summary_large_image\" \/>\n<meta name=\"twitter:label1\" content=\"Escrito por\" \/>\n\t<meta name=\"twitter:data1\" content=\"PachaMamita EC\" \/>\n\t<meta name=\"twitter:label2\" content=\"Tiempo de lectura\" \/>\n\t<meta name=\"twitter:data2\" content=\"5 minutos\" \/>\n<script type=\"application\/ld+json\" class=\"yoast-schema-graph\">{\"@context\":\"https:\\\/\\\/schema.org\",\"@graph\":[{\"@type\":\"Article\",\"@id\":\"https:\\\/\\\/pachamamitaecu.org\\\/en\\\/2015\\\/02\\\/02\\\/approach-to-conflicts-in-communal-lands-of-the-santa-elena-peninsula\\\/#article\",\"isPartOf\":{\"@id\":\"https:\\\/\\\/pachamamitaecu.org\\\/en\\\/2015\\\/02\\\/02\\\/approach-to-conflicts-in-communal-lands-of-the-santa-elena-peninsula\\\/\"},\"author\":{\"name\":\"PachaMamita EC\",\"@id\":\"https:\\\/\\\/pachamamitaecu.org\\\/es_es\\\/#\\\/schema\\\/person\\\/e8b42afae2451fadab5e0295f02c4593\"},\"headline\":\"APROXIMACION A LOS CONFLICTOS EN TIERRAS COMUNALES DE LA PENINSULA DE SANTA ELENA\",\"datePublished\":\"2015-02-02T13:24:00+00:00\",\"dateModified\":\"2023-03-02T06:21:29+00:00\",\"mainEntityOfPage\":{\"@id\":\"https:\\\/\\\/pachamamitaecu.org\\\/en\\\/2015\\\/02\\\/02\\\/approach-to-conflicts-in-communal-lands-of-the-santa-elena-peninsula\\\/\"},\"wordCount\":1111,\"publisher\":{\"@id\":\"https:\\\/\\\/pachamamitaecu.org\\\/es_es\\\/#organization\"},\"image\":{\"@id\":\"https:\\\/\\\/pachamamitaecu.org\\\/en\\\/2015\\\/02\\\/02\\\/approach-to-conflicts-in-communal-lands-of-the-santa-elena-peninsula\\\/#primaryimage\"},\"thumbnailUrl\":\"http:\\\/\\\/3.bp.blogspot.com\\\/-fGsM4wgAMrA\\\/TsJcvipgK6I\\\/AAAAAAAABjQ\\\/10azJfrSVPQ\\\/s1600\\\/behetrias.jpg\",\"articleSection\":[\"comunas\",\"PERSONAJES PENINSULARES\",\"santa elena\"],\"inLanguage\":\"es\"},{\"@type\":\"WebPage\",\"@id\":\"https:\\\/\\\/pachamamitaecu.org\\\/en\\\/2015\\\/02\\\/02\\\/approach-to-conflicts-in-communal-lands-of-the-santa-elena-peninsula\\\/\",\"url\":\"https:\\\/\\\/pachamamitaecu.org\\\/en\\\/2015\\\/02\\\/02\\\/approach-to-conflicts-in-communal-lands-of-the-santa-elena-peninsula\\\/\",\"name\":\"APROXIMACION A LOS CONFLICTOS EN TIERRAS COMUNALES DE LA PENINSULA DE SANTA ELENA - PachaMamita Ecuador\",\"isPartOf\":{\"@id\":\"https:\\\/\\\/pachamamitaecu.org\\\/es_es\\\/#website\"},\"primaryImageOfPage\":{\"@id\":\"https:\\\/\\\/pachamamitaecu.org\\\/en\\\/2015\\\/02\\\/02\\\/approach-to-conflicts-in-communal-lands-of-the-santa-elena-peninsula\\\/#primaryimage\"},\"image\":{\"@id\":\"https:\\\/\\\/pachamamitaecu.org\\\/en\\\/2015\\\/02\\\/02\\\/approach-to-conflicts-in-communal-lands-of-the-santa-elena-peninsula\\\/#primaryimage\"},\"thumbnailUrl\":\"http:\\\/\\\/3.bp.blogspot.com\\\/-fGsM4wgAMrA\\\/TsJcvipgK6I\\\/AAAAAAAABjQ\\\/10azJfrSVPQ\\\/s1600\\\/behetrias.jpg\",\"datePublished\":\"2015-02-02T13:24:00+00:00\",\"dateModified\":\"2023-03-02T06:21:29+00:00\",\"breadcrumb\":{\"@id\":\"https:\\\/\\\/pachamamitaecu.org\\\/en\\\/2015\\\/02\\\/02\\\/approach-to-conflicts-in-communal-lands-of-the-santa-elena-peninsula\\\/#breadcrumb\"},\"inLanguage\":\"es\",\"potentialAction\":[{\"@type\":\"ReadAction\",\"target\":[\"https:\\\/\\\/pachamamitaecu.org\\\/en\\\/2015\\\/02\\\/02\\\/approach-to-conflicts-in-communal-lands-of-the-santa-elena-peninsula\\\/\"]}]},{\"@type\":\"ImageObject\",\"inLanguage\":\"es\",\"@id\":\"https:\\\/\\\/pachamamitaecu.org\\\/en\\\/2015\\\/02\\\/02\\\/approach-to-conflicts-in-communal-lands-of-the-santa-elena-peninsula\\\/#primaryimage\",\"url\":\"http:\\\/\\\/3.bp.blogspot.com\\\/-fGsM4wgAMrA\\\/TsJcvipgK6I\\\/AAAAAAAABjQ\\\/10azJfrSVPQ\\\/s1600\\\/behetrias.jpg\",\"contentUrl\":\"http:\\\/\\\/3.bp.blogspot.com\\\/-fGsM4wgAMrA\\\/TsJcvipgK6I\\\/AAAAAAAABjQ\\\/10azJfrSVPQ\\\/s1600\\\/behetrias.jpg\"},{\"@type\":\"BreadcrumbList\",\"@id\":\"https:\\\/\\\/pachamamitaecu.org\\\/en\\\/2015\\\/02\\\/02\\\/approach-to-conflicts-in-communal-lands-of-the-santa-elena-peninsula\\\/#breadcrumb\",\"itemListElement\":[{\"@type\":\"ListItem\",\"position\":1,\"name\":\"Portada\",\"item\":\"https:\\\/\\\/pachamamitaecu.org\\\/es_es\\\/\"},{\"@type\":\"ListItem\",\"position\":2,\"name\":\"APROXIMACION A LOS CONFLICTOS EN TIERRAS COMUNALES DE LA PENINSULA DE SANTA ELENA\"}]},{\"@type\":\"WebSite\",\"@id\":\"https:\\\/\\\/pachamamitaecu.org\\\/es_es\\\/#website\",\"url\":\"https:\\\/\\\/pachamamitaecu.org\\\/es_es\\\/\",\"name\":\"PachaMamita Ecuador\",\"description\":\"CULTURA. AGROECOLOG\u00cdA. TURISMO Y CONSUMO RESPONSABLE-ECUADOR.\",\"publisher\":{\"@id\":\"https:\\\/\\\/pachamamitaecu.org\\\/es_es\\\/#organization\"},\"potentialAction\":[{\"@type\":\"SearchAction\",\"target\":{\"@type\":\"EntryPoint\",\"urlTemplate\":\"https:\\\/\\\/pachamamitaecu.org\\\/es_es\\\/?s={search_term_string}\"},\"query-input\":{\"@type\":\"PropertyValueSpecification\",\"valueRequired\":true,\"valueName\":\"search_term_string\"}}],\"inLanguage\":\"es\"},{\"@type\":\"Organization\",\"@id\":\"https:\\\/\\\/pachamamitaecu.org\\\/es_es\\\/#organization\",\"name\":\"PachaMamita Ecuador\",\"url\":\"https:\\\/\\\/pachamamitaecu.org\\\/es_es\\\/\",\"logo\":{\"@type\":\"ImageObject\",\"inLanguage\":\"es\",\"@id\":\"https:\\\/\\\/pachamamitaecu.org\\\/es_es\\\/#\\\/schema\\\/logo\\\/image\\\/\",\"url\":\"https:\\\/\\\/pachamamitaecu.org\\\/wp-content\\\/uploads\\\/2024\\\/04\\\/cropped-Diseno-sin-titulo-13.png\",\"contentUrl\":\"https:\\\/\\\/pachamamitaecu.org\\\/wp-content\\\/uploads\\\/2024\\\/04\\\/cropped-Diseno-sin-titulo-13.png\",\"width\":512,\"height\":512,\"caption\":\"PachaMamita Ecuador\"},\"image\":{\"@id\":\"https:\\\/\\\/pachamamitaecu.org\\\/es_es\\\/#\\\/schema\\\/logo\\\/image\\\/\"},\"sameAs\":[\"https:\\\/\\\/www.facebook.com\\\/pachamamitaecu\"]},{\"@type\":\"Person\",\"@id\":\"https:\\\/\\\/pachamamitaecu.org\\\/es_es\\\/#\\\/schema\\\/person\\\/e8b42afae2451fadab5e0295f02c4593\",\"name\":\"PachaMamita EC\",\"image\":{\"@type\":\"ImageObject\",\"inLanguage\":\"es\",\"@id\":\"https:\\\/\\\/pachamamitaecu.org\\\/wp-content\\\/litespeed\\\/avatar\\\/23494c9101089ad44ae88ce9d2f56aac.jpg?ver=1777350952\",\"url\":\"https:\\\/\\\/pachamamitaecu.org\\\/wp-content\\\/litespeed\\\/avatar\\\/23494c9101089ad44ae88ce9d2f56aac.jpg?ver=1777350952\",\"contentUrl\":\"https:\\\/\\\/pachamamitaecu.org\\\/wp-content\\\/litespeed\\\/avatar\\\/23494c9101089ad44ae88ce9d2f56aac.jpg?ver=1777350952\",\"caption\":\"PachaMamita EC\"},\"url\":\"https:\\\/\\\/pachamamitaecu.org\\\/es_es\\\/author\\\/pachamamita-ec\\\/\"}]}<\/script>\n<!-- \/ Yoast SEO Premium plugin. -->","yoast_head_json":{"title":"APROXIMACION A LOS CONFLICTOS EN TIERRAS COMUNALES DE LA PENINSULA DE SANTA ELENA - PachaMamita Ecuador","robots":{"index":"index","follow":"follow","max-snippet":"max-snippet:-1","max-image-preview":"max-image-preview:large","max-video-preview":"max-video-preview:-1"},"canonical":"https:\/\/pachamamitaecu.org\/es_es\/2015\/02\/02\/approach-to-conflicts-in-communal-lands-of-the-santa-elena-peninsula\/","og_locale":"es_ES","og_type":"article","og_title":"APROXIMACION A LOS CONFLICTOS EN TIERRAS COMUNALES DE LA PENINSULA DE SANTA ELENA","og_description":"POR : Miguel Delgado C. La Tierra y el Agua son factores clave en la producci\u00f3n campesina y comunal. Y constituyen, desde hace d\u00e9cadas, una fuerte disputa entre los grandes agronegocios y las familias rurales en todo el mundo.&nbsp; Seg\u00fan un informe de la ONU, entre 15 y 20 millones de has. &nbsp;de tierras agr\u00edcolas [...]","og_url":"https:\/\/pachamamitaecu.org\/es_es\/2015\/02\/02\/approach-to-conflicts-in-communal-lands-of-the-santa-elena-peninsula\/","og_site_name":"PachaMamita Ecuador","article_publisher":"https:\/\/www.facebook.com\/pachamamitaecu","article_published_time":"2015-02-02T13:24:00+00:00","article_modified_time":"2023-03-02T06:21:29+00:00","og_image":[{"url":"http:\/\/3.bp.blogspot.com\/-fGsM4wgAMrA\/TsJcvipgK6I\/AAAAAAAABjQ\/10azJfrSVPQ\/s1600\/behetrias.jpg","type":"","width":"","height":""}],"author":"PachaMamita EC","twitter_card":"summary_large_image","twitter_misc":{"Escrito por":"PachaMamita EC","Tiempo de lectura":"5 minutos"},"schema":{"@context":"https:\/\/schema.org","@graph":[{"@type":"Article","@id":"https:\/\/pachamamitaecu.org\/en\/2015\/02\/02\/approach-to-conflicts-in-communal-lands-of-the-santa-elena-peninsula\/#article","isPartOf":{"@id":"https:\/\/pachamamitaecu.org\/en\/2015\/02\/02\/approach-to-conflicts-in-communal-lands-of-the-santa-elena-peninsula\/"},"author":{"name":"PachaMamita EC","@id":"https:\/\/pachamamitaecu.org\/es_es\/#\/schema\/person\/e8b42afae2451fadab5e0295f02c4593"},"headline":"APROXIMACION A LOS CONFLICTOS EN TIERRAS COMUNALES DE LA PENINSULA DE SANTA ELENA","datePublished":"2015-02-02T13:24:00+00:00","dateModified":"2023-03-02T06:21:29+00:00","mainEntityOfPage":{"@id":"https:\/\/pachamamitaecu.org\/en\/2015\/02\/02\/approach-to-conflicts-in-communal-lands-of-the-santa-elena-peninsula\/"},"wordCount":1111,"publisher":{"@id":"https:\/\/pachamamitaecu.org\/es_es\/#organization"},"image":{"@id":"https:\/\/pachamamitaecu.org\/en\/2015\/02\/02\/approach-to-conflicts-in-communal-lands-of-the-santa-elena-peninsula\/#primaryimage"},"thumbnailUrl":"http:\/\/3.bp.blogspot.com\/-fGsM4wgAMrA\/TsJcvipgK6I\/AAAAAAAABjQ\/10azJfrSVPQ\/s1600\/behetrias.jpg","articleSection":["comunas","PERSONAJES PENINSULARES","santa elena"],"inLanguage":"es"},{"@type":"WebPage","@id":"https:\/\/pachamamitaecu.org\/en\/2015\/02\/02\/approach-to-conflicts-in-communal-lands-of-the-santa-elena-peninsula\/","url":"https:\/\/pachamamitaecu.org\/en\/2015\/02\/02\/approach-to-conflicts-in-communal-lands-of-the-santa-elena-peninsula\/","name":"APROXIMACION A LOS CONFLICTOS EN TIERRAS COMUNALES DE LA PENINSULA DE SANTA ELENA - PachaMamita Ecuador","isPartOf":{"@id":"https:\/\/pachamamitaecu.org\/es_es\/#website"},"primaryImageOfPage":{"@id":"https:\/\/pachamamitaecu.org\/en\/2015\/02\/02\/approach-to-conflicts-in-communal-lands-of-the-santa-elena-peninsula\/#primaryimage"},"image":{"@id":"https:\/\/pachamamitaecu.org\/en\/2015\/02\/02\/approach-to-conflicts-in-communal-lands-of-the-santa-elena-peninsula\/#primaryimage"},"thumbnailUrl":"http:\/\/3.bp.blogspot.com\/-fGsM4wgAMrA\/TsJcvipgK6I\/AAAAAAAABjQ\/10azJfrSVPQ\/s1600\/behetrias.jpg","datePublished":"2015-02-02T13:24:00+00:00","dateModified":"2023-03-02T06:21:29+00:00","breadcrumb":{"@id":"https:\/\/pachamamitaecu.org\/en\/2015\/02\/02\/approach-to-conflicts-in-communal-lands-of-the-santa-elena-peninsula\/#breadcrumb"},"inLanguage":"es","potentialAction":[{"@type":"ReadAction","target":["https:\/\/pachamamitaecu.org\/en\/2015\/02\/02\/approach-to-conflicts-in-communal-lands-of-the-santa-elena-peninsula\/"]}]},{"@type":"ImageObject","inLanguage":"es","@id":"https:\/\/pachamamitaecu.org\/en\/2015\/02\/02\/approach-to-conflicts-in-communal-lands-of-the-santa-elena-peninsula\/#primaryimage","url":"http:\/\/3.bp.blogspot.com\/-fGsM4wgAMrA\/TsJcvipgK6I\/AAAAAAAABjQ\/10azJfrSVPQ\/s1600\/behetrias.jpg","contentUrl":"http:\/\/3.bp.blogspot.com\/-fGsM4wgAMrA\/TsJcvipgK6I\/AAAAAAAABjQ\/10azJfrSVPQ\/s1600\/behetrias.jpg"},{"@type":"BreadcrumbList","@id":"https:\/\/pachamamitaecu.org\/en\/2015\/02\/02\/approach-to-conflicts-in-communal-lands-of-the-santa-elena-peninsula\/#breadcrumb","itemListElement":[{"@type":"ListItem","position":1,"name":"Portada","item":"https:\/\/pachamamitaecu.org\/es_es\/"},{"@type":"ListItem","position":2,"name":"APROXIMACION A LOS CONFLICTOS EN TIERRAS COMUNALES DE LA PENINSULA DE SANTA ELENA"}]},{"@type":"WebSite","@id":"https:\/\/pachamamitaecu.org\/es_es\/#website","url":"https:\/\/pachamamitaecu.org\/es_es\/","name":"PachaMamita Ecuador","description":"CULTURA. AGROECOLOG\u00cdA. TURISMO Y CONSUMO RESPONSABLE-ECUADOR.","publisher":{"@id":"https:\/\/pachamamitaecu.org\/es_es\/#organization"},"potentialAction":[{"@type":"SearchAction","target":{"@type":"EntryPoint","urlTemplate":"https:\/\/pachamamitaecu.org\/es_es\/?s={search_term_string}"},"query-input":{"@type":"PropertyValueSpecification","valueRequired":true,"valueName":"search_term_string"}}],"inLanguage":"es"},{"@type":"Organization","@id":"https:\/\/pachamamitaecu.org\/es_es\/#organization","name":"PachaMamita Ecuador","url":"https:\/\/pachamamitaecu.org\/es_es\/","logo":{"@type":"ImageObject","inLanguage":"es","@id":"https:\/\/pachamamitaecu.org\/es_es\/#\/schema\/logo\/image\/","url":"https:\/\/pachamamitaecu.org\/wp-content\/uploads\/2024\/04\/cropped-Diseno-sin-titulo-13.png","contentUrl":"https:\/\/pachamamitaecu.org\/wp-content\/uploads\/2024\/04\/cropped-Diseno-sin-titulo-13.png","width":512,"height":512,"caption":"PachaMamita Ecuador"},"image":{"@id":"https:\/\/pachamamitaecu.org\/es_es\/#\/schema\/logo\/image\/"},"sameAs":["https:\/\/www.facebook.com\/pachamamitaecu"]},{"@type":"Person","@id":"https:\/\/pachamamitaecu.org\/es_es\/#\/schema\/person\/e8b42afae2451fadab5e0295f02c4593","name":"PachaMamita EC","image":{"@type":"ImageObject","inLanguage":"es","@id":"https:\/\/pachamamitaecu.org\/wp-content\/litespeed\/avatar\/23494c9101089ad44ae88ce9d2f56aac.jpg?ver=1777350952","url":"https:\/\/pachamamitaecu.org\/wp-content\/litespeed\/avatar\/23494c9101089ad44ae88ce9d2f56aac.jpg?ver=1777350952","contentUrl":"https:\/\/pachamamitaecu.org\/wp-content\/litespeed\/avatar\/23494c9101089ad44ae88ce9d2f56aac.jpg?ver=1777350952","caption":"PachaMamita EC"},"url":"https:\/\/pachamamitaecu.org\/es_es\/author\/pachamamita-ec\/"}]}},"_links":{"self":[{"href":"https:\/\/pachamamitaecu.org\/es_es\/wp-json\/wp\/v2\/posts\/547","targetHints":{"allow":["GET"]}}],"collection":[{"href":"https:\/\/pachamamitaecu.org\/es_es\/wp-json\/wp\/v2\/posts"}],"about":[{"href":"https:\/\/pachamamitaecu.org\/es_es\/wp-json\/wp\/v2\/types\/post"}],"author":[{"embeddable":true,"href":"https:\/\/pachamamitaecu.org\/es_es\/wp-json\/wp\/v2\/users\/3"}],"replies":[{"embeddable":true,"href":"https:\/\/pachamamitaecu.org\/es_es\/wp-json\/wp\/v2\/comments?post=547"}],"version-history":[{"count":0,"href":"https:\/\/pachamamitaecu.org\/es_es\/wp-json\/wp\/v2\/posts\/547\/revisions"}],"wp:attachment":[{"href":"https:\/\/pachamamitaecu.org\/es_es\/wp-json\/wp\/v2\/media?parent=547"}],"wp:term":[{"taxonomy":"category","embeddable":true,"href":"https:\/\/pachamamitaecu.org\/es_es\/wp-json\/wp\/v2\/categories?post=547"},{"taxonomy":"post_tag","embeddable":true,"href":"https:\/\/pachamamitaecu.org\/es_es\/wp-json\/wp\/v2\/tags?post=547"}],"curies":[{"name":"wp","href":"https:\/\/api.w.org\/{rel}","templated":true}]}}