{"id":590,"date":"2014-04-18T07:44:00","date_gmt":"2014-04-18T07:44:00","guid":{"rendered":"http:\/\/pachamamitaecu-org-720647.hostingersite.com\/2014\/04\/18\/perdonalos-pachamama-porque-yo-no-puedo\/"},"modified":"2023-03-02T06:21:45","modified_gmt":"2023-03-02T06:21:45","slug":"perdonalos-pachamama-porque-yo-no-puedo","status":"publish","type":"post","link":"https:\/\/pachamamitaecu.org\/es_es\/2014\/04\/18\/perdonalos-pachamama-porque-yo-no-puedo\/","title":{"rendered":"Perd\u00f3nalos PACHAMAMA, porque yo no puedo."},"content":{"rendered":"<div dir=\"ltr\" style=\"text-align: left;\">\n<div style=\"clear: both; text-align: center;\"><a href=\"http:\/\/1.bp.blogspot.com\/-1mjiK4bE8wA\/U1DXjA6AQRI\/AAAAAAAAEpQ\/O2i9tYxFcmg\/s1600\/10176102_10201860947986242_7520938512107937647_n.jpg\" style=\"margin-left: 1em; margin-right: 1em;\"><img decoding=\"async\" border=\"0\" data-src=\"http:\/\/1.bp.blogspot.com\/-1mjiK4bE8wA\/U1DXjA6AQRI\/AAAAAAAAEpQ\/O2i9tYxFcmg\/s1600\/10176102_10201860947986242_7520938512107937647_n.jpg\" height=\"200\" width=\"640\" src=\"data:image\/svg+xml;base64,PHN2ZyB3aWR0aD0iMSIgaGVpZ2h0PSIxIiB4bWxucz0iaHR0cDovL3d3dy53My5vcmcvMjAwMC9zdmciPjwvc3ZnPg==\" class=\"lazyload\" style=\"--smush-placeholder-width: 640px; --smush-placeholder-aspect-ratio: 640\/200;\" \/><\/a><\/div>\n<p><span style=\"font-family: Georgia, Times New Roman, serif;\"><b><\/b><\/span><\/p>\n<div><span style=\"font-family: Georgia, Times New Roman, serif;\"><b><span style=\"font-family: Georgia, Times New Roman, serif;\"><b><br \/><\/b><\/span><\/b><\/span><\/div>\n<p><span style=\"font-family: Georgia, Times New Roman, serif;\"><b>RELATO DE LA TARDE FASCISTA DEL 17 DE ABRIL DE 2014 (ECUADOR)<\/b><\/p>\n<p>NOTA DE LA AUTORA: <i>Se agradece y se autoriza m\u00e1xima difusi\u00f3n nacional e internacional de este relato, sin fragmentaciones, citando la autor\u00eda y adjuntando la imagen<\/i>.<\/p>\n<p><b>ANTECEDENTES<\/b><\/span><\/p>\n<div>\n<div style=\"clear: both; text-align: center;\"><\/div>\n<p><\/p>\n<div style=\"clear: both; text-align: center;\"><a href=\"http:\/\/4.bp.blogspot.com\/--aaB_9VsM2U\/U1DmW0JuXkI\/AAAAAAAAEpo\/wZiHxYqU24E\/s1600\/1507066_708821629141344_4518971904619347337_n.jpg\" style=\"clear: right; float: right; margin-bottom: 1em; margin-left: 1em;\"><img decoding=\"async\" border=\"0\" data-src=\"http:\/\/4.bp.blogspot.com\/--aaB_9VsM2U\/U1DmW0JuXkI\/AAAAAAAAEpo\/wZiHxYqU24E\/s1600\/1507066_708821629141344_4518971904619347337_n.jpg\" height=\"192\" width=\"320\" src=\"data:image\/svg+xml;base64,PHN2ZyB3aWR0aD0iMSIgaGVpZ2h0PSIxIiB4bWxucz0iaHR0cDovL3d3dy53My5vcmcvMjAwMC9zdmciPjwvc3ZnPg==\" class=\"lazyload\" style=\"--smush-placeholder-width: 320px; --smush-placeholder-aspect-ratio: 320\/192;\" \/><\/a><\/div>\n<p><a href=\"http:\/\/4.bp.blogspot.com\/-om9jpBCdGWg\/U1DmYUVgOJI\/AAAAAAAAEqA\/4WS-ze7mA3E\/s1600\/998977_708898979133609_5799576511369999891_n.jpg\" style=\"clear: right; float: right; margin-bottom: 1em; margin-left: 1em;\"><img decoding=\"async\" border=\"0\" data-src=\"http:\/\/4.bp.blogspot.com\/-om9jpBCdGWg\/U1DmYUVgOJI\/AAAAAAAAEqA\/4WS-ze7mA3E\/s1600\/998977_708898979133609_5799576511369999891_n.jpg\" height=\"240\" width=\"320\" src=\"data:image\/svg+xml;base64,PHN2ZyB3aWR0aD0iMSIgaGVpZ2h0PSIxIiB4bWxucz0iaHR0cDovL3d3dy53My5vcmcvMjAwMC9zdmciPjwvc3ZnPg==\" class=\"lazyload\" style=\"--smush-placeholder-width: 320px; --smush-placeholder-aspect-ratio: 320\/240;\" \/><\/a><span style=\"font-family: Georgia, Times New Roman, serif;\"><br \/>El s\u00e1bado 12 de abril de 2014, 3.000 personas de diferentes partes del Ecuador, apoyados por miles m\u00e1s desde distintas partes del mundo; entregamos al CNE casi 750.000 firmas para que se proceda a la Consulta Popualr del Yasun\u00ed ITT, con la pregunta de Yasunidos, acerca de dejar el crudo del ITT bajo el subsuelo indefinidamente.<\/p>\n<p>El 16 de abril de 2014, Yasunidos pudo constatar irregularidades en el proceso. La caja que conten\u00eda las copias de c\u00e9dulas de identidad fue abierta sin su presencia. A sus espaldas el CNE sac\u00f3 aquellas copias de c\u00e9dulas de personas que hab\u00edan recogido entre 1.000 y 15.000 firmas, extendieron un listado tan grande como sus mentiras, de personas que hab\u00edamos recogido firmas y cuyas copias de c\u00e9dulas no estaban en la caja. \u00a1Qu\u00e9 insulto tan grande para la inteligencia de los 14 millones de ecuatorian@s que la documentaci\u00f3n habilitante de, por ejemplo, Esperanza Mart\u00ednez, mujer valiente quien lleva 20 a\u00f1os luchando por la selva o la de la Yasunida Antonella quien recogi\u00f3 15 mil firmas, no aparezcan en la caja y luego de unas horas aparezcan dentro del sobrero del Mago Domigu\u00edn.<br \/>En vista del absurdo, reportado en rueda de prensa yasunida ayer por la tarde, el CNE se da cuenta de que esa estrategia no le servir\u00e1 para obedecer las \u00f3rdenes de Correa de no validar las firmas y de no proceder a la Consulta Popular; y por lo tanto cambia de estrategia de \u201cno hay las copias de las c\u00e9dulas\u201d a \u201cles sacamos del CNE por la fuerza bruta\u201d&#8230;.Y as\u00ed fue.<\/p>\n<p><b>17 DE ABRIL DE 2014<\/b><\/p>\n<p>Desde tempranas horas de la ma\u00f1ana varios Yasunidos estuvieron dentro del CNE solicitando audiencia para que se esclarezcan las irregularidades del proceso. Hacia las 10h30 de la ma\u00f1ana est\u00e1bamos 10 personas resguardando las puertas para que las firmas no sean sacadas de ese recinto.<\/p>\n<p>Desde las 13h00 no pararon de llegar las fuerzas \u201c\u00bfespeciales?\u201d&#8230;no, brutas; que hasta las 15h00 sumaban 4 camiones llenos de militares, unos 100; otros 100 polic\u00edas de fuerzas especiales, m\u00e1s 50 polic\u00edas de seguridad y 50 polic\u00edas municipales con 10 motos. Agentes encubiertos con c\u00e1maras de v\u00eddeo y foto por todos lados; por cada uno, una arma de fuego y un tolete = 300 armas y 300 toletes. Una de las camionetas dec\u00eda en su parte lateral \u201cCONTROL DE ARMAMENTO\u201d.<\/p>\n<p>Alrededor de las 15h00 \u00e9ramos unas 120 personas repartidas en las dos puertas principales del CNE. Hombres y mujeres, de varias edades, se sentaron contra las entradas, a modo de muro humano, custodio de las firmas. Suponemos que el \u201carmamento\u201d que necesitaban controlar, al triplicarnos a nivel humano, era los peligros\u00edsimos globos de colores, los letales letreros con palabras tan mortales como \u201c\u00a1Carajo!\u201d, los exterminadores tambores, las aterradoras voces cantadoras de consignas, los indomables cuerpos resistentes y luchadores, las innombrables bicicletas y las crueles c\u00e1maras de foto\/v\u00eddeo. Estos \u201cecologistas infantiles\u201d, \u201cterroristas\u201d, \u201cdesestabilizadores\u201d y \u201cvende patrias\u201d no cesamos de cantar \u201cNos tienen miedo porque no tenemos miedo, nos tienen miedo porque no tenemos miedo\u201d&#8230;<\/span><br \/><span style=\"font-family: Georgia, Times New Roman, serif;\"><br \/><\/span><\/p>\n<div style=\"clear: both; text-align: center;\"><span style=\"font-family: Georgia, Times New Roman, serif;\"><a href=\"http:\/\/3.bp.blogspot.com\/-fgH3TDAm_g4\/U1DmW3CSE2I\/AAAAAAAAEps\/pFnS_yHhrq0\/s1600\/10172721_708891665801007_7909002547569918900_n.jpg\" style=\"margin-left: 1em; margin-right: 1em;\"><img decoding=\"async\" border=\"0\" data-src=\"http:\/\/3.bp.blogspot.com\/-fgH3TDAm_g4\/U1DmW3CSE2I\/AAAAAAAAEps\/pFnS_yHhrq0\/s1600\/10172721_708891665801007_7909002547569918900_n.jpg\" height=\"260\" width=\"640\" src=\"data:image\/svg+xml;base64,PHN2ZyB3aWR0aD0iMSIgaGVpZ2h0PSIxIiB4bWxucz0iaHR0cDovL3d3dy53My5vcmcvMjAwMC9zdmciPjwvc3ZnPg==\" class=\"lazyload\" style=\"--smush-placeholder-width: 640px; --smush-placeholder-aspect-ratio: 640\/260;\" \/><\/a><\/span><\/div>\n<p><span style=\"font-family: Georgia, Times New Roman, serif;\"><\/p>\n<p>A las 15h30 lleg\u00f3 la orden de separar al cord\u00f3n humano por la fuerza y as\u00ed lleg\u00f3 al cl\u00edmax la tarde fascista del 17 de abril del 2014, en la que con mis sentidos percib\u00ed como a pocos metros de mi, al menos 20 hombres y mujeres fueron pateados, toleteados, empujados, arrastrados en el pavimento, bajados de sus bicicletas de manera brutal y roceados con gas pimienta. Cuando los ten\u00edan fuera de la puerta del parqueadero del CNE, dos camionetas grandes, de color blanco, entraron. Cinco minutos m\u00e1s tarde un cord\u00f3n de al menos 100 polic\u00edas cargaba las cajas contenedoras de las 750.000 firmas en los baldes de sendos carros y se las llevaron, supuestamente al Parque Bicentenario, rumor que me apesta a cortina de humo&#8230;Solo el que se cree dios (l\u00e9ase Correa) sabe su destino.<\/p>\n<p>Fascista, dictadora, violenta y represiva la orden de secuestrar de esa manera las firmas pues no hubo c\u00e1mara de medios de comunicaci\u00f3n que les intimide, no hubo grito desgarrador que les haga retroceder. La consigna de \u201cPueblo contra pueblo, eso no es gobierno\u201d no les hizo ni cosquillas; ni como tampoco se despeinaron cuando se les record\u00f3 a viva voz que ten\u00edamos prohibido olvidar los atropellos infrahumanos del 27 de agosto de 2013. Les vali\u00f3, como siempre&#8230; \u00a1\u00a1\u00a1CAR-PE-TA!!!&#8230;Hasta tiros al aire hubo, estos o\u00eddos que se han de hacer tierra escucharon 5 tiros al aire en 30 segundos = FASCISMO, DICTADURA, FEBRESCORRE\u00cdSMO.&nbsp;<\/p>\n<div style=\"clear: both; text-align: center;\"><a href=\"http:\/\/3.bp.blogspot.com\/-xQc4JUqUoSA\/U1DmXOScXpI\/AAAAAAAAEqE\/UXvY_dsvQzQ\/s1600\/1601437_708877419135765_4071112194046026119_n.jpg\" style=\"clear: right; float: right; margin-bottom: 1em; margin-left: 1em;\"><img decoding=\"async\" border=\"0\" data-src=\"http:\/\/3.bp.blogspot.com\/-xQc4JUqUoSA\/U1DmXOScXpI\/AAAAAAAAEqE\/UXvY_dsvQzQ\/s1600\/1601437_708877419135765_4071112194046026119_n.jpg\" height=\"240\" width=\"320\" src=\"data:image\/svg+xml;base64,PHN2ZyB3aWR0aD0iMSIgaGVpZ2h0PSIxIiB4bWxucz0iaHR0cDovL3d3dy53My5vcmcvMjAwMC9zdmciPjwvc3ZnPg==\" class=\"lazyload\" style=\"--smush-placeholder-width: 320px; --smush-placeholder-aspect-ratio: 320\/240;\" \/><\/a><\/div>\n<p><b>\u00bfQU\u00c9 VA A PASAR?<\/b><\/span><\/div>\n<div><span style=\"font-family: Georgia, Times New Roman, serif;\"><br \/>Yasunidos prepar\u00f3 una solicitud de medidas cautelares, que se la puede bajar de las redes sociales. La llenas con los datos personales y la llevas ante cualquier juez\/a a nivel nacional para que se ponga en evidencia masiva el crimen de lesa humanidad que se est\u00e1 cometiendo contra el Yasun\u00ed ITT y contra los DDHH. Mientras m\u00e1s personas pidamos estas medidas a m\u00e1s jueces, m\u00e1s evidenciaremos esta ignominia. Cuando tengas el documento debes enviarlo escaneado a los Yasunidos. En el inmediato plazo esto pasar\u00e1.<br \/>En el largo y eterno plazo del resto de la historia del Ecuador, la \u00fanica circunstancia positiva que este genocidio y ecocidio tiene ya, es que las nuevas y nov\u00edsimas generaciones no le perdonar\u00e1n jam\u00e1s a la \u201cRevoluci\u00f3n Ciudadana\u201d, a Rafael Correa, a Alianza Pa\u00eds Listas 35, el que permitan la extinci\u00f3n de todo lo vivo de la \u00faltima reserva de bi\u00f3sfera del planeta; y por lo tanto jam\u00e1s les dar\u00e1n un solo voto en sus ejemplares vidas.<br \/><b><br \/>VERG\u00dcENZA<\/b><\/span><\/div>\n<div><span style=\"font-family: Georgia, Times New Roman, serif;\"><br \/>Verg\u00fcenza ante el mundo que el gobierno ecuatoriano se presuma revolucionario y feminista y reprima de manera fascista y violenta.<br \/>Verg\u00fcenza en la vida p\u00fablica de Domingo Paredes, quien habiendo militado en las filas comunistas de este pa\u00eds, hoy actu\u00e9 como el m\u00e1s vil criminal de guerra.<br \/>Verg\u00fcenza que existiendo una Constituci\u00f3n de la Rep\u00fablica que garantiza los derechos intangibles de los territorios de los pueblos en aislamiento voluntario y que garantiza la posibilidad de una Consulta Popular; hoy se quiera pisotear su existencia anteponiendo el argumento de que las firmas no est\u00e1n en el formulario adecuado, cuando el decir SI a la pregunta de Yasunidos significa la diferencia entre la vida y la muerte.<br \/>Verg\u00fcenza que los 3 d\u00edas que caminaron las mujeres amaz\u00f3nicas hasta Quito para defender su selva hoy sean suplantados por la farsa de Correa al decir que las firmas son falsas y que l@s recolectores de firmas no existen. As\u00ed como mentirosa y fomentadora del odio es la noticia emitida por Gama TV en su noticiero del medio d\u00eda que sugiri\u00f3 perversamente que los Yasunidos habr\u00edan estado impidiendo el proceso de conteo de firmas, al interior del CNE, usando la violencia.<\/p>\n<p>\u201c\u00bfY QU\u00c9 ES EL GOBIERNO DE ALIANZA PA\u00cdS? CARICATURA DE REVOLUCI\u00d3N, <br \/>CARICATURA DE REVOLUCI\u00d3N, ES EL GOBIERNO DE ALIANZA PA\u00cdS\u201d&#8230;lo cantaremos por toda la eternidad, 35 millones de veces.<\/p>\n<p><a href=\"https:\/\/www.facebook.com\/mariabelenmoncayo\">mar\u00eda bel\u00e9n moncayo<\/a><br \/>MALCRIADA TOTAL PRODUCCIONES<br \/><i><b>\u201cAll you need is desobediencia civil\u201d<\/b><\/i><\/span><\/div>\n<\/div>\n<div class=\"pvc_clear\"><\/div>\n<p id=\"pvc_stats_590\" class=\"pvc_stats total_only  \" data-element-id=\"590\" style=\"\"><i class=\"pvc-stats-icon medium\" aria-hidden=\"true\"><svg aria-hidden=\"true\" focusable=\"false\" data-prefix=\"far\" data-icon=\"chart-bar\" role=\"img\" xmlns=\"http:\/\/www.w3.org\/2000\/svg\" viewBox=\"0 0 512 512\" class=\"svg-inline--fa fa-chart-bar fa-w-16 fa-2x\"><path fill=\"currentColor\" d=\"M396.8 352h22.4c6.4 0 12.8-6.4 12.8-12.8V108.8c0-6.4-6.4-12.8-12.8-12.8h-22.4c-6.4 0-12.8 6.4-12.8 12.8v230.4c0 6.4 6.4 12.8 12.8 12.8zm-192 0h22.4c6.4 0 12.8-6.4 12.8-12.8V140.8c0-6.4-6.4-12.8-12.8-12.8h-22.4c-6.4 0-12.8 6.4-12.8 12.8v198.4c0 6.4 6.4 12.8 12.8 12.8zm96 0h22.4c6.4 0 12.8-6.4 12.8-12.8V204.8c0-6.4-6.4-12.8-12.8-12.8h-22.4c-6.4 0-12.8 6.4-12.8 12.8v134.4c0 6.4 6.4 12.8 12.8 12.8zM496 400H48V80c0-8.84-7.16-16-16-16H16C7.16 64 0 71.16 0 80v336c0 17.67 14.33 32 32 32h464c8.84 0 16-7.16 16-16v-16c0-8.84-7.16-16-16-16zm-387.2-48h22.4c6.4 0 12.8-6.4 12.8-12.8v-70.4c0-6.4-6.4-12.8-12.8-12.8h-22.4c-6.4 0-12.8 6.4-12.8 12.8v70.4c0 6.4 6.4 12.8 12.8 12.8z\" class=\"\"><\/path><\/svg><\/i> <img decoding=\"async\" width=\"16\" height=\"16\" alt=\"Loading\" data-src=\"https:\/\/pachamamitaecu.org\/wp-content\/plugins\/page-views-count\/ajax-loader-2x.gif\" border=0 src=\"data:image\/svg+xml;base64,PHN2ZyB3aWR0aD0iMSIgaGVpZ2h0PSIxIiB4bWxucz0iaHR0cDovL3d3dy53My5vcmcvMjAwMC9zdmciPjwvc3ZnPg==\" class=\"lazyload\" style=\"--smush-placeholder-width: 16px; --smush-placeholder-aspect-ratio: 16\/16;\" \/><\/p>\n<div class=\"pvc_clear\"><\/div>\n","protected":false},"excerpt":{"rendered":"<p>RELATO DE LA TARDE FASCISTA DEL 17 DE ABRIL DE 2014 (ECUADOR) NOTA DE LA AUTORA: Se agradece y se autoriza m\u00e1xima difusi\u00f3n nacional e internacional de este relato, sin fragmentaciones, citando la autor\u00eda y adjuntando la imagen. ANTECEDENTES El s\u00e1bado 12 de abril de 2014, 3.000 personas de diferentes partes del Ecuador, apoyados por [&#8230;]\n","protected":false},"author":3,"featured_media":0,"comment_status":"closed","ping_status":"closed","sticky":false,"template":"","format":"standard","meta":{"footnotes":""},"categories":[392,188,206,201,390],"tags":[],"class_list":["post-590","post","type-post","status-publish","format-standard","hentry","category-consulta-popular-yasuni","category-madera-petroleo-y-resistencia","category-yasuni","category-yasuni-itt","category-yasunidos"],"a3_pvc":{"activated":true,"total_views":26,"today_views":0},"yoast_head":"<!-- This site is optimized with the Yoast SEO Premium plugin v24.2 (Yoast SEO v27.4) - https:\/\/yoast.com\/product\/yoast-seo-premium-wordpress\/ -->\n<title>Perd\u00f3nalos PACHAMAMA, porque yo no puedo. - PachaMamita Ecuador<\/title>\n<meta name=\"robots\" content=\"index, follow, max-snippet:-1, max-image-preview:large, max-video-preview:-1\" \/>\n<link rel=\"canonical\" href=\"https:\/\/pachamamitaecu.org\/es_es\/2014\/04\/18\/perdonalos-pachamama-porque-yo-no-puedo\/\" \/>\n<meta property=\"og:locale\" content=\"es_ES\" \/>\n<meta property=\"og:type\" content=\"article\" \/>\n<meta property=\"og:title\" content=\"Perd\u00f3nalos PACHAMAMA, porque yo no puedo.\" \/>\n<meta property=\"og:description\" content=\"RELATO DE LA TARDE FASCISTA DEL 17 DE ABRIL DE 2014 (ECUADOR) NOTA DE LA AUTORA: Se agradece y se autoriza m\u00e1xima difusi\u00f3n nacional e internacional de este relato, sin fragmentaciones, citando la autor\u00eda y adjuntando la imagen. ANTECEDENTES El s\u00e1bado 12 de abril de 2014, 3.000 personas de diferentes partes del Ecuador, apoyados por [...]\" \/>\n<meta property=\"og:url\" content=\"https:\/\/pachamamitaecu.org\/es_es\/2014\/04\/18\/perdonalos-pachamama-porque-yo-no-puedo\/\" \/>\n<meta property=\"og:site_name\" content=\"PachaMamita Ecuador\" \/>\n<meta property=\"article:publisher\" content=\"https:\/\/www.facebook.com\/pachamamitaecu\" \/>\n<meta property=\"article:published_time\" content=\"2014-04-18T07:44:00+00:00\" \/>\n<meta property=\"article:modified_time\" content=\"2023-03-02T06:21:45+00:00\" \/>\n<meta property=\"og:image\" content=\"http:\/\/1.bp.blogspot.com\/-1mjiK4bE8wA\/U1DXjA6AQRI\/AAAAAAAAEpQ\/O2i9tYxFcmg\/s1600\/10176102_10201860947986242_7520938512107937647_n.jpg\" \/>\n<meta name=\"author\" content=\"PachaMamita EC\" \/>\n<meta name=\"twitter:card\" content=\"summary_large_image\" \/>\n<meta name=\"twitter:label1\" content=\"Escrito por\" \/>\n\t<meta name=\"twitter:data1\" content=\"PachaMamita EC\" \/>\n\t<meta name=\"twitter:label2\" content=\"Tiempo de lectura\" \/>\n\t<meta name=\"twitter:data2\" content=\"6 minutos\" \/>\n<script type=\"application\/ld+json\" class=\"yoast-schema-graph\">{\"@context\":\"https:\\\/\\\/schema.org\",\"@graph\":[{\"@type\":\"Article\",\"@id\":\"https:\\\/\\\/pachamamitaecu.org\\\/2014\\\/04\\\/18\\\/perdonalos-pachamama-porque-yo-no-puedo\\\/#article\",\"isPartOf\":{\"@id\":\"https:\\\/\\\/pachamamitaecu.org\\\/2014\\\/04\\\/18\\\/perdonalos-pachamama-porque-yo-no-puedo\\\/\"},\"author\":{\"name\":\"PachaMamita EC\",\"@id\":\"https:\\\/\\\/pachamamitaecu.org\\\/es_es\\\/#\\\/schema\\\/person\\\/e8b42afae2451fadab5e0295f02c4593\"},\"headline\":\"Perd\u00f3nalos PACHAMAMA, porque yo no puedo.\",\"datePublished\":\"2014-04-18T07:44:00+00:00\",\"dateModified\":\"2023-03-02T06:21:45+00:00\",\"mainEntityOfPage\":{\"@id\":\"https:\\\/\\\/pachamamitaecu.org\\\/2014\\\/04\\\/18\\\/perdonalos-pachamama-porque-yo-no-puedo\\\/\"},\"wordCount\":1234,\"publisher\":{\"@id\":\"https:\\\/\\\/pachamamitaecu.org\\\/es_es\\\/#organization\"},\"image\":{\"@id\":\"https:\\\/\\\/pachamamitaecu.org\\\/2014\\\/04\\\/18\\\/perdonalos-pachamama-porque-yo-no-puedo\\\/#primaryimage\"},\"thumbnailUrl\":\"http:\\\/\\\/1.bp.blogspot.com\\\/-1mjiK4bE8wA\\\/U1DXjA6AQRI\\\/AAAAAAAAEpQ\\\/O2i9tYxFcmg\\\/s1600\\\/10176102_10201860947986242_7520938512107937647_n.jpg\",\"articleSection\":[\"consulta popular yasuni\",\"MADERA PETROLEO Y RESISTENCIA\",\"yasuni\",\"yasuni itt\",\"yasunidos\"],\"inLanguage\":\"es\"},{\"@type\":\"WebPage\",\"@id\":\"https:\\\/\\\/pachamamitaecu.org\\\/2014\\\/04\\\/18\\\/perdonalos-pachamama-porque-yo-no-puedo\\\/\",\"url\":\"https:\\\/\\\/pachamamitaecu.org\\\/2014\\\/04\\\/18\\\/perdonalos-pachamama-porque-yo-no-puedo\\\/\",\"name\":\"Perd\u00f3nalos PACHAMAMA, porque yo no puedo. - PachaMamita Ecuador\",\"isPartOf\":{\"@id\":\"https:\\\/\\\/pachamamitaecu.org\\\/es_es\\\/#website\"},\"primaryImageOfPage\":{\"@id\":\"https:\\\/\\\/pachamamitaecu.org\\\/2014\\\/04\\\/18\\\/perdonalos-pachamama-porque-yo-no-puedo\\\/#primaryimage\"},\"image\":{\"@id\":\"https:\\\/\\\/pachamamitaecu.org\\\/2014\\\/04\\\/18\\\/perdonalos-pachamama-porque-yo-no-puedo\\\/#primaryimage\"},\"thumbnailUrl\":\"http:\\\/\\\/1.bp.blogspot.com\\\/-1mjiK4bE8wA\\\/U1DXjA6AQRI\\\/AAAAAAAAEpQ\\\/O2i9tYxFcmg\\\/s1600\\\/10176102_10201860947986242_7520938512107937647_n.jpg\",\"datePublished\":\"2014-04-18T07:44:00+00:00\",\"dateModified\":\"2023-03-02T06:21:45+00:00\",\"breadcrumb\":{\"@id\":\"https:\\\/\\\/pachamamitaecu.org\\\/2014\\\/04\\\/18\\\/perdonalos-pachamama-porque-yo-no-puedo\\\/#breadcrumb\"},\"inLanguage\":\"es\",\"potentialAction\":[{\"@type\":\"ReadAction\",\"target\":[\"https:\\\/\\\/pachamamitaecu.org\\\/2014\\\/04\\\/18\\\/perdonalos-pachamama-porque-yo-no-puedo\\\/\"]}]},{\"@type\":\"ImageObject\",\"inLanguage\":\"es\",\"@id\":\"https:\\\/\\\/pachamamitaecu.org\\\/2014\\\/04\\\/18\\\/perdonalos-pachamama-porque-yo-no-puedo\\\/#primaryimage\",\"url\":\"http:\\\/\\\/1.bp.blogspot.com\\\/-1mjiK4bE8wA\\\/U1DXjA6AQRI\\\/AAAAAAAAEpQ\\\/O2i9tYxFcmg\\\/s1600\\\/10176102_10201860947986242_7520938512107937647_n.jpg\",\"contentUrl\":\"http:\\\/\\\/1.bp.blogspot.com\\\/-1mjiK4bE8wA\\\/U1DXjA6AQRI\\\/AAAAAAAAEpQ\\\/O2i9tYxFcmg\\\/s1600\\\/10176102_10201860947986242_7520938512107937647_n.jpg\"},{\"@type\":\"BreadcrumbList\",\"@id\":\"https:\\\/\\\/pachamamitaecu.org\\\/2014\\\/04\\\/18\\\/perdonalos-pachamama-porque-yo-no-puedo\\\/#breadcrumb\",\"itemListElement\":[{\"@type\":\"ListItem\",\"position\":1,\"name\":\"Portada\",\"item\":\"https:\\\/\\\/pachamamitaecu.org\\\/es_es\\\/\"},{\"@type\":\"ListItem\",\"position\":2,\"name\":\"Perd\u00f3nalos PACHAMAMA, porque yo no puedo.\"}]},{\"@type\":\"WebSite\",\"@id\":\"https:\\\/\\\/pachamamitaecu.org\\\/es_es\\\/#website\",\"url\":\"https:\\\/\\\/pachamamitaecu.org\\\/es_es\\\/\",\"name\":\"PachaMamita Ecuador\",\"description\":\"CULTURA. AGROECOLOG\u00cdA. TURISMO Y CONSUMO RESPONSABLE-ECUADOR.\",\"publisher\":{\"@id\":\"https:\\\/\\\/pachamamitaecu.org\\\/es_es\\\/#organization\"},\"potentialAction\":[{\"@type\":\"SearchAction\",\"target\":{\"@type\":\"EntryPoint\",\"urlTemplate\":\"https:\\\/\\\/pachamamitaecu.org\\\/es_es\\\/?s={search_term_string}\"},\"query-input\":{\"@type\":\"PropertyValueSpecification\",\"valueRequired\":true,\"valueName\":\"search_term_string\"}}],\"inLanguage\":\"es\"},{\"@type\":\"Organization\",\"@id\":\"https:\\\/\\\/pachamamitaecu.org\\\/es_es\\\/#organization\",\"name\":\"PachaMamita Ecuador\",\"url\":\"https:\\\/\\\/pachamamitaecu.org\\\/es_es\\\/\",\"logo\":{\"@type\":\"ImageObject\",\"inLanguage\":\"es\",\"@id\":\"https:\\\/\\\/pachamamitaecu.org\\\/es_es\\\/#\\\/schema\\\/logo\\\/image\\\/\",\"url\":\"https:\\\/\\\/pachamamitaecu.org\\\/wp-content\\\/uploads\\\/2024\\\/04\\\/cropped-Diseno-sin-titulo-13.png\",\"contentUrl\":\"https:\\\/\\\/pachamamitaecu.org\\\/wp-content\\\/uploads\\\/2024\\\/04\\\/cropped-Diseno-sin-titulo-13.png\",\"width\":512,\"height\":512,\"caption\":\"PachaMamita Ecuador\"},\"image\":{\"@id\":\"https:\\\/\\\/pachamamitaecu.org\\\/es_es\\\/#\\\/schema\\\/logo\\\/image\\\/\"},\"sameAs\":[\"https:\\\/\\\/www.facebook.com\\\/pachamamitaecu\"]},{\"@type\":\"Person\",\"@id\":\"https:\\\/\\\/pachamamitaecu.org\\\/es_es\\\/#\\\/schema\\\/person\\\/e8b42afae2451fadab5e0295f02c4593\",\"name\":\"PachaMamita EC\",\"image\":{\"@type\":\"ImageObject\",\"inLanguage\":\"es\",\"@id\":\"https:\\\/\\\/pachamamitaecu.org\\\/wp-content\\\/litespeed\\\/avatar\\\/23494c9101089ad44ae88ce9d2f56aac.jpg?ver=1777350952\",\"url\":\"https:\\\/\\\/pachamamitaecu.org\\\/wp-content\\\/litespeed\\\/avatar\\\/23494c9101089ad44ae88ce9d2f56aac.jpg?ver=1777350952\",\"contentUrl\":\"https:\\\/\\\/pachamamitaecu.org\\\/wp-content\\\/litespeed\\\/avatar\\\/23494c9101089ad44ae88ce9d2f56aac.jpg?ver=1777350952\",\"caption\":\"PachaMamita EC\"},\"url\":\"https:\\\/\\\/pachamamitaecu.org\\\/es_es\\\/author\\\/pachamamita-ec\\\/\"}]}<\/script>\n<!-- \/ Yoast SEO Premium plugin. -->","yoast_head_json":{"title":"Perd\u00f3nalos PACHAMAMA, porque yo no puedo. - PachaMamita Ecuador","robots":{"index":"index","follow":"follow","max-snippet":"max-snippet:-1","max-image-preview":"max-image-preview:large","max-video-preview":"max-video-preview:-1"},"canonical":"https:\/\/pachamamitaecu.org\/es_es\/2014\/04\/18\/perdonalos-pachamama-porque-yo-no-puedo\/","og_locale":"es_ES","og_type":"article","og_title":"Perd\u00f3nalos PACHAMAMA, porque yo no puedo.","og_description":"RELATO DE LA TARDE FASCISTA DEL 17 DE ABRIL DE 2014 (ECUADOR) NOTA DE LA AUTORA: Se agradece y se autoriza m\u00e1xima difusi\u00f3n nacional e internacional de este relato, sin fragmentaciones, citando la autor\u00eda y adjuntando la imagen. ANTECEDENTES El s\u00e1bado 12 de abril de 2014, 3.000 personas de diferentes partes del Ecuador, apoyados por [...]","og_url":"https:\/\/pachamamitaecu.org\/es_es\/2014\/04\/18\/perdonalos-pachamama-porque-yo-no-puedo\/","og_site_name":"PachaMamita Ecuador","article_publisher":"https:\/\/www.facebook.com\/pachamamitaecu","article_published_time":"2014-04-18T07:44:00+00:00","article_modified_time":"2023-03-02T06:21:45+00:00","og_image":[{"url":"http:\/\/1.bp.blogspot.com\/-1mjiK4bE8wA\/U1DXjA6AQRI\/AAAAAAAAEpQ\/O2i9tYxFcmg\/s1600\/10176102_10201860947986242_7520938512107937647_n.jpg","type":"","width":"","height":""}],"author":"PachaMamita EC","twitter_card":"summary_large_image","twitter_misc":{"Escrito por":"PachaMamita EC","Tiempo de lectura":"6 minutos"},"schema":{"@context":"https:\/\/schema.org","@graph":[{"@type":"Article","@id":"https:\/\/pachamamitaecu.org\/2014\/04\/18\/perdonalos-pachamama-porque-yo-no-puedo\/#article","isPartOf":{"@id":"https:\/\/pachamamitaecu.org\/2014\/04\/18\/perdonalos-pachamama-porque-yo-no-puedo\/"},"author":{"name":"PachaMamita EC","@id":"https:\/\/pachamamitaecu.org\/es_es\/#\/schema\/person\/e8b42afae2451fadab5e0295f02c4593"},"headline":"Perd\u00f3nalos PACHAMAMA, porque yo no puedo.","datePublished":"2014-04-18T07:44:00+00:00","dateModified":"2023-03-02T06:21:45+00:00","mainEntityOfPage":{"@id":"https:\/\/pachamamitaecu.org\/2014\/04\/18\/perdonalos-pachamama-porque-yo-no-puedo\/"},"wordCount":1234,"publisher":{"@id":"https:\/\/pachamamitaecu.org\/es_es\/#organization"},"image":{"@id":"https:\/\/pachamamitaecu.org\/2014\/04\/18\/perdonalos-pachamama-porque-yo-no-puedo\/#primaryimage"},"thumbnailUrl":"http:\/\/1.bp.blogspot.com\/-1mjiK4bE8wA\/U1DXjA6AQRI\/AAAAAAAAEpQ\/O2i9tYxFcmg\/s1600\/10176102_10201860947986242_7520938512107937647_n.jpg","articleSection":["consulta popular yasuni","MADERA PETROLEO Y RESISTENCIA","yasuni","yasuni itt","yasunidos"],"inLanguage":"es"},{"@type":"WebPage","@id":"https:\/\/pachamamitaecu.org\/2014\/04\/18\/perdonalos-pachamama-porque-yo-no-puedo\/","url":"https:\/\/pachamamitaecu.org\/2014\/04\/18\/perdonalos-pachamama-porque-yo-no-puedo\/","name":"Perd\u00f3nalos PACHAMAMA, porque yo no puedo. - PachaMamita Ecuador","isPartOf":{"@id":"https:\/\/pachamamitaecu.org\/es_es\/#website"},"primaryImageOfPage":{"@id":"https:\/\/pachamamitaecu.org\/2014\/04\/18\/perdonalos-pachamama-porque-yo-no-puedo\/#primaryimage"},"image":{"@id":"https:\/\/pachamamitaecu.org\/2014\/04\/18\/perdonalos-pachamama-porque-yo-no-puedo\/#primaryimage"},"thumbnailUrl":"http:\/\/1.bp.blogspot.com\/-1mjiK4bE8wA\/U1DXjA6AQRI\/AAAAAAAAEpQ\/O2i9tYxFcmg\/s1600\/10176102_10201860947986242_7520938512107937647_n.jpg","datePublished":"2014-04-18T07:44:00+00:00","dateModified":"2023-03-02T06:21:45+00:00","breadcrumb":{"@id":"https:\/\/pachamamitaecu.org\/2014\/04\/18\/perdonalos-pachamama-porque-yo-no-puedo\/#breadcrumb"},"inLanguage":"es","potentialAction":[{"@type":"ReadAction","target":["https:\/\/pachamamitaecu.org\/2014\/04\/18\/perdonalos-pachamama-porque-yo-no-puedo\/"]}]},{"@type":"ImageObject","inLanguage":"es","@id":"https:\/\/pachamamitaecu.org\/2014\/04\/18\/perdonalos-pachamama-porque-yo-no-puedo\/#primaryimage","url":"http:\/\/1.bp.blogspot.com\/-1mjiK4bE8wA\/U1DXjA6AQRI\/AAAAAAAAEpQ\/O2i9tYxFcmg\/s1600\/10176102_10201860947986242_7520938512107937647_n.jpg","contentUrl":"http:\/\/1.bp.blogspot.com\/-1mjiK4bE8wA\/U1DXjA6AQRI\/AAAAAAAAEpQ\/O2i9tYxFcmg\/s1600\/10176102_10201860947986242_7520938512107937647_n.jpg"},{"@type":"BreadcrumbList","@id":"https:\/\/pachamamitaecu.org\/2014\/04\/18\/perdonalos-pachamama-porque-yo-no-puedo\/#breadcrumb","itemListElement":[{"@type":"ListItem","position":1,"name":"Portada","item":"https:\/\/pachamamitaecu.org\/es_es\/"},{"@type":"ListItem","position":2,"name":"Perd\u00f3nalos PACHAMAMA, porque yo no puedo."}]},{"@type":"WebSite","@id":"https:\/\/pachamamitaecu.org\/es_es\/#website","url":"https:\/\/pachamamitaecu.org\/es_es\/","name":"PachaMamita Ecuador","description":"CULTURA. AGROECOLOG\u00cdA. TURISMO Y CONSUMO RESPONSABLE-ECUADOR.","publisher":{"@id":"https:\/\/pachamamitaecu.org\/es_es\/#organization"},"potentialAction":[{"@type":"SearchAction","target":{"@type":"EntryPoint","urlTemplate":"https:\/\/pachamamitaecu.org\/es_es\/?s={search_term_string}"},"query-input":{"@type":"PropertyValueSpecification","valueRequired":true,"valueName":"search_term_string"}}],"inLanguage":"es"},{"@type":"Organization","@id":"https:\/\/pachamamitaecu.org\/es_es\/#organization","name":"PachaMamita Ecuador","url":"https:\/\/pachamamitaecu.org\/es_es\/","logo":{"@type":"ImageObject","inLanguage":"es","@id":"https:\/\/pachamamitaecu.org\/es_es\/#\/schema\/logo\/image\/","url":"https:\/\/pachamamitaecu.org\/wp-content\/uploads\/2024\/04\/cropped-Diseno-sin-titulo-13.png","contentUrl":"https:\/\/pachamamitaecu.org\/wp-content\/uploads\/2024\/04\/cropped-Diseno-sin-titulo-13.png","width":512,"height":512,"caption":"PachaMamita Ecuador"},"image":{"@id":"https:\/\/pachamamitaecu.org\/es_es\/#\/schema\/logo\/image\/"},"sameAs":["https:\/\/www.facebook.com\/pachamamitaecu"]},{"@type":"Person","@id":"https:\/\/pachamamitaecu.org\/es_es\/#\/schema\/person\/e8b42afae2451fadab5e0295f02c4593","name":"PachaMamita EC","image":{"@type":"ImageObject","inLanguage":"es","@id":"https:\/\/pachamamitaecu.org\/wp-content\/litespeed\/avatar\/23494c9101089ad44ae88ce9d2f56aac.jpg?ver=1777350952","url":"https:\/\/pachamamitaecu.org\/wp-content\/litespeed\/avatar\/23494c9101089ad44ae88ce9d2f56aac.jpg?ver=1777350952","contentUrl":"https:\/\/pachamamitaecu.org\/wp-content\/litespeed\/avatar\/23494c9101089ad44ae88ce9d2f56aac.jpg?ver=1777350952","caption":"PachaMamita EC"},"url":"https:\/\/pachamamitaecu.org\/es_es\/author\/pachamamita-ec\/"}]}},"_links":{"self":[{"href":"https:\/\/pachamamitaecu.org\/es_es\/wp-json\/wp\/v2\/posts\/590","targetHints":{"allow":["GET"]}}],"collection":[{"href":"https:\/\/pachamamitaecu.org\/es_es\/wp-json\/wp\/v2\/posts"}],"about":[{"href":"https:\/\/pachamamitaecu.org\/es_es\/wp-json\/wp\/v2\/types\/post"}],"author":[{"embeddable":true,"href":"https:\/\/pachamamitaecu.org\/es_es\/wp-json\/wp\/v2\/users\/3"}],"replies":[{"embeddable":true,"href":"https:\/\/pachamamitaecu.org\/es_es\/wp-json\/wp\/v2\/comments?post=590"}],"version-history":[{"count":0,"href":"https:\/\/pachamamitaecu.org\/es_es\/wp-json\/wp\/v2\/posts\/590\/revisions"}],"wp:attachment":[{"href":"https:\/\/pachamamitaecu.org\/es_es\/wp-json\/wp\/v2\/media?parent=590"}],"wp:term":[{"taxonomy":"category","embeddable":true,"href":"https:\/\/pachamamitaecu.org\/es_es\/wp-json\/wp\/v2\/categories?post=590"},{"taxonomy":"post_tag","embeddable":true,"href":"https:\/\/pachamamitaecu.org\/es_es\/wp-json\/wp\/v2\/tags?post=590"}],"curies":[{"name":"wp","href":"https:\/\/api.w.org\/{rel}","templated":true}]}}