{"id":662,"date":"2013-08-12T06:43:00","date_gmt":"2013-08-12T06:43:00","guid":{"rendered":"http:\/\/pachamamitaecu-org-720647.hostingersite.com\/2013\/08\/12\/la-cidh-pide-respeto-de-los-derechos-humanos-de-los-pueblos-indigenas\/"},"modified":"2023-03-02T06:22:08","modified_gmt":"2023-03-02T06:22:08","slug":"la-cidh-pide-respeto-de-los-derechos-humanos-de-los-pueblos-indigenas","status":"publish","type":"post","link":"https:\/\/pachamamitaecu.org\/es_es\/2013\/08\/12\/la-cidh-pide-respeto-de-los-derechos-humanos-de-los-pueblos-indigenas\/","title":{"rendered":"La CIDH pide respeto de los derechos humanos de los pueblos ind\u00edgenas"},"content":{"rendered":"<div style=\"clear: both; text-align: center;\"><a href=\"http:\/\/4.bp.blogspot.com\/--IlvHEkUQFQ\/UgiD6117shI\/AAAAAAAAEE8\/Z8aSbo-Yjhs\/s1600\/adn_waorani_12_jul_2012_1+(1).jpg\" style=\"clear: left; float: left; margin-bottom: 1em; margin-right: 1em;\"><img decoding=\"async\" border=\"0\" height=\"194\" src=\"http:\/\/4.bp.blogspot.com\/--IlvHEkUQFQ\/UgiD6117shI\/AAAAAAAAEE8\/Z8aSbo-Yjhs\/s320\/adn_waorani_12_jul_2012_1+(1).jpg\" width=\"320\" \/><\/a><\/div>\n<p><span style=\"font-family: Georgia, Times New Roman, serif;\">La Comisi\u00f3n Interamericana de Derechos Humanos (CIDH) inst\u00f3 a sus Estados miembros a garantizar el pleno respeto de los derechos humanos de los pueblos ind\u00edgenas de las Am\u00e9ricas con motivo de la celebraci\u00f3n de su d\u00eda internacional, el pasado 9 de agosto.<\/p>\n<p>La CIDH pidi\u00f3 <i>\u00abel pleno respeto a los derechos humanos de los pueblos ind\u00edgenas en situaci\u00f3n de aislamiento voluntario y contacto inicial\u00bb<\/i> porque se encuentran en una situaci\u00f3n de \u00abalta vulnerabilidad\u00bb, dijo el organismo en un comunicado.<\/p>\n<p>\u00ab<i><b>La falta de protecci\u00f3n de sus derechos humanos implica un riesgo grave a su vida e integridad f\u00edsica, cultural y espiritual<\/b><\/i>\u00ab, insisti\u00f3 la nota.<\/p>\n<p>\u00abLos pueblos ind\u00edgenas en aislamiento voluntario y contacto inicial en las Am\u00e9ricas habitan regiones de la selva amaz\u00f3nica y del Gran Chaco en Bolivia, Brasil, Colombia, Ecuador, Paraguay, Per\u00fa y Venezuela\u00bb, record\u00f3 la CIDH.<\/p>\n<p>La Comisi\u00f3n explic\u00f3 que sus territorios son \u00aba menudo\u00bb zonas donde se realizan actividades de extracci\u00f3n de recursos naturales, tanto de manera legal como ilegal, y sufren explotaciones agr\u00edcolas y ganaderas.<\/p>\n<p>\u00ab<i><b>Estas actividades (petroleras y mineras) en general constituyen una amenaza a la vida e integridad de estos pueblos, <\/b>ya que pueden propiciar el contacto, con todas las consecuencias que esto implica para su salud y pervivencia f\u00edsica y cultural<\/i>\u00ab, agrega.<\/p>\n<p>La Comisi\u00f3n llama a los Estados miembros a defender a estos pueblos que no cuentan con \u00abdefensas inmunol\u00f3gicas contra enfermedades comunes\u00bb y cuyo contacto con los pueblos desarrollados puede ocasionar da\u00f1os tanto en su identidad cultural como en su salud, causando \u00abepidemias que pueden causar la desaparici\u00f3n de pueblos enteros\u00bb.<\/p>\n<p>\u00ab<i>Los pueblos en aislamiento voluntario ejercen su derecho a la libre autodeterminaci\u00f3n manteni\u00e9ndose alejados de las sociedades mayoritarias. El respeto a este derecho y al principio de no contacto es esencial para asegurar la vigencia de sus derechos fundamentales, incluidos el derecho a la vida e integridad<\/i>\u00ab, apunta.<\/p>\n<p>\u00ab<i><b>Los Estados deben aplicar especial cuidado al adoptar medidas para garantizar territorios de suficiente extensi\u00f3n y calidad a pueblos en aislamiento voluntario, y tienen el deber de adoptar medidas preventivas de salud p\u00fablica culturalmente apropiadas para preservar la vida e integridad de los pueblos ind\u00edgenas<\/b><\/i>\u00ab, insiste la CIDH.&nbsp;<\/span><\/p>\n<div><span style=\"font-family: Georgia, Times New Roman, serif;\"><br \/><\/span><\/div>\n<div><span style=\"font-family: Georgia, Times New Roman, serif;\">Cable EFE. Publicado originalmente en Diario Hoy.<\/span><\/div>\n<div class=\"pvc_clear\"><\/div>\n<p id=\"pvc_stats_662\" class=\"pvc_stats total_only  \" data-element-id=\"662\" style=\"\"><i class=\"pvc-stats-icon medium\" aria-hidden=\"true\"><svg aria-hidden=\"true\" focusable=\"false\" data-prefix=\"far\" data-icon=\"chart-bar\" role=\"img\" xmlns=\"http:\/\/www.w3.org\/2000\/svg\" viewBox=\"0 0 512 512\" class=\"svg-inline--fa fa-chart-bar fa-w-16 fa-2x\"><path fill=\"currentColor\" d=\"M396.8 352h22.4c6.4 0 12.8-6.4 12.8-12.8V108.8c0-6.4-6.4-12.8-12.8-12.8h-22.4c-6.4 0-12.8 6.4-12.8 12.8v230.4c0 6.4 6.4 12.8 12.8 12.8zm-192 0h22.4c6.4 0 12.8-6.4 12.8-12.8V140.8c0-6.4-6.4-12.8-12.8-12.8h-22.4c-6.4 0-12.8 6.4-12.8 12.8v198.4c0 6.4 6.4 12.8 12.8 12.8zm96 0h22.4c6.4 0 12.8-6.4 12.8-12.8V204.8c0-6.4-6.4-12.8-12.8-12.8h-22.4c-6.4 0-12.8 6.4-12.8 12.8v134.4c0 6.4 6.4 12.8 12.8 12.8zM496 400H48V80c0-8.84-7.16-16-16-16H16C7.16 64 0 71.16 0 80v336c0 17.67 14.33 32 32 32h464c8.84 0 16-7.16 16-16v-16c0-8.84-7.16-16-16-16zm-387.2-48h22.4c6.4 0 12.8-6.4 12.8-12.8v-70.4c0-6.4-6.4-12.8-12.8-12.8h-22.4c-6.4 0-12.8 6.4-12.8 12.8v70.4c0 6.4 6.4 12.8 12.8 12.8z\" class=\"\"><\/path><\/svg><\/i> <img decoding=\"async\" width=\"16\" height=\"16\" alt=\"Loading\" data-src=\"https:\/\/pachamamitaecu.org\/wp-content\/plugins\/page-views-count\/ajax-loader-2x.gif\" border=0 src=\"data:image\/svg+xml;base64,PHN2ZyB3aWR0aD0iMSIgaGVpZ2h0PSIxIiB4bWxucz0iaHR0cDovL3d3dy53My5vcmcvMjAwMC9zdmciPjwvc3ZnPg==\" class=\"lazyload\" style=\"--smush-placeholder-width: 16px; --smush-placeholder-aspect-ratio: 16\/16;\" \/><\/p>\n<div class=\"pvc_clear\"><\/div>\n","protected":false},"excerpt":{"rendered":"<p>La Comisi\u00f3n Interamericana de Derechos Humanos (CIDH) inst\u00f3 a sus Estados miembros a garantizar el pleno respeto de los derechos humanos de los pueblos ind\u00edgenas de las Am\u00e9ricas con motivo de la celebraci\u00f3n de su d\u00eda internacional, el pasado 9 de agosto. La CIDH pidi\u00f3 \u00abel pleno respeto a los derechos humanos de los pueblos [&#8230;]\n","protected":false},"author":3,"featured_media":0,"comment_status":"closed","ping_status":"closed","sticky":false,"template":"","format":"standard","meta":{"footnotes":""},"categories":[198,205,397,159,188,264,185,187],"tags":[],"class_list":["post-662","post","type-post","status-publish","format-standard","hentry","category-cidh","category-comision-interamericana-de-derechos-humanos","category-consulta-previa","category-consumo-responsable","category-madera-petroleo-y-resistencia","category-noticias","category-pueblos-indigenas","category-ronda-petrolera"],"a3_pvc":{"activated":true,"total_views":21,"today_views":0},"yoast_head":"<!-- This site is optimized with the Yoast SEO Premium plugin v24.2 (Yoast SEO v27.4) - https:\/\/yoast.com\/product\/yoast-seo-premium-wordpress\/ -->\n<title>La CIDH pide respeto de los derechos humanos de los pueblos ind\u00edgenas - PachaMamita Ecuador<\/title>\n<meta name=\"robots\" content=\"index, follow, max-snippet:-1, max-image-preview:large, max-video-preview:-1\" \/>\n<link rel=\"canonical\" href=\"https:\/\/pachamamitaecu.org\/es_es\/2013\/08\/12\/la-cidh-pide-respeto-de-los-derechos-humanos-de-los-pueblos-indigenas\/\" \/>\n<meta property=\"og:locale\" content=\"es_ES\" \/>\n<meta property=\"og:type\" content=\"article\" \/>\n<meta property=\"og:title\" content=\"La CIDH pide respeto de los derechos humanos de los pueblos ind\u00edgenas\" \/>\n<meta property=\"og:description\" content=\"La Comisi\u00f3n Interamericana de Derechos Humanos (CIDH) inst\u00f3 a sus Estados miembros a garantizar el pleno respeto de los derechos humanos de los pueblos ind\u00edgenas de las Am\u00e9ricas con motivo de la celebraci\u00f3n de su d\u00eda internacional, el pasado 9 de agosto. La CIDH pidi\u00f3 \u00abel pleno respeto a los derechos humanos de los pueblos [...]\" \/>\n<meta property=\"og:url\" content=\"https:\/\/pachamamitaecu.org\/es_es\/2013\/08\/12\/la-cidh-pide-respeto-de-los-derechos-humanos-de-los-pueblos-indigenas\/\" \/>\n<meta property=\"og:site_name\" content=\"PachaMamita Ecuador\" \/>\n<meta property=\"article:publisher\" content=\"https:\/\/www.facebook.com\/pachamamitaecu\" \/>\n<meta property=\"article:published_time\" content=\"2013-08-12T06:43:00+00:00\" \/>\n<meta property=\"article:modified_time\" content=\"2023-03-02T06:22:08+00:00\" \/>\n<meta property=\"og:image\" content=\"http:\/\/4.bp.blogspot.com\/--IlvHEkUQFQ\/UgiD6117shI\/AAAAAAAAEE8\/Z8aSbo-Yjhs\/s320\/adn_waorani_12_jul_2012_1+(1).jpg\" \/>\n<meta name=\"author\" content=\"PachaMamita EC\" \/>\n<meta name=\"twitter:card\" content=\"summary_large_image\" \/>\n<meta name=\"twitter:label1\" content=\"Escrito por\" \/>\n\t<meta name=\"twitter:data1\" content=\"PachaMamita EC\" \/>\n\t<meta name=\"twitter:label2\" content=\"Tiempo de lectura\" \/>\n\t<meta name=\"twitter:data2\" content=\"2 minutos\" \/>\n<script type=\"application\/ld+json\" class=\"yoast-schema-graph\">{\"@context\":\"https:\\\/\\\/schema.org\",\"@graph\":[{\"@type\":\"Article\",\"@id\":\"https:\\\/\\\/pachamamitaecu.org\\\/es_es\\\/2013\\\/08\\\/12\\\/la-cidh-pide-respeto-de-los-derechos-humanos-de-los-pueblos-indigenas\\\/#article\",\"isPartOf\":{\"@id\":\"https:\\\/\\\/pachamamitaecu.org\\\/es_es\\\/2013\\\/08\\\/12\\\/la-cidh-pide-respeto-de-los-derechos-humanos-de-los-pueblos-indigenas\\\/\"},\"author\":{\"name\":\"PachaMamita EC\",\"@id\":\"https:\\\/\\\/pachamamitaecu.org\\\/es_es\\\/#\\\/schema\\\/person\\\/e8b42afae2451fadab5e0295f02c4593\"},\"headline\":\"La CIDH pide respeto de los derechos humanos de los pueblos ind\u00edgenas\",\"datePublished\":\"2013-08-12T06:43:00+00:00\",\"dateModified\":\"2023-03-02T06:22:08+00:00\",\"mainEntityOfPage\":{\"@id\":\"https:\\\/\\\/pachamamitaecu.org\\\/es_es\\\/2013\\\/08\\\/12\\\/la-cidh-pide-respeto-de-los-derechos-humanos-de-los-pueblos-indigenas\\\/\"},\"wordCount\":400,\"publisher\":{\"@id\":\"https:\\\/\\\/pachamamitaecu.org\\\/es_es\\\/#organization\"},\"image\":{\"@id\":\"https:\\\/\\\/pachamamitaecu.org\\\/es_es\\\/2013\\\/08\\\/12\\\/la-cidh-pide-respeto-de-los-derechos-humanos-de-los-pueblos-indigenas\\\/#primaryimage\"},\"thumbnailUrl\":\"http:\\\/\\\/4.bp.blogspot.com\\\/--IlvHEkUQFQ\\\/UgiD6117shI\\\/AAAAAAAAEE8\\\/Z8aSbo-Yjhs\\\/s320\\\/adn_waorani_12_jul_2012_1+(1).jpg\",\"articleSection\":[\"cidh\",\"comision interamericana de derechos humanos\",\"consulta previa\",\"CONSUMO RESPONSABLE\",\"MADERA PETROLEO Y RESISTENCIA\",\"noticias\",\"pueblos indigenas\",\"ronda petrolera\"],\"inLanguage\":\"es\"},{\"@type\":\"WebPage\",\"@id\":\"https:\\\/\\\/pachamamitaecu.org\\\/es_es\\\/2013\\\/08\\\/12\\\/la-cidh-pide-respeto-de-los-derechos-humanos-de-los-pueblos-indigenas\\\/\",\"url\":\"https:\\\/\\\/pachamamitaecu.org\\\/es_es\\\/2013\\\/08\\\/12\\\/la-cidh-pide-respeto-de-los-derechos-humanos-de-los-pueblos-indigenas\\\/\",\"name\":\"La CIDH pide respeto de los derechos humanos de los pueblos ind\u00edgenas - PachaMamita Ecuador\",\"isPartOf\":{\"@id\":\"https:\\\/\\\/pachamamitaecu.org\\\/es_es\\\/#website\"},\"primaryImageOfPage\":{\"@id\":\"https:\\\/\\\/pachamamitaecu.org\\\/es_es\\\/2013\\\/08\\\/12\\\/la-cidh-pide-respeto-de-los-derechos-humanos-de-los-pueblos-indigenas\\\/#primaryimage\"},\"image\":{\"@id\":\"https:\\\/\\\/pachamamitaecu.org\\\/es_es\\\/2013\\\/08\\\/12\\\/la-cidh-pide-respeto-de-los-derechos-humanos-de-los-pueblos-indigenas\\\/#primaryimage\"},\"thumbnailUrl\":\"http:\\\/\\\/4.bp.blogspot.com\\\/--IlvHEkUQFQ\\\/UgiD6117shI\\\/AAAAAAAAEE8\\\/Z8aSbo-Yjhs\\\/s320\\\/adn_waorani_12_jul_2012_1+(1).jpg\",\"datePublished\":\"2013-08-12T06:43:00+00:00\",\"dateModified\":\"2023-03-02T06:22:08+00:00\",\"breadcrumb\":{\"@id\":\"https:\\\/\\\/pachamamitaecu.org\\\/es_es\\\/2013\\\/08\\\/12\\\/la-cidh-pide-respeto-de-los-derechos-humanos-de-los-pueblos-indigenas\\\/#breadcrumb\"},\"inLanguage\":\"es\",\"potentialAction\":[{\"@type\":\"ReadAction\",\"target\":[\"https:\\\/\\\/pachamamitaecu.org\\\/es_es\\\/2013\\\/08\\\/12\\\/la-cidh-pide-respeto-de-los-derechos-humanos-de-los-pueblos-indigenas\\\/\"]}]},{\"@type\":\"ImageObject\",\"inLanguage\":\"es\",\"@id\":\"https:\\\/\\\/pachamamitaecu.org\\\/es_es\\\/2013\\\/08\\\/12\\\/la-cidh-pide-respeto-de-los-derechos-humanos-de-los-pueblos-indigenas\\\/#primaryimage\",\"url\":\"http:\\\/\\\/4.bp.blogspot.com\\\/--IlvHEkUQFQ\\\/UgiD6117shI\\\/AAAAAAAAEE8\\\/Z8aSbo-Yjhs\\\/s320\\\/adn_waorani_12_jul_2012_1+(1).jpg\",\"contentUrl\":\"http:\\\/\\\/4.bp.blogspot.com\\\/--IlvHEkUQFQ\\\/UgiD6117shI\\\/AAAAAAAAEE8\\\/Z8aSbo-Yjhs\\\/s320\\\/adn_waorani_12_jul_2012_1+(1).jpg\"},{\"@type\":\"BreadcrumbList\",\"@id\":\"https:\\\/\\\/pachamamitaecu.org\\\/es_es\\\/2013\\\/08\\\/12\\\/la-cidh-pide-respeto-de-los-derechos-humanos-de-los-pueblos-indigenas\\\/#breadcrumb\",\"itemListElement\":[{\"@type\":\"ListItem\",\"position\":1,\"name\":\"Portada\",\"item\":\"https:\\\/\\\/pachamamitaecu.org\\\/es_es\\\/\"},{\"@type\":\"ListItem\",\"position\":2,\"name\":\"La CIDH pide respeto de los derechos humanos de los pueblos ind\u00edgenas\"}]},{\"@type\":\"WebSite\",\"@id\":\"https:\\\/\\\/pachamamitaecu.org\\\/es_es\\\/#website\",\"url\":\"https:\\\/\\\/pachamamitaecu.org\\\/es_es\\\/\",\"name\":\"PachaMamita Ecuador\",\"description\":\"CULTURA. AGROECOLOG\u00cdA. TURISMO Y CONSUMO RESPONSABLE-ECUADOR.\",\"publisher\":{\"@id\":\"https:\\\/\\\/pachamamitaecu.org\\\/es_es\\\/#organization\"},\"potentialAction\":[{\"@type\":\"SearchAction\",\"target\":{\"@type\":\"EntryPoint\",\"urlTemplate\":\"https:\\\/\\\/pachamamitaecu.org\\\/es_es\\\/?s={search_term_string}\"},\"query-input\":{\"@type\":\"PropertyValueSpecification\",\"valueRequired\":true,\"valueName\":\"search_term_string\"}}],\"inLanguage\":\"es\"},{\"@type\":\"Organization\",\"@id\":\"https:\\\/\\\/pachamamitaecu.org\\\/es_es\\\/#organization\",\"name\":\"PachaMamita Ecuador\",\"url\":\"https:\\\/\\\/pachamamitaecu.org\\\/es_es\\\/\",\"logo\":{\"@type\":\"ImageObject\",\"inLanguage\":\"es\",\"@id\":\"https:\\\/\\\/pachamamitaecu.org\\\/es_es\\\/#\\\/schema\\\/logo\\\/image\\\/\",\"url\":\"https:\\\/\\\/pachamamitaecu.org\\\/wp-content\\\/uploads\\\/2024\\\/04\\\/cropped-Diseno-sin-titulo-13.png\",\"contentUrl\":\"https:\\\/\\\/pachamamitaecu.org\\\/wp-content\\\/uploads\\\/2024\\\/04\\\/cropped-Diseno-sin-titulo-13.png\",\"width\":512,\"height\":512,\"caption\":\"PachaMamita Ecuador\"},\"image\":{\"@id\":\"https:\\\/\\\/pachamamitaecu.org\\\/es_es\\\/#\\\/schema\\\/logo\\\/image\\\/\"},\"sameAs\":[\"https:\\\/\\\/www.facebook.com\\\/pachamamitaecu\"]},{\"@type\":\"Person\",\"@id\":\"https:\\\/\\\/pachamamitaecu.org\\\/es_es\\\/#\\\/schema\\\/person\\\/e8b42afae2451fadab5e0295f02c4593\",\"name\":\"PachaMamita EC\",\"image\":{\"@type\":\"ImageObject\",\"inLanguage\":\"es\",\"@id\":\"https:\\\/\\\/pachamamitaecu.org\\\/wp-content\\\/litespeed\\\/avatar\\\/23494c9101089ad44ae88ce9d2f56aac.jpg?ver=1777350952\",\"url\":\"https:\\\/\\\/pachamamitaecu.org\\\/wp-content\\\/litespeed\\\/avatar\\\/23494c9101089ad44ae88ce9d2f56aac.jpg?ver=1777350952\",\"contentUrl\":\"https:\\\/\\\/pachamamitaecu.org\\\/wp-content\\\/litespeed\\\/avatar\\\/23494c9101089ad44ae88ce9d2f56aac.jpg?ver=1777350952\",\"caption\":\"PachaMamita EC\"},\"url\":\"https:\\\/\\\/pachamamitaecu.org\\\/es_es\\\/author\\\/pachamamita-ec\\\/\"}]}<\/script>\n<!-- \/ Yoast SEO Premium plugin. -->","yoast_head_json":{"title":"La CIDH pide respeto de los derechos humanos de los pueblos ind\u00edgenas - PachaMamita Ecuador","robots":{"index":"index","follow":"follow","max-snippet":"max-snippet:-1","max-image-preview":"max-image-preview:large","max-video-preview":"max-video-preview:-1"},"canonical":"https:\/\/pachamamitaecu.org\/es_es\/2013\/08\/12\/la-cidh-pide-respeto-de-los-derechos-humanos-de-los-pueblos-indigenas\/","og_locale":"es_ES","og_type":"article","og_title":"La CIDH pide respeto de los derechos humanos de los pueblos ind\u00edgenas","og_description":"La Comisi\u00f3n Interamericana de Derechos Humanos (CIDH) inst\u00f3 a sus Estados miembros a garantizar el pleno respeto de los derechos humanos de los pueblos ind\u00edgenas de las Am\u00e9ricas con motivo de la celebraci\u00f3n de su d\u00eda internacional, el pasado 9 de agosto. La CIDH pidi\u00f3 \u00abel pleno respeto a los derechos humanos de los pueblos [...]","og_url":"https:\/\/pachamamitaecu.org\/es_es\/2013\/08\/12\/la-cidh-pide-respeto-de-los-derechos-humanos-de-los-pueblos-indigenas\/","og_site_name":"PachaMamita Ecuador","article_publisher":"https:\/\/www.facebook.com\/pachamamitaecu","article_published_time":"2013-08-12T06:43:00+00:00","article_modified_time":"2023-03-02T06:22:08+00:00","og_image":[{"url":"http:\/\/4.bp.blogspot.com\/--IlvHEkUQFQ\/UgiD6117shI\/AAAAAAAAEE8\/Z8aSbo-Yjhs\/s320\/adn_waorani_12_jul_2012_1+(1).jpg","type":"","width":"","height":""}],"author":"PachaMamita EC","twitter_card":"summary_large_image","twitter_misc":{"Escrito por":"PachaMamita EC","Tiempo de lectura":"2 minutos"},"schema":{"@context":"https:\/\/schema.org","@graph":[{"@type":"Article","@id":"https:\/\/pachamamitaecu.org\/es_es\/2013\/08\/12\/la-cidh-pide-respeto-de-los-derechos-humanos-de-los-pueblos-indigenas\/#article","isPartOf":{"@id":"https:\/\/pachamamitaecu.org\/es_es\/2013\/08\/12\/la-cidh-pide-respeto-de-los-derechos-humanos-de-los-pueblos-indigenas\/"},"author":{"name":"PachaMamita EC","@id":"https:\/\/pachamamitaecu.org\/es_es\/#\/schema\/person\/e8b42afae2451fadab5e0295f02c4593"},"headline":"La CIDH pide respeto de los derechos humanos de los pueblos ind\u00edgenas","datePublished":"2013-08-12T06:43:00+00:00","dateModified":"2023-03-02T06:22:08+00:00","mainEntityOfPage":{"@id":"https:\/\/pachamamitaecu.org\/es_es\/2013\/08\/12\/la-cidh-pide-respeto-de-los-derechos-humanos-de-los-pueblos-indigenas\/"},"wordCount":400,"publisher":{"@id":"https:\/\/pachamamitaecu.org\/es_es\/#organization"},"image":{"@id":"https:\/\/pachamamitaecu.org\/es_es\/2013\/08\/12\/la-cidh-pide-respeto-de-los-derechos-humanos-de-los-pueblos-indigenas\/#primaryimage"},"thumbnailUrl":"http:\/\/4.bp.blogspot.com\/--IlvHEkUQFQ\/UgiD6117shI\/AAAAAAAAEE8\/Z8aSbo-Yjhs\/s320\/adn_waorani_12_jul_2012_1+(1).jpg","articleSection":["cidh","comision interamericana de derechos humanos","consulta previa","CONSUMO RESPONSABLE","MADERA PETROLEO Y RESISTENCIA","noticias","pueblos indigenas","ronda petrolera"],"inLanguage":"es"},{"@type":"WebPage","@id":"https:\/\/pachamamitaecu.org\/es_es\/2013\/08\/12\/la-cidh-pide-respeto-de-los-derechos-humanos-de-los-pueblos-indigenas\/","url":"https:\/\/pachamamitaecu.org\/es_es\/2013\/08\/12\/la-cidh-pide-respeto-de-los-derechos-humanos-de-los-pueblos-indigenas\/","name":"La CIDH pide respeto de los derechos humanos de los pueblos ind\u00edgenas - PachaMamita Ecuador","isPartOf":{"@id":"https:\/\/pachamamitaecu.org\/es_es\/#website"},"primaryImageOfPage":{"@id":"https:\/\/pachamamitaecu.org\/es_es\/2013\/08\/12\/la-cidh-pide-respeto-de-los-derechos-humanos-de-los-pueblos-indigenas\/#primaryimage"},"image":{"@id":"https:\/\/pachamamitaecu.org\/es_es\/2013\/08\/12\/la-cidh-pide-respeto-de-los-derechos-humanos-de-los-pueblos-indigenas\/#primaryimage"},"thumbnailUrl":"http:\/\/4.bp.blogspot.com\/--IlvHEkUQFQ\/UgiD6117shI\/AAAAAAAAEE8\/Z8aSbo-Yjhs\/s320\/adn_waorani_12_jul_2012_1+(1).jpg","datePublished":"2013-08-12T06:43:00+00:00","dateModified":"2023-03-02T06:22:08+00:00","breadcrumb":{"@id":"https:\/\/pachamamitaecu.org\/es_es\/2013\/08\/12\/la-cidh-pide-respeto-de-los-derechos-humanos-de-los-pueblos-indigenas\/#breadcrumb"},"inLanguage":"es","potentialAction":[{"@type":"ReadAction","target":["https:\/\/pachamamitaecu.org\/es_es\/2013\/08\/12\/la-cidh-pide-respeto-de-los-derechos-humanos-de-los-pueblos-indigenas\/"]}]},{"@type":"ImageObject","inLanguage":"es","@id":"https:\/\/pachamamitaecu.org\/es_es\/2013\/08\/12\/la-cidh-pide-respeto-de-los-derechos-humanos-de-los-pueblos-indigenas\/#primaryimage","url":"http:\/\/4.bp.blogspot.com\/--IlvHEkUQFQ\/UgiD6117shI\/AAAAAAAAEE8\/Z8aSbo-Yjhs\/s320\/adn_waorani_12_jul_2012_1+(1).jpg","contentUrl":"http:\/\/4.bp.blogspot.com\/--IlvHEkUQFQ\/UgiD6117shI\/AAAAAAAAEE8\/Z8aSbo-Yjhs\/s320\/adn_waorani_12_jul_2012_1+(1).jpg"},{"@type":"BreadcrumbList","@id":"https:\/\/pachamamitaecu.org\/es_es\/2013\/08\/12\/la-cidh-pide-respeto-de-los-derechos-humanos-de-los-pueblos-indigenas\/#breadcrumb","itemListElement":[{"@type":"ListItem","position":1,"name":"Portada","item":"https:\/\/pachamamitaecu.org\/es_es\/"},{"@type":"ListItem","position":2,"name":"La CIDH pide respeto de los derechos humanos de los pueblos ind\u00edgenas"}]},{"@type":"WebSite","@id":"https:\/\/pachamamitaecu.org\/es_es\/#website","url":"https:\/\/pachamamitaecu.org\/es_es\/","name":"PachaMamita Ecuador","description":"CULTURA. AGROECOLOG\u00cdA. TURISMO Y CONSUMO RESPONSABLE-ECUADOR.","publisher":{"@id":"https:\/\/pachamamitaecu.org\/es_es\/#organization"},"potentialAction":[{"@type":"SearchAction","target":{"@type":"EntryPoint","urlTemplate":"https:\/\/pachamamitaecu.org\/es_es\/?s={search_term_string}"},"query-input":{"@type":"PropertyValueSpecification","valueRequired":true,"valueName":"search_term_string"}}],"inLanguage":"es"},{"@type":"Organization","@id":"https:\/\/pachamamitaecu.org\/es_es\/#organization","name":"PachaMamita Ecuador","url":"https:\/\/pachamamitaecu.org\/es_es\/","logo":{"@type":"ImageObject","inLanguage":"es","@id":"https:\/\/pachamamitaecu.org\/es_es\/#\/schema\/logo\/image\/","url":"https:\/\/pachamamitaecu.org\/wp-content\/uploads\/2024\/04\/cropped-Diseno-sin-titulo-13.png","contentUrl":"https:\/\/pachamamitaecu.org\/wp-content\/uploads\/2024\/04\/cropped-Diseno-sin-titulo-13.png","width":512,"height":512,"caption":"PachaMamita Ecuador"},"image":{"@id":"https:\/\/pachamamitaecu.org\/es_es\/#\/schema\/logo\/image\/"},"sameAs":["https:\/\/www.facebook.com\/pachamamitaecu"]},{"@type":"Person","@id":"https:\/\/pachamamitaecu.org\/es_es\/#\/schema\/person\/e8b42afae2451fadab5e0295f02c4593","name":"PachaMamita EC","image":{"@type":"ImageObject","inLanguage":"es","@id":"https:\/\/pachamamitaecu.org\/wp-content\/litespeed\/avatar\/23494c9101089ad44ae88ce9d2f56aac.jpg?ver=1777350952","url":"https:\/\/pachamamitaecu.org\/wp-content\/litespeed\/avatar\/23494c9101089ad44ae88ce9d2f56aac.jpg?ver=1777350952","contentUrl":"https:\/\/pachamamitaecu.org\/wp-content\/litespeed\/avatar\/23494c9101089ad44ae88ce9d2f56aac.jpg?ver=1777350952","caption":"PachaMamita EC"},"url":"https:\/\/pachamamitaecu.org\/es_es\/author\/pachamamita-ec\/"}]}},"_links":{"self":[{"href":"https:\/\/pachamamitaecu.org\/es_es\/wp-json\/wp\/v2\/posts\/662","targetHints":{"allow":["GET"]}}],"collection":[{"href":"https:\/\/pachamamitaecu.org\/es_es\/wp-json\/wp\/v2\/posts"}],"about":[{"href":"https:\/\/pachamamitaecu.org\/es_es\/wp-json\/wp\/v2\/types\/post"}],"author":[{"embeddable":true,"href":"https:\/\/pachamamitaecu.org\/es_es\/wp-json\/wp\/v2\/users\/3"}],"replies":[{"embeddable":true,"href":"https:\/\/pachamamitaecu.org\/es_es\/wp-json\/wp\/v2\/comments?post=662"}],"version-history":[{"count":0,"href":"https:\/\/pachamamitaecu.org\/es_es\/wp-json\/wp\/v2\/posts\/662\/revisions"}],"wp:attachment":[{"href":"https:\/\/pachamamitaecu.org\/es_es\/wp-json\/wp\/v2\/media?parent=662"}],"wp:term":[{"taxonomy":"category","embeddable":true,"href":"https:\/\/pachamamitaecu.org\/es_es\/wp-json\/wp\/v2\/categories?post=662"},{"taxonomy":"post_tag","embeddable":true,"href":"https:\/\/pachamamitaecu.org\/es_es\/wp-json\/wp\/v2\/tags?post=662"}],"curies":[{"name":"wp","href":"https:\/\/api.w.org\/{rel}","templated":true}]}}