{"id":846,"date":"2012-09-14T13:35:00","date_gmt":"2012-09-14T13:35:00","guid":{"rendered":"http:\/\/pachamamitaecu-org-720647.hostingersite.com\/2012\/09\/14\/sarayaku-pide-coherencia-al-gobierno-y-solicita-urgente-cumplimiento-de-sentencia\/"},"modified":"2024-02-29T00:47:05","modified_gmt":"2024-02-29T00:47:05","slug":"sarayaku-pide-coherencia-al-gobierno-y-solicita-urgente-cumplimiento-de-sentencia","status":"publish","type":"post","link":"https:\/\/pachamamitaecu.org\/es_es\/2012\/09\/14\/sarayaku-pide-coherencia-al-gobierno-y-solicita-urgente-cumplimiento-de-sentencia\/","title":{"rendered":"Sarayaku pide coherencia al Gobierno y solicita urgente cumplimiento de sentencia."},"content":{"rendered":"<div style=\"clear: both; text-align: center;\"><a href=\"http:\/\/2.bp.blogspot.com\/-Dik0oOs8Vww\/UFMyNLu8KEI\/AAAAAAAACr8\/n9yAOVsbrxc\/s1600\/Consej-Gob-SARAYAKU.jpg\" style=\"clear: left; float: left; margin-bottom: 1em; margin-right: 1em;\"><img decoding=\"async\" border=\"0\" height=\"197\" data-src=\"http:\/\/2.bp.blogspot.com\/-Dik0oOs8Vww\/UFMyNLu8KEI\/AAAAAAAACr8\/n9yAOVsbrxc\/s320\/Consej-Gob-SARAYAKU.jpg\" width=\"320\" src=\"data:image\/svg+xml;base64,PHN2ZyB3aWR0aD0iMSIgaGVpZ2h0PSIxIiB4bWxucz0iaHR0cDovL3d3dy53My5vcmcvMjAwMC9zdmciPjwvc3ZnPg==\" class=\"lazyload\" style=\"--smush-placeholder-width: 320px; --smush-placeholder-aspect-ratio: 320\/197;\" \/><\/a><\/div>\n<p><span style=\"font-family: Georgia, Times New Roman, serif;\">Se\u00f1or Presidente de la Rep\u00fablica de Ecuador:<\/span><\/p>\n<div><span style=\"font-family: Georgia, 'Times New Roman', serif;\"><br \/><\/span><\/div>\n<div><span style=\"font-family: Georgia, 'Times New Roman', serif;\">&nbsp;Como es de su conocimiento, el 27 de junio de 2012, la Corte Interamericana de Derechos Humanos dict\u00f3 sentencia en el caso del Pueblo Originario Kichwa de Sarayaku contra el estado Ecuatoriano. En dicha sentencia, la Corte declar\u00f3 la responsabilidad internacional del Estado Ecuatoriano por la violaci\u00f3n en contra del Pueblo de Sarayaku, de los derechos a la consulta, a la propiedad comunal ind\u00edgena, a la identidad cultural, a las garant\u00edas judiciales y a la protecci\u00f3n judicial, as\u00ed como por haber puesto gravemente en riesgo los derechos a la vida e integridad personal de los miembros de nuestro pueblo.<\/span><\/div>\n<div><span style=\"font-family: Georgia, Times New Roman, serif;\"><br \/>La Corte tambi\u00e9n dispuso al estado Ecuatoriano el cumplimiento de un conjunto de medidas de restituci\u00f3n, satisfacci\u00f3n y garant\u00eda de no repetici\u00f3n que deben ser cumplidas a favor del Pueblo de Sarayaku y cuyas repercusiones, en varios casos, se proyectan hacia una mayor y m\u00e1s profunda protecci\u00f3n de la dignidad de los pueblos ind\u00edgenas del pa\u00eds y del continente.<\/p>\n<p>Varias de las medidas dispuestas por la Corte buscan remediar situaciones de grave riesgo para vida, como son las que se refieren al retiro de los explosivos colocados en nuestro territorio y algunas otras medidas buscan prevenir la reiteraci\u00f3n de las violaciones de derechos de los pueblos ind\u00edgenas mediante la adopci\u00f3n de medidas legislativas, administrativas o de otra \u00edndole que permitan el cumplimiento efectivo del derecho a la consulta libre, previa e informada de acuerdo a los est\u00e1ndares de derecho internacional. Dichas medidas deben ser, obligatoriamente adoptadas previa consulta y participaci\u00f3n de las comunidades.<\/p>\n<p>Sin embargo, han transcurrido ya m\u00e1s de setenta d\u00edas desde la emisi\u00f3n de la sentencia y el Gobierno que usted preside no ha establecido comunicaci\u00f3n formal con el Pueblo Kichwa de Sarayaku para empezar a coordinar el cumplimiento de la sentencia. Si bien por v\u00eda telef\u00f3nica el Ministerio de Justicia nos anunci\u00f3, el pasado jueves 6 de septiembre, su intenci\u00f3n de convocarnos a una reuni\u00f3n para conversar sobre la sentencia, dicha convocatoria no se concreta.<\/p>\n<p>La urgencia e importancia de las medidas dispuestas en la sentencia requieren que su cumplimiento se inicie inmediatamente, para evitar que las violaciones de derechos por las que el Estado fue condenado se reiteren.<\/p>\n<p>As\u00ed, nos preocupa que aunque la sentencia, en el p\u00e1rrafo 301 dispone que el Estado tome las medidas legislativas, administrativas o de otra \u00edndole, necesarias pare el efectivo ejercicio del derecho a la consulta previa de los pueblos ind\u00edgenas, modificando aquellas que lo impiden y actuando siempre con la participaci\u00f3n de los pueblos ind\u00edgenas, ahora se est\u00e9n llevando procesos de consulta a los pueblos ind\u00edgenas de nuestra propia regi\u00f3n respecto a una nueva ronda petrolera, amparados en un reglamento puesto en vigencia antes de la sentencia, sin participaci\u00f3n de las comunidades ind\u00edgenas y que no respeta los est\u00e1ndares de derechos humanos se\u00f1alados por la Corte Interamericana.<\/p>\n<p>Esto constituye una evidente contradicci\u00f3n entra la voluntad de cumplir la sentencia manifestada por su Gobierno ante la Corte Interamericana y lo que est\u00e1 sucediendo en la pr\u00e1ctica respecto al derecho a ser consultados de conformidad con el marco internacional de derechos humanos que la Corte Interamericana ha reiterado a favor de los Pueblos Ind\u00edgenas.<\/p>\n<p>Preocupados por esta situaci\u00f3n, me dirijo a usted para solicitarle que de manera urgente designe un funcionario o funcionaria de alto nivel para que se responsabilice la de la oportuna coordinaci\u00f3n con el Pueblo de Sarayaku del cumplimiento de la sentencia de la Corte Interamericana. Una vez hecha esa designaci\u00f3n se nos haga conocer a los beneficiarios de la sentencia y a la Corte Interamericana de Derechos Humanos para ponernos en contacto y empezar el proceso. De igual manera, solicitamos disponga a las autoridades del sector hidrocarbur\u00edfero que se abstengan de realizar actos que van en contra de los dispuesto en la sentencia de la Corte Interamericana de Derechos Humanos, en especial avanzar con procesos de consulta sin que previamente se haya modificado la normatividad vigente para adaptarla a los est\u00e1ndares interamericanos de derechos humanos con la participaci\u00f3n de las comunidades ind\u00edgenas.<\/p>\n<p>Hago propicia la oportunidad para expresarle, a nombre del Pueblo Originario Kichwa de Sarayaku nuestros sentimientos de consideraci\u00f3n y respeto.<br \/>Atentamente,<\/p>\n<p>Jos\u00e9 Gualinga,<br \/>TAYAK APU TAYJASARUTA, PRESIDENTE DEL PUEBLO ORIGINARIO KICHWA DE SARAYAKU \/ CC. Corte Interamericana de Derechos Humanos.<\/p>\n<p>Sarayaku, Quito, 13 de Septiembre de 2012<\/span><\/div>\n<div class=\"pvc_clear\"><\/div>\n<p id=\"pvc_stats_846\" class=\"pvc_stats total_only  \" data-element-id=\"846\" style=\"\"><i class=\"pvc-stats-icon medium\" aria-hidden=\"true\"><svg aria-hidden=\"true\" focusable=\"false\" data-prefix=\"far\" data-icon=\"chart-bar\" role=\"img\" xmlns=\"http:\/\/www.w3.org\/2000\/svg\" viewBox=\"0 0 512 512\" class=\"svg-inline--fa fa-chart-bar fa-w-16 fa-2x\"><path fill=\"currentColor\" d=\"M396.8 352h22.4c6.4 0 12.8-6.4 12.8-12.8V108.8c0-6.4-6.4-12.8-12.8-12.8h-22.4c-6.4 0-12.8 6.4-12.8 12.8v230.4c0 6.4 6.4 12.8 12.8 12.8zm-192 0h22.4c6.4 0 12.8-6.4 12.8-12.8V140.8c0-6.4-6.4-12.8-12.8-12.8h-22.4c-6.4 0-12.8 6.4-12.8 12.8v198.4c0 6.4 6.4 12.8 12.8 12.8zm96 0h22.4c6.4 0 12.8-6.4 12.8-12.8V204.8c0-6.4-6.4-12.8-12.8-12.8h-22.4c-6.4 0-12.8 6.4-12.8 12.8v134.4c0 6.4 6.4 12.8 12.8 12.8zM496 400H48V80c0-8.84-7.16-16-16-16H16C7.16 64 0 71.16 0 80v336c0 17.67 14.33 32 32 32h464c8.84 0 16-7.16 16-16v-16c0-8.84-7.16-16-16-16zm-387.2-48h22.4c6.4 0 12.8-6.4 12.8-12.8v-70.4c0-6.4-6.4-12.8-12.8-12.8h-22.4c-6.4 0-12.8 6.4-12.8 12.8v70.4c0 6.4 6.4 12.8 12.8 12.8z\" class=\"\"><\/path><\/svg><\/i> <img decoding=\"async\" width=\"16\" height=\"16\" alt=\"Loading\" data-src=\"https:\/\/pachamamitaecu.org\/wp-content\/plugins\/page-views-count\/ajax-loader-2x.gif\" border=0 src=\"data:image\/svg+xml;base64,PHN2ZyB3aWR0aD0iMSIgaGVpZ2h0PSIxIiB4bWxucz0iaHR0cDovL3d3dy53My5vcmcvMjAwMC9zdmciPjwvc3ZnPg==\" class=\"lazyload\" style=\"--smush-placeholder-width: 16px; --smush-placeholder-aspect-ratio: 16\/16;\" \/><\/p>\n<div class=\"pvc_clear\"><\/div>\n","protected":false},"excerpt":{"rendered":"<p>Se\u00f1or Presidente de la Rep\u00fablica de Ecuador: &nbsp;Como es de su conocimiento, el 27 de junio de 2012, la Corte Interamericana de Derechos Humanos dict\u00f3 sentencia en el caso del Pueblo Originario Kichwa de Sarayaku contra el estado Ecuatoriano. En dicha sentencia, la Corte declar\u00f3 la responsabilidad internacional del Estado Ecuatoriano por la violaci\u00f3n en [&#8230;]\n","protected":false},"author":3,"featured_media":0,"comment_status":"closed","ping_status":"closed","sticky":false,"template":"","format":"standard","meta":{"footnotes":""},"categories":[159,188,513,187,193,191],"tags":[],"class_list":["post-846","post","type-post","status-publish","format-standard","hentry","category-consumo-responsable","category-madera-petroleo-y-resistencia","category-pastaza","category-ronda-petrolera","category-sarayacu","category-sarayaku"],"a3_pvc":{"activated":true,"total_views":27,"today_views":0},"yoast_head":"<!-- This site is optimized with the Yoast SEO Premium plugin v24.2 (Yoast SEO v27.4) - https:\/\/yoast.com\/product\/yoast-seo-premium-wordpress\/ -->\n<title>Sarayaku pide coherencia al Gobierno y solicita urgente cumplimiento de sentencia. - PachaMamita Ecuador<\/title>\n<meta name=\"robots\" content=\"index, follow, max-snippet:-1, max-image-preview:large, max-video-preview:-1\" \/>\n<link rel=\"canonical\" href=\"https:\/\/pachamamitaecu.org\/es_es\/2012\/09\/14\/sarayaku-calls-for-consistency-from-the-government-and-requests-urgent-compliance-with-the-ruling\/\" \/>\n<meta property=\"og:locale\" content=\"es_ES\" \/>\n<meta property=\"og:type\" content=\"article\" \/>\n<meta property=\"og:title\" content=\"Sarayaku pide coherencia al Gobierno y solicita urgente cumplimiento de sentencia.\" \/>\n<meta property=\"og:description\" content=\"Se\u00f1or Presidente de la Rep\u00fablica de Ecuador: &nbsp;Como es de su conocimiento, el 27 de junio de 2012, la Corte Interamericana de Derechos Humanos dict\u00f3 sentencia en el caso del Pueblo Originario Kichwa de Sarayaku contra el estado Ecuatoriano. En dicha sentencia, la Corte declar\u00f3 la responsabilidad internacional del Estado Ecuatoriano por la violaci\u00f3n en [...]\" \/>\n<meta property=\"og:url\" content=\"https:\/\/pachamamitaecu.org\/es_es\/2012\/09\/14\/sarayaku-calls-for-consistency-from-the-government-and-requests-urgent-compliance-with-the-ruling\/\" \/>\n<meta property=\"og:site_name\" content=\"PachaMamita Ecuador\" \/>\n<meta property=\"article:publisher\" content=\"https:\/\/www.facebook.com\/pachamamitaecu\" \/>\n<meta property=\"article:published_time\" content=\"2012-09-14T13:35:00+00:00\" \/>\n<meta property=\"article:modified_time\" content=\"2024-02-29T00:47:05+00:00\" \/>\n<meta property=\"og:image\" content=\"http:\/\/2.bp.blogspot.com\/-Dik0oOs8Vww\/UFMyNLu8KEI\/AAAAAAAACr8\/n9yAOVsbrxc\/s320\/Consej-Gob-SARAYAKU.jpg\" \/>\n<meta name=\"author\" content=\"PachaMamita EC\" \/>\n<meta name=\"twitter:card\" content=\"summary_large_image\" \/>\n<meta name=\"twitter:label1\" content=\"Escrito por\" \/>\n\t<meta name=\"twitter:data1\" content=\"PachaMamita EC\" \/>\n\t<meta name=\"twitter:label2\" content=\"Tiempo de lectura\" \/>\n\t<meta name=\"twitter:data2\" content=\"4 minutos\" \/>\n<script type=\"application\/ld+json\" class=\"yoast-schema-graph\">{\"@context\":\"https:\\\/\\\/schema.org\",\"@graph\":[{\"@type\":\"Article\",\"@id\":\"https:\\\/\\\/pachamamitaecu.org\\\/en\\\/2012\\\/09\\\/14\\\/sarayaku-calls-for-consistency-from-the-government-and-requests-urgent-compliance-with-the-ruling\\\/#article\",\"isPartOf\":{\"@id\":\"https:\\\/\\\/pachamamitaecu.org\\\/en\\\/2012\\\/09\\\/14\\\/sarayaku-calls-for-consistency-from-the-government-and-requests-urgent-compliance-with-the-ruling\\\/\"},\"author\":{\"name\":\"PachaMamita EC\",\"@id\":\"https:\\\/\\\/pachamamitaecu.org\\\/es_es\\\/#\\\/schema\\\/person\\\/e8b42afae2451fadab5e0295f02c4593\"},\"headline\":\"Sarayaku pide coherencia al Gobierno y solicita urgente cumplimiento de sentencia.\",\"datePublished\":\"2012-09-14T13:35:00+00:00\",\"dateModified\":\"2024-02-29T00:47:05+00:00\",\"mainEntityOfPage\":{\"@id\":\"https:\\\/\\\/pachamamitaecu.org\\\/en\\\/2012\\\/09\\\/14\\\/sarayaku-calls-for-consistency-from-the-government-and-requests-urgent-compliance-with-the-ruling\\\/\"},\"wordCount\":773,\"publisher\":{\"@id\":\"https:\\\/\\\/pachamamitaecu.org\\\/es_es\\\/#organization\"},\"image\":{\"@id\":\"https:\\\/\\\/pachamamitaecu.org\\\/en\\\/2012\\\/09\\\/14\\\/sarayaku-calls-for-consistency-from-the-government-and-requests-urgent-compliance-with-the-ruling\\\/#primaryimage\"},\"thumbnailUrl\":\"http:\\\/\\\/2.bp.blogspot.com\\\/-Dik0oOs8Vww\\\/UFMyNLu8KEI\\\/AAAAAAAACr8\\\/n9yAOVsbrxc\\\/s320\\\/Consej-Gob-SARAYAKU.jpg\",\"articleSection\":[\"CONSUMO RESPONSABLE\",\"MADERA PETROLEO Y RESISTENCIA\",\"pastaza\",\"ronda petrolera\",\"sarayacu\",\"sarayaku\"],\"inLanguage\":\"es\"},{\"@type\":\"WebPage\",\"@id\":\"https:\\\/\\\/pachamamitaecu.org\\\/en\\\/2012\\\/09\\\/14\\\/sarayaku-calls-for-consistency-from-the-government-and-requests-urgent-compliance-with-the-ruling\\\/\",\"url\":\"https:\\\/\\\/pachamamitaecu.org\\\/en\\\/2012\\\/09\\\/14\\\/sarayaku-calls-for-consistency-from-the-government-and-requests-urgent-compliance-with-the-ruling\\\/\",\"name\":\"Sarayaku pide coherencia al Gobierno y solicita urgente cumplimiento de sentencia. - PachaMamita Ecuador\",\"isPartOf\":{\"@id\":\"https:\\\/\\\/pachamamitaecu.org\\\/es_es\\\/#website\"},\"primaryImageOfPage\":{\"@id\":\"https:\\\/\\\/pachamamitaecu.org\\\/en\\\/2012\\\/09\\\/14\\\/sarayaku-calls-for-consistency-from-the-government-and-requests-urgent-compliance-with-the-ruling\\\/#primaryimage\"},\"image\":{\"@id\":\"https:\\\/\\\/pachamamitaecu.org\\\/en\\\/2012\\\/09\\\/14\\\/sarayaku-calls-for-consistency-from-the-government-and-requests-urgent-compliance-with-the-ruling\\\/#primaryimage\"},\"thumbnailUrl\":\"http:\\\/\\\/2.bp.blogspot.com\\\/-Dik0oOs8Vww\\\/UFMyNLu8KEI\\\/AAAAAAAACr8\\\/n9yAOVsbrxc\\\/s320\\\/Consej-Gob-SARAYAKU.jpg\",\"datePublished\":\"2012-09-14T13:35:00+00:00\",\"dateModified\":\"2024-02-29T00:47:05+00:00\",\"breadcrumb\":{\"@id\":\"https:\\\/\\\/pachamamitaecu.org\\\/en\\\/2012\\\/09\\\/14\\\/sarayaku-calls-for-consistency-from-the-government-and-requests-urgent-compliance-with-the-ruling\\\/#breadcrumb\"},\"inLanguage\":\"es\",\"potentialAction\":[{\"@type\":\"ReadAction\",\"target\":[\"https:\\\/\\\/pachamamitaecu.org\\\/en\\\/2012\\\/09\\\/14\\\/sarayaku-calls-for-consistency-from-the-government-and-requests-urgent-compliance-with-the-ruling\\\/\"]}]},{\"@type\":\"ImageObject\",\"inLanguage\":\"es\",\"@id\":\"https:\\\/\\\/pachamamitaecu.org\\\/en\\\/2012\\\/09\\\/14\\\/sarayaku-calls-for-consistency-from-the-government-and-requests-urgent-compliance-with-the-ruling\\\/#primaryimage\",\"url\":\"http:\\\/\\\/2.bp.blogspot.com\\\/-Dik0oOs8Vww\\\/UFMyNLu8KEI\\\/AAAAAAAACr8\\\/n9yAOVsbrxc\\\/s320\\\/Consej-Gob-SARAYAKU.jpg\",\"contentUrl\":\"http:\\\/\\\/2.bp.blogspot.com\\\/-Dik0oOs8Vww\\\/UFMyNLu8KEI\\\/AAAAAAAACr8\\\/n9yAOVsbrxc\\\/s320\\\/Consej-Gob-SARAYAKU.jpg\"},{\"@type\":\"BreadcrumbList\",\"@id\":\"https:\\\/\\\/pachamamitaecu.org\\\/en\\\/2012\\\/09\\\/14\\\/sarayaku-calls-for-consistency-from-the-government-and-requests-urgent-compliance-with-the-ruling\\\/#breadcrumb\",\"itemListElement\":[{\"@type\":\"ListItem\",\"position\":1,\"name\":\"Portada\",\"item\":\"https:\\\/\\\/pachamamitaecu.org\\\/es_es\\\/\"},{\"@type\":\"ListItem\",\"position\":2,\"name\":\"Sarayaku pide coherencia al Gobierno y solicita urgente cumplimiento de sentencia.\"}]},{\"@type\":\"WebSite\",\"@id\":\"https:\\\/\\\/pachamamitaecu.org\\\/es_es\\\/#website\",\"url\":\"https:\\\/\\\/pachamamitaecu.org\\\/es_es\\\/\",\"name\":\"PachaMamita Ecuador\",\"description\":\"CULTURA. AGROECOLOG\u00cdA. TURISMO Y CONSUMO RESPONSABLE-ECUADOR.\",\"publisher\":{\"@id\":\"https:\\\/\\\/pachamamitaecu.org\\\/es_es\\\/#organization\"},\"potentialAction\":[{\"@type\":\"SearchAction\",\"target\":{\"@type\":\"EntryPoint\",\"urlTemplate\":\"https:\\\/\\\/pachamamitaecu.org\\\/es_es\\\/?s={search_term_string}\"},\"query-input\":{\"@type\":\"PropertyValueSpecification\",\"valueRequired\":true,\"valueName\":\"search_term_string\"}}],\"inLanguage\":\"es\"},{\"@type\":\"Organization\",\"@id\":\"https:\\\/\\\/pachamamitaecu.org\\\/es_es\\\/#organization\",\"name\":\"PachaMamita Ecuador\",\"url\":\"https:\\\/\\\/pachamamitaecu.org\\\/es_es\\\/\",\"logo\":{\"@type\":\"ImageObject\",\"inLanguage\":\"es\",\"@id\":\"https:\\\/\\\/pachamamitaecu.org\\\/es_es\\\/#\\\/schema\\\/logo\\\/image\\\/\",\"url\":\"https:\\\/\\\/pachamamitaecu.org\\\/wp-content\\\/uploads\\\/2024\\\/04\\\/cropped-Diseno-sin-titulo-13.png\",\"contentUrl\":\"https:\\\/\\\/pachamamitaecu.org\\\/wp-content\\\/uploads\\\/2024\\\/04\\\/cropped-Diseno-sin-titulo-13.png\",\"width\":512,\"height\":512,\"caption\":\"PachaMamita Ecuador\"},\"image\":{\"@id\":\"https:\\\/\\\/pachamamitaecu.org\\\/es_es\\\/#\\\/schema\\\/logo\\\/image\\\/\"},\"sameAs\":[\"https:\\\/\\\/www.facebook.com\\\/pachamamitaecu\"]},{\"@type\":\"Person\",\"@id\":\"https:\\\/\\\/pachamamitaecu.org\\\/es_es\\\/#\\\/schema\\\/person\\\/e8b42afae2451fadab5e0295f02c4593\",\"name\":\"PachaMamita EC\",\"image\":{\"@type\":\"ImageObject\",\"inLanguage\":\"es\",\"@id\":\"https:\\\/\\\/pachamamitaecu.org\\\/wp-content\\\/litespeed\\\/avatar\\\/23494c9101089ad44ae88ce9d2f56aac.jpg?ver=1777350952\",\"url\":\"https:\\\/\\\/pachamamitaecu.org\\\/wp-content\\\/litespeed\\\/avatar\\\/23494c9101089ad44ae88ce9d2f56aac.jpg?ver=1777350952\",\"contentUrl\":\"https:\\\/\\\/pachamamitaecu.org\\\/wp-content\\\/litespeed\\\/avatar\\\/23494c9101089ad44ae88ce9d2f56aac.jpg?ver=1777350952\",\"caption\":\"PachaMamita EC\"},\"url\":\"https:\\\/\\\/pachamamitaecu.org\\\/es_es\\\/author\\\/pachamamita-ec\\\/\"}]}<\/script>\n<!-- \/ Yoast SEO Premium plugin. -->","yoast_head_json":{"title":"Sarayaku pide coherencia al Gobierno y solicita urgente cumplimiento de sentencia. - PachaMamita Ecuador","robots":{"index":"index","follow":"follow","max-snippet":"max-snippet:-1","max-image-preview":"max-image-preview:large","max-video-preview":"max-video-preview:-1"},"canonical":"https:\/\/pachamamitaecu.org\/es_es\/2012\/09\/14\/sarayaku-calls-for-consistency-from-the-government-and-requests-urgent-compliance-with-the-ruling\/","og_locale":"es_ES","og_type":"article","og_title":"Sarayaku pide coherencia al Gobierno y solicita urgente cumplimiento de sentencia.","og_description":"Se\u00f1or Presidente de la Rep\u00fablica de Ecuador: &nbsp;Como es de su conocimiento, el 27 de junio de 2012, la Corte Interamericana de Derechos Humanos dict\u00f3 sentencia en el caso del Pueblo Originario Kichwa de Sarayaku contra el estado Ecuatoriano. En dicha sentencia, la Corte declar\u00f3 la responsabilidad internacional del Estado Ecuatoriano por la violaci\u00f3n en [...]","og_url":"https:\/\/pachamamitaecu.org\/es_es\/2012\/09\/14\/sarayaku-calls-for-consistency-from-the-government-and-requests-urgent-compliance-with-the-ruling\/","og_site_name":"PachaMamita Ecuador","article_publisher":"https:\/\/www.facebook.com\/pachamamitaecu","article_published_time":"2012-09-14T13:35:00+00:00","article_modified_time":"2024-02-29T00:47:05+00:00","og_image":[{"url":"http:\/\/2.bp.blogspot.com\/-Dik0oOs8Vww\/UFMyNLu8KEI\/AAAAAAAACr8\/n9yAOVsbrxc\/s320\/Consej-Gob-SARAYAKU.jpg","type":"","width":"","height":""}],"author":"PachaMamita EC","twitter_card":"summary_large_image","twitter_misc":{"Escrito por":"PachaMamita EC","Tiempo de lectura":"4 minutos"},"schema":{"@context":"https:\/\/schema.org","@graph":[{"@type":"Article","@id":"https:\/\/pachamamitaecu.org\/en\/2012\/09\/14\/sarayaku-calls-for-consistency-from-the-government-and-requests-urgent-compliance-with-the-ruling\/#article","isPartOf":{"@id":"https:\/\/pachamamitaecu.org\/en\/2012\/09\/14\/sarayaku-calls-for-consistency-from-the-government-and-requests-urgent-compliance-with-the-ruling\/"},"author":{"name":"PachaMamita EC","@id":"https:\/\/pachamamitaecu.org\/es_es\/#\/schema\/person\/e8b42afae2451fadab5e0295f02c4593"},"headline":"Sarayaku pide coherencia al Gobierno y solicita urgente cumplimiento de sentencia.","datePublished":"2012-09-14T13:35:00+00:00","dateModified":"2024-02-29T00:47:05+00:00","mainEntityOfPage":{"@id":"https:\/\/pachamamitaecu.org\/en\/2012\/09\/14\/sarayaku-calls-for-consistency-from-the-government-and-requests-urgent-compliance-with-the-ruling\/"},"wordCount":773,"publisher":{"@id":"https:\/\/pachamamitaecu.org\/es_es\/#organization"},"image":{"@id":"https:\/\/pachamamitaecu.org\/en\/2012\/09\/14\/sarayaku-calls-for-consistency-from-the-government-and-requests-urgent-compliance-with-the-ruling\/#primaryimage"},"thumbnailUrl":"http:\/\/2.bp.blogspot.com\/-Dik0oOs8Vww\/UFMyNLu8KEI\/AAAAAAAACr8\/n9yAOVsbrxc\/s320\/Consej-Gob-SARAYAKU.jpg","articleSection":["CONSUMO RESPONSABLE","MADERA PETROLEO Y RESISTENCIA","pastaza","ronda petrolera","sarayacu","sarayaku"],"inLanguage":"es"},{"@type":"WebPage","@id":"https:\/\/pachamamitaecu.org\/en\/2012\/09\/14\/sarayaku-calls-for-consistency-from-the-government-and-requests-urgent-compliance-with-the-ruling\/","url":"https:\/\/pachamamitaecu.org\/en\/2012\/09\/14\/sarayaku-calls-for-consistency-from-the-government-and-requests-urgent-compliance-with-the-ruling\/","name":"Sarayaku pide coherencia al Gobierno y solicita urgente cumplimiento de sentencia. - PachaMamita Ecuador","isPartOf":{"@id":"https:\/\/pachamamitaecu.org\/es_es\/#website"},"primaryImageOfPage":{"@id":"https:\/\/pachamamitaecu.org\/en\/2012\/09\/14\/sarayaku-calls-for-consistency-from-the-government-and-requests-urgent-compliance-with-the-ruling\/#primaryimage"},"image":{"@id":"https:\/\/pachamamitaecu.org\/en\/2012\/09\/14\/sarayaku-calls-for-consistency-from-the-government-and-requests-urgent-compliance-with-the-ruling\/#primaryimage"},"thumbnailUrl":"http:\/\/2.bp.blogspot.com\/-Dik0oOs8Vww\/UFMyNLu8KEI\/AAAAAAAACr8\/n9yAOVsbrxc\/s320\/Consej-Gob-SARAYAKU.jpg","datePublished":"2012-09-14T13:35:00+00:00","dateModified":"2024-02-29T00:47:05+00:00","breadcrumb":{"@id":"https:\/\/pachamamitaecu.org\/en\/2012\/09\/14\/sarayaku-calls-for-consistency-from-the-government-and-requests-urgent-compliance-with-the-ruling\/#breadcrumb"},"inLanguage":"es","potentialAction":[{"@type":"ReadAction","target":["https:\/\/pachamamitaecu.org\/en\/2012\/09\/14\/sarayaku-calls-for-consistency-from-the-government-and-requests-urgent-compliance-with-the-ruling\/"]}]},{"@type":"ImageObject","inLanguage":"es","@id":"https:\/\/pachamamitaecu.org\/en\/2012\/09\/14\/sarayaku-calls-for-consistency-from-the-government-and-requests-urgent-compliance-with-the-ruling\/#primaryimage","url":"http:\/\/2.bp.blogspot.com\/-Dik0oOs8Vww\/UFMyNLu8KEI\/AAAAAAAACr8\/n9yAOVsbrxc\/s320\/Consej-Gob-SARAYAKU.jpg","contentUrl":"http:\/\/2.bp.blogspot.com\/-Dik0oOs8Vww\/UFMyNLu8KEI\/AAAAAAAACr8\/n9yAOVsbrxc\/s320\/Consej-Gob-SARAYAKU.jpg"},{"@type":"BreadcrumbList","@id":"https:\/\/pachamamitaecu.org\/en\/2012\/09\/14\/sarayaku-calls-for-consistency-from-the-government-and-requests-urgent-compliance-with-the-ruling\/#breadcrumb","itemListElement":[{"@type":"ListItem","position":1,"name":"Portada","item":"https:\/\/pachamamitaecu.org\/es_es\/"},{"@type":"ListItem","position":2,"name":"Sarayaku pide coherencia al Gobierno y solicita urgente cumplimiento de sentencia."}]},{"@type":"WebSite","@id":"https:\/\/pachamamitaecu.org\/es_es\/#website","url":"https:\/\/pachamamitaecu.org\/es_es\/","name":"PachaMamita Ecuador","description":"CULTURA. AGROECOLOG\u00cdA. TURISMO Y CONSUMO RESPONSABLE-ECUADOR.","publisher":{"@id":"https:\/\/pachamamitaecu.org\/es_es\/#organization"},"potentialAction":[{"@type":"SearchAction","target":{"@type":"EntryPoint","urlTemplate":"https:\/\/pachamamitaecu.org\/es_es\/?s={search_term_string}"},"query-input":{"@type":"PropertyValueSpecification","valueRequired":true,"valueName":"search_term_string"}}],"inLanguage":"es"},{"@type":"Organization","@id":"https:\/\/pachamamitaecu.org\/es_es\/#organization","name":"PachaMamita Ecuador","url":"https:\/\/pachamamitaecu.org\/es_es\/","logo":{"@type":"ImageObject","inLanguage":"es","@id":"https:\/\/pachamamitaecu.org\/es_es\/#\/schema\/logo\/image\/","url":"https:\/\/pachamamitaecu.org\/wp-content\/uploads\/2024\/04\/cropped-Diseno-sin-titulo-13.png","contentUrl":"https:\/\/pachamamitaecu.org\/wp-content\/uploads\/2024\/04\/cropped-Diseno-sin-titulo-13.png","width":512,"height":512,"caption":"PachaMamita Ecuador"},"image":{"@id":"https:\/\/pachamamitaecu.org\/es_es\/#\/schema\/logo\/image\/"},"sameAs":["https:\/\/www.facebook.com\/pachamamitaecu"]},{"@type":"Person","@id":"https:\/\/pachamamitaecu.org\/es_es\/#\/schema\/person\/e8b42afae2451fadab5e0295f02c4593","name":"PachaMamita EC","image":{"@type":"ImageObject","inLanguage":"es","@id":"https:\/\/pachamamitaecu.org\/wp-content\/litespeed\/avatar\/23494c9101089ad44ae88ce9d2f56aac.jpg?ver=1777350952","url":"https:\/\/pachamamitaecu.org\/wp-content\/litespeed\/avatar\/23494c9101089ad44ae88ce9d2f56aac.jpg?ver=1777350952","contentUrl":"https:\/\/pachamamitaecu.org\/wp-content\/litespeed\/avatar\/23494c9101089ad44ae88ce9d2f56aac.jpg?ver=1777350952","caption":"PachaMamita EC"},"url":"https:\/\/pachamamitaecu.org\/es_es\/author\/pachamamita-ec\/"}]}},"_links":{"self":[{"href":"https:\/\/pachamamitaecu.org\/es_es\/wp-json\/wp\/v2\/posts\/846","targetHints":{"allow":["GET"]}}],"collection":[{"href":"https:\/\/pachamamitaecu.org\/es_es\/wp-json\/wp\/v2\/posts"}],"about":[{"href":"https:\/\/pachamamitaecu.org\/es_es\/wp-json\/wp\/v2\/types\/post"}],"author":[{"embeddable":true,"href":"https:\/\/pachamamitaecu.org\/es_es\/wp-json\/wp\/v2\/users\/3"}],"replies":[{"embeddable":true,"href":"https:\/\/pachamamitaecu.org\/es_es\/wp-json\/wp\/v2\/comments?post=846"}],"version-history":[{"count":0,"href":"https:\/\/pachamamitaecu.org\/es_es\/wp-json\/wp\/v2\/posts\/846\/revisions"}],"wp:attachment":[{"href":"https:\/\/pachamamitaecu.org\/es_es\/wp-json\/wp\/v2\/media?parent=846"}],"wp:term":[{"taxonomy":"category","embeddable":true,"href":"https:\/\/pachamamitaecu.org\/es_es\/wp-json\/wp\/v2\/categories?post=846"},{"taxonomy":"post_tag","embeddable":true,"href":"https:\/\/pachamamitaecu.org\/es_es\/wp-json\/wp\/v2\/tags?post=846"}],"curies":[{"name":"wp","href":"https:\/\/api.w.org\/{rel}","templated":true}]}}