{"id":858,"date":"2012-08-30T18:04:00","date_gmt":"2012-08-30T18:04:00","guid":{"rendered":"http:\/\/pachamamitaecu-org-720647.hostingersite.com\/2012\/08\/30\/empresa-nacional-minera-expulsada-de-junin-imbabura\/"},"modified":"2023-03-01T15:27:10","modified_gmt":"2023-03-01T15:27:10","slug":"empresa-nacional-minera-expulsada-de-junin-imbabura","status":"publish","type":"post","link":"https:\/\/pachamamitaecu.org\/es_es\/2012\/08\/30\/empresa-nacional-minera-expulsada-de-junin-imbabura\/","title":{"rendered":"Empresa Nacional Minera expulsada de Jun\u00edn. (Imbabura)"},"content":{"rendered":"<table cellpadding=\"0\" cellspacing=\"0\" style=\"float: right; margin-left: 1em; text-align: right;\">\n<tbody>\n<tr>\n<td style=\"text-align: center;\"><a href=\"http:\/\/1.bp.blogspot.com\/-wLuaOYy5gGk\/UDP7rxoEE0I\/AAAAAAAAAOM\/t-Rso62-zgA\/s1600\/Junin+1.jpeg\" rel=\"nofollow noopener\" style=\"clear: right; margin-bottom: 1em; margin-left: auto; margin-right: auto; outline: 0px; text-align: justify;\" target=\"_blank\"><img decoding=\"async\" border=\"0\" height=\"223\" data-src=\"http:\/\/1.bp.blogspot.com\/-wLuaOYy5gGk\/UDP7rxoEE0I\/AAAAAAAAAOM\/t-Rso62-zgA\/s400\/Junin+1.jpeg\" style=\"--smush-placeholder-width: 400px; --smush-placeholder-aspect-ratio: 400\/223;border: 0px;\" width=\"400\" src=\"data:image\/svg+xml;base64,PHN2ZyB3aWR0aD0iMSIgaGVpZ2h0PSIxIiB4bWxucz0iaHR0cDovL3d3dy53My5vcmcvMjAwMC9zdmciPjwvc3ZnPg==\" class=\"lazyload\" \/><\/a><\/td>\n<\/tr>\n<tr>\n<td style=\"text-align: center;\"><span style=\"font-family: Georgia, 'Times New Roman', serif; text-align: justify;\"><span style=\"font-size: x-small;\">Jun\u00edn. Pobladores increpan a funcionarios de ENAMI EP<\/span><\/span><\/td>\n<\/tr>\n<\/tbody>\n<\/table>\n<p><span style=\"font-family: Georgia, 'Times New Roman', serif; text-align: justify;\">Reproducci\u00f3n solicitada por moradores de Intag. (Imbabura).&nbsp;<\/span><br \/><span style=\"font-family: Georgia, 'Times New Roman', serif; text-align: justify;\"><br \/><\/span><span style=\"font-family: Georgia, 'Times New Roman', serif; text-align: justify;\">Tal como lo preve\u00edan representantes de organizaciones y gobiernos locales de Intag, la presencia de la Empresa Nacional Minera (ENAMI EP) fue rechazada en su intento de arrancar la exploraci\u00f3n en la concesi\u00f3n minera denominada Llurimagua, mundialmente conocida por el nombre de la comunidad cercana: Jun\u00edn, en la zona de Intag.<\/span><span style=\"font-family: Georgia, Times New Roman, serif;\"><\/span><\/p>\n<div style=\"text-align: justify;\"><span style=\"font-family: Georgia, Times New Roman, serif;\"><br \/><\/span><\/div>\n<div style=\"text-align: justify;\"><span style=\"font-family: Georgia, Times New Roman, serif;\">En en esta comunidad, d\u00edas atras (agosto 20), y por unanimidad de sus habitantes la ENAMI EP (Empresa Nacional Minera) fue expulsada. Hombres, mujeres y ni\u00f1os, rechazaron categ\u00f3ricamente la presencia de la empresa estatal, y de manera firme y decidida les exigieron que se retiren de la comunidad, advirtiendo que no ser\u00e1n bienvenidos en otra ocasi\u00f3n.<\/span><\/div>\n<div style=\"text-align: justify;\"><span style=\"font-family: Georgia, Times New Roman, serif;\"><br \/><\/span><\/div>\n<div style=\"text-align: justify;\"><span style=\"font-family: Georgia, Times New Roman, serif;\">Esto a ra\u00edz de que la ENAMI EP realizara una serie de reuniones en diversas comunidades de Intag. Sus objetivos eran socializar el proyecto Llurimagua, la ley minera, la \u201cminer\u00eda del siglo 21\u201d, el proceso de obtenci\u00f3n de licencia ambiental, resultados de las encuestas de percepci\u00f3n realizada, entre otros.&nbsp;<\/span><\/div>\n<div style=\"text-align: justify;\">\n<div style=\"clear: both; text-align: center;\"><\/div>\n<p><span style=\"font-family: Georgia, 'Times New Roman', serif;\">ENAMI EP en el mes de junio del presente a\u00f1o realiz\u00f3, mediante los servicios de la empresa de publicidad MARURI COMUNICACIONES, una \u201cencuesta de percepciones\u201d sobre la miner\u00eda en Intag. Dicha encuesta se aplic\u00f3 a una muestra menor que el 1% de la poblaci\u00f3n. Sin embargo, fue suficiente para que la empresa estatal organizara las charlas sin contar con el conocimiento de gobiernos locales ni cabildos. La encuesta adem\u00e1s procur\u00f3 informaci\u00f3n sobre necesidades b\u00e1sicas insatisfechas de la poblaci\u00f3n, datos que ya han sido ampliamente identificados y socializados en los planes de desarrollo y ordenamiento territorial parroquiales y cantonales, por tanto no se comprende la intencionalidad misma de la encuesta. Incluso se cuestiona al deficiente metodolog\u00eda empleada. Esto motiv\u00f3 en primera instancia el rechazo de las autoridades locales, quienes manifestaron su malestar por la arbitrariedad y falta de transparencia que demuestra la empresa p\u00fablica, y se lo plantearon directamente a los funcionarios de la empresa en estos d\u00edas.<\/span><\/div>\n<div style=\"text-align: justify;\"><span style=\"font-family: Georgia, Times New Roman, serif;\"><br \/><\/span><\/div>\n<div style=\"text-align: justify;\"><span style=\"font-family: Georgia, Times New Roman, serif;\">En las reuniones mantenidas se evidenci\u00f3 el nulo inter\u00e9s de la gente en permitir el avance de la miner\u00eda. La t\u00f3nica principal fue el reclamo por la poca transparencia y la informaci\u00f3n tergiversada e incompleta que present\u00f3 la ENAMI EP y sobre todo, la desconfianza que existe por el proceso mismo de socializaci\u00f3n y consulta.&nbsp;<\/span><\/div>\n<div style=\"text-align: justify;\"><span style=\"font-family: Georgia, Times New Roman, serif;\"><br \/><\/span><\/div>\n<div style=\"text-align: justify;\"><span style=\"font-family: Georgia, Times New Roman, serif;\">En este \u00faltimo a\u00f1o, empresas p\u00fablicas e instituciones del Estado han enga\u00f1ado a la poblaci\u00f3n y procedido de manera irregular para obtener licencias ambientales. Tal es el caso del proyecto hidroel\u00e9ctrico Manduriaco de la empresa p\u00fablica Hidroequinoccio, CELEC y el constructor Odebrecht. As\u00ed tambi\u00e9n la obtenci\u00f3n de la licencia ambiental para exploraci\u00f3n minera avanzada en la concesi\u00f3n Mandariyacu con intervenci\u00f3n de la estatal chilena CODELCO. En ambos casos la poblaci\u00f3n particip\u00f3 de procesos de consulta que no sirvieron para que sus inquietudes sean recogidas por las autoridades y mucho menos que las inconsistencias y vac\u00edos de los estudios ambientales sean subsanados. Por el contrario, luego del \u201cshow\u201d de audiencia p\u00fablica, en tiempo r\u00e9cord y violando la constituci\u00f3n y las leyes, se otorgo sendas licencias ambientales. La participaci\u00f3n de la gente a su parecer, fue para cumplir un mero formalismo, tomar la foto y brindar un s\u00e1nduche y una cola.&nbsp;<\/span><\/div>\n<div style=\"text-align: justify;\"><span style=\"font-family: Georgia, Times New Roman, serif;\"><br \/><\/span><\/div>\n<div style=\"text-align: justify;\"><span style=\"font-family: Georgia, Times New Roman, serif;\">El proceso de la ENAMI EP no parece ser diferente, pues sus funcionarios, mas de 25, no dieron respuestas satisfactorias en temas fundamentales como la participaci\u00f3n de la CODELCO en este proyecto, pese a que existen documentos oficiales que indican la entrega de estas \u00e1reas a la empresa chilena. Tampoco fueron claros sobre el proceso de consulta previa que deben realizar. As\u00ed mismo, no respondieron sobre las medidas que el Estado deber\u00eda tomar ante las irregularidades que cometen las mineras que explotan actualmente en Intag como la Cementos Selva Alegre de la transnacional La Farge, la marmolera CECAL o la mina de oro de Agroindustrial El Coraz\u00f3n. La poblaci\u00f3n cuestion\u00f3 que si no pueden dar soluciones a esos problemas, como pueden hablar de miner\u00eda responsable y abrir un nuevo frente de conflicto.<\/span><br \/><span style=\"font-family: Georgia, Times New Roman, serif;\"><br \/><\/span><\/div>\n<div style=\"text-align: justify;\"><span style=\"font-family: Georgia, Times New Roman, serif;\">Fue evidente que los funcionarios de ENAMI EP nunca imaginaron el nivel de conciencia e informaci\u00f3n actualizada de la gente de Intag. Los impactos de la miner\u00eda en los niveles ambientales, sociales y econ\u00f3micos no son un misterio para la poblaci\u00f3n y el gui\u00f3n que repiten los funcionarios de ENAMI es r\u00e1pidamente desvirtuado con ejemplos reales y conceptos irrefutables que la gente maneja luego de 15 a\u00f1os de resistir y enfrentar al Estado y las corporaciones mineras.<\/span><\/div>\n<table align=\"center\" cellpadding=\"0\" cellspacing=\"0\" style=\"float: right; margin-left: 1em; text-align: right;\">\n<tbody>\n<tr>\n<td style=\"text-align: center;\"><a href=\"http:\/\/2.bp.blogspot.com\/-ubZ1rN8wMoQ\/UDP86ExTveI\/AAAAAAAAAOc\/veJLNd6rVPE\/s1600\/Garci%25CC%2581a+Moreno+4.jpg\" style=\"margin-left: auto; margin-right: auto;\"><img decoding=\"async\" border=\"0\" data-src=\"http:\/\/2.bp.blogspot.com\/-ubZ1rN8wMoQ\/UDP86ExTveI\/AAAAAAAAAOc\/veJLNd6rVPE\/s400\/Garci%25CC%2581a+Moreno+4.jpg\" src=\"data:image\/svg+xml;base64,PHN2ZyB3aWR0aD0iMSIgaGVpZ2h0PSIxIiB4bWxucz0iaHR0cDovL3d3dy53My5vcmcvMjAwMC9zdmciPjwvc3ZnPg==\" class=\"lazyload\" \/><\/a><\/td>\n<\/tr>\n<tr>\n<td style=\"text-align: center;\">&nbsp; <span style=\"font-size: small; text-align: justify;\">Garc\u00eda Moreno. Lideresa comunitaria <br \/>expone su oposici\u00f3n a la miner\u00eda en Intag&nbsp;<\/span><\/td>\n<\/tr>\n<\/tbody>\n<\/table>\n<div style=\"text-align: justify;\"><span style=\"font-family: Georgia, Times New Roman, serif;\"><br \/><\/span><\/div>\n<div style=\"text-align: justify;\"><span style=\"font-family: Georgia, Times New Roman, serif;\">Al buen entendedor pocas palabras. \u00bfEstar\u00e1 ENAMI EP y el Gobierno en capacidad de comprender que en Intag las posibilidades de obtener una licencia social son pr\u00e1cticamente nulas? Es probable que las presiones del Gobierno central por obtener recursos y los compromisos internacionales adquiridos, le obligue a continuar en este intento, y esperemos que esto no signifique un intento de militarizar la regi\u00f3n, con consecuencias imprevisibles para el Gobierno, la sociedad y el pa\u00eds.<\/span><\/div>\n<div style=\"text-align: justify;\"><span style=\"font-family: Georgia, Times New Roman, serif;\"><br \/><\/span><\/div>\n<div style=\"text-align: justify;\"><span style=\"font-family: Georgia, Times New Roman, serif;\">Habitantes de Jun\u00edn increpan a representantes de la ENAMI en Ecuador.<\/span><\/div>\n<p><iframe allowfullscreen=\"allowfullscreen\" frameborder=\"0\" height=\"315\" data-src=\"http:\/\/www.youtube.com\/embed\/sAr4Q457dMs\" width=\"560\" src=\"data:image\/svg+xml;base64,PHN2ZyB3aWR0aD0iMSIgaGVpZ2h0PSIxIiB4bWxucz0iaHR0cDovL3d3dy53My5vcmcvMjAwMC9zdmciPjwvc3ZnPg==\" class=\"lazyload\" data-load-mode=\"1\"><\/iframe><\/p>\n<div class=\"pvc_clear\"><\/div>\n<p id=\"pvc_stats_858\" class=\"pvc_stats total_only  \" data-element-id=\"858\" style=\"\"><i class=\"pvc-stats-icon medium\" aria-hidden=\"true\"><svg aria-hidden=\"true\" focusable=\"false\" data-prefix=\"far\" data-icon=\"chart-bar\" role=\"img\" xmlns=\"http:\/\/www.w3.org\/2000\/svg\" viewBox=\"0 0 512 512\" class=\"svg-inline--fa fa-chart-bar fa-w-16 fa-2x\"><path fill=\"currentColor\" d=\"M396.8 352h22.4c6.4 0 12.8-6.4 12.8-12.8V108.8c0-6.4-6.4-12.8-12.8-12.8h-22.4c-6.4 0-12.8 6.4-12.8 12.8v230.4c0 6.4 6.4 12.8 12.8 12.8zm-192 0h22.4c6.4 0 12.8-6.4 12.8-12.8V140.8c0-6.4-6.4-12.8-12.8-12.8h-22.4c-6.4 0-12.8 6.4-12.8 12.8v198.4c0 6.4 6.4 12.8 12.8 12.8zm96 0h22.4c6.4 0 12.8-6.4 12.8-12.8V204.8c0-6.4-6.4-12.8-12.8-12.8h-22.4c-6.4 0-12.8 6.4-12.8 12.8v134.4c0 6.4 6.4 12.8 12.8 12.8zM496 400H48V80c0-8.84-7.16-16-16-16H16C7.16 64 0 71.16 0 80v336c0 17.67 14.33 32 32 32h464c8.84 0 16-7.16 16-16v-16c0-8.84-7.16-16-16-16zm-387.2-48h22.4c6.4 0 12.8-6.4 12.8-12.8v-70.4c0-6.4-6.4-12.8-12.8-12.8h-22.4c-6.4 0-12.8 6.4-12.8 12.8v70.4c0 6.4 6.4 12.8 12.8 12.8z\" class=\"\"><\/path><\/svg><\/i> <img decoding=\"async\" width=\"16\" height=\"16\" alt=\"Loading\" data-src=\"https:\/\/pachamamitaecu.org\/wp-content\/plugins\/page-views-count\/ajax-loader-2x.gif\" border=0 src=\"data:image\/svg+xml;base64,PHN2ZyB3aWR0aD0iMSIgaGVpZ2h0PSIxIiB4bWxucz0iaHR0cDovL3d3dy53My5vcmcvMjAwMC9zdmciPjwvc3ZnPg==\" class=\"lazyload\" style=\"--smush-placeholder-width: 16px; --smush-placeholder-aspect-ratio: 16\/16;\" \/><\/p>\n<div class=\"pvc_clear\"><\/div>\n","protected":false},"excerpt":{"rendered":"<p>Jun\u00edn. Pobladores increpan a funcionarios de ENAMI EP Reproducci\u00f3n solicitada por moradores de Intag. (Imbabura).&nbsp;Tal como lo preve\u00edan representantes de organizaciones y gobiernos locales de Intag, la presencia de la Empresa Nacional Minera (ENAMI EP) fue rechazada en su intento de arrancar la exploraci\u00f3n en la concesi\u00f3n minera denominada Llurimagua, mundialmente conocida por el nombre [&#8230;]\n","protected":false},"author":3,"featured_media":0,"comment_status":"open","ping_status":"closed","sticky":false,"template":"","format":"standard","meta":{"footnotes":""},"categories":[159,194,280,279,278,264],"tags":[],"class_list":["post-858","post","type-post","status-publish","format-standard","hentry","category-consumo-responsable","category-megamineria","category-mineria","category-mineria-cielo-abierto","category-mineria-ecuador","category-noticias"],"a3_pvc":{"activated":true,"total_views":33,"today_views":0},"yoast_head":"<!-- This site is optimized with the Yoast SEO Premium plugin v24.2 (Yoast SEO v27.4) - https:\/\/yoast.com\/product\/yoast-seo-premium-wordpress\/ -->\n<title>Empresa Nacional Minera expulsada de Jun\u00edn. (Imbabura) - PachaMamita Ecuador<\/title>\n<meta name=\"robots\" content=\"index, follow, max-snippet:-1, max-image-preview:large, max-video-preview:-1\" \/>\n<link rel=\"canonical\" href=\"https:\/\/pachamamitaecu.org\/es_es\/2012\/08\/30\/empresa-nacional-minera-expulsada-de-junin-imbabura\/\" \/>\n<meta property=\"og:locale\" content=\"es_ES\" \/>\n<meta property=\"og:type\" content=\"article\" \/>\n<meta property=\"og:title\" content=\"Empresa Nacional Minera expulsada de Jun\u00edn. (Imbabura)\" \/>\n<meta property=\"og:description\" content=\"Jun\u00edn. Pobladores increpan a funcionarios de ENAMI EP Reproducci\u00f3n solicitada por moradores de Intag. (Imbabura).&nbsp;Tal como lo preve\u00edan representantes de organizaciones y gobiernos locales de Intag, la presencia de la Empresa Nacional Minera (ENAMI EP) fue rechazada en su intento de arrancar la exploraci\u00f3n en la concesi\u00f3n minera denominada Llurimagua, mundialmente conocida por el nombre [...]\" \/>\n<meta property=\"og:url\" content=\"https:\/\/pachamamitaecu.org\/es_es\/2012\/08\/30\/empresa-nacional-minera-expulsada-de-junin-imbabura\/\" \/>\n<meta property=\"og:site_name\" content=\"PachaMamita Ecuador\" \/>\n<meta property=\"article:publisher\" content=\"https:\/\/www.facebook.com\/pachamamitaecu\" \/>\n<meta property=\"article:published_time\" content=\"2012-08-30T18:04:00+00:00\" \/>\n<meta property=\"article:modified_time\" content=\"2023-03-01T15:27:10+00:00\" \/>\n<meta property=\"og:image\" content=\"http:\/\/1.bp.blogspot.com\/-wLuaOYy5gGk\/UDP7rxoEE0I\/AAAAAAAAAOM\/t-Rso62-zgA\/s400\/Junin+1.jpeg\" \/>\n<meta name=\"author\" content=\"PachaMamita EC\" \/>\n<meta name=\"twitter:card\" content=\"summary_large_image\" \/>\n<meta name=\"twitter:label1\" content=\"Escrito por\" \/>\n\t<meta name=\"twitter:data1\" content=\"PachaMamita EC\" \/>\n\t<meta name=\"twitter:label2\" content=\"Tiempo de lectura\" \/>\n\t<meta name=\"twitter:data2\" content=\"5 minutos\" \/>\n<script type=\"application\/ld+json\" class=\"yoast-schema-graph\">{\"@context\":\"https:\\\/\\\/schema.org\",\"@graph\":[{\"@type\":\"Article\",\"@id\":\"https:\\\/\\\/pachamamitaecu.org\\\/es_es\\\/2012\\\/08\\\/30\\\/empresa-nacional-minera-expulsada-de-junin-imbabura\\\/#article\",\"isPartOf\":{\"@id\":\"https:\\\/\\\/pachamamitaecu.org\\\/es_es\\\/2012\\\/08\\\/30\\\/empresa-nacional-minera-expulsada-de-junin-imbabura\\\/\"},\"author\":{\"name\":\"PachaMamita EC\",\"@id\":\"https:\\\/\\\/pachamamitaecu.org\\\/es_es\\\/#\\\/schema\\\/person\\\/e8b42afae2451fadab5e0295f02c4593\"},\"headline\":\"Empresa Nacional Minera expulsada de Jun\u00edn. (Imbabura)\",\"datePublished\":\"2012-08-30T18:04:00+00:00\",\"dateModified\":\"2023-03-01T15:27:10+00:00\",\"mainEntityOfPage\":{\"@id\":\"https:\\\/\\\/pachamamitaecu.org\\\/es_es\\\/2012\\\/08\\\/30\\\/empresa-nacional-minera-expulsada-de-junin-imbabura\\\/\"},\"wordCount\":914,\"commentCount\":0,\"publisher\":{\"@id\":\"https:\\\/\\\/pachamamitaecu.org\\\/es_es\\\/#organization\"},\"image\":{\"@id\":\"https:\\\/\\\/pachamamitaecu.org\\\/es_es\\\/2012\\\/08\\\/30\\\/empresa-nacional-minera-expulsada-de-junin-imbabura\\\/#primaryimage\"},\"thumbnailUrl\":\"http:\\\/\\\/1.bp.blogspot.com\\\/-wLuaOYy5gGk\\\/UDP7rxoEE0I\\\/AAAAAAAAAOM\\\/t-Rso62-zgA\\\/s400\\\/Junin+1.jpeg\",\"articleSection\":[\"CONSUMO RESPONSABLE\",\"megamineria\",\"mineria\",\"mineria cielo abierto\",\"mineria ecuador\",\"noticias\"],\"inLanguage\":\"es\",\"potentialAction\":[{\"@type\":\"CommentAction\",\"name\":\"Comment\",\"target\":[\"https:\\\/\\\/pachamamitaecu.org\\\/es_es\\\/2012\\\/08\\\/30\\\/empresa-nacional-minera-expulsada-de-junin-imbabura\\\/#respond\"]}]},{\"@type\":\"WebPage\",\"@id\":\"https:\\\/\\\/pachamamitaecu.org\\\/es_es\\\/2012\\\/08\\\/30\\\/empresa-nacional-minera-expulsada-de-junin-imbabura\\\/\",\"url\":\"https:\\\/\\\/pachamamitaecu.org\\\/es_es\\\/2012\\\/08\\\/30\\\/empresa-nacional-minera-expulsada-de-junin-imbabura\\\/\",\"name\":\"Empresa Nacional Minera expulsada de Jun\u00edn. (Imbabura) - PachaMamita Ecuador\",\"isPartOf\":{\"@id\":\"https:\\\/\\\/pachamamitaecu.org\\\/es_es\\\/#website\"},\"primaryImageOfPage\":{\"@id\":\"https:\\\/\\\/pachamamitaecu.org\\\/es_es\\\/2012\\\/08\\\/30\\\/empresa-nacional-minera-expulsada-de-junin-imbabura\\\/#primaryimage\"},\"image\":{\"@id\":\"https:\\\/\\\/pachamamitaecu.org\\\/es_es\\\/2012\\\/08\\\/30\\\/empresa-nacional-minera-expulsada-de-junin-imbabura\\\/#primaryimage\"},\"thumbnailUrl\":\"http:\\\/\\\/1.bp.blogspot.com\\\/-wLuaOYy5gGk\\\/UDP7rxoEE0I\\\/AAAAAAAAAOM\\\/t-Rso62-zgA\\\/s400\\\/Junin+1.jpeg\",\"datePublished\":\"2012-08-30T18:04:00+00:00\",\"dateModified\":\"2023-03-01T15:27:10+00:00\",\"breadcrumb\":{\"@id\":\"https:\\\/\\\/pachamamitaecu.org\\\/es_es\\\/2012\\\/08\\\/30\\\/empresa-nacional-minera-expulsada-de-junin-imbabura\\\/#breadcrumb\"},\"inLanguage\":\"es\",\"potentialAction\":[{\"@type\":\"ReadAction\",\"target\":[\"https:\\\/\\\/pachamamitaecu.org\\\/es_es\\\/2012\\\/08\\\/30\\\/empresa-nacional-minera-expulsada-de-junin-imbabura\\\/\"]}]},{\"@type\":\"ImageObject\",\"inLanguage\":\"es\",\"@id\":\"https:\\\/\\\/pachamamitaecu.org\\\/es_es\\\/2012\\\/08\\\/30\\\/empresa-nacional-minera-expulsada-de-junin-imbabura\\\/#primaryimage\",\"url\":\"http:\\\/\\\/1.bp.blogspot.com\\\/-wLuaOYy5gGk\\\/UDP7rxoEE0I\\\/AAAAAAAAAOM\\\/t-Rso62-zgA\\\/s400\\\/Junin+1.jpeg\",\"contentUrl\":\"http:\\\/\\\/1.bp.blogspot.com\\\/-wLuaOYy5gGk\\\/UDP7rxoEE0I\\\/AAAAAAAAAOM\\\/t-Rso62-zgA\\\/s400\\\/Junin+1.jpeg\"},{\"@type\":\"BreadcrumbList\",\"@id\":\"https:\\\/\\\/pachamamitaecu.org\\\/es_es\\\/2012\\\/08\\\/30\\\/empresa-nacional-minera-expulsada-de-junin-imbabura\\\/#breadcrumb\",\"itemListElement\":[{\"@type\":\"ListItem\",\"position\":1,\"name\":\"Portada\",\"item\":\"https:\\\/\\\/pachamamitaecu.org\\\/es_es\\\/\"},{\"@type\":\"ListItem\",\"position\":2,\"name\":\"Empresa Nacional Minera expulsada de Jun\u00edn. (Imbabura)\"}]},{\"@type\":\"WebSite\",\"@id\":\"https:\\\/\\\/pachamamitaecu.org\\\/es_es\\\/#website\",\"url\":\"https:\\\/\\\/pachamamitaecu.org\\\/es_es\\\/\",\"name\":\"PachaMamita Ecuador\",\"description\":\"CULTURA. AGROECOLOG\u00cdA. TURISMO Y CONSUMO RESPONSABLE-ECUADOR.\",\"publisher\":{\"@id\":\"https:\\\/\\\/pachamamitaecu.org\\\/es_es\\\/#organization\"},\"potentialAction\":[{\"@type\":\"SearchAction\",\"target\":{\"@type\":\"EntryPoint\",\"urlTemplate\":\"https:\\\/\\\/pachamamitaecu.org\\\/es_es\\\/?s={search_term_string}\"},\"query-input\":{\"@type\":\"PropertyValueSpecification\",\"valueRequired\":true,\"valueName\":\"search_term_string\"}}],\"inLanguage\":\"es\"},{\"@type\":\"Organization\",\"@id\":\"https:\\\/\\\/pachamamitaecu.org\\\/es_es\\\/#organization\",\"name\":\"PachaMamita Ecuador\",\"url\":\"https:\\\/\\\/pachamamitaecu.org\\\/es_es\\\/\",\"logo\":{\"@type\":\"ImageObject\",\"inLanguage\":\"es\",\"@id\":\"https:\\\/\\\/pachamamitaecu.org\\\/es_es\\\/#\\\/schema\\\/logo\\\/image\\\/\",\"url\":\"https:\\\/\\\/pachamamitaecu.org\\\/wp-content\\\/uploads\\\/2024\\\/04\\\/cropped-Diseno-sin-titulo-13.png\",\"contentUrl\":\"https:\\\/\\\/pachamamitaecu.org\\\/wp-content\\\/uploads\\\/2024\\\/04\\\/cropped-Diseno-sin-titulo-13.png\",\"width\":512,\"height\":512,\"caption\":\"PachaMamita Ecuador\"},\"image\":{\"@id\":\"https:\\\/\\\/pachamamitaecu.org\\\/es_es\\\/#\\\/schema\\\/logo\\\/image\\\/\"},\"sameAs\":[\"https:\\\/\\\/www.facebook.com\\\/pachamamitaecu\"]},{\"@type\":\"Person\",\"@id\":\"https:\\\/\\\/pachamamitaecu.org\\\/es_es\\\/#\\\/schema\\\/person\\\/e8b42afae2451fadab5e0295f02c4593\",\"name\":\"PachaMamita EC\",\"image\":{\"@type\":\"ImageObject\",\"inLanguage\":\"es\",\"@id\":\"https:\\\/\\\/pachamamitaecu.org\\\/wp-content\\\/litespeed\\\/avatar\\\/23494c9101089ad44ae88ce9d2f56aac.jpg?ver=1777350952\",\"url\":\"https:\\\/\\\/pachamamitaecu.org\\\/wp-content\\\/litespeed\\\/avatar\\\/23494c9101089ad44ae88ce9d2f56aac.jpg?ver=1777350952\",\"contentUrl\":\"https:\\\/\\\/pachamamitaecu.org\\\/wp-content\\\/litespeed\\\/avatar\\\/23494c9101089ad44ae88ce9d2f56aac.jpg?ver=1777350952\",\"caption\":\"PachaMamita EC\"},\"url\":\"https:\\\/\\\/pachamamitaecu.org\\\/es_es\\\/author\\\/pachamamita-ec\\\/\"}]}<\/script>\n<!-- \/ Yoast SEO Premium plugin. -->","yoast_head_json":{"title":"Empresa Nacional Minera expulsada de Jun\u00edn. (Imbabura) - PachaMamita Ecuador","robots":{"index":"index","follow":"follow","max-snippet":"max-snippet:-1","max-image-preview":"max-image-preview:large","max-video-preview":"max-video-preview:-1"},"canonical":"https:\/\/pachamamitaecu.org\/es_es\/2012\/08\/30\/empresa-nacional-minera-expulsada-de-junin-imbabura\/","og_locale":"es_ES","og_type":"article","og_title":"Empresa Nacional Minera expulsada de Jun\u00edn. (Imbabura)","og_description":"Jun\u00edn. Pobladores increpan a funcionarios de ENAMI EP Reproducci\u00f3n solicitada por moradores de Intag. (Imbabura).&nbsp;Tal como lo preve\u00edan representantes de organizaciones y gobiernos locales de Intag, la presencia de la Empresa Nacional Minera (ENAMI EP) fue rechazada en su intento de arrancar la exploraci\u00f3n en la concesi\u00f3n minera denominada Llurimagua, mundialmente conocida por el nombre [...]","og_url":"https:\/\/pachamamitaecu.org\/es_es\/2012\/08\/30\/empresa-nacional-minera-expulsada-de-junin-imbabura\/","og_site_name":"PachaMamita Ecuador","article_publisher":"https:\/\/www.facebook.com\/pachamamitaecu","article_published_time":"2012-08-30T18:04:00+00:00","article_modified_time":"2023-03-01T15:27:10+00:00","og_image":[{"url":"http:\/\/1.bp.blogspot.com\/-wLuaOYy5gGk\/UDP7rxoEE0I\/AAAAAAAAAOM\/t-Rso62-zgA\/s400\/Junin+1.jpeg","type":"","width":"","height":""}],"author":"PachaMamita EC","twitter_card":"summary_large_image","twitter_misc":{"Escrito por":"PachaMamita EC","Tiempo de lectura":"5 minutos"},"schema":{"@context":"https:\/\/schema.org","@graph":[{"@type":"Article","@id":"https:\/\/pachamamitaecu.org\/es_es\/2012\/08\/30\/empresa-nacional-minera-expulsada-de-junin-imbabura\/#article","isPartOf":{"@id":"https:\/\/pachamamitaecu.org\/es_es\/2012\/08\/30\/empresa-nacional-minera-expulsada-de-junin-imbabura\/"},"author":{"name":"PachaMamita EC","@id":"https:\/\/pachamamitaecu.org\/es_es\/#\/schema\/person\/e8b42afae2451fadab5e0295f02c4593"},"headline":"Empresa Nacional Minera expulsada de Jun\u00edn. (Imbabura)","datePublished":"2012-08-30T18:04:00+00:00","dateModified":"2023-03-01T15:27:10+00:00","mainEntityOfPage":{"@id":"https:\/\/pachamamitaecu.org\/es_es\/2012\/08\/30\/empresa-nacional-minera-expulsada-de-junin-imbabura\/"},"wordCount":914,"commentCount":0,"publisher":{"@id":"https:\/\/pachamamitaecu.org\/es_es\/#organization"},"image":{"@id":"https:\/\/pachamamitaecu.org\/es_es\/2012\/08\/30\/empresa-nacional-minera-expulsada-de-junin-imbabura\/#primaryimage"},"thumbnailUrl":"http:\/\/1.bp.blogspot.com\/-wLuaOYy5gGk\/UDP7rxoEE0I\/AAAAAAAAAOM\/t-Rso62-zgA\/s400\/Junin+1.jpeg","articleSection":["CONSUMO RESPONSABLE","megamineria","mineria","mineria cielo abierto","mineria ecuador","noticias"],"inLanguage":"es","potentialAction":[{"@type":"CommentAction","name":"Comment","target":["https:\/\/pachamamitaecu.org\/es_es\/2012\/08\/30\/empresa-nacional-minera-expulsada-de-junin-imbabura\/#respond"]}]},{"@type":"WebPage","@id":"https:\/\/pachamamitaecu.org\/es_es\/2012\/08\/30\/empresa-nacional-minera-expulsada-de-junin-imbabura\/","url":"https:\/\/pachamamitaecu.org\/es_es\/2012\/08\/30\/empresa-nacional-minera-expulsada-de-junin-imbabura\/","name":"Empresa Nacional Minera expulsada de Jun\u00edn. (Imbabura) - PachaMamita Ecuador","isPartOf":{"@id":"https:\/\/pachamamitaecu.org\/es_es\/#website"},"primaryImageOfPage":{"@id":"https:\/\/pachamamitaecu.org\/es_es\/2012\/08\/30\/empresa-nacional-minera-expulsada-de-junin-imbabura\/#primaryimage"},"image":{"@id":"https:\/\/pachamamitaecu.org\/es_es\/2012\/08\/30\/empresa-nacional-minera-expulsada-de-junin-imbabura\/#primaryimage"},"thumbnailUrl":"http:\/\/1.bp.blogspot.com\/-wLuaOYy5gGk\/UDP7rxoEE0I\/AAAAAAAAAOM\/t-Rso62-zgA\/s400\/Junin+1.jpeg","datePublished":"2012-08-30T18:04:00+00:00","dateModified":"2023-03-01T15:27:10+00:00","breadcrumb":{"@id":"https:\/\/pachamamitaecu.org\/es_es\/2012\/08\/30\/empresa-nacional-minera-expulsada-de-junin-imbabura\/#breadcrumb"},"inLanguage":"es","potentialAction":[{"@type":"ReadAction","target":["https:\/\/pachamamitaecu.org\/es_es\/2012\/08\/30\/empresa-nacional-minera-expulsada-de-junin-imbabura\/"]}]},{"@type":"ImageObject","inLanguage":"es","@id":"https:\/\/pachamamitaecu.org\/es_es\/2012\/08\/30\/empresa-nacional-minera-expulsada-de-junin-imbabura\/#primaryimage","url":"http:\/\/1.bp.blogspot.com\/-wLuaOYy5gGk\/UDP7rxoEE0I\/AAAAAAAAAOM\/t-Rso62-zgA\/s400\/Junin+1.jpeg","contentUrl":"http:\/\/1.bp.blogspot.com\/-wLuaOYy5gGk\/UDP7rxoEE0I\/AAAAAAAAAOM\/t-Rso62-zgA\/s400\/Junin+1.jpeg"},{"@type":"BreadcrumbList","@id":"https:\/\/pachamamitaecu.org\/es_es\/2012\/08\/30\/empresa-nacional-minera-expulsada-de-junin-imbabura\/#breadcrumb","itemListElement":[{"@type":"ListItem","position":1,"name":"Portada","item":"https:\/\/pachamamitaecu.org\/es_es\/"},{"@type":"ListItem","position":2,"name":"Empresa Nacional Minera expulsada de Jun\u00edn. (Imbabura)"}]},{"@type":"WebSite","@id":"https:\/\/pachamamitaecu.org\/es_es\/#website","url":"https:\/\/pachamamitaecu.org\/es_es\/","name":"PachaMamita Ecuador","description":"CULTURA. AGROECOLOG\u00cdA. TURISMO Y CONSUMO RESPONSABLE-ECUADOR.","publisher":{"@id":"https:\/\/pachamamitaecu.org\/es_es\/#organization"},"potentialAction":[{"@type":"SearchAction","target":{"@type":"EntryPoint","urlTemplate":"https:\/\/pachamamitaecu.org\/es_es\/?s={search_term_string}"},"query-input":{"@type":"PropertyValueSpecification","valueRequired":true,"valueName":"search_term_string"}}],"inLanguage":"es"},{"@type":"Organization","@id":"https:\/\/pachamamitaecu.org\/es_es\/#organization","name":"PachaMamita Ecuador","url":"https:\/\/pachamamitaecu.org\/es_es\/","logo":{"@type":"ImageObject","inLanguage":"es","@id":"https:\/\/pachamamitaecu.org\/es_es\/#\/schema\/logo\/image\/","url":"https:\/\/pachamamitaecu.org\/wp-content\/uploads\/2024\/04\/cropped-Diseno-sin-titulo-13.png","contentUrl":"https:\/\/pachamamitaecu.org\/wp-content\/uploads\/2024\/04\/cropped-Diseno-sin-titulo-13.png","width":512,"height":512,"caption":"PachaMamita Ecuador"},"image":{"@id":"https:\/\/pachamamitaecu.org\/es_es\/#\/schema\/logo\/image\/"},"sameAs":["https:\/\/www.facebook.com\/pachamamitaecu"]},{"@type":"Person","@id":"https:\/\/pachamamitaecu.org\/es_es\/#\/schema\/person\/e8b42afae2451fadab5e0295f02c4593","name":"PachaMamita EC","image":{"@type":"ImageObject","inLanguage":"es","@id":"https:\/\/pachamamitaecu.org\/wp-content\/litespeed\/avatar\/23494c9101089ad44ae88ce9d2f56aac.jpg?ver=1777350952","url":"https:\/\/pachamamitaecu.org\/wp-content\/litespeed\/avatar\/23494c9101089ad44ae88ce9d2f56aac.jpg?ver=1777350952","contentUrl":"https:\/\/pachamamitaecu.org\/wp-content\/litespeed\/avatar\/23494c9101089ad44ae88ce9d2f56aac.jpg?ver=1777350952","caption":"PachaMamita EC"},"url":"https:\/\/pachamamitaecu.org\/es_es\/author\/pachamamita-ec\/"}]}},"_links":{"self":[{"href":"https:\/\/pachamamitaecu.org\/es_es\/wp-json\/wp\/v2\/posts\/858","targetHints":{"allow":["GET"]}}],"collection":[{"href":"https:\/\/pachamamitaecu.org\/es_es\/wp-json\/wp\/v2\/posts"}],"about":[{"href":"https:\/\/pachamamitaecu.org\/es_es\/wp-json\/wp\/v2\/types\/post"}],"author":[{"embeddable":true,"href":"https:\/\/pachamamitaecu.org\/es_es\/wp-json\/wp\/v2\/users\/3"}],"replies":[{"embeddable":true,"href":"https:\/\/pachamamitaecu.org\/es_es\/wp-json\/wp\/v2\/comments?post=858"}],"version-history":[{"count":0,"href":"https:\/\/pachamamitaecu.org\/es_es\/wp-json\/wp\/v2\/posts\/858\/revisions"}],"wp:attachment":[{"href":"https:\/\/pachamamitaecu.org\/es_es\/wp-json\/wp\/v2\/media?parent=858"}],"wp:term":[{"taxonomy":"category","embeddable":true,"href":"https:\/\/pachamamitaecu.org\/es_es\/wp-json\/wp\/v2\/categories?post=858"},{"taxonomy":"post_tag","embeddable":true,"href":"https:\/\/pachamamitaecu.org\/es_es\/wp-json\/wp\/v2\/tags?post=858"}],"curies":[{"name":"wp","href":"https:\/\/api.w.org\/{rel}","templated":true}]}}