{"id":888,"date":"2012-07-16T15:56:00","date_gmt":"2012-07-16T15:56:00","guid":{"rendered":"http:\/\/pachamamitaecu-org-720647.hostingersite.com\/2012\/07\/16\/proyecto-hidrotambo-persiste-hostigamiento-a-campesinos-de-san-pablo-de-amali-prov-de-bolivar\/"},"modified":"2012-07-16T15:56:00","modified_gmt":"2012-07-16T15:56:00","slug":"proyecto-hidrotambo-persiste-hostigamiento-a-campesinos-de-san-pablo-de-amali-prov-de-bolivar","status":"publish","type":"post","link":"https:\/\/pachamamitaecu.org\/es_es\/2012\/07\/16\/proyecto-hidrotambo-persiste-hostigamiento-a-campesinos-de-san-pablo-de-amali-prov-de-bolivar\/","title":{"rendered":"PROYECTO HIDROTAMBO: Persiste hostigamiento a campesinos de San Pablo de Amal\u00ed, Prov. de Bol\u00edvar."},"content":{"rendered":"<p><\/p>\n<div style=\"clear: both; text-align: center;\"><a href=\"http:\/\/4.bp.blogspot.com\/-8DJvSEOxIkA\/UAQ5FwhK3BI\/AAAAAAAACTI\/QYYbbJBumV0\/s1600\/securedownload.jpg\" style=\"clear: left; float: left; margin-bottom: 1em; margin-right: 1em; text-align: justify;\"><img decoding=\"async\" border=\"0\" height=\"320\" data-src=\"http:\/\/4.bp.blogspot.com\/-8DJvSEOxIkA\/UAQ5FwhK3BI\/AAAAAAAACTI\/QYYbbJBumV0\/s320\/securedownload.jpg\" width=\"245\" src=\"data:image\/svg+xml;base64,PHN2ZyB3aWR0aD0iMSIgaGVpZ2h0PSIxIiB4bWxucz0iaHR0cDovL3d3dy53My5vcmcvMjAwMC9zdmciPjwvc3ZnPg==\" class=\"lazyload\" style=\"--smush-placeholder-width: 245px; --smush-placeholder-aspect-ratio: 245\/320;\" \/><\/a><\/div>\n<p><span style=\"font-family: Georgia, 'Times New Roman', serif;\"><\/span><\/p>\n<div style=\"text-align: justify;\"><span style=\"font-family: Georgia, 'Times New Roman', serif;\"><span style=\"background-color: white;\">En San Pablo de Amal\u00ed contin\u00faa la presi\u00f3n por Hidrotambo<\/span><\/span><\/div>\n<p><span style=\"font-family: Georgia, 'Times New Roman', serif;\"><\/p>\n<div style=\"text-align: justify;\"><\/div>\n<div style=\"text-align: justify;\"><span style=\"background-color: white;\">Luego de que en semanas anteriores fueran detenidos dos miembros de la Comunidad San Pablo de Amal\u00ed por resistir y evitar la destrucci\u00f3n de sus cultivos por la construcci\u00f3n de un proyecto hidroel\u00e9ctrico a cargo de la empresa privada Hidrotambo S.A., una comisi\u00f3n de afectados de la zona fue recibida en la Presidencia de la Rep\u00fablica.<\/span><\/div>\n<div style=\"text-align: justify;\"><\/div>\n<div style=\"text-align: justify;\"><span style=\"background-color: white;\">El pasado lunes nueve de Julio se dieron cita al menos un centenar de moradores y afectados del sector en la Plaza de la Independencia, en la ciudad de Quito. Vinieron desde la Provincia de Bol\u00edvar para denunciar el hostigamiento y la represi\u00f3n que seg\u00fan ellos, han venido sufriendo estos \u00faltimos meses. Sus quejas fueron presentadas a Mario de la Torre que fue el funcionario de la Presidencia de la Rep\u00fablica que los atendi\u00f3; tambi\u00e9n dejaron sus denuncias en Ministerio del Interior. Indican que esta es la tercera denuncia que presentan en la Presidencia; De La Torre anunci\u00f3 que se enviar\u00e1 una comisi\u00f3n especial para investigar los hechos denunciados.<\/span><\/div>\n<div style=\"text-align: justify;\"><\/div>\n<div style=\"text-align: justify;\"><span style=\"background-color: white;\">Por otro lado, en el oficio PR-SSDES-2012-025863-O, enviado por la Presidencia de la Rep\u00fablica el pasado 24 de Mayo,  se pide un informe sobre la situaci\u00f3n de San Pablo de Amal\u00ed a Esteban Albornoz (Ministro de Electricidad y Energ\u00eda Renovable). Sin Embargo, la compa\u00f1\u00eda privada Hidrotambo S.A., ingres\u00f3 a los terrenos de Ferm\u00edn Galeas sin su autorizaci\u00f3n, y sin haber culminado el juicio de expropiaci\u00f3n, en consecuencia, no existe ninguna sentencia sobre el proceso a\u00fan; con el prop\u00f3sito de facilitar el ingreso de maquinaria pesada y as\u00ed continuar con la construcci\u00f3n.<\/span><\/div>\n<div style=\"text-align: justify;\"><\/div>\n<div style=\"text-align: justify;\"><span style=\"background-color: white;\">Al momento, de acuerdo con la versi\u00f3n de los moradores Manuel Trujillo y Manuela Pacheco, al momento se encuentra repleta de polic\u00edas; se\u00f1alan que el jueves cinco de Julio, se hizo presente en la zona un contingente de al menos cien polic\u00edas, acompa\u00f1ados de perros. Los gendarmes llegaron acompa\u00f1ados de un individuo que se identific\u00f3 como Rodrigo Endara qui\u00e9n mencion\u00f3 ser asesor del Presidente, adem\u00e1s de guardaespaldas del Secretario de la Administraci\u00f3n Vinicio Alvarado, adem\u00e1s de funcionario del Ministerio del Interior. Los afectados indican que dicha persona ingres\u00f3 a las aulas de la escuela Cabo Minacho de la Comunidad de San Pablo de Amal\u00ed, con un perro polic\u00eda, amedrentando a los ni\u00f1os; luego se dirigi\u00f3 al colegio San Jos\u00e9 del Tambo, donde procedi\u00f3 a quitar los celulares de los j\u00f3venes Quinatoa y Flores, inquiriendo si ten\u00edan alguna relaci\u00f3n con la comunidad San Pablo de Amal\u00ed e intent\u00f3 detenerlos argumentando que son pobladores de esta comunidad.<\/span><\/div>\n<div style=\"text-align: justify;\"><\/div>\n<div style=\"text-align: justify;\"><span style=\"background-color: white;\">El mi\u00e9rcoles 11 se recibi\u00f3 la denuncia de parte de los moradores de la zona sobre un nuevo enfrentamiento con la polic\u00eda nacional, indican que se ha producido una nueva incursi\u00f3n con canes amaestrados en la propiedad privada de la Sra Elisa Guapulema. Se\u00f1alan que al menos 20 polic\u00edas acompa\u00f1ados de perros, y 20 trabajadores de la empresa ingresaron sin  autorizaci\u00f3n de la propietaria en su terreno, sin presentar documento alguno que justifique su presencia, causando da\u00f1os en los cultivos familiares e intimid\u00e1ndola. Denuncian la presencia de personas que se hacen pasar por funcionarios de la Presidencia de la Rep\u00fablica, en este caso el Sr. Jorge Eduardo Tahuama Castelo, y que al solicit\u00e1rsele la documentaci\u00f3n oficial, prefiri\u00f3 esconderse y no entregarla.<\/span><br \/><span style=\"background-color: white;\"><br \/><\/span><br \/><span style=\"background-color: white;\">FUENTE: <a href=\"http:\/\/www.agenciaecologista.info\/agua\/396-en-san-pablo-de-amali-continua-la-presion-por-hidrotambo\">Agencia Tegantai<\/a><\/span><\/div>\n<p><\/span><\/p>\n<div style=\"color: #454545; font-family: Arial, Helvetica, sans-serif; font-size: 12px; padding: 0px; text-align: justify;\"><span lang=\"ES-EC\"><span lang=\"ES-EC\" style=\"text-align: -webkit-auto;\"><\/span><\/span><\/div>\n<div class=\"pvc_clear\"><\/div>\n<p id=\"pvc_stats_888\" class=\"pvc_stats total_only  \" data-element-id=\"888\" style=\"\"><i class=\"pvc-stats-icon medium\" aria-hidden=\"true\"><svg aria-hidden=\"true\" focusable=\"false\" data-prefix=\"far\" data-icon=\"chart-bar\" role=\"img\" xmlns=\"http:\/\/www.w3.org\/2000\/svg\" viewBox=\"0 0 512 512\" class=\"svg-inline--fa fa-chart-bar fa-w-16 fa-2x\"><path fill=\"currentColor\" d=\"M396.8 352h22.4c6.4 0 12.8-6.4 12.8-12.8V108.8c0-6.4-6.4-12.8-12.8-12.8h-22.4c-6.4 0-12.8 6.4-12.8 12.8v230.4c0 6.4 6.4 12.8 12.8 12.8zm-192 0h22.4c6.4 0 12.8-6.4 12.8-12.8V140.8c0-6.4-6.4-12.8-12.8-12.8h-22.4c-6.4 0-12.8 6.4-12.8 12.8v198.4c0 6.4 6.4 12.8 12.8 12.8zm96 0h22.4c6.4 0 12.8-6.4 12.8-12.8V204.8c0-6.4-6.4-12.8-12.8-12.8h-22.4c-6.4 0-12.8 6.4-12.8 12.8v134.4c0 6.4 6.4 12.8 12.8 12.8zM496 400H48V80c0-8.84-7.16-16-16-16H16C7.16 64 0 71.16 0 80v336c0 17.67 14.33 32 32 32h464c8.84 0 16-7.16 16-16v-16c0-8.84-7.16-16-16-16zm-387.2-48h22.4c6.4 0 12.8-6.4 12.8-12.8v-70.4c0-6.4-6.4-12.8-12.8-12.8h-22.4c-6.4 0-12.8 6.4-12.8 12.8v70.4c0 6.4 6.4 12.8 12.8 12.8z\" class=\"\"><\/path><\/svg><\/i> <img decoding=\"async\" width=\"16\" height=\"16\" alt=\"Loading\" data-src=\"https:\/\/pachamamitaecu.org\/wp-content\/plugins\/page-views-count\/ajax-loader-2x.gif\" border=0 src=\"data:image\/svg+xml;base64,PHN2ZyB3aWR0aD0iMSIgaGVpZ2h0PSIxIiB4bWxucz0iaHR0cDovL3d3dy53My5vcmcvMjAwMC9zdmciPjwvc3ZnPg==\" class=\"lazyload\" style=\"--smush-placeholder-width: 16px; --smush-placeholder-aspect-ratio: 16\/16;\" \/><\/p>\n<div class=\"pvc_clear\"><\/div>\n","protected":false},"excerpt":{"rendered":"<p>En San Pablo de Amal\u00ed contin\u00faa la presi\u00f3n por Hidrotambo Luego de que en semanas anteriores fueran detenidos dos miembros de la Comunidad San Pablo de Amal\u00ed por resistir y evitar la destrucci\u00f3n de sus cultivos por la construcci\u00f3n de un proyecto hidroel\u00e9ctrico a cargo de la empresa privada Hidrotambo S.A., una comisi\u00f3n de afectados [&#8230;]\n","protected":false},"author":3,"featured_media":0,"comment_status":"open","ping_status":"closed","sticky":false,"template":"","format":"standard","meta":{"footnotes":""},"categories":[312,264,507],"tags":[],"class_list":["post-888","post","type-post","status-publish","format-standard","hentry","category-comunas","category-noticias","category-proyectos-hidroelectricas"],"a3_pvc":{"activated":true,"total_views":41,"today_views":0},"yoast_head":"<!-- This site is optimized with the Yoast SEO Premium plugin v24.2 (Yoast SEO v27.4) - https:\/\/yoast.com\/product\/yoast-seo-premium-wordpress\/ -->\n<title>PROYECTO HIDROTAMBO: Persiste hostigamiento a campesinos de San Pablo de Amal\u00ed, Prov. de Bol\u00edvar. - PachaMamita Ecuador<\/title>\n<meta name=\"robots\" content=\"index, follow, max-snippet:-1, max-image-preview:large, max-video-preview:-1\" \/>\n<link rel=\"canonical\" href=\"https:\/\/pachamamitaecu.org\/es_es\/2012\/07\/16\/proyecto-hidrotambo-persiste-hostigamiento-a-campesinos-de-san-pablo-de-amali-prov-de-bolivar\/\" \/>\n<meta property=\"og:locale\" content=\"es_ES\" \/>\n<meta property=\"og:type\" content=\"article\" \/>\n<meta property=\"og:title\" content=\"PROYECTO HIDROTAMBO: Persiste hostigamiento a campesinos de San Pablo de Amal\u00ed, Prov. de Bol\u00edvar.\" \/>\n<meta property=\"og:description\" content=\"En San Pablo de Amal\u00ed contin\u00faa la presi\u00f3n por Hidrotambo Luego de que en semanas anteriores fueran detenidos dos miembros de la Comunidad San Pablo de Amal\u00ed por resistir y evitar la destrucci\u00f3n de sus cultivos por la construcci\u00f3n de un proyecto hidroel\u00e9ctrico a cargo de la empresa privada Hidrotambo S.A., una comisi\u00f3n de afectados [...]\" \/>\n<meta property=\"og:url\" content=\"https:\/\/pachamamitaecu.org\/es_es\/2012\/07\/16\/proyecto-hidrotambo-persiste-hostigamiento-a-campesinos-de-san-pablo-de-amali-prov-de-bolivar\/\" \/>\n<meta property=\"og:site_name\" content=\"PachaMamita Ecuador\" \/>\n<meta property=\"article:publisher\" content=\"https:\/\/www.facebook.com\/pachamamitaecu\" \/>\n<meta property=\"article:published_time\" content=\"2012-07-16T15:56:00+00:00\" \/>\n<meta property=\"og:image\" content=\"http:\/\/4.bp.blogspot.com\/-8DJvSEOxIkA\/UAQ5FwhK3BI\/AAAAAAAACTI\/QYYbbJBumV0\/s320\/securedownload.jpg\" \/>\n<meta name=\"author\" content=\"PachaMamita EC\" \/>\n<meta name=\"twitter:card\" content=\"summary_large_image\" \/>\n<meta name=\"twitter:label1\" content=\"Escrito por\" \/>\n\t<meta name=\"twitter:data1\" content=\"PachaMamita EC\" \/>\n\t<meta name=\"twitter:label2\" content=\"Tiempo de lectura\" \/>\n\t<meta name=\"twitter:data2\" content=\"3 minutos\" \/>\n<script type=\"application\/ld+json\" class=\"yoast-schema-graph\">{\"@context\":\"https:\\\/\\\/schema.org\",\"@graph\":[{\"@type\":\"Article\",\"@id\":\"https:\\\/\\\/pachamamitaecu.org\\\/es_es\\\/2012\\\/07\\\/16\\\/proyecto-hidrotambo-persiste-hostigamiento-a-campesinos-de-san-pablo-de-amali-prov-de-bolivar\\\/#article\",\"isPartOf\":{\"@id\":\"https:\\\/\\\/pachamamitaecu.org\\\/es_es\\\/2012\\\/07\\\/16\\\/proyecto-hidrotambo-persiste-hostigamiento-a-campesinos-de-san-pablo-de-amali-prov-de-bolivar\\\/\"},\"author\":{\"name\":\"PachaMamita EC\",\"@id\":\"https:\\\/\\\/pachamamitaecu.org\\\/es_es\\\/#\\\/schema\\\/person\\\/e8b42afae2451fadab5e0295f02c4593\"},\"headline\":\"PROYECTO HIDROTAMBO: Persiste hostigamiento a campesinos de San Pablo de Amal\u00ed, Prov. de Bol\u00edvar.\",\"datePublished\":\"2012-07-16T15:56:00+00:00\",\"mainEntityOfPage\":{\"@id\":\"https:\\\/\\\/pachamamitaecu.org\\\/es_es\\\/2012\\\/07\\\/16\\\/proyecto-hidrotambo-persiste-hostigamiento-a-campesinos-de-san-pablo-de-amali-prov-de-bolivar\\\/\"},\"wordCount\":610,\"commentCount\":0,\"publisher\":{\"@id\":\"https:\\\/\\\/pachamamitaecu.org\\\/es_es\\\/#organization\"},\"image\":{\"@id\":\"https:\\\/\\\/pachamamitaecu.org\\\/es_es\\\/2012\\\/07\\\/16\\\/proyecto-hidrotambo-persiste-hostigamiento-a-campesinos-de-san-pablo-de-amali-prov-de-bolivar\\\/#primaryimage\"},\"thumbnailUrl\":\"http:\\\/\\\/4.bp.blogspot.com\\\/-8DJvSEOxIkA\\\/UAQ5FwhK3BI\\\/AAAAAAAACTI\\\/QYYbbJBumV0\\\/s320\\\/securedownload.jpg\",\"articleSection\":[\"comunas\",\"noticias\",\"proyectos hidroelectricas\"],\"inLanguage\":\"es\",\"potentialAction\":[{\"@type\":\"CommentAction\",\"name\":\"Comment\",\"target\":[\"https:\\\/\\\/pachamamitaecu.org\\\/es_es\\\/2012\\\/07\\\/16\\\/proyecto-hidrotambo-persiste-hostigamiento-a-campesinos-de-san-pablo-de-amali-prov-de-bolivar\\\/#respond\"]}]},{\"@type\":\"WebPage\",\"@id\":\"https:\\\/\\\/pachamamitaecu.org\\\/es_es\\\/2012\\\/07\\\/16\\\/proyecto-hidrotambo-persiste-hostigamiento-a-campesinos-de-san-pablo-de-amali-prov-de-bolivar\\\/\",\"url\":\"https:\\\/\\\/pachamamitaecu.org\\\/es_es\\\/2012\\\/07\\\/16\\\/proyecto-hidrotambo-persiste-hostigamiento-a-campesinos-de-san-pablo-de-amali-prov-de-bolivar\\\/\",\"name\":\"PROYECTO HIDROTAMBO: Persiste hostigamiento a campesinos de San Pablo de Amal\u00ed, Prov. de Bol\u00edvar. - PachaMamita Ecuador\",\"isPartOf\":{\"@id\":\"https:\\\/\\\/pachamamitaecu.org\\\/es_es\\\/#website\"},\"primaryImageOfPage\":{\"@id\":\"https:\\\/\\\/pachamamitaecu.org\\\/es_es\\\/2012\\\/07\\\/16\\\/proyecto-hidrotambo-persiste-hostigamiento-a-campesinos-de-san-pablo-de-amali-prov-de-bolivar\\\/#primaryimage\"},\"image\":{\"@id\":\"https:\\\/\\\/pachamamitaecu.org\\\/es_es\\\/2012\\\/07\\\/16\\\/proyecto-hidrotambo-persiste-hostigamiento-a-campesinos-de-san-pablo-de-amali-prov-de-bolivar\\\/#primaryimage\"},\"thumbnailUrl\":\"http:\\\/\\\/4.bp.blogspot.com\\\/-8DJvSEOxIkA\\\/UAQ5FwhK3BI\\\/AAAAAAAACTI\\\/QYYbbJBumV0\\\/s320\\\/securedownload.jpg\",\"datePublished\":\"2012-07-16T15:56:00+00:00\",\"breadcrumb\":{\"@id\":\"https:\\\/\\\/pachamamitaecu.org\\\/es_es\\\/2012\\\/07\\\/16\\\/proyecto-hidrotambo-persiste-hostigamiento-a-campesinos-de-san-pablo-de-amali-prov-de-bolivar\\\/#breadcrumb\"},\"inLanguage\":\"es\",\"potentialAction\":[{\"@type\":\"ReadAction\",\"target\":[\"https:\\\/\\\/pachamamitaecu.org\\\/es_es\\\/2012\\\/07\\\/16\\\/proyecto-hidrotambo-persiste-hostigamiento-a-campesinos-de-san-pablo-de-amali-prov-de-bolivar\\\/\"]}]},{\"@type\":\"ImageObject\",\"inLanguage\":\"es\",\"@id\":\"https:\\\/\\\/pachamamitaecu.org\\\/es_es\\\/2012\\\/07\\\/16\\\/proyecto-hidrotambo-persiste-hostigamiento-a-campesinos-de-san-pablo-de-amali-prov-de-bolivar\\\/#primaryimage\",\"url\":\"http:\\\/\\\/4.bp.blogspot.com\\\/-8DJvSEOxIkA\\\/UAQ5FwhK3BI\\\/AAAAAAAACTI\\\/QYYbbJBumV0\\\/s320\\\/securedownload.jpg\",\"contentUrl\":\"http:\\\/\\\/4.bp.blogspot.com\\\/-8DJvSEOxIkA\\\/UAQ5FwhK3BI\\\/AAAAAAAACTI\\\/QYYbbJBumV0\\\/s320\\\/securedownload.jpg\"},{\"@type\":\"BreadcrumbList\",\"@id\":\"https:\\\/\\\/pachamamitaecu.org\\\/es_es\\\/2012\\\/07\\\/16\\\/proyecto-hidrotambo-persiste-hostigamiento-a-campesinos-de-san-pablo-de-amali-prov-de-bolivar\\\/#breadcrumb\",\"itemListElement\":[{\"@type\":\"ListItem\",\"position\":1,\"name\":\"Portada\",\"item\":\"https:\\\/\\\/pachamamitaecu.org\\\/es_es\\\/\"},{\"@type\":\"ListItem\",\"position\":2,\"name\":\"PROYECTO HIDROTAMBO: Persiste hostigamiento a campesinos de San Pablo de Amal\u00ed, Prov. de Bol\u00edvar.\"}]},{\"@type\":\"WebSite\",\"@id\":\"https:\\\/\\\/pachamamitaecu.org\\\/es_es\\\/#website\",\"url\":\"https:\\\/\\\/pachamamitaecu.org\\\/es_es\\\/\",\"name\":\"PachaMamita Ecuador\",\"description\":\"CULTURA. AGROECOLOG\u00cdA. TURISMO Y CONSUMO RESPONSABLE-ECUADOR.\",\"publisher\":{\"@id\":\"https:\\\/\\\/pachamamitaecu.org\\\/es_es\\\/#organization\"},\"potentialAction\":[{\"@type\":\"SearchAction\",\"target\":{\"@type\":\"EntryPoint\",\"urlTemplate\":\"https:\\\/\\\/pachamamitaecu.org\\\/es_es\\\/?s={search_term_string}\"},\"query-input\":{\"@type\":\"PropertyValueSpecification\",\"valueRequired\":true,\"valueName\":\"search_term_string\"}}],\"inLanguage\":\"es\"},{\"@type\":\"Organization\",\"@id\":\"https:\\\/\\\/pachamamitaecu.org\\\/es_es\\\/#organization\",\"name\":\"PachaMamita Ecuador\",\"url\":\"https:\\\/\\\/pachamamitaecu.org\\\/es_es\\\/\",\"logo\":{\"@type\":\"ImageObject\",\"inLanguage\":\"es\",\"@id\":\"https:\\\/\\\/pachamamitaecu.org\\\/es_es\\\/#\\\/schema\\\/logo\\\/image\\\/\",\"url\":\"https:\\\/\\\/pachamamitaecu.org\\\/wp-content\\\/uploads\\\/2024\\\/04\\\/cropped-Diseno-sin-titulo-13.png\",\"contentUrl\":\"https:\\\/\\\/pachamamitaecu.org\\\/wp-content\\\/uploads\\\/2024\\\/04\\\/cropped-Diseno-sin-titulo-13.png\",\"width\":512,\"height\":512,\"caption\":\"PachaMamita Ecuador\"},\"image\":{\"@id\":\"https:\\\/\\\/pachamamitaecu.org\\\/es_es\\\/#\\\/schema\\\/logo\\\/image\\\/\"},\"sameAs\":[\"https:\\\/\\\/www.facebook.com\\\/pachamamitaecu\"]},{\"@type\":\"Person\",\"@id\":\"https:\\\/\\\/pachamamitaecu.org\\\/es_es\\\/#\\\/schema\\\/person\\\/e8b42afae2451fadab5e0295f02c4593\",\"name\":\"PachaMamita EC\",\"image\":{\"@type\":\"ImageObject\",\"inLanguage\":\"es\",\"@id\":\"https:\\\/\\\/pachamamitaecu.org\\\/wp-content\\\/litespeed\\\/avatar\\\/23494c9101089ad44ae88ce9d2f56aac.jpg?ver=1777350952\",\"url\":\"https:\\\/\\\/pachamamitaecu.org\\\/wp-content\\\/litespeed\\\/avatar\\\/23494c9101089ad44ae88ce9d2f56aac.jpg?ver=1777350952\",\"contentUrl\":\"https:\\\/\\\/pachamamitaecu.org\\\/wp-content\\\/litespeed\\\/avatar\\\/23494c9101089ad44ae88ce9d2f56aac.jpg?ver=1777350952\",\"caption\":\"PachaMamita EC\"},\"url\":\"https:\\\/\\\/pachamamitaecu.org\\\/es_es\\\/author\\\/pachamamita-ec\\\/\"}]}<\/script>\n<!-- \/ Yoast SEO Premium plugin. -->","yoast_head_json":{"title":"PROYECTO HIDROTAMBO: Persiste hostigamiento a campesinos de San Pablo de Amal\u00ed, Prov. de Bol\u00edvar. - PachaMamita Ecuador","robots":{"index":"index","follow":"follow","max-snippet":"max-snippet:-1","max-image-preview":"max-image-preview:large","max-video-preview":"max-video-preview:-1"},"canonical":"https:\/\/pachamamitaecu.org\/es_es\/2012\/07\/16\/proyecto-hidrotambo-persiste-hostigamiento-a-campesinos-de-san-pablo-de-amali-prov-de-bolivar\/","og_locale":"es_ES","og_type":"article","og_title":"PROYECTO HIDROTAMBO: Persiste hostigamiento a campesinos de San Pablo de Amal\u00ed, Prov. de Bol\u00edvar.","og_description":"En San Pablo de Amal\u00ed contin\u00faa la presi\u00f3n por Hidrotambo Luego de que en semanas anteriores fueran detenidos dos miembros de la Comunidad San Pablo de Amal\u00ed por resistir y evitar la destrucci\u00f3n de sus cultivos por la construcci\u00f3n de un proyecto hidroel\u00e9ctrico a cargo de la empresa privada Hidrotambo S.A., una comisi\u00f3n de afectados [...]","og_url":"https:\/\/pachamamitaecu.org\/es_es\/2012\/07\/16\/proyecto-hidrotambo-persiste-hostigamiento-a-campesinos-de-san-pablo-de-amali-prov-de-bolivar\/","og_site_name":"PachaMamita Ecuador","article_publisher":"https:\/\/www.facebook.com\/pachamamitaecu","article_published_time":"2012-07-16T15:56:00+00:00","og_image":[{"url":"http:\/\/4.bp.blogspot.com\/-8DJvSEOxIkA\/UAQ5FwhK3BI\/AAAAAAAACTI\/QYYbbJBumV0\/s320\/securedownload.jpg","type":"","width":"","height":""}],"author":"PachaMamita EC","twitter_card":"summary_large_image","twitter_misc":{"Escrito por":"PachaMamita EC","Tiempo de lectura":"3 minutos"},"schema":{"@context":"https:\/\/schema.org","@graph":[{"@type":"Article","@id":"https:\/\/pachamamitaecu.org\/es_es\/2012\/07\/16\/proyecto-hidrotambo-persiste-hostigamiento-a-campesinos-de-san-pablo-de-amali-prov-de-bolivar\/#article","isPartOf":{"@id":"https:\/\/pachamamitaecu.org\/es_es\/2012\/07\/16\/proyecto-hidrotambo-persiste-hostigamiento-a-campesinos-de-san-pablo-de-amali-prov-de-bolivar\/"},"author":{"name":"PachaMamita EC","@id":"https:\/\/pachamamitaecu.org\/es_es\/#\/schema\/person\/e8b42afae2451fadab5e0295f02c4593"},"headline":"PROYECTO HIDROTAMBO: Persiste hostigamiento a campesinos de San Pablo de Amal\u00ed, Prov. de Bol\u00edvar.","datePublished":"2012-07-16T15:56:00+00:00","mainEntityOfPage":{"@id":"https:\/\/pachamamitaecu.org\/es_es\/2012\/07\/16\/proyecto-hidrotambo-persiste-hostigamiento-a-campesinos-de-san-pablo-de-amali-prov-de-bolivar\/"},"wordCount":610,"commentCount":0,"publisher":{"@id":"https:\/\/pachamamitaecu.org\/es_es\/#organization"},"image":{"@id":"https:\/\/pachamamitaecu.org\/es_es\/2012\/07\/16\/proyecto-hidrotambo-persiste-hostigamiento-a-campesinos-de-san-pablo-de-amali-prov-de-bolivar\/#primaryimage"},"thumbnailUrl":"http:\/\/4.bp.blogspot.com\/-8DJvSEOxIkA\/UAQ5FwhK3BI\/AAAAAAAACTI\/QYYbbJBumV0\/s320\/securedownload.jpg","articleSection":["comunas","noticias","proyectos hidroelectricas"],"inLanguage":"es","potentialAction":[{"@type":"CommentAction","name":"Comment","target":["https:\/\/pachamamitaecu.org\/es_es\/2012\/07\/16\/proyecto-hidrotambo-persiste-hostigamiento-a-campesinos-de-san-pablo-de-amali-prov-de-bolivar\/#respond"]}]},{"@type":"WebPage","@id":"https:\/\/pachamamitaecu.org\/es_es\/2012\/07\/16\/proyecto-hidrotambo-persiste-hostigamiento-a-campesinos-de-san-pablo-de-amali-prov-de-bolivar\/","url":"https:\/\/pachamamitaecu.org\/es_es\/2012\/07\/16\/proyecto-hidrotambo-persiste-hostigamiento-a-campesinos-de-san-pablo-de-amali-prov-de-bolivar\/","name":"PROYECTO HIDROTAMBO: Persiste hostigamiento a campesinos de San Pablo de Amal\u00ed, Prov. de Bol\u00edvar. - PachaMamita Ecuador","isPartOf":{"@id":"https:\/\/pachamamitaecu.org\/es_es\/#website"},"primaryImageOfPage":{"@id":"https:\/\/pachamamitaecu.org\/es_es\/2012\/07\/16\/proyecto-hidrotambo-persiste-hostigamiento-a-campesinos-de-san-pablo-de-amali-prov-de-bolivar\/#primaryimage"},"image":{"@id":"https:\/\/pachamamitaecu.org\/es_es\/2012\/07\/16\/proyecto-hidrotambo-persiste-hostigamiento-a-campesinos-de-san-pablo-de-amali-prov-de-bolivar\/#primaryimage"},"thumbnailUrl":"http:\/\/4.bp.blogspot.com\/-8DJvSEOxIkA\/UAQ5FwhK3BI\/AAAAAAAACTI\/QYYbbJBumV0\/s320\/securedownload.jpg","datePublished":"2012-07-16T15:56:00+00:00","breadcrumb":{"@id":"https:\/\/pachamamitaecu.org\/es_es\/2012\/07\/16\/proyecto-hidrotambo-persiste-hostigamiento-a-campesinos-de-san-pablo-de-amali-prov-de-bolivar\/#breadcrumb"},"inLanguage":"es","potentialAction":[{"@type":"ReadAction","target":["https:\/\/pachamamitaecu.org\/es_es\/2012\/07\/16\/proyecto-hidrotambo-persiste-hostigamiento-a-campesinos-de-san-pablo-de-amali-prov-de-bolivar\/"]}]},{"@type":"ImageObject","inLanguage":"es","@id":"https:\/\/pachamamitaecu.org\/es_es\/2012\/07\/16\/proyecto-hidrotambo-persiste-hostigamiento-a-campesinos-de-san-pablo-de-amali-prov-de-bolivar\/#primaryimage","url":"http:\/\/4.bp.blogspot.com\/-8DJvSEOxIkA\/UAQ5FwhK3BI\/AAAAAAAACTI\/QYYbbJBumV0\/s320\/securedownload.jpg","contentUrl":"http:\/\/4.bp.blogspot.com\/-8DJvSEOxIkA\/UAQ5FwhK3BI\/AAAAAAAACTI\/QYYbbJBumV0\/s320\/securedownload.jpg"},{"@type":"BreadcrumbList","@id":"https:\/\/pachamamitaecu.org\/es_es\/2012\/07\/16\/proyecto-hidrotambo-persiste-hostigamiento-a-campesinos-de-san-pablo-de-amali-prov-de-bolivar\/#breadcrumb","itemListElement":[{"@type":"ListItem","position":1,"name":"Portada","item":"https:\/\/pachamamitaecu.org\/es_es\/"},{"@type":"ListItem","position":2,"name":"PROYECTO HIDROTAMBO: Persiste hostigamiento a campesinos de San Pablo de Amal\u00ed, Prov. de Bol\u00edvar."}]},{"@type":"WebSite","@id":"https:\/\/pachamamitaecu.org\/es_es\/#website","url":"https:\/\/pachamamitaecu.org\/es_es\/","name":"PachaMamita Ecuador","description":"CULTURA. AGROECOLOG\u00cdA. TURISMO Y CONSUMO RESPONSABLE-ECUADOR.","publisher":{"@id":"https:\/\/pachamamitaecu.org\/es_es\/#organization"},"potentialAction":[{"@type":"SearchAction","target":{"@type":"EntryPoint","urlTemplate":"https:\/\/pachamamitaecu.org\/es_es\/?s={search_term_string}"},"query-input":{"@type":"PropertyValueSpecification","valueRequired":true,"valueName":"search_term_string"}}],"inLanguage":"es"},{"@type":"Organization","@id":"https:\/\/pachamamitaecu.org\/es_es\/#organization","name":"PachaMamita Ecuador","url":"https:\/\/pachamamitaecu.org\/es_es\/","logo":{"@type":"ImageObject","inLanguage":"es","@id":"https:\/\/pachamamitaecu.org\/es_es\/#\/schema\/logo\/image\/","url":"https:\/\/pachamamitaecu.org\/wp-content\/uploads\/2024\/04\/cropped-Diseno-sin-titulo-13.png","contentUrl":"https:\/\/pachamamitaecu.org\/wp-content\/uploads\/2024\/04\/cropped-Diseno-sin-titulo-13.png","width":512,"height":512,"caption":"PachaMamita Ecuador"},"image":{"@id":"https:\/\/pachamamitaecu.org\/es_es\/#\/schema\/logo\/image\/"},"sameAs":["https:\/\/www.facebook.com\/pachamamitaecu"]},{"@type":"Person","@id":"https:\/\/pachamamitaecu.org\/es_es\/#\/schema\/person\/e8b42afae2451fadab5e0295f02c4593","name":"PachaMamita EC","image":{"@type":"ImageObject","inLanguage":"es","@id":"https:\/\/pachamamitaecu.org\/wp-content\/litespeed\/avatar\/23494c9101089ad44ae88ce9d2f56aac.jpg?ver=1777350952","url":"https:\/\/pachamamitaecu.org\/wp-content\/litespeed\/avatar\/23494c9101089ad44ae88ce9d2f56aac.jpg?ver=1777350952","contentUrl":"https:\/\/pachamamitaecu.org\/wp-content\/litespeed\/avatar\/23494c9101089ad44ae88ce9d2f56aac.jpg?ver=1777350952","caption":"PachaMamita EC"},"url":"https:\/\/pachamamitaecu.org\/es_es\/author\/pachamamita-ec\/"}]}},"_links":{"self":[{"href":"https:\/\/pachamamitaecu.org\/es_es\/wp-json\/wp\/v2\/posts\/888","targetHints":{"allow":["GET"]}}],"collection":[{"href":"https:\/\/pachamamitaecu.org\/es_es\/wp-json\/wp\/v2\/posts"}],"about":[{"href":"https:\/\/pachamamitaecu.org\/es_es\/wp-json\/wp\/v2\/types\/post"}],"author":[{"embeddable":true,"href":"https:\/\/pachamamitaecu.org\/es_es\/wp-json\/wp\/v2\/users\/3"}],"replies":[{"embeddable":true,"href":"https:\/\/pachamamitaecu.org\/es_es\/wp-json\/wp\/v2\/comments?post=888"}],"version-history":[{"count":0,"href":"https:\/\/pachamamitaecu.org\/es_es\/wp-json\/wp\/v2\/posts\/888\/revisions"}],"wp:attachment":[{"href":"https:\/\/pachamamitaecu.org\/es_es\/wp-json\/wp\/v2\/media?parent=888"}],"wp:term":[{"taxonomy":"category","embeddable":true,"href":"https:\/\/pachamamitaecu.org\/es_es\/wp-json\/wp\/v2\/categories?post=888"},{"taxonomy":"post_tag","embeddable":true,"href":"https:\/\/pachamamitaecu.org\/es_es\/wp-json\/wp\/v2\/tags?post=888"}],"curies":[{"name":"wp","href":"https:\/\/api.w.org\/{rel}","templated":true}]}}