{"id":906,"date":"2012-07-02T13:02:00","date_gmt":"2012-07-02T13:02:00","guid":{"rendered":"http:\/\/pachamamitaecu-org-720647.hostingersite.com\/2012\/07\/02\/colombia-busca-reanudar-fumigaciones-aereas-con-glifosato\/"},"modified":"2012-07-02T13:02:00","modified_gmt":"2012-07-02T13:02:00","slug":"colombia-busca-reanudar-fumigaciones-aereas-con-glifosato","status":"publish","type":"post","link":"https:\/\/pachamamitaecu.org\/es_es\/2012\/07\/02\/colombia-busca-reanudar-fumigaciones-aereas-con-glifosato\/","title":{"rendered":"Colombia busca reanudar fumigaciones a\u00e9reas con glifosato."},"content":{"rendered":"<div style=\"clear: both; text-align: center;\"><a href=\"http:\/\/2.bp.blogspot.com\/--aat1H3SPuY\/T_Gb7Cn5hOI\/AAAAAAAACPc\/RC-beXV6oUk\/s1600\/fumigaciones.jpg\" style=\"clear: left; float: left; margin-bottom: 1em; margin-right: 1em;\"><img decoding=\"async\" border=\"0\" height=\"183\" data-src=\"http:\/\/2.bp.blogspot.com\/--aat1H3SPuY\/T_Gb7Cn5hOI\/AAAAAAAACPc\/RC-beXV6oUk\/s320\/fumigaciones.jpg\" width=\"320\" src=\"data:image\/svg+xml;base64,PHN2ZyB3aWR0aD0iMSIgaGVpZ2h0PSIxIiB4bWxucz0iaHR0cDovL3d3dy53My5vcmcvMjAwMC9zdmciPjwvc3ZnPg==\" class=\"lazyload\" style=\"--smush-placeholder-width: 320px; --smush-placeholder-aspect-ratio: 320\/183;\" \/><\/a><\/div>\n<div style=\"text-align: justify;\"><span style=\"background-color: white; font-family: Georgia, 'Times New Roman', serif;\">En una reuni\u00f3n de las comunidades de la frontera norte del Ecuador el pasado 16 de Junio, se hizo p\u00fablico un documento realizado por el Ministerio de Defensa Nacional, la Polic\u00eda Nacional y la Direcci\u00f3n Antinarc\u00f3ticos de Colombia, en el que se da una instrucci\u00f3n clara para que se reanuden las fumigaciones a\u00e9reas con glifosato, a partir del primero de Junio de este a\u00f1o, en busca de combatir los cultivos il\u00edcitos de Coca, ubicados supuestamente en esta zona.<\/span><\/div>\n<p><span style=\"font-family: Georgia, 'Times New Roman', serif;\"><\/p>\n<div style=\"text-align: justify;\"><\/div>\n<div style=\"text-align: justify;\"><span style=\"background-color: white;\">El documento, fechado el 16 de Mayo del presente a\u00f1o, dirigido al Alcalde Municipal de San Miguel (Putumayo) indica en su parte medular \u201c(\u2026) La Polic\u00eda Nacional iniciar\u00e1 a partir del 01 de Junio de 2012, labores de aspersi\u00f3n a\u00e9rea de cultivos de uso il\u00edcito de arbustos de hoja de coca, detectados en el Departamento de Putumayo. (\u2026) Bajo los par\u00e1metros de zonificaci\u00f3n ambiental contemplados en el Plan de Manejo Ambiental (resoluci\u00f3n 1054 del 30 de Septiembre del 2003 emanada por el Ministerio de Ambiente\u201d. La carta se encuentra firmada por el Coronel Julio C\u00e9sar Gonz\u00e1lez Bedoya, quien a la fecha de la firma del documento fung\u00eda como Jefe del \u00c1rea de Erradicaci\u00f3n de Cultivos Il\u00edcitos.<\/span><\/div>\n<div style=\"text-align: justify;\"><\/div>\n<div style=\"text-align: justify;\"><span style=\"background-color: white;\">Para Daniel Alarc\u00f3n dirigente comunitario de FORCCOFES, en la reuni\u00f3n mantenida con al menos 80 dirigentes locales se evalu\u00f3 que la intenci\u00f3n colombiana representa un grave riesgo para las comunidades ecuatorianas, pues en el pasado, cuando se realiz\u00f3 este tipo de fumigaciones se demostraron afectaciones a la salud de los pobladores ecuatorianos que se ubican en el cord\u00f3n fronterizo. En dicha reuni\u00f3n se resolvi\u00f3 crear una comisi\u00f3n de monitoreo que difunda informaci\u00f3n en caso de que se llegue a comprobar el reinicio de estas actividades.<\/span><\/div>\n<div style=\"text-align: justify;\"><\/div>\n<div style=\"text-align: justify;\"><span style=\"background-color: white;\">Al momento los campesinos de la zona indican que no han detectado la presencia de aeronaves colombianas realizando este tipo de aspersiones a\u00e9reas. Existen versiones que indican que hubo una reuni\u00f3n de Alcaldes colombianos en la que se resolvi\u00f3 rechazar el reinicio de estas actividades. Aseguran tener el respaldo de las autoridades locales de las zonas de frontera que se oponen a este tipo de actividades.<\/span><\/div>\n<div style=\"text-align: justify;\"><\/div>\n<div style=\"text-align: justify;\"><span style=\"background-color: white;\">Mencionan que en la zona colombiana al momento se ha estado fumigando los cultivos il\u00edcitos manualmente, respetando la franja de 10 kil\u00f3metros establecida en el Convenio entre Ecuador y Colombia.<\/span><\/div>\n<div style=\"text-align: justify;\"><\/div>\n<div style=\"text-align: justify;\"><span style=\"background-color: white;\">Ecuador demand\u00f3 al gobierno de Colombia ante el tribunal internacional de La Haya en Marzo del 2008 por haber causado afectaciones graves a la salud de los pobladores de la zona de frontera y sus sembr\u00edos.<\/span><\/div>\n<div style=\"text-align: justify;\"><\/div>\n<div style=\"text-align: justify;\"><span style=\"background-color: white;\">Por su parte el Gobierno colombiano a trav\u00e9s de su representaci\u00f3n diplom\u00e1tica en Ecuador al momento no ha emitido ning\u00fan tipo de pronunciamiento oficial, ni tampoco ha respondido a los requerimientos para la redacci\u00f3n de esta nota.<\/span><\/div>\n<div style=\"text-align: justify;\"><span style=\"background-color: white;\"><br \/><\/span><\/div>\n<div style=\"text-align: justify;\"><span style=\"background-color: white;\">FUENTE: <a href=\"http:\/\/www.agenciaecologista.info\/soberania-alimentaria\/388-colombia-busca-reanudar-fumigaciones-aereas-con-glifosato\">Agencia Ecologista de Informaci\u00f3n<\/a><\/span><\/div>\n<p><\/span><\/p>\n<div class=\"pvc_clear\"><\/div>\n<p id=\"pvc_stats_906\" class=\"pvc_stats total_only  \" data-element-id=\"906\" style=\"\"><i class=\"pvc-stats-icon medium\" aria-hidden=\"true\"><svg aria-hidden=\"true\" focusable=\"false\" data-prefix=\"far\" data-icon=\"chart-bar\" role=\"img\" xmlns=\"http:\/\/www.w3.org\/2000\/svg\" viewBox=\"0 0 512 512\" class=\"svg-inline--fa fa-chart-bar fa-w-16 fa-2x\"><path fill=\"currentColor\" d=\"M396.8 352h22.4c6.4 0 12.8-6.4 12.8-12.8V108.8c0-6.4-6.4-12.8-12.8-12.8h-22.4c-6.4 0-12.8 6.4-12.8 12.8v230.4c0 6.4 6.4 12.8 12.8 12.8zm-192 0h22.4c6.4 0 12.8-6.4 12.8-12.8V140.8c0-6.4-6.4-12.8-12.8-12.8h-22.4c-6.4 0-12.8 6.4-12.8 12.8v198.4c0 6.4 6.4 12.8 12.8 12.8zm96 0h22.4c6.4 0 12.8-6.4 12.8-12.8V204.8c0-6.4-6.4-12.8-12.8-12.8h-22.4c-6.4 0-12.8 6.4-12.8 12.8v134.4c0 6.4 6.4 12.8 12.8 12.8zM496 400H48V80c0-8.84-7.16-16-16-16H16C7.16 64 0 71.16 0 80v336c0 17.67 14.33 32 32 32h464c8.84 0 16-7.16 16-16v-16c0-8.84-7.16-16-16-16zm-387.2-48h22.4c6.4 0 12.8-6.4 12.8-12.8v-70.4c0-6.4-6.4-12.8-12.8-12.8h-22.4c-6.4 0-12.8 6.4-12.8 12.8v70.4c0 6.4 6.4 12.8 12.8 12.8z\" class=\"\"><\/path><\/svg><\/i> <img decoding=\"async\" width=\"16\" height=\"16\" alt=\"Loading\" data-src=\"https:\/\/pachamamitaecu.org\/wp-content\/plugins\/page-views-count\/ajax-loader-2x.gif\" border=0 src=\"data:image\/svg+xml;base64,PHN2ZyB3aWR0aD0iMSIgaGVpZ2h0PSIxIiB4bWxucz0iaHR0cDovL3d3dy53My5vcmcvMjAwMC9zdmciPjwvc3ZnPg==\" class=\"lazyload\" style=\"--smush-placeholder-width: 16px; --smush-placeholder-aspect-ratio: 16\/16;\" \/><\/p>\n<div class=\"pvc_clear\"><\/div>\n","protected":false},"excerpt":{"rendered":"<p>En una reuni\u00f3n de las comunidades de la frontera norte del Ecuador el pasado 16 de Junio, se hizo p\u00fablico un documento realizado por el Ministerio de Defensa Nacional, la Polic\u00eda Nacional y la Direcci\u00f3n Antinarc\u00f3ticos de Colombia, en el que se da una instrucci\u00f3n clara para que se reanuden las fumigaciones a\u00e9reas con glifosato, [&#8230;]\n","protected":false},"author":3,"featured_media":0,"comment_status":"open","ping_status":"closed","sticky":false,"template":"","format":"standard","meta":{"footnotes":""},"categories":[264],"tags":[],"class_list":["post-906","post","type-post","status-publish","format-standard","hentry","category-noticias"],"a3_pvc":{"activated":true,"total_views":27,"today_views":0},"yoast_head":"<!-- This site is optimized with the Yoast SEO Premium plugin v24.2 (Yoast SEO v27.4) - https:\/\/yoast.com\/product\/yoast-seo-premium-wordpress\/ -->\n<title>Colombia busca reanudar fumigaciones a\u00e9reas con glifosato. - PachaMamita Ecuador<\/title>\n<meta name=\"robots\" content=\"index, follow, max-snippet:-1, max-image-preview:large, max-video-preview:-1\" \/>\n<link rel=\"canonical\" href=\"https:\/\/pachamamitaecu.org\/es_es\/2012\/07\/02\/colombia-seeks-to-resume-aerial-spraying-with-glyphosate\/\" \/>\n<meta property=\"og:locale\" content=\"es_ES\" \/>\n<meta property=\"og:type\" content=\"article\" \/>\n<meta property=\"og:title\" content=\"Colombia busca reanudar fumigaciones a\u00e9reas con glifosato.\" \/>\n<meta property=\"og:description\" content=\"En una reuni\u00f3n de las comunidades de la frontera norte del Ecuador el pasado 16 de Junio, se hizo p\u00fablico un documento realizado por el Ministerio de Defensa Nacional, la Polic\u00eda Nacional y la Direcci\u00f3n Antinarc\u00f3ticos de Colombia, en el que se da una instrucci\u00f3n clara para que se reanuden las fumigaciones a\u00e9reas con glifosato, [...]\" \/>\n<meta property=\"og:url\" content=\"https:\/\/pachamamitaecu.org\/es_es\/2012\/07\/02\/colombia-seeks-to-resume-aerial-spraying-with-glyphosate\/\" \/>\n<meta property=\"og:site_name\" content=\"PachaMamita Ecuador\" \/>\n<meta property=\"article:publisher\" content=\"https:\/\/www.facebook.com\/pachamamitaecu\" \/>\n<meta property=\"article:published_time\" content=\"2012-07-02T13:02:00+00:00\" \/>\n<meta property=\"og:image\" content=\"http:\/\/2.bp.blogspot.com\/--aat1H3SPuY\/T_Gb7Cn5hOI\/AAAAAAAACPc\/RC-beXV6oUk\/s320\/fumigaciones.jpg\" \/>\n<meta name=\"author\" content=\"PachaMamita EC\" \/>\n<meta name=\"twitter:card\" content=\"summary_large_image\" \/>\n<meta name=\"twitter:label1\" content=\"Escrito por\" \/>\n\t<meta name=\"twitter:data1\" content=\"PachaMamita EC\" \/>\n\t<meta name=\"twitter:label2\" content=\"Tiempo de lectura\" \/>\n\t<meta name=\"twitter:data2\" content=\"2 minutos\" \/>\n<script type=\"application\/ld+json\" class=\"yoast-schema-graph\">{\"@context\":\"https:\\\/\\\/schema.org\",\"@graph\":[{\"@type\":\"Article\",\"@id\":\"https:\\\/\\\/pachamamitaecu.org\\\/en\\\/2012\\\/07\\\/02\\\/colombia-seeks-to-resume-aerial-spraying-with-glyphosate\\\/#article\",\"isPartOf\":{\"@id\":\"https:\\\/\\\/pachamamitaecu.org\\\/en\\\/2012\\\/07\\\/02\\\/colombia-seeks-to-resume-aerial-spraying-with-glyphosate\\\/\"},\"author\":{\"name\":\"PachaMamita EC\",\"@id\":\"https:\\\/\\\/pachamamitaecu.org\\\/es_es\\\/#\\\/schema\\\/person\\\/e8b42afae2451fadab5e0295f02c4593\"},\"headline\":\"Colombia busca reanudar fumigaciones a\u00e9reas con glifosato.\",\"datePublished\":\"2012-07-02T13:02:00+00:00\",\"mainEntityOfPage\":{\"@id\":\"https:\\\/\\\/pachamamitaecu.org\\\/en\\\/2012\\\/07\\\/02\\\/colombia-seeks-to-resume-aerial-spraying-with-glyphosate\\\/\"},\"wordCount\":489,\"commentCount\":0,\"publisher\":{\"@id\":\"https:\\\/\\\/pachamamitaecu.org\\\/es_es\\\/#organization\"},\"image\":{\"@id\":\"https:\\\/\\\/pachamamitaecu.org\\\/en\\\/2012\\\/07\\\/02\\\/colombia-seeks-to-resume-aerial-spraying-with-glyphosate\\\/#primaryimage\"},\"thumbnailUrl\":\"http:\\\/\\\/2.bp.blogspot.com\\\/--aat1H3SPuY\\\/T_Gb7Cn5hOI\\\/AAAAAAAACPc\\\/RC-beXV6oUk\\\/s320\\\/fumigaciones.jpg\",\"articleSection\":[\"noticias\"],\"inLanguage\":\"es\",\"potentialAction\":[{\"@type\":\"CommentAction\",\"name\":\"Comment\",\"target\":[\"https:\\\/\\\/pachamamitaecu.org\\\/en\\\/2012\\\/07\\\/02\\\/colombia-seeks-to-resume-aerial-spraying-with-glyphosate\\\/#respond\"]}]},{\"@type\":\"WebPage\",\"@id\":\"https:\\\/\\\/pachamamitaecu.org\\\/en\\\/2012\\\/07\\\/02\\\/colombia-seeks-to-resume-aerial-spraying-with-glyphosate\\\/\",\"url\":\"https:\\\/\\\/pachamamitaecu.org\\\/en\\\/2012\\\/07\\\/02\\\/colombia-seeks-to-resume-aerial-spraying-with-glyphosate\\\/\",\"name\":\"Colombia busca reanudar fumigaciones a\u00e9reas con glifosato. - PachaMamita Ecuador\",\"isPartOf\":{\"@id\":\"https:\\\/\\\/pachamamitaecu.org\\\/es_es\\\/#website\"},\"primaryImageOfPage\":{\"@id\":\"https:\\\/\\\/pachamamitaecu.org\\\/en\\\/2012\\\/07\\\/02\\\/colombia-seeks-to-resume-aerial-spraying-with-glyphosate\\\/#primaryimage\"},\"image\":{\"@id\":\"https:\\\/\\\/pachamamitaecu.org\\\/en\\\/2012\\\/07\\\/02\\\/colombia-seeks-to-resume-aerial-spraying-with-glyphosate\\\/#primaryimage\"},\"thumbnailUrl\":\"http:\\\/\\\/2.bp.blogspot.com\\\/--aat1H3SPuY\\\/T_Gb7Cn5hOI\\\/AAAAAAAACPc\\\/RC-beXV6oUk\\\/s320\\\/fumigaciones.jpg\",\"datePublished\":\"2012-07-02T13:02:00+00:00\",\"breadcrumb\":{\"@id\":\"https:\\\/\\\/pachamamitaecu.org\\\/en\\\/2012\\\/07\\\/02\\\/colombia-seeks-to-resume-aerial-spraying-with-glyphosate\\\/#breadcrumb\"},\"inLanguage\":\"es\",\"potentialAction\":[{\"@type\":\"ReadAction\",\"target\":[\"https:\\\/\\\/pachamamitaecu.org\\\/en\\\/2012\\\/07\\\/02\\\/colombia-seeks-to-resume-aerial-spraying-with-glyphosate\\\/\"]}]},{\"@type\":\"ImageObject\",\"inLanguage\":\"es\",\"@id\":\"https:\\\/\\\/pachamamitaecu.org\\\/en\\\/2012\\\/07\\\/02\\\/colombia-seeks-to-resume-aerial-spraying-with-glyphosate\\\/#primaryimage\",\"url\":\"http:\\\/\\\/2.bp.blogspot.com\\\/--aat1H3SPuY\\\/T_Gb7Cn5hOI\\\/AAAAAAAACPc\\\/RC-beXV6oUk\\\/s320\\\/fumigaciones.jpg\",\"contentUrl\":\"http:\\\/\\\/2.bp.blogspot.com\\\/--aat1H3SPuY\\\/T_Gb7Cn5hOI\\\/AAAAAAAACPc\\\/RC-beXV6oUk\\\/s320\\\/fumigaciones.jpg\"},{\"@type\":\"BreadcrumbList\",\"@id\":\"https:\\\/\\\/pachamamitaecu.org\\\/en\\\/2012\\\/07\\\/02\\\/colombia-seeks-to-resume-aerial-spraying-with-glyphosate\\\/#breadcrumb\",\"itemListElement\":[{\"@type\":\"ListItem\",\"position\":1,\"name\":\"Portada\",\"item\":\"https:\\\/\\\/pachamamitaecu.org\\\/es_es\\\/\"},{\"@type\":\"ListItem\",\"position\":2,\"name\":\"Colombia busca reanudar fumigaciones a\u00e9reas con glifosato.\"}]},{\"@type\":\"WebSite\",\"@id\":\"https:\\\/\\\/pachamamitaecu.org\\\/es_es\\\/#website\",\"url\":\"https:\\\/\\\/pachamamitaecu.org\\\/es_es\\\/\",\"name\":\"PachaMamita Ecuador\",\"description\":\"CULTURA. AGROECOLOG\u00cdA. TURISMO Y CONSUMO RESPONSABLE-ECUADOR.\",\"publisher\":{\"@id\":\"https:\\\/\\\/pachamamitaecu.org\\\/es_es\\\/#organization\"},\"potentialAction\":[{\"@type\":\"SearchAction\",\"target\":{\"@type\":\"EntryPoint\",\"urlTemplate\":\"https:\\\/\\\/pachamamitaecu.org\\\/es_es\\\/?s={search_term_string}\"},\"query-input\":{\"@type\":\"PropertyValueSpecification\",\"valueRequired\":true,\"valueName\":\"search_term_string\"}}],\"inLanguage\":\"es\"},{\"@type\":\"Organization\",\"@id\":\"https:\\\/\\\/pachamamitaecu.org\\\/es_es\\\/#organization\",\"name\":\"PachaMamita Ecuador\",\"url\":\"https:\\\/\\\/pachamamitaecu.org\\\/es_es\\\/\",\"logo\":{\"@type\":\"ImageObject\",\"inLanguage\":\"es\",\"@id\":\"https:\\\/\\\/pachamamitaecu.org\\\/es_es\\\/#\\\/schema\\\/logo\\\/image\\\/\",\"url\":\"https:\\\/\\\/pachamamitaecu.org\\\/wp-content\\\/uploads\\\/2024\\\/04\\\/cropped-Diseno-sin-titulo-13.png\",\"contentUrl\":\"https:\\\/\\\/pachamamitaecu.org\\\/wp-content\\\/uploads\\\/2024\\\/04\\\/cropped-Diseno-sin-titulo-13.png\",\"width\":512,\"height\":512,\"caption\":\"PachaMamita Ecuador\"},\"image\":{\"@id\":\"https:\\\/\\\/pachamamitaecu.org\\\/es_es\\\/#\\\/schema\\\/logo\\\/image\\\/\"},\"sameAs\":[\"https:\\\/\\\/www.facebook.com\\\/pachamamitaecu\"]},{\"@type\":\"Person\",\"@id\":\"https:\\\/\\\/pachamamitaecu.org\\\/es_es\\\/#\\\/schema\\\/person\\\/e8b42afae2451fadab5e0295f02c4593\",\"name\":\"PachaMamita EC\",\"image\":{\"@type\":\"ImageObject\",\"inLanguage\":\"es\",\"@id\":\"https:\\\/\\\/pachamamitaecu.org\\\/wp-content\\\/litespeed\\\/avatar\\\/23494c9101089ad44ae88ce9d2f56aac.jpg?ver=1777350952\",\"url\":\"https:\\\/\\\/pachamamitaecu.org\\\/wp-content\\\/litespeed\\\/avatar\\\/23494c9101089ad44ae88ce9d2f56aac.jpg?ver=1777350952\",\"contentUrl\":\"https:\\\/\\\/pachamamitaecu.org\\\/wp-content\\\/litespeed\\\/avatar\\\/23494c9101089ad44ae88ce9d2f56aac.jpg?ver=1777350952\",\"caption\":\"PachaMamita EC\"},\"url\":\"https:\\\/\\\/pachamamitaecu.org\\\/es_es\\\/author\\\/pachamamita-ec\\\/\"}]}<\/script>\n<!-- \/ Yoast SEO Premium plugin. -->","yoast_head_json":{"title":"Colombia busca reanudar fumigaciones a\u00e9reas con glifosato. - PachaMamita Ecuador","robots":{"index":"index","follow":"follow","max-snippet":"max-snippet:-1","max-image-preview":"max-image-preview:large","max-video-preview":"max-video-preview:-1"},"canonical":"https:\/\/pachamamitaecu.org\/es_es\/2012\/07\/02\/colombia-seeks-to-resume-aerial-spraying-with-glyphosate\/","og_locale":"es_ES","og_type":"article","og_title":"Colombia busca reanudar fumigaciones a\u00e9reas con glifosato.","og_description":"En una reuni\u00f3n de las comunidades de la frontera norte del Ecuador el pasado 16 de Junio, se hizo p\u00fablico un documento realizado por el Ministerio de Defensa Nacional, la Polic\u00eda Nacional y la Direcci\u00f3n Antinarc\u00f3ticos de Colombia, en el que se da una instrucci\u00f3n clara para que se reanuden las fumigaciones a\u00e9reas con glifosato, [...]","og_url":"https:\/\/pachamamitaecu.org\/es_es\/2012\/07\/02\/colombia-seeks-to-resume-aerial-spraying-with-glyphosate\/","og_site_name":"PachaMamita Ecuador","article_publisher":"https:\/\/www.facebook.com\/pachamamitaecu","article_published_time":"2012-07-02T13:02:00+00:00","og_image":[{"url":"http:\/\/2.bp.blogspot.com\/--aat1H3SPuY\/T_Gb7Cn5hOI\/AAAAAAAACPc\/RC-beXV6oUk\/s320\/fumigaciones.jpg","type":"","width":"","height":""}],"author":"PachaMamita EC","twitter_card":"summary_large_image","twitter_misc":{"Escrito por":"PachaMamita EC","Tiempo de lectura":"2 minutos"},"schema":{"@context":"https:\/\/schema.org","@graph":[{"@type":"Article","@id":"https:\/\/pachamamitaecu.org\/en\/2012\/07\/02\/colombia-seeks-to-resume-aerial-spraying-with-glyphosate\/#article","isPartOf":{"@id":"https:\/\/pachamamitaecu.org\/en\/2012\/07\/02\/colombia-seeks-to-resume-aerial-spraying-with-glyphosate\/"},"author":{"name":"PachaMamita EC","@id":"https:\/\/pachamamitaecu.org\/es_es\/#\/schema\/person\/e8b42afae2451fadab5e0295f02c4593"},"headline":"Colombia busca reanudar fumigaciones a\u00e9reas con glifosato.","datePublished":"2012-07-02T13:02:00+00:00","mainEntityOfPage":{"@id":"https:\/\/pachamamitaecu.org\/en\/2012\/07\/02\/colombia-seeks-to-resume-aerial-spraying-with-glyphosate\/"},"wordCount":489,"commentCount":0,"publisher":{"@id":"https:\/\/pachamamitaecu.org\/es_es\/#organization"},"image":{"@id":"https:\/\/pachamamitaecu.org\/en\/2012\/07\/02\/colombia-seeks-to-resume-aerial-spraying-with-glyphosate\/#primaryimage"},"thumbnailUrl":"http:\/\/2.bp.blogspot.com\/--aat1H3SPuY\/T_Gb7Cn5hOI\/AAAAAAAACPc\/RC-beXV6oUk\/s320\/fumigaciones.jpg","articleSection":["noticias"],"inLanguage":"es","potentialAction":[{"@type":"CommentAction","name":"Comment","target":["https:\/\/pachamamitaecu.org\/en\/2012\/07\/02\/colombia-seeks-to-resume-aerial-spraying-with-glyphosate\/#respond"]}]},{"@type":"WebPage","@id":"https:\/\/pachamamitaecu.org\/en\/2012\/07\/02\/colombia-seeks-to-resume-aerial-spraying-with-glyphosate\/","url":"https:\/\/pachamamitaecu.org\/en\/2012\/07\/02\/colombia-seeks-to-resume-aerial-spraying-with-glyphosate\/","name":"Colombia busca reanudar fumigaciones a\u00e9reas con glifosato. - PachaMamita Ecuador","isPartOf":{"@id":"https:\/\/pachamamitaecu.org\/es_es\/#website"},"primaryImageOfPage":{"@id":"https:\/\/pachamamitaecu.org\/en\/2012\/07\/02\/colombia-seeks-to-resume-aerial-spraying-with-glyphosate\/#primaryimage"},"image":{"@id":"https:\/\/pachamamitaecu.org\/en\/2012\/07\/02\/colombia-seeks-to-resume-aerial-spraying-with-glyphosate\/#primaryimage"},"thumbnailUrl":"http:\/\/2.bp.blogspot.com\/--aat1H3SPuY\/T_Gb7Cn5hOI\/AAAAAAAACPc\/RC-beXV6oUk\/s320\/fumigaciones.jpg","datePublished":"2012-07-02T13:02:00+00:00","breadcrumb":{"@id":"https:\/\/pachamamitaecu.org\/en\/2012\/07\/02\/colombia-seeks-to-resume-aerial-spraying-with-glyphosate\/#breadcrumb"},"inLanguage":"es","potentialAction":[{"@type":"ReadAction","target":["https:\/\/pachamamitaecu.org\/en\/2012\/07\/02\/colombia-seeks-to-resume-aerial-spraying-with-glyphosate\/"]}]},{"@type":"ImageObject","inLanguage":"es","@id":"https:\/\/pachamamitaecu.org\/en\/2012\/07\/02\/colombia-seeks-to-resume-aerial-spraying-with-glyphosate\/#primaryimage","url":"http:\/\/2.bp.blogspot.com\/--aat1H3SPuY\/T_Gb7Cn5hOI\/AAAAAAAACPc\/RC-beXV6oUk\/s320\/fumigaciones.jpg","contentUrl":"http:\/\/2.bp.blogspot.com\/--aat1H3SPuY\/T_Gb7Cn5hOI\/AAAAAAAACPc\/RC-beXV6oUk\/s320\/fumigaciones.jpg"},{"@type":"BreadcrumbList","@id":"https:\/\/pachamamitaecu.org\/en\/2012\/07\/02\/colombia-seeks-to-resume-aerial-spraying-with-glyphosate\/#breadcrumb","itemListElement":[{"@type":"ListItem","position":1,"name":"Portada","item":"https:\/\/pachamamitaecu.org\/es_es\/"},{"@type":"ListItem","position":2,"name":"Colombia busca reanudar fumigaciones a\u00e9reas con glifosato."}]},{"@type":"WebSite","@id":"https:\/\/pachamamitaecu.org\/es_es\/#website","url":"https:\/\/pachamamitaecu.org\/es_es\/","name":"PachaMamita Ecuador","description":"CULTURA. AGROECOLOG\u00cdA. TURISMO Y CONSUMO RESPONSABLE-ECUADOR.","publisher":{"@id":"https:\/\/pachamamitaecu.org\/es_es\/#organization"},"potentialAction":[{"@type":"SearchAction","target":{"@type":"EntryPoint","urlTemplate":"https:\/\/pachamamitaecu.org\/es_es\/?s={search_term_string}"},"query-input":{"@type":"PropertyValueSpecification","valueRequired":true,"valueName":"search_term_string"}}],"inLanguage":"es"},{"@type":"Organization","@id":"https:\/\/pachamamitaecu.org\/es_es\/#organization","name":"PachaMamita Ecuador","url":"https:\/\/pachamamitaecu.org\/es_es\/","logo":{"@type":"ImageObject","inLanguage":"es","@id":"https:\/\/pachamamitaecu.org\/es_es\/#\/schema\/logo\/image\/","url":"https:\/\/pachamamitaecu.org\/wp-content\/uploads\/2024\/04\/cropped-Diseno-sin-titulo-13.png","contentUrl":"https:\/\/pachamamitaecu.org\/wp-content\/uploads\/2024\/04\/cropped-Diseno-sin-titulo-13.png","width":512,"height":512,"caption":"PachaMamita Ecuador"},"image":{"@id":"https:\/\/pachamamitaecu.org\/es_es\/#\/schema\/logo\/image\/"},"sameAs":["https:\/\/www.facebook.com\/pachamamitaecu"]},{"@type":"Person","@id":"https:\/\/pachamamitaecu.org\/es_es\/#\/schema\/person\/e8b42afae2451fadab5e0295f02c4593","name":"PachaMamita EC","image":{"@type":"ImageObject","inLanguage":"es","@id":"https:\/\/pachamamitaecu.org\/wp-content\/litespeed\/avatar\/23494c9101089ad44ae88ce9d2f56aac.jpg?ver=1777350952","url":"https:\/\/pachamamitaecu.org\/wp-content\/litespeed\/avatar\/23494c9101089ad44ae88ce9d2f56aac.jpg?ver=1777350952","contentUrl":"https:\/\/pachamamitaecu.org\/wp-content\/litespeed\/avatar\/23494c9101089ad44ae88ce9d2f56aac.jpg?ver=1777350952","caption":"PachaMamita EC"},"url":"https:\/\/pachamamitaecu.org\/es_es\/author\/pachamamita-ec\/"}]}},"_links":{"self":[{"href":"https:\/\/pachamamitaecu.org\/es_es\/wp-json\/wp\/v2\/posts\/906","targetHints":{"allow":["GET"]}}],"collection":[{"href":"https:\/\/pachamamitaecu.org\/es_es\/wp-json\/wp\/v2\/posts"}],"about":[{"href":"https:\/\/pachamamitaecu.org\/es_es\/wp-json\/wp\/v2\/types\/post"}],"author":[{"embeddable":true,"href":"https:\/\/pachamamitaecu.org\/es_es\/wp-json\/wp\/v2\/users\/3"}],"replies":[{"embeddable":true,"href":"https:\/\/pachamamitaecu.org\/es_es\/wp-json\/wp\/v2\/comments?post=906"}],"version-history":[{"count":0,"href":"https:\/\/pachamamitaecu.org\/es_es\/wp-json\/wp\/v2\/posts\/906\/revisions"}],"wp:attachment":[{"href":"https:\/\/pachamamitaecu.org\/es_es\/wp-json\/wp\/v2\/media?parent=906"}],"wp:term":[{"taxonomy":"category","embeddable":true,"href":"https:\/\/pachamamitaecu.org\/es_es\/wp-json\/wp\/v2\/categories?post=906"},{"taxonomy":"post_tag","embeddable":true,"href":"https:\/\/pachamamitaecu.org\/es_es\/wp-json\/wp\/v2\/tags?post=906"}],"curies":[{"name":"wp","href":"https:\/\/api.w.org\/{rel}","templated":true}]}}