{"id":986,"date":"2012-04-20T17:23:00","date_gmt":"2012-04-20T17:23:00","guid":{"rendered":"http:\/\/pachamamitaecu-org-720647.hostingersite.com\/2012\/04\/20\/libro-rojo-de-los-mamiferos-en-ecuador\/"},"modified":"2023-03-01T15:27:25","modified_gmt":"2023-03-01T15:27:25","slug":"libro-rojo-de-los-mamiferos-en-ecuador","status":"publish","type":"post","link":"https:\/\/pachamamitaecu.org\/es_es\/2012\/04\/20\/libro-rojo-de-los-mamiferos-en-ecuador\/","title":{"rendered":"Libro Rojo de los Mam\u00edferos en Ecuador"},"content":{"rendered":"<div style=\"clear: both; text-align: center;\"><a href=\"http:\/\/2.bp.blogspot.com\/-IlSS2hQ3y74\/T5GaoATG3oI\/AAAAAAAAB8M\/UGZ_afKMHf8\/s1600\/libro-rojo-mam%C3%ADfeors-del-ecuador.png\" style=\"clear: left; float: left; margin-bottom: 1em; margin-right: 1em;\"><img decoding=\"async\" border=\"0\" height=\"320\" data-src=\"http:\/\/2.bp.blogspot.com\/-IlSS2hQ3y74\/T5GaoATG3oI\/AAAAAAAAB8M\/UGZ_afKMHf8\/s320\/libro-rojo-mam%C3%ADfeors-del-ecuador.png\" width=\"222\" src=\"data:image\/svg+xml;base64,PHN2ZyB3aWR0aD0iMSIgaGVpZ2h0PSIxIiB4bWxucz0iaHR0cDovL3d3dy53My5vcmcvMjAwMC9zdmciPjwvc3ZnPg==\" class=\"lazyload\" style=\"--smush-placeholder-width: 222px; --smush-placeholder-aspect-ratio: 222\/320;\" \/><\/a><\/div>\n<div style=\"text-align: justify;\"><span style=\"font-family: Times, 'Times New Roman', serif; font-size: large;\">Una de las herramientas m\u00e1s importantes para la&nbsp;conservaci\u00f3n de&nbsp;la vida silvestre&nbsp;del planeta son los&nbsp;<\/span><\/div>\n<div style=\"text-align: justify;\"><span style=\"font-family: Times, 'Times New Roman', serif; font-size: large;\">llamados \u201clibros&nbsp;rojos\u201d, que incluyen informaci\u00f3n sobre especies en peligro de extinci\u00f3n&nbsp;y est\u00e1n organizados de acuerdo con&nbsp;el grado de amenaza de cada especie.<\/span><\/div>\n<div style=\"text-align: justify;\"><span style=\"font-family: Times, 'Times New Roman', serif; font-size: large;\"><br \/><\/span><\/div>\n<div style=\"text-align: justify;\"><span style=\"font-family: Times, 'Times New Roman', serif; font-size: large;\">Su importancia radica en que son&nbsp;reconocidos como documentos oficiales en sus pa\u00edses y cuentan con la&nbsp;<\/span><span style=\"font-family: Times, 'Times New Roman', serif; font-size: large;\">participaci\u00f3n y apoyo de gobiernos,&nbsp;<\/span><span style=\"font-family: Times, 'Times New Roman', serif; font-size: large;\">ONGs, universidades, centros de&nbsp;<\/span><span style=\"font-family: Times, 'Times New Roman', serif; font-size: large;\">investigaci\u00f3n, medios de comunicaci\u00f3n y p\u00fablico en general.<\/span><\/div>\n<div style=\"text-align: justify;\"><span style=\"font-family: Times, 'Times New Roman', serif; font-size: large;\"><br \/><\/span><\/div>\n<div style=\"text-align: justify;\"><span style=\"font-family: Times, 'Times New Roman', serif; font-size: large;\">Diez a\u00f1os m\u00e1s tarde de la publicaci\u00f3n del primer Libro Rojo de los mam\u00edferos del Ecuador, se presenta su segunda edici\u00f3n. Este nuevo esfuerzo&nbsp;se inici\u00f3 en 2007 y es un esfuerzo conjunto de la Escuela de Ciencias&nbsp;Biol\u00f3gicas de la PUCE, de la Fundaci\u00f3n para el Estudio y Conservaci\u00f3n&nbsp;de los Mam\u00edferos del Ecuador y de&nbsp;la Direcci\u00f3n Nacional de Biodiversidad del Ministerio del Ambiente del&nbsp;Ecuador.&nbsp;<\/span><\/div>\n<div style=\"text-align: justify;\"><span style=\"font-family: Times, 'Times New Roman', serif; font-size: large;\"><br \/><\/span><\/div>\n<div style=\"text-align: justify;\"><span style=\"font-family: Times, 'Times New Roman', serif; font-size: large;\">En esta nueva edici\u00f3n, por primera vez, se evalu\u00f3 la totalidad de las&nbsp;especies de mam\u00edferos actualmente&nbsp;<\/span><span style=\"font-family: Times, 'Times New Roman', serif; font-size: large;\">reconocidas para el Ecuador (un total de 404 especies), gracias al aporte&nbsp;<\/span><span style=\"font-family: Times, 'Times New Roman', serif; font-size: large;\">de 50 cient\u00edficos y t\u00e9cnicos que contribuyeron desinteresadamente con&nbsp;<\/span><span style=\"font-family: Times, 'Times New Roman', serif; font-size: large;\">su informaci\u00f3n (este n\u00famero supera&nbsp;<\/span><span style=\"font-family: Times, 'Times New Roman', serif; font-size: large;\">en cuatro veces al total de personas&nbsp;<\/span><span style=\"font-family: Times, 'Times New Roman', serif; font-size: large;\">que intervinieron en la primera edici\u00f3n). Los colaboradores pertenecen&nbsp;<\/span><span style=\"font-family: Times, 'Times New Roman', serif; font-size: large;\">a m\u00e1s de 30 instituciones del Ecuador y de otros pa\u00edses, como EE.UU.,&nbsp;<\/span><span style=\"font-family: Times, 'Times New Roman', serif; font-size: large;\">Canad\u00e1 e Inglaterra.<\/span><\/div>\n<div style=\"text-align: justify;\"><span style=\"font-family: Times, 'Times New Roman', serif; font-size: large;\"><br \/><\/span><\/div>\n<div style=\"text-align: justify;\"><span style=\"font-family: Times, 'Times New Roman', serif; font-size: large;\">Los datos obtenidos en esta&nbsp;nueva edici\u00f3n del Libro Rojo no son&nbsp;alentadores. De hecho, el&nbsp;Ecuador se ubica como el&nbsp;segundo pa\u00eds con el mayor n\u00famero de especies&nbsp;amenazadas en el planeta,&nbsp;solo detr\u00e1s de Indonesia.&nbsp;<\/span><\/div>\n<div style=\"text-align: justify;\"><span style=\"font-family: Times, 'Times New Roman', serif; font-size: large;\"><br \/><\/span><\/div>\n<div style=\"text-align: justify;\"><span style=\"font-family: Times, 'Times New Roman', serif; font-size: large;\">Este incremento de especies amenazadas destaca,&nbsp;por una parte, la intensa&nbsp;deforestaci\u00f3n de bosques&nbsp;y la sobreexplotaci\u00f3n de&nbsp;recursos naturales; por&nbsp;otra, la peque\u00f1a superficie que tiene el pa\u00eds y su&nbsp;alta diversidad biol\u00f3gica,&nbsp;por lo cual ha sido considerado como uno de los&nbsp;pa\u00edses megadiversos del&nbsp;planeta.<\/span><\/div>\n<div style=\"text-align: justify;\"><span style=\"font-family: Times, 'Times New Roman', serif; font-size: large;\"><br \/><\/span><\/div>\n<div style=\"text-align: justify;\"><span style=\"font-family: Times, 'Times New Roman', serif; font-size: large;\">De acuerdo con esta&nbsp;evaluaci\u00f3n, en Ecuador&nbsp;se han extinguido cuatro&nbsp;especies de mam\u00edferos&nbsp;(todas en las islas Gal\u00e1pagos), 105 especies est\u00e1n amenazadas, 36 casi amenazadas&nbsp;y 74 carecen de informaci\u00f3n sobre su&nbsp;estado de conservaci\u00f3n (categor\u00eda de&nbsp;Datos Insuficientes). As\u00ed tenemos un&nbsp;total de 219 especies (lo que representa un 53% de los mam\u00edferos del&nbsp;pa\u00eds); mientras que apenas un 45% de&nbsp;las especies de mam\u00edferos no tienen&nbsp;problemas referentes a su supervivencia y figuran dentro de la categor\u00eda de Preocupaci\u00f3n Menor.<\/span><\/div>\n<div style=\"text-align: justify;\"><span style=\"font-family: Times, 'Times New Roman', serif; font-size: large;\"><br \/><\/span><\/div>\n<div style=\"text-align: justify;\"><span style=\"font-family: Times, 'Times New Roman', serif; font-size: large;\">La publicaci\u00f3n de esta&nbsp;segunda edici\u00f3n del  Libro Rojo de los mam\u00edferos del&nbsp;Ecuador incluye por primera vez el uso de dos formatos: una versi\u00f3n impresa&nbsp;(400 p\u00e1ginas a todo color&nbsp;en tama\u00f1o A5) y otra en&nbsp;l\u00ednea de acceso libre en el&nbsp;dominio: <a href=\"http:\/\/www.librorojo.mamiferosdelecuador.com\/\">www.librorojo.mamiferosdelecuador.com<\/a>.<\/span><\/div>\n<div style=\"text-align: justify;\"><span style=\"font-family: Times, 'Times New Roman', serif; font-size: large;\"><br \/><\/span><\/div>\n<div style=\"text-align: justify;\"><span style=\"font-family: Times, 'Times New Roman', serif; font-size: large;\">Cabe mencionar que los ingresos&nbsp;producto de las ventas de la versi\u00f3n&nbsp;impresa del Libro Rojo de los mam\u00edferos&nbsp;del Ecuador, ser\u00e1 reinvertido en proyectos de conservaci\u00f3n.<\/span><\/div>\n<div style=\"text-align: justify;\"><span style=\"font-family: Times, 'Times New Roman', serif; font-size: large;\"><br \/><\/span><\/div>\n<div style=\"text-align: justify;\"><span style=\"font-family: Times, 'Times New Roman', serif; font-size: large;\">Esta publicaci\u00f3n fue posible gracias al auspicio de las siguientes instituciones: Editorial Murci\u00e9lago Blanco, Ecofondo, Mam\u00edferos y Conservaci\u00f3n, Ministerio de Ambiente y &nbsp;Pontificia Universidad Cat\u00f3lica del Ecuador.<\/span><\/div>\n<div style=\"text-align: justify;\"><span style=\"font-family: Times, 'Times New Roman', serif; font-size: large;\"><br \/><\/span><\/div>\n<div style=\"text-align: justify;\"><span style=\"font-family: Times, 'Times New Roman', serif; font-size: large;\">FUENTE:<a href=\"http:\/\/www.biologia.puce.edu.ec\/imagesFTP\/11333.Revista_Nuestra_Ciencia_No.13op.pdf\"> Revista Nuestra Ciencia (PUCE).<\/a><\/span><\/div>\n<div class=\"pvc_clear\"><\/div>\n<p id=\"pvc_stats_986\" class=\"pvc_stats total_only  \" data-element-id=\"986\" style=\"\"><i class=\"pvc-stats-icon medium\" aria-hidden=\"true\"><svg aria-hidden=\"true\" focusable=\"false\" data-prefix=\"far\" data-icon=\"chart-bar\" role=\"img\" xmlns=\"http:\/\/www.w3.org\/2000\/svg\" viewBox=\"0 0 512 512\" class=\"svg-inline--fa fa-chart-bar fa-w-16 fa-2x\"><path fill=\"currentColor\" d=\"M396.8 352h22.4c6.4 0 12.8-6.4 12.8-12.8V108.8c0-6.4-6.4-12.8-12.8-12.8h-22.4c-6.4 0-12.8 6.4-12.8 12.8v230.4c0 6.4 6.4 12.8 12.8 12.8zm-192 0h22.4c6.4 0 12.8-6.4 12.8-12.8V140.8c0-6.4-6.4-12.8-12.8-12.8h-22.4c-6.4 0-12.8 6.4-12.8 12.8v198.4c0 6.4 6.4 12.8 12.8 12.8zm96 0h22.4c6.4 0 12.8-6.4 12.8-12.8V204.8c0-6.4-6.4-12.8-12.8-12.8h-22.4c-6.4 0-12.8 6.4-12.8 12.8v134.4c0 6.4 6.4 12.8 12.8 12.8zM496 400H48V80c0-8.84-7.16-16-16-16H16C7.16 64 0 71.16 0 80v336c0 17.67 14.33 32 32 32h464c8.84 0 16-7.16 16-16v-16c0-8.84-7.16-16-16-16zm-387.2-48h22.4c6.4 0 12.8-6.4 12.8-12.8v-70.4c0-6.4-6.4-12.8-12.8-12.8h-22.4c-6.4 0-12.8 6.4-12.8 12.8v70.4c0 6.4 6.4 12.8 12.8 12.8z\" class=\"\"><\/path><\/svg><\/i> <img decoding=\"async\" width=\"16\" height=\"16\" alt=\"Loading\" data-src=\"https:\/\/pachamamitaecu.org\/wp-content\/plugins\/page-views-count\/ajax-loader-2x.gif\" border=0 src=\"data:image\/svg+xml;base64,PHN2ZyB3aWR0aD0iMSIgaGVpZ2h0PSIxIiB4bWxucz0iaHR0cDovL3d3dy53My5vcmcvMjAwMC9zdmciPjwvc3ZnPg==\" class=\"lazyload\" style=\"--smush-placeholder-width: 16px; --smush-placeholder-aspect-ratio: 16\/16;\" \/><\/p>\n<div class=\"pvc_clear\"><\/div>\n","protected":false},"excerpt":{"rendered":"<p>Una de las herramientas m\u00e1s importantes para la&nbsp;conservaci\u00f3n de&nbsp;la vida silvestre&nbsp;del planeta son los&nbsp; llamados \u201clibros&nbsp;rojos\u201d, que incluyen informaci\u00f3n sobre especies en peligro de extinci\u00f3n&nbsp;y est\u00e1n organizados de acuerdo con&nbsp;el grado de amenaza de cada especie. Su importancia radica en que son&nbsp;reconocidos como documentos oficiales en sus pa\u00edses y cuentan con la&nbsp;participaci\u00f3n y apoyo de [&#8230;]\n","protected":false},"author":3,"featured_media":0,"comment_status":"open","ping_status":"closed","sticky":false,"template":"","format":"standard","meta":{"footnotes":""},"categories":[175,159,342,172,541,131],"tags":[],"class_list":["post-986","post","type-post","status-publish","format-standard","hentry","category-conservacion","category-consumo-responsable","category-ecuador","category-especie-en-extincion","category-libro-rojo-mamiferos","category-turismo-responsable"],"a3_pvc":{"activated":true,"total_views":70,"today_views":0},"yoast_head":"<!-- This site is optimized with the Yoast SEO Premium plugin v24.2 (Yoast SEO v27.4) - https:\/\/yoast.com\/product\/yoast-seo-premium-wordpress\/ -->\n<title>Libro Rojo de los Mam\u00edferos en Ecuador - PachaMamita Ecuador<\/title>\n<meta name=\"robots\" content=\"index, follow, max-snippet:-1, max-image-preview:large, max-video-preview:-1\" \/>\n<link rel=\"canonical\" href=\"https:\/\/pachamamitaecu.org\/es_es\/2012\/04\/20\/libro-rojo-de-los-mamiferos-en-ecuador\/\" \/>\n<meta property=\"og:locale\" content=\"es_ES\" \/>\n<meta property=\"og:type\" content=\"article\" \/>\n<meta property=\"og:title\" content=\"Libro Rojo de los Mam\u00edferos en Ecuador\" \/>\n<meta property=\"og:description\" content=\"Una de las herramientas m\u00e1s importantes para la&nbsp;conservaci\u00f3n de&nbsp;la vida silvestre&nbsp;del planeta son los&nbsp; llamados \u201clibros&nbsp;rojos\u201d, que incluyen informaci\u00f3n sobre especies en peligro de extinci\u00f3n&nbsp;y est\u00e1n organizados de acuerdo con&nbsp;el grado de amenaza de cada especie. Su importancia radica en que son&nbsp;reconocidos como documentos oficiales en sus pa\u00edses y cuentan con la&nbsp;participaci\u00f3n y apoyo de [...]\" \/>\n<meta property=\"og:url\" content=\"https:\/\/pachamamitaecu.org\/es_es\/2012\/04\/20\/libro-rojo-de-los-mamiferos-en-ecuador\/\" \/>\n<meta property=\"og:site_name\" content=\"PachaMamita Ecuador\" \/>\n<meta property=\"article:publisher\" content=\"https:\/\/www.facebook.com\/pachamamitaecu\" \/>\n<meta property=\"article:published_time\" content=\"2012-04-20T17:23:00+00:00\" \/>\n<meta property=\"article:modified_time\" content=\"2023-03-01T15:27:25+00:00\" \/>\n<meta property=\"og:image\" content=\"http:\/\/2.bp.blogspot.com\/-IlSS2hQ3y74\/T5GaoATG3oI\/AAAAAAAAB8M\/UGZ_afKMHf8\/s320\/libro-rojo-mam%C3%ADfeors-del-ecuador.png\" \/>\n<meta name=\"author\" content=\"PachaMamita EC\" \/>\n<meta name=\"twitter:card\" content=\"summary_large_image\" \/>\n<meta name=\"twitter:label1\" content=\"Escrito por\" \/>\n\t<meta name=\"twitter:data1\" content=\"PachaMamita EC\" \/>\n\t<meta name=\"twitter:label2\" content=\"Tiempo de lectura\" \/>\n\t<meta name=\"twitter:data2\" content=\"3 minutos\" \/>\n<script type=\"application\/ld+json\" class=\"yoast-schema-graph\">{\"@context\":\"https:\\\/\\\/schema.org\",\"@graph\":[{\"@type\":\"Article\",\"@id\":\"https:\\\/\\\/pachamamitaecu.org\\\/es_es\\\/2012\\\/04\\\/20\\\/libro-rojo-de-los-mamiferos-en-ecuador\\\/#article\",\"isPartOf\":{\"@id\":\"https:\\\/\\\/pachamamitaecu.org\\\/es_es\\\/2012\\\/04\\\/20\\\/libro-rojo-de-los-mamiferos-en-ecuador\\\/\"},\"author\":{\"name\":\"PachaMamita EC\",\"@id\":\"https:\\\/\\\/pachamamitaecu.org\\\/es_es\\\/#\\\/schema\\\/person\\\/e8b42afae2451fadab5e0295f02c4593\"},\"headline\":\"Libro Rojo de los Mam\u00edferos en Ecuador\",\"datePublished\":\"2012-04-20T17:23:00+00:00\",\"dateModified\":\"2023-03-01T15:27:25+00:00\",\"mainEntityOfPage\":{\"@id\":\"https:\\\/\\\/pachamamitaecu.org\\\/es_es\\\/2012\\\/04\\\/20\\\/libro-rojo-de-los-mamiferos-en-ecuador\\\/\"},\"wordCount\":620,\"commentCount\":0,\"publisher\":{\"@id\":\"https:\\\/\\\/pachamamitaecu.org\\\/es_es\\\/#organization\"},\"image\":{\"@id\":\"https:\\\/\\\/pachamamitaecu.org\\\/es_es\\\/2012\\\/04\\\/20\\\/libro-rojo-de-los-mamiferos-en-ecuador\\\/#primaryimage\"},\"thumbnailUrl\":\"http:\\\/\\\/2.bp.blogspot.com\\\/-IlSS2hQ3y74\\\/T5GaoATG3oI\\\/AAAAAAAAB8M\\\/UGZ_afKMHf8\\\/s320\\\/libro-rojo-mam%C3%ADfeors-del-ecuador.png\",\"articleSection\":[\"CONSERVACI\u00d3N\",\"CONSUMO RESPONSABLE\",\"ecuador\",\"especie en extinci\u00f3n\",\"libro rojo mamiferos\",\"turismo responsable\"],\"inLanguage\":\"es\",\"potentialAction\":[{\"@type\":\"CommentAction\",\"name\":\"Comment\",\"target\":[\"https:\\\/\\\/pachamamitaecu.org\\\/es_es\\\/2012\\\/04\\\/20\\\/libro-rojo-de-los-mamiferos-en-ecuador\\\/#respond\"]}]},{\"@type\":\"WebPage\",\"@id\":\"https:\\\/\\\/pachamamitaecu.org\\\/es_es\\\/2012\\\/04\\\/20\\\/libro-rojo-de-los-mamiferos-en-ecuador\\\/\",\"url\":\"https:\\\/\\\/pachamamitaecu.org\\\/es_es\\\/2012\\\/04\\\/20\\\/libro-rojo-de-los-mamiferos-en-ecuador\\\/\",\"name\":\"Libro Rojo de los Mam\u00edferos en Ecuador - PachaMamita Ecuador\",\"isPartOf\":{\"@id\":\"https:\\\/\\\/pachamamitaecu.org\\\/es_es\\\/#website\"},\"primaryImageOfPage\":{\"@id\":\"https:\\\/\\\/pachamamitaecu.org\\\/es_es\\\/2012\\\/04\\\/20\\\/libro-rojo-de-los-mamiferos-en-ecuador\\\/#primaryimage\"},\"image\":{\"@id\":\"https:\\\/\\\/pachamamitaecu.org\\\/es_es\\\/2012\\\/04\\\/20\\\/libro-rojo-de-los-mamiferos-en-ecuador\\\/#primaryimage\"},\"thumbnailUrl\":\"http:\\\/\\\/2.bp.blogspot.com\\\/-IlSS2hQ3y74\\\/T5GaoATG3oI\\\/AAAAAAAAB8M\\\/UGZ_afKMHf8\\\/s320\\\/libro-rojo-mam%C3%ADfeors-del-ecuador.png\",\"datePublished\":\"2012-04-20T17:23:00+00:00\",\"dateModified\":\"2023-03-01T15:27:25+00:00\",\"breadcrumb\":{\"@id\":\"https:\\\/\\\/pachamamitaecu.org\\\/es_es\\\/2012\\\/04\\\/20\\\/libro-rojo-de-los-mamiferos-en-ecuador\\\/#breadcrumb\"},\"inLanguage\":\"es\",\"potentialAction\":[{\"@type\":\"ReadAction\",\"target\":[\"https:\\\/\\\/pachamamitaecu.org\\\/es_es\\\/2012\\\/04\\\/20\\\/libro-rojo-de-los-mamiferos-en-ecuador\\\/\"]}]},{\"@type\":\"ImageObject\",\"inLanguage\":\"es\",\"@id\":\"https:\\\/\\\/pachamamitaecu.org\\\/es_es\\\/2012\\\/04\\\/20\\\/libro-rojo-de-los-mamiferos-en-ecuador\\\/#primaryimage\",\"url\":\"http:\\\/\\\/2.bp.blogspot.com\\\/-IlSS2hQ3y74\\\/T5GaoATG3oI\\\/AAAAAAAAB8M\\\/UGZ_afKMHf8\\\/s320\\\/libro-rojo-mam%C3%ADfeors-del-ecuador.png\",\"contentUrl\":\"http:\\\/\\\/2.bp.blogspot.com\\\/-IlSS2hQ3y74\\\/T5GaoATG3oI\\\/AAAAAAAAB8M\\\/UGZ_afKMHf8\\\/s320\\\/libro-rojo-mam%C3%ADfeors-del-ecuador.png\"},{\"@type\":\"BreadcrumbList\",\"@id\":\"https:\\\/\\\/pachamamitaecu.org\\\/es_es\\\/2012\\\/04\\\/20\\\/libro-rojo-de-los-mamiferos-en-ecuador\\\/#breadcrumb\",\"itemListElement\":[{\"@type\":\"ListItem\",\"position\":1,\"name\":\"Portada\",\"item\":\"https:\\\/\\\/pachamamitaecu.org\\\/es_es\\\/\"},{\"@type\":\"ListItem\",\"position\":2,\"name\":\"Libro Rojo de los Mam\u00edferos en Ecuador\"}]},{\"@type\":\"WebSite\",\"@id\":\"https:\\\/\\\/pachamamitaecu.org\\\/es_es\\\/#website\",\"url\":\"https:\\\/\\\/pachamamitaecu.org\\\/es_es\\\/\",\"name\":\"PachaMamita Ecuador\",\"description\":\"CULTURA. AGROECOLOG\u00cdA. TURISMO Y CONSUMO RESPONSABLE-ECUADOR.\",\"publisher\":{\"@id\":\"https:\\\/\\\/pachamamitaecu.org\\\/es_es\\\/#organization\"},\"potentialAction\":[{\"@type\":\"SearchAction\",\"target\":{\"@type\":\"EntryPoint\",\"urlTemplate\":\"https:\\\/\\\/pachamamitaecu.org\\\/es_es\\\/?s={search_term_string}\"},\"query-input\":{\"@type\":\"PropertyValueSpecification\",\"valueRequired\":true,\"valueName\":\"search_term_string\"}}],\"inLanguage\":\"es\"},{\"@type\":\"Organization\",\"@id\":\"https:\\\/\\\/pachamamitaecu.org\\\/es_es\\\/#organization\",\"name\":\"PachaMamita Ecuador\",\"url\":\"https:\\\/\\\/pachamamitaecu.org\\\/es_es\\\/\",\"logo\":{\"@type\":\"ImageObject\",\"inLanguage\":\"es\",\"@id\":\"https:\\\/\\\/pachamamitaecu.org\\\/es_es\\\/#\\\/schema\\\/logo\\\/image\\\/\",\"url\":\"https:\\\/\\\/pachamamitaecu.org\\\/wp-content\\\/uploads\\\/2024\\\/04\\\/cropped-Diseno-sin-titulo-13.png\",\"contentUrl\":\"https:\\\/\\\/pachamamitaecu.org\\\/wp-content\\\/uploads\\\/2024\\\/04\\\/cropped-Diseno-sin-titulo-13.png\",\"width\":512,\"height\":512,\"caption\":\"PachaMamita Ecuador\"},\"image\":{\"@id\":\"https:\\\/\\\/pachamamitaecu.org\\\/es_es\\\/#\\\/schema\\\/logo\\\/image\\\/\"},\"sameAs\":[\"https:\\\/\\\/www.facebook.com\\\/pachamamitaecu\"]},{\"@type\":\"Person\",\"@id\":\"https:\\\/\\\/pachamamitaecu.org\\\/es_es\\\/#\\\/schema\\\/person\\\/e8b42afae2451fadab5e0295f02c4593\",\"name\":\"PachaMamita EC\",\"image\":{\"@type\":\"ImageObject\",\"inLanguage\":\"es\",\"@id\":\"https:\\\/\\\/pachamamitaecu.org\\\/wp-content\\\/litespeed\\\/avatar\\\/23494c9101089ad44ae88ce9d2f56aac.jpg?ver=1777350952\",\"url\":\"https:\\\/\\\/pachamamitaecu.org\\\/wp-content\\\/litespeed\\\/avatar\\\/23494c9101089ad44ae88ce9d2f56aac.jpg?ver=1777350952\",\"contentUrl\":\"https:\\\/\\\/pachamamitaecu.org\\\/wp-content\\\/litespeed\\\/avatar\\\/23494c9101089ad44ae88ce9d2f56aac.jpg?ver=1777350952\",\"caption\":\"PachaMamita EC\"},\"url\":\"https:\\\/\\\/pachamamitaecu.org\\\/es_es\\\/author\\\/pachamamita-ec\\\/\"}]}<\/script>\n<!-- \/ Yoast SEO Premium plugin. -->","yoast_head_json":{"title":"Libro Rojo de los Mam\u00edferos en Ecuador - PachaMamita Ecuador","robots":{"index":"index","follow":"follow","max-snippet":"max-snippet:-1","max-image-preview":"max-image-preview:large","max-video-preview":"max-video-preview:-1"},"canonical":"https:\/\/pachamamitaecu.org\/es_es\/2012\/04\/20\/libro-rojo-de-los-mamiferos-en-ecuador\/","og_locale":"es_ES","og_type":"article","og_title":"Libro Rojo de los Mam\u00edferos en Ecuador","og_description":"Una de las herramientas m\u00e1s importantes para la&nbsp;conservaci\u00f3n de&nbsp;la vida silvestre&nbsp;del planeta son los&nbsp; llamados \u201clibros&nbsp;rojos\u201d, que incluyen informaci\u00f3n sobre especies en peligro de extinci\u00f3n&nbsp;y est\u00e1n organizados de acuerdo con&nbsp;el grado de amenaza de cada especie. Su importancia radica en que son&nbsp;reconocidos como documentos oficiales en sus pa\u00edses y cuentan con la&nbsp;participaci\u00f3n y apoyo de [...]","og_url":"https:\/\/pachamamitaecu.org\/es_es\/2012\/04\/20\/libro-rojo-de-los-mamiferos-en-ecuador\/","og_site_name":"PachaMamita Ecuador","article_publisher":"https:\/\/www.facebook.com\/pachamamitaecu","article_published_time":"2012-04-20T17:23:00+00:00","article_modified_time":"2023-03-01T15:27:25+00:00","og_image":[{"url":"http:\/\/2.bp.blogspot.com\/-IlSS2hQ3y74\/T5GaoATG3oI\/AAAAAAAAB8M\/UGZ_afKMHf8\/s320\/libro-rojo-mam%C3%ADfeors-del-ecuador.png","type":"","width":"","height":""}],"author":"PachaMamita EC","twitter_card":"summary_large_image","twitter_misc":{"Escrito por":"PachaMamita EC","Tiempo de lectura":"3 minutos"},"schema":{"@context":"https:\/\/schema.org","@graph":[{"@type":"Article","@id":"https:\/\/pachamamitaecu.org\/es_es\/2012\/04\/20\/libro-rojo-de-los-mamiferos-en-ecuador\/#article","isPartOf":{"@id":"https:\/\/pachamamitaecu.org\/es_es\/2012\/04\/20\/libro-rojo-de-los-mamiferos-en-ecuador\/"},"author":{"name":"PachaMamita EC","@id":"https:\/\/pachamamitaecu.org\/es_es\/#\/schema\/person\/e8b42afae2451fadab5e0295f02c4593"},"headline":"Libro Rojo de los Mam\u00edferos en Ecuador","datePublished":"2012-04-20T17:23:00+00:00","dateModified":"2023-03-01T15:27:25+00:00","mainEntityOfPage":{"@id":"https:\/\/pachamamitaecu.org\/es_es\/2012\/04\/20\/libro-rojo-de-los-mamiferos-en-ecuador\/"},"wordCount":620,"commentCount":0,"publisher":{"@id":"https:\/\/pachamamitaecu.org\/es_es\/#organization"},"image":{"@id":"https:\/\/pachamamitaecu.org\/es_es\/2012\/04\/20\/libro-rojo-de-los-mamiferos-en-ecuador\/#primaryimage"},"thumbnailUrl":"http:\/\/2.bp.blogspot.com\/-IlSS2hQ3y74\/T5GaoATG3oI\/AAAAAAAAB8M\/UGZ_afKMHf8\/s320\/libro-rojo-mam%C3%ADfeors-del-ecuador.png","articleSection":["CONSERVACI\u00d3N","CONSUMO RESPONSABLE","ecuador","especie en extinci\u00f3n","libro rojo mamiferos","turismo responsable"],"inLanguage":"es","potentialAction":[{"@type":"CommentAction","name":"Comment","target":["https:\/\/pachamamitaecu.org\/es_es\/2012\/04\/20\/libro-rojo-de-los-mamiferos-en-ecuador\/#respond"]}]},{"@type":"WebPage","@id":"https:\/\/pachamamitaecu.org\/es_es\/2012\/04\/20\/libro-rojo-de-los-mamiferos-en-ecuador\/","url":"https:\/\/pachamamitaecu.org\/es_es\/2012\/04\/20\/libro-rojo-de-los-mamiferos-en-ecuador\/","name":"Libro Rojo de los Mam\u00edferos en Ecuador - PachaMamita Ecuador","isPartOf":{"@id":"https:\/\/pachamamitaecu.org\/es_es\/#website"},"primaryImageOfPage":{"@id":"https:\/\/pachamamitaecu.org\/es_es\/2012\/04\/20\/libro-rojo-de-los-mamiferos-en-ecuador\/#primaryimage"},"image":{"@id":"https:\/\/pachamamitaecu.org\/es_es\/2012\/04\/20\/libro-rojo-de-los-mamiferos-en-ecuador\/#primaryimage"},"thumbnailUrl":"http:\/\/2.bp.blogspot.com\/-IlSS2hQ3y74\/T5GaoATG3oI\/AAAAAAAAB8M\/UGZ_afKMHf8\/s320\/libro-rojo-mam%C3%ADfeors-del-ecuador.png","datePublished":"2012-04-20T17:23:00+00:00","dateModified":"2023-03-01T15:27:25+00:00","breadcrumb":{"@id":"https:\/\/pachamamitaecu.org\/es_es\/2012\/04\/20\/libro-rojo-de-los-mamiferos-en-ecuador\/#breadcrumb"},"inLanguage":"es","potentialAction":[{"@type":"ReadAction","target":["https:\/\/pachamamitaecu.org\/es_es\/2012\/04\/20\/libro-rojo-de-los-mamiferos-en-ecuador\/"]}]},{"@type":"ImageObject","inLanguage":"es","@id":"https:\/\/pachamamitaecu.org\/es_es\/2012\/04\/20\/libro-rojo-de-los-mamiferos-en-ecuador\/#primaryimage","url":"http:\/\/2.bp.blogspot.com\/-IlSS2hQ3y74\/T5GaoATG3oI\/AAAAAAAAB8M\/UGZ_afKMHf8\/s320\/libro-rojo-mam%C3%ADfeors-del-ecuador.png","contentUrl":"http:\/\/2.bp.blogspot.com\/-IlSS2hQ3y74\/T5GaoATG3oI\/AAAAAAAAB8M\/UGZ_afKMHf8\/s320\/libro-rojo-mam%C3%ADfeors-del-ecuador.png"},{"@type":"BreadcrumbList","@id":"https:\/\/pachamamitaecu.org\/es_es\/2012\/04\/20\/libro-rojo-de-los-mamiferos-en-ecuador\/#breadcrumb","itemListElement":[{"@type":"ListItem","position":1,"name":"Portada","item":"https:\/\/pachamamitaecu.org\/es_es\/"},{"@type":"ListItem","position":2,"name":"Libro Rojo de los Mam\u00edferos en Ecuador"}]},{"@type":"WebSite","@id":"https:\/\/pachamamitaecu.org\/es_es\/#website","url":"https:\/\/pachamamitaecu.org\/es_es\/","name":"PachaMamita Ecuador","description":"CULTURA. AGROECOLOG\u00cdA. TURISMO Y CONSUMO RESPONSABLE-ECUADOR.","publisher":{"@id":"https:\/\/pachamamitaecu.org\/es_es\/#organization"},"potentialAction":[{"@type":"SearchAction","target":{"@type":"EntryPoint","urlTemplate":"https:\/\/pachamamitaecu.org\/es_es\/?s={search_term_string}"},"query-input":{"@type":"PropertyValueSpecification","valueRequired":true,"valueName":"search_term_string"}}],"inLanguage":"es"},{"@type":"Organization","@id":"https:\/\/pachamamitaecu.org\/es_es\/#organization","name":"PachaMamita Ecuador","url":"https:\/\/pachamamitaecu.org\/es_es\/","logo":{"@type":"ImageObject","inLanguage":"es","@id":"https:\/\/pachamamitaecu.org\/es_es\/#\/schema\/logo\/image\/","url":"https:\/\/pachamamitaecu.org\/wp-content\/uploads\/2024\/04\/cropped-Diseno-sin-titulo-13.png","contentUrl":"https:\/\/pachamamitaecu.org\/wp-content\/uploads\/2024\/04\/cropped-Diseno-sin-titulo-13.png","width":512,"height":512,"caption":"PachaMamita Ecuador"},"image":{"@id":"https:\/\/pachamamitaecu.org\/es_es\/#\/schema\/logo\/image\/"},"sameAs":["https:\/\/www.facebook.com\/pachamamitaecu"]},{"@type":"Person","@id":"https:\/\/pachamamitaecu.org\/es_es\/#\/schema\/person\/e8b42afae2451fadab5e0295f02c4593","name":"PachaMamita EC","image":{"@type":"ImageObject","inLanguage":"es","@id":"https:\/\/pachamamitaecu.org\/wp-content\/litespeed\/avatar\/23494c9101089ad44ae88ce9d2f56aac.jpg?ver=1777350952","url":"https:\/\/pachamamitaecu.org\/wp-content\/litespeed\/avatar\/23494c9101089ad44ae88ce9d2f56aac.jpg?ver=1777350952","contentUrl":"https:\/\/pachamamitaecu.org\/wp-content\/litespeed\/avatar\/23494c9101089ad44ae88ce9d2f56aac.jpg?ver=1777350952","caption":"PachaMamita EC"},"url":"https:\/\/pachamamitaecu.org\/es_es\/author\/pachamamita-ec\/"}]}},"_links":{"self":[{"href":"https:\/\/pachamamitaecu.org\/es_es\/wp-json\/wp\/v2\/posts\/986","targetHints":{"allow":["GET"]}}],"collection":[{"href":"https:\/\/pachamamitaecu.org\/es_es\/wp-json\/wp\/v2\/posts"}],"about":[{"href":"https:\/\/pachamamitaecu.org\/es_es\/wp-json\/wp\/v2\/types\/post"}],"author":[{"embeddable":true,"href":"https:\/\/pachamamitaecu.org\/es_es\/wp-json\/wp\/v2\/users\/3"}],"replies":[{"embeddable":true,"href":"https:\/\/pachamamitaecu.org\/es_es\/wp-json\/wp\/v2\/comments?post=986"}],"version-history":[{"count":0,"href":"https:\/\/pachamamitaecu.org\/es_es\/wp-json\/wp\/v2\/posts\/986\/revisions"}],"wp:attachment":[{"href":"https:\/\/pachamamitaecu.org\/es_es\/wp-json\/wp\/v2\/media?parent=986"}],"wp:term":[{"taxonomy":"category","embeddable":true,"href":"https:\/\/pachamamitaecu.org\/es_es\/wp-json\/wp\/v2\/categories?post=986"},{"taxonomy":"post_tag","embeddable":true,"href":"https:\/\/pachamamitaecu.org\/es_es\/wp-json\/wp\/v2\/tags?post=986"}],"curies":[{"name":"wp","href":"https:\/\/api.w.org\/{rel}","templated":true}]}}